{"id":378346,"date":"2025-06-25T08:56:46","date_gmt":"2025-06-25T07:56:46","guid":{"rendered":"https:\/\/www.webdo.tn\/fr\/?p=378346"},"modified":"2025-06-25T11:55:42","modified_gmt":"2025-06-25T10:55:42","slug":"tunisie-la-peine-de-wadii-jary-reduite-a-trois-ans-de-prison","status":"publish","type":"post","link":"https:\/\/www.webdo.tn\/fr\/actualite\/sport\/tunisie-la-peine-de-wadii-jary-reduite-a-trois-ans-de-prison\/378346\/","title":{"rendered":"Tunisie\u00a0: La peine de Wadii Jary r\u00e9duite \u00e0 trois ans de prison"},"content":{"rendered":"\n<p>La Chambre criminelle de la Cour d\u2019appel a confirm\u00e9 la culpabilit\u00e9 de Wadii Jary, ancien pr\u00e9sident de la F\u00e9d\u00e9ration tunisienne de football, tout en r\u00e9duisant sa peine de prison de quatre \u00e0 trois ans.<\/p>\n\n\n\n<p>Dans le m\u00eame dossier, la peine de six ans de prison prononc\u00e9e \u00e0 l\u2019encontre d\u2019un second accus\u00e9 &#8211; un cadre technique poursuivi en libert\u00e9 &#8211; a \u00e9t\u00e9 maintenue.<\/p>\n\n\n\n<p>Rappelons que le Tribunal de premi\u00e8re instance de Tunis avait initialement condamn\u00e9 le 20 f\u00e9vrier 2025, Wadii Jary \u00e0 quatre ans de prison ferme, accompagn\u00e9e de l\u2019interdiction d\u2019exercer une fonction publique tandis que le second accus\u00e9 avait \u00e9cop\u00e9 de six ans, sans mandat de d\u00e9p\u00f4t.<\/p>\n\n\n\n<p>Cette d\u00e9cision fait suite \u00e0 un mandat d\u00e9livr\u00e9 \u00e0 son encontre pour des accusations li\u00e9es \u00e0 l\u2019utilisation abusive de sa position de fonctionnaire public, dans le but d\u2019obtenir des avantages indus pour lui-m\u00eame ou pour d\u2019autres personnes.<\/p>\n\n\n\n<p>Les accusations port\u00e9es contre Wadii Jary incluent \u00e9galement des dommages \u00e0 l\u2019administration, en lien avec un contrat de recrutement conclu pour un ancien directeur technique des \u00e9quipes nationales de football.<\/p>\n\n\n\n<p>Cette condamnation fait suite \u00e0 l\u2019enqu\u00eate concernant ledit contrat sign\u00e9 entre la F\u00e9d\u00e9ration tunisienne de football et ce cadre technique, pour sa collaboration avec l\u2019une des \u00e9quipes nationales de football.<\/p>\n","protected":false},"excerpt":{"rendered":"<p>La Chambre criminelle de la Cour d\u2019appel a confirm\u00e9 la culpabilit\u00e9 de Wadii Jary, ancien pr\u00e9sident de la F\u00e9d\u00e9ration tunisienne de football, tout en r\u00e9duisant sa peine de prison de quatre \u00e0 trois ans. Dans le m\u00eame dossier, la peine de six ans de prison prononc\u00e9e \u00e0 l\u2019encontre d\u2019un second accus\u00e9 &#8211; un cadre technique [&hellip;]<\/p>\n","protected":false},"author":3191,"featured_media":378347,"comment_status":"open","ping_status":"open","sticky":false,"template":"","format":"standard","meta":{"footnotes":""},"categories":[2593],"tags":[2619,12031,2608,11501],"class_list":["post-378346","post","type-post","status-publish","format-standard","has-post-thumbnail","hentry","category-sport","tag-justice","tag-peine-reduite","tag-tunisie","tag-wadi-jary"],"yoast_head":"<!-- This site is optimized with the Yoast SEO Premium plugin v27.5 (Yoast SEO v27.5) - https:\/\/yoast.com\/product\/yoast-seo-premium-wordpress\/ -->\n<title>Tunisie\u00a0: La peine de Wadii Jary r\u00e9duite \u00e0 trois ans de prison - webdo<\/title>\n<meta name=\"description\" content=\"Wadii Jary, ancien pr\u00e9sident de la F\u00e9d\u00e9ration tunisienne de football, voit sa peine r\u00e9duite \u00e0 trois ans par la Cour d&#039;appel.\" \/>\n<link rel=\"canonical\" href=\"https:\/\/www.webdo.tn\/fr\/actualite\/sport\/tunisie-la-peine-de-wadii-jary-reduite-a-trois-ans-de-prison\/378346\/\" \/>\n<meta property=\"og:locale\" content=\"fr_FR\" \/>\n<meta property=\"og:type\" content=\"article\" \/>\n<meta property=\"og:title\" content=\"Tunisie\u00a0: La peine de Wadii Jary r\u00e9duite \u00e0 trois ans de prison\" \/>\n<meta property=\"og:description\" content=\"Wadii Jary, ancien pr\u00e9sident de la F\u00e9d\u00e9ration tunisienne de football, voit sa peine r\u00e9duite \u00e0 trois ans par la Cour d&#039;appel.\" \/>\n<meta property=\"og:url\" content=\"https:\/\/www.webdo.tn\/fr\/actualite\/sport\/tunisie-la-peine-de-wadii-jary-reduite-a-trois-ans-de-prison\/378346\/\" \/>\n<meta property=\"og:site_name\" content=\"webdo\" \/>\n<meta property=\"article:publisher\" content=\"https:\/\/www.facebook.com\/webdotn\" \/>\n<meta property=\"article:published_time\" content=\"2025-06-25T07:56:46+00:00\" \/>\n<meta property=\"article:modified_time\" content=\"2025-06-25T10:55:42+00:00\" \/>\n<meta property=\"og:image\" content=\"https:\/\/www.webdo.tn\/fr\/wp-content\/uploads\/2025\/06\/Wadii-El-Jari.jpg\" \/>\n\t<meta property=\"og:image:width\" content=\"900\" \/>\n\t<meta property=\"og:image:height\" content=\"506\" \/>\n\t<meta property=\"og:image:type\" content=\"image\/jpeg\" \/>\n<meta name=\"author\" content=\"Mohamed Hedi Touati\" \/>\n<meta name=\"twitter:card\" content=\"summary_large_image\" \/>\n<meta name=\"twitter:creator\" content=\"@webdo_tn\" \/>\n<meta name=\"twitter:site\" content=\"@webdo_tn\" \/>\n<meta name=\"twitter:label1\" content=\"\u00c9crit par\" \/>\n\t<meta name=\"twitter:data1\" content=\"Mohamed Hedi Touati\" \/>\n\t<meta name=\"twitter:label2\" content=\"Dur\u00e9e de lecture estim\u00e9e\" \/>\n\t<meta name=\"twitter:data2\" content=\"2 minutes\" \/>\n<script type=\"application\/ld+json\" class=\"yoast-schema-graph\">{\"@context\":\"https:\\\/\\\/schema.org\",\"@graph\":[{\"@type\":\"NewsArticle\",\"@id\":\"https:\\\/\\\/www.webdo.tn\\\/fr\\\/actualite\\\/sport\\\/tunisie-la-peine-de-wadii-jary-reduite-a-trois-ans-de-prison\\\/378346\\\/#article\",\"isPartOf\":{\"@id\":\"https:\\\/\\\/www.webdo.tn\\\/fr\\\/actualite\\\/sport\\\/tunisie-la-peine-de-wadii-jary-reduite-a-trois-ans-de-prison\\\/378346\\\/\"},\"author\":{\"name\":\"Mohamed Hedi Touati\",\"@id\":\"https:\\\/\\\/www.webdo.tn\\\/fr\\\/#\\\/schema\\\/person\\\/c652cd8fc2b1b44412b5ffb48c5a911d\"},\"headline\":\"Tunisie\u00a0: La peine de Wadii Jary r\u00e9duite \u00e0 trois ans de prison\",\"datePublished\":\"2025-06-25T07:56:46+00:00\",\"dateModified\":\"2025-06-25T10:55:42+00:00\",\"mainEntityOfPage\":{\"@id\":\"https:\\\/\\\/www.webdo.tn\\\/fr\\\/actualite\\\/sport\\\/tunisie-la-peine-de-wadii-jary-reduite-a-trois-ans-de-prison\\\/378346\\\/\"},\"wordCount\":236,\"commentCount\":0,\"publisher\":{\"@id\":\"https:\\\/\\\/www.webdo.tn\\\/fr\\\/#organization\"},\"image\":{\"@id\":\"https:\\\/\\\/www.webdo.tn\\\/fr\\\/actualite\\\/sport\\\/tunisie-la-peine-de-wadii-jary-reduite-a-trois-ans-de-prison\\\/378346\\\/#primaryimage\"},\"thumbnailUrl\":\"https:\\\/\\\/www.webdo.tn\\\/fr\\\/wp-content\\\/uploads\\\/2025\\\/06\\\/Wadii-El-Jari.jpg\",\"keywords\":[\"justice\",\"peine r\u00e9duite\",\"Tunisie\",\"Wadi\u00a0Jary\"],\"articleSection\":[\"Sport\"],\"inLanguage\":\"fr-FR\"},{\"@type\":\"WebPage\",\"@id\":\"https:\\\/\\\/www.webdo.tn\\\/fr\\\/actualite\\\/sport\\\/tunisie-la-peine-de-wadii-jary-reduite-a-trois-ans-de-prison\\\/378346\\\/\",\"url\":\"https:\\\/\\\/www.webdo.tn\\\/fr\\\/actualite\\\/sport\\\/tunisie-la-peine-de-wadii-jary-reduite-a-trois-ans-de-prison\\\/378346\\\/\",\"name\":\"Tunisie\u00a0: La peine de Wadii Jary r\u00e9duite \u00e0 trois ans de prison - webdo\",\"isPartOf\":{\"@id\":\"https:\\\/\\\/www.webdo.tn\\\/fr\\\/#website\"},\"primaryImageOfPage\":{\"@id\":\"https:\\\/\\\/www.webdo.tn\\\/fr\\\/actualite\\\/sport\\\/tunisie-la-peine-de-wadii-jary-reduite-a-trois-ans-de-prison\\\/378346\\\/#primaryimage\"},\"image\":{\"@id\":\"https:\\\/\\\/www.webdo.tn\\\/fr\\\/actualite\\\/sport\\\/tunisie-la-peine-de-wadii-jary-reduite-a-trois-ans-de-prison\\\/378346\\\/#primaryimage\"},\"thumbnailUrl\":\"https:\\\/\\\/www.webdo.tn\\\/fr\\\/wp-content\\\/uploads\\\/2025\\\/06\\\/Wadii-El-Jari.jpg\",\"datePublished\":\"2025-06-25T07:56:46+00:00\",\"dateModified\":\"2025-06-25T10:55:42+00:00\",\"description\":\"Wadii Jary, ancien pr\u00e9sident de la F\u00e9d\u00e9ration tunisienne de football, voit sa peine r\u00e9duite \u00e0 trois ans par la Cour d'appel.\",\"breadcrumb\":{\"@id\":\"https:\\\/\\\/www.webdo.tn\\\/fr\\\/actualite\\\/sport\\\/tunisie-la-peine-de-wadii-jary-reduite-a-trois-ans-de-prison\\\/378346\\\/#breadcrumb\"},\"inLanguage\":\"fr-FR\",\"potentialAction\":[{\"@type\":\"ReadAction\",\"target\":[\"https:\\\/\\\/www.webdo.tn\\\/fr\\\/actualite\\\/sport\\\/tunisie-la-peine-de-wadii-jary-reduite-a-trois-ans-de-prison\\\/378346\\\/\"]}]},{\"@type\":\"ImageObject\",\"inLanguage\":\"fr-FR\",\"@id\":\"https:\\\/\\\/www.webdo.tn\\\/fr\\\/actualite\\\/sport\\\/tunisie-la-peine-de-wadii-jary-reduite-a-trois-ans-de-prison\\\/378346\\\/#primaryimage\",\"url\":\"https:\\\/\\\/www.webdo.tn\\\/fr\\\/wp-content\\\/uploads\\\/2025\\\/06\\\/Wadii-El-Jari.jpg\",\"contentUrl\":\"https:\\\/\\\/www.webdo.tn\\\/fr\\\/wp-content\\\/uploads\\\/2025\\\/06\\\/Wadii-El-Jari.jpg\",\"width\":900,\"height\":506,\"caption\":\"La peine de Wadii Jary r\u00e9duite \u00e0 trois ans de prison\"},{\"@type\":\"BreadcrumbList\",\"@id\":\"https:\\\/\\\/www.webdo.tn\\\/fr\\\/actualite\\\/sport\\\/tunisie-la-peine-de-wadii-jary-reduite-a-trois-ans-de-prison\\\/378346\\\/#breadcrumb\",\"itemListElement\":[{\"@type\":\"ListItem\",\"position\":1,\"name\":\"Accueil\",\"item\":\"https:\\\/\\\/www.webdo.tn\\\/fr\\\/\"},{\"@type\":\"ListItem\",\"position\":2,\"name\":\"Tunisie\u00a0: La peine de Wadii Jary r\u00e9duite \u00e0 trois ans de prison\"}]},{\"@type\":\"WebSite\",\"@id\":\"https:\\\/\\\/www.webdo.tn\\\/fr\\\/#website\",\"url\":\"https:\\\/\\\/www.webdo.tn\\\/fr\\\/\",\"name\":\"webdo\",\"description\":\"Tunisie - News en Tunisie et \u00e0 l&#039;international sur Webdo.tn\",\"publisher\":{\"@id\":\"https:\\\/\\\/www.webdo.tn\\\/fr\\\/#organization\"},\"potentialAction\":[{\"@type\":\"SearchAction\",\"target\":{\"@type\":\"EntryPoint\",\"urlTemplate\":\"https:\\\/\\\/www.webdo.tn\\\/fr\\\/?s={search_term_string}\"},\"query-input\":{\"@type\":\"PropertyValueSpecification\",\"valueRequired\":true,\"valueName\":\"search_term_string\"}}],\"inLanguage\":\"fr-FR\"},{\"@type\":\"Organization\",\"@id\":\"https:\\\/\\\/www.webdo.tn\\\/fr\\\/#organization\",\"name\":\"Webdo\",\"alternateName\":\"Webdo.tn\",\"url\":\"https:\\\/\\\/www.webdo.tn\\\/fr\\\/\",\"logo\":{\"@type\":\"ImageObject\",\"inLanguage\":\"fr-FR\",\"@id\":\"https:\\\/\\\/www.webdo.tn\\\/fr\\\/#\\\/schema\\\/logo\\\/image\\\/\",\"url\":\"https:\\\/\\\/www.webdo.tn\\\/fr\\\/wp-content\\\/uploads\\\/2025\\\/06\\\/Webdo-Tunisie_168377.jpg\",\"contentUrl\":\"https:\\\/\\\/www.webdo.tn\\\/fr\\\/wp-content\\\/uploads\\\/2025\\\/06\\\/Webdo-Tunisie_168377.jpg\",\"width\":301,\"height\":301,\"caption\":\"Webdo\"},\"image\":{\"@id\":\"https:\\\/\\\/www.webdo.tn\\\/fr\\\/#\\\/schema\\\/logo\\\/image\\\/\"},\"sameAs\":[\"https:\\\/\\\/www.facebook.com\\\/webdotn\",\"https:\\\/\\\/x.com\\\/webdo_tn\"],\"description\":\"Webdo est un m\u00e9dia num\u00e9rique tunisien fond\u00e9 en 2010, sp\u00e9cialis\u00e9 dans l\u2019actualit\u00e9 nationale et internationale, l\u2019\u00e9conomie, la soci\u00e9t\u00e9 et les analyses politiques. Le site s\u2019adresse \u00e0 un large public francophone et couvre l\u2019information tunisienne en temps r\u00e9el.\",\"email\":\"redac@webdo.tn\",\"legalName\":\"YNJ SARL\",\"foundingDate\":\"2010-09-06\",\"numberOfEmployees\":{\"@type\":\"QuantitativeValue\",\"minValue\":\"11\",\"maxValue\":\"50\"}},{\"@type\":\"Person\",\"@id\":\"https:\\\/\\\/www.webdo.tn\\\/fr\\\/#\\\/schema\\\/person\\\/c652cd8fc2b1b44412b5ffb48c5a911d\",\"name\":\"Mohamed Hedi Touati\",\"image\":{\"@type\":\"ImageObject\",\"inLanguage\":\"fr-FR\",\"@id\":\"https:\\\/\\\/secure.gravatar.com\\\/avatar\\\/9cfd402c745b7a685f13eed0ea6e59d2144a3c2fc50a3db6fd5ed451f6cddf1a?s=96&d=mm&r=g\",\"url\":\"https:\\\/\\\/secure.gravatar.com\\\/avatar\\\/9cfd402c745b7a685f13eed0ea6e59d2144a3c2fc50a3db6fd5ed451f6cddf1a?s=96&d=mm&r=g\",\"contentUrl\":\"https:\\\/\\\/secure.gravatar.com\\\/avatar\\\/9cfd402c745b7a685f13eed0ea6e59d2144a3c2fc50a3db6fd5ed451f6cddf1a?s=96&d=mm&r=g\",\"caption\":\"Mohamed Hedi Touati\"},\"url\":\"https:\\\/\\\/www.webdo.tn\\\/fr\\\/actualite\\\/author\\\/mohamed-hedi-touati\\\/\"}]}<\/script>\n<!-- \/ Yoast SEO Premium plugin. -->","yoast_head_json":{"title":"Tunisie\u00a0: La peine de Wadii Jary r\u00e9duite \u00e0 trois ans de prison - webdo","description":"Wadii Jary, ancien pr\u00e9sident de la F\u00e9d\u00e9ration tunisienne de football, voit sa peine r\u00e9duite \u00e0 trois ans par la Cour d'appel.","canonical":"https:\/\/www.webdo.tn\/fr\/actualite\/sport\/tunisie-la-peine-de-wadii-jary-reduite-a-trois-ans-de-prison\/378346\/","og_locale":"fr_FR","og_type":"article","og_title":"Tunisie\u00a0: La peine de Wadii Jary r\u00e9duite \u00e0 trois ans de prison","og_description":"Wadii Jary, ancien pr\u00e9sident de la F\u00e9d\u00e9ration tunisienne de football, voit sa peine r\u00e9duite \u00e0 trois ans par la Cour d'appel.","og_url":"https:\/\/www.webdo.tn\/fr\/actualite\/sport\/tunisie-la-peine-de-wadii-jary-reduite-a-trois-ans-de-prison\/378346\/","og_site_name":"webdo","article_publisher":"https:\/\/www.facebook.com\/webdotn","article_published_time":"2025-06-25T07:56:46+00:00","article_modified_time":"2025-06-25T10:55:42+00:00","og_image":[{"width":900,"height":506,"url":"https:\/\/www.webdo.tn\/fr\/wp-content\/uploads\/2025\/06\/Wadii-El-Jari.jpg","type":"image\/jpeg"}],"author":"Mohamed Hedi Touati","twitter_card":"summary_large_image","twitter_creator":"@webdo_tn","twitter_site":"@webdo_tn","twitter_misc":{"\u00c9crit par":"Mohamed Hedi Touati","Dur\u00e9e de lecture estim\u00e9e":"2 minutes"},"schema":{"@context":"https:\/\/schema.org","@graph":[{"@type":"NewsArticle","@id":"https:\/\/www.webdo.tn\/fr\/actualite\/sport\/tunisie-la-peine-de-wadii-jary-reduite-a-trois-ans-de-prison\/378346\/#article","isPartOf":{"@id":"https:\/\/www.webdo.tn\/fr\/actualite\/sport\/tunisie-la-peine-de-wadii-jary-reduite-a-trois-ans-de-prison\/378346\/"},"author":{"name":"Mohamed Hedi Touati","@id":"https:\/\/www.webdo.tn\/fr\/#\/schema\/person\/c652cd8fc2b1b44412b5ffb48c5a911d"},"headline":"Tunisie\u00a0: La peine de Wadii Jary r\u00e9duite \u00e0 trois ans de prison","datePublished":"2025-06-25T07:56:46+00:00","dateModified":"2025-06-25T10:55:42+00:00","mainEntityOfPage":{"@id":"https:\/\/www.webdo.tn\/fr\/actualite\/sport\/tunisie-la-peine-de-wadii-jary-reduite-a-trois-ans-de-prison\/378346\/"},"wordCount":236,"commentCount":0,"publisher":{"@id":"https:\/\/www.webdo.tn\/fr\/#organization"},"image":{"@id":"https:\/\/www.webdo.tn\/fr\/actualite\/sport\/tunisie-la-peine-de-wadii-jary-reduite-a-trois-ans-de-prison\/378346\/#primaryimage"},"thumbnailUrl":"https:\/\/www.webdo.tn\/fr\/wp-content\/uploads\/2025\/06\/Wadii-El-Jari.jpg","keywords":["justice","peine r\u00e9duite","Tunisie","Wadi\u00a0Jary"],"articleSection":["Sport"],"inLanguage":"fr-FR"},{"@type":"WebPage","@id":"https:\/\/www.webdo.tn\/fr\/actualite\/sport\/tunisie-la-peine-de-wadii-jary-reduite-a-trois-ans-de-prison\/378346\/","url":"https:\/\/www.webdo.tn\/fr\/actualite\/sport\/tunisie-la-peine-de-wadii-jary-reduite-a-trois-ans-de-prison\/378346\/","name":"Tunisie\u00a0: La peine de Wadii Jary r\u00e9duite \u00e0 trois ans de prison - webdo","isPartOf":{"@id":"https:\/\/www.webdo.tn\/fr\/#website"},"primaryImageOfPage":{"@id":"https:\/\/www.webdo.tn\/fr\/actualite\/sport\/tunisie-la-peine-de-wadii-jary-reduite-a-trois-ans-de-prison\/378346\/#primaryimage"},"image":{"@id":"https:\/\/www.webdo.tn\/fr\/actualite\/sport\/tunisie-la-peine-de-wadii-jary-reduite-a-trois-ans-de-prison\/378346\/#primaryimage"},"thumbnailUrl":"https:\/\/www.webdo.tn\/fr\/wp-content\/uploads\/2025\/06\/Wadii-El-Jari.jpg","datePublished":"2025-06-25T07:56:46+00:00","dateModified":"2025-06-25T10:55:42+00:00","description":"Wadii Jary, ancien pr\u00e9sident de la F\u00e9d\u00e9ration tunisienne de football, voit sa peine r\u00e9duite \u00e0 trois ans par la Cour d'appel.","breadcrumb":{"@id":"https:\/\/www.webdo.tn\/fr\/actualite\/sport\/tunisie-la-peine-de-wadii-jary-reduite-a-trois-ans-de-prison\/378346\/#breadcrumb"},"inLanguage":"fr-FR","potentialAction":[{"@type":"ReadAction","target":["https:\/\/www.webdo.tn\/fr\/actualite\/sport\/tunisie-la-peine-de-wadii-jary-reduite-a-trois-ans-de-prison\/378346\/"]}]},{"@type":"ImageObject","inLanguage":"fr-FR","@id":"https:\/\/www.webdo.tn\/fr\/actualite\/sport\/tunisie-la-peine-de-wadii-jary-reduite-a-trois-ans-de-prison\/378346\/#primaryimage","url":"https:\/\/www.webdo.tn\/fr\/wp-content\/uploads\/2025\/06\/Wadii-El-Jari.jpg","contentUrl":"https:\/\/www.webdo.tn\/fr\/wp-content\/uploads\/2025\/06\/Wadii-El-Jari.jpg","width":900,"height":506,"caption":"La peine de Wadii Jary r\u00e9duite \u00e0 trois ans de prison"},{"@type":"BreadcrumbList","@id":"https:\/\/www.webdo.tn\/fr\/actualite\/sport\/tunisie-la-peine-de-wadii-jary-reduite-a-trois-ans-de-prison\/378346\/#breadcrumb","itemListElement":[{"@type":"ListItem","position":1,"name":"Accueil","item":"https:\/\/www.webdo.tn\/fr\/"},{"@type":"ListItem","position":2,"name":"Tunisie\u00a0: La peine de Wadii Jary r\u00e9duite \u00e0 trois ans de prison"}]},{"@type":"WebSite","@id":"https:\/\/www.webdo.tn\/fr\/#website","url":"https:\/\/www.webdo.tn\/fr\/","name":"webdo","description":"Tunisie - News en Tunisie et \u00e0 l&#039;international sur Webdo.tn","publisher":{"@id":"https:\/\/www.webdo.tn\/fr\/#organization"},"potentialAction":[{"@type":"SearchAction","target":{"@type":"EntryPoint","urlTemplate":"https:\/\/www.webdo.tn\/fr\/?s={search_term_string}"},"query-input":{"@type":"PropertyValueSpecification","valueRequired":true,"valueName":"search_term_string"}}],"inLanguage":"fr-FR"},{"@type":"Organization","@id":"https:\/\/www.webdo.tn\/fr\/#organization","name":"Webdo","alternateName":"Webdo.tn","url":"https:\/\/www.webdo.tn\/fr\/","logo":{"@type":"ImageObject","inLanguage":"fr-FR","@id":"https:\/\/www.webdo.tn\/fr\/#\/schema\/logo\/image\/","url":"https:\/\/www.webdo.tn\/fr\/wp-content\/uploads\/2025\/06\/Webdo-Tunisie_168377.jpg","contentUrl":"https:\/\/www.webdo.tn\/fr\/wp-content\/uploads\/2025\/06\/Webdo-Tunisie_168377.jpg","width":301,"height":301,"caption":"Webdo"},"image":{"@id":"https:\/\/www.webdo.tn\/fr\/#\/schema\/logo\/image\/"},"sameAs":["https:\/\/www.facebook.com\/webdotn","https:\/\/x.com\/webdo_tn"],"description":"Webdo est un m\u00e9dia num\u00e9rique tunisien fond\u00e9 en 2010, sp\u00e9cialis\u00e9 dans l\u2019actualit\u00e9 nationale et internationale, l\u2019\u00e9conomie, la soci\u00e9t\u00e9 et les analyses politiques. Le site s\u2019adresse \u00e0 un large public francophone et couvre l\u2019information tunisienne en temps r\u00e9el.","email":"redac@webdo.tn","legalName":"YNJ SARL","foundingDate":"2010-09-06","numberOfEmployees":{"@type":"QuantitativeValue","minValue":"11","maxValue":"50"}},{"@type":"Person","@id":"https:\/\/www.webdo.tn\/fr\/#\/schema\/person\/c652cd8fc2b1b44412b5ffb48c5a911d","name":"Mohamed Hedi Touati","image":{"@type":"ImageObject","inLanguage":"fr-FR","@id":"https:\/\/secure.gravatar.com\/avatar\/9cfd402c745b7a685f13eed0ea6e59d2144a3c2fc50a3db6fd5ed451f6cddf1a?s=96&d=mm&r=g","url":"https:\/\/secure.gravatar.com\/avatar\/9cfd402c745b7a685f13eed0ea6e59d2144a3c2fc50a3db6fd5ed451f6cddf1a?s=96&d=mm&r=g","contentUrl":"https:\/\/secure.gravatar.com\/avatar\/9cfd402c745b7a685f13eed0ea6e59d2144a3c2fc50a3db6fd5ed451f6cddf1a?s=96&d=mm&r=g","caption":"Mohamed Hedi Touati"},"url":"https:\/\/www.webdo.tn\/fr\/actualite\/author\/mohamed-hedi-touati\/"}]}},"_links":{"self":[{"href":"https:\/\/www.webdo.tn\/fr\/wp-json\/wp\/v2\/posts\/378346","targetHints":{"allow":["GET"]}}],"collection":[{"href":"https:\/\/www.webdo.tn\/fr\/wp-json\/wp\/v2\/posts"}],"about":[{"href":"https:\/\/www.webdo.tn\/fr\/wp-json\/wp\/v2\/types\/post"}],"author":[{"embeddable":true,"href":"https:\/\/www.webdo.tn\/fr\/wp-json\/wp\/v2\/users\/3191"}],"replies":[{"embeddable":true,"href":"https:\/\/www.webdo.tn\/fr\/wp-json\/wp\/v2\/comments?post=378346"}],"version-history":[{"count":0,"href":"https:\/\/www.webdo.tn\/fr\/wp-json\/wp\/v2\/posts\/378346\/revisions"}],"wp:featuredmedia":[{"embeddable":true,"href":"https:\/\/www.webdo.tn\/fr\/wp-json\/wp\/v2\/media\/378347"}],"wp:attachment":[{"href":"https:\/\/www.webdo.tn\/fr\/wp-json\/wp\/v2\/media?parent=378346"}],"wp:term":[{"taxonomy":"category","embeddable":true,"href":"https:\/\/www.webdo.tn\/fr\/wp-json\/wp\/v2\/categories?post=378346"},{"taxonomy":"post_tag","embeddable":true,"href":"https:\/\/www.webdo.tn\/fr\/wp-json\/wp\/v2\/tags?post=378346"}],"curies":[{"name":"wp","href":"https:\/\/api.w.org\/{rel}","templated":true}]}}