{"id":378342,"date":"2025-06-25T07:03:37","date_gmt":"2025-06-25T06:03:37","guid":{"rendered":"https:\/\/www.webdo.tn\/fr\/?p=378342"},"modified":"2025-06-25T07:03:46","modified_gmt":"2025-06-25T06:03:46","slug":"iran-israel-la-treve-tient-gaza-seffondre-et-trump-defend-sa-frappe-nucleaire","status":"publish","type":"post","link":"https:\/\/www.webdo.tn\/fr\/actualite\/international\/iran-israel-la-treve-tient-gaza-seffondre-et-trump-defend-sa-frappe-nucleaire\/378342\/","title":{"rendered":"Iran-Isra\u00ebl: la tr\u00eave tient, Gaza s&rsquo;effondre, et Trump d\u00e9fend sa frappe nucl\u00e9aire"},"content":{"rendered":"\n<p>Douze jours apr\u00e8s le d\u00e9clenchement du conflit entre Isra\u00ebl et l\u2019Iran, un cessez-le-feu fragile, annonc\u00e9 par Donald Trump, semble tenir entre les deux puissances rivales. En ce 25 juin 2025, les armes se sont tues au nord, mais la guerre continue de faire rage dans la bande de Gaza, o\u00f9 les frappes isra\u00e9liennes ont tu\u00e9 au moins 21 Palestiniens depuis minuit, selon des sources m\u00e9dicales locales.<\/p>\n\n\n\n<p>La Maison Blanche a vigoureusement d\u00e9menti un rapport du renseignement am\u00e9ricain qui remet en cause l\u2019efficacit\u00e9 des frappes am\u00e9ricaines sur les installations nucl\u00e9aires iraniennes. Contrairement aux \u00e9valuations de plusieurs agences, l\u2019administration Trump assure que les sites ont \u00e9t\u00e9 \u00ab\u202fs\u00e9v\u00e8rement endommag\u00e9s\u202f\u00bb et que le programme nucl\u00e9aire iranien a \u00e9t\u00e9 \u00ab\u202firr\u00e9m\u00e9diablement compromis\u202f\u00bb.<\/p>\n\n\n\n<p>De part et d\u2019autre, Isra\u00ebl et l\u2019Iran revendiquent la victoire. \u00c0 T\u00e9h\u00e9ran, des sc\u00e8nes de liesse ont envahi les rues, symbolisant une r\u00e9silience nationale face \u00e0 l\u2019attaque isra\u00e9lo-am\u00e9ricaine. \u202f\u00c0 Al-Qods, le Premier ministre Benjamin Netanyahu a parl\u00e9 d\u2019un \u00ab\u202fsucc\u00e8s strat\u00e9gique qui marquera l\u2019histoire de l\u2019\u00c9tat h\u00e9breu pour des g\u00e9n\u00e9rations\u202f\u00bb.<\/p>\n\n\n\n<p>Selon les autorit\u00e9s iraniennes, les bombardements isra\u00e9liens depuis le 13 juin ont caus\u00e9 la mort d\u2019au moins <strong>610 personnes<\/strong>, dont <strong>13 enfants<\/strong>, et bless\u00e9 <strong>plus de 3 000<\/strong> civils. En Isra\u00ebl, <strong>28 personnes<\/strong> ont p\u00e9ri sous les frappes iraniennes, principalement dans le nord du pays.<\/p>\n\n\n\n<p>Alors que le monde s&rsquo;interroge sur la durabilit\u00e9 de cette accalmie entre Tel-Aviv et T\u00e9h\u00e9ran, une autre guerre, celle contre les civils \u00e0 Gaza, se poursuit dans un silence international de plus en plus pesant.<\/p>\n","protected":false},"excerpt":{"rendered":"<p>Douze jours apr\u00e8s le d\u00e9clenchement du conflit entre Isra\u00ebl et l\u2019Iran, un cessez-le-feu fragile, annonc\u00e9 par Donald Trump, semble tenir entre les deux puissances rivales. En ce 25 juin 2025, les armes se sont tues au nord, mais la guerre continue de faire rage dans la bande de Gaza, o\u00f9 les frappes isra\u00e9liennes ont tu\u00e9 [&hellip;]<\/p>\n","protected":false},"author":4779,"featured_media":378344,"comment_status":"open","ping_status":"open","sticky":false,"template":"","format":"standard","meta":{"footnotes":""},"categories":[2598],"tags":[2689,2912,11916,7617,3309],"class_list":["post-378342","post","type-post","status-publish","format-standard","has-post-thumbnail","hentry","category-international","tag-gaza","tag-iran","tag-israel-2","tag-nucleaire","tag-trump"],"yoast_head":"<!-- This site is optimized with the Yoast SEO Premium plugin v27.5 (Yoast SEO v27.5) - https:\/\/yoast.com\/product\/yoast-seo-premium-wordpress\/ -->\n<title>Iran-Isra\u00ebl: la tr\u00eave tient, Gaza s&#039;effondre, et Trump d\u00e9fend sa frappe nucl\u00e9aire - webdo<\/title>\n<meta name=\"description\" content=\"D\u00e9couvrez les d\u00e9tails du cessez-le-feu Isra\u00ebl Iran juin 2025 et son impact sur le conflit actuel au Moyen-Orient.\" \/>\n<link rel=\"canonical\" href=\"https:\/\/www.webdo.tn\/fr\/actualite\/international\/iran-israel-la-treve-tient-gaza-seffondre-et-trump-defend-sa-frappe-nucleaire\/378342\/\" \/>\n<meta property=\"og:locale\" content=\"fr_FR\" \/>\n<meta property=\"og:type\" content=\"article\" \/>\n<meta property=\"og:title\" content=\"Iran-Isra\u00ebl: la tr\u00eave tient, Gaza s&#039;effondre, et Trump d\u00e9fend sa frappe nucl\u00e9aire\" \/>\n<meta property=\"og:description\" content=\"D\u00e9couvrez les d\u00e9tails du cessez-le-feu Isra\u00ebl Iran juin 2025 et son impact sur le conflit actuel au Moyen-Orient.\" \/>\n<meta property=\"og:url\" content=\"https:\/\/www.webdo.tn\/fr\/actualite\/international\/iran-israel-la-treve-tient-gaza-seffondre-et-trump-defend-sa-frappe-nucleaire\/378342\/\" \/>\n<meta property=\"og:site_name\" content=\"webdo\" \/>\n<meta property=\"article:publisher\" content=\"https:\/\/www.facebook.com\/webdotn\" \/>\n<meta property=\"article:published_time\" content=\"2025-06-25T06:03:37+00:00\" \/>\n<meta property=\"article:modified_time\" content=\"2025-06-25T06:03:46+00:00\" \/>\n<meta property=\"og:image\" content=\"https:\/\/www.webdo.tn\/fr\/wp-content\/uploads\/2025\/06\/Trump-iran-israel.webp\" \/>\n\t<meta property=\"og:image:width\" content=\"1920\" \/>\n\t<meta property=\"og:image:height\" content=\"1080\" \/>\n\t<meta property=\"og:image:type\" content=\"image\/webp\" \/>\n<meta name=\"author\" content=\"Firas Ben Abdeltif\" \/>\n<meta name=\"twitter:card\" content=\"summary_large_image\" \/>\n<meta name=\"twitter:creator\" content=\"@webdo_tn\" \/>\n<meta name=\"twitter:site\" content=\"@webdo_tn\" \/>\n<meta name=\"twitter:label1\" content=\"\u00c9crit par\" \/>\n\t<meta name=\"twitter:data1\" content=\"Firas Ben Abdeltif\" \/>\n\t<meta name=\"twitter:label2\" content=\"Dur\u00e9e de lecture estim\u00e9e\" \/>\n\t<meta name=\"twitter:data2\" content=\"2 minutes\" \/>\n<script type=\"application\/ld+json\" class=\"yoast-schema-graph\">{\"@context\":\"https:\\\/\\\/schema.org\",\"@graph\":[{\"@type\":\"NewsArticle\",\"@id\":\"https:\\\/\\\/www.webdo.tn\\\/fr\\\/actualite\\\/international\\\/iran-israel-la-treve-tient-gaza-seffondre-et-trump-defend-sa-frappe-nucleaire\\\/378342\\\/#article\",\"isPartOf\":{\"@id\":\"https:\\\/\\\/www.webdo.tn\\\/fr\\\/actualite\\\/international\\\/iran-israel-la-treve-tient-gaza-seffondre-et-trump-defend-sa-frappe-nucleaire\\\/378342\\\/\"},\"author\":{\"name\":\"Firas Ben Abdeltif\",\"@id\":\"https:\\\/\\\/www.webdo.tn\\\/fr\\\/#\\\/schema\\\/person\\\/19664196c9bfdcda126f3c27709f7d11\"},\"headline\":\"Iran-Isra\u00ebl: la tr\u00eave tient, Gaza s&rsquo;effondre, et Trump d\u00e9fend sa frappe nucl\u00e9aire\",\"datePublished\":\"2025-06-25T06:03:37+00:00\",\"dateModified\":\"2025-06-25T06:03:46+00:00\",\"mainEntityOfPage\":{\"@id\":\"https:\\\/\\\/www.webdo.tn\\\/fr\\\/actualite\\\/international\\\/iran-israel-la-treve-tient-gaza-seffondre-et-trump-defend-sa-frappe-nucleaire\\\/378342\\\/\"},\"wordCount\":293,\"commentCount\":0,\"publisher\":{\"@id\":\"https:\\\/\\\/www.webdo.tn\\\/fr\\\/#organization\"},\"image\":{\"@id\":\"https:\\\/\\\/www.webdo.tn\\\/fr\\\/actualite\\\/international\\\/iran-israel-la-treve-tient-gaza-seffondre-et-trump-defend-sa-frappe-nucleaire\\\/378342\\\/#primaryimage\"},\"thumbnailUrl\":\"https:\\\/\\\/www.webdo.tn\\\/fr\\\/wp-content\\\/uploads\\\/2025\\\/06\\\/Trump-iran-israel.webp\",\"keywords\":[\"Gaza\",\"Iran\",\"Israel\",\"Nucl\u00e9aire\",\"trump\"],\"articleSection\":[\"International\"],\"inLanguage\":\"fr-FR\"},{\"@type\":\"WebPage\",\"@id\":\"https:\\\/\\\/www.webdo.tn\\\/fr\\\/actualite\\\/international\\\/iran-israel-la-treve-tient-gaza-seffondre-et-trump-defend-sa-frappe-nucleaire\\\/378342\\\/\",\"url\":\"https:\\\/\\\/www.webdo.tn\\\/fr\\\/actualite\\\/international\\\/iran-israel-la-treve-tient-gaza-seffondre-et-trump-defend-sa-frappe-nucleaire\\\/378342\\\/\",\"name\":\"Iran-Isra\u00ebl: la tr\u00eave tient, Gaza s'effondre, et Trump d\u00e9fend sa frappe nucl\u00e9aire - webdo\",\"isPartOf\":{\"@id\":\"https:\\\/\\\/www.webdo.tn\\\/fr\\\/#website\"},\"primaryImageOfPage\":{\"@id\":\"https:\\\/\\\/www.webdo.tn\\\/fr\\\/actualite\\\/international\\\/iran-israel-la-treve-tient-gaza-seffondre-et-trump-defend-sa-frappe-nucleaire\\\/378342\\\/#primaryimage\"},\"image\":{\"@id\":\"https:\\\/\\\/www.webdo.tn\\\/fr\\\/actualite\\\/international\\\/iran-israel-la-treve-tient-gaza-seffondre-et-trump-defend-sa-frappe-nucleaire\\\/378342\\\/#primaryimage\"},\"thumbnailUrl\":\"https:\\\/\\\/www.webdo.tn\\\/fr\\\/wp-content\\\/uploads\\\/2025\\\/06\\\/Trump-iran-israel.webp\",\"datePublished\":\"2025-06-25T06:03:37+00:00\",\"dateModified\":\"2025-06-25T06:03:46+00:00\",\"description\":\"D\u00e9couvrez les d\u00e9tails du cessez-le-feu Isra\u00ebl Iran juin 2025 et son impact sur le conflit actuel au Moyen-Orient.\",\"breadcrumb\":{\"@id\":\"https:\\\/\\\/www.webdo.tn\\\/fr\\\/actualite\\\/international\\\/iran-israel-la-treve-tient-gaza-seffondre-et-trump-defend-sa-frappe-nucleaire\\\/378342\\\/#breadcrumb\"},\"inLanguage\":\"fr-FR\",\"potentialAction\":[{\"@type\":\"ReadAction\",\"target\":[\"https:\\\/\\\/www.webdo.tn\\\/fr\\\/actualite\\\/international\\\/iran-israel-la-treve-tient-gaza-seffondre-et-trump-defend-sa-frappe-nucleaire\\\/378342\\\/\"]}]},{\"@type\":\"ImageObject\",\"inLanguage\":\"fr-FR\",\"@id\":\"https:\\\/\\\/www.webdo.tn\\\/fr\\\/actualite\\\/international\\\/iran-israel-la-treve-tient-gaza-seffondre-et-trump-defend-sa-frappe-nucleaire\\\/378342\\\/#primaryimage\",\"url\":\"https:\\\/\\\/www.webdo.tn\\\/fr\\\/wp-content\\\/uploads\\\/2025\\\/06\\\/Trump-iran-israel.webp\",\"contentUrl\":\"https:\\\/\\\/www.webdo.tn\\\/fr\\\/wp-content\\\/uploads\\\/2025\\\/06\\\/Trump-iran-israel.webp\",\"width\":1920,\"height\":1080,\"caption\":\"Trump d\u00e9fend l\u2019efficacit\u00e9 des frappes am\u00e9ricaines en Iran\"},{\"@type\":\"BreadcrumbList\",\"@id\":\"https:\\\/\\\/www.webdo.tn\\\/fr\\\/actualite\\\/international\\\/iran-israel-la-treve-tient-gaza-seffondre-et-trump-defend-sa-frappe-nucleaire\\\/378342\\\/#breadcrumb\",\"itemListElement\":[{\"@type\":\"ListItem\",\"position\":1,\"name\":\"Accueil\",\"item\":\"https:\\\/\\\/www.webdo.tn\\\/fr\\\/\"},{\"@type\":\"ListItem\",\"position\":2,\"name\":\"Iran-Isra\u00ebl: la tr\u00eave tient, Gaza s&rsquo;effondre, et Trump d\u00e9fend sa frappe nucl\u00e9aire\"}]},{\"@type\":\"WebSite\",\"@id\":\"https:\\\/\\\/www.webdo.tn\\\/fr\\\/#website\",\"url\":\"https:\\\/\\\/www.webdo.tn\\\/fr\\\/\",\"name\":\"webdo\",\"description\":\"Tunisie - News en Tunisie et \u00e0 l&#039;international sur Webdo.tn\",\"publisher\":{\"@id\":\"https:\\\/\\\/www.webdo.tn\\\/fr\\\/#organization\"},\"potentialAction\":[{\"@type\":\"SearchAction\",\"target\":{\"@type\":\"EntryPoint\",\"urlTemplate\":\"https:\\\/\\\/www.webdo.tn\\\/fr\\\/?s={search_term_string}\"},\"query-input\":{\"@type\":\"PropertyValueSpecification\",\"valueRequired\":true,\"valueName\":\"search_term_string\"}}],\"inLanguage\":\"fr-FR\"},{\"@type\":\"Organization\",\"@id\":\"https:\\\/\\\/www.webdo.tn\\\/fr\\\/#organization\",\"name\":\"Webdo\",\"alternateName\":\"Webdo.tn\",\"url\":\"https:\\\/\\\/www.webdo.tn\\\/fr\\\/\",\"logo\":{\"@type\":\"ImageObject\",\"inLanguage\":\"fr-FR\",\"@id\":\"https:\\\/\\\/www.webdo.tn\\\/fr\\\/#\\\/schema\\\/logo\\\/image\\\/\",\"url\":\"https:\\\/\\\/www.webdo.tn\\\/fr\\\/wp-content\\\/uploads\\\/2025\\\/06\\\/Webdo-Tunisie_168377.jpg\",\"contentUrl\":\"https:\\\/\\\/www.webdo.tn\\\/fr\\\/wp-content\\\/uploads\\\/2025\\\/06\\\/Webdo-Tunisie_168377.jpg\",\"width\":301,\"height\":301,\"caption\":\"Webdo\"},\"image\":{\"@id\":\"https:\\\/\\\/www.webdo.tn\\\/fr\\\/#\\\/schema\\\/logo\\\/image\\\/\"},\"sameAs\":[\"https:\\\/\\\/www.facebook.com\\\/webdotn\",\"https:\\\/\\\/x.com\\\/webdo_tn\"],\"description\":\"Webdo est un m\u00e9dia num\u00e9rique tunisien fond\u00e9 en 2010, sp\u00e9cialis\u00e9 dans l\u2019actualit\u00e9 nationale et internationale, l\u2019\u00e9conomie, la soci\u00e9t\u00e9 et les analyses politiques. Le site s\u2019adresse \u00e0 un large public francophone et couvre l\u2019information tunisienne en temps r\u00e9el.\",\"email\":\"redac@webdo.tn\",\"legalName\":\"YNJ SARL\",\"foundingDate\":\"2010-09-06\",\"numberOfEmployees\":{\"@type\":\"QuantitativeValue\",\"minValue\":\"11\",\"maxValue\":\"50\"}},{\"@type\":\"Person\",\"@id\":\"https:\\\/\\\/www.webdo.tn\\\/fr\\\/#\\\/schema\\\/person\\\/19664196c9bfdcda126f3c27709f7d11\",\"name\":\"Firas Ben Abdeltif\",\"image\":{\"@type\":\"ImageObject\",\"inLanguage\":\"fr-FR\",\"@id\":\"https:\\\/\\\/secure.gravatar.com\\\/avatar\\\/161a347d40df098a084778c52ed133dbd85f14df003867067c5948081241ec55?s=96&d=mm&r=g\",\"url\":\"https:\\\/\\\/secure.gravatar.com\\\/avatar\\\/161a347d40df098a084778c52ed133dbd85f14df003867067c5948081241ec55?s=96&d=mm&r=g\",\"contentUrl\":\"https:\\\/\\\/secure.gravatar.com\\\/avatar\\\/161a347d40df098a084778c52ed133dbd85f14df003867067c5948081241ec55?s=96&d=mm&r=g\",\"caption\":\"Firas Ben Abdeltif\"},\"url\":\"https:\\\/\\\/www.webdo.tn\\\/fr\\\/actualite\\\/author\\\/firas-ben-abdeltif\\\/\"}]}<\/script>\n<!-- \/ Yoast SEO Premium plugin. -->","yoast_head_json":{"title":"Iran-Isra\u00ebl: la tr\u00eave tient, Gaza s'effondre, et Trump d\u00e9fend sa frappe nucl\u00e9aire - webdo","description":"D\u00e9couvrez les d\u00e9tails du cessez-le-feu Isra\u00ebl Iran juin 2025 et son impact sur le conflit actuel au Moyen-Orient.","canonical":"https:\/\/www.webdo.tn\/fr\/actualite\/international\/iran-israel-la-treve-tient-gaza-seffondre-et-trump-defend-sa-frappe-nucleaire\/378342\/","og_locale":"fr_FR","og_type":"article","og_title":"Iran-Isra\u00ebl: la tr\u00eave tient, Gaza s'effondre, et Trump d\u00e9fend sa frappe nucl\u00e9aire","og_description":"D\u00e9couvrez les d\u00e9tails du cessez-le-feu Isra\u00ebl Iran juin 2025 et son impact sur le conflit actuel au Moyen-Orient.","og_url":"https:\/\/www.webdo.tn\/fr\/actualite\/international\/iran-israel-la-treve-tient-gaza-seffondre-et-trump-defend-sa-frappe-nucleaire\/378342\/","og_site_name":"webdo","article_publisher":"https:\/\/www.facebook.com\/webdotn","article_published_time":"2025-06-25T06:03:37+00:00","article_modified_time":"2025-06-25T06:03:46+00:00","og_image":[{"width":1920,"height":1080,"url":"https:\/\/www.webdo.tn\/fr\/wp-content\/uploads\/2025\/06\/Trump-iran-israel.webp","type":"image\/webp"}],"author":"Firas Ben Abdeltif","twitter_card":"summary_large_image","twitter_creator":"@webdo_tn","twitter_site":"@webdo_tn","twitter_misc":{"\u00c9crit par":"Firas Ben Abdeltif","Dur\u00e9e de lecture estim\u00e9e":"2 minutes"},"schema":{"@context":"https:\/\/schema.org","@graph":[{"@type":"NewsArticle","@id":"https:\/\/www.webdo.tn\/fr\/actualite\/international\/iran-israel-la-treve-tient-gaza-seffondre-et-trump-defend-sa-frappe-nucleaire\/378342\/#article","isPartOf":{"@id":"https:\/\/www.webdo.tn\/fr\/actualite\/international\/iran-israel-la-treve-tient-gaza-seffondre-et-trump-defend-sa-frappe-nucleaire\/378342\/"},"author":{"name":"Firas Ben Abdeltif","@id":"https:\/\/www.webdo.tn\/fr\/#\/schema\/person\/19664196c9bfdcda126f3c27709f7d11"},"headline":"Iran-Isra\u00ebl: la tr\u00eave tient, Gaza s&rsquo;effondre, et Trump d\u00e9fend sa frappe nucl\u00e9aire","datePublished":"2025-06-25T06:03:37+00:00","dateModified":"2025-06-25T06:03:46+00:00","mainEntityOfPage":{"@id":"https:\/\/www.webdo.tn\/fr\/actualite\/international\/iran-israel-la-treve-tient-gaza-seffondre-et-trump-defend-sa-frappe-nucleaire\/378342\/"},"wordCount":293,"commentCount":0,"publisher":{"@id":"https:\/\/www.webdo.tn\/fr\/#organization"},"image":{"@id":"https:\/\/www.webdo.tn\/fr\/actualite\/international\/iran-israel-la-treve-tient-gaza-seffondre-et-trump-defend-sa-frappe-nucleaire\/378342\/#primaryimage"},"thumbnailUrl":"https:\/\/www.webdo.tn\/fr\/wp-content\/uploads\/2025\/06\/Trump-iran-israel.webp","keywords":["Gaza","Iran","Israel","Nucl\u00e9aire","trump"],"articleSection":["International"],"inLanguage":"fr-FR"},{"@type":"WebPage","@id":"https:\/\/www.webdo.tn\/fr\/actualite\/international\/iran-israel-la-treve-tient-gaza-seffondre-et-trump-defend-sa-frappe-nucleaire\/378342\/","url":"https:\/\/www.webdo.tn\/fr\/actualite\/international\/iran-israel-la-treve-tient-gaza-seffondre-et-trump-defend-sa-frappe-nucleaire\/378342\/","name":"Iran-Isra\u00ebl: la tr\u00eave tient, Gaza s'effondre, et Trump d\u00e9fend sa frappe nucl\u00e9aire - webdo","isPartOf":{"@id":"https:\/\/www.webdo.tn\/fr\/#website"},"primaryImageOfPage":{"@id":"https:\/\/www.webdo.tn\/fr\/actualite\/international\/iran-israel-la-treve-tient-gaza-seffondre-et-trump-defend-sa-frappe-nucleaire\/378342\/#primaryimage"},"image":{"@id":"https:\/\/www.webdo.tn\/fr\/actualite\/international\/iran-israel-la-treve-tient-gaza-seffondre-et-trump-defend-sa-frappe-nucleaire\/378342\/#primaryimage"},"thumbnailUrl":"https:\/\/www.webdo.tn\/fr\/wp-content\/uploads\/2025\/06\/Trump-iran-israel.webp","datePublished":"2025-06-25T06:03:37+00:00","dateModified":"2025-06-25T06:03:46+00:00","description":"D\u00e9couvrez les d\u00e9tails du cessez-le-feu Isra\u00ebl Iran juin 2025 et son impact sur le conflit actuel au Moyen-Orient.","breadcrumb":{"@id":"https:\/\/www.webdo.tn\/fr\/actualite\/international\/iran-israel-la-treve-tient-gaza-seffondre-et-trump-defend-sa-frappe-nucleaire\/378342\/#breadcrumb"},"inLanguage":"fr-FR","potentialAction":[{"@type":"ReadAction","target":["https:\/\/www.webdo.tn\/fr\/actualite\/international\/iran-israel-la-treve-tient-gaza-seffondre-et-trump-defend-sa-frappe-nucleaire\/378342\/"]}]},{"@type":"ImageObject","inLanguage":"fr-FR","@id":"https:\/\/www.webdo.tn\/fr\/actualite\/international\/iran-israel-la-treve-tient-gaza-seffondre-et-trump-defend-sa-frappe-nucleaire\/378342\/#primaryimage","url":"https:\/\/www.webdo.tn\/fr\/wp-content\/uploads\/2025\/06\/Trump-iran-israel.webp","contentUrl":"https:\/\/www.webdo.tn\/fr\/wp-content\/uploads\/2025\/06\/Trump-iran-israel.webp","width":1920,"height":1080,"caption":"Trump d\u00e9fend l\u2019efficacit\u00e9 des frappes am\u00e9ricaines en Iran"},{"@type":"BreadcrumbList","@id":"https:\/\/www.webdo.tn\/fr\/actualite\/international\/iran-israel-la-treve-tient-gaza-seffondre-et-trump-defend-sa-frappe-nucleaire\/378342\/#breadcrumb","itemListElement":[{"@type":"ListItem","position":1,"name":"Accueil","item":"https:\/\/www.webdo.tn\/fr\/"},{"@type":"ListItem","position":2,"name":"Iran-Isra\u00ebl: la tr\u00eave tient, Gaza s&rsquo;effondre, et Trump d\u00e9fend sa frappe nucl\u00e9aire"}]},{"@type":"WebSite","@id":"https:\/\/www.webdo.tn\/fr\/#website","url":"https:\/\/www.webdo.tn\/fr\/","name":"webdo","description":"Tunisie - News en Tunisie et \u00e0 l&#039;international sur Webdo.tn","publisher":{"@id":"https:\/\/www.webdo.tn\/fr\/#organization"},"potentialAction":[{"@type":"SearchAction","target":{"@type":"EntryPoint","urlTemplate":"https:\/\/www.webdo.tn\/fr\/?s={search_term_string}"},"query-input":{"@type":"PropertyValueSpecification","valueRequired":true,"valueName":"search_term_string"}}],"inLanguage":"fr-FR"},{"@type":"Organization","@id":"https:\/\/www.webdo.tn\/fr\/#organization","name":"Webdo","alternateName":"Webdo.tn","url":"https:\/\/www.webdo.tn\/fr\/","logo":{"@type":"ImageObject","inLanguage":"fr-FR","@id":"https:\/\/www.webdo.tn\/fr\/#\/schema\/logo\/image\/","url":"https:\/\/www.webdo.tn\/fr\/wp-content\/uploads\/2025\/06\/Webdo-Tunisie_168377.jpg","contentUrl":"https:\/\/www.webdo.tn\/fr\/wp-content\/uploads\/2025\/06\/Webdo-Tunisie_168377.jpg","width":301,"height":301,"caption":"Webdo"},"image":{"@id":"https:\/\/www.webdo.tn\/fr\/#\/schema\/logo\/image\/"},"sameAs":["https:\/\/www.facebook.com\/webdotn","https:\/\/x.com\/webdo_tn"],"description":"Webdo est un m\u00e9dia num\u00e9rique tunisien fond\u00e9 en 2010, sp\u00e9cialis\u00e9 dans l\u2019actualit\u00e9 nationale et internationale, l\u2019\u00e9conomie, la soci\u00e9t\u00e9 et les analyses politiques. Le site s\u2019adresse \u00e0 un large public francophone et couvre l\u2019information tunisienne en temps r\u00e9el.","email":"redac@webdo.tn","legalName":"YNJ SARL","foundingDate":"2010-09-06","numberOfEmployees":{"@type":"QuantitativeValue","minValue":"11","maxValue":"50"}},{"@type":"Person","@id":"https:\/\/www.webdo.tn\/fr\/#\/schema\/person\/19664196c9bfdcda126f3c27709f7d11","name":"Firas Ben Abdeltif","image":{"@type":"ImageObject","inLanguage":"fr-FR","@id":"https:\/\/secure.gravatar.com\/avatar\/161a347d40df098a084778c52ed133dbd85f14df003867067c5948081241ec55?s=96&d=mm&r=g","url":"https:\/\/secure.gravatar.com\/avatar\/161a347d40df098a084778c52ed133dbd85f14df003867067c5948081241ec55?s=96&d=mm&r=g","contentUrl":"https:\/\/secure.gravatar.com\/avatar\/161a347d40df098a084778c52ed133dbd85f14df003867067c5948081241ec55?s=96&d=mm&r=g","caption":"Firas Ben Abdeltif"},"url":"https:\/\/www.webdo.tn\/fr\/actualite\/author\/firas-ben-abdeltif\/"}]}},"_links":{"self":[{"href":"https:\/\/www.webdo.tn\/fr\/wp-json\/wp\/v2\/posts\/378342","targetHints":{"allow":["GET"]}}],"collection":[{"href":"https:\/\/www.webdo.tn\/fr\/wp-json\/wp\/v2\/posts"}],"about":[{"href":"https:\/\/www.webdo.tn\/fr\/wp-json\/wp\/v2\/types\/post"}],"author":[{"embeddable":true,"href":"https:\/\/www.webdo.tn\/fr\/wp-json\/wp\/v2\/users\/4779"}],"replies":[{"embeddable":true,"href":"https:\/\/www.webdo.tn\/fr\/wp-json\/wp\/v2\/comments?post=378342"}],"version-history":[{"count":0,"href":"https:\/\/www.webdo.tn\/fr\/wp-json\/wp\/v2\/posts\/378342\/revisions"}],"wp:featuredmedia":[{"embeddable":true,"href":"https:\/\/www.webdo.tn\/fr\/wp-json\/wp\/v2\/media\/378344"}],"wp:attachment":[{"href":"https:\/\/www.webdo.tn\/fr\/wp-json\/wp\/v2\/media?parent=378342"}],"wp:term":[{"taxonomy":"category","embeddable":true,"href":"https:\/\/www.webdo.tn\/fr\/wp-json\/wp\/v2\/categories?post=378342"},{"taxonomy":"post_tag","embeddable":true,"href":"https:\/\/www.webdo.tn\/fr\/wp-json\/wp\/v2\/tags?post=378342"}],"curies":[{"name":"wp","href":"https:\/\/api.w.org\/{rel}","templated":true}]}}