{"id":378326,"date":"2025-06-24T19:54:58","date_gmt":"2025-06-24T18:54:58","guid":{"rendered":"https:\/\/www.webdo.tn\/fr\/?p=378326"},"modified":"2025-06-24T19:54:58","modified_gmt":"2025-06-24T18:54:58","slug":"tunisie-kais-saied-celebre-le-69%e1%b5%89-anniversaire-de-larmee-nationale","status":"publish","type":"post","link":"https:\/\/www.webdo.tn\/fr\/actualite\/national\/tunisie-kais-saied-celebre-le-69%e1%b5%89-anniversaire-de-larmee-nationale\/378326\/","title":{"rendered":"Tunisie\u00a0: Kais Saied c\u00e9l\u00e8bre le 69\u1d49 anniversaire de l\u2019Arm\u00e9e nationale"},"content":{"rendered":"\n<p>\u00c0 l\u2019occasion de la f\u00eate de l\u2019arm\u00e9e, le pr\u00e9sident de la R\u00e9publique a pr\u00e9sid\u00e9, ce mardi 24 juin, une c\u00e9r\u00e9monie de promotion de hauts grad\u00e9s, soulignant le r\u00f4le historique et strat\u00e9gique de l\u2019institution militaire.<\/p>\n\n\n\n<p>Le chef de l\u2019\u00c9tat, Kais Saied, en sa qualit\u00e9 de chef supr\u00eame des forces arm\u00e9es, a pr\u00e9sid\u00e9 ce mardi 24 juin 2025 la c\u00e9r\u00e9monie marquant le 69\u1d49 anniversaire de la cr\u00e9ation de l\u2019arm\u00e9e nationale tunisienne.<\/p>\n\n\n\n<p>\u00c0 cette occasion, deux officiers sup\u00e9rieurs ont \u00e9t\u00e9 promus au grade de g\u00e9n\u00e9ral de division : le g\u00e9n\u00e9ral de brigade Saleh Ben Abdessalam et le g\u00e9n\u00e9ral de brigade Lamjed Hammami.<\/p>\n\n\n\n<p>Cette c\u00e9l\u00e9bration vient rappeler l\u2019attachement de la Tunisie \u00e0 une arm\u00e9e r\u00e9publicaine, fid\u00e8le \u00e0 sa mission de d\u00e9fense du territoire, de la souverainet\u00e9 nationale et de la s\u00e9curit\u00e9 du pays.<\/p>\n\n\n\n<p>Cr\u00e9\u00e9e en juin 1956, l\u2019arm\u00e9e tunisienne a jou\u00e9 un r\u00f4le d\u00e9terminant dans les grandes \u00e9tapes de l\u2019histoire contemporaine du pays, notamment lors de la bataille de l\u2019\u00e9vacuation des troupes coloniales, ainsi que lors des \u00e9v\u00e9nements de Sakiet Sidi Youssef et de Remada.<\/p>\n\n\n\n<p>Institution respect\u00e9e, l\u2019arm\u00e9e nationale demeure un pilier de stabilit\u00e9, incarnant les valeurs de discipline, de sacrifice et de loyaut\u00e9 envers la patrie.<\/p>\n\n\n\n<figure class=\"wp-block-gallery has-nested-images columns-default is-cropped wp-block-gallery-1 is-layout-flex wp-block-gallery-is-layout-flex\"><div class=\"wp-block-image\">\n<figure class=\"aligncenter size-large\"><img decoding=\"async\" width=\"1024\" height=\"487\" data-id=\"378327\" src=\"https:\/\/www.webdo.tn\/fr\/wp-content\/uploads\/2025\/06\/1-1024x487.jpg\" alt=\"\" class=\"wp-image-378327\" srcset=\"https:\/\/www.webdo.tn\/fr\/wp-content\/uploads\/2025\/06\/1-1024x487.jpg 1024w, https:\/\/www.webdo.tn\/fr\/wp-content\/uploads\/2025\/06\/1-300x143.jpg 300w, https:\/\/www.webdo.tn\/fr\/wp-content\/uploads\/2025\/06\/1-768x365.jpg 768w, https:\/\/www.webdo.tn\/fr\/wp-content\/uploads\/2025\/06\/1-750x357.jpg 750w, https:\/\/www.webdo.tn\/fr\/wp-content\/uploads\/2025\/06\/1-1140x542.jpg 1140w, https:\/\/www.webdo.tn\/fr\/wp-content\/uploads\/2025\/06\/1.jpg 1144w\" sizes=\"(max-width: 1024px) 100vw, 1024px\" \/><\/figure>\n<\/div><\/figure>\n","protected":false},"excerpt":{"rendered":"<p>\u00c0 l\u2019occasion de la f\u00eate de l\u2019arm\u00e9e, le pr\u00e9sident de la R\u00e9publique a pr\u00e9sid\u00e9, ce mardi 24 juin, une c\u00e9r\u00e9monie de promotion de hauts grad\u00e9s, soulignant le r\u00f4le historique et strat\u00e9gique de l\u2019institution militaire. Le chef de l\u2019\u00c9tat, Kais Saied, en sa qualit\u00e9 de chef supr\u00eame des forces arm\u00e9es, a pr\u00e9sid\u00e9 ce mardi 24 juin [&hellip;]<\/p>\n","protected":false},"author":3191,"featured_media":378328,"comment_status":"open","ping_status":"open","sticky":false,"template":"","format":"standard","meta":{"footnotes":""},"categories":[44],"tags":[5351,3036,2614,2608],"class_list":["post-378326","post","type-post","status-publish","format-standard","has-post-thumbnail","hentry","category-national","tag-anniversaire","tag-armee-tunisienne","tag-kais-saied","tag-tunisie"],"yoast_head":"<!-- This site is optimized with the Yoast SEO Premium plugin v27.5 (Yoast SEO v27.5) - https:\/\/yoast.com\/product\/yoast-seo-premium-wordpress\/ -->\n<title>Tunisie\u00a0: Kais Saied c\u00e9l\u00e8bre le 69\u1d49 anniversaire de l\u2019Arm\u00e9e nationale - webdo<\/title>\n<link rel=\"canonical\" href=\"https:\/\/www.webdo.tn\/fr\/actualite\/national\/tunisie-kais-saied-celebre-le-69\u1d49-anniversaire-de-larmee-nationale\/378326\/\" \/>\n<meta property=\"og:locale\" content=\"fr_FR\" \/>\n<meta property=\"og:type\" content=\"article\" \/>\n<meta property=\"og:title\" content=\"Tunisie\u00a0: Kais Saied c\u00e9l\u00e8bre le 69\u1d49 anniversaire de l\u2019Arm\u00e9e nationale\" \/>\n<meta property=\"og:description\" content=\"\u00c0 l\u2019occasion de la f\u00eate de l\u2019arm\u00e9e, le pr\u00e9sident de la R\u00e9publique a pr\u00e9sid\u00e9, ce mardi 24 juin, une c\u00e9r\u00e9monie de promotion de hauts grad\u00e9s, soulignant le r\u00f4le historique et strat\u00e9gique de l\u2019institution militaire. Le chef de l\u2019\u00c9tat, Kais Saied, en sa qualit\u00e9 de chef supr\u00eame des forces arm\u00e9es, a pr\u00e9sid\u00e9 ce mardi 24 juin [&hellip;]\" \/>\n<meta property=\"og:url\" content=\"https:\/\/www.webdo.tn\/fr\/actualite\/national\/tunisie-kais-saied-celebre-le-69\u1d49-anniversaire-de-larmee-nationale\/378326\/\" \/>\n<meta property=\"og:site_name\" content=\"webdo\" \/>\n<meta property=\"article:publisher\" content=\"https:\/\/www.facebook.com\/webdotn\" \/>\n<meta property=\"article:published_time\" content=\"2025-06-24T18:54:58+00:00\" \/>\n<meta property=\"og:image\" content=\"https:\/\/www.webdo.tn\/fr\/wp-content\/uploads\/2025\/06\/511148391_1135145065310759_4479892444823681460_n.jpg\" \/>\n\t<meta property=\"og:image:width\" content=\"2048\" \/>\n\t<meta property=\"og:image:height\" content=\"1156\" \/>\n\t<meta property=\"og:image:type\" content=\"image\/jpeg\" \/>\n<meta name=\"author\" content=\"Mohamed Hedi Touati\" \/>\n<meta name=\"twitter:card\" content=\"summary_large_image\" \/>\n<meta name=\"twitter:creator\" content=\"@webdo_tn\" \/>\n<meta name=\"twitter:site\" content=\"@webdo_tn\" \/>\n<meta name=\"twitter:label1\" content=\"\u00c9crit par\" \/>\n\t<meta name=\"twitter:data1\" content=\"Mohamed Hedi Touati\" \/>\n\t<meta name=\"twitter:label2\" content=\"Dur\u00e9e de lecture estim\u00e9e\" \/>\n\t<meta name=\"twitter:data2\" content=\"2 minutes\" \/>\n<script type=\"application\/ld+json\" class=\"yoast-schema-graph\">{\"@context\":\"https:\\\/\\\/schema.org\",\"@graph\":[{\"@type\":\"NewsArticle\",\"@id\":\"https:\\\/\\\/www.webdo.tn\\\/fr\\\/actualite\\\/national\\\/tunisie-kais-saied-celebre-le-69%e1%b5%89-anniversaire-de-larmee-nationale\\\/378326\\\/#article\",\"isPartOf\":{\"@id\":\"https:\\\/\\\/www.webdo.tn\\\/fr\\\/actualite\\\/national\\\/tunisie-kais-saied-celebre-le-69%e1%b5%89-anniversaire-de-larmee-nationale\\\/378326\\\/\"},\"author\":{\"name\":\"Mohamed Hedi Touati\",\"@id\":\"https:\\\/\\\/www.webdo.tn\\\/fr\\\/#\\\/schema\\\/person\\\/c652cd8fc2b1b44412b5ffb48c5a911d\"},\"headline\":\"Tunisie\u00a0: Kais Saied c\u00e9l\u00e8bre le 69\u1d49 anniversaire de l\u2019Arm\u00e9e nationale\",\"datePublished\":\"2025-06-24T18:54:58+00:00\",\"mainEntityOfPage\":{\"@id\":\"https:\\\/\\\/www.webdo.tn\\\/fr\\\/actualite\\\/national\\\/tunisie-kais-saied-celebre-le-69%e1%b5%89-anniversaire-de-larmee-nationale\\\/378326\\\/\"},\"wordCount\":244,\"commentCount\":0,\"publisher\":{\"@id\":\"https:\\\/\\\/www.webdo.tn\\\/fr\\\/#organization\"},\"image\":{\"@id\":\"https:\\\/\\\/www.webdo.tn\\\/fr\\\/actualite\\\/national\\\/tunisie-kais-saied-celebre-le-69%e1%b5%89-anniversaire-de-larmee-nationale\\\/378326\\\/#primaryimage\"},\"thumbnailUrl\":\"https:\\\/\\\/www.webdo.tn\\\/fr\\\/wp-content\\\/uploads\\\/2025\\\/06\\\/511148391_1135145065310759_4479892444823681460_n.jpg\",\"keywords\":[\"anniversaire\",\"Arm\u00e9e tunisienne\",\"Kais Saied\",\"Tunisie\"],\"articleSection\":[\"National\"],\"inLanguage\":\"fr-FR\"},{\"@type\":\"WebPage\",\"@id\":\"https:\\\/\\\/www.webdo.tn\\\/fr\\\/actualite\\\/national\\\/tunisie-kais-saied-celebre-le-69%e1%b5%89-anniversaire-de-larmee-nationale\\\/378326\\\/\",\"url\":\"https:\\\/\\\/www.webdo.tn\\\/fr\\\/actualite\\\/national\\\/tunisie-kais-saied-celebre-le-69%e1%b5%89-anniversaire-de-larmee-nationale\\\/378326\\\/\",\"name\":\"Tunisie\u00a0: Kais Saied c\u00e9l\u00e8bre le 69\u1d49 anniversaire de l\u2019Arm\u00e9e nationale - webdo\",\"isPartOf\":{\"@id\":\"https:\\\/\\\/www.webdo.tn\\\/fr\\\/#website\"},\"primaryImageOfPage\":{\"@id\":\"https:\\\/\\\/www.webdo.tn\\\/fr\\\/actualite\\\/national\\\/tunisie-kais-saied-celebre-le-69%e1%b5%89-anniversaire-de-larmee-nationale\\\/378326\\\/#primaryimage\"},\"image\":{\"@id\":\"https:\\\/\\\/www.webdo.tn\\\/fr\\\/actualite\\\/national\\\/tunisie-kais-saied-celebre-le-69%e1%b5%89-anniversaire-de-larmee-nationale\\\/378326\\\/#primaryimage\"},\"thumbnailUrl\":\"https:\\\/\\\/www.webdo.tn\\\/fr\\\/wp-content\\\/uploads\\\/2025\\\/06\\\/511148391_1135145065310759_4479892444823681460_n.jpg\",\"datePublished\":\"2025-06-24T18:54:58+00:00\",\"breadcrumb\":{\"@id\":\"https:\\\/\\\/www.webdo.tn\\\/fr\\\/actualite\\\/national\\\/tunisie-kais-saied-celebre-le-69%e1%b5%89-anniversaire-de-larmee-nationale\\\/378326\\\/#breadcrumb\"},\"inLanguage\":\"fr-FR\",\"potentialAction\":[{\"@type\":\"ReadAction\",\"target\":[\"https:\\\/\\\/www.webdo.tn\\\/fr\\\/actualite\\\/national\\\/tunisie-kais-saied-celebre-le-69%e1%b5%89-anniversaire-de-larmee-nationale\\\/378326\\\/\"]}]},{\"@type\":\"ImageObject\",\"inLanguage\":\"fr-FR\",\"@id\":\"https:\\\/\\\/www.webdo.tn\\\/fr\\\/actualite\\\/national\\\/tunisie-kais-saied-celebre-le-69%e1%b5%89-anniversaire-de-larmee-nationale\\\/378326\\\/#primaryimage\",\"url\":\"https:\\\/\\\/www.webdo.tn\\\/fr\\\/wp-content\\\/uploads\\\/2025\\\/06\\\/511148391_1135145065310759_4479892444823681460_n.jpg\",\"contentUrl\":\"https:\\\/\\\/www.webdo.tn\\\/fr\\\/wp-content\\\/uploads\\\/2025\\\/06\\\/511148391_1135145065310759_4479892444823681460_n.jpg\",\"width\":2048,\"height\":1156,\"caption\":\"Kais Saied c\u00e9l\u00e8bre le 69\u1d49 anniversaire de l\u2019Arm\u00e9e nationale\"},{\"@type\":\"BreadcrumbList\",\"@id\":\"https:\\\/\\\/www.webdo.tn\\\/fr\\\/actualite\\\/national\\\/tunisie-kais-saied-celebre-le-69%e1%b5%89-anniversaire-de-larmee-nationale\\\/378326\\\/#breadcrumb\",\"itemListElement\":[{\"@type\":\"ListItem\",\"position\":1,\"name\":\"Accueil\",\"item\":\"https:\\\/\\\/www.webdo.tn\\\/fr\\\/\"},{\"@type\":\"ListItem\",\"position\":2,\"name\":\"Tunisie\u00a0: Kais Saied c\u00e9l\u00e8bre le 69\u1d49 anniversaire de l\u2019Arm\u00e9e nationale\"}]},{\"@type\":\"WebSite\",\"@id\":\"https:\\\/\\\/www.webdo.tn\\\/fr\\\/#website\",\"url\":\"https:\\\/\\\/www.webdo.tn\\\/fr\\\/\",\"name\":\"webdo\",\"description\":\"Tunisie - News en Tunisie et \u00e0 l&#039;international sur Webdo.tn\",\"publisher\":{\"@id\":\"https:\\\/\\\/www.webdo.tn\\\/fr\\\/#organization\"},\"potentialAction\":[{\"@type\":\"SearchAction\",\"target\":{\"@type\":\"EntryPoint\",\"urlTemplate\":\"https:\\\/\\\/www.webdo.tn\\\/fr\\\/?s={search_term_string}\"},\"query-input\":{\"@type\":\"PropertyValueSpecification\",\"valueRequired\":true,\"valueName\":\"search_term_string\"}}],\"inLanguage\":\"fr-FR\"},{\"@type\":\"Organization\",\"@id\":\"https:\\\/\\\/www.webdo.tn\\\/fr\\\/#organization\",\"name\":\"Webdo\",\"alternateName\":\"Webdo.tn\",\"url\":\"https:\\\/\\\/www.webdo.tn\\\/fr\\\/\",\"logo\":{\"@type\":\"ImageObject\",\"inLanguage\":\"fr-FR\",\"@id\":\"https:\\\/\\\/www.webdo.tn\\\/fr\\\/#\\\/schema\\\/logo\\\/image\\\/\",\"url\":\"https:\\\/\\\/www.webdo.tn\\\/fr\\\/wp-content\\\/uploads\\\/2025\\\/06\\\/Webdo-Tunisie_168377.jpg\",\"contentUrl\":\"https:\\\/\\\/www.webdo.tn\\\/fr\\\/wp-content\\\/uploads\\\/2025\\\/06\\\/Webdo-Tunisie_168377.jpg\",\"width\":301,\"height\":301,\"caption\":\"Webdo\"},\"image\":{\"@id\":\"https:\\\/\\\/www.webdo.tn\\\/fr\\\/#\\\/schema\\\/logo\\\/image\\\/\"},\"sameAs\":[\"https:\\\/\\\/www.facebook.com\\\/webdotn\",\"https:\\\/\\\/x.com\\\/webdo_tn\"],\"description\":\"Webdo est un m\u00e9dia num\u00e9rique tunisien fond\u00e9 en 2010, sp\u00e9cialis\u00e9 dans l\u2019actualit\u00e9 nationale et internationale, l\u2019\u00e9conomie, la soci\u00e9t\u00e9 et les analyses politiques. Le site s\u2019adresse \u00e0 un large public francophone et couvre l\u2019information tunisienne en temps r\u00e9el.\",\"email\":\"redac@webdo.tn\",\"legalName\":\"YNJ SARL\",\"foundingDate\":\"2010-09-06\",\"numberOfEmployees\":{\"@type\":\"QuantitativeValue\",\"minValue\":\"11\",\"maxValue\":\"50\"}},{\"@type\":\"Person\",\"@id\":\"https:\\\/\\\/www.webdo.tn\\\/fr\\\/#\\\/schema\\\/person\\\/c652cd8fc2b1b44412b5ffb48c5a911d\",\"name\":\"Mohamed Hedi Touati\",\"image\":{\"@type\":\"ImageObject\",\"inLanguage\":\"fr-FR\",\"@id\":\"https:\\\/\\\/secure.gravatar.com\\\/avatar\\\/9cfd402c745b7a685f13eed0ea6e59d2144a3c2fc50a3db6fd5ed451f6cddf1a?s=96&d=mm&r=g\",\"url\":\"https:\\\/\\\/secure.gravatar.com\\\/avatar\\\/9cfd402c745b7a685f13eed0ea6e59d2144a3c2fc50a3db6fd5ed451f6cddf1a?s=96&d=mm&r=g\",\"contentUrl\":\"https:\\\/\\\/secure.gravatar.com\\\/avatar\\\/9cfd402c745b7a685f13eed0ea6e59d2144a3c2fc50a3db6fd5ed451f6cddf1a?s=96&d=mm&r=g\",\"caption\":\"Mohamed Hedi Touati\"},\"url\":\"https:\\\/\\\/www.webdo.tn\\\/fr\\\/actualite\\\/author\\\/mohamed-hedi-touati\\\/\"}]}<\/script>\n<!-- \/ Yoast SEO Premium plugin. -->","yoast_head_json":{"title":"Tunisie\u00a0: Kais Saied c\u00e9l\u00e8bre le 69\u1d49 anniversaire de l\u2019Arm\u00e9e nationale - webdo","canonical":"https:\/\/www.webdo.tn\/fr\/actualite\/national\/tunisie-kais-saied-celebre-le-69\u1d49-anniversaire-de-larmee-nationale\/378326\/","og_locale":"fr_FR","og_type":"article","og_title":"Tunisie\u00a0: Kais Saied c\u00e9l\u00e8bre le 69\u1d49 anniversaire de l\u2019Arm\u00e9e nationale","og_description":"\u00c0 l\u2019occasion de la f\u00eate de l\u2019arm\u00e9e, le pr\u00e9sident de la R\u00e9publique a pr\u00e9sid\u00e9, ce mardi 24 juin, une c\u00e9r\u00e9monie de promotion de hauts grad\u00e9s, soulignant le r\u00f4le historique et strat\u00e9gique de l\u2019institution militaire. Le chef de l\u2019\u00c9tat, Kais Saied, en sa qualit\u00e9 de chef supr\u00eame des forces arm\u00e9es, a pr\u00e9sid\u00e9 ce mardi 24 juin [&hellip;]","og_url":"https:\/\/www.webdo.tn\/fr\/actualite\/national\/tunisie-kais-saied-celebre-le-69\u1d49-anniversaire-de-larmee-nationale\/378326\/","og_site_name":"webdo","article_publisher":"https:\/\/www.facebook.com\/webdotn","article_published_time":"2025-06-24T18:54:58+00:00","og_image":[{"width":2048,"height":1156,"url":"https:\/\/www.webdo.tn\/fr\/wp-content\/uploads\/2025\/06\/511148391_1135145065310759_4479892444823681460_n.jpg","type":"image\/jpeg"}],"author":"Mohamed Hedi Touati","twitter_card":"summary_large_image","twitter_creator":"@webdo_tn","twitter_site":"@webdo_tn","twitter_misc":{"\u00c9crit par":"Mohamed Hedi Touati","Dur\u00e9e de lecture estim\u00e9e":"2 minutes"},"schema":{"@context":"https:\/\/schema.org","@graph":[{"@type":"NewsArticle","@id":"https:\/\/www.webdo.tn\/fr\/actualite\/national\/tunisie-kais-saied-celebre-le-69%e1%b5%89-anniversaire-de-larmee-nationale\/378326\/#article","isPartOf":{"@id":"https:\/\/www.webdo.tn\/fr\/actualite\/national\/tunisie-kais-saied-celebre-le-69%e1%b5%89-anniversaire-de-larmee-nationale\/378326\/"},"author":{"name":"Mohamed Hedi Touati","@id":"https:\/\/www.webdo.tn\/fr\/#\/schema\/person\/c652cd8fc2b1b44412b5ffb48c5a911d"},"headline":"Tunisie\u00a0: Kais Saied c\u00e9l\u00e8bre le 69\u1d49 anniversaire de l\u2019Arm\u00e9e nationale","datePublished":"2025-06-24T18:54:58+00:00","mainEntityOfPage":{"@id":"https:\/\/www.webdo.tn\/fr\/actualite\/national\/tunisie-kais-saied-celebre-le-69%e1%b5%89-anniversaire-de-larmee-nationale\/378326\/"},"wordCount":244,"commentCount":0,"publisher":{"@id":"https:\/\/www.webdo.tn\/fr\/#organization"},"image":{"@id":"https:\/\/www.webdo.tn\/fr\/actualite\/national\/tunisie-kais-saied-celebre-le-69%e1%b5%89-anniversaire-de-larmee-nationale\/378326\/#primaryimage"},"thumbnailUrl":"https:\/\/www.webdo.tn\/fr\/wp-content\/uploads\/2025\/06\/511148391_1135145065310759_4479892444823681460_n.jpg","keywords":["anniversaire","Arm\u00e9e tunisienne","Kais Saied","Tunisie"],"articleSection":["National"],"inLanguage":"fr-FR"},{"@type":"WebPage","@id":"https:\/\/www.webdo.tn\/fr\/actualite\/national\/tunisie-kais-saied-celebre-le-69%e1%b5%89-anniversaire-de-larmee-nationale\/378326\/","url":"https:\/\/www.webdo.tn\/fr\/actualite\/national\/tunisie-kais-saied-celebre-le-69%e1%b5%89-anniversaire-de-larmee-nationale\/378326\/","name":"Tunisie\u00a0: Kais Saied c\u00e9l\u00e8bre le 69\u1d49 anniversaire de l\u2019Arm\u00e9e nationale - webdo","isPartOf":{"@id":"https:\/\/www.webdo.tn\/fr\/#website"},"primaryImageOfPage":{"@id":"https:\/\/www.webdo.tn\/fr\/actualite\/national\/tunisie-kais-saied-celebre-le-69%e1%b5%89-anniversaire-de-larmee-nationale\/378326\/#primaryimage"},"image":{"@id":"https:\/\/www.webdo.tn\/fr\/actualite\/national\/tunisie-kais-saied-celebre-le-69%e1%b5%89-anniversaire-de-larmee-nationale\/378326\/#primaryimage"},"thumbnailUrl":"https:\/\/www.webdo.tn\/fr\/wp-content\/uploads\/2025\/06\/511148391_1135145065310759_4479892444823681460_n.jpg","datePublished":"2025-06-24T18:54:58+00:00","breadcrumb":{"@id":"https:\/\/www.webdo.tn\/fr\/actualite\/national\/tunisie-kais-saied-celebre-le-69%e1%b5%89-anniversaire-de-larmee-nationale\/378326\/#breadcrumb"},"inLanguage":"fr-FR","potentialAction":[{"@type":"ReadAction","target":["https:\/\/www.webdo.tn\/fr\/actualite\/national\/tunisie-kais-saied-celebre-le-69%e1%b5%89-anniversaire-de-larmee-nationale\/378326\/"]}]},{"@type":"ImageObject","inLanguage":"fr-FR","@id":"https:\/\/www.webdo.tn\/fr\/actualite\/national\/tunisie-kais-saied-celebre-le-69%e1%b5%89-anniversaire-de-larmee-nationale\/378326\/#primaryimage","url":"https:\/\/www.webdo.tn\/fr\/wp-content\/uploads\/2025\/06\/511148391_1135145065310759_4479892444823681460_n.jpg","contentUrl":"https:\/\/www.webdo.tn\/fr\/wp-content\/uploads\/2025\/06\/511148391_1135145065310759_4479892444823681460_n.jpg","width":2048,"height":1156,"caption":"Kais Saied c\u00e9l\u00e8bre le 69\u1d49 anniversaire de l\u2019Arm\u00e9e nationale"},{"@type":"BreadcrumbList","@id":"https:\/\/www.webdo.tn\/fr\/actualite\/national\/tunisie-kais-saied-celebre-le-69%e1%b5%89-anniversaire-de-larmee-nationale\/378326\/#breadcrumb","itemListElement":[{"@type":"ListItem","position":1,"name":"Accueil","item":"https:\/\/www.webdo.tn\/fr\/"},{"@type":"ListItem","position":2,"name":"Tunisie\u00a0: Kais Saied c\u00e9l\u00e8bre le 69\u1d49 anniversaire de l\u2019Arm\u00e9e nationale"}]},{"@type":"WebSite","@id":"https:\/\/www.webdo.tn\/fr\/#website","url":"https:\/\/www.webdo.tn\/fr\/","name":"webdo","description":"Tunisie - News en Tunisie et \u00e0 l&#039;international sur Webdo.tn","publisher":{"@id":"https:\/\/www.webdo.tn\/fr\/#organization"},"potentialAction":[{"@type":"SearchAction","target":{"@type":"EntryPoint","urlTemplate":"https:\/\/www.webdo.tn\/fr\/?s={search_term_string}"},"query-input":{"@type":"PropertyValueSpecification","valueRequired":true,"valueName":"search_term_string"}}],"inLanguage":"fr-FR"},{"@type":"Organization","@id":"https:\/\/www.webdo.tn\/fr\/#organization","name":"Webdo","alternateName":"Webdo.tn","url":"https:\/\/www.webdo.tn\/fr\/","logo":{"@type":"ImageObject","inLanguage":"fr-FR","@id":"https:\/\/www.webdo.tn\/fr\/#\/schema\/logo\/image\/","url":"https:\/\/www.webdo.tn\/fr\/wp-content\/uploads\/2025\/06\/Webdo-Tunisie_168377.jpg","contentUrl":"https:\/\/www.webdo.tn\/fr\/wp-content\/uploads\/2025\/06\/Webdo-Tunisie_168377.jpg","width":301,"height":301,"caption":"Webdo"},"image":{"@id":"https:\/\/www.webdo.tn\/fr\/#\/schema\/logo\/image\/"},"sameAs":["https:\/\/www.facebook.com\/webdotn","https:\/\/x.com\/webdo_tn"],"description":"Webdo est un m\u00e9dia num\u00e9rique tunisien fond\u00e9 en 2010, sp\u00e9cialis\u00e9 dans l\u2019actualit\u00e9 nationale et internationale, l\u2019\u00e9conomie, la soci\u00e9t\u00e9 et les analyses politiques. Le site s\u2019adresse \u00e0 un large public francophone et couvre l\u2019information tunisienne en temps r\u00e9el.","email":"redac@webdo.tn","legalName":"YNJ SARL","foundingDate":"2010-09-06","numberOfEmployees":{"@type":"QuantitativeValue","minValue":"11","maxValue":"50"}},{"@type":"Person","@id":"https:\/\/www.webdo.tn\/fr\/#\/schema\/person\/c652cd8fc2b1b44412b5ffb48c5a911d","name":"Mohamed Hedi Touati","image":{"@type":"ImageObject","inLanguage":"fr-FR","@id":"https:\/\/secure.gravatar.com\/avatar\/9cfd402c745b7a685f13eed0ea6e59d2144a3c2fc50a3db6fd5ed451f6cddf1a?s=96&d=mm&r=g","url":"https:\/\/secure.gravatar.com\/avatar\/9cfd402c745b7a685f13eed0ea6e59d2144a3c2fc50a3db6fd5ed451f6cddf1a?s=96&d=mm&r=g","contentUrl":"https:\/\/secure.gravatar.com\/avatar\/9cfd402c745b7a685f13eed0ea6e59d2144a3c2fc50a3db6fd5ed451f6cddf1a?s=96&d=mm&r=g","caption":"Mohamed Hedi Touati"},"url":"https:\/\/www.webdo.tn\/fr\/actualite\/author\/mohamed-hedi-touati\/"}]}},"_links":{"self":[{"href":"https:\/\/www.webdo.tn\/fr\/wp-json\/wp\/v2\/posts\/378326","targetHints":{"allow":["GET"]}}],"collection":[{"href":"https:\/\/www.webdo.tn\/fr\/wp-json\/wp\/v2\/posts"}],"about":[{"href":"https:\/\/www.webdo.tn\/fr\/wp-json\/wp\/v2\/types\/post"}],"author":[{"embeddable":true,"href":"https:\/\/www.webdo.tn\/fr\/wp-json\/wp\/v2\/users\/3191"}],"replies":[{"embeddable":true,"href":"https:\/\/www.webdo.tn\/fr\/wp-json\/wp\/v2\/comments?post=378326"}],"version-history":[{"count":0,"href":"https:\/\/www.webdo.tn\/fr\/wp-json\/wp\/v2\/posts\/378326\/revisions"}],"wp:featuredmedia":[{"embeddable":true,"href":"https:\/\/www.webdo.tn\/fr\/wp-json\/wp\/v2\/media\/378328"}],"wp:attachment":[{"href":"https:\/\/www.webdo.tn\/fr\/wp-json\/wp\/v2\/media?parent=378326"}],"wp:term":[{"taxonomy":"category","embeddable":true,"href":"https:\/\/www.webdo.tn\/fr\/wp-json\/wp\/v2\/categories?post=378326"},{"taxonomy":"post_tag","embeddable":true,"href":"https:\/\/www.webdo.tn\/fr\/wp-json\/wp\/v2\/tags?post=378326"}],"curies":[{"name":"wp","href":"https:\/\/api.w.org\/{rel}","templated":true}]}}