{"id":378320,"date":"2025-06-24T19:03:04","date_gmt":"2025-06-24T18:03:04","guid":{"rendered":"https:\/\/www.webdo.tn\/fr\/?p=378320"},"modified":"2025-06-25T10:20:08","modified_gmt":"2025-06-25T09:20:08","slug":"aeronautique-partenariat-renforce-entre-la-tunisie-et-la-france","status":"publish","type":"post","link":"https:\/\/www.webdo.tn\/fr\/actualite\/national\/aeronautique-partenariat-renforce-entre-la-tunisie-et-la-france\/378320\/","title":{"rendered":"A\u00e9ronautique : Partenariat renforc\u00e9 entre la Tunisie et la France"},"content":{"rendered":"\n<p>Un accord strat\u00e9gique a \u00e9t\u00e9 sign\u00e9 entre les groupements tunisiens et fran\u00e7ais de l\u2019industrie a\u00e9ronautique, en marge du Salon du Bourget, afin de renforcer la coop\u00e9ration bilat\u00e9rale dans ce secteur cl\u00e9.<\/p>\n\n\n\n<p>La Tunisie et la France ont franchi un nouveau cap dans leur coop\u00e9ration industrielle. Le Groupement des Industries Tunisiennes A\u00e9ronautiques et Spatiales (GITAS) et son homologue fran\u00e7ais, le Groupement des Industries Fran\u00e7aises A\u00e9ronautiques et Spatiales (GIFAS), ont sign\u00e9 un m\u00e9morandum d\u2019entente strat\u00e9gique visant \u00e0 acc\u00e9l\u00e9rer le d\u00e9veloppement de la cha\u00eene logistique a\u00e9ronautique entre les deux pays, rapporte l\u2019agence TAP.<\/p>\n\n\n\n<p>L\u2019annonce a \u00e9t\u00e9 faite mardi par la Chambre de Commerce et d\u2019Industrie tuniso-fran\u00e7aise (CCITF). La signature de cet accord a eu lieu \u00e0 Paris, dans le cadre du Salon International de l\u2019A\u00e9ronautique et de l\u2019Espace \u00ab Le Bourget \u00bb, organis\u00e9 du 16 au 22 juin 2025.<\/p>\n\n\n\n<p>Ce partenariat s\u2019articule autour de plusieurs axes structurants. Il pr\u00e9voit notamment le d\u00e9ploiement du programme \u00ab AeroExcellence \u00bb, destin\u00e9 \u00e0 renforcer les comp\u00e9tences et les performances industrielles, ainsi que la mise en \u0153uvre du programme \u00ab Air Cyber \u00bb pour am\u00e9liorer la cybers\u00e9curit\u00e9 au sein des cha\u00eenes de valeur du secteur.<\/p>\n\n\n\n<p>Un volet important de l\u2019accord concerne aussi le d\u00e9veloppement de la formation professionnelle et universitaire, en r\u00e9ponse \u00e0 la demande croissante en main-d\u2019\u0153uvre qualifi\u00e9e.<\/p>\n\n\n\n<p>Selon la CCITF, cet accord s\u2019inscrit dans une dynamique industrielle marqu\u00e9e par une forte pr\u00e9sence fran\u00e7aise en Tunisie. La France est en effet le premier investisseur a\u00e9ronautique dans le pays, avec des entreprises en pleine expansion, pr\u00eates \u00e0 accompagner la mont\u00e9e en cadence des grands donneurs d\u2019ordres.<\/p>\n","protected":false},"excerpt":{"rendered":"<p>Un accord strat\u00e9gique a \u00e9t\u00e9 sign\u00e9 entre les groupements tunisiens et fran\u00e7ais de l\u2019industrie a\u00e9ronautique, en marge du Salon du Bourget, afin de renforcer la coop\u00e9ration bilat\u00e9rale dans ce secteur cl\u00e9. La Tunisie et la France ont franchi un nouveau cap dans leur coop\u00e9ration industrielle. Le Groupement des Industries Tunisiennes A\u00e9ronautiques et Spatiales (GITAS) et [&hellip;]<\/p>\n","protected":false},"author":3191,"featured_media":378321,"comment_status":"open","ping_status":"open","sticky":false,"template":"","format":"standard","meta":{"footnotes":""},"categories":[44],"tags":[9344,2998,12025,12024,2608],"class_list":["post-378320","post","type-post","status-publish","format-standard","has-post-thumbnail","hentry","category-national","tag-aeronautique","tag-france","tag-gifas","tag-gitas","tag-tunisie"],"yoast_head":"<!-- This site is optimized with the Yoast SEO Premium plugin v27.4 (Yoast SEO v27.5) - https:\/\/yoast.com\/product\/yoast-seo-premium-wordpress\/ -->\n<title>A\u00e9ronautique : Partenariat renforc\u00e9 entre la Tunisie et la France - webdo<\/title>\n<meta name=\"description\" content=\"L&#039;industrie a\u00e9ronautique se renforce en Tunisie gr\u00e2ce \u00e0 un accord sign\u00e9 avec la France lors du Salon du Bourget.\" \/>\n<link rel=\"canonical\" href=\"https:\/\/www.webdo.tn\/fr\/actualite\/national\/aeronautique-partenariat-renforce-entre-la-tunisie-et-la-france\/378320\/\" \/>\n<meta property=\"og:locale\" content=\"fr_FR\" \/>\n<meta property=\"og:type\" content=\"article\" \/>\n<meta property=\"og:title\" content=\"A\u00e9ronautique : Partenariat renforc\u00e9 entre la Tunisie et la France\" \/>\n<meta property=\"og:description\" content=\"L&#039;industrie a\u00e9ronautique se renforce en Tunisie gr\u00e2ce \u00e0 un accord sign\u00e9 avec la France lors du Salon du Bourget.\" \/>\n<meta property=\"og:url\" content=\"https:\/\/www.webdo.tn\/fr\/actualite\/national\/aeronautique-partenariat-renforce-entre-la-tunisie-et-la-france\/378320\/\" \/>\n<meta property=\"og:site_name\" content=\"webdo\" \/>\n<meta property=\"article:publisher\" content=\"https:\/\/www.facebook.com\/webdotn\" \/>\n<meta property=\"article:published_time\" content=\"2025-06-24T18:03:04+00:00\" \/>\n<meta property=\"article:modified_time\" content=\"2025-06-25T09:20:08+00:00\" \/>\n<meta property=\"og:image\" content=\"https:\/\/www.webdo.tn\/fr\/wp-content\/uploads\/2025\/06\/GITAS.jpg\" \/>\n\t<meta property=\"og:image:width\" content=\"1200\" \/>\n\t<meta property=\"og:image:height\" content=\"701\" \/>\n\t<meta property=\"og:image:type\" content=\"image\/jpeg\" \/>\n<meta name=\"author\" content=\"Mohamed Hedi Touati\" \/>\n<meta name=\"twitter:card\" content=\"summary_large_image\" \/>\n<meta name=\"twitter:creator\" content=\"@webdo_tn\" \/>\n<meta name=\"twitter:site\" content=\"@webdo_tn\" \/>\n<meta name=\"twitter:label1\" content=\"\u00c9crit par\" \/>\n\t<meta name=\"twitter:data1\" content=\"Mohamed Hedi Touati\" \/>\n\t<meta name=\"twitter:label2\" content=\"Dur\u00e9e de lecture estim\u00e9e\" \/>\n\t<meta name=\"twitter:data2\" content=\"2 minutes\" \/>\n<script type=\"application\/ld+json\" class=\"yoast-schema-graph\">{\"@context\":\"https:\\\/\\\/schema.org\",\"@graph\":[{\"@type\":\"NewsArticle\",\"@id\":\"https:\\\/\\\/www.webdo.tn\\\/fr\\\/actualite\\\/national\\\/aeronautique-partenariat-renforce-entre-la-tunisie-et-la-france\\\/378320\\\/#article\",\"isPartOf\":{\"@id\":\"https:\\\/\\\/www.webdo.tn\\\/fr\\\/actualite\\\/national\\\/aeronautique-partenariat-renforce-entre-la-tunisie-et-la-france\\\/378320\\\/\"},\"author\":{\"name\":\"Mohamed Hedi Touati\",\"@id\":\"https:\\\/\\\/www.webdo.tn\\\/fr\\\/#\\\/schema\\\/person\\\/c652cd8fc2b1b44412b5ffb48c5a911d\"},\"headline\":\"A\u00e9ronautique : Partenariat renforc\u00e9 entre la Tunisie et la France\",\"datePublished\":\"2025-06-24T18:03:04+00:00\",\"dateModified\":\"2025-06-25T09:20:08+00:00\",\"mainEntityOfPage\":{\"@id\":\"https:\\\/\\\/www.webdo.tn\\\/fr\\\/actualite\\\/national\\\/aeronautique-partenariat-renforce-entre-la-tunisie-et-la-france\\\/378320\\\/\"},\"wordCount\":300,\"commentCount\":0,\"publisher\":{\"@id\":\"https:\\\/\\\/www.webdo.tn\\\/fr\\\/#organization\"},\"image\":{\"@id\":\"https:\\\/\\\/www.webdo.tn\\\/fr\\\/actualite\\\/national\\\/aeronautique-partenariat-renforce-entre-la-tunisie-et-la-france\\\/378320\\\/#primaryimage\"},\"thumbnailUrl\":\"https:\\\/\\\/www.webdo.tn\\\/fr\\\/wp-content\\\/uploads\\\/2025\\\/06\\\/GITAS.jpg\",\"keywords\":[\"a\u00e9ronautique\",\"france\",\"GIFAS\",\"GITAS\",\"Tunisie\"],\"articleSection\":[\"National\"],\"inLanguage\":\"fr-FR\"},{\"@type\":\"WebPage\",\"@id\":\"https:\\\/\\\/www.webdo.tn\\\/fr\\\/actualite\\\/national\\\/aeronautique-partenariat-renforce-entre-la-tunisie-et-la-france\\\/378320\\\/\",\"url\":\"https:\\\/\\\/www.webdo.tn\\\/fr\\\/actualite\\\/national\\\/aeronautique-partenariat-renforce-entre-la-tunisie-et-la-france\\\/378320\\\/\",\"name\":\"A\u00e9ronautique : Partenariat renforc\u00e9 entre la Tunisie et la France - webdo\",\"isPartOf\":{\"@id\":\"https:\\\/\\\/www.webdo.tn\\\/fr\\\/#website\"},\"primaryImageOfPage\":{\"@id\":\"https:\\\/\\\/www.webdo.tn\\\/fr\\\/actualite\\\/national\\\/aeronautique-partenariat-renforce-entre-la-tunisie-et-la-france\\\/378320\\\/#primaryimage\"},\"image\":{\"@id\":\"https:\\\/\\\/www.webdo.tn\\\/fr\\\/actualite\\\/national\\\/aeronautique-partenariat-renforce-entre-la-tunisie-et-la-france\\\/378320\\\/#primaryimage\"},\"thumbnailUrl\":\"https:\\\/\\\/www.webdo.tn\\\/fr\\\/wp-content\\\/uploads\\\/2025\\\/06\\\/GITAS.jpg\",\"datePublished\":\"2025-06-24T18:03:04+00:00\",\"dateModified\":\"2025-06-25T09:20:08+00:00\",\"description\":\"L'industrie a\u00e9ronautique se renforce en Tunisie gr\u00e2ce \u00e0 un accord sign\u00e9 avec la France lors du Salon du Bourget.\",\"breadcrumb\":{\"@id\":\"https:\\\/\\\/www.webdo.tn\\\/fr\\\/actualite\\\/national\\\/aeronautique-partenariat-renforce-entre-la-tunisie-et-la-france\\\/378320\\\/#breadcrumb\"},\"inLanguage\":\"fr-FR\",\"potentialAction\":[{\"@type\":\"ReadAction\",\"target\":[\"https:\\\/\\\/www.webdo.tn\\\/fr\\\/actualite\\\/national\\\/aeronautique-partenariat-renforce-entre-la-tunisie-et-la-france\\\/378320\\\/\"]}]},{\"@type\":\"ImageObject\",\"inLanguage\":\"fr-FR\",\"@id\":\"https:\\\/\\\/www.webdo.tn\\\/fr\\\/actualite\\\/national\\\/aeronautique-partenariat-renforce-entre-la-tunisie-et-la-france\\\/378320\\\/#primaryimage\",\"url\":\"https:\\\/\\\/www.webdo.tn\\\/fr\\\/wp-content\\\/uploads\\\/2025\\\/06\\\/GITAS.jpg\",\"contentUrl\":\"https:\\\/\\\/www.webdo.tn\\\/fr\\\/wp-content\\\/uploads\\\/2025\\\/06\\\/GITAS.jpg\",\"width\":1200,\"height\":701,\"caption\":\"Tunisie - France : Un partenariat renforc\u00e9 dans l\u2019a\u00e9ronautique\"},{\"@type\":\"BreadcrumbList\",\"@id\":\"https:\\\/\\\/www.webdo.tn\\\/fr\\\/actualite\\\/national\\\/aeronautique-partenariat-renforce-entre-la-tunisie-et-la-france\\\/378320\\\/#breadcrumb\",\"itemListElement\":[{\"@type\":\"ListItem\",\"position\":1,\"name\":\"Accueil\",\"item\":\"https:\\\/\\\/www.webdo.tn\\\/fr\\\/\"},{\"@type\":\"ListItem\",\"position\":2,\"name\":\"A\u00e9ronautique : Partenariat renforc\u00e9 entre la Tunisie et la France\"}]},{\"@type\":\"WebSite\",\"@id\":\"https:\\\/\\\/www.webdo.tn\\\/fr\\\/#website\",\"url\":\"https:\\\/\\\/www.webdo.tn\\\/fr\\\/\",\"name\":\"webdo\",\"description\":\"Tunisie - News en Tunisie et \u00e0 l&#039;international sur Webdo.tn\",\"publisher\":{\"@id\":\"https:\\\/\\\/www.webdo.tn\\\/fr\\\/#organization\"},\"potentialAction\":[{\"@type\":\"SearchAction\",\"target\":{\"@type\":\"EntryPoint\",\"urlTemplate\":\"https:\\\/\\\/www.webdo.tn\\\/fr\\\/?s={search_term_string}\"},\"query-input\":{\"@type\":\"PropertyValueSpecification\",\"valueRequired\":true,\"valueName\":\"search_term_string\"}}],\"inLanguage\":\"fr-FR\"},{\"@type\":\"Organization\",\"@id\":\"https:\\\/\\\/www.webdo.tn\\\/fr\\\/#organization\",\"name\":\"Webdo\",\"alternateName\":\"Webdo.tn\",\"url\":\"https:\\\/\\\/www.webdo.tn\\\/fr\\\/\",\"logo\":{\"@type\":\"ImageObject\",\"inLanguage\":\"fr-FR\",\"@id\":\"https:\\\/\\\/www.webdo.tn\\\/fr\\\/#\\\/schema\\\/logo\\\/image\\\/\",\"url\":\"https:\\\/\\\/www.webdo.tn\\\/fr\\\/wp-content\\\/uploads\\\/2025\\\/06\\\/Webdo-Tunisie_168377.jpg\",\"contentUrl\":\"https:\\\/\\\/www.webdo.tn\\\/fr\\\/wp-content\\\/uploads\\\/2025\\\/06\\\/Webdo-Tunisie_168377.jpg\",\"width\":301,\"height\":301,\"caption\":\"Webdo\"},\"image\":{\"@id\":\"https:\\\/\\\/www.webdo.tn\\\/fr\\\/#\\\/schema\\\/logo\\\/image\\\/\"},\"sameAs\":[\"https:\\\/\\\/www.facebook.com\\\/webdotn\",\"https:\\\/\\\/x.com\\\/webdo_tn\"],\"description\":\"Webdo est un m\u00e9dia num\u00e9rique tunisien fond\u00e9 en 2010, sp\u00e9cialis\u00e9 dans l\u2019actualit\u00e9 nationale et internationale, l\u2019\u00e9conomie, la soci\u00e9t\u00e9 et les analyses politiques. Le site s\u2019adresse \u00e0 un large public francophone et couvre l\u2019information tunisienne en temps r\u00e9el.\",\"email\":\"redac@webdo.tn\",\"legalName\":\"YNJ SARL\",\"foundingDate\":\"2010-09-06\",\"numberOfEmployees\":{\"@type\":\"QuantitativeValue\",\"minValue\":\"11\",\"maxValue\":\"50\"}},{\"@type\":\"Person\",\"@id\":\"https:\\\/\\\/www.webdo.tn\\\/fr\\\/#\\\/schema\\\/person\\\/c652cd8fc2b1b44412b5ffb48c5a911d\",\"name\":\"Mohamed Hedi Touati\",\"image\":{\"@type\":\"ImageObject\",\"inLanguage\":\"fr-FR\",\"@id\":\"https:\\\/\\\/secure.gravatar.com\\\/avatar\\\/9cfd402c745b7a685f13eed0ea6e59d2144a3c2fc50a3db6fd5ed451f6cddf1a?s=96&d=mm&r=g\",\"url\":\"https:\\\/\\\/secure.gravatar.com\\\/avatar\\\/9cfd402c745b7a685f13eed0ea6e59d2144a3c2fc50a3db6fd5ed451f6cddf1a?s=96&d=mm&r=g\",\"contentUrl\":\"https:\\\/\\\/secure.gravatar.com\\\/avatar\\\/9cfd402c745b7a685f13eed0ea6e59d2144a3c2fc50a3db6fd5ed451f6cddf1a?s=96&d=mm&r=g\",\"caption\":\"Mohamed Hedi Touati\"},\"url\":\"https:\\\/\\\/www.webdo.tn\\\/fr\\\/actualite\\\/author\\\/mohamed-hedi-touati\\\/\"}]}<\/script>\n<!-- \/ Yoast SEO Premium plugin. -->","yoast_head_json":{"title":"A\u00e9ronautique : Partenariat renforc\u00e9 entre la Tunisie et la France - webdo","description":"L'industrie a\u00e9ronautique se renforce en Tunisie gr\u00e2ce \u00e0 un accord sign\u00e9 avec la France lors du Salon du Bourget.","canonical":"https:\/\/www.webdo.tn\/fr\/actualite\/national\/aeronautique-partenariat-renforce-entre-la-tunisie-et-la-france\/378320\/","og_locale":"fr_FR","og_type":"article","og_title":"A\u00e9ronautique : Partenariat renforc\u00e9 entre la Tunisie et la France","og_description":"L'industrie a\u00e9ronautique se renforce en Tunisie gr\u00e2ce \u00e0 un accord sign\u00e9 avec la France lors du Salon du Bourget.","og_url":"https:\/\/www.webdo.tn\/fr\/actualite\/national\/aeronautique-partenariat-renforce-entre-la-tunisie-et-la-france\/378320\/","og_site_name":"webdo","article_publisher":"https:\/\/www.facebook.com\/webdotn","article_published_time":"2025-06-24T18:03:04+00:00","article_modified_time":"2025-06-25T09:20:08+00:00","og_image":[{"width":1200,"height":701,"url":"https:\/\/www.webdo.tn\/fr\/wp-content\/uploads\/2025\/06\/GITAS.jpg","type":"image\/jpeg"}],"author":"Mohamed Hedi Touati","twitter_card":"summary_large_image","twitter_creator":"@webdo_tn","twitter_site":"@webdo_tn","twitter_misc":{"\u00c9crit par":"Mohamed Hedi Touati","Dur\u00e9e de lecture estim\u00e9e":"2 minutes"},"schema":{"@context":"https:\/\/schema.org","@graph":[{"@type":"NewsArticle","@id":"https:\/\/www.webdo.tn\/fr\/actualite\/national\/aeronautique-partenariat-renforce-entre-la-tunisie-et-la-france\/378320\/#article","isPartOf":{"@id":"https:\/\/www.webdo.tn\/fr\/actualite\/national\/aeronautique-partenariat-renforce-entre-la-tunisie-et-la-france\/378320\/"},"author":{"name":"Mohamed Hedi Touati","@id":"https:\/\/www.webdo.tn\/fr\/#\/schema\/person\/c652cd8fc2b1b44412b5ffb48c5a911d"},"headline":"A\u00e9ronautique : Partenariat renforc\u00e9 entre la Tunisie et la France","datePublished":"2025-06-24T18:03:04+00:00","dateModified":"2025-06-25T09:20:08+00:00","mainEntityOfPage":{"@id":"https:\/\/www.webdo.tn\/fr\/actualite\/national\/aeronautique-partenariat-renforce-entre-la-tunisie-et-la-france\/378320\/"},"wordCount":300,"commentCount":0,"publisher":{"@id":"https:\/\/www.webdo.tn\/fr\/#organization"},"image":{"@id":"https:\/\/www.webdo.tn\/fr\/actualite\/national\/aeronautique-partenariat-renforce-entre-la-tunisie-et-la-france\/378320\/#primaryimage"},"thumbnailUrl":"https:\/\/www.webdo.tn\/fr\/wp-content\/uploads\/2025\/06\/GITAS.jpg","keywords":["a\u00e9ronautique","france","GIFAS","GITAS","Tunisie"],"articleSection":["National"],"inLanguage":"fr-FR"},{"@type":"WebPage","@id":"https:\/\/www.webdo.tn\/fr\/actualite\/national\/aeronautique-partenariat-renforce-entre-la-tunisie-et-la-france\/378320\/","url":"https:\/\/www.webdo.tn\/fr\/actualite\/national\/aeronautique-partenariat-renforce-entre-la-tunisie-et-la-france\/378320\/","name":"A\u00e9ronautique : Partenariat renforc\u00e9 entre la Tunisie et la France - webdo","isPartOf":{"@id":"https:\/\/www.webdo.tn\/fr\/#website"},"primaryImageOfPage":{"@id":"https:\/\/www.webdo.tn\/fr\/actualite\/national\/aeronautique-partenariat-renforce-entre-la-tunisie-et-la-france\/378320\/#primaryimage"},"image":{"@id":"https:\/\/www.webdo.tn\/fr\/actualite\/national\/aeronautique-partenariat-renforce-entre-la-tunisie-et-la-france\/378320\/#primaryimage"},"thumbnailUrl":"https:\/\/www.webdo.tn\/fr\/wp-content\/uploads\/2025\/06\/GITAS.jpg","datePublished":"2025-06-24T18:03:04+00:00","dateModified":"2025-06-25T09:20:08+00:00","description":"L'industrie a\u00e9ronautique se renforce en Tunisie gr\u00e2ce \u00e0 un accord sign\u00e9 avec la France lors du Salon du Bourget.","breadcrumb":{"@id":"https:\/\/www.webdo.tn\/fr\/actualite\/national\/aeronautique-partenariat-renforce-entre-la-tunisie-et-la-france\/378320\/#breadcrumb"},"inLanguage":"fr-FR","potentialAction":[{"@type":"ReadAction","target":["https:\/\/www.webdo.tn\/fr\/actualite\/national\/aeronautique-partenariat-renforce-entre-la-tunisie-et-la-france\/378320\/"]}]},{"@type":"ImageObject","inLanguage":"fr-FR","@id":"https:\/\/www.webdo.tn\/fr\/actualite\/national\/aeronautique-partenariat-renforce-entre-la-tunisie-et-la-france\/378320\/#primaryimage","url":"https:\/\/www.webdo.tn\/fr\/wp-content\/uploads\/2025\/06\/GITAS.jpg","contentUrl":"https:\/\/www.webdo.tn\/fr\/wp-content\/uploads\/2025\/06\/GITAS.jpg","width":1200,"height":701,"caption":"Tunisie - France : Un partenariat renforc\u00e9 dans l\u2019a\u00e9ronautique"},{"@type":"BreadcrumbList","@id":"https:\/\/www.webdo.tn\/fr\/actualite\/national\/aeronautique-partenariat-renforce-entre-la-tunisie-et-la-france\/378320\/#breadcrumb","itemListElement":[{"@type":"ListItem","position":1,"name":"Accueil","item":"https:\/\/www.webdo.tn\/fr\/"},{"@type":"ListItem","position":2,"name":"A\u00e9ronautique : Partenariat renforc\u00e9 entre la Tunisie et la France"}]},{"@type":"WebSite","@id":"https:\/\/www.webdo.tn\/fr\/#website","url":"https:\/\/www.webdo.tn\/fr\/","name":"webdo","description":"Tunisie - News en Tunisie et \u00e0 l&#039;international sur Webdo.tn","publisher":{"@id":"https:\/\/www.webdo.tn\/fr\/#organization"},"potentialAction":[{"@type":"SearchAction","target":{"@type":"EntryPoint","urlTemplate":"https:\/\/www.webdo.tn\/fr\/?s={search_term_string}"},"query-input":{"@type":"PropertyValueSpecification","valueRequired":true,"valueName":"search_term_string"}}],"inLanguage":"fr-FR"},{"@type":"Organization","@id":"https:\/\/www.webdo.tn\/fr\/#organization","name":"Webdo","alternateName":"Webdo.tn","url":"https:\/\/www.webdo.tn\/fr\/","logo":{"@type":"ImageObject","inLanguage":"fr-FR","@id":"https:\/\/www.webdo.tn\/fr\/#\/schema\/logo\/image\/","url":"https:\/\/www.webdo.tn\/fr\/wp-content\/uploads\/2025\/06\/Webdo-Tunisie_168377.jpg","contentUrl":"https:\/\/www.webdo.tn\/fr\/wp-content\/uploads\/2025\/06\/Webdo-Tunisie_168377.jpg","width":301,"height":301,"caption":"Webdo"},"image":{"@id":"https:\/\/www.webdo.tn\/fr\/#\/schema\/logo\/image\/"},"sameAs":["https:\/\/www.facebook.com\/webdotn","https:\/\/x.com\/webdo_tn"],"description":"Webdo est un m\u00e9dia num\u00e9rique tunisien fond\u00e9 en 2010, sp\u00e9cialis\u00e9 dans l\u2019actualit\u00e9 nationale et internationale, l\u2019\u00e9conomie, la soci\u00e9t\u00e9 et les analyses politiques. Le site s\u2019adresse \u00e0 un large public francophone et couvre l\u2019information tunisienne en temps r\u00e9el.","email":"redac@webdo.tn","legalName":"YNJ SARL","foundingDate":"2010-09-06","numberOfEmployees":{"@type":"QuantitativeValue","minValue":"11","maxValue":"50"}},{"@type":"Person","@id":"https:\/\/www.webdo.tn\/fr\/#\/schema\/person\/c652cd8fc2b1b44412b5ffb48c5a911d","name":"Mohamed Hedi Touati","image":{"@type":"ImageObject","inLanguage":"fr-FR","@id":"https:\/\/secure.gravatar.com\/avatar\/9cfd402c745b7a685f13eed0ea6e59d2144a3c2fc50a3db6fd5ed451f6cddf1a?s=96&d=mm&r=g","url":"https:\/\/secure.gravatar.com\/avatar\/9cfd402c745b7a685f13eed0ea6e59d2144a3c2fc50a3db6fd5ed451f6cddf1a?s=96&d=mm&r=g","contentUrl":"https:\/\/secure.gravatar.com\/avatar\/9cfd402c745b7a685f13eed0ea6e59d2144a3c2fc50a3db6fd5ed451f6cddf1a?s=96&d=mm&r=g","caption":"Mohamed Hedi Touati"},"url":"https:\/\/www.webdo.tn\/fr\/actualite\/author\/mohamed-hedi-touati\/"}]}},"_links":{"self":[{"href":"https:\/\/www.webdo.tn\/fr\/wp-json\/wp\/v2\/posts\/378320","targetHints":{"allow":["GET"]}}],"collection":[{"href":"https:\/\/www.webdo.tn\/fr\/wp-json\/wp\/v2\/posts"}],"about":[{"href":"https:\/\/www.webdo.tn\/fr\/wp-json\/wp\/v2\/types\/post"}],"author":[{"embeddable":true,"href":"https:\/\/www.webdo.tn\/fr\/wp-json\/wp\/v2\/users\/3191"}],"replies":[{"embeddable":true,"href":"https:\/\/www.webdo.tn\/fr\/wp-json\/wp\/v2\/comments?post=378320"}],"version-history":[{"count":0,"href":"https:\/\/www.webdo.tn\/fr\/wp-json\/wp\/v2\/posts\/378320\/revisions"}],"wp:featuredmedia":[{"embeddable":true,"href":"https:\/\/www.webdo.tn\/fr\/wp-json\/wp\/v2\/media\/378321"}],"wp:attachment":[{"href":"https:\/\/www.webdo.tn\/fr\/wp-json\/wp\/v2\/media?parent=378320"}],"wp:term":[{"taxonomy":"category","embeddable":true,"href":"https:\/\/www.webdo.tn\/fr\/wp-json\/wp\/v2\/categories?post=378320"},{"taxonomy":"post_tag","embeddable":true,"href":"https:\/\/www.webdo.tn\/fr\/wp-json\/wp\/v2\/tags?post=378320"}],"curies":[{"name":"wp","href":"https:\/\/api.w.org\/{rel}","templated":true}]}}