{"id":378300,"date":"2025-06-24T17:34:11","date_gmt":"2025-06-24T16:34:11","guid":{"rendered":"https:\/\/www.webdo.tn\/fr\/?p=378300"},"modified":"2025-06-24T18:05:46","modified_gmt":"2025-06-24T17:05:46","slug":"cessez-le-feu-fragilise-trump-critique-severement-israel-apres-de-nouvelles-frappes","status":"publish","type":"post","link":"https:\/\/www.webdo.tn\/fr\/actualite\/international\/cessez-le-feu-fragilise-trump-critique-severement-israel-apres-de-nouvelles-frappes\/378300\/","title":{"rendered":"Cessez-le-feu fragilis\u00e9 : Trump critique s\u00e9v\u00e8rement Isra\u00ebl"},"content":{"rendered":"\n<p>Le cessez-le-feu annonc\u00e9 entre Isra\u00ebl et l\u2019Iran n\u2019aura tenu que quelques heures. Moins d\u2019une journ\u00e9e apr\u00e8s la signature de l\u2019accord, le pr\u00e9sident am\u00e9ricain Donald Trump a accus\u00e9 Isra\u00ebl de l\u2019avoir imm\u00e9diatement viol\u00e9, provoquant une reprise des hostilit\u00e9s.<\/p>\n\n\n\n<p>\u00ab \u00c0 peine on a conclu l\u2019accord, ils [Isra\u00ebl] sont sortis et ont l\u00e2ch\u00e9 un tas de bombes, comme je n\u2019en avais jamais vu \u00bb, a-t-il d\u00e9clar\u00e9 mardi, avant de s\u2019envoler pour un sommet de l\u2019OTAN \u00e0 La Haye. Visiblement en col\u00e8re, Trump a poursuivi sans retenue :<br><strong>\u00ab On a en gros deux pays qui se battent depuis si longtemps et si fort qu\u2019ils ne savent m\u00eame plus ce qu\u2019ils foutent. \u00bb<\/strong><\/p>\n\n\n\n<p>Cette sortie brutale tranche avec le langage habituellement mesur\u00e9 dans les affaires diplomatiques. Elle r\u00e9v\u00e8le la frustration du pr\u00e9sident am\u00e9ricain face \u00e0 un accord qu\u2019il avait personnellement soutenu, et qui semble d\u00e9j\u00e0 compromis.<\/p>\n\n\n\n<p>Le ministre isra\u00e9lien de la D\u00e9fense, Israel Katz, a revendiqu\u00e9 des \u00ab frappes intenses \u00bb sur T\u00e9h\u00e9ran, justifi\u00e9es selon lui par une pr\u00e9tendue violation iranienne de la tr\u00eave. T\u00e9h\u00e9ran nie cat\u00e9goriquement, et accuse Isra\u00ebl de saboter le processus d\u00e8s ses premi\u00e8res heures.<\/p>\n\n\n\n<p>En repr\u00e9sailles, l\u2019Iran a menac\u00e9 de r\u00e9pondre avec force \u00e0 toute nouvelle attaque. Les tensions restent vives, et la fragile m\u00e9diation am\u00e9ricaine appara\u00eet plus incertaine que jamais.<\/p>\n\n\n\n<figure class=\"wp-block-embed is-type-video is-provider-youtube wp-block-embed-youtube wp-embed-aspect-16-9 wp-has-aspect-ratio\"><div class=\"wp-block-embed__wrapper\">\n<div class=\"jeg_video_container jeg_video_content\"><iframe title=\"Trump \u2018really unhappy\u2019 with Israel after failed ceasefire\" width=\"422\" height=\"750\" src=\"https:\/\/www.youtube.com\/embed\/ETy1TINMjHc?feature=oembed\" frameborder=\"0\" allow=\"accelerometer; autoplay; clipboard-write; encrypted-media; gyroscope; picture-in-picture; web-share\" referrerpolicy=\"strict-origin-when-cross-origin\" allowfullscreen><\/iframe><\/div>\n<\/div><\/figure>\n","protected":false},"excerpt":{"rendered":"<p>Le cessez-le-feu annonc\u00e9 entre Isra\u00ebl et l\u2019Iran n\u2019aura tenu que quelques heures. Moins d\u2019une journ\u00e9e apr\u00e8s la signature de l\u2019accord, le pr\u00e9sident am\u00e9ricain Donald Trump a accus\u00e9 Isra\u00ebl de l\u2019avoir imm\u00e9diatement viol\u00e9, provoquant une reprise des hostilit\u00e9s. \u00ab \u00c0 peine on a conclu l\u2019accord, ils [Isra\u00ebl] sont sortis et ont l\u00e2ch\u00e9 un tas de bombes, [&hellip;]<\/p>\n","protected":false},"author":3203,"featured_media":378311,"comment_status":"open","ping_status":"open","sticky":false,"template":"","format":"standard","meta":{"footnotes":""},"categories":[2598],"tags":[2912,2636,3309],"class_list":["post-378300","post","type-post","status-publish","format-standard","has-post-thumbnail","hentry","category-international","tag-iran","tag-israel","tag-trump"],"yoast_head":"<!-- This site is optimized with the Yoast SEO Premium plugin v27.5 (Yoast SEO v27.5) - https:\/\/yoast.com\/product\/yoast-seo-premium-wordpress\/ -->\n<title>Cessez-le-feu fragilis\u00e9 : Trump critique s\u00e9v\u00e8rement Isra\u00ebl - webdo<\/title>\n<meta name=\"description\" content=\"Donald Trump critique s\u00e9v\u00e8rement Isra\u00ebl apr\u00e8s des frappes, le cessez-le-feu fragilis\u00e9 ne tenant que quelques heures.\" \/>\n<link rel=\"canonical\" href=\"https:\/\/www.webdo.tn\/fr\/actualite\/international\/cessez-le-feu-fragilise-trump-critique-severement-israel-apres-de-nouvelles-frappes\/378300\/\" \/>\n<meta property=\"og:locale\" content=\"fr_FR\" \/>\n<meta property=\"og:type\" content=\"article\" \/>\n<meta property=\"og:title\" content=\"Cessez-le-feu fragilis\u00e9 : Trump critique s\u00e9v\u00e8rement Isra\u00ebl\" \/>\n<meta property=\"og:description\" content=\"Donald Trump critique s\u00e9v\u00e8rement Isra\u00ebl apr\u00e8s des frappes, le cessez-le-feu fragilis\u00e9 ne tenant que quelques heures.\" \/>\n<meta property=\"og:url\" content=\"https:\/\/www.webdo.tn\/fr\/actualite\/international\/cessez-le-feu-fragilise-trump-critique-severement-israel-apres-de-nouvelles-frappes\/378300\/\" \/>\n<meta property=\"og:site_name\" content=\"webdo\" \/>\n<meta property=\"article:publisher\" content=\"https:\/\/www.facebook.com\/webdotn\" \/>\n<meta property=\"article:published_time\" content=\"2025-06-24T16:34:11+00:00\" \/>\n<meta property=\"article:modified_time\" content=\"2025-06-24T17:05:46+00:00\" \/>\n<meta property=\"og:image\" content=\"https:\/\/www.webdo.tn\/fr\/wp-content\/uploads\/2025\/06\/trump-israel.jpg\" \/>\n\t<meta property=\"og:image:width\" content=\"1280\" \/>\n\t<meta property=\"og:image:height\" content=\"720\" \/>\n\t<meta property=\"og:image:type\" content=\"image\/jpeg\" \/>\n<meta name=\"author\" content=\"Ramzi Haddad\" \/>\n<meta name=\"twitter:card\" content=\"summary_large_image\" \/>\n<meta name=\"twitter:creator\" content=\"@webdo_tn\" \/>\n<meta name=\"twitter:site\" content=\"@webdo_tn\" \/>\n<meta name=\"twitter:label1\" content=\"\u00c9crit par\" \/>\n\t<meta name=\"twitter:data1\" content=\"Ramzi Haddad\" \/>\n\t<meta name=\"twitter:label2\" content=\"Dur\u00e9e de lecture estim\u00e9e\" \/>\n\t<meta name=\"twitter:data2\" content=\"2 minutes\" \/>\n<script type=\"application\/ld+json\" class=\"yoast-schema-graph\">{\"@context\":\"https:\\\/\\\/schema.org\",\"@graph\":[{\"@type\":\"NewsArticle\",\"@id\":\"https:\\\/\\\/www.webdo.tn\\\/fr\\\/actualite\\\/international\\\/cessez-le-feu-fragilise-trump-critique-severement-israel-apres-de-nouvelles-frappes\\\/378300\\\/#article\",\"isPartOf\":{\"@id\":\"https:\\\/\\\/www.webdo.tn\\\/fr\\\/actualite\\\/international\\\/cessez-le-feu-fragilise-trump-critique-severement-israel-apres-de-nouvelles-frappes\\\/378300\\\/\"},\"author\":{\"name\":\"Ramzi Haddad\",\"@id\":\"https:\\\/\\\/www.webdo.tn\\\/fr\\\/#\\\/schema\\\/person\\\/5663044c25eb36d8f88ba5b653f12f8c\"},\"headline\":\"Cessez-le-feu fragilis\u00e9 : Trump critique s\u00e9v\u00e8rement Isra\u00ebl\",\"datePublished\":\"2025-06-24T16:34:11+00:00\",\"dateModified\":\"2025-06-24T17:05:46+00:00\",\"mainEntityOfPage\":{\"@id\":\"https:\\\/\\\/www.webdo.tn\\\/fr\\\/actualite\\\/international\\\/cessez-le-feu-fragilise-trump-critique-severement-israel-apres-de-nouvelles-frappes\\\/378300\\\/\"},\"wordCount\":269,\"commentCount\":0,\"publisher\":{\"@id\":\"https:\\\/\\\/www.webdo.tn\\\/fr\\\/#organization\"},\"image\":{\"@id\":\"https:\\\/\\\/www.webdo.tn\\\/fr\\\/actualite\\\/international\\\/cessez-le-feu-fragilise-trump-critique-severement-israel-apres-de-nouvelles-frappes\\\/378300\\\/#primaryimage\"},\"thumbnailUrl\":\"https:\\\/\\\/www.webdo.tn\\\/fr\\\/wp-content\\\/uploads\\\/2025\\\/06\\\/trump-israel.jpg\",\"keywords\":[\"Iran\",\"isra\u00ebl\",\"trump\"],\"articleSection\":[\"International\"],\"inLanguage\":\"fr-FR\"},{\"@type\":\"WebPage\",\"@id\":\"https:\\\/\\\/www.webdo.tn\\\/fr\\\/actualite\\\/international\\\/cessez-le-feu-fragilise-trump-critique-severement-israel-apres-de-nouvelles-frappes\\\/378300\\\/\",\"url\":\"https:\\\/\\\/www.webdo.tn\\\/fr\\\/actualite\\\/international\\\/cessez-le-feu-fragilise-trump-critique-severement-israel-apres-de-nouvelles-frappes\\\/378300\\\/\",\"name\":\"Cessez-le-feu fragilis\u00e9 : Trump critique s\u00e9v\u00e8rement Isra\u00ebl - webdo\",\"isPartOf\":{\"@id\":\"https:\\\/\\\/www.webdo.tn\\\/fr\\\/#website\"},\"primaryImageOfPage\":{\"@id\":\"https:\\\/\\\/www.webdo.tn\\\/fr\\\/actualite\\\/international\\\/cessez-le-feu-fragilise-trump-critique-severement-israel-apres-de-nouvelles-frappes\\\/378300\\\/#primaryimage\"},\"image\":{\"@id\":\"https:\\\/\\\/www.webdo.tn\\\/fr\\\/actualite\\\/international\\\/cessez-le-feu-fragilise-trump-critique-severement-israel-apres-de-nouvelles-frappes\\\/378300\\\/#primaryimage\"},\"thumbnailUrl\":\"https:\\\/\\\/www.webdo.tn\\\/fr\\\/wp-content\\\/uploads\\\/2025\\\/06\\\/trump-israel.jpg\",\"datePublished\":\"2025-06-24T16:34:11+00:00\",\"dateModified\":\"2025-06-24T17:05:46+00:00\",\"description\":\"Donald Trump critique s\u00e9v\u00e8rement Isra\u00ebl apr\u00e8s des frappes, le cessez-le-feu fragilis\u00e9 ne tenant que quelques heures.\",\"breadcrumb\":{\"@id\":\"https:\\\/\\\/www.webdo.tn\\\/fr\\\/actualite\\\/international\\\/cessez-le-feu-fragilise-trump-critique-severement-israel-apres-de-nouvelles-frappes\\\/378300\\\/#breadcrumb\"},\"inLanguage\":\"fr-FR\",\"potentialAction\":[{\"@type\":\"ReadAction\",\"target\":[\"https:\\\/\\\/www.webdo.tn\\\/fr\\\/actualite\\\/international\\\/cessez-le-feu-fragilise-trump-critique-severement-israel-apres-de-nouvelles-frappes\\\/378300\\\/\"]}]},{\"@type\":\"ImageObject\",\"inLanguage\":\"fr-FR\",\"@id\":\"https:\\\/\\\/www.webdo.tn\\\/fr\\\/actualite\\\/international\\\/cessez-le-feu-fragilise-trump-critique-severement-israel-apres-de-nouvelles-frappes\\\/378300\\\/#primaryimage\",\"url\":\"https:\\\/\\\/www.webdo.tn\\\/fr\\\/wp-content\\\/uploads\\\/2025\\\/06\\\/trump-israel.jpg\",\"contentUrl\":\"https:\\\/\\\/www.webdo.tn\\\/fr\\\/wp-content\\\/uploads\\\/2025\\\/06\\\/trump-israel.jpg\",\"width\":1280,\"height\":720,\"caption\":\"Trump critique s\u00e9v\u00e8rement Isra\u00ebl\"},{\"@type\":\"BreadcrumbList\",\"@id\":\"https:\\\/\\\/www.webdo.tn\\\/fr\\\/actualite\\\/international\\\/cessez-le-feu-fragilise-trump-critique-severement-israel-apres-de-nouvelles-frappes\\\/378300\\\/#breadcrumb\",\"itemListElement\":[{\"@type\":\"ListItem\",\"position\":1,\"name\":\"Accueil\",\"item\":\"https:\\\/\\\/www.webdo.tn\\\/fr\\\/\"},{\"@type\":\"ListItem\",\"position\":2,\"name\":\"Cessez-le-feu fragilis\u00e9 : Trump critique s\u00e9v\u00e8rement Isra\u00ebl\"}]},{\"@type\":\"WebSite\",\"@id\":\"https:\\\/\\\/www.webdo.tn\\\/fr\\\/#website\",\"url\":\"https:\\\/\\\/www.webdo.tn\\\/fr\\\/\",\"name\":\"webdo\",\"description\":\"Tunisie - News en Tunisie et \u00e0 l&#039;international sur Webdo.tn\",\"publisher\":{\"@id\":\"https:\\\/\\\/www.webdo.tn\\\/fr\\\/#organization\"},\"potentialAction\":[{\"@type\":\"SearchAction\",\"target\":{\"@type\":\"EntryPoint\",\"urlTemplate\":\"https:\\\/\\\/www.webdo.tn\\\/fr\\\/?s={search_term_string}\"},\"query-input\":{\"@type\":\"PropertyValueSpecification\",\"valueRequired\":true,\"valueName\":\"search_term_string\"}}],\"inLanguage\":\"fr-FR\"},{\"@type\":\"Organization\",\"@id\":\"https:\\\/\\\/www.webdo.tn\\\/fr\\\/#organization\",\"name\":\"Webdo\",\"alternateName\":\"Webdo.tn\",\"url\":\"https:\\\/\\\/www.webdo.tn\\\/fr\\\/\",\"logo\":{\"@type\":\"ImageObject\",\"inLanguage\":\"fr-FR\",\"@id\":\"https:\\\/\\\/www.webdo.tn\\\/fr\\\/#\\\/schema\\\/logo\\\/image\\\/\",\"url\":\"https:\\\/\\\/www.webdo.tn\\\/fr\\\/wp-content\\\/uploads\\\/2025\\\/06\\\/Webdo-Tunisie_168377.jpg\",\"contentUrl\":\"https:\\\/\\\/www.webdo.tn\\\/fr\\\/wp-content\\\/uploads\\\/2025\\\/06\\\/Webdo-Tunisie_168377.jpg\",\"width\":301,\"height\":301,\"caption\":\"Webdo\"},\"image\":{\"@id\":\"https:\\\/\\\/www.webdo.tn\\\/fr\\\/#\\\/schema\\\/logo\\\/image\\\/\"},\"sameAs\":[\"https:\\\/\\\/www.facebook.com\\\/webdotn\",\"https:\\\/\\\/x.com\\\/webdo_tn\"],\"description\":\"Webdo est un m\u00e9dia num\u00e9rique tunisien fond\u00e9 en 2010, sp\u00e9cialis\u00e9 dans l\u2019actualit\u00e9 nationale et internationale, l\u2019\u00e9conomie, la soci\u00e9t\u00e9 et les analyses politiques. Le site s\u2019adresse \u00e0 un large public francophone et couvre l\u2019information tunisienne en temps r\u00e9el.\",\"email\":\"redac@webdo.tn\",\"legalName\":\"YNJ SARL\",\"foundingDate\":\"2010-09-06\",\"numberOfEmployees\":{\"@type\":\"QuantitativeValue\",\"minValue\":\"11\",\"maxValue\":\"50\"}},{\"@type\":\"Person\",\"@id\":\"https:\\\/\\\/www.webdo.tn\\\/fr\\\/#\\\/schema\\\/person\\\/5663044c25eb36d8f88ba5b653f12f8c\",\"name\":\"Ramzi Haddad\",\"image\":{\"@type\":\"ImageObject\",\"inLanguage\":\"fr-FR\",\"@id\":\"https:\\\/\\\/www.webdo.tn\\\/fr\\\/wp-content\\\/uploads\\\/2026\\\/04\\\/ramzi-haddad_avatar-96x96.jpg\",\"url\":\"https:\\\/\\\/www.webdo.tn\\\/fr\\\/wp-content\\\/uploads\\\/2026\\\/04\\\/ramzi-haddad_avatar-96x96.jpg\",\"contentUrl\":\"https:\\\/\\\/www.webdo.tn\\\/fr\\\/wp-content\\\/uploads\\\/2026\\\/04\\\/ramzi-haddad_avatar-96x96.jpg\",\"caption\":\"Ramzi Haddad\"},\"description\":\"Signature \u00e9ditoriale de Walid Ben Youssef Ramzi Haddad est le pseudonyme \u00e9ditorial de Walid Ben Youssef, fondateur et g\u00e9rant de Webdo.tn. Cette signature est d\u00e9di\u00e9e \u00e0 la couverture de l'actualit\u00e9 nationale et internationale, ainsi qu'aux analyses des dynamiques num\u00e9riques. Ce profil b\u00e9n\u00e9ficie de l'expertise de Walid Ben Youssef, pionnier du web en Tunisie depuis 2000 et dipl\u00f4m\u00e9 en Math\u00e9matiques pures de l'Universit\u00e9 d'Oregon. \u00c0 travers cette signature, la r\u00e9daction de Webdo garantit une information structur\u00e9e et v\u00e9rifi\u00e9e, fid\u00e8le aux standards journalistiques du m\u00e9dia.\",\"url\":\"https:\\\/\\\/www.webdo.tn\\\/fr\\\/actualite\\\/author\\\/ramzi-haddad\\\/\"}]}<\/script>\n<!-- \/ Yoast SEO Premium plugin. -->","yoast_head_json":{"title":"Cessez-le-feu fragilis\u00e9 : Trump critique s\u00e9v\u00e8rement Isra\u00ebl - webdo","description":"Donald Trump critique s\u00e9v\u00e8rement Isra\u00ebl apr\u00e8s des frappes, le cessez-le-feu fragilis\u00e9 ne tenant que quelques heures.","canonical":"https:\/\/www.webdo.tn\/fr\/actualite\/international\/cessez-le-feu-fragilise-trump-critique-severement-israel-apres-de-nouvelles-frappes\/378300\/","og_locale":"fr_FR","og_type":"article","og_title":"Cessez-le-feu fragilis\u00e9 : Trump critique s\u00e9v\u00e8rement Isra\u00ebl","og_description":"Donald Trump critique s\u00e9v\u00e8rement Isra\u00ebl apr\u00e8s des frappes, le cessez-le-feu fragilis\u00e9 ne tenant que quelques heures.","og_url":"https:\/\/www.webdo.tn\/fr\/actualite\/international\/cessez-le-feu-fragilise-trump-critique-severement-israel-apres-de-nouvelles-frappes\/378300\/","og_site_name":"webdo","article_publisher":"https:\/\/www.facebook.com\/webdotn","article_published_time":"2025-06-24T16:34:11+00:00","article_modified_time":"2025-06-24T17:05:46+00:00","og_image":[{"width":1280,"height":720,"url":"https:\/\/www.webdo.tn\/fr\/wp-content\/uploads\/2025\/06\/trump-israel.jpg","type":"image\/jpeg"}],"author":"Ramzi Haddad","twitter_card":"summary_large_image","twitter_creator":"@webdo_tn","twitter_site":"@webdo_tn","twitter_misc":{"\u00c9crit par":"Ramzi Haddad","Dur\u00e9e de lecture estim\u00e9e":"2 minutes"},"schema":{"@context":"https:\/\/schema.org","@graph":[{"@type":"NewsArticle","@id":"https:\/\/www.webdo.tn\/fr\/actualite\/international\/cessez-le-feu-fragilise-trump-critique-severement-israel-apres-de-nouvelles-frappes\/378300\/#article","isPartOf":{"@id":"https:\/\/www.webdo.tn\/fr\/actualite\/international\/cessez-le-feu-fragilise-trump-critique-severement-israel-apres-de-nouvelles-frappes\/378300\/"},"author":{"name":"Ramzi Haddad","@id":"https:\/\/www.webdo.tn\/fr\/#\/schema\/person\/5663044c25eb36d8f88ba5b653f12f8c"},"headline":"Cessez-le-feu fragilis\u00e9 : Trump critique s\u00e9v\u00e8rement Isra\u00ebl","datePublished":"2025-06-24T16:34:11+00:00","dateModified":"2025-06-24T17:05:46+00:00","mainEntityOfPage":{"@id":"https:\/\/www.webdo.tn\/fr\/actualite\/international\/cessez-le-feu-fragilise-trump-critique-severement-israel-apres-de-nouvelles-frappes\/378300\/"},"wordCount":269,"commentCount":0,"publisher":{"@id":"https:\/\/www.webdo.tn\/fr\/#organization"},"image":{"@id":"https:\/\/www.webdo.tn\/fr\/actualite\/international\/cessez-le-feu-fragilise-trump-critique-severement-israel-apres-de-nouvelles-frappes\/378300\/#primaryimage"},"thumbnailUrl":"https:\/\/www.webdo.tn\/fr\/wp-content\/uploads\/2025\/06\/trump-israel.jpg","keywords":["Iran","isra\u00ebl","trump"],"articleSection":["International"],"inLanguage":"fr-FR"},{"@type":"WebPage","@id":"https:\/\/www.webdo.tn\/fr\/actualite\/international\/cessez-le-feu-fragilise-trump-critique-severement-israel-apres-de-nouvelles-frappes\/378300\/","url":"https:\/\/www.webdo.tn\/fr\/actualite\/international\/cessez-le-feu-fragilise-trump-critique-severement-israel-apres-de-nouvelles-frappes\/378300\/","name":"Cessez-le-feu fragilis\u00e9 : Trump critique s\u00e9v\u00e8rement Isra\u00ebl - webdo","isPartOf":{"@id":"https:\/\/www.webdo.tn\/fr\/#website"},"primaryImageOfPage":{"@id":"https:\/\/www.webdo.tn\/fr\/actualite\/international\/cessez-le-feu-fragilise-trump-critique-severement-israel-apres-de-nouvelles-frappes\/378300\/#primaryimage"},"image":{"@id":"https:\/\/www.webdo.tn\/fr\/actualite\/international\/cessez-le-feu-fragilise-trump-critique-severement-israel-apres-de-nouvelles-frappes\/378300\/#primaryimage"},"thumbnailUrl":"https:\/\/www.webdo.tn\/fr\/wp-content\/uploads\/2025\/06\/trump-israel.jpg","datePublished":"2025-06-24T16:34:11+00:00","dateModified":"2025-06-24T17:05:46+00:00","description":"Donald Trump critique s\u00e9v\u00e8rement Isra\u00ebl apr\u00e8s des frappes, le cessez-le-feu fragilis\u00e9 ne tenant que quelques heures.","breadcrumb":{"@id":"https:\/\/www.webdo.tn\/fr\/actualite\/international\/cessez-le-feu-fragilise-trump-critique-severement-israel-apres-de-nouvelles-frappes\/378300\/#breadcrumb"},"inLanguage":"fr-FR","potentialAction":[{"@type":"ReadAction","target":["https:\/\/www.webdo.tn\/fr\/actualite\/international\/cessez-le-feu-fragilise-trump-critique-severement-israel-apres-de-nouvelles-frappes\/378300\/"]}]},{"@type":"ImageObject","inLanguage":"fr-FR","@id":"https:\/\/www.webdo.tn\/fr\/actualite\/international\/cessez-le-feu-fragilise-trump-critique-severement-israel-apres-de-nouvelles-frappes\/378300\/#primaryimage","url":"https:\/\/www.webdo.tn\/fr\/wp-content\/uploads\/2025\/06\/trump-israel.jpg","contentUrl":"https:\/\/www.webdo.tn\/fr\/wp-content\/uploads\/2025\/06\/trump-israel.jpg","width":1280,"height":720,"caption":"Trump critique s\u00e9v\u00e8rement Isra\u00ebl"},{"@type":"BreadcrumbList","@id":"https:\/\/www.webdo.tn\/fr\/actualite\/international\/cessez-le-feu-fragilise-trump-critique-severement-israel-apres-de-nouvelles-frappes\/378300\/#breadcrumb","itemListElement":[{"@type":"ListItem","position":1,"name":"Accueil","item":"https:\/\/www.webdo.tn\/fr\/"},{"@type":"ListItem","position":2,"name":"Cessez-le-feu fragilis\u00e9 : Trump critique s\u00e9v\u00e8rement Isra\u00ebl"}]},{"@type":"WebSite","@id":"https:\/\/www.webdo.tn\/fr\/#website","url":"https:\/\/www.webdo.tn\/fr\/","name":"webdo","description":"Tunisie - News en Tunisie et \u00e0 l&#039;international sur Webdo.tn","publisher":{"@id":"https:\/\/www.webdo.tn\/fr\/#organization"},"potentialAction":[{"@type":"SearchAction","target":{"@type":"EntryPoint","urlTemplate":"https:\/\/www.webdo.tn\/fr\/?s={search_term_string}"},"query-input":{"@type":"PropertyValueSpecification","valueRequired":true,"valueName":"search_term_string"}}],"inLanguage":"fr-FR"},{"@type":"Organization","@id":"https:\/\/www.webdo.tn\/fr\/#organization","name":"Webdo","alternateName":"Webdo.tn","url":"https:\/\/www.webdo.tn\/fr\/","logo":{"@type":"ImageObject","inLanguage":"fr-FR","@id":"https:\/\/www.webdo.tn\/fr\/#\/schema\/logo\/image\/","url":"https:\/\/www.webdo.tn\/fr\/wp-content\/uploads\/2025\/06\/Webdo-Tunisie_168377.jpg","contentUrl":"https:\/\/www.webdo.tn\/fr\/wp-content\/uploads\/2025\/06\/Webdo-Tunisie_168377.jpg","width":301,"height":301,"caption":"Webdo"},"image":{"@id":"https:\/\/www.webdo.tn\/fr\/#\/schema\/logo\/image\/"},"sameAs":["https:\/\/www.facebook.com\/webdotn","https:\/\/x.com\/webdo_tn"],"description":"Webdo est un m\u00e9dia num\u00e9rique tunisien fond\u00e9 en 2010, sp\u00e9cialis\u00e9 dans l\u2019actualit\u00e9 nationale et internationale, l\u2019\u00e9conomie, la soci\u00e9t\u00e9 et les analyses politiques. Le site s\u2019adresse \u00e0 un large public francophone et couvre l\u2019information tunisienne en temps r\u00e9el.","email":"redac@webdo.tn","legalName":"YNJ SARL","foundingDate":"2010-09-06","numberOfEmployees":{"@type":"QuantitativeValue","minValue":"11","maxValue":"50"}},{"@type":"Person","@id":"https:\/\/www.webdo.tn\/fr\/#\/schema\/person\/5663044c25eb36d8f88ba5b653f12f8c","name":"Ramzi Haddad","image":{"@type":"ImageObject","inLanguage":"fr-FR","@id":"https:\/\/www.webdo.tn\/fr\/wp-content\/uploads\/2026\/04\/ramzi-haddad_avatar-96x96.jpg","url":"https:\/\/www.webdo.tn\/fr\/wp-content\/uploads\/2026\/04\/ramzi-haddad_avatar-96x96.jpg","contentUrl":"https:\/\/www.webdo.tn\/fr\/wp-content\/uploads\/2026\/04\/ramzi-haddad_avatar-96x96.jpg","caption":"Ramzi Haddad"},"description":"Signature \u00e9ditoriale de Walid Ben Youssef Ramzi Haddad est le pseudonyme \u00e9ditorial de Walid Ben Youssef, fondateur et g\u00e9rant de Webdo.tn. Cette signature est d\u00e9di\u00e9e \u00e0 la couverture de l'actualit\u00e9 nationale et internationale, ainsi qu'aux analyses des dynamiques num\u00e9riques. Ce profil b\u00e9n\u00e9ficie de l'expertise de Walid Ben Youssef, pionnier du web en Tunisie depuis 2000 et dipl\u00f4m\u00e9 en Math\u00e9matiques pures de l'Universit\u00e9 d'Oregon. \u00c0 travers cette signature, la r\u00e9daction de Webdo garantit une information structur\u00e9e et v\u00e9rifi\u00e9e, fid\u00e8le aux standards journalistiques du m\u00e9dia.","url":"https:\/\/www.webdo.tn\/fr\/actualite\/author\/ramzi-haddad\/"}]}},"_links":{"self":[{"href":"https:\/\/www.webdo.tn\/fr\/wp-json\/wp\/v2\/posts\/378300","targetHints":{"allow":["GET"]}}],"collection":[{"href":"https:\/\/www.webdo.tn\/fr\/wp-json\/wp\/v2\/posts"}],"about":[{"href":"https:\/\/www.webdo.tn\/fr\/wp-json\/wp\/v2\/types\/post"}],"author":[{"embeddable":true,"href":"https:\/\/www.webdo.tn\/fr\/wp-json\/wp\/v2\/users\/3203"}],"replies":[{"embeddable":true,"href":"https:\/\/www.webdo.tn\/fr\/wp-json\/wp\/v2\/comments?post=378300"}],"version-history":[{"count":0,"href":"https:\/\/www.webdo.tn\/fr\/wp-json\/wp\/v2\/posts\/378300\/revisions"}],"wp:featuredmedia":[{"embeddable":true,"href":"https:\/\/www.webdo.tn\/fr\/wp-json\/wp\/v2\/media\/378311"}],"wp:attachment":[{"href":"https:\/\/www.webdo.tn\/fr\/wp-json\/wp\/v2\/media?parent=378300"}],"wp:term":[{"taxonomy":"category","embeddable":true,"href":"https:\/\/www.webdo.tn\/fr\/wp-json\/wp\/v2\/categories?post=378300"},{"taxonomy":"post_tag","embeddable":true,"href":"https:\/\/www.webdo.tn\/fr\/wp-json\/wp\/v2\/tags?post=378300"}],"curies":[{"name":"wp","href":"https:\/\/api.w.org\/{rel}","templated":true}]}}