{"id":378294,"date":"2025-06-24T13:51:49","date_gmt":"2025-06-24T12:51:49","guid":{"rendered":"https:\/\/www.webdo.tn\/fr\/?p=378294"},"modified":"2025-06-24T19:41:50","modified_gmt":"2025-06-24T18:41:50","slug":"a-bizerte-la-guerre-contre-loccupation-illegale-des-plages-continue","status":"publish","type":"post","link":"https:\/\/www.webdo.tn\/fr\/actualite\/regions\/a-bizerte-la-guerre-contre-loccupation-illegale-des-plages-continue\/378294\/","title":{"rendered":"\u00c0 Bizerte, la guerre contre l\u2019occupation ill\u00e9gale des plages continue"},"content":{"rendered":"\n<p><strong>Une vaste op\u00e9ration de contr\u00f4le men\u00e9e mardi par les services de contr\u00f4le conjoints sur la plage de Ras Angela, dans la d\u00e9l\u00e9gation de Bizerte Sud, a abouti \u00e0 la r\u00e9daction de plus de 12 proc\u00e8s-verbaux, selon Maher Kcharem, chef du bureau r\u00e9gional de l\u2019Agence de Protection et d\u2019Am\u00e9nagement du Littoral (APAL) \u00e0 Bizerte.<\/strong><\/p>\n\n\n\n<p>Interrog\u00e9 par le correspondant de la Radio tunisienne dans la r\u00e9gion, Tarek Jebbar, le responsable a pr\u00e9cis\u00e9 que cette campagne s\u2019inscrivait dans le cadre des activit\u00e9s de la commission r\u00e9gionale de surveillance des plages.<\/p>\n\n\n\n<p>Lors de cette op\u00e9ration, plus de 30 chaises, 5 tables, 32 parasols et 40 cabanes en roseau ont \u00e9t\u00e9 saisis. Plusieurs avertissements ont \u00e9galement \u00e9t\u00e9 \u00e9mis contre des contrevenants, les mettant en garde contre toute r\u00e9cidive.<\/p>\n\n\n\n<p>Maher Kcharem a soulign\u00e9 que ces campagnes se poursuivent dans l\u2019ensemble des zones c\u00f4ti\u00e8res du gouvernorat de Bizerte et qu\u2019elles viseront tant les d\u00e9tenteurs de licences que ceux qui occupent ill\u00e9galement le domaine public maritime en violation des textes en vigueur.<\/p>\n\n\n\n<p><\/p>\n","protected":false},"excerpt":{"rendered":"<p>Une vaste op\u00e9ration de contr\u00f4le men\u00e9e mardi par les services de contr\u00f4le conjoints sur la plage de Ras Angela, dans la d\u00e9l\u00e9gation de Bizerte Sud, a abouti \u00e0 la r\u00e9daction de plus de 12 proc\u00e8s-verbaux, selon Maher Kcharem, chef du bureau r\u00e9gional de l\u2019Agence de Protection et d\u2019Am\u00e9nagement du Littoral (APAL) \u00e0 Bizerte. Interrog\u00e9 par [&hellip;]<\/p>\n","protected":false},"author":3184,"featured_media":378295,"comment_status":"open","ping_status":"open","sticky":false,"template":"","format":"standard","meta":{"footnotes":""},"categories":[2595],"tags":[2707,5273,2608],"class_list":["post-378294","post","type-post","status-publish","format-standard","has-post-thumbnail","hentry","category-regions","tag-bizerte","tag-plage","tag-tunisie"],"yoast_head":"<!-- This site is optimized with the Yoast SEO Premium plugin v27.5 (Yoast SEO v27.5) - https:\/\/yoast.com\/product\/yoast-seo-premium-wordpress\/ -->\n<title>\u00c0 Bizerte, la guerre contre l\u2019occupation ill\u00e9gale des plages continue - webdo<\/title>\n<meta name=\"description\" content=\"D\u00e9couvrez les plages de Bizerte avec les derni\u00e8res nouvelles sur les contr\u00f4les effectu\u00e9s \u00e0 Ras Angela.\" \/>\n<link rel=\"canonical\" href=\"https:\/\/www.webdo.tn\/fr\/actualite\/regions\/a-bizerte-la-guerre-contre-loccupation-illegale-des-plages-continue\/378294\/\" \/>\n<meta property=\"og:locale\" content=\"fr_FR\" \/>\n<meta property=\"og:type\" content=\"article\" \/>\n<meta property=\"og:title\" content=\"\u00c0 Bizerte, la guerre contre l\u2019occupation ill\u00e9gale des plages continue\" \/>\n<meta property=\"og:description\" content=\"D\u00e9couvrez les plages de Bizerte avec les derni\u00e8res nouvelles sur les contr\u00f4les effectu\u00e9s \u00e0 Ras Angela.\" \/>\n<meta property=\"og:url\" content=\"https:\/\/www.webdo.tn\/fr\/actualite\/regions\/a-bizerte-la-guerre-contre-loccupation-illegale-des-plages-continue\/378294\/\" \/>\n<meta property=\"og:site_name\" content=\"webdo\" \/>\n<meta property=\"article:publisher\" content=\"https:\/\/www.facebook.com\/webdotn\" \/>\n<meta property=\"article:published_time\" content=\"2025-06-24T12:51:49+00:00\" \/>\n<meta property=\"article:modified_time\" content=\"2025-06-24T18:41:50+00:00\" \/>\n<meta property=\"og:image\" content=\"https:\/\/www.webdo.tn\/fr\/wp-content\/uploads\/2025\/06\/1750763245351-8340f4349149.jpg\" \/>\n\t<meta property=\"og:image:width\" content=\"1600\" \/>\n\t<meta property=\"og:image:height\" content=\"1200\" \/>\n\t<meta property=\"og:image:type\" content=\"image\/jpeg\" \/>\n<meta name=\"author\" content=\"Wided Belhaj\" \/>\n<meta name=\"twitter:card\" content=\"summary_large_image\" \/>\n<meta name=\"twitter:creator\" content=\"@webdo_tn\" \/>\n<meta name=\"twitter:site\" content=\"@webdo_tn\" \/>\n<meta name=\"twitter:label1\" content=\"\u00c9crit par\" \/>\n\t<meta name=\"twitter:data1\" content=\"Wided Belhaj\" \/>\n\t<meta name=\"twitter:label2\" content=\"Dur\u00e9e de lecture estim\u00e9e\" \/>\n\t<meta name=\"twitter:data2\" content=\"2 minutes\" \/>\n<script type=\"application\/ld+json\" class=\"yoast-schema-graph\">{\"@context\":\"https:\\\/\\\/schema.org\",\"@graph\":[{\"@type\":\"NewsArticle\",\"@id\":\"https:\\\/\\\/www.webdo.tn\\\/fr\\\/actualite\\\/regions\\\/a-bizerte-la-guerre-contre-loccupation-illegale-des-plages-continue\\\/378294\\\/#article\",\"isPartOf\":{\"@id\":\"https:\\\/\\\/www.webdo.tn\\\/fr\\\/actualite\\\/regions\\\/a-bizerte-la-guerre-contre-loccupation-illegale-des-plages-continue\\\/378294\\\/\"},\"author\":{\"name\":\"Wided Belhaj\",\"@id\":\"https:\\\/\\\/www.webdo.tn\\\/fr\\\/#\\\/schema\\\/person\\\/b9ecde7a5574cb4fcf4b496ea5fadb15\"},\"headline\":\"\u00c0 Bizerte, la guerre contre l\u2019occupation ill\u00e9gale des plages continue\",\"datePublished\":\"2025-06-24T12:51:49+00:00\",\"dateModified\":\"2025-06-24T18:41:50+00:00\",\"mainEntityOfPage\":{\"@id\":\"https:\\\/\\\/www.webdo.tn\\\/fr\\\/actualite\\\/regions\\\/a-bizerte-la-guerre-contre-loccupation-illegale-des-plages-continue\\\/378294\\\/\"},\"wordCount\":193,\"commentCount\":0,\"publisher\":{\"@id\":\"https:\\\/\\\/www.webdo.tn\\\/fr\\\/#organization\"},\"image\":{\"@id\":\"https:\\\/\\\/www.webdo.tn\\\/fr\\\/actualite\\\/regions\\\/a-bizerte-la-guerre-contre-loccupation-illegale-des-plages-continue\\\/378294\\\/#primaryimage\"},\"thumbnailUrl\":\"https:\\\/\\\/www.webdo.tn\\\/fr\\\/wp-content\\\/uploads\\\/2025\\\/06\\\/1750763245351-8340f4349149.jpg\",\"keywords\":[\"Bizerte\",\"plage\",\"Tunisie\"],\"articleSection\":[\"regions\"],\"inLanguage\":\"fr-FR\"},{\"@type\":\"WebPage\",\"@id\":\"https:\\\/\\\/www.webdo.tn\\\/fr\\\/actualite\\\/regions\\\/a-bizerte-la-guerre-contre-loccupation-illegale-des-plages-continue\\\/378294\\\/\",\"url\":\"https:\\\/\\\/www.webdo.tn\\\/fr\\\/actualite\\\/regions\\\/a-bizerte-la-guerre-contre-loccupation-illegale-des-plages-continue\\\/378294\\\/\",\"name\":\"\u00c0 Bizerte, la guerre contre l\u2019occupation ill\u00e9gale des plages continue - webdo\",\"isPartOf\":{\"@id\":\"https:\\\/\\\/www.webdo.tn\\\/fr\\\/#website\"},\"primaryImageOfPage\":{\"@id\":\"https:\\\/\\\/www.webdo.tn\\\/fr\\\/actualite\\\/regions\\\/a-bizerte-la-guerre-contre-loccupation-illegale-des-plages-continue\\\/378294\\\/#primaryimage\"},\"image\":{\"@id\":\"https:\\\/\\\/www.webdo.tn\\\/fr\\\/actualite\\\/regions\\\/a-bizerte-la-guerre-contre-loccupation-illegale-des-plages-continue\\\/378294\\\/#primaryimage\"},\"thumbnailUrl\":\"https:\\\/\\\/www.webdo.tn\\\/fr\\\/wp-content\\\/uploads\\\/2025\\\/06\\\/1750763245351-8340f4349149.jpg\",\"datePublished\":\"2025-06-24T12:51:49+00:00\",\"dateModified\":\"2025-06-24T18:41:50+00:00\",\"description\":\"D\u00e9couvrez les plages de Bizerte avec les derni\u00e8res nouvelles sur les contr\u00f4les effectu\u00e9s \u00e0 Ras Angela.\",\"breadcrumb\":{\"@id\":\"https:\\\/\\\/www.webdo.tn\\\/fr\\\/actualite\\\/regions\\\/a-bizerte-la-guerre-contre-loccupation-illegale-des-plages-continue\\\/378294\\\/#breadcrumb\"},\"inLanguage\":\"fr-FR\",\"potentialAction\":[{\"@type\":\"ReadAction\",\"target\":[\"https:\\\/\\\/www.webdo.tn\\\/fr\\\/actualite\\\/regions\\\/a-bizerte-la-guerre-contre-loccupation-illegale-des-plages-continue\\\/378294\\\/\"]}]},{\"@type\":\"ImageObject\",\"inLanguage\":\"fr-FR\",\"@id\":\"https:\\\/\\\/www.webdo.tn\\\/fr\\\/actualite\\\/regions\\\/a-bizerte-la-guerre-contre-loccupation-illegale-des-plages-continue\\\/378294\\\/#primaryimage\",\"url\":\"https:\\\/\\\/www.webdo.tn\\\/fr\\\/wp-content\\\/uploads\\\/2025\\\/06\\\/1750763245351-8340f4349149.jpg\",\"contentUrl\":\"https:\\\/\\\/www.webdo.tn\\\/fr\\\/wp-content\\\/uploads\\\/2025\\\/06\\\/1750763245351-8340f4349149.jpg\",\"width\":1600,\"height\":1200},{\"@type\":\"BreadcrumbList\",\"@id\":\"https:\\\/\\\/www.webdo.tn\\\/fr\\\/actualite\\\/regions\\\/a-bizerte-la-guerre-contre-loccupation-illegale-des-plages-continue\\\/378294\\\/#breadcrumb\",\"itemListElement\":[{\"@type\":\"ListItem\",\"position\":1,\"name\":\"Accueil\",\"item\":\"https:\\\/\\\/www.webdo.tn\\\/fr\\\/\"},{\"@type\":\"ListItem\",\"position\":2,\"name\":\"\u00c0 Bizerte, la guerre contre l\u2019occupation ill\u00e9gale des plages continue\"}]},{\"@type\":\"WebSite\",\"@id\":\"https:\\\/\\\/www.webdo.tn\\\/fr\\\/#website\",\"url\":\"https:\\\/\\\/www.webdo.tn\\\/fr\\\/\",\"name\":\"webdo\",\"description\":\"Tunisie - News en Tunisie et \u00e0 l&#039;international sur Webdo.tn\",\"publisher\":{\"@id\":\"https:\\\/\\\/www.webdo.tn\\\/fr\\\/#organization\"},\"potentialAction\":[{\"@type\":\"SearchAction\",\"target\":{\"@type\":\"EntryPoint\",\"urlTemplate\":\"https:\\\/\\\/www.webdo.tn\\\/fr\\\/?s={search_term_string}\"},\"query-input\":{\"@type\":\"PropertyValueSpecification\",\"valueRequired\":true,\"valueName\":\"search_term_string\"}}],\"inLanguage\":\"fr-FR\"},{\"@type\":\"Organization\",\"@id\":\"https:\\\/\\\/www.webdo.tn\\\/fr\\\/#organization\",\"name\":\"Webdo\",\"alternateName\":\"Webdo.tn\",\"url\":\"https:\\\/\\\/www.webdo.tn\\\/fr\\\/\",\"logo\":{\"@type\":\"ImageObject\",\"inLanguage\":\"fr-FR\",\"@id\":\"https:\\\/\\\/www.webdo.tn\\\/fr\\\/#\\\/schema\\\/logo\\\/image\\\/\",\"url\":\"https:\\\/\\\/www.webdo.tn\\\/fr\\\/wp-content\\\/uploads\\\/2025\\\/06\\\/Webdo-Tunisie_168377.jpg\",\"contentUrl\":\"https:\\\/\\\/www.webdo.tn\\\/fr\\\/wp-content\\\/uploads\\\/2025\\\/06\\\/Webdo-Tunisie_168377.jpg\",\"width\":301,\"height\":301,\"caption\":\"Webdo\"},\"image\":{\"@id\":\"https:\\\/\\\/www.webdo.tn\\\/fr\\\/#\\\/schema\\\/logo\\\/image\\\/\"},\"sameAs\":[\"https:\\\/\\\/www.facebook.com\\\/webdotn\",\"https:\\\/\\\/x.com\\\/webdo_tn\"],\"description\":\"Webdo est un m\u00e9dia num\u00e9rique tunisien fond\u00e9 en 2010, sp\u00e9cialis\u00e9 dans l\u2019actualit\u00e9 nationale et internationale, l\u2019\u00e9conomie, la soci\u00e9t\u00e9 et les analyses politiques. Le site s\u2019adresse \u00e0 un large public francophone et couvre l\u2019information tunisienne en temps r\u00e9el.\",\"email\":\"redac@webdo.tn\",\"legalName\":\"YNJ SARL\",\"foundingDate\":\"2010-09-06\",\"numberOfEmployees\":{\"@type\":\"QuantitativeValue\",\"minValue\":\"11\",\"maxValue\":\"50\"}},{\"@type\":\"Person\",\"@id\":\"https:\\\/\\\/www.webdo.tn\\\/fr\\\/#\\\/schema\\\/person\\\/b9ecde7a5574cb4fcf4b496ea5fadb15\",\"name\":\"Wided Belhaj\",\"image\":{\"@type\":\"ImageObject\",\"inLanguage\":\"fr-FR\",\"@id\":\"https:\\\/\\\/www.webdo.tn\\\/fr\\\/wp-content\\\/uploads\\\/2026\\\/04\\\/wided-belhaj_avatar-96x96.jpg\",\"url\":\"https:\\\/\\\/www.webdo.tn\\\/fr\\\/wp-content\\\/uploads\\\/2026\\\/04\\\/wided-belhaj_avatar-96x96.jpg\",\"contentUrl\":\"https:\\\/\\\/www.webdo.tn\\\/fr\\\/wp-content\\\/uploads\\\/2026\\\/04\\\/wided-belhaj_avatar-96x96.jpg\",\"caption\":\"Wided Belhaj\"},\"description\":\"Wided Belhaj est le pseudonyme \u00e9ditorial utilis\u00e9 par Khalil Jelassi, journaliste, ma\u00eetre-assistant \u00e0 l\u2019Institut de presse et des sciences de l\u2019information (IPSI) et chercheur en sciences de l\u2019information et de la communication. Cette signature est d\u00e9di\u00e9e \u00e0 l\u2019analyse des m\u00e9dias, des pratiques journalistiques et des mutations de l\u2019information \u00e0 l\u2019\u00e8re digitale. \u00c0 travers ses contributions, Wided Belhaj propose une lecture analytique de l\u2019actualit\u00e9, en croisant regard critique et expertise acad\u00e9mique.\",\"knowsAbout\":[\"m\u00e9dias\",\"journalisme\",\"communication\",\"information\",\"transformation num\u00e9rique\",\"analyse des m\u00e9dias\"],\"knowsLanguage\":[\"Fran\u00e7ais\",\"Arabe\"],\"jobTitle\":\"Webdo.tn\",\"worksFor\":\"Journaliste \u2013 Analyse des m\u00e9dias\",\"url\":\"https:\\\/\\\/www.webdo.tn\\\/fr\\\/actualite\\\/author\\\/wided-belhaj\\\/\"}]}<\/script>\n<!-- \/ Yoast SEO Premium plugin. -->","yoast_head_json":{"title":"\u00c0 Bizerte, la guerre contre l\u2019occupation ill\u00e9gale des plages continue - webdo","description":"D\u00e9couvrez les plages de Bizerte avec les derni\u00e8res nouvelles sur les contr\u00f4les effectu\u00e9s \u00e0 Ras Angela.","canonical":"https:\/\/www.webdo.tn\/fr\/actualite\/regions\/a-bizerte-la-guerre-contre-loccupation-illegale-des-plages-continue\/378294\/","og_locale":"fr_FR","og_type":"article","og_title":"\u00c0 Bizerte, la guerre contre l\u2019occupation ill\u00e9gale des plages continue","og_description":"D\u00e9couvrez les plages de Bizerte avec les derni\u00e8res nouvelles sur les contr\u00f4les effectu\u00e9s \u00e0 Ras Angela.","og_url":"https:\/\/www.webdo.tn\/fr\/actualite\/regions\/a-bizerte-la-guerre-contre-loccupation-illegale-des-plages-continue\/378294\/","og_site_name":"webdo","article_publisher":"https:\/\/www.facebook.com\/webdotn","article_published_time":"2025-06-24T12:51:49+00:00","article_modified_time":"2025-06-24T18:41:50+00:00","og_image":[{"width":1600,"height":1200,"url":"https:\/\/www.webdo.tn\/fr\/wp-content\/uploads\/2025\/06\/1750763245351-8340f4349149.jpg","type":"image\/jpeg"}],"author":"Wided Belhaj","twitter_card":"summary_large_image","twitter_creator":"@webdo_tn","twitter_site":"@webdo_tn","twitter_misc":{"\u00c9crit par":"Wided Belhaj","Dur\u00e9e de lecture estim\u00e9e":"2 minutes"},"schema":{"@context":"https:\/\/schema.org","@graph":[{"@type":"NewsArticle","@id":"https:\/\/www.webdo.tn\/fr\/actualite\/regions\/a-bizerte-la-guerre-contre-loccupation-illegale-des-plages-continue\/378294\/#article","isPartOf":{"@id":"https:\/\/www.webdo.tn\/fr\/actualite\/regions\/a-bizerte-la-guerre-contre-loccupation-illegale-des-plages-continue\/378294\/"},"author":{"name":"Wided Belhaj","@id":"https:\/\/www.webdo.tn\/fr\/#\/schema\/person\/b9ecde7a5574cb4fcf4b496ea5fadb15"},"headline":"\u00c0 Bizerte, la guerre contre l\u2019occupation ill\u00e9gale des plages continue","datePublished":"2025-06-24T12:51:49+00:00","dateModified":"2025-06-24T18:41:50+00:00","mainEntityOfPage":{"@id":"https:\/\/www.webdo.tn\/fr\/actualite\/regions\/a-bizerte-la-guerre-contre-loccupation-illegale-des-plages-continue\/378294\/"},"wordCount":193,"commentCount":0,"publisher":{"@id":"https:\/\/www.webdo.tn\/fr\/#organization"},"image":{"@id":"https:\/\/www.webdo.tn\/fr\/actualite\/regions\/a-bizerte-la-guerre-contre-loccupation-illegale-des-plages-continue\/378294\/#primaryimage"},"thumbnailUrl":"https:\/\/www.webdo.tn\/fr\/wp-content\/uploads\/2025\/06\/1750763245351-8340f4349149.jpg","keywords":["Bizerte","plage","Tunisie"],"articleSection":["regions"],"inLanguage":"fr-FR"},{"@type":"WebPage","@id":"https:\/\/www.webdo.tn\/fr\/actualite\/regions\/a-bizerte-la-guerre-contre-loccupation-illegale-des-plages-continue\/378294\/","url":"https:\/\/www.webdo.tn\/fr\/actualite\/regions\/a-bizerte-la-guerre-contre-loccupation-illegale-des-plages-continue\/378294\/","name":"\u00c0 Bizerte, la guerre contre l\u2019occupation ill\u00e9gale des plages continue - webdo","isPartOf":{"@id":"https:\/\/www.webdo.tn\/fr\/#website"},"primaryImageOfPage":{"@id":"https:\/\/www.webdo.tn\/fr\/actualite\/regions\/a-bizerte-la-guerre-contre-loccupation-illegale-des-plages-continue\/378294\/#primaryimage"},"image":{"@id":"https:\/\/www.webdo.tn\/fr\/actualite\/regions\/a-bizerte-la-guerre-contre-loccupation-illegale-des-plages-continue\/378294\/#primaryimage"},"thumbnailUrl":"https:\/\/www.webdo.tn\/fr\/wp-content\/uploads\/2025\/06\/1750763245351-8340f4349149.jpg","datePublished":"2025-06-24T12:51:49+00:00","dateModified":"2025-06-24T18:41:50+00:00","description":"D\u00e9couvrez les plages de Bizerte avec les derni\u00e8res nouvelles sur les contr\u00f4les effectu\u00e9s \u00e0 Ras Angela.","breadcrumb":{"@id":"https:\/\/www.webdo.tn\/fr\/actualite\/regions\/a-bizerte-la-guerre-contre-loccupation-illegale-des-plages-continue\/378294\/#breadcrumb"},"inLanguage":"fr-FR","potentialAction":[{"@type":"ReadAction","target":["https:\/\/www.webdo.tn\/fr\/actualite\/regions\/a-bizerte-la-guerre-contre-loccupation-illegale-des-plages-continue\/378294\/"]}]},{"@type":"ImageObject","inLanguage":"fr-FR","@id":"https:\/\/www.webdo.tn\/fr\/actualite\/regions\/a-bizerte-la-guerre-contre-loccupation-illegale-des-plages-continue\/378294\/#primaryimage","url":"https:\/\/www.webdo.tn\/fr\/wp-content\/uploads\/2025\/06\/1750763245351-8340f4349149.jpg","contentUrl":"https:\/\/www.webdo.tn\/fr\/wp-content\/uploads\/2025\/06\/1750763245351-8340f4349149.jpg","width":1600,"height":1200},{"@type":"BreadcrumbList","@id":"https:\/\/www.webdo.tn\/fr\/actualite\/regions\/a-bizerte-la-guerre-contre-loccupation-illegale-des-plages-continue\/378294\/#breadcrumb","itemListElement":[{"@type":"ListItem","position":1,"name":"Accueil","item":"https:\/\/www.webdo.tn\/fr\/"},{"@type":"ListItem","position":2,"name":"\u00c0 Bizerte, la guerre contre l\u2019occupation ill\u00e9gale des plages continue"}]},{"@type":"WebSite","@id":"https:\/\/www.webdo.tn\/fr\/#website","url":"https:\/\/www.webdo.tn\/fr\/","name":"webdo","description":"Tunisie - News en Tunisie et \u00e0 l&#039;international sur Webdo.tn","publisher":{"@id":"https:\/\/www.webdo.tn\/fr\/#organization"},"potentialAction":[{"@type":"SearchAction","target":{"@type":"EntryPoint","urlTemplate":"https:\/\/www.webdo.tn\/fr\/?s={search_term_string}"},"query-input":{"@type":"PropertyValueSpecification","valueRequired":true,"valueName":"search_term_string"}}],"inLanguage":"fr-FR"},{"@type":"Organization","@id":"https:\/\/www.webdo.tn\/fr\/#organization","name":"Webdo","alternateName":"Webdo.tn","url":"https:\/\/www.webdo.tn\/fr\/","logo":{"@type":"ImageObject","inLanguage":"fr-FR","@id":"https:\/\/www.webdo.tn\/fr\/#\/schema\/logo\/image\/","url":"https:\/\/www.webdo.tn\/fr\/wp-content\/uploads\/2025\/06\/Webdo-Tunisie_168377.jpg","contentUrl":"https:\/\/www.webdo.tn\/fr\/wp-content\/uploads\/2025\/06\/Webdo-Tunisie_168377.jpg","width":301,"height":301,"caption":"Webdo"},"image":{"@id":"https:\/\/www.webdo.tn\/fr\/#\/schema\/logo\/image\/"},"sameAs":["https:\/\/www.facebook.com\/webdotn","https:\/\/x.com\/webdo_tn"],"description":"Webdo est un m\u00e9dia num\u00e9rique tunisien fond\u00e9 en 2010, sp\u00e9cialis\u00e9 dans l\u2019actualit\u00e9 nationale et internationale, l\u2019\u00e9conomie, la soci\u00e9t\u00e9 et les analyses politiques. Le site s\u2019adresse \u00e0 un large public francophone et couvre l\u2019information tunisienne en temps r\u00e9el.","email":"redac@webdo.tn","legalName":"YNJ SARL","foundingDate":"2010-09-06","numberOfEmployees":{"@type":"QuantitativeValue","minValue":"11","maxValue":"50"}},{"@type":"Person","@id":"https:\/\/www.webdo.tn\/fr\/#\/schema\/person\/b9ecde7a5574cb4fcf4b496ea5fadb15","name":"Wided Belhaj","image":{"@type":"ImageObject","inLanguage":"fr-FR","@id":"https:\/\/www.webdo.tn\/fr\/wp-content\/uploads\/2026\/04\/wided-belhaj_avatar-96x96.jpg","url":"https:\/\/www.webdo.tn\/fr\/wp-content\/uploads\/2026\/04\/wided-belhaj_avatar-96x96.jpg","contentUrl":"https:\/\/www.webdo.tn\/fr\/wp-content\/uploads\/2026\/04\/wided-belhaj_avatar-96x96.jpg","caption":"Wided Belhaj"},"description":"Wided Belhaj est le pseudonyme \u00e9ditorial utilis\u00e9 par Khalil Jelassi, journaliste, ma\u00eetre-assistant \u00e0 l\u2019Institut de presse et des sciences de l\u2019information (IPSI) et chercheur en sciences de l\u2019information et de la communication. Cette signature est d\u00e9di\u00e9e \u00e0 l\u2019analyse des m\u00e9dias, des pratiques journalistiques et des mutations de l\u2019information \u00e0 l\u2019\u00e8re digitale. \u00c0 travers ses contributions, Wided Belhaj propose une lecture analytique de l\u2019actualit\u00e9, en croisant regard critique et expertise acad\u00e9mique.","knowsAbout":["m\u00e9dias","journalisme","communication","information","transformation num\u00e9rique","analyse des m\u00e9dias"],"knowsLanguage":["Fran\u00e7ais","Arabe"],"jobTitle":"Webdo.tn","worksFor":"Journaliste \u2013 Analyse des m\u00e9dias","url":"https:\/\/www.webdo.tn\/fr\/actualite\/author\/wided-belhaj\/"}]}},"_links":{"self":[{"href":"https:\/\/www.webdo.tn\/fr\/wp-json\/wp\/v2\/posts\/378294","targetHints":{"allow":["GET"]}}],"collection":[{"href":"https:\/\/www.webdo.tn\/fr\/wp-json\/wp\/v2\/posts"}],"about":[{"href":"https:\/\/www.webdo.tn\/fr\/wp-json\/wp\/v2\/types\/post"}],"author":[{"embeddable":true,"href":"https:\/\/www.webdo.tn\/fr\/wp-json\/wp\/v2\/users\/3184"}],"replies":[{"embeddable":true,"href":"https:\/\/www.webdo.tn\/fr\/wp-json\/wp\/v2\/comments?post=378294"}],"version-history":[{"count":0,"href":"https:\/\/www.webdo.tn\/fr\/wp-json\/wp\/v2\/posts\/378294\/revisions"}],"wp:featuredmedia":[{"embeddable":true,"href":"https:\/\/www.webdo.tn\/fr\/wp-json\/wp\/v2\/media\/378295"}],"wp:attachment":[{"href":"https:\/\/www.webdo.tn\/fr\/wp-json\/wp\/v2\/media?parent=378294"}],"wp:term":[{"taxonomy":"category","embeddable":true,"href":"https:\/\/www.webdo.tn\/fr\/wp-json\/wp\/v2\/categories?post=378294"},{"taxonomy":"post_tag","embeddable":true,"href":"https:\/\/www.webdo.tn\/fr\/wp-json\/wp\/v2\/tags?post=378294"}],"curies":[{"name":"wp","href":"https:\/\/api.w.org\/{rel}","templated":true}]}}