{"id":378283,"date":"2025-06-24T12:02:55","date_gmt":"2025-06-24T11:02:55","guid":{"rendered":"https:\/\/www.webdo.tn\/fr\/?p=378283"},"modified":"2025-06-24T12:02:57","modified_gmt":"2025-06-24T11:02:57","slug":"le-petrole-devisse-apres-la-reponse-mesuree-de-liran-aux-frappes-americaines","status":"publish","type":"post","link":"https:\/\/www.webdo.tn\/fr\/actualite\/international\/le-petrole-devisse-apres-la-reponse-mesuree-de-liran-aux-frappes-americaines\/378283\/","title":{"rendered":"Le p\u00e9trole d\u00e9visse apr\u00e8s la r\u00e9ponse mesur\u00e9e de l\u2019Iran aux frappes am\u00e9ricaines"},"content":{"rendered":"\n<p>Les prix du p\u00e9trole poursuivent leur repli ce mardi, port\u00e9s par l\u2019accalmie relative dans les tensions entre l\u2019Iran et les \u00c9tats-Unis. La riposte iranienne aux r\u00e9centes frappes am\u00e9ricaines, jug\u00e9e symbolique, semble avoir \u00e9loign\u00e9 le spectre d\u2019une fermeture du d\u00e9troit d\u2019Ormuz, passage strat\u00e9gique pour l\u2019approvisionnement mondial en brut.<\/p>\n\n\n\n<p>Lundi, l\u2019Iran a tir\u00e9 des missiles sur la base militaire am\u00e9ricaine d&rsquo;Al-Udeid, au Qatar \u2013 la plus importante du Moyen-Orient \u2013 en repr\u00e9sailles aux frappes am\u00e9ricaines men\u00e9es ce week-end contre trois sites nucl\u00e9aires iraniens. Toutefois, cette attaque n\u2019a caus\u00e9 ni bless\u00e9s ni pertes humaines, selon les autorit\u00e9s am\u00e9ricaines.<\/p>\n\n\n\n<p>Le pr\u00e9sident am\u00e9ricain Donald Trump a qualifi\u00e9 cette riposte de \u00ab tr\u00e8s faible \u00bb et a m\u00eame remerci\u00e9 T\u00e9h\u00e9ran d\u2019avoir pr\u00e9venu Washington \u00ab \u00e0 temps \u00bb, permettant d\u2019\u00e9viter toute victime. Une r\u00e9action qui a contribu\u00e9 \u00e0 d\u00e9tendre les march\u00e9s.<\/p>\n\n\n\n<p>\u00ab Les frappes iraniennes \u00e9taient plus symboliques que destructrices \u00bb, explique Ole Hvalbye, analyste chez SEB. Une lecture partag\u00e9e par Jorge Leon, de Rystad Energy : \u00ab Le risque de fermeture du d\u00e9troit d\u2019Ormuz a nettement diminu\u00e9, les tensions s\u2019\u00e9tant apais\u00e9es. \u00bb<\/p>\n\n\n\n<p>Chaque jour, environ 20 millions de barils de p\u00e9trole \u2013 soit pr\u00e8s de 20 % du commerce mondial \u2013 transitent par ce d\u00e9troit, consid\u00e9r\u00e9 comme l\u2019un des points n\u00e9vralgiques du march\u00e9 \u00e9nerg\u00e9tique.<\/p>\n\n\n\n<p>\u00c0 09h20 GMT,, le baril de Brent de la mer du Nord, pour livraison en ao\u00fbt, chutait de 3,30 %, \u00e0 69,12 dollars. Le WTI am\u00e9ricain, pour la m\u00eame \u00e9ch\u00e9ance, perdait 3,28 %, \u00e0 66,26 dollars.<\/p>\n\n\n\n<p>Malgr\u00e9 l\u2019annonce par Donald Trump d\u2019un cessez-le-feu accept\u00e9 par les deux parties \u2013 confirm\u00e9 par Isra\u00ebl \u2013, le ministre isra\u00e9lien de la D\u00e9fense a rapidement d\u00e9clar\u00e9 avoir ordonn\u00e9 une riposte \u00e0 ce qu\u2019il consid\u00e8re comme une \u00ab violation \u00bb de l\u2019accord par l\u2019Iran. Un flou persiste donc sur la suite des \u00e9v\u00e9nements.<\/p>\n\n\n\n<p>En attendant, la prime de risque g\u00e9opolitique, qui avait aliment\u00e9 la hausse des prix depuis la premi\u00e8re frappe isra\u00e9lienne contre l\u2019Iran il y a deux semaines, s\u2019est \u00ab totalement \u00e9vapor\u00e9e \u00bb, constate Tamas Varga, analyste chez PVM Energy.<\/p>\n\n\n\n<p>Pour les analystes, un blocage total du d\u00e9troit d\u2019Ormuz reste improbable. Deux ol\u00e9oducs strat\u00e9giques \u2013 l\u2019un en Arabie saoudite, l\u2019autre aux \u00c9mirats arabes unis \u2013 permettent d\u00e9j\u00e0 de d\u00e9tourner environ 6,5 millions de barils par jour de cette voie maritime, selon Sumit Ritolia, analyste chez Kpler.<\/p>\n","protected":false},"excerpt":{"rendered":"<p>Les prix du p\u00e9trole poursuivent leur repli ce mardi, port\u00e9s par l\u2019accalmie relative dans les tensions entre l\u2019Iran et les \u00c9tats-Unis. La riposte iranienne aux r\u00e9centes frappes am\u00e9ricaines, jug\u00e9e symbolique, semble avoir \u00e9loign\u00e9 le spectre d\u2019une fermeture du d\u00e9troit d\u2019Ormuz, passage strat\u00e9gique pour l\u2019approvisionnement mondial en brut. Lundi, l\u2019Iran a tir\u00e9 des missiles sur la [&hellip;]<\/p>\n","protected":false},"author":3191,"featured_media":378284,"comment_status":"open","ping_status":"open","sticky":false,"template":"","format":"standard","meta":{"footnotes":""},"categories":[2598],"tags":[3578,3343,3035,2912,2636,5156,4691],"class_list":["post-378283","post","type-post","status-publish","format-standard","has-post-thumbnail","hentry","category-international","tag-baisse","tag-crise","tag-etats-unis","tag-iran","tag-israel","tag-moyen-orient","tag-petrole"],"yoast_head":"<!-- This site is optimized with the Yoast SEO Premium plugin v27.5 (Yoast SEO v27.5) - https:\/\/yoast.com\/product\/yoast-seo-premium-wordpress\/ -->\n<title>Le p\u00e9trole d\u00e9visse apr\u00e8s la r\u00e9ponse mesur\u00e9e de l\u2019Iran aux frappes am\u00e9ricaines - webdo<\/title>\n<meta name=\"description\" content=\"Les prix du p\u00e9trole chutent ce mardi, apais\u00e9s par l&#039;accalmie des tensions entre l&#039;Iran et les \u00c9tats-Unis.\" \/>\n<link rel=\"canonical\" href=\"https:\/\/www.webdo.tn\/fr\/actualite\/international\/le-petrole-devisse-apres-la-reponse-mesuree-de-liran-aux-frappes-americaines\/378283\/\" \/>\n<meta property=\"og:locale\" content=\"fr_FR\" \/>\n<meta property=\"og:type\" content=\"article\" \/>\n<meta property=\"og:title\" content=\"Le p\u00e9trole d\u00e9visse apr\u00e8s la r\u00e9ponse mesur\u00e9e de l\u2019Iran aux frappes am\u00e9ricaines\" \/>\n<meta property=\"og:description\" content=\"Les prix du p\u00e9trole chutent ce mardi, apais\u00e9s par l&#039;accalmie des tensions entre l&#039;Iran et les \u00c9tats-Unis.\" \/>\n<meta property=\"og:url\" content=\"https:\/\/www.webdo.tn\/fr\/actualite\/international\/le-petrole-devisse-apres-la-reponse-mesuree-de-liran-aux-frappes-americaines\/378283\/\" \/>\n<meta property=\"og:site_name\" content=\"webdo\" \/>\n<meta property=\"article:publisher\" content=\"https:\/\/www.facebook.com\/webdotn\" \/>\n<meta property=\"article:published_time\" content=\"2025-06-24T11:02:55+00:00\" \/>\n<meta property=\"article:modified_time\" content=\"2025-06-24T11:02:57+00:00\" \/>\n<meta property=\"og:image\" content=\"https:\/\/www.webdo.tn\/fr\/wp-content\/uploads\/2025\/06\/Petrole.jpeg\" \/>\n\t<meta property=\"og:image:width\" content=\"1920\" \/>\n\t<meta property=\"og:image:height\" content=\"1080\" \/>\n\t<meta property=\"og:image:type\" content=\"image\/jpeg\" \/>\n<meta name=\"author\" content=\"Mohamed Hedi Touati\" \/>\n<meta name=\"twitter:card\" content=\"summary_large_image\" \/>\n<meta name=\"twitter:creator\" content=\"@webdo_tn\" \/>\n<meta name=\"twitter:site\" content=\"@webdo_tn\" \/>\n<meta name=\"twitter:label1\" content=\"\u00c9crit par\" \/>\n\t<meta name=\"twitter:data1\" content=\"Mohamed Hedi Touati\" \/>\n\t<meta name=\"twitter:label2\" content=\"Dur\u00e9e de lecture estim\u00e9e\" \/>\n\t<meta name=\"twitter:data2\" content=\"3 minutes\" \/>\n<script type=\"application\/ld+json\" class=\"yoast-schema-graph\">{\"@context\":\"https:\\\/\\\/schema.org\",\"@graph\":[{\"@type\":\"NewsArticle\",\"@id\":\"https:\\\/\\\/www.webdo.tn\\\/fr\\\/actualite\\\/international\\\/le-petrole-devisse-apres-la-reponse-mesuree-de-liran-aux-frappes-americaines\\\/378283\\\/#article\",\"isPartOf\":{\"@id\":\"https:\\\/\\\/www.webdo.tn\\\/fr\\\/actualite\\\/international\\\/le-petrole-devisse-apres-la-reponse-mesuree-de-liran-aux-frappes-americaines\\\/378283\\\/\"},\"author\":{\"name\":\"Mohamed Hedi Touati\",\"@id\":\"https:\\\/\\\/www.webdo.tn\\\/fr\\\/#\\\/schema\\\/person\\\/c652cd8fc2b1b44412b5ffb48c5a911d\"},\"headline\":\"Le p\u00e9trole d\u00e9visse apr\u00e8s la r\u00e9ponse mesur\u00e9e de l\u2019Iran aux frappes am\u00e9ricaines\",\"datePublished\":\"2025-06-24T11:02:55+00:00\",\"dateModified\":\"2025-06-24T11:02:57+00:00\",\"mainEntityOfPage\":{\"@id\":\"https:\\\/\\\/www.webdo.tn\\\/fr\\\/actualite\\\/international\\\/le-petrole-devisse-apres-la-reponse-mesuree-de-liran-aux-frappes-americaines\\\/378283\\\/\"},\"wordCount\":438,\"commentCount\":0,\"publisher\":{\"@id\":\"https:\\\/\\\/www.webdo.tn\\\/fr\\\/#organization\"},\"image\":{\"@id\":\"https:\\\/\\\/www.webdo.tn\\\/fr\\\/actualite\\\/international\\\/le-petrole-devisse-apres-la-reponse-mesuree-de-liran-aux-frappes-americaines\\\/378283\\\/#primaryimage\"},\"thumbnailUrl\":\"https:\\\/\\\/www.webdo.tn\\\/fr\\\/wp-content\\\/uploads\\\/2025\\\/06\\\/Petrole.jpeg\",\"keywords\":[\"baisse\",\"crise\",\"Etats-Unis\",\"Iran\",\"isra\u00ebl\",\"moyen-orient\",\"p\u00e9trole\"],\"articleSection\":[\"International\"],\"inLanguage\":\"fr-FR\"},{\"@type\":\"WebPage\",\"@id\":\"https:\\\/\\\/www.webdo.tn\\\/fr\\\/actualite\\\/international\\\/le-petrole-devisse-apres-la-reponse-mesuree-de-liran-aux-frappes-americaines\\\/378283\\\/\",\"url\":\"https:\\\/\\\/www.webdo.tn\\\/fr\\\/actualite\\\/international\\\/le-petrole-devisse-apres-la-reponse-mesuree-de-liran-aux-frappes-americaines\\\/378283\\\/\",\"name\":\"Le p\u00e9trole d\u00e9visse apr\u00e8s la r\u00e9ponse mesur\u00e9e de l\u2019Iran aux frappes am\u00e9ricaines - webdo\",\"isPartOf\":{\"@id\":\"https:\\\/\\\/www.webdo.tn\\\/fr\\\/#website\"},\"primaryImageOfPage\":{\"@id\":\"https:\\\/\\\/www.webdo.tn\\\/fr\\\/actualite\\\/international\\\/le-petrole-devisse-apres-la-reponse-mesuree-de-liran-aux-frappes-americaines\\\/378283\\\/#primaryimage\"},\"image\":{\"@id\":\"https:\\\/\\\/www.webdo.tn\\\/fr\\\/actualite\\\/international\\\/le-petrole-devisse-apres-la-reponse-mesuree-de-liran-aux-frappes-americaines\\\/378283\\\/#primaryimage\"},\"thumbnailUrl\":\"https:\\\/\\\/www.webdo.tn\\\/fr\\\/wp-content\\\/uploads\\\/2025\\\/06\\\/Petrole.jpeg\",\"datePublished\":\"2025-06-24T11:02:55+00:00\",\"dateModified\":\"2025-06-24T11:02:57+00:00\",\"description\":\"Les prix du p\u00e9trole chutent ce mardi, apais\u00e9s par l'accalmie des tensions entre l'Iran et les \u00c9tats-Unis.\",\"breadcrumb\":{\"@id\":\"https:\\\/\\\/www.webdo.tn\\\/fr\\\/actualite\\\/international\\\/le-petrole-devisse-apres-la-reponse-mesuree-de-liran-aux-frappes-americaines\\\/378283\\\/#breadcrumb\"},\"inLanguage\":\"fr-FR\",\"potentialAction\":[{\"@type\":\"ReadAction\",\"target\":[\"https:\\\/\\\/www.webdo.tn\\\/fr\\\/actualite\\\/international\\\/le-petrole-devisse-apres-la-reponse-mesuree-de-liran-aux-frappes-americaines\\\/378283\\\/\"]}]},{\"@type\":\"ImageObject\",\"inLanguage\":\"fr-FR\",\"@id\":\"https:\\\/\\\/www.webdo.tn\\\/fr\\\/actualite\\\/international\\\/le-petrole-devisse-apres-la-reponse-mesuree-de-liran-aux-frappes-americaines\\\/378283\\\/#primaryimage\",\"url\":\"https:\\\/\\\/www.webdo.tn\\\/fr\\\/wp-content\\\/uploads\\\/2025\\\/06\\\/Petrole.jpeg\",\"contentUrl\":\"https:\\\/\\\/www.webdo.tn\\\/fr\\\/wp-content\\\/uploads\\\/2025\\\/06\\\/Petrole.jpeg\",\"width\":1920,\"height\":1080,\"caption\":\"Les prix du p\u00e9trole poursuivent leur repli\"},{\"@type\":\"BreadcrumbList\",\"@id\":\"https:\\\/\\\/www.webdo.tn\\\/fr\\\/actualite\\\/international\\\/le-petrole-devisse-apres-la-reponse-mesuree-de-liran-aux-frappes-americaines\\\/378283\\\/#breadcrumb\",\"itemListElement\":[{\"@type\":\"ListItem\",\"position\":1,\"name\":\"Accueil\",\"item\":\"https:\\\/\\\/www.webdo.tn\\\/fr\\\/\"},{\"@type\":\"ListItem\",\"position\":2,\"name\":\"Le p\u00e9trole d\u00e9visse apr\u00e8s la r\u00e9ponse mesur\u00e9e de l\u2019Iran aux frappes am\u00e9ricaines\"}]},{\"@type\":\"WebSite\",\"@id\":\"https:\\\/\\\/www.webdo.tn\\\/fr\\\/#website\",\"url\":\"https:\\\/\\\/www.webdo.tn\\\/fr\\\/\",\"name\":\"webdo\",\"description\":\"Tunisie - News en Tunisie et \u00e0 l&#039;international sur Webdo.tn\",\"publisher\":{\"@id\":\"https:\\\/\\\/www.webdo.tn\\\/fr\\\/#organization\"},\"potentialAction\":[{\"@type\":\"SearchAction\",\"target\":{\"@type\":\"EntryPoint\",\"urlTemplate\":\"https:\\\/\\\/www.webdo.tn\\\/fr\\\/?s={search_term_string}\"},\"query-input\":{\"@type\":\"PropertyValueSpecification\",\"valueRequired\":true,\"valueName\":\"search_term_string\"}}],\"inLanguage\":\"fr-FR\"},{\"@type\":\"Organization\",\"@id\":\"https:\\\/\\\/www.webdo.tn\\\/fr\\\/#organization\",\"name\":\"Webdo\",\"alternateName\":\"Webdo.tn\",\"url\":\"https:\\\/\\\/www.webdo.tn\\\/fr\\\/\",\"logo\":{\"@type\":\"ImageObject\",\"inLanguage\":\"fr-FR\",\"@id\":\"https:\\\/\\\/www.webdo.tn\\\/fr\\\/#\\\/schema\\\/logo\\\/image\\\/\",\"url\":\"https:\\\/\\\/www.webdo.tn\\\/fr\\\/wp-content\\\/uploads\\\/2025\\\/06\\\/Webdo-Tunisie_168377.jpg\",\"contentUrl\":\"https:\\\/\\\/www.webdo.tn\\\/fr\\\/wp-content\\\/uploads\\\/2025\\\/06\\\/Webdo-Tunisie_168377.jpg\",\"width\":301,\"height\":301,\"caption\":\"Webdo\"},\"image\":{\"@id\":\"https:\\\/\\\/www.webdo.tn\\\/fr\\\/#\\\/schema\\\/logo\\\/image\\\/\"},\"sameAs\":[\"https:\\\/\\\/www.facebook.com\\\/webdotn\",\"https:\\\/\\\/x.com\\\/webdo_tn\"],\"description\":\"Webdo est un m\u00e9dia num\u00e9rique tunisien fond\u00e9 en 2010, sp\u00e9cialis\u00e9 dans l\u2019actualit\u00e9 nationale et internationale, l\u2019\u00e9conomie, la soci\u00e9t\u00e9 et les analyses politiques. Le site s\u2019adresse \u00e0 un large public francophone et couvre l\u2019information tunisienne en temps r\u00e9el.\",\"email\":\"redac@webdo.tn\",\"legalName\":\"YNJ SARL\",\"foundingDate\":\"2010-09-06\",\"numberOfEmployees\":{\"@type\":\"QuantitativeValue\",\"minValue\":\"11\",\"maxValue\":\"50\"}},{\"@type\":\"Person\",\"@id\":\"https:\\\/\\\/www.webdo.tn\\\/fr\\\/#\\\/schema\\\/person\\\/c652cd8fc2b1b44412b5ffb48c5a911d\",\"name\":\"Mohamed Hedi Touati\",\"image\":{\"@type\":\"ImageObject\",\"inLanguage\":\"fr-FR\",\"@id\":\"https:\\\/\\\/secure.gravatar.com\\\/avatar\\\/9cfd402c745b7a685f13eed0ea6e59d2144a3c2fc50a3db6fd5ed451f6cddf1a?s=96&d=mm&r=g\",\"url\":\"https:\\\/\\\/secure.gravatar.com\\\/avatar\\\/9cfd402c745b7a685f13eed0ea6e59d2144a3c2fc50a3db6fd5ed451f6cddf1a?s=96&d=mm&r=g\",\"contentUrl\":\"https:\\\/\\\/secure.gravatar.com\\\/avatar\\\/9cfd402c745b7a685f13eed0ea6e59d2144a3c2fc50a3db6fd5ed451f6cddf1a?s=96&d=mm&r=g\",\"caption\":\"Mohamed Hedi Touati\"},\"url\":\"https:\\\/\\\/www.webdo.tn\\\/fr\\\/actualite\\\/author\\\/mohamed-hedi-touati\\\/\"}]}<\/script>\n<!-- \/ Yoast SEO Premium plugin. -->","yoast_head_json":{"title":"Le p\u00e9trole d\u00e9visse apr\u00e8s la r\u00e9ponse mesur\u00e9e de l\u2019Iran aux frappes am\u00e9ricaines - webdo","description":"Les prix du p\u00e9trole chutent ce mardi, apais\u00e9s par l'accalmie des tensions entre l'Iran et les \u00c9tats-Unis.","canonical":"https:\/\/www.webdo.tn\/fr\/actualite\/international\/le-petrole-devisse-apres-la-reponse-mesuree-de-liran-aux-frappes-americaines\/378283\/","og_locale":"fr_FR","og_type":"article","og_title":"Le p\u00e9trole d\u00e9visse apr\u00e8s la r\u00e9ponse mesur\u00e9e de l\u2019Iran aux frappes am\u00e9ricaines","og_description":"Les prix du p\u00e9trole chutent ce mardi, apais\u00e9s par l'accalmie des tensions entre l'Iran et les \u00c9tats-Unis.","og_url":"https:\/\/www.webdo.tn\/fr\/actualite\/international\/le-petrole-devisse-apres-la-reponse-mesuree-de-liran-aux-frappes-americaines\/378283\/","og_site_name":"webdo","article_publisher":"https:\/\/www.facebook.com\/webdotn","article_published_time":"2025-06-24T11:02:55+00:00","article_modified_time":"2025-06-24T11:02:57+00:00","og_image":[{"width":1920,"height":1080,"url":"https:\/\/www.webdo.tn\/fr\/wp-content\/uploads\/2025\/06\/Petrole.jpeg","type":"image\/jpeg"}],"author":"Mohamed Hedi Touati","twitter_card":"summary_large_image","twitter_creator":"@webdo_tn","twitter_site":"@webdo_tn","twitter_misc":{"\u00c9crit par":"Mohamed Hedi Touati","Dur\u00e9e de lecture estim\u00e9e":"3 minutes"},"schema":{"@context":"https:\/\/schema.org","@graph":[{"@type":"NewsArticle","@id":"https:\/\/www.webdo.tn\/fr\/actualite\/international\/le-petrole-devisse-apres-la-reponse-mesuree-de-liran-aux-frappes-americaines\/378283\/#article","isPartOf":{"@id":"https:\/\/www.webdo.tn\/fr\/actualite\/international\/le-petrole-devisse-apres-la-reponse-mesuree-de-liran-aux-frappes-americaines\/378283\/"},"author":{"name":"Mohamed Hedi Touati","@id":"https:\/\/www.webdo.tn\/fr\/#\/schema\/person\/c652cd8fc2b1b44412b5ffb48c5a911d"},"headline":"Le p\u00e9trole d\u00e9visse apr\u00e8s la r\u00e9ponse mesur\u00e9e de l\u2019Iran aux frappes am\u00e9ricaines","datePublished":"2025-06-24T11:02:55+00:00","dateModified":"2025-06-24T11:02:57+00:00","mainEntityOfPage":{"@id":"https:\/\/www.webdo.tn\/fr\/actualite\/international\/le-petrole-devisse-apres-la-reponse-mesuree-de-liran-aux-frappes-americaines\/378283\/"},"wordCount":438,"commentCount":0,"publisher":{"@id":"https:\/\/www.webdo.tn\/fr\/#organization"},"image":{"@id":"https:\/\/www.webdo.tn\/fr\/actualite\/international\/le-petrole-devisse-apres-la-reponse-mesuree-de-liran-aux-frappes-americaines\/378283\/#primaryimage"},"thumbnailUrl":"https:\/\/www.webdo.tn\/fr\/wp-content\/uploads\/2025\/06\/Petrole.jpeg","keywords":["baisse","crise","Etats-Unis","Iran","isra\u00ebl","moyen-orient","p\u00e9trole"],"articleSection":["International"],"inLanguage":"fr-FR"},{"@type":"WebPage","@id":"https:\/\/www.webdo.tn\/fr\/actualite\/international\/le-petrole-devisse-apres-la-reponse-mesuree-de-liran-aux-frappes-americaines\/378283\/","url":"https:\/\/www.webdo.tn\/fr\/actualite\/international\/le-petrole-devisse-apres-la-reponse-mesuree-de-liran-aux-frappes-americaines\/378283\/","name":"Le p\u00e9trole d\u00e9visse apr\u00e8s la r\u00e9ponse mesur\u00e9e de l\u2019Iran aux frappes am\u00e9ricaines - webdo","isPartOf":{"@id":"https:\/\/www.webdo.tn\/fr\/#website"},"primaryImageOfPage":{"@id":"https:\/\/www.webdo.tn\/fr\/actualite\/international\/le-petrole-devisse-apres-la-reponse-mesuree-de-liran-aux-frappes-americaines\/378283\/#primaryimage"},"image":{"@id":"https:\/\/www.webdo.tn\/fr\/actualite\/international\/le-petrole-devisse-apres-la-reponse-mesuree-de-liran-aux-frappes-americaines\/378283\/#primaryimage"},"thumbnailUrl":"https:\/\/www.webdo.tn\/fr\/wp-content\/uploads\/2025\/06\/Petrole.jpeg","datePublished":"2025-06-24T11:02:55+00:00","dateModified":"2025-06-24T11:02:57+00:00","description":"Les prix du p\u00e9trole chutent ce mardi, apais\u00e9s par l'accalmie des tensions entre l'Iran et les \u00c9tats-Unis.","breadcrumb":{"@id":"https:\/\/www.webdo.tn\/fr\/actualite\/international\/le-petrole-devisse-apres-la-reponse-mesuree-de-liran-aux-frappes-americaines\/378283\/#breadcrumb"},"inLanguage":"fr-FR","potentialAction":[{"@type":"ReadAction","target":["https:\/\/www.webdo.tn\/fr\/actualite\/international\/le-petrole-devisse-apres-la-reponse-mesuree-de-liran-aux-frappes-americaines\/378283\/"]}]},{"@type":"ImageObject","inLanguage":"fr-FR","@id":"https:\/\/www.webdo.tn\/fr\/actualite\/international\/le-petrole-devisse-apres-la-reponse-mesuree-de-liran-aux-frappes-americaines\/378283\/#primaryimage","url":"https:\/\/www.webdo.tn\/fr\/wp-content\/uploads\/2025\/06\/Petrole.jpeg","contentUrl":"https:\/\/www.webdo.tn\/fr\/wp-content\/uploads\/2025\/06\/Petrole.jpeg","width":1920,"height":1080,"caption":"Les prix du p\u00e9trole poursuivent leur repli"},{"@type":"BreadcrumbList","@id":"https:\/\/www.webdo.tn\/fr\/actualite\/international\/le-petrole-devisse-apres-la-reponse-mesuree-de-liran-aux-frappes-americaines\/378283\/#breadcrumb","itemListElement":[{"@type":"ListItem","position":1,"name":"Accueil","item":"https:\/\/www.webdo.tn\/fr\/"},{"@type":"ListItem","position":2,"name":"Le p\u00e9trole d\u00e9visse apr\u00e8s la r\u00e9ponse mesur\u00e9e de l\u2019Iran aux frappes am\u00e9ricaines"}]},{"@type":"WebSite","@id":"https:\/\/www.webdo.tn\/fr\/#website","url":"https:\/\/www.webdo.tn\/fr\/","name":"webdo","description":"Tunisie - News en Tunisie et \u00e0 l&#039;international sur Webdo.tn","publisher":{"@id":"https:\/\/www.webdo.tn\/fr\/#organization"},"potentialAction":[{"@type":"SearchAction","target":{"@type":"EntryPoint","urlTemplate":"https:\/\/www.webdo.tn\/fr\/?s={search_term_string}"},"query-input":{"@type":"PropertyValueSpecification","valueRequired":true,"valueName":"search_term_string"}}],"inLanguage":"fr-FR"},{"@type":"Organization","@id":"https:\/\/www.webdo.tn\/fr\/#organization","name":"Webdo","alternateName":"Webdo.tn","url":"https:\/\/www.webdo.tn\/fr\/","logo":{"@type":"ImageObject","inLanguage":"fr-FR","@id":"https:\/\/www.webdo.tn\/fr\/#\/schema\/logo\/image\/","url":"https:\/\/www.webdo.tn\/fr\/wp-content\/uploads\/2025\/06\/Webdo-Tunisie_168377.jpg","contentUrl":"https:\/\/www.webdo.tn\/fr\/wp-content\/uploads\/2025\/06\/Webdo-Tunisie_168377.jpg","width":301,"height":301,"caption":"Webdo"},"image":{"@id":"https:\/\/www.webdo.tn\/fr\/#\/schema\/logo\/image\/"},"sameAs":["https:\/\/www.facebook.com\/webdotn","https:\/\/x.com\/webdo_tn"],"description":"Webdo est un m\u00e9dia num\u00e9rique tunisien fond\u00e9 en 2010, sp\u00e9cialis\u00e9 dans l\u2019actualit\u00e9 nationale et internationale, l\u2019\u00e9conomie, la soci\u00e9t\u00e9 et les analyses politiques. Le site s\u2019adresse \u00e0 un large public francophone et couvre l\u2019information tunisienne en temps r\u00e9el.","email":"redac@webdo.tn","legalName":"YNJ SARL","foundingDate":"2010-09-06","numberOfEmployees":{"@type":"QuantitativeValue","minValue":"11","maxValue":"50"}},{"@type":"Person","@id":"https:\/\/www.webdo.tn\/fr\/#\/schema\/person\/c652cd8fc2b1b44412b5ffb48c5a911d","name":"Mohamed Hedi Touati","image":{"@type":"ImageObject","inLanguage":"fr-FR","@id":"https:\/\/secure.gravatar.com\/avatar\/9cfd402c745b7a685f13eed0ea6e59d2144a3c2fc50a3db6fd5ed451f6cddf1a?s=96&d=mm&r=g","url":"https:\/\/secure.gravatar.com\/avatar\/9cfd402c745b7a685f13eed0ea6e59d2144a3c2fc50a3db6fd5ed451f6cddf1a?s=96&d=mm&r=g","contentUrl":"https:\/\/secure.gravatar.com\/avatar\/9cfd402c745b7a685f13eed0ea6e59d2144a3c2fc50a3db6fd5ed451f6cddf1a?s=96&d=mm&r=g","caption":"Mohamed Hedi Touati"},"url":"https:\/\/www.webdo.tn\/fr\/actualite\/author\/mohamed-hedi-touati\/"}]}},"_links":{"self":[{"href":"https:\/\/www.webdo.tn\/fr\/wp-json\/wp\/v2\/posts\/378283","targetHints":{"allow":["GET"]}}],"collection":[{"href":"https:\/\/www.webdo.tn\/fr\/wp-json\/wp\/v2\/posts"}],"about":[{"href":"https:\/\/www.webdo.tn\/fr\/wp-json\/wp\/v2\/types\/post"}],"author":[{"embeddable":true,"href":"https:\/\/www.webdo.tn\/fr\/wp-json\/wp\/v2\/users\/3191"}],"replies":[{"embeddable":true,"href":"https:\/\/www.webdo.tn\/fr\/wp-json\/wp\/v2\/comments?post=378283"}],"version-history":[{"count":0,"href":"https:\/\/www.webdo.tn\/fr\/wp-json\/wp\/v2\/posts\/378283\/revisions"}],"wp:featuredmedia":[{"embeddable":true,"href":"https:\/\/www.webdo.tn\/fr\/wp-json\/wp\/v2\/media\/378284"}],"wp:attachment":[{"href":"https:\/\/www.webdo.tn\/fr\/wp-json\/wp\/v2\/media?parent=378283"}],"wp:term":[{"taxonomy":"category","embeddable":true,"href":"https:\/\/www.webdo.tn\/fr\/wp-json\/wp\/v2\/categories?post=378283"},{"taxonomy":"post_tag","embeddable":true,"href":"https:\/\/www.webdo.tn\/fr\/wp-json\/wp\/v2\/tags?post=378283"}],"curies":[{"name":"wp","href":"https:\/\/api.w.org\/{rel}","templated":true}]}}