{"id":378271,"date":"2025-06-24T10:58:12","date_gmt":"2025-06-24T09:58:12","guid":{"rendered":"https:\/\/www.webdo.tn\/fr\/?p=378271"},"modified":"2025-06-24T18:06:44","modified_gmt":"2025-06-24T17:06:44","slug":"travaux-sous-marins-la-tunisie-mise-sur-une-filiere-davenir-pour-sa-jeunesse","status":"publish","type":"post","link":"https:\/\/www.webdo.tn\/fr\/actualite\/national\/travaux-sous-marins-la-tunisie-mise-sur-une-filiere-davenir-pour-sa-jeunesse\/378271\/","title":{"rendered":"Travaux sous-marins : La Tunisie mise sur une fili\u00e8re d\u2019avenir pour sa jeunesse"},"content":{"rendered":"\n<p><strong>La Tunisie renforce son offre de formation professionnelle dans des domaines innovants et porteurs. Depuis d\u00e9cembre 2024, le Centre de formation professionnelle en plong\u00e9e de Zarzis a lanc\u00e9 sa premi\u00e8re session de formation dans la sp\u00e9cialit\u00e9 de technicien en travaux sous-marins. Une initiative pionni\u00e8re qui cible dans un premier temps 75 jeunes en service civil, avant l&rsquo;ouverture d&rsquo;une deuxi\u00e8me session pr\u00e9vue pour septembre prochain.<\/strong><\/p>\n\n\n\n<p>Invit\u00e9 ce mardi 24 juin 2025 sur les ondes de la Radio nationale, le colonel de la marine Mourad Dhouibi a salu\u00e9 cette formation comme une avanc\u00e9e majeure dans le paysage tunisien du d\u00e9veloppement des comp\u00e9tences. \u00c0 l\u2019occasion de la c\u00e9l\u00e9bration du 69e anniversaire de la cr\u00e9ation de l\u2019arm\u00e9e nationale, il a pr\u00e9sent\u00e9 le centre comme une institution \u00ab\u00a0mod\u00e8le et prometteuse\u00a0\u00bb, capable d\u2019apporter une r\u00e9elle valeur ajout\u00e9e au march\u00e9 de l\u2019emploi et au tissu national de la formation professionnelle.<\/p>\n\n\n\n<p>La formation, qui s\u2019\u00e9tale sur deux ann\u00e9es, repose sur des moyens logistiques et techniques importants mis \u00e0 la disposition des jeunes b\u00e9n\u00e9ficiaires. Objectif : leur garantir une insertion professionnelle rapide et efficace dans un secteur en forte demande, tant sur le plan national qu\u2019international.<\/p>\n\n\n\n<p>Par ailleurs, le colonel Dhouibi a annonc\u00e9 qu\u2019il est pr\u00e9vu, dans une prochaine \u00e9tape, d\u2019ouvrir \u00e9galement cette sp\u00e9cialit\u00e9 aux civils. Ces derniers pourront ainsi profiter des \u00e9quipements et de l\u2019expertise du centre pour acqu\u00e9rir un savoir-faire rare et valoris\u00e9.<\/p>\n\n\n\n<p>Cette initiative s\u2019inscrit dans la strat\u00e9gie nationale de diversification des formations professionnelles et d\u2019adaptation aux nouvelles exigences du march\u00e9 du travail, notamment dans les domaines techniques sp\u00e9cialis\u00e9s.<\/p>\n","protected":false},"excerpt":{"rendered":"<p>La Tunisie renforce son offre de formation professionnelle dans des domaines innovants et porteurs. Depuis d\u00e9cembre 2024, le Centre de formation professionnelle en plong\u00e9e de Zarzis a lanc\u00e9 sa premi\u00e8re session de formation dans la sp\u00e9cialit\u00e9 de technicien en travaux sous-marins. Une initiative pionni\u00e8re qui cible dans un premier temps 75 jeunes en service civil, [&hellip;]<\/p>\n","protected":false},"author":3184,"featured_media":378272,"comment_status":"open","ping_status":"open","sticky":false,"template":"","format":"standard","meta":{"footnotes":""},"categories":[44],"tags":[9578,3926,2608],"class_list":["post-378271","post","type-post","status-publish","format-standard","has-post-thumbnail","hentry","category-national","tag-sous-marin","tag-travaux","tag-tunisie"],"yoast_head":"<!-- This site is optimized with the Yoast SEO Premium plugin v27.4 (Yoast SEO v27.5) - https:\/\/yoast.com\/product\/yoast-seo-premium-wordpress\/ -->\n<title>Travaux sous-marins : La Tunisie mise sur une fili\u00e8re d\u2019avenir pour sa jeunesse - webdo<\/title>\n<meta name=\"description\" content=\"D\u00e9couvrez les nouveaux travaux sous marins en Tunisie avec la formation sp\u00e9cialis\u00e9e \u00e0 Zarzis pour technicien en plong\u00e9e.\" \/>\n<link rel=\"canonical\" href=\"https:\/\/www.webdo.tn\/fr\/actualite\/national\/travaux-sous-marins-la-tunisie-mise-sur-une-filiere-davenir-pour-sa-jeunesse\/378271\/\" \/>\n<meta property=\"og:locale\" content=\"fr_FR\" \/>\n<meta property=\"og:type\" content=\"article\" \/>\n<meta property=\"og:title\" content=\"Travaux sous-marins : La Tunisie mise sur une fili\u00e8re d\u2019avenir pour sa jeunesse\" \/>\n<meta property=\"og:description\" content=\"D\u00e9couvrez les nouveaux travaux sous marins en Tunisie avec la formation sp\u00e9cialis\u00e9e \u00e0 Zarzis pour technicien en plong\u00e9e.\" \/>\n<meta property=\"og:url\" content=\"https:\/\/www.webdo.tn\/fr\/actualite\/national\/travaux-sous-marins-la-tunisie-mise-sur-une-filiere-davenir-pour-sa-jeunesse\/378271\/\" \/>\n<meta property=\"og:site_name\" content=\"webdo\" \/>\n<meta property=\"article:publisher\" content=\"https:\/\/www.facebook.com\/webdotn\" \/>\n<meta property=\"article:published_time\" content=\"2025-06-24T09:58:12+00:00\" \/>\n<meta property=\"article:modified_time\" content=\"2025-06-24T17:06:44+00:00\" \/>\n<meta property=\"og:image\" content=\"https:\/\/www.webdo.tn\/fr\/wp-content\/uploads\/2025\/06\/TAF-Taucharbeiten_Unterwasserbau-6.jpg\" \/>\n\t<meta property=\"og:image:width\" content=\"1200\" \/>\n\t<meta property=\"og:image:height\" content=\"800\" \/>\n\t<meta property=\"og:image:type\" content=\"image\/jpeg\" \/>\n<meta name=\"author\" content=\"Wided Belhaj\" \/>\n<meta name=\"twitter:card\" content=\"summary_large_image\" \/>\n<meta name=\"twitter:creator\" content=\"@webdo_tn\" \/>\n<meta name=\"twitter:site\" content=\"@webdo_tn\" \/>\n<meta name=\"twitter:label1\" content=\"\u00c9crit par\" \/>\n\t<meta name=\"twitter:data1\" content=\"Wided Belhaj\" \/>\n\t<meta name=\"twitter:label2\" content=\"Dur\u00e9e de lecture estim\u00e9e\" \/>\n\t<meta name=\"twitter:data2\" content=\"2 minutes\" \/>\n<script type=\"application\/ld+json\" class=\"yoast-schema-graph\">{\"@context\":\"https:\\\/\\\/schema.org\",\"@graph\":[{\"@type\":\"NewsArticle\",\"@id\":\"https:\\\/\\\/www.webdo.tn\\\/fr\\\/actualite\\\/national\\\/travaux-sous-marins-la-tunisie-mise-sur-une-filiere-davenir-pour-sa-jeunesse\\\/378271\\\/#article\",\"isPartOf\":{\"@id\":\"https:\\\/\\\/www.webdo.tn\\\/fr\\\/actualite\\\/national\\\/travaux-sous-marins-la-tunisie-mise-sur-une-filiere-davenir-pour-sa-jeunesse\\\/378271\\\/\"},\"author\":{\"name\":\"Wided Belhaj\",\"@id\":\"https:\\\/\\\/www.webdo.tn\\\/fr\\\/#\\\/schema\\\/person\\\/b9ecde7a5574cb4fcf4b496ea5fadb15\"},\"headline\":\"Travaux sous-marins : La Tunisie mise sur une fili\u00e8re d\u2019avenir pour sa jeunesse\",\"datePublished\":\"2025-06-24T09:58:12+00:00\",\"dateModified\":\"2025-06-24T17:06:44+00:00\",\"mainEntityOfPage\":{\"@id\":\"https:\\\/\\\/www.webdo.tn\\\/fr\\\/actualite\\\/national\\\/travaux-sous-marins-la-tunisie-mise-sur-une-filiere-davenir-pour-sa-jeunesse\\\/378271\\\/\"},\"wordCount\":300,\"commentCount\":0,\"publisher\":{\"@id\":\"https:\\\/\\\/www.webdo.tn\\\/fr\\\/#organization\"},\"image\":{\"@id\":\"https:\\\/\\\/www.webdo.tn\\\/fr\\\/actualite\\\/national\\\/travaux-sous-marins-la-tunisie-mise-sur-une-filiere-davenir-pour-sa-jeunesse\\\/378271\\\/#primaryimage\"},\"thumbnailUrl\":\"https:\\\/\\\/www.webdo.tn\\\/fr\\\/wp-content\\\/uploads\\\/2025\\\/06\\\/TAF-Taucharbeiten_Unterwasserbau-6.jpg\",\"keywords\":[\"Sous-marin\",\"travaux\",\"Tunisie\"],\"articleSection\":[\"National\"],\"inLanguage\":\"fr-FR\"},{\"@type\":\"WebPage\",\"@id\":\"https:\\\/\\\/www.webdo.tn\\\/fr\\\/actualite\\\/national\\\/travaux-sous-marins-la-tunisie-mise-sur-une-filiere-davenir-pour-sa-jeunesse\\\/378271\\\/\",\"url\":\"https:\\\/\\\/www.webdo.tn\\\/fr\\\/actualite\\\/national\\\/travaux-sous-marins-la-tunisie-mise-sur-une-filiere-davenir-pour-sa-jeunesse\\\/378271\\\/\",\"name\":\"Travaux sous-marins : La Tunisie mise sur une fili\u00e8re d\u2019avenir pour sa jeunesse - webdo\",\"isPartOf\":{\"@id\":\"https:\\\/\\\/www.webdo.tn\\\/fr\\\/#website\"},\"primaryImageOfPage\":{\"@id\":\"https:\\\/\\\/www.webdo.tn\\\/fr\\\/actualite\\\/national\\\/travaux-sous-marins-la-tunisie-mise-sur-une-filiere-davenir-pour-sa-jeunesse\\\/378271\\\/#primaryimage\"},\"image\":{\"@id\":\"https:\\\/\\\/www.webdo.tn\\\/fr\\\/actualite\\\/national\\\/travaux-sous-marins-la-tunisie-mise-sur-une-filiere-davenir-pour-sa-jeunesse\\\/378271\\\/#primaryimage\"},\"thumbnailUrl\":\"https:\\\/\\\/www.webdo.tn\\\/fr\\\/wp-content\\\/uploads\\\/2025\\\/06\\\/TAF-Taucharbeiten_Unterwasserbau-6.jpg\",\"datePublished\":\"2025-06-24T09:58:12+00:00\",\"dateModified\":\"2025-06-24T17:06:44+00:00\",\"description\":\"D\u00e9couvrez les nouveaux travaux sous marins en Tunisie avec la formation sp\u00e9cialis\u00e9e \u00e0 Zarzis pour technicien en plong\u00e9e.\",\"breadcrumb\":{\"@id\":\"https:\\\/\\\/www.webdo.tn\\\/fr\\\/actualite\\\/national\\\/travaux-sous-marins-la-tunisie-mise-sur-une-filiere-davenir-pour-sa-jeunesse\\\/378271\\\/#breadcrumb\"},\"inLanguage\":\"fr-FR\",\"potentialAction\":[{\"@type\":\"ReadAction\",\"target\":[\"https:\\\/\\\/www.webdo.tn\\\/fr\\\/actualite\\\/national\\\/travaux-sous-marins-la-tunisie-mise-sur-une-filiere-davenir-pour-sa-jeunesse\\\/378271\\\/\"]}]},{\"@type\":\"ImageObject\",\"inLanguage\":\"fr-FR\",\"@id\":\"https:\\\/\\\/www.webdo.tn\\\/fr\\\/actualite\\\/national\\\/travaux-sous-marins-la-tunisie-mise-sur-une-filiere-davenir-pour-sa-jeunesse\\\/378271\\\/#primaryimage\",\"url\":\"https:\\\/\\\/www.webdo.tn\\\/fr\\\/wp-content\\\/uploads\\\/2025\\\/06\\\/TAF-Taucharbeiten_Unterwasserbau-6.jpg\",\"contentUrl\":\"https:\\\/\\\/www.webdo.tn\\\/fr\\\/wp-content\\\/uploads\\\/2025\\\/06\\\/TAF-Taucharbeiten_Unterwasserbau-6.jpg\",\"width\":1200,\"height\":800,\"caption\":\"travaux sous marin\"},{\"@type\":\"BreadcrumbList\",\"@id\":\"https:\\\/\\\/www.webdo.tn\\\/fr\\\/actualite\\\/national\\\/travaux-sous-marins-la-tunisie-mise-sur-une-filiere-davenir-pour-sa-jeunesse\\\/378271\\\/#breadcrumb\",\"itemListElement\":[{\"@type\":\"ListItem\",\"position\":1,\"name\":\"Accueil\",\"item\":\"https:\\\/\\\/www.webdo.tn\\\/fr\\\/\"},{\"@type\":\"ListItem\",\"position\":2,\"name\":\"Travaux sous-marins : La Tunisie mise sur une fili\u00e8re d\u2019avenir pour sa jeunesse\"}]},{\"@type\":\"WebSite\",\"@id\":\"https:\\\/\\\/www.webdo.tn\\\/fr\\\/#website\",\"url\":\"https:\\\/\\\/www.webdo.tn\\\/fr\\\/\",\"name\":\"webdo\",\"description\":\"Tunisie - News en Tunisie et \u00e0 l&#039;international sur Webdo.tn\",\"publisher\":{\"@id\":\"https:\\\/\\\/www.webdo.tn\\\/fr\\\/#organization\"},\"potentialAction\":[{\"@type\":\"SearchAction\",\"target\":{\"@type\":\"EntryPoint\",\"urlTemplate\":\"https:\\\/\\\/www.webdo.tn\\\/fr\\\/?s={search_term_string}\"},\"query-input\":{\"@type\":\"PropertyValueSpecification\",\"valueRequired\":true,\"valueName\":\"search_term_string\"}}],\"inLanguage\":\"fr-FR\"},{\"@type\":\"Organization\",\"@id\":\"https:\\\/\\\/www.webdo.tn\\\/fr\\\/#organization\",\"name\":\"Webdo\",\"alternateName\":\"Webdo.tn\",\"url\":\"https:\\\/\\\/www.webdo.tn\\\/fr\\\/\",\"logo\":{\"@type\":\"ImageObject\",\"inLanguage\":\"fr-FR\",\"@id\":\"https:\\\/\\\/www.webdo.tn\\\/fr\\\/#\\\/schema\\\/logo\\\/image\\\/\",\"url\":\"https:\\\/\\\/www.webdo.tn\\\/fr\\\/wp-content\\\/uploads\\\/2025\\\/06\\\/Webdo-Tunisie_168377.jpg\",\"contentUrl\":\"https:\\\/\\\/www.webdo.tn\\\/fr\\\/wp-content\\\/uploads\\\/2025\\\/06\\\/Webdo-Tunisie_168377.jpg\",\"width\":301,\"height\":301,\"caption\":\"Webdo\"},\"image\":{\"@id\":\"https:\\\/\\\/www.webdo.tn\\\/fr\\\/#\\\/schema\\\/logo\\\/image\\\/\"},\"sameAs\":[\"https:\\\/\\\/www.facebook.com\\\/webdotn\",\"https:\\\/\\\/x.com\\\/webdo_tn\"],\"description\":\"Webdo est un m\u00e9dia num\u00e9rique tunisien fond\u00e9 en 2010, sp\u00e9cialis\u00e9 dans l\u2019actualit\u00e9 nationale et internationale, l\u2019\u00e9conomie, la soci\u00e9t\u00e9 et les analyses politiques. Le site s\u2019adresse \u00e0 un large public francophone et couvre l\u2019information tunisienne en temps r\u00e9el.\",\"email\":\"redac@webdo.tn\",\"legalName\":\"YNJ SARL\",\"foundingDate\":\"2010-09-06\",\"numberOfEmployees\":{\"@type\":\"QuantitativeValue\",\"minValue\":\"11\",\"maxValue\":\"50\"}},{\"@type\":\"Person\",\"@id\":\"https:\\\/\\\/www.webdo.tn\\\/fr\\\/#\\\/schema\\\/person\\\/b9ecde7a5574cb4fcf4b496ea5fadb15\",\"name\":\"Wided Belhaj\",\"image\":{\"@type\":\"ImageObject\",\"inLanguage\":\"fr-FR\",\"@id\":\"https:\\\/\\\/www.webdo.tn\\\/fr\\\/wp-content\\\/uploads\\\/2026\\\/04\\\/wided-belhaj_avatar-96x96.jpg\",\"url\":\"https:\\\/\\\/www.webdo.tn\\\/fr\\\/wp-content\\\/uploads\\\/2026\\\/04\\\/wided-belhaj_avatar-96x96.jpg\",\"contentUrl\":\"https:\\\/\\\/www.webdo.tn\\\/fr\\\/wp-content\\\/uploads\\\/2026\\\/04\\\/wided-belhaj_avatar-96x96.jpg\",\"caption\":\"Wided Belhaj\"},\"description\":\"Wided Belhaj est le pseudonyme \u00e9ditorial utilis\u00e9 par Khalil Jelassi, journaliste, ma\u00eetre-assistant \u00e0 l\u2019Institut de presse et des sciences de l\u2019information (IPSI) et chercheur en sciences de l\u2019information et de la communication. Cette signature est d\u00e9di\u00e9e \u00e0 l\u2019analyse des m\u00e9dias, des pratiques journalistiques et des mutations de l\u2019information \u00e0 l\u2019\u00e8re digitale. \u00c0 travers ses contributions, Wided Belhaj propose une lecture analytique de l\u2019actualit\u00e9, en croisant regard critique et expertise acad\u00e9mique.\",\"knowsAbout\":[\"m\u00e9dias\",\"journalisme\",\"communication\",\"information\",\"transformation num\u00e9rique\",\"analyse des m\u00e9dias\"],\"knowsLanguage\":[\"Fran\u00e7ais\",\"Arabe\"],\"jobTitle\":\"Webdo.tn\",\"worksFor\":\"Journaliste \u2013 Analyse des m\u00e9dias\",\"url\":\"https:\\\/\\\/www.webdo.tn\\\/fr\\\/actualite\\\/author\\\/wided-belhaj\\\/\"}]}<\/script>\n<!-- \/ Yoast SEO Premium plugin. -->","yoast_head_json":{"title":"Travaux sous-marins : La Tunisie mise sur une fili\u00e8re d\u2019avenir pour sa jeunesse - webdo","description":"D\u00e9couvrez les nouveaux travaux sous marins en Tunisie avec la formation sp\u00e9cialis\u00e9e \u00e0 Zarzis pour technicien en plong\u00e9e.","canonical":"https:\/\/www.webdo.tn\/fr\/actualite\/national\/travaux-sous-marins-la-tunisie-mise-sur-une-filiere-davenir-pour-sa-jeunesse\/378271\/","og_locale":"fr_FR","og_type":"article","og_title":"Travaux sous-marins : La Tunisie mise sur une fili\u00e8re d\u2019avenir pour sa jeunesse","og_description":"D\u00e9couvrez les nouveaux travaux sous marins en Tunisie avec la formation sp\u00e9cialis\u00e9e \u00e0 Zarzis pour technicien en plong\u00e9e.","og_url":"https:\/\/www.webdo.tn\/fr\/actualite\/national\/travaux-sous-marins-la-tunisie-mise-sur-une-filiere-davenir-pour-sa-jeunesse\/378271\/","og_site_name":"webdo","article_publisher":"https:\/\/www.facebook.com\/webdotn","article_published_time":"2025-06-24T09:58:12+00:00","article_modified_time":"2025-06-24T17:06:44+00:00","og_image":[{"width":1200,"height":800,"url":"https:\/\/www.webdo.tn\/fr\/wp-content\/uploads\/2025\/06\/TAF-Taucharbeiten_Unterwasserbau-6.jpg","type":"image\/jpeg"}],"author":"Wided Belhaj","twitter_card":"summary_large_image","twitter_creator":"@webdo_tn","twitter_site":"@webdo_tn","twitter_misc":{"\u00c9crit par":"Wided Belhaj","Dur\u00e9e de lecture estim\u00e9e":"2 minutes"},"schema":{"@context":"https:\/\/schema.org","@graph":[{"@type":"NewsArticle","@id":"https:\/\/www.webdo.tn\/fr\/actualite\/national\/travaux-sous-marins-la-tunisie-mise-sur-une-filiere-davenir-pour-sa-jeunesse\/378271\/#article","isPartOf":{"@id":"https:\/\/www.webdo.tn\/fr\/actualite\/national\/travaux-sous-marins-la-tunisie-mise-sur-une-filiere-davenir-pour-sa-jeunesse\/378271\/"},"author":{"name":"Wided Belhaj","@id":"https:\/\/www.webdo.tn\/fr\/#\/schema\/person\/b9ecde7a5574cb4fcf4b496ea5fadb15"},"headline":"Travaux sous-marins : La Tunisie mise sur une fili\u00e8re d\u2019avenir pour sa jeunesse","datePublished":"2025-06-24T09:58:12+00:00","dateModified":"2025-06-24T17:06:44+00:00","mainEntityOfPage":{"@id":"https:\/\/www.webdo.tn\/fr\/actualite\/national\/travaux-sous-marins-la-tunisie-mise-sur-une-filiere-davenir-pour-sa-jeunesse\/378271\/"},"wordCount":300,"commentCount":0,"publisher":{"@id":"https:\/\/www.webdo.tn\/fr\/#organization"},"image":{"@id":"https:\/\/www.webdo.tn\/fr\/actualite\/national\/travaux-sous-marins-la-tunisie-mise-sur-une-filiere-davenir-pour-sa-jeunesse\/378271\/#primaryimage"},"thumbnailUrl":"https:\/\/www.webdo.tn\/fr\/wp-content\/uploads\/2025\/06\/TAF-Taucharbeiten_Unterwasserbau-6.jpg","keywords":["Sous-marin","travaux","Tunisie"],"articleSection":["National"],"inLanguage":"fr-FR"},{"@type":"WebPage","@id":"https:\/\/www.webdo.tn\/fr\/actualite\/national\/travaux-sous-marins-la-tunisie-mise-sur-une-filiere-davenir-pour-sa-jeunesse\/378271\/","url":"https:\/\/www.webdo.tn\/fr\/actualite\/national\/travaux-sous-marins-la-tunisie-mise-sur-une-filiere-davenir-pour-sa-jeunesse\/378271\/","name":"Travaux sous-marins : La Tunisie mise sur une fili\u00e8re d\u2019avenir pour sa jeunesse - webdo","isPartOf":{"@id":"https:\/\/www.webdo.tn\/fr\/#website"},"primaryImageOfPage":{"@id":"https:\/\/www.webdo.tn\/fr\/actualite\/national\/travaux-sous-marins-la-tunisie-mise-sur-une-filiere-davenir-pour-sa-jeunesse\/378271\/#primaryimage"},"image":{"@id":"https:\/\/www.webdo.tn\/fr\/actualite\/national\/travaux-sous-marins-la-tunisie-mise-sur-une-filiere-davenir-pour-sa-jeunesse\/378271\/#primaryimage"},"thumbnailUrl":"https:\/\/www.webdo.tn\/fr\/wp-content\/uploads\/2025\/06\/TAF-Taucharbeiten_Unterwasserbau-6.jpg","datePublished":"2025-06-24T09:58:12+00:00","dateModified":"2025-06-24T17:06:44+00:00","description":"D\u00e9couvrez les nouveaux travaux sous marins en Tunisie avec la formation sp\u00e9cialis\u00e9e \u00e0 Zarzis pour technicien en plong\u00e9e.","breadcrumb":{"@id":"https:\/\/www.webdo.tn\/fr\/actualite\/national\/travaux-sous-marins-la-tunisie-mise-sur-une-filiere-davenir-pour-sa-jeunesse\/378271\/#breadcrumb"},"inLanguage":"fr-FR","potentialAction":[{"@type":"ReadAction","target":["https:\/\/www.webdo.tn\/fr\/actualite\/national\/travaux-sous-marins-la-tunisie-mise-sur-une-filiere-davenir-pour-sa-jeunesse\/378271\/"]}]},{"@type":"ImageObject","inLanguage":"fr-FR","@id":"https:\/\/www.webdo.tn\/fr\/actualite\/national\/travaux-sous-marins-la-tunisie-mise-sur-une-filiere-davenir-pour-sa-jeunesse\/378271\/#primaryimage","url":"https:\/\/www.webdo.tn\/fr\/wp-content\/uploads\/2025\/06\/TAF-Taucharbeiten_Unterwasserbau-6.jpg","contentUrl":"https:\/\/www.webdo.tn\/fr\/wp-content\/uploads\/2025\/06\/TAF-Taucharbeiten_Unterwasserbau-6.jpg","width":1200,"height":800,"caption":"travaux sous marin"},{"@type":"BreadcrumbList","@id":"https:\/\/www.webdo.tn\/fr\/actualite\/national\/travaux-sous-marins-la-tunisie-mise-sur-une-filiere-davenir-pour-sa-jeunesse\/378271\/#breadcrumb","itemListElement":[{"@type":"ListItem","position":1,"name":"Accueil","item":"https:\/\/www.webdo.tn\/fr\/"},{"@type":"ListItem","position":2,"name":"Travaux sous-marins : La Tunisie mise sur une fili\u00e8re d\u2019avenir pour sa jeunesse"}]},{"@type":"WebSite","@id":"https:\/\/www.webdo.tn\/fr\/#website","url":"https:\/\/www.webdo.tn\/fr\/","name":"webdo","description":"Tunisie - News en Tunisie et \u00e0 l&#039;international sur Webdo.tn","publisher":{"@id":"https:\/\/www.webdo.tn\/fr\/#organization"},"potentialAction":[{"@type":"SearchAction","target":{"@type":"EntryPoint","urlTemplate":"https:\/\/www.webdo.tn\/fr\/?s={search_term_string}"},"query-input":{"@type":"PropertyValueSpecification","valueRequired":true,"valueName":"search_term_string"}}],"inLanguage":"fr-FR"},{"@type":"Organization","@id":"https:\/\/www.webdo.tn\/fr\/#organization","name":"Webdo","alternateName":"Webdo.tn","url":"https:\/\/www.webdo.tn\/fr\/","logo":{"@type":"ImageObject","inLanguage":"fr-FR","@id":"https:\/\/www.webdo.tn\/fr\/#\/schema\/logo\/image\/","url":"https:\/\/www.webdo.tn\/fr\/wp-content\/uploads\/2025\/06\/Webdo-Tunisie_168377.jpg","contentUrl":"https:\/\/www.webdo.tn\/fr\/wp-content\/uploads\/2025\/06\/Webdo-Tunisie_168377.jpg","width":301,"height":301,"caption":"Webdo"},"image":{"@id":"https:\/\/www.webdo.tn\/fr\/#\/schema\/logo\/image\/"},"sameAs":["https:\/\/www.facebook.com\/webdotn","https:\/\/x.com\/webdo_tn"],"description":"Webdo est un m\u00e9dia num\u00e9rique tunisien fond\u00e9 en 2010, sp\u00e9cialis\u00e9 dans l\u2019actualit\u00e9 nationale et internationale, l\u2019\u00e9conomie, la soci\u00e9t\u00e9 et les analyses politiques. Le site s\u2019adresse \u00e0 un large public francophone et couvre l\u2019information tunisienne en temps r\u00e9el.","email":"redac@webdo.tn","legalName":"YNJ SARL","foundingDate":"2010-09-06","numberOfEmployees":{"@type":"QuantitativeValue","minValue":"11","maxValue":"50"}},{"@type":"Person","@id":"https:\/\/www.webdo.tn\/fr\/#\/schema\/person\/b9ecde7a5574cb4fcf4b496ea5fadb15","name":"Wided Belhaj","image":{"@type":"ImageObject","inLanguage":"fr-FR","@id":"https:\/\/www.webdo.tn\/fr\/wp-content\/uploads\/2026\/04\/wided-belhaj_avatar-96x96.jpg","url":"https:\/\/www.webdo.tn\/fr\/wp-content\/uploads\/2026\/04\/wided-belhaj_avatar-96x96.jpg","contentUrl":"https:\/\/www.webdo.tn\/fr\/wp-content\/uploads\/2026\/04\/wided-belhaj_avatar-96x96.jpg","caption":"Wided Belhaj"},"description":"Wided Belhaj est le pseudonyme \u00e9ditorial utilis\u00e9 par Khalil Jelassi, journaliste, ma\u00eetre-assistant \u00e0 l\u2019Institut de presse et des sciences de l\u2019information (IPSI) et chercheur en sciences de l\u2019information et de la communication. Cette signature est d\u00e9di\u00e9e \u00e0 l\u2019analyse des m\u00e9dias, des pratiques journalistiques et des mutations de l\u2019information \u00e0 l\u2019\u00e8re digitale. \u00c0 travers ses contributions, Wided Belhaj propose une lecture analytique de l\u2019actualit\u00e9, en croisant regard critique et expertise acad\u00e9mique.","knowsAbout":["m\u00e9dias","journalisme","communication","information","transformation num\u00e9rique","analyse des m\u00e9dias"],"knowsLanguage":["Fran\u00e7ais","Arabe"],"jobTitle":"Webdo.tn","worksFor":"Journaliste \u2013 Analyse des m\u00e9dias","url":"https:\/\/www.webdo.tn\/fr\/actualite\/author\/wided-belhaj\/"}]}},"_links":{"self":[{"href":"https:\/\/www.webdo.tn\/fr\/wp-json\/wp\/v2\/posts\/378271","targetHints":{"allow":["GET"]}}],"collection":[{"href":"https:\/\/www.webdo.tn\/fr\/wp-json\/wp\/v2\/posts"}],"about":[{"href":"https:\/\/www.webdo.tn\/fr\/wp-json\/wp\/v2\/types\/post"}],"author":[{"embeddable":true,"href":"https:\/\/www.webdo.tn\/fr\/wp-json\/wp\/v2\/users\/3184"}],"replies":[{"embeddable":true,"href":"https:\/\/www.webdo.tn\/fr\/wp-json\/wp\/v2\/comments?post=378271"}],"version-history":[{"count":0,"href":"https:\/\/www.webdo.tn\/fr\/wp-json\/wp\/v2\/posts\/378271\/revisions"}],"wp:featuredmedia":[{"embeddable":true,"href":"https:\/\/www.webdo.tn\/fr\/wp-json\/wp\/v2\/media\/378272"}],"wp:attachment":[{"href":"https:\/\/www.webdo.tn\/fr\/wp-json\/wp\/v2\/media?parent=378271"}],"wp:term":[{"taxonomy":"category","embeddable":true,"href":"https:\/\/www.webdo.tn\/fr\/wp-json\/wp\/v2\/categories?post=378271"},{"taxonomy":"post_tag","embeddable":true,"href":"https:\/\/www.webdo.tn\/fr\/wp-json\/wp\/v2\/tags?post=378271"}],"curies":[{"name":"wp","href":"https:\/\/api.w.org\/{rel}","templated":true}]}}