{"id":378265,"date":"2025-06-24T10:25:50","date_gmt":"2025-06-24T09:25:50","guid":{"rendered":"https:\/\/www.webdo.tn\/fr\/?p=378265"},"modified":"2025-06-25T09:33:09","modified_gmt":"2025-06-25T08:33:09","slug":"tunisie-lancement-de-la-formation-au-metier-de-compagnon-de-vie","status":"publish","type":"post","link":"https:\/\/www.webdo.tn\/fr\/actualite\/national\/tunisie-lancement-de-la-formation-au-metier-de-compagnon-de-vie\/378265\/","title":{"rendered":"Tunisie\u00a0: Lancement de la formation au m\u00e9tier d&rsquo;accompagnant de vie"},"content":{"rendered":"\n<p>Riadh Chaoued, ministre de l\u2019Emploi et de la Formation professionnelle, a pr\u00e9sid\u00e9, hier, au si\u00e8ge de son minist\u00e8re, une journ\u00e9e d\u2019information consacr\u00e9e \u00e0 l\u2019annonce du lancement de la formation au m\u00e9tier d&rsquo;accompagnant de vie, au niveau du Brevet de Technicien Professionnel (BTP), dans les \u00e9tablissements publics et priv\u00e9s de formation professionnelle.<\/p>\n\n\n\n<p>L\u2019\u00e9v\u00e9nement s\u2019est d\u00e9roul\u00e9 en pr\u00e9sence de partenaires repr\u00e9sentant les minist\u00e8res de la Sant\u00e9, des Affaires sociales, de la Famille, de la Femme, de l\u2019Enfance et des Seniors, de l\u2019Union tunisienne de l\u2019industrie, du commerce et de l\u2019artisanat (UTICA), de la Chambre nationale des structures priv\u00e9es de formation professionnelle, du bureau Swisscontact dans le cadre de la coop\u00e9ration tuniso-suisse, ainsi que de nombreux cadres du minist\u00e8re et des structures sous tutelle.<\/p>\n\n\n\n<p>Le ministre a soulign\u00e9 que le lancement d\u2019une nouvelle sp\u00e9cialit\u00e9 de formation constitue un acquis suppl\u00e9mentaire pour le secteur de la formation professionnelle, avec pour objectifs de consacrer le r\u00f4le social de l\u2019\u00c9tat, d\u00e9velopper davantage le secteur de la formation professionnelle, diversifier l\u2019offre de formation professionnelle en fonction des besoins du march\u00e9 du travail, tant national qu\u2019international, organiser la formation dans les m\u00e9tiers de proximit\u00e9 et lutter contre les formes de formation informelle dans ce domaine.<\/p>\n\n\n\n<p>Cette formation cible toutes les cat\u00e9gories sociales ayant des besoins particuliers, tels que les personnes \u00e2g\u00e9es, les malades chroniques, les enfants atteints d&rsquo;autisme, ou encore les personnes en situation de handicap. Comme pour les autres sp\u00e9cialit\u00e9s, la formation en \u00ab\u00a0accompagnant de vie\u00a0\u00bb comporte une partie th\u00e9orique et pratique, et peut \u00eatre dispens\u00e9e en alternance avec des structures de sant\u00e9, telles que les h\u00f4pitaux ou les \u00e9tablissements de prise en charge des personnes \u00e2g\u00e9es.<\/p>\n\n\n\n<p>Le Centre national de formation des formateurs et d\u2019ing\u00e9nierie de formation (CNAFIF) s\u2019est charg\u00e9 de l\u2019\u00e9laboration du programme de formation, en coordination avec les directions r\u00e9gionales de l\u2019emploi et de la formation professionnelle concern\u00e9es, pour le mettre \u00e0 disposition des \u00e9tablissements de formation et finaliser toutes les proc\u00e9dures d\u2019homologation.<\/p>\n\n\n\n<p>Le ministre a, par ailleurs, mis en valeur le niveau de coop\u00e9ration tuniso-suisse, notamment dans la mise en \u0153uvre des diff\u00e9rentes composantes du programme d\u2019action du minist\u00e8re en mati\u00e8re de formation professionnelle, en particulier la formation certifiante et sp\u00e9cialis\u00e9e dans les secteurs porteurs, innovants, \u00e0 forte valeur ajout\u00e9e et \u00e0 haut potentiel d\u2019employabilit\u00e9, d\u00e9ploy\u00e9e dans de nombreux centres de formation professionnelle \u00e0 travers les r\u00e9gions.<\/p>\n","protected":false},"excerpt":{"rendered":"<p>Riadh Chaoued, ministre de l\u2019Emploi et de la Formation professionnelle, a pr\u00e9sid\u00e9, hier, au si\u00e8ge de son minist\u00e8re, une journ\u00e9e d\u2019information consacr\u00e9e \u00e0 l\u2019annonce du lancement de la formation au m\u00e9tier d&rsquo;accompagnant de vie, au niveau du Brevet de Technicien Professionnel (BTP), dans les \u00e9tablissements publics et priv\u00e9s de formation professionnelle. L\u2019\u00e9v\u00e9nement s\u2019est d\u00e9roul\u00e9 en [&hellip;]<\/p>\n","protected":false},"author":3191,"featured_media":378266,"comment_status":"open","ping_status":"open","sticky":false,"template":"","format":"standard","meta":{"footnotes":""},"categories":[44],"tags":[12015,4999,12016,2608],"class_list":["post-378265","post","type-post","status-publish","format-standard","has-post-thumbnail","hentry","category-national","tag-compagnon-de-vie","tag-formation-professionnelle","tag-riadh-chaoued","tag-tunisie"],"yoast_head":"<!-- This site is optimized with the Yoast SEO Premium plugin v27.4 (Yoast SEO v27.4) - https:\/\/yoast.com\/product\/yoast-seo-premium-wordpress\/ -->\n<title>Tunisie\u00a0: Lancement de la formation au m\u00e9tier d&#039;accompagnant de vie - webdo<\/title>\n<meta name=\"description\" content=\"Lancement de la formation au m\u00e9tier de compagnon de vie : un pas important pour la formation professionnelle en Tunisie.\" \/>\n<link rel=\"canonical\" href=\"https:\/\/www.webdo.tn\/fr\/actualite\/national\/tunisie-lancement-de-la-formation-au-metier-de-compagnon-de-vie\/378265\/\" \/>\n<meta property=\"og:locale\" content=\"fr_FR\" \/>\n<meta property=\"og:type\" content=\"article\" \/>\n<meta property=\"og:title\" content=\"Tunisie\u00a0: Lancement de la formation au m\u00e9tier d&#039;accompagnant de vie\" \/>\n<meta property=\"og:description\" content=\"Lancement de la formation au m\u00e9tier de compagnon de vie : un pas important pour la formation professionnelle en Tunisie.\" \/>\n<meta property=\"og:url\" content=\"https:\/\/www.webdo.tn\/fr\/actualite\/national\/tunisie-lancement-de-la-formation-au-metier-de-compagnon-de-vie\/378265\/\" \/>\n<meta property=\"og:site_name\" content=\"webdo\" \/>\n<meta property=\"article:publisher\" content=\"https:\/\/www.facebook.com\/webdotn\" \/>\n<meta property=\"article:published_time\" content=\"2025-06-24T09:25:50+00:00\" \/>\n<meta property=\"article:modified_time\" content=\"2025-06-25T08:33:09+00:00\" \/>\n<meta property=\"og:image\" content=\"https:\/\/www.webdo.tn\/fr\/wp-content\/uploads\/2025\/06\/Riadh-Chaoued-ministre-de-lEmploi-et-de-la-Formation-professionnelle-Page-fb-M.-Emploi.jpg\" \/>\n\t<meta property=\"og:image:width\" content=\"1211\" \/>\n\t<meta property=\"og:image:height\" content=\"795\" \/>\n\t<meta property=\"og:image:type\" content=\"image\/jpeg\" \/>\n<meta name=\"author\" content=\"Mohamed Hedi Touati\" \/>\n<meta name=\"twitter:card\" content=\"summary_large_image\" \/>\n<meta name=\"twitter:creator\" content=\"@webdo_tn\" \/>\n<meta name=\"twitter:site\" content=\"@webdo_tn\" \/>\n<meta name=\"twitter:label1\" content=\"\u00c9crit par\" \/>\n\t<meta name=\"twitter:data1\" content=\"Mohamed Hedi Touati\" \/>\n\t<meta name=\"twitter:label2\" content=\"Dur\u00e9e de lecture estim\u00e9e\" \/>\n\t<meta name=\"twitter:data2\" content=\"3 minutes\" \/>\n<script type=\"application\/ld+json\" class=\"yoast-schema-graph\">{\"@context\":\"https:\\\/\\\/schema.org\",\"@graph\":[{\"@type\":\"NewsArticle\",\"@id\":\"https:\\\/\\\/www.webdo.tn\\\/fr\\\/actualite\\\/national\\\/tunisie-lancement-de-la-formation-au-metier-de-compagnon-de-vie\\\/378265\\\/#article\",\"isPartOf\":{\"@id\":\"https:\\\/\\\/www.webdo.tn\\\/fr\\\/actualite\\\/national\\\/tunisie-lancement-de-la-formation-au-metier-de-compagnon-de-vie\\\/378265\\\/\"},\"author\":{\"name\":\"Mohamed Hedi Touati\",\"@id\":\"https:\\\/\\\/www.webdo.tn\\\/fr\\\/#\\\/schema\\\/person\\\/c652cd8fc2b1b44412b5ffb48c5a911d\"},\"headline\":\"Tunisie\u00a0: Lancement de la formation au m\u00e9tier d&rsquo;accompagnant de vie\",\"datePublished\":\"2025-06-24T09:25:50+00:00\",\"dateModified\":\"2025-06-25T08:33:09+00:00\",\"mainEntityOfPage\":{\"@id\":\"https:\\\/\\\/www.webdo.tn\\\/fr\\\/actualite\\\/national\\\/tunisie-lancement-de-la-formation-au-metier-de-compagnon-de-vie\\\/378265\\\/\"},\"wordCount\":455,\"commentCount\":0,\"publisher\":{\"@id\":\"https:\\\/\\\/www.webdo.tn\\\/fr\\\/#organization\"},\"image\":{\"@id\":\"https:\\\/\\\/www.webdo.tn\\\/fr\\\/actualite\\\/national\\\/tunisie-lancement-de-la-formation-au-metier-de-compagnon-de-vie\\\/378265\\\/#primaryimage\"},\"thumbnailUrl\":\"https:\\\/\\\/www.webdo.tn\\\/fr\\\/wp-content\\\/uploads\\\/2025\\\/06\\\/Riadh-Chaoued-ministre-de-lEmploi-et-de-la-Formation-professionnelle-Page-fb-M.-Emploi.jpg\",\"keywords\":[\"compagnon de vie\",\"formation professionnelle\",\"Riadh Chaoued\",\"Tunisie\"],\"articleSection\":[\"National\"],\"inLanguage\":\"fr-FR\"},{\"@type\":\"WebPage\",\"@id\":\"https:\\\/\\\/www.webdo.tn\\\/fr\\\/actualite\\\/national\\\/tunisie-lancement-de-la-formation-au-metier-de-compagnon-de-vie\\\/378265\\\/\",\"url\":\"https:\\\/\\\/www.webdo.tn\\\/fr\\\/actualite\\\/national\\\/tunisie-lancement-de-la-formation-au-metier-de-compagnon-de-vie\\\/378265\\\/\",\"name\":\"Tunisie\u00a0: Lancement de la formation au m\u00e9tier d'accompagnant de vie - webdo\",\"isPartOf\":{\"@id\":\"https:\\\/\\\/www.webdo.tn\\\/fr\\\/#website\"},\"primaryImageOfPage\":{\"@id\":\"https:\\\/\\\/www.webdo.tn\\\/fr\\\/actualite\\\/national\\\/tunisie-lancement-de-la-formation-au-metier-de-compagnon-de-vie\\\/378265\\\/#primaryimage\"},\"image\":{\"@id\":\"https:\\\/\\\/www.webdo.tn\\\/fr\\\/actualite\\\/national\\\/tunisie-lancement-de-la-formation-au-metier-de-compagnon-de-vie\\\/378265\\\/#primaryimage\"},\"thumbnailUrl\":\"https:\\\/\\\/www.webdo.tn\\\/fr\\\/wp-content\\\/uploads\\\/2025\\\/06\\\/Riadh-Chaoued-ministre-de-lEmploi-et-de-la-Formation-professionnelle-Page-fb-M.-Emploi.jpg\",\"datePublished\":\"2025-06-24T09:25:50+00:00\",\"dateModified\":\"2025-06-25T08:33:09+00:00\",\"description\":\"Lancement de la formation au m\u00e9tier de compagnon de vie : un pas important pour la formation professionnelle en Tunisie.\",\"breadcrumb\":{\"@id\":\"https:\\\/\\\/www.webdo.tn\\\/fr\\\/actualite\\\/national\\\/tunisie-lancement-de-la-formation-au-metier-de-compagnon-de-vie\\\/378265\\\/#breadcrumb\"},\"inLanguage\":\"fr-FR\",\"potentialAction\":[{\"@type\":\"ReadAction\",\"target\":[\"https:\\\/\\\/www.webdo.tn\\\/fr\\\/actualite\\\/national\\\/tunisie-lancement-de-la-formation-au-metier-de-compagnon-de-vie\\\/378265\\\/\"]}]},{\"@type\":\"ImageObject\",\"inLanguage\":\"fr-FR\",\"@id\":\"https:\\\/\\\/www.webdo.tn\\\/fr\\\/actualite\\\/national\\\/tunisie-lancement-de-la-formation-au-metier-de-compagnon-de-vie\\\/378265\\\/#primaryimage\",\"url\":\"https:\\\/\\\/www.webdo.tn\\\/fr\\\/wp-content\\\/uploads\\\/2025\\\/06\\\/Riadh-Chaoued-ministre-de-lEmploi-et-de-la-Formation-professionnelle-Page-fb-M.-Emploi.jpg\",\"contentUrl\":\"https:\\\/\\\/www.webdo.tn\\\/fr\\\/wp-content\\\/uploads\\\/2025\\\/06\\\/Riadh-Chaoued-ministre-de-lEmploi-et-de-la-Formation-professionnelle-Page-fb-M.-Emploi.jpg\",\"width\":1211,\"height\":795,\"caption\":\"Riadh Chaoued, ministre de l\u2019Emploi et de la Formation professionnelle - Page fb M. Emploi\"},{\"@type\":\"BreadcrumbList\",\"@id\":\"https:\\\/\\\/www.webdo.tn\\\/fr\\\/actualite\\\/national\\\/tunisie-lancement-de-la-formation-au-metier-de-compagnon-de-vie\\\/378265\\\/#breadcrumb\",\"itemListElement\":[{\"@type\":\"ListItem\",\"position\":1,\"name\":\"Accueil\",\"item\":\"https:\\\/\\\/www.webdo.tn\\\/fr\\\/\"},{\"@type\":\"ListItem\",\"position\":2,\"name\":\"Tunisie\u00a0: Lancement de la formation au m\u00e9tier d&rsquo;accompagnant de vie\"}]},{\"@type\":\"WebSite\",\"@id\":\"https:\\\/\\\/www.webdo.tn\\\/fr\\\/#website\",\"url\":\"https:\\\/\\\/www.webdo.tn\\\/fr\\\/\",\"name\":\"webdo\",\"description\":\"Tunisie - News en Tunisie et \u00e0 l&#039;international sur Webdo.tn\",\"publisher\":{\"@id\":\"https:\\\/\\\/www.webdo.tn\\\/fr\\\/#organization\"},\"potentialAction\":[{\"@type\":\"SearchAction\",\"target\":{\"@type\":\"EntryPoint\",\"urlTemplate\":\"https:\\\/\\\/www.webdo.tn\\\/fr\\\/?s={search_term_string}\"},\"query-input\":{\"@type\":\"PropertyValueSpecification\",\"valueRequired\":true,\"valueName\":\"search_term_string\"}}],\"inLanguage\":\"fr-FR\"},{\"@type\":\"Organization\",\"@id\":\"https:\\\/\\\/www.webdo.tn\\\/fr\\\/#organization\",\"name\":\"Webdo\",\"alternateName\":\"Webdo.tn\",\"url\":\"https:\\\/\\\/www.webdo.tn\\\/fr\\\/\",\"logo\":{\"@type\":\"ImageObject\",\"inLanguage\":\"fr-FR\",\"@id\":\"https:\\\/\\\/www.webdo.tn\\\/fr\\\/#\\\/schema\\\/logo\\\/image\\\/\",\"url\":\"https:\\\/\\\/www.webdo.tn\\\/fr\\\/wp-content\\\/uploads\\\/2025\\\/06\\\/Webdo-Tunisie_168377.jpg\",\"contentUrl\":\"https:\\\/\\\/www.webdo.tn\\\/fr\\\/wp-content\\\/uploads\\\/2025\\\/06\\\/Webdo-Tunisie_168377.jpg\",\"width\":301,\"height\":301,\"caption\":\"Webdo\"},\"image\":{\"@id\":\"https:\\\/\\\/www.webdo.tn\\\/fr\\\/#\\\/schema\\\/logo\\\/image\\\/\"},\"sameAs\":[\"https:\\\/\\\/www.facebook.com\\\/webdotn\",\"https:\\\/\\\/x.com\\\/webdo_tn\"],\"description\":\"Webdo est un m\u00e9dia num\u00e9rique tunisien fond\u00e9 en 2010, sp\u00e9cialis\u00e9 dans l\u2019actualit\u00e9 nationale et internationale, l\u2019\u00e9conomie, la soci\u00e9t\u00e9 et les analyses politiques. Le site s\u2019adresse \u00e0 un large public francophone et couvre l\u2019information tunisienne en temps r\u00e9el.\",\"email\":\"redac@webdo.tn\",\"legalName\":\"YNJ SARL\",\"foundingDate\":\"2010-09-06\",\"numberOfEmployees\":{\"@type\":\"QuantitativeValue\",\"minValue\":\"11\",\"maxValue\":\"50\"}},{\"@type\":\"Person\",\"@id\":\"https:\\\/\\\/www.webdo.tn\\\/fr\\\/#\\\/schema\\\/person\\\/c652cd8fc2b1b44412b5ffb48c5a911d\",\"name\":\"Mohamed Hedi Touati\",\"image\":{\"@type\":\"ImageObject\",\"inLanguage\":\"fr-FR\",\"@id\":\"https:\\\/\\\/secure.gravatar.com\\\/avatar\\\/9cfd402c745b7a685f13eed0ea6e59d2144a3c2fc50a3db6fd5ed451f6cddf1a?s=96&d=mm&r=g\",\"url\":\"https:\\\/\\\/secure.gravatar.com\\\/avatar\\\/9cfd402c745b7a685f13eed0ea6e59d2144a3c2fc50a3db6fd5ed451f6cddf1a?s=96&d=mm&r=g\",\"contentUrl\":\"https:\\\/\\\/secure.gravatar.com\\\/avatar\\\/9cfd402c745b7a685f13eed0ea6e59d2144a3c2fc50a3db6fd5ed451f6cddf1a?s=96&d=mm&r=g\",\"caption\":\"Mohamed Hedi Touati\"},\"url\":\"https:\\\/\\\/www.webdo.tn\\\/fr\\\/actualite\\\/author\\\/mohamed-hedi-touati\\\/\"}]}<\/script>\n<!-- \/ Yoast SEO Premium plugin. -->","yoast_head_json":{"title":"Tunisie\u00a0: Lancement de la formation au m\u00e9tier d'accompagnant de vie - webdo","description":"Lancement de la formation au m\u00e9tier de compagnon de vie : un pas important pour la formation professionnelle en Tunisie.","canonical":"https:\/\/www.webdo.tn\/fr\/actualite\/national\/tunisie-lancement-de-la-formation-au-metier-de-compagnon-de-vie\/378265\/","og_locale":"fr_FR","og_type":"article","og_title":"Tunisie\u00a0: Lancement de la formation au m\u00e9tier d'accompagnant de vie","og_description":"Lancement de la formation au m\u00e9tier de compagnon de vie : un pas important pour la formation professionnelle en Tunisie.","og_url":"https:\/\/www.webdo.tn\/fr\/actualite\/national\/tunisie-lancement-de-la-formation-au-metier-de-compagnon-de-vie\/378265\/","og_site_name":"webdo","article_publisher":"https:\/\/www.facebook.com\/webdotn","article_published_time":"2025-06-24T09:25:50+00:00","article_modified_time":"2025-06-25T08:33:09+00:00","og_image":[{"width":1211,"height":795,"url":"https:\/\/www.webdo.tn\/fr\/wp-content\/uploads\/2025\/06\/Riadh-Chaoued-ministre-de-lEmploi-et-de-la-Formation-professionnelle-Page-fb-M.-Emploi.jpg","type":"image\/jpeg"}],"author":"Mohamed Hedi Touati","twitter_card":"summary_large_image","twitter_creator":"@webdo_tn","twitter_site":"@webdo_tn","twitter_misc":{"\u00c9crit par":"Mohamed Hedi Touati","Dur\u00e9e de lecture estim\u00e9e":"3 minutes"},"schema":{"@context":"https:\/\/schema.org","@graph":[{"@type":"NewsArticle","@id":"https:\/\/www.webdo.tn\/fr\/actualite\/national\/tunisie-lancement-de-la-formation-au-metier-de-compagnon-de-vie\/378265\/#article","isPartOf":{"@id":"https:\/\/www.webdo.tn\/fr\/actualite\/national\/tunisie-lancement-de-la-formation-au-metier-de-compagnon-de-vie\/378265\/"},"author":{"name":"Mohamed Hedi Touati","@id":"https:\/\/www.webdo.tn\/fr\/#\/schema\/person\/c652cd8fc2b1b44412b5ffb48c5a911d"},"headline":"Tunisie\u00a0: Lancement de la formation au m\u00e9tier d&rsquo;accompagnant de vie","datePublished":"2025-06-24T09:25:50+00:00","dateModified":"2025-06-25T08:33:09+00:00","mainEntityOfPage":{"@id":"https:\/\/www.webdo.tn\/fr\/actualite\/national\/tunisie-lancement-de-la-formation-au-metier-de-compagnon-de-vie\/378265\/"},"wordCount":455,"commentCount":0,"publisher":{"@id":"https:\/\/www.webdo.tn\/fr\/#organization"},"image":{"@id":"https:\/\/www.webdo.tn\/fr\/actualite\/national\/tunisie-lancement-de-la-formation-au-metier-de-compagnon-de-vie\/378265\/#primaryimage"},"thumbnailUrl":"https:\/\/www.webdo.tn\/fr\/wp-content\/uploads\/2025\/06\/Riadh-Chaoued-ministre-de-lEmploi-et-de-la-Formation-professionnelle-Page-fb-M.-Emploi.jpg","keywords":["compagnon de vie","formation professionnelle","Riadh Chaoued","Tunisie"],"articleSection":["National"],"inLanguage":"fr-FR"},{"@type":"WebPage","@id":"https:\/\/www.webdo.tn\/fr\/actualite\/national\/tunisie-lancement-de-la-formation-au-metier-de-compagnon-de-vie\/378265\/","url":"https:\/\/www.webdo.tn\/fr\/actualite\/national\/tunisie-lancement-de-la-formation-au-metier-de-compagnon-de-vie\/378265\/","name":"Tunisie\u00a0: Lancement de la formation au m\u00e9tier d'accompagnant de vie - webdo","isPartOf":{"@id":"https:\/\/www.webdo.tn\/fr\/#website"},"primaryImageOfPage":{"@id":"https:\/\/www.webdo.tn\/fr\/actualite\/national\/tunisie-lancement-de-la-formation-au-metier-de-compagnon-de-vie\/378265\/#primaryimage"},"image":{"@id":"https:\/\/www.webdo.tn\/fr\/actualite\/national\/tunisie-lancement-de-la-formation-au-metier-de-compagnon-de-vie\/378265\/#primaryimage"},"thumbnailUrl":"https:\/\/www.webdo.tn\/fr\/wp-content\/uploads\/2025\/06\/Riadh-Chaoued-ministre-de-lEmploi-et-de-la-Formation-professionnelle-Page-fb-M.-Emploi.jpg","datePublished":"2025-06-24T09:25:50+00:00","dateModified":"2025-06-25T08:33:09+00:00","description":"Lancement de la formation au m\u00e9tier de compagnon de vie : un pas important pour la formation professionnelle en Tunisie.","breadcrumb":{"@id":"https:\/\/www.webdo.tn\/fr\/actualite\/national\/tunisie-lancement-de-la-formation-au-metier-de-compagnon-de-vie\/378265\/#breadcrumb"},"inLanguage":"fr-FR","potentialAction":[{"@type":"ReadAction","target":["https:\/\/www.webdo.tn\/fr\/actualite\/national\/tunisie-lancement-de-la-formation-au-metier-de-compagnon-de-vie\/378265\/"]}]},{"@type":"ImageObject","inLanguage":"fr-FR","@id":"https:\/\/www.webdo.tn\/fr\/actualite\/national\/tunisie-lancement-de-la-formation-au-metier-de-compagnon-de-vie\/378265\/#primaryimage","url":"https:\/\/www.webdo.tn\/fr\/wp-content\/uploads\/2025\/06\/Riadh-Chaoued-ministre-de-lEmploi-et-de-la-Formation-professionnelle-Page-fb-M.-Emploi.jpg","contentUrl":"https:\/\/www.webdo.tn\/fr\/wp-content\/uploads\/2025\/06\/Riadh-Chaoued-ministre-de-lEmploi-et-de-la-Formation-professionnelle-Page-fb-M.-Emploi.jpg","width":1211,"height":795,"caption":"Riadh Chaoued, ministre de l\u2019Emploi et de la Formation professionnelle - Page fb M. Emploi"},{"@type":"BreadcrumbList","@id":"https:\/\/www.webdo.tn\/fr\/actualite\/national\/tunisie-lancement-de-la-formation-au-metier-de-compagnon-de-vie\/378265\/#breadcrumb","itemListElement":[{"@type":"ListItem","position":1,"name":"Accueil","item":"https:\/\/www.webdo.tn\/fr\/"},{"@type":"ListItem","position":2,"name":"Tunisie\u00a0: Lancement de la formation au m\u00e9tier d&rsquo;accompagnant de vie"}]},{"@type":"WebSite","@id":"https:\/\/www.webdo.tn\/fr\/#website","url":"https:\/\/www.webdo.tn\/fr\/","name":"webdo","description":"Tunisie - News en Tunisie et \u00e0 l&#039;international sur Webdo.tn","publisher":{"@id":"https:\/\/www.webdo.tn\/fr\/#organization"},"potentialAction":[{"@type":"SearchAction","target":{"@type":"EntryPoint","urlTemplate":"https:\/\/www.webdo.tn\/fr\/?s={search_term_string}"},"query-input":{"@type":"PropertyValueSpecification","valueRequired":true,"valueName":"search_term_string"}}],"inLanguage":"fr-FR"},{"@type":"Organization","@id":"https:\/\/www.webdo.tn\/fr\/#organization","name":"Webdo","alternateName":"Webdo.tn","url":"https:\/\/www.webdo.tn\/fr\/","logo":{"@type":"ImageObject","inLanguage":"fr-FR","@id":"https:\/\/www.webdo.tn\/fr\/#\/schema\/logo\/image\/","url":"https:\/\/www.webdo.tn\/fr\/wp-content\/uploads\/2025\/06\/Webdo-Tunisie_168377.jpg","contentUrl":"https:\/\/www.webdo.tn\/fr\/wp-content\/uploads\/2025\/06\/Webdo-Tunisie_168377.jpg","width":301,"height":301,"caption":"Webdo"},"image":{"@id":"https:\/\/www.webdo.tn\/fr\/#\/schema\/logo\/image\/"},"sameAs":["https:\/\/www.facebook.com\/webdotn","https:\/\/x.com\/webdo_tn"],"description":"Webdo est un m\u00e9dia num\u00e9rique tunisien fond\u00e9 en 2010, sp\u00e9cialis\u00e9 dans l\u2019actualit\u00e9 nationale et internationale, l\u2019\u00e9conomie, la soci\u00e9t\u00e9 et les analyses politiques. Le site s\u2019adresse \u00e0 un large public francophone et couvre l\u2019information tunisienne en temps r\u00e9el.","email":"redac@webdo.tn","legalName":"YNJ SARL","foundingDate":"2010-09-06","numberOfEmployees":{"@type":"QuantitativeValue","minValue":"11","maxValue":"50"}},{"@type":"Person","@id":"https:\/\/www.webdo.tn\/fr\/#\/schema\/person\/c652cd8fc2b1b44412b5ffb48c5a911d","name":"Mohamed Hedi Touati","image":{"@type":"ImageObject","inLanguage":"fr-FR","@id":"https:\/\/secure.gravatar.com\/avatar\/9cfd402c745b7a685f13eed0ea6e59d2144a3c2fc50a3db6fd5ed451f6cddf1a?s=96&d=mm&r=g","url":"https:\/\/secure.gravatar.com\/avatar\/9cfd402c745b7a685f13eed0ea6e59d2144a3c2fc50a3db6fd5ed451f6cddf1a?s=96&d=mm&r=g","contentUrl":"https:\/\/secure.gravatar.com\/avatar\/9cfd402c745b7a685f13eed0ea6e59d2144a3c2fc50a3db6fd5ed451f6cddf1a?s=96&d=mm&r=g","caption":"Mohamed Hedi Touati"},"url":"https:\/\/www.webdo.tn\/fr\/actualite\/author\/mohamed-hedi-touati\/"}]}},"_links":{"self":[{"href":"https:\/\/www.webdo.tn\/fr\/wp-json\/wp\/v2\/posts\/378265","targetHints":{"allow":["GET"]}}],"collection":[{"href":"https:\/\/www.webdo.tn\/fr\/wp-json\/wp\/v2\/posts"}],"about":[{"href":"https:\/\/www.webdo.tn\/fr\/wp-json\/wp\/v2\/types\/post"}],"author":[{"embeddable":true,"href":"https:\/\/www.webdo.tn\/fr\/wp-json\/wp\/v2\/users\/3191"}],"replies":[{"embeddable":true,"href":"https:\/\/www.webdo.tn\/fr\/wp-json\/wp\/v2\/comments?post=378265"}],"version-history":[{"count":0,"href":"https:\/\/www.webdo.tn\/fr\/wp-json\/wp\/v2\/posts\/378265\/revisions"}],"wp:featuredmedia":[{"embeddable":true,"href":"https:\/\/www.webdo.tn\/fr\/wp-json\/wp\/v2\/media\/378266"}],"wp:attachment":[{"href":"https:\/\/www.webdo.tn\/fr\/wp-json\/wp\/v2\/media?parent=378265"}],"wp:term":[{"taxonomy":"category","embeddable":true,"href":"https:\/\/www.webdo.tn\/fr\/wp-json\/wp\/v2\/categories?post=378265"},{"taxonomy":"post_tag","embeddable":true,"href":"https:\/\/www.webdo.tn\/fr\/wp-json\/wp\/v2\/tags?post=378265"}],"curies":[{"name":"wp","href":"https:\/\/api.w.org\/{rel}","templated":true}]}}