{"id":378262,"date":"2025-06-24T10:08:05","date_gmt":"2025-06-24T09:08:05","guid":{"rendered":"https:\/\/www.webdo.tn\/fr\/?p=378262"},"modified":"2025-06-24T11:04:18","modified_gmt":"2025-06-24T10:04:18","slug":"gaza-37-martyrs-palestiniens-dans-de-nouvelles-frappes-israeliennes","status":"publish","type":"post","link":"https:\/\/www.webdo.tn\/fr\/actualite\/international\/gaza-37-martyrs-palestiniens-dans-de-nouvelles-frappes-israeliennes\/378262\/","title":{"rendered":"Gaza : 37 martyrs palestiniens dans de nouvelles frappes isra\u00e9liennes"},"content":{"rendered":"\n<p>Des frappes isra\u00e9liennes men\u00e9es aujourd\u2019hui ont fait 37 morts, dont 29 civils tu\u00e9s qui attendaient l\u2019aide humanitaire.<\/p>\n\n\n\n<p>Le bilan des frappes men\u00e9es mardi matin par l\u2019arm\u00e9e isra\u00e9lienne dans la bande de Gaza s\u2019est \u00e9lev\u00e9 \u00e0 37 morts, selon des sources m\u00e9dicales locales. Vingt-neuf des victimes ont \u00e9t\u00e9 tu\u00e9es alors qu\u2019elles attendaient une aide humanitaire dans la r\u00e9gion de Wadi Gaza, au centre du territoire.<\/p>\n\n\n\n<p>Au moins 24 Palestiniens ont \u00e9t\u00e9 tu\u00e9s et plusieurs dizaines bless\u00e9s lors d\u2019une s\u00e9rie de frappes a\u00e9riennes ciblant des zones r\u00e9sidentielles \u00e0 Gaza-ville ainsi que des regroupements de civils au sud de Wadi Gaza.<\/p>\n\n\n\n<p>Un correspondant de l\u2019agence palestinienne WAFA a rapport\u00e9 que cinq corps ont \u00e9t\u00e9 extraits des d\u00e9combres d\u2019une maison bombard\u00e9e dans le quartier de Sabra, au sud de la ville. Les victimes ont \u00e9t\u00e9 transport\u00e9es au complexe hospitalier Al-Shifa.<\/p>\n\n\n\n<p>\u00c0 Nuseirat, dans le centre de la bande de Gaza, l\u2019h\u00f4pital Al-Awda a fait \u00e9tat de 19 morts et 146 bless\u00e9s \u00e0 la suite d\u2019un raid ayant vis\u00e9 la rue Salah al-Din, lieu de distribution d\u2019aide. Selon les services m\u00e9dicaux, 62 bless\u00e9s se trouvent dans un \u00e9tat critique.<\/p>\n","protected":false},"excerpt":{"rendered":"<p>Des frappes isra\u00e9liennes men\u00e9es aujourd\u2019hui ont fait 37 morts, dont 29 civils tu\u00e9s qui attendaient l\u2019aide humanitaire. Le bilan des frappes men\u00e9es mardi matin par l\u2019arm\u00e9e isra\u00e9lienne dans la bande de Gaza s\u2019est \u00e9lev\u00e9 \u00e0 37 morts, selon des sources m\u00e9dicales locales. Vingt-neuf des victimes ont \u00e9t\u00e9 tu\u00e9es alors qu\u2019elles attendaient une aide humanitaire dans [&hellip;]<\/p>\n","protected":false},"author":3191,"featured_media":378263,"comment_status":"open","ping_status":"open","sticky":false,"template":"","format":"standard","meta":{"footnotes":""},"categories":[2598],"tags":[2689,2600,2636,4472,6250],"class_list":["post-378262","post","type-post","status-publish","format-standard","has-post-thumbnail","hentry","category-international","tag-gaza","tag-guerre","tag-israel","tag-martyrs","tag-palestiniens"],"yoast_head":"<!-- This site is optimized with the Yoast SEO Premium plugin v27.5 (Yoast SEO v27.5) - https:\/\/yoast.com\/product\/yoast-seo-premium-wordpress\/ -->\n<title>Gaza : 37 martyrs palestiniens dans de nouvelles frappes isra\u00e9liennes - webdo<\/title>\n<meta name=\"description\" content=\"Des frappes isra\u00e9liennes \u00e0 Gaza ont caus\u00e9 37 morts, dont de nombreux civils en attente d&#039;aide humanitaire. D\u00e9couvrez les d\u00e9tails.\" \/>\n<link rel=\"canonical\" href=\"https:\/\/www.webdo.tn\/fr\/actualite\/international\/gaza-37-martyrs-palestiniens-dans-de-nouvelles-frappes-israeliennes\/378262\/\" \/>\n<meta property=\"og:locale\" content=\"fr_FR\" \/>\n<meta property=\"og:type\" content=\"article\" \/>\n<meta property=\"og:title\" content=\"Gaza : 37 martyrs palestiniens dans de nouvelles frappes isra\u00e9liennes\" \/>\n<meta property=\"og:description\" content=\"Des frappes isra\u00e9liennes \u00e0 Gaza ont caus\u00e9 37 morts, dont de nombreux civils en attente d&#039;aide humanitaire. D\u00e9couvrez les d\u00e9tails.\" \/>\n<meta property=\"og:url\" content=\"https:\/\/www.webdo.tn\/fr\/actualite\/international\/gaza-37-martyrs-palestiniens-dans-de-nouvelles-frappes-israeliennes\/378262\/\" \/>\n<meta property=\"og:site_name\" content=\"webdo\" \/>\n<meta property=\"article:publisher\" content=\"https:\/\/www.facebook.com\/webdotn\" \/>\n<meta property=\"article:published_time\" content=\"2025-06-24T09:08:05+00:00\" \/>\n<meta property=\"article:modified_time\" content=\"2025-06-24T10:04:18+00:00\" \/>\n<meta property=\"og:image\" content=\"https:\/\/www.webdo.tn\/fr\/wp-content\/uploads\/2025\/06\/Des-Palestiniens-se-rassemblent-pour-recevoir-des-fournitures-daide-a-Beit-Lahia-dans-le-nord-de-la-bande-de-Gaza-le-23-juin-2025.-Ebrahim-Hajjaj-REUTERS.jpg\" \/>\n\t<meta property=\"og:image:width\" content=\"1194\" \/>\n\t<meta property=\"og:image:height\" content=\"671\" \/>\n\t<meta property=\"og:image:type\" content=\"image\/jpeg\" \/>\n<meta name=\"author\" content=\"Mohamed Hedi Touati\" \/>\n<meta name=\"twitter:card\" content=\"summary_large_image\" \/>\n<meta name=\"twitter:creator\" content=\"@webdo_tn\" \/>\n<meta name=\"twitter:site\" content=\"@webdo_tn\" \/>\n<meta name=\"twitter:label1\" content=\"\u00c9crit par\" \/>\n\t<meta name=\"twitter:data1\" content=\"Mohamed Hedi Touati\" \/>\n\t<meta name=\"twitter:label2\" content=\"Dur\u00e9e de lecture estim\u00e9e\" \/>\n\t<meta name=\"twitter:data2\" content=\"2 minutes\" \/>\n<script type=\"application\/ld+json\" class=\"yoast-schema-graph\">{\"@context\":\"https:\\\/\\\/schema.org\",\"@graph\":[{\"@type\":\"NewsArticle\",\"@id\":\"https:\\\/\\\/www.webdo.tn\\\/fr\\\/actualite\\\/international\\\/gaza-37-martyrs-palestiniens-dans-de-nouvelles-frappes-israeliennes\\\/378262\\\/#article\",\"isPartOf\":{\"@id\":\"https:\\\/\\\/www.webdo.tn\\\/fr\\\/actualite\\\/international\\\/gaza-37-martyrs-palestiniens-dans-de-nouvelles-frappes-israeliennes\\\/378262\\\/\"},\"author\":{\"name\":\"Mohamed Hedi Touati\",\"@id\":\"https:\\\/\\\/www.webdo.tn\\\/fr\\\/#\\\/schema\\\/person\\\/c652cd8fc2b1b44412b5ffb48c5a911d\"},\"headline\":\"Gaza : 37 martyrs palestiniens dans de nouvelles frappes isra\u00e9liennes\",\"datePublished\":\"2025-06-24T09:08:05+00:00\",\"dateModified\":\"2025-06-24T10:04:18+00:00\",\"mainEntityOfPage\":{\"@id\":\"https:\\\/\\\/www.webdo.tn\\\/fr\\\/actualite\\\/international\\\/gaza-37-martyrs-palestiniens-dans-de-nouvelles-frappes-israeliennes\\\/378262\\\/\"},\"wordCount\":214,\"commentCount\":0,\"publisher\":{\"@id\":\"https:\\\/\\\/www.webdo.tn\\\/fr\\\/#organization\"},\"image\":{\"@id\":\"https:\\\/\\\/www.webdo.tn\\\/fr\\\/actualite\\\/international\\\/gaza-37-martyrs-palestiniens-dans-de-nouvelles-frappes-israeliennes\\\/378262\\\/#primaryimage\"},\"thumbnailUrl\":\"https:\\\/\\\/www.webdo.tn\\\/fr\\\/wp-content\\\/uploads\\\/2025\\\/06\\\/Des-Palestiniens-se-rassemblent-pour-recevoir-des-fournitures-daide-a-Beit-Lahia-dans-le-nord-de-la-bande-de-Gaza-le-23-juin-2025.-Ebrahim-Hajjaj-REUTERS.jpg\",\"keywords\":[\"Gaza\",\"guerre\",\"isra\u00ebl\",\"Martyrs\",\"palestiniens\"],\"articleSection\":[\"International\"],\"inLanguage\":\"fr-FR\"},{\"@type\":\"WebPage\",\"@id\":\"https:\\\/\\\/www.webdo.tn\\\/fr\\\/actualite\\\/international\\\/gaza-37-martyrs-palestiniens-dans-de-nouvelles-frappes-israeliennes\\\/378262\\\/\",\"url\":\"https:\\\/\\\/www.webdo.tn\\\/fr\\\/actualite\\\/international\\\/gaza-37-martyrs-palestiniens-dans-de-nouvelles-frappes-israeliennes\\\/378262\\\/\",\"name\":\"Gaza : 37 martyrs palestiniens dans de nouvelles frappes isra\u00e9liennes - webdo\",\"isPartOf\":{\"@id\":\"https:\\\/\\\/www.webdo.tn\\\/fr\\\/#website\"},\"primaryImageOfPage\":{\"@id\":\"https:\\\/\\\/www.webdo.tn\\\/fr\\\/actualite\\\/international\\\/gaza-37-martyrs-palestiniens-dans-de-nouvelles-frappes-israeliennes\\\/378262\\\/#primaryimage\"},\"image\":{\"@id\":\"https:\\\/\\\/www.webdo.tn\\\/fr\\\/actualite\\\/international\\\/gaza-37-martyrs-palestiniens-dans-de-nouvelles-frappes-israeliennes\\\/378262\\\/#primaryimage\"},\"thumbnailUrl\":\"https:\\\/\\\/www.webdo.tn\\\/fr\\\/wp-content\\\/uploads\\\/2025\\\/06\\\/Des-Palestiniens-se-rassemblent-pour-recevoir-des-fournitures-daide-a-Beit-Lahia-dans-le-nord-de-la-bande-de-Gaza-le-23-juin-2025.-Ebrahim-Hajjaj-REUTERS.jpg\",\"datePublished\":\"2025-06-24T09:08:05+00:00\",\"dateModified\":\"2025-06-24T10:04:18+00:00\",\"description\":\"Des frappes isra\u00e9liennes \u00e0 Gaza ont caus\u00e9 37 morts, dont de nombreux civils en attente d'aide humanitaire. D\u00e9couvrez les d\u00e9tails.\",\"breadcrumb\":{\"@id\":\"https:\\\/\\\/www.webdo.tn\\\/fr\\\/actualite\\\/international\\\/gaza-37-martyrs-palestiniens-dans-de-nouvelles-frappes-israeliennes\\\/378262\\\/#breadcrumb\"},\"inLanguage\":\"fr-FR\",\"potentialAction\":[{\"@type\":\"ReadAction\",\"target\":[\"https:\\\/\\\/www.webdo.tn\\\/fr\\\/actualite\\\/international\\\/gaza-37-martyrs-palestiniens-dans-de-nouvelles-frappes-israeliennes\\\/378262\\\/\"]}]},{\"@type\":\"ImageObject\",\"inLanguage\":\"fr-FR\",\"@id\":\"https:\\\/\\\/www.webdo.tn\\\/fr\\\/actualite\\\/international\\\/gaza-37-martyrs-palestiniens-dans-de-nouvelles-frappes-israeliennes\\\/378262\\\/#primaryimage\",\"url\":\"https:\\\/\\\/www.webdo.tn\\\/fr\\\/wp-content\\\/uploads\\\/2025\\\/06\\\/Des-Palestiniens-se-rassemblent-pour-recevoir-des-fournitures-daide-a-Beit-Lahia-dans-le-nord-de-la-bande-de-Gaza-le-23-juin-2025.-Ebrahim-Hajjaj-REUTERS.jpg\",\"contentUrl\":\"https:\\\/\\\/www.webdo.tn\\\/fr\\\/wp-content\\\/uploads\\\/2025\\\/06\\\/Des-Palestiniens-se-rassemblent-pour-recevoir-des-fournitures-daide-a-Beit-Lahia-dans-le-nord-de-la-bande-de-Gaza-le-23-juin-2025.-Ebrahim-Hajjaj-REUTERS.jpg\",\"width\":1194,\"height\":671,\"caption\":\"Des Palestiniens se rassemblent pour recevoir des fournitures d\u2019aide \u00e0 Beit Lahia, dans le nord de la bande de Gaza, le 23 juin 2025. Ebrahim Hajjaj - REUTERS\"},{\"@type\":\"BreadcrumbList\",\"@id\":\"https:\\\/\\\/www.webdo.tn\\\/fr\\\/actualite\\\/international\\\/gaza-37-martyrs-palestiniens-dans-de-nouvelles-frappes-israeliennes\\\/378262\\\/#breadcrumb\",\"itemListElement\":[{\"@type\":\"ListItem\",\"position\":1,\"name\":\"Accueil\",\"item\":\"https:\\\/\\\/www.webdo.tn\\\/fr\\\/\"},{\"@type\":\"ListItem\",\"position\":2,\"name\":\"Gaza : 37 martyrs palestiniens dans de nouvelles frappes isra\u00e9liennes\"}]},{\"@type\":\"WebSite\",\"@id\":\"https:\\\/\\\/www.webdo.tn\\\/fr\\\/#website\",\"url\":\"https:\\\/\\\/www.webdo.tn\\\/fr\\\/\",\"name\":\"webdo\",\"description\":\"Tunisie - News en Tunisie et \u00e0 l&#039;international sur Webdo.tn\",\"publisher\":{\"@id\":\"https:\\\/\\\/www.webdo.tn\\\/fr\\\/#organization\"},\"potentialAction\":[{\"@type\":\"SearchAction\",\"target\":{\"@type\":\"EntryPoint\",\"urlTemplate\":\"https:\\\/\\\/www.webdo.tn\\\/fr\\\/?s={search_term_string}\"},\"query-input\":{\"@type\":\"PropertyValueSpecification\",\"valueRequired\":true,\"valueName\":\"search_term_string\"}}],\"inLanguage\":\"fr-FR\"},{\"@type\":\"Organization\",\"@id\":\"https:\\\/\\\/www.webdo.tn\\\/fr\\\/#organization\",\"name\":\"Webdo\",\"alternateName\":\"Webdo.tn\",\"url\":\"https:\\\/\\\/www.webdo.tn\\\/fr\\\/\",\"logo\":{\"@type\":\"ImageObject\",\"inLanguage\":\"fr-FR\",\"@id\":\"https:\\\/\\\/www.webdo.tn\\\/fr\\\/#\\\/schema\\\/logo\\\/image\\\/\",\"url\":\"https:\\\/\\\/www.webdo.tn\\\/fr\\\/wp-content\\\/uploads\\\/2025\\\/06\\\/Webdo-Tunisie_168377.jpg\",\"contentUrl\":\"https:\\\/\\\/www.webdo.tn\\\/fr\\\/wp-content\\\/uploads\\\/2025\\\/06\\\/Webdo-Tunisie_168377.jpg\",\"width\":301,\"height\":301,\"caption\":\"Webdo\"},\"image\":{\"@id\":\"https:\\\/\\\/www.webdo.tn\\\/fr\\\/#\\\/schema\\\/logo\\\/image\\\/\"},\"sameAs\":[\"https:\\\/\\\/www.facebook.com\\\/webdotn\",\"https:\\\/\\\/x.com\\\/webdo_tn\"],\"description\":\"Webdo est un m\u00e9dia num\u00e9rique tunisien fond\u00e9 en 2010, sp\u00e9cialis\u00e9 dans l\u2019actualit\u00e9 nationale et internationale, l\u2019\u00e9conomie, la soci\u00e9t\u00e9 et les analyses politiques. Le site s\u2019adresse \u00e0 un large public francophone et couvre l\u2019information tunisienne en temps r\u00e9el.\",\"email\":\"redac@webdo.tn\",\"legalName\":\"YNJ SARL\",\"foundingDate\":\"2010-09-06\",\"numberOfEmployees\":{\"@type\":\"QuantitativeValue\",\"minValue\":\"11\",\"maxValue\":\"50\"}},{\"@type\":\"Person\",\"@id\":\"https:\\\/\\\/www.webdo.tn\\\/fr\\\/#\\\/schema\\\/person\\\/c652cd8fc2b1b44412b5ffb48c5a911d\",\"name\":\"Mohamed Hedi Touati\",\"image\":{\"@type\":\"ImageObject\",\"inLanguage\":\"fr-FR\",\"@id\":\"https:\\\/\\\/secure.gravatar.com\\\/avatar\\\/9cfd402c745b7a685f13eed0ea6e59d2144a3c2fc50a3db6fd5ed451f6cddf1a?s=96&d=mm&r=g\",\"url\":\"https:\\\/\\\/secure.gravatar.com\\\/avatar\\\/9cfd402c745b7a685f13eed0ea6e59d2144a3c2fc50a3db6fd5ed451f6cddf1a?s=96&d=mm&r=g\",\"contentUrl\":\"https:\\\/\\\/secure.gravatar.com\\\/avatar\\\/9cfd402c745b7a685f13eed0ea6e59d2144a3c2fc50a3db6fd5ed451f6cddf1a?s=96&d=mm&r=g\",\"caption\":\"Mohamed Hedi Touati\"},\"url\":\"https:\\\/\\\/www.webdo.tn\\\/fr\\\/actualite\\\/author\\\/mohamed-hedi-touati\\\/\"}]}<\/script>\n<!-- \/ Yoast SEO Premium plugin. -->","yoast_head_json":{"title":"Gaza : 37 martyrs palestiniens dans de nouvelles frappes isra\u00e9liennes - webdo","description":"Des frappes isra\u00e9liennes \u00e0 Gaza ont caus\u00e9 37 morts, dont de nombreux civils en attente d'aide humanitaire. D\u00e9couvrez les d\u00e9tails.","canonical":"https:\/\/www.webdo.tn\/fr\/actualite\/international\/gaza-37-martyrs-palestiniens-dans-de-nouvelles-frappes-israeliennes\/378262\/","og_locale":"fr_FR","og_type":"article","og_title":"Gaza : 37 martyrs palestiniens dans de nouvelles frappes isra\u00e9liennes","og_description":"Des frappes isra\u00e9liennes \u00e0 Gaza ont caus\u00e9 37 morts, dont de nombreux civils en attente d'aide humanitaire. D\u00e9couvrez les d\u00e9tails.","og_url":"https:\/\/www.webdo.tn\/fr\/actualite\/international\/gaza-37-martyrs-palestiniens-dans-de-nouvelles-frappes-israeliennes\/378262\/","og_site_name":"webdo","article_publisher":"https:\/\/www.facebook.com\/webdotn","article_published_time":"2025-06-24T09:08:05+00:00","article_modified_time":"2025-06-24T10:04:18+00:00","og_image":[{"width":1194,"height":671,"url":"https:\/\/www.webdo.tn\/fr\/wp-content\/uploads\/2025\/06\/Des-Palestiniens-se-rassemblent-pour-recevoir-des-fournitures-daide-a-Beit-Lahia-dans-le-nord-de-la-bande-de-Gaza-le-23-juin-2025.-Ebrahim-Hajjaj-REUTERS.jpg","type":"image\/jpeg"}],"author":"Mohamed Hedi Touati","twitter_card":"summary_large_image","twitter_creator":"@webdo_tn","twitter_site":"@webdo_tn","twitter_misc":{"\u00c9crit par":"Mohamed Hedi Touati","Dur\u00e9e de lecture estim\u00e9e":"2 minutes"},"schema":{"@context":"https:\/\/schema.org","@graph":[{"@type":"NewsArticle","@id":"https:\/\/www.webdo.tn\/fr\/actualite\/international\/gaza-37-martyrs-palestiniens-dans-de-nouvelles-frappes-israeliennes\/378262\/#article","isPartOf":{"@id":"https:\/\/www.webdo.tn\/fr\/actualite\/international\/gaza-37-martyrs-palestiniens-dans-de-nouvelles-frappes-israeliennes\/378262\/"},"author":{"name":"Mohamed Hedi Touati","@id":"https:\/\/www.webdo.tn\/fr\/#\/schema\/person\/c652cd8fc2b1b44412b5ffb48c5a911d"},"headline":"Gaza : 37 martyrs palestiniens dans de nouvelles frappes isra\u00e9liennes","datePublished":"2025-06-24T09:08:05+00:00","dateModified":"2025-06-24T10:04:18+00:00","mainEntityOfPage":{"@id":"https:\/\/www.webdo.tn\/fr\/actualite\/international\/gaza-37-martyrs-palestiniens-dans-de-nouvelles-frappes-israeliennes\/378262\/"},"wordCount":214,"commentCount":0,"publisher":{"@id":"https:\/\/www.webdo.tn\/fr\/#organization"},"image":{"@id":"https:\/\/www.webdo.tn\/fr\/actualite\/international\/gaza-37-martyrs-palestiniens-dans-de-nouvelles-frappes-israeliennes\/378262\/#primaryimage"},"thumbnailUrl":"https:\/\/www.webdo.tn\/fr\/wp-content\/uploads\/2025\/06\/Des-Palestiniens-se-rassemblent-pour-recevoir-des-fournitures-daide-a-Beit-Lahia-dans-le-nord-de-la-bande-de-Gaza-le-23-juin-2025.-Ebrahim-Hajjaj-REUTERS.jpg","keywords":["Gaza","guerre","isra\u00ebl","Martyrs","palestiniens"],"articleSection":["International"],"inLanguage":"fr-FR"},{"@type":"WebPage","@id":"https:\/\/www.webdo.tn\/fr\/actualite\/international\/gaza-37-martyrs-palestiniens-dans-de-nouvelles-frappes-israeliennes\/378262\/","url":"https:\/\/www.webdo.tn\/fr\/actualite\/international\/gaza-37-martyrs-palestiniens-dans-de-nouvelles-frappes-israeliennes\/378262\/","name":"Gaza : 37 martyrs palestiniens dans de nouvelles frappes isra\u00e9liennes - webdo","isPartOf":{"@id":"https:\/\/www.webdo.tn\/fr\/#website"},"primaryImageOfPage":{"@id":"https:\/\/www.webdo.tn\/fr\/actualite\/international\/gaza-37-martyrs-palestiniens-dans-de-nouvelles-frappes-israeliennes\/378262\/#primaryimage"},"image":{"@id":"https:\/\/www.webdo.tn\/fr\/actualite\/international\/gaza-37-martyrs-palestiniens-dans-de-nouvelles-frappes-israeliennes\/378262\/#primaryimage"},"thumbnailUrl":"https:\/\/www.webdo.tn\/fr\/wp-content\/uploads\/2025\/06\/Des-Palestiniens-se-rassemblent-pour-recevoir-des-fournitures-daide-a-Beit-Lahia-dans-le-nord-de-la-bande-de-Gaza-le-23-juin-2025.-Ebrahim-Hajjaj-REUTERS.jpg","datePublished":"2025-06-24T09:08:05+00:00","dateModified":"2025-06-24T10:04:18+00:00","description":"Des frappes isra\u00e9liennes \u00e0 Gaza ont caus\u00e9 37 morts, dont de nombreux civils en attente d'aide humanitaire. D\u00e9couvrez les d\u00e9tails.","breadcrumb":{"@id":"https:\/\/www.webdo.tn\/fr\/actualite\/international\/gaza-37-martyrs-palestiniens-dans-de-nouvelles-frappes-israeliennes\/378262\/#breadcrumb"},"inLanguage":"fr-FR","potentialAction":[{"@type":"ReadAction","target":["https:\/\/www.webdo.tn\/fr\/actualite\/international\/gaza-37-martyrs-palestiniens-dans-de-nouvelles-frappes-israeliennes\/378262\/"]}]},{"@type":"ImageObject","inLanguage":"fr-FR","@id":"https:\/\/www.webdo.tn\/fr\/actualite\/international\/gaza-37-martyrs-palestiniens-dans-de-nouvelles-frappes-israeliennes\/378262\/#primaryimage","url":"https:\/\/www.webdo.tn\/fr\/wp-content\/uploads\/2025\/06\/Des-Palestiniens-se-rassemblent-pour-recevoir-des-fournitures-daide-a-Beit-Lahia-dans-le-nord-de-la-bande-de-Gaza-le-23-juin-2025.-Ebrahim-Hajjaj-REUTERS.jpg","contentUrl":"https:\/\/www.webdo.tn\/fr\/wp-content\/uploads\/2025\/06\/Des-Palestiniens-se-rassemblent-pour-recevoir-des-fournitures-daide-a-Beit-Lahia-dans-le-nord-de-la-bande-de-Gaza-le-23-juin-2025.-Ebrahim-Hajjaj-REUTERS.jpg","width":1194,"height":671,"caption":"Des Palestiniens se rassemblent pour recevoir des fournitures d\u2019aide \u00e0 Beit Lahia, dans le nord de la bande de Gaza, le 23 juin 2025. Ebrahim Hajjaj - REUTERS"},{"@type":"BreadcrumbList","@id":"https:\/\/www.webdo.tn\/fr\/actualite\/international\/gaza-37-martyrs-palestiniens-dans-de-nouvelles-frappes-israeliennes\/378262\/#breadcrumb","itemListElement":[{"@type":"ListItem","position":1,"name":"Accueil","item":"https:\/\/www.webdo.tn\/fr\/"},{"@type":"ListItem","position":2,"name":"Gaza : 37 martyrs palestiniens dans de nouvelles frappes isra\u00e9liennes"}]},{"@type":"WebSite","@id":"https:\/\/www.webdo.tn\/fr\/#website","url":"https:\/\/www.webdo.tn\/fr\/","name":"webdo","description":"Tunisie - News en Tunisie et \u00e0 l&#039;international sur Webdo.tn","publisher":{"@id":"https:\/\/www.webdo.tn\/fr\/#organization"},"potentialAction":[{"@type":"SearchAction","target":{"@type":"EntryPoint","urlTemplate":"https:\/\/www.webdo.tn\/fr\/?s={search_term_string}"},"query-input":{"@type":"PropertyValueSpecification","valueRequired":true,"valueName":"search_term_string"}}],"inLanguage":"fr-FR"},{"@type":"Organization","@id":"https:\/\/www.webdo.tn\/fr\/#organization","name":"Webdo","alternateName":"Webdo.tn","url":"https:\/\/www.webdo.tn\/fr\/","logo":{"@type":"ImageObject","inLanguage":"fr-FR","@id":"https:\/\/www.webdo.tn\/fr\/#\/schema\/logo\/image\/","url":"https:\/\/www.webdo.tn\/fr\/wp-content\/uploads\/2025\/06\/Webdo-Tunisie_168377.jpg","contentUrl":"https:\/\/www.webdo.tn\/fr\/wp-content\/uploads\/2025\/06\/Webdo-Tunisie_168377.jpg","width":301,"height":301,"caption":"Webdo"},"image":{"@id":"https:\/\/www.webdo.tn\/fr\/#\/schema\/logo\/image\/"},"sameAs":["https:\/\/www.facebook.com\/webdotn","https:\/\/x.com\/webdo_tn"],"description":"Webdo est un m\u00e9dia num\u00e9rique tunisien fond\u00e9 en 2010, sp\u00e9cialis\u00e9 dans l\u2019actualit\u00e9 nationale et internationale, l\u2019\u00e9conomie, la soci\u00e9t\u00e9 et les analyses politiques. Le site s\u2019adresse \u00e0 un large public francophone et couvre l\u2019information tunisienne en temps r\u00e9el.","email":"redac@webdo.tn","legalName":"YNJ SARL","foundingDate":"2010-09-06","numberOfEmployees":{"@type":"QuantitativeValue","minValue":"11","maxValue":"50"}},{"@type":"Person","@id":"https:\/\/www.webdo.tn\/fr\/#\/schema\/person\/c652cd8fc2b1b44412b5ffb48c5a911d","name":"Mohamed Hedi Touati","image":{"@type":"ImageObject","inLanguage":"fr-FR","@id":"https:\/\/secure.gravatar.com\/avatar\/9cfd402c745b7a685f13eed0ea6e59d2144a3c2fc50a3db6fd5ed451f6cddf1a?s=96&d=mm&r=g","url":"https:\/\/secure.gravatar.com\/avatar\/9cfd402c745b7a685f13eed0ea6e59d2144a3c2fc50a3db6fd5ed451f6cddf1a?s=96&d=mm&r=g","contentUrl":"https:\/\/secure.gravatar.com\/avatar\/9cfd402c745b7a685f13eed0ea6e59d2144a3c2fc50a3db6fd5ed451f6cddf1a?s=96&d=mm&r=g","caption":"Mohamed Hedi Touati"},"url":"https:\/\/www.webdo.tn\/fr\/actualite\/author\/mohamed-hedi-touati\/"}]}},"_links":{"self":[{"href":"https:\/\/www.webdo.tn\/fr\/wp-json\/wp\/v2\/posts\/378262","targetHints":{"allow":["GET"]}}],"collection":[{"href":"https:\/\/www.webdo.tn\/fr\/wp-json\/wp\/v2\/posts"}],"about":[{"href":"https:\/\/www.webdo.tn\/fr\/wp-json\/wp\/v2\/types\/post"}],"author":[{"embeddable":true,"href":"https:\/\/www.webdo.tn\/fr\/wp-json\/wp\/v2\/users\/3191"}],"replies":[{"embeddable":true,"href":"https:\/\/www.webdo.tn\/fr\/wp-json\/wp\/v2\/comments?post=378262"}],"version-history":[{"count":0,"href":"https:\/\/www.webdo.tn\/fr\/wp-json\/wp\/v2\/posts\/378262\/revisions"}],"wp:featuredmedia":[{"embeddable":true,"href":"https:\/\/www.webdo.tn\/fr\/wp-json\/wp\/v2\/media\/378263"}],"wp:attachment":[{"href":"https:\/\/www.webdo.tn\/fr\/wp-json\/wp\/v2\/media?parent=378262"}],"wp:term":[{"taxonomy":"category","embeddable":true,"href":"https:\/\/www.webdo.tn\/fr\/wp-json\/wp\/v2\/categories?post=378262"},{"taxonomy":"post_tag","embeddable":true,"href":"https:\/\/www.webdo.tn\/fr\/wp-json\/wp\/v2\/tags?post=378262"}],"curies":[{"name":"wp","href":"https:\/\/api.w.org\/{rel}","templated":true}]}}