{"id":378235,"date":"2025-06-24T06:39:02","date_gmt":"2025-06-24T05:39:02","guid":{"rendered":"https:\/\/www.webdo.tn\/fr\/?p=378235"},"modified":"2025-06-24T12:21:07","modified_gmt":"2025-06-24T11:21:07","slug":"iran-israel-trump-proclame-un-cessez-le-feu-mais-les-missiles-tombent-encore","status":"publish","type":"post","link":"https:\/\/www.webdo.tn\/fr\/actualite\/international\/iran-israel-trump-proclame-un-cessez-le-feu-mais-les-missiles-tombent-encore\/378235\/","title":{"rendered":"Iran \u2013 Isra\u00ebl : Trump proclame un cessez-le-feu, mais les missiles tombent encore"},"content":{"rendered":"\n<p><strong>Donald Trump s&rsquo;autocongratule pour avoir, selon lui, mis fin \u00e0 la guerre des 12 jours entre Isra\u00ebl et l\u2019Iran. Mais sur le terrain, la violence continue.<\/strong><\/p>\n\n\n\n<p>Dans une d\u00e9claration nocturne publi\u00e9e sur Truth Social, <strong>Donald Trump a annonc\u00e9 un cessez-le-feu \u00ab\u00a0progressif\u00a0\u00bb<\/strong> entre Isra\u00ebl et l\u2019Iran : arr\u00eat des frappes iraniennes pr\u00e9vu \u00e0 04h00 GMT, puis isra\u00e9liennes douze heures plus tard. Un deal qui aurait \u00e9t\u00e9, selon lui, \u00ab\u00a0inspir\u00e9 par la raison et la v\u00e9rit\u00e9\u00a0\u00bb. Pourtant, dans le ciel de la r\u00e9gion, <strong>la guerre reste bien active<\/strong>.<\/p>\n\n\n\n<p>Au m\u00eame moment, <strong>l\u2019Iran a tir\u00e9 six salves de missiles sur Isra\u00ebl<\/strong>, tuant <strong>au moins trois personnes<\/strong> \u00e0 Beersheba. L\u2019arm\u00e9e isra\u00e9lienne et les secours ont confirm\u00e9 les victimes et des bless\u00e9s, alors que <strong>des interceptions ont \u00e9t\u00e9 observ\u00e9es au-dessus d\u2019Al-Qods et Ha\u00effa<\/strong>.<\/p>\n\n\n\n<p>En r\u00e9alit\u00e9, <strong>le cycle de repr\u00e9sailles n\u2019a jamais cess\u00e9<\/strong>. <strong>Avant m\u00eame l\u2019annonce du cessez-le-feu<\/strong>, le 23 juin au soir, <strong>l\u2019Iran avait d\u00e9j\u00e0 frapp\u00e9 la base am\u00e9ricaine d\u2019Al-Udeid, au Qatar<\/strong>, en r\u00e9ponse aux bombardements am\u00e9ricains contre ses installations nucl\u00e9aires. Selon les sources militaires, les missiles ont \u00e9t\u00e9 intercept\u00e9s et aucune victime n\u2019est \u00e0 d\u00e9plorer.<\/p>\n\n\n\n<p><strong>En Irak \u00e9galement, plusieurs bases militaires am\u00e9ricaines \u2013 Taji, Balad, Victory, Imam Ali \u2013 ont \u00e9t\u00e9 vis\u00e9es<\/strong>. Ces attaques confirment un \u00e9largissement g\u00e9ographique du conflit.<\/p>\n\n\n\n<p>Dans un autre d\u00e9veloppement inqui\u00e9tant, <strong>Iran Press TV a affirm\u00e9 qu\u2019un haut scientifique nucl\u00e9aire iranien, Sedighi Saber, a \u00e9t\u00e9 tu\u00e9 dans une frappe isra\u00e9lienne \u00e0 T\u00e9h\u00e9ran<\/strong>. Une op\u00e9ration qui aurait pr\u00e9cipit\u00e9 les derni\u00e8res ripostes iraniennes.<\/p>\n\n\n\n<p><strong>Isra\u00ebl n\u2019a pas confirm\u00e9 le cessez-le-feu annonc\u00e9 par Trump.<\/strong> Le Premier ministre Benyamin Netanyahu a r\u00e9uni son cabinet de s\u00e9curit\u00e9 et impos\u00e9 une discr\u00e9tion totale \u00e0 ses ministres. <strong>T\u00e9h\u00e9ran, de son c\u00f4t\u00e9, nie l\u2019existence d\u2019un accord formel<\/strong>. Le chef de la diplomatie iranienne Abbas Araghchi a d\u00e9clar\u00e9 que <strong>l\u2019Iran cesserait ses attaques uniquement si Isra\u00ebl mettait fin \u00e0 ses \u00ab\u00a0agressions ill\u00e9gales\u00a0\u00bb<\/strong>.<\/p>\n\n\n\n<p><strong>Le Qatar aurait agi en tant que m\u00e9diateur discret<\/strong>, facilitant les discussions indirectes. Mais malgr\u00e9 cette tentative de d\u00e9sescalade, <strong>les faits montrent que la guerre continue<\/strong>.<\/p>\n\n\n\n<p>Depuis le 13 juin, <strong>l\u2019Iran affirme que plus de 400 personnes ont \u00e9t\u00e9 tu\u00e9es<\/strong>, dont <strong>13 enfants<\/strong>. C\u00f4t\u00e9 isra\u00e9lien, le bilan s\u2019\u00e9l\u00e8ve \u00e0 <strong>24 morts<\/strong> depuis le d\u00e9but des frappes iraniennes.<\/p>\n\n\n\n<p>Sur les r\u00e9seaux sociaux, Trump continue \u00e0 saluer \u00ab\u00a0une paix historique\u00a0\u00bb, allant jusqu\u2019\u00e0 conclure son message par un \u00e9trange \u00ab Que Dieu b\u00e9nisse Isra\u00ebl, que Dieu b\u00e9nisse l\u2019Iran \u00bb. Un refrain diplomatique bien d\u00e9connect\u00e9 des r\u00e9alit\u00e9s sur le terrain.<\/p>\n\n\n\n<h3 class=\"wp-block-heading\" id=\"h-le-plan-horaire-du-cessez-le-feu-annonce-par-donald-trump\"><strong>Le plan horaire du cessez-le-feu annonc\u00e9 par Donald Trump<\/strong><br><\/h3>\n\n\n\n<p>Lundi soir, vers 18h (heure locale \u00e0 Washington, soit 22h GMT), Donald Trump a publi\u00e9 sur sa plateforme Truth Social un calendrier pr\u00e9cis pour l\u2019entr\u00e9e en vigueur du cessez-le-feu entre Isra\u00ebl et l\u2019Iran.<\/p>\n\n\n\n<ul class=\"wp-block-list\">\n<li>Le cessez-le-feu devait d\u00e9buter environ six heures plus tard, soit \u00e0 <strong>04h00 GMT<\/strong> (7h00 en Isra\u00ebl, 7h30 \u00e0 T\u00e9h\u00e9ran). Cette p\u00e9riode de six heures permettrait aux deux pays de finaliser leurs \u00ab missions finales \u00bb.<\/li>\n\n\n\n<li><strong>L\u2019Iran devait \u00eatre le premier \u00e0 respecter le cessez-le-feu, d\u00e8s 04h00 GMT (mardi matin).<\/strong><\/li>\n\n\n\n<li><strong>Isra\u00ebl devait suivre 12 heures plus tard, \u00e0 19h heure locale (16h GMT).<\/strong><\/li>\n\n\n\n<li>Isra\u00ebl \u00e9tait tenu de maintenir la tr\u00eave pendant 12 heures, apr\u00e8s quoi le cessez-le-feu serait consid\u00e9r\u00e9 comme pleinement effectif.<\/li>\n<\/ul>\n\n\n\n<p>Donald Trump a affirm\u00e9 que ce calendrier marquerait la fin officielle de ce qu\u2019il a qualifi\u00e9 de la \u00ab guerre des douze jours \u00bb entre Isra\u00ebl et l\u2019Iran.<\/p>\n","protected":false},"excerpt":{"rendered":"<p>Donald Trump s&rsquo;autocongratule pour avoir, selon lui, mis fin \u00e0 la guerre des 12 jours entre Isra\u00ebl et l\u2019Iran. Mais sur le terrain, la violence continue. Dans une d\u00e9claration nocturne publi\u00e9e sur Truth Social, Donald Trump a annonc\u00e9 un cessez-le-feu \u00ab\u00a0progressif\u00a0\u00bb entre Isra\u00ebl et l\u2019Iran : arr\u00eat des frappes iraniennes pr\u00e9vu \u00e0 04h00 GMT, puis [&hellip;]<\/p>\n","protected":false},"author":3203,"featured_media":378237,"comment_status":"open","ping_status":"open","sticky":false,"template":"","format":"standard","meta":{"footnotes":""},"categories":[2598],"tags":[2912,2636,3309],"class_list":["post-378235","post","type-post","status-publish","format-standard","has-post-thumbnail","hentry","category-international","tag-iran","tag-israel","tag-trump"],"yoast_head":"<!-- This site is optimized with the Yoast SEO Premium plugin v27.5 (Yoast SEO v27.5) - https:\/\/yoast.com\/product\/yoast-seo-premium-wordpress\/ -->\n<title>Iran \u2013 Isra\u00ebl : Trump proclame un cessez-le-feu, mais les missiles tombent encore - webdo<\/title>\n<meta name=\"description\" content=\"Trump annonce un cessez-le-feu entre l&#039;Iran et Isra\u00ebl, mais la violence se poursuit avec des missiles toujours en action.\" \/>\n<link rel=\"canonical\" href=\"https:\/\/www.webdo.tn\/fr\/actualite\/international\/iran-israel-trump-proclame-un-cessez-le-feu-mais-les-missiles-tombent-encore\/378235\/\" \/>\n<meta property=\"og:locale\" content=\"fr_FR\" \/>\n<meta property=\"og:type\" content=\"article\" \/>\n<meta property=\"og:title\" content=\"Iran \u2013 Isra\u00ebl : Trump proclame un cessez-le-feu, mais les missiles tombent encore\" \/>\n<meta property=\"og:description\" content=\"Trump annonce un cessez-le-feu entre l&#039;Iran et Isra\u00ebl, mais la violence se poursuit avec des missiles toujours en action.\" \/>\n<meta property=\"og:url\" content=\"https:\/\/www.webdo.tn\/fr\/actualite\/international\/iran-israel-trump-proclame-un-cessez-le-feu-mais-les-missiles-tombent-encore\/378235\/\" \/>\n<meta property=\"og:site_name\" content=\"webdo\" \/>\n<meta property=\"article:publisher\" content=\"https:\/\/www.facebook.com\/webdotn\" \/>\n<meta property=\"article:published_time\" content=\"2025-06-24T05:39:02+00:00\" \/>\n<meta property=\"article:modified_time\" content=\"2025-06-24T11:21:07+00:00\" \/>\n<meta property=\"og:image\" content=\"https:\/\/www.webdo.tn\/fr\/wp-content\/uploads\/2025\/06\/trump-peace.webp\" \/>\n\t<meta property=\"og:image:width\" content=\"1920\" \/>\n\t<meta property=\"og:image:height\" content=\"1080\" \/>\n\t<meta property=\"og:image:type\" content=\"image\/webp\" \/>\n<meta name=\"author\" content=\"Ramzi Haddad\" \/>\n<meta name=\"twitter:card\" content=\"summary_large_image\" \/>\n<meta name=\"twitter:creator\" content=\"@webdo_tn\" \/>\n<meta name=\"twitter:site\" content=\"@webdo_tn\" \/>\n<meta name=\"twitter:label1\" content=\"\u00c9crit par\" \/>\n\t<meta name=\"twitter:data1\" content=\"Ramzi Haddad\" \/>\n\t<meta name=\"twitter:label2\" content=\"Dur\u00e9e de lecture estim\u00e9e\" \/>\n\t<meta name=\"twitter:data2\" content=\"3 minutes\" \/>\n<script type=\"application\/ld+json\" class=\"yoast-schema-graph\">{\"@context\":\"https:\\\/\\\/schema.org\",\"@graph\":[{\"@type\":\"NewsArticle\",\"@id\":\"https:\\\/\\\/www.webdo.tn\\\/fr\\\/actualite\\\/international\\\/iran-israel-trump-proclame-un-cessez-le-feu-mais-les-missiles-tombent-encore\\\/378235\\\/#article\",\"isPartOf\":{\"@id\":\"https:\\\/\\\/www.webdo.tn\\\/fr\\\/actualite\\\/international\\\/iran-israel-trump-proclame-un-cessez-le-feu-mais-les-missiles-tombent-encore\\\/378235\\\/\"},\"author\":{\"name\":\"Ramzi Haddad\",\"@id\":\"https:\\\/\\\/www.webdo.tn\\\/fr\\\/#\\\/schema\\\/person\\\/5663044c25eb36d8f88ba5b653f12f8c\"},\"headline\":\"Iran \u2013 Isra\u00ebl : Trump proclame un cessez-le-feu, mais les missiles tombent encore\",\"datePublished\":\"2025-06-24T05:39:02+00:00\",\"dateModified\":\"2025-06-24T11:21:07+00:00\",\"mainEntityOfPage\":{\"@id\":\"https:\\\/\\\/www.webdo.tn\\\/fr\\\/actualite\\\/international\\\/iran-israel-trump-proclame-un-cessez-le-feu-mais-les-missiles-tombent-encore\\\/378235\\\/\"},\"wordCount\":631,\"commentCount\":0,\"publisher\":{\"@id\":\"https:\\\/\\\/www.webdo.tn\\\/fr\\\/#organization\"},\"image\":{\"@id\":\"https:\\\/\\\/www.webdo.tn\\\/fr\\\/actualite\\\/international\\\/iran-israel-trump-proclame-un-cessez-le-feu-mais-les-missiles-tombent-encore\\\/378235\\\/#primaryimage\"},\"thumbnailUrl\":\"https:\\\/\\\/www.webdo.tn\\\/fr\\\/wp-content\\\/uploads\\\/2025\\\/06\\\/trump-peace.webp\",\"keywords\":[\"Iran\",\"isra\u00ebl\",\"trump\"],\"articleSection\":[\"International\"],\"inLanguage\":\"fr-FR\"},{\"@type\":\"WebPage\",\"@id\":\"https:\\\/\\\/www.webdo.tn\\\/fr\\\/actualite\\\/international\\\/iran-israel-trump-proclame-un-cessez-le-feu-mais-les-missiles-tombent-encore\\\/378235\\\/\",\"url\":\"https:\\\/\\\/www.webdo.tn\\\/fr\\\/actualite\\\/international\\\/iran-israel-trump-proclame-un-cessez-le-feu-mais-les-missiles-tombent-encore\\\/378235\\\/\",\"name\":\"Iran \u2013 Isra\u00ebl : Trump proclame un cessez-le-feu, mais les missiles tombent encore - webdo\",\"isPartOf\":{\"@id\":\"https:\\\/\\\/www.webdo.tn\\\/fr\\\/#website\"},\"primaryImageOfPage\":{\"@id\":\"https:\\\/\\\/www.webdo.tn\\\/fr\\\/actualite\\\/international\\\/iran-israel-trump-proclame-un-cessez-le-feu-mais-les-missiles-tombent-encore\\\/378235\\\/#primaryimage\"},\"image\":{\"@id\":\"https:\\\/\\\/www.webdo.tn\\\/fr\\\/actualite\\\/international\\\/iran-israel-trump-proclame-un-cessez-le-feu-mais-les-missiles-tombent-encore\\\/378235\\\/#primaryimage\"},\"thumbnailUrl\":\"https:\\\/\\\/www.webdo.tn\\\/fr\\\/wp-content\\\/uploads\\\/2025\\\/06\\\/trump-peace.webp\",\"datePublished\":\"2025-06-24T05:39:02+00:00\",\"dateModified\":\"2025-06-24T11:21:07+00:00\",\"description\":\"Trump annonce un cessez-le-feu entre l'Iran et Isra\u00ebl, mais la violence se poursuit avec des missiles toujours en action.\",\"breadcrumb\":{\"@id\":\"https:\\\/\\\/www.webdo.tn\\\/fr\\\/actualite\\\/international\\\/iran-israel-trump-proclame-un-cessez-le-feu-mais-les-missiles-tombent-encore\\\/378235\\\/#breadcrumb\"},\"inLanguage\":\"fr-FR\",\"potentialAction\":[{\"@type\":\"ReadAction\",\"target\":[\"https:\\\/\\\/www.webdo.tn\\\/fr\\\/actualite\\\/international\\\/iran-israel-trump-proclame-un-cessez-le-feu-mais-les-missiles-tombent-encore\\\/378235\\\/\"]}]},{\"@type\":\"ImageObject\",\"inLanguage\":\"fr-FR\",\"@id\":\"https:\\\/\\\/www.webdo.tn\\\/fr\\\/actualite\\\/international\\\/iran-israel-trump-proclame-un-cessez-le-feu-mais-les-missiles-tombent-encore\\\/378235\\\/#primaryimage\",\"url\":\"https:\\\/\\\/www.webdo.tn\\\/fr\\\/wp-content\\\/uploads\\\/2025\\\/06\\\/trump-peace.webp\",\"contentUrl\":\"https:\\\/\\\/www.webdo.tn\\\/fr\\\/wp-content\\\/uploads\\\/2025\\\/06\\\/trump-peace.webp\",\"width\":1920,\"height\":1080,\"caption\":\"Photo archive : Donald Trump \u00e0 la base a\u00e9rienne d\u2019Al-Udeid, Qatar, le 15 mai 2025.\"},{\"@type\":\"BreadcrumbList\",\"@id\":\"https:\\\/\\\/www.webdo.tn\\\/fr\\\/actualite\\\/international\\\/iran-israel-trump-proclame-un-cessez-le-feu-mais-les-missiles-tombent-encore\\\/378235\\\/#breadcrumb\",\"itemListElement\":[{\"@type\":\"ListItem\",\"position\":1,\"name\":\"Accueil\",\"item\":\"https:\\\/\\\/www.webdo.tn\\\/fr\\\/\"},{\"@type\":\"ListItem\",\"position\":2,\"name\":\"Iran \u2013 Isra\u00ebl : Trump proclame un cessez-le-feu, mais les missiles tombent encore\"}]},{\"@type\":\"WebSite\",\"@id\":\"https:\\\/\\\/www.webdo.tn\\\/fr\\\/#website\",\"url\":\"https:\\\/\\\/www.webdo.tn\\\/fr\\\/\",\"name\":\"webdo\",\"description\":\"Tunisie - News en Tunisie et \u00e0 l&#039;international sur Webdo.tn\",\"publisher\":{\"@id\":\"https:\\\/\\\/www.webdo.tn\\\/fr\\\/#organization\"},\"potentialAction\":[{\"@type\":\"SearchAction\",\"target\":{\"@type\":\"EntryPoint\",\"urlTemplate\":\"https:\\\/\\\/www.webdo.tn\\\/fr\\\/?s={search_term_string}\"},\"query-input\":{\"@type\":\"PropertyValueSpecification\",\"valueRequired\":true,\"valueName\":\"search_term_string\"}}],\"inLanguage\":\"fr-FR\"},{\"@type\":\"Organization\",\"@id\":\"https:\\\/\\\/www.webdo.tn\\\/fr\\\/#organization\",\"name\":\"Webdo\",\"alternateName\":\"Webdo.tn\",\"url\":\"https:\\\/\\\/www.webdo.tn\\\/fr\\\/\",\"logo\":{\"@type\":\"ImageObject\",\"inLanguage\":\"fr-FR\",\"@id\":\"https:\\\/\\\/www.webdo.tn\\\/fr\\\/#\\\/schema\\\/logo\\\/image\\\/\",\"url\":\"https:\\\/\\\/www.webdo.tn\\\/fr\\\/wp-content\\\/uploads\\\/2025\\\/06\\\/Webdo-Tunisie_168377.jpg\",\"contentUrl\":\"https:\\\/\\\/www.webdo.tn\\\/fr\\\/wp-content\\\/uploads\\\/2025\\\/06\\\/Webdo-Tunisie_168377.jpg\",\"width\":301,\"height\":301,\"caption\":\"Webdo\"},\"image\":{\"@id\":\"https:\\\/\\\/www.webdo.tn\\\/fr\\\/#\\\/schema\\\/logo\\\/image\\\/\"},\"sameAs\":[\"https:\\\/\\\/www.facebook.com\\\/webdotn\",\"https:\\\/\\\/x.com\\\/webdo_tn\"],\"description\":\"Webdo est un m\u00e9dia num\u00e9rique tunisien fond\u00e9 en 2010, sp\u00e9cialis\u00e9 dans l\u2019actualit\u00e9 nationale et internationale, l\u2019\u00e9conomie, la soci\u00e9t\u00e9 et les analyses politiques. Le site s\u2019adresse \u00e0 un large public francophone et couvre l\u2019information tunisienne en temps r\u00e9el.\",\"email\":\"redac@webdo.tn\",\"legalName\":\"YNJ SARL\",\"foundingDate\":\"2010-09-06\",\"numberOfEmployees\":{\"@type\":\"QuantitativeValue\",\"minValue\":\"11\",\"maxValue\":\"50\"}},{\"@type\":\"Person\",\"@id\":\"https:\\\/\\\/www.webdo.tn\\\/fr\\\/#\\\/schema\\\/person\\\/5663044c25eb36d8f88ba5b653f12f8c\",\"name\":\"Ramzi Haddad\",\"image\":{\"@type\":\"ImageObject\",\"inLanguage\":\"fr-FR\",\"@id\":\"https:\\\/\\\/www.webdo.tn\\\/fr\\\/wp-content\\\/uploads\\\/2026\\\/04\\\/ramzi-haddad_avatar-96x96.jpg\",\"url\":\"https:\\\/\\\/www.webdo.tn\\\/fr\\\/wp-content\\\/uploads\\\/2026\\\/04\\\/ramzi-haddad_avatar-96x96.jpg\",\"contentUrl\":\"https:\\\/\\\/www.webdo.tn\\\/fr\\\/wp-content\\\/uploads\\\/2026\\\/04\\\/ramzi-haddad_avatar-96x96.jpg\",\"caption\":\"Ramzi Haddad\"},\"description\":\"Signature \u00e9ditoriale de Walid Ben Youssef Ramzi Haddad est le pseudonyme \u00e9ditorial de Walid Ben Youssef, fondateur et g\u00e9rant de Webdo.tn. Cette signature est d\u00e9di\u00e9e \u00e0 la couverture de l'actualit\u00e9 nationale et internationale, ainsi qu'aux analyses des dynamiques num\u00e9riques. Ce profil b\u00e9n\u00e9ficie de l'expertise de Walid Ben Youssef, pionnier du web en Tunisie depuis 2000 et dipl\u00f4m\u00e9 en Math\u00e9matiques pures de l'Universit\u00e9 d'Oregon. \u00c0 travers cette signature, la r\u00e9daction de Webdo garantit une information structur\u00e9e et v\u00e9rifi\u00e9e, fid\u00e8le aux standards journalistiques du m\u00e9dia.\",\"url\":\"https:\\\/\\\/www.webdo.tn\\\/fr\\\/actualite\\\/author\\\/ramzi-haddad\\\/\"}]}<\/script>\n<!-- \/ Yoast SEO Premium plugin. -->","yoast_head_json":{"title":"Iran \u2013 Isra\u00ebl : Trump proclame un cessez-le-feu, mais les missiles tombent encore - webdo","description":"Trump annonce un cessez-le-feu entre l'Iran et Isra\u00ebl, mais la violence se poursuit avec des missiles toujours en action.","canonical":"https:\/\/www.webdo.tn\/fr\/actualite\/international\/iran-israel-trump-proclame-un-cessez-le-feu-mais-les-missiles-tombent-encore\/378235\/","og_locale":"fr_FR","og_type":"article","og_title":"Iran \u2013 Isra\u00ebl : Trump proclame un cessez-le-feu, mais les missiles tombent encore","og_description":"Trump annonce un cessez-le-feu entre l'Iran et Isra\u00ebl, mais la violence se poursuit avec des missiles toujours en action.","og_url":"https:\/\/www.webdo.tn\/fr\/actualite\/international\/iran-israel-trump-proclame-un-cessez-le-feu-mais-les-missiles-tombent-encore\/378235\/","og_site_name":"webdo","article_publisher":"https:\/\/www.facebook.com\/webdotn","article_published_time":"2025-06-24T05:39:02+00:00","article_modified_time":"2025-06-24T11:21:07+00:00","og_image":[{"width":1920,"height":1080,"url":"https:\/\/www.webdo.tn\/fr\/wp-content\/uploads\/2025\/06\/trump-peace.webp","type":"image\/webp"}],"author":"Ramzi Haddad","twitter_card":"summary_large_image","twitter_creator":"@webdo_tn","twitter_site":"@webdo_tn","twitter_misc":{"\u00c9crit par":"Ramzi Haddad","Dur\u00e9e de lecture estim\u00e9e":"3 minutes"},"schema":{"@context":"https:\/\/schema.org","@graph":[{"@type":"NewsArticle","@id":"https:\/\/www.webdo.tn\/fr\/actualite\/international\/iran-israel-trump-proclame-un-cessez-le-feu-mais-les-missiles-tombent-encore\/378235\/#article","isPartOf":{"@id":"https:\/\/www.webdo.tn\/fr\/actualite\/international\/iran-israel-trump-proclame-un-cessez-le-feu-mais-les-missiles-tombent-encore\/378235\/"},"author":{"name":"Ramzi Haddad","@id":"https:\/\/www.webdo.tn\/fr\/#\/schema\/person\/5663044c25eb36d8f88ba5b653f12f8c"},"headline":"Iran \u2013 Isra\u00ebl : Trump proclame un cessez-le-feu, mais les missiles tombent encore","datePublished":"2025-06-24T05:39:02+00:00","dateModified":"2025-06-24T11:21:07+00:00","mainEntityOfPage":{"@id":"https:\/\/www.webdo.tn\/fr\/actualite\/international\/iran-israel-trump-proclame-un-cessez-le-feu-mais-les-missiles-tombent-encore\/378235\/"},"wordCount":631,"commentCount":0,"publisher":{"@id":"https:\/\/www.webdo.tn\/fr\/#organization"},"image":{"@id":"https:\/\/www.webdo.tn\/fr\/actualite\/international\/iran-israel-trump-proclame-un-cessez-le-feu-mais-les-missiles-tombent-encore\/378235\/#primaryimage"},"thumbnailUrl":"https:\/\/www.webdo.tn\/fr\/wp-content\/uploads\/2025\/06\/trump-peace.webp","keywords":["Iran","isra\u00ebl","trump"],"articleSection":["International"],"inLanguage":"fr-FR"},{"@type":"WebPage","@id":"https:\/\/www.webdo.tn\/fr\/actualite\/international\/iran-israel-trump-proclame-un-cessez-le-feu-mais-les-missiles-tombent-encore\/378235\/","url":"https:\/\/www.webdo.tn\/fr\/actualite\/international\/iran-israel-trump-proclame-un-cessez-le-feu-mais-les-missiles-tombent-encore\/378235\/","name":"Iran \u2013 Isra\u00ebl : Trump proclame un cessez-le-feu, mais les missiles tombent encore - webdo","isPartOf":{"@id":"https:\/\/www.webdo.tn\/fr\/#website"},"primaryImageOfPage":{"@id":"https:\/\/www.webdo.tn\/fr\/actualite\/international\/iran-israel-trump-proclame-un-cessez-le-feu-mais-les-missiles-tombent-encore\/378235\/#primaryimage"},"image":{"@id":"https:\/\/www.webdo.tn\/fr\/actualite\/international\/iran-israel-trump-proclame-un-cessez-le-feu-mais-les-missiles-tombent-encore\/378235\/#primaryimage"},"thumbnailUrl":"https:\/\/www.webdo.tn\/fr\/wp-content\/uploads\/2025\/06\/trump-peace.webp","datePublished":"2025-06-24T05:39:02+00:00","dateModified":"2025-06-24T11:21:07+00:00","description":"Trump annonce un cessez-le-feu entre l'Iran et Isra\u00ebl, mais la violence se poursuit avec des missiles toujours en action.","breadcrumb":{"@id":"https:\/\/www.webdo.tn\/fr\/actualite\/international\/iran-israel-trump-proclame-un-cessez-le-feu-mais-les-missiles-tombent-encore\/378235\/#breadcrumb"},"inLanguage":"fr-FR","potentialAction":[{"@type":"ReadAction","target":["https:\/\/www.webdo.tn\/fr\/actualite\/international\/iran-israel-trump-proclame-un-cessez-le-feu-mais-les-missiles-tombent-encore\/378235\/"]}]},{"@type":"ImageObject","inLanguage":"fr-FR","@id":"https:\/\/www.webdo.tn\/fr\/actualite\/international\/iran-israel-trump-proclame-un-cessez-le-feu-mais-les-missiles-tombent-encore\/378235\/#primaryimage","url":"https:\/\/www.webdo.tn\/fr\/wp-content\/uploads\/2025\/06\/trump-peace.webp","contentUrl":"https:\/\/www.webdo.tn\/fr\/wp-content\/uploads\/2025\/06\/trump-peace.webp","width":1920,"height":1080,"caption":"Photo archive : Donald Trump \u00e0 la base a\u00e9rienne d\u2019Al-Udeid, Qatar, le 15 mai 2025."},{"@type":"BreadcrumbList","@id":"https:\/\/www.webdo.tn\/fr\/actualite\/international\/iran-israel-trump-proclame-un-cessez-le-feu-mais-les-missiles-tombent-encore\/378235\/#breadcrumb","itemListElement":[{"@type":"ListItem","position":1,"name":"Accueil","item":"https:\/\/www.webdo.tn\/fr\/"},{"@type":"ListItem","position":2,"name":"Iran \u2013 Isra\u00ebl : Trump proclame un cessez-le-feu, mais les missiles tombent encore"}]},{"@type":"WebSite","@id":"https:\/\/www.webdo.tn\/fr\/#website","url":"https:\/\/www.webdo.tn\/fr\/","name":"webdo","description":"Tunisie - News en Tunisie et \u00e0 l&#039;international sur Webdo.tn","publisher":{"@id":"https:\/\/www.webdo.tn\/fr\/#organization"},"potentialAction":[{"@type":"SearchAction","target":{"@type":"EntryPoint","urlTemplate":"https:\/\/www.webdo.tn\/fr\/?s={search_term_string}"},"query-input":{"@type":"PropertyValueSpecification","valueRequired":true,"valueName":"search_term_string"}}],"inLanguage":"fr-FR"},{"@type":"Organization","@id":"https:\/\/www.webdo.tn\/fr\/#organization","name":"Webdo","alternateName":"Webdo.tn","url":"https:\/\/www.webdo.tn\/fr\/","logo":{"@type":"ImageObject","inLanguage":"fr-FR","@id":"https:\/\/www.webdo.tn\/fr\/#\/schema\/logo\/image\/","url":"https:\/\/www.webdo.tn\/fr\/wp-content\/uploads\/2025\/06\/Webdo-Tunisie_168377.jpg","contentUrl":"https:\/\/www.webdo.tn\/fr\/wp-content\/uploads\/2025\/06\/Webdo-Tunisie_168377.jpg","width":301,"height":301,"caption":"Webdo"},"image":{"@id":"https:\/\/www.webdo.tn\/fr\/#\/schema\/logo\/image\/"},"sameAs":["https:\/\/www.facebook.com\/webdotn","https:\/\/x.com\/webdo_tn"],"description":"Webdo est un m\u00e9dia num\u00e9rique tunisien fond\u00e9 en 2010, sp\u00e9cialis\u00e9 dans l\u2019actualit\u00e9 nationale et internationale, l\u2019\u00e9conomie, la soci\u00e9t\u00e9 et les analyses politiques. Le site s\u2019adresse \u00e0 un large public francophone et couvre l\u2019information tunisienne en temps r\u00e9el.","email":"redac@webdo.tn","legalName":"YNJ SARL","foundingDate":"2010-09-06","numberOfEmployees":{"@type":"QuantitativeValue","minValue":"11","maxValue":"50"}},{"@type":"Person","@id":"https:\/\/www.webdo.tn\/fr\/#\/schema\/person\/5663044c25eb36d8f88ba5b653f12f8c","name":"Ramzi Haddad","image":{"@type":"ImageObject","inLanguage":"fr-FR","@id":"https:\/\/www.webdo.tn\/fr\/wp-content\/uploads\/2026\/04\/ramzi-haddad_avatar-96x96.jpg","url":"https:\/\/www.webdo.tn\/fr\/wp-content\/uploads\/2026\/04\/ramzi-haddad_avatar-96x96.jpg","contentUrl":"https:\/\/www.webdo.tn\/fr\/wp-content\/uploads\/2026\/04\/ramzi-haddad_avatar-96x96.jpg","caption":"Ramzi Haddad"},"description":"Signature \u00e9ditoriale de Walid Ben Youssef Ramzi Haddad est le pseudonyme \u00e9ditorial de Walid Ben Youssef, fondateur et g\u00e9rant de Webdo.tn. Cette signature est d\u00e9di\u00e9e \u00e0 la couverture de l'actualit\u00e9 nationale et internationale, ainsi qu'aux analyses des dynamiques num\u00e9riques. Ce profil b\u00e9n\u00e9ficie de l'expertise de Walid Ben Youssef, pionnier du web en Tunisie depuis 2000 et dipl\u00f4m\u00e9 en Math\u00e9matiques pures de l'Universit\u00e9 d'Oregon. \u00c0 travers cette signature, la r\u00e9daction de Webdo garantit une information structur\u00e9e et v\u00e9rifi\u00e9e, fid\u00e8le aux standards journalistiques du m\u00e9dia.","url":"https:\/\/www.webdo.tn\/fr\/actualite\/author\/ramzi-haddad\/"}]}},"_links":{"self":[{"href":"https:\/\/www.webdo.tn\/fr\/wp-json\/wp\/v2\/posts\/378235","targetHints":{"allow":["GET"]}}],"collection":[{"href":"https:\/\/www.webdo.tn\/fr\/wp-json\/wp\/v2\/posts"}],"about":[{"href":"https:\/\/www.webdo.tn\/fr\/wp-json\/wp\/v2\/types\/post"}],"author":[{"embeddable":true,"href":"https:\/\/www.webdo.tn\/fr\/wp-json\/wp\/v2\/users\/3203"}],"replies":[{"embeddable":true,"href":"https:\/\/www.webdo.tn\/fr\/wp-json\/wp\/v2\/comments?post=378235"}],"version-history":[{"count":0,"href":"https:\/\/www.webdo.tn\/fr\/wp-json\/wp\/v2\/posts\/378235\/revisions"}],"wp:featuredmedia":[{"embeddable":true,"href":"https:\/\/www.webdo.tn\/fr\/wp-json\/wp\/v2\/media\/378237"}],"wp:attachment":[{"href":"https:\/\/www.webdo.tn\/fr\/wp-json\/wp\/v2\/media?parent=378235"}],"wp:term":[{"taxonomy":"category","embeddable":true,"href":"https:\/\/www.webdo.tn\/fr\/wp-json\/wp\/v2\/categories?post=378235"},{"taxonomy":"post_tag","embeddable":true,"href":"https:\/\/www.webdo.tn\/fr\/wp-json\/wp\/v2\/tags?post=378235"}],"curies":[{"name":"wp","href":"https:\/\/api.w.org\/{rel}","templated":true}]}}