{"id":378206,"date":"2025-06-23T17:46:28","date_gmt":"2025-06-23T16:46:28","guid":{"rendered":"https:\/\/www.webdo.tn\/fr\/?p=378206"},"modified":"2025-06-24T08:38:54","modified_gmt":"2025-06-24T07:38:54","slug":"fermeture-du-detroit-dhormuz","status":"publish","type":"post","link":"https:\/\/www.webdo.tn\/fr\/actualite\/national\/fermeture-du-detroit-dhormuz\/378206\/","title":{"rendered":"Menace de fermeture du d\u00e9troit d\u2019Hormuz : Un risque r\u00e9el pour la Tunisie et l\u2019\u00e9conomie mondiale"},"content":{"rendered":"\n<p><strong>Alors que les tensions militaires s&rsquo;aggravent entre T\u00e9h\u00e9ran et Washington, la menace d&rsquo;une fermeture du d\u00e9troit d&rsquo;Hormuz inqui\u00e8te les march\u00e9s. Intervenant ce lundi 23 juin 2025 dans l\u2019\u00e9mission <em>Midi Show<\/em> sur les onde de Mosa\u00efque FM, l\u2019\u00e9conomiste Ridha Chkoundali a mis en lumi\u00e8re les possibles r\u00e9percussions de ce sc\u00e9nario sur les \u00e9changes internationaux, mais aussi sur la situation \u00e9conomique tunisienne.<\/strong><\/p>\n\n\n\n<h3 class=\"wp-block-heading\" id=\"h-une-zone-cle-sous-pression\">Une zone cl\u00e9 sous pression<\/h3>\n\n\n\n<p>Chaque jour, environ un cinqui\u00e8me du p\u00e9trole et du gaz mondial passe par le d\u00e9troit d\u2019Hormuz. Ce couloir maritime est donc vital pour l\u2019approvisionnement en \u00e9nergie. L\u2019Iran menace de le fermer pour r\u00e9pondre aux attaques am\u00e9ricaines contre ses installations nucl\u00e9aires. Selon Chkoundali, ce geste s\u2019inscrit dans une mont\u00e9e des tensions. L\u2019Iran pourrait aussi viser des bases am\u00e9ricaines dans la r\u00e9gion.<\/p>\n\n\n\n<h3 class=\"wp-block-heading\">Des prix du p\u00e9trole en forte hausse<\/h3>\n\n\n\n<p>Si l\u2019Iran bloque le d\u00e9troit, les prix du p\u00e9trole grimperont vite. Les assurances maritimes co\u00fbteront plus cher \u00e0 cause du risque. Les compagnies devront revoir leurs routes, ce qui augmentera les co\u00fbts. Plusieurs pays voisins de l\u2019Iran, comme l\u2019Arabie saoudite, l\u2019Irak ou le Kowe\u00eft, enverront moins de p\u00e9trole. Cela r\u00e9duira l\u2019offre mondiale et fera monter les prix.<\/p>\n\n\n\n<h3 class=\"wp-block-heading\">Une situation difficile pour la Tunisie<\/h3>\n\n\n\n<p>La Tunisie ach\u00e8te presque toute son \u00e9nergie \u00e0 l\u2019\u00e9tranger. Une hausse du p\u00e9trole aura donc un impact direct. Les prix des produits augmenteront, ce qui r\u00e9duira le pouvoir d\u2019achat. Le gouvernement ne pourra sans doute pas atteindre son objectif de croissance de 3,2 %.<\/p>\n\n\n\n<p>En r\u00e9ponse \u00e0 l\u2019inflation, la Banque centrale pourrait encore augmenter son taux directeur. Cela rendrait les cr\u00e9dits plus chers pour les entreprises et les m\u00e9nages. Le d\u00e9ficit commercial, qui s\u2019\u00e9tait am\u00e9lior\u00e9, repartira \u00e0 la hausse. Le dinar tunisien risque alors de perdre de sa valeur face \u00e0 l\u2019euro et au dollar. La politique d\u2019autonomie \u00e9conomique pourrait aussi en souffrir.<\/p>\n\n\n\n<h3 class=\"wp-block-heading\">Une r\u00e9ponse collective n\u00e9cessaire<\/h3>\n\n\n\n<p>Ridha Chkoundali appelle le gouvernement \u00e0 agir vite. Il recommande \u00e0 tous les acteurs \u00e9conomiques de travailler ensemble. Une bonne coordination permettra de limiter les d\u00e9g\u00e2ts. Il faut aussi chercher des solutions adapt\u00e9es \u00e0 la situation.<\/p>\n\n\n\n<p>En r\u00e9sum\u00e9, une fermeture du d\u00e9troit d\u2019Hormuz aurait des effets en cha\u00eene. La Tunisie, comme d\u2019autres pays, devra s\u2019adapter pour faire face \u00e0 cette crise.<\/p>\n\n\n\n<hr class=\"wp-block-separator has-alpha-channel-opacity\"\/>\n","protected":false},"excerpt":{"rendered":"<p>Alors que les tensions militaires s&rsquo;aggravent entre T\u00e9h\u00e9ran et Washington, la menace d&rsquo;une fermeture du d\u00e9troit d&rsquo;Hormuz inqui\u00e8te les march\u00e9s. Intervenant ce lundi 23 juin 2025 dans l\u2019\u00e9mission Midi Show sur les onde de Mosa\u00efque FM, l\u2019\u00e9conomiste Ridha Chkoundali a mis en lumi\u00e8re les possibles r\u00e9percussions de ce sc\u00e9nario sur les \u00e9changes internationaux, mais aussi [&hellip;]<\/p>\n","protected":false},"author":4782,"featured_media":378207,"comment_status":"open","ping_status":"open","sticky":false,"template":"","format":"standard","meta":{"footnotes":""},"categories":[44],"tags":[3154,2912,4691,2608],"class_list":["post-378206","post","type-post","status-publish","format-standard","has-post-thumbnail","hentry","category-national","tag-economie","tag-iran","tag-petrole","tag-tunisie"],"yoast_head":"<!-- This site is optimized with the Yoast SEO Premium plugin v27.4 (Yoast SEO v27.4) - https:\/\/yoast.com\/product\/yoast-seo-premium-wordpress\/ -->\n<title>Menace de fermeture du d\u00e9troit d\u2019Hormuz : Un risque r\u00e9el pour la Tunisie et l\u2019\u00e9conomie mondiale - webdo<\/title>\n<meta name=\"description\" content=\"D\u00e9couvrez les implications de la fermeture du d\u00e9troit d\u2019Hormuz sur les march\u00e9s p\u00e9troliers et l&#039;\u00e9conomie tunisienne.\" \/>\n<link rel=\"canonical\" href=\"https:\/\/www.webdo.tn\/fr\/actualite\/national\/fermeture-du-detroit-dhormuz\/378206\/\" \/>\n<meta property=\"og:locale\" content=\"fr_FR\" \/>\n<meta property=\"og:type\" content=\"article\" \/>\n<meta property=\"og:title\" content=\"Menace de fermeture du d\u00e9troit d\u2019Hormuz : Un risque r\u00e9el pour la Tunisie et l\u2019\u00e9conomie mondiale\" \/>\n<meta property=\"og:description\" content=\"D\u00e9couvrez les implications de la fermeture du d\u00e9troit d\u2019Hormuz sur les march\u00e9s p\u00e9troliers et l&#039;\u00e9conomie tunisienne.\" \/>\n<meta property=\"og:url\" content=\"https:\/\/www.webdo.tn\/fr\/actualite\/national\/fermeture-du-detroit-dhormuz\/378206\/\" \/>\n<meta property=\"og:site_name\" content=\"webdo\" \/>\n<meta property=\"article:publisher\" content=\"https:\/\/www.facebook.com\/webdotn\" \/>\n<meta property=\"article:published_time\" content=\"2025-06-23T16:46:28+00:00\" \/>\n<meta property=\"article:modified_time\" content=\"2025-06-24T07:38:54+00:00\" \/>\n<meta property=\"og:image\" content=\"https:\/\/www.webdo.tn\/fr\/wp-content\/uploads\/2025\/06\/image.jpg\" \/>\n\t<meta property=\"og:image:width\" content=\"885\" \/>\n\t<meta property=\"og:image:height\" content=\"500\" \/>\n\t<meta property=\"og:image:type\" content=\"image\/jpeg\" \/>\n<meta name=\"author\" content=\"Mohamed Fethi\" \/>\n<meta name=\"twitter:card\" content=\"summary_large_image\" \/>\n<meta name=\"twitter:creator\" content=\"@webdo_tn\" \/>\n<meta name=\"twitter:site\" content=\"@webdo_tn\" \/>\n<meta name=\"twitter:label1\" content=\"\u00c9crit par\" \/>\n\t<meta name=\"twitter:data1\" content=\"Mohamed Fethi\" \/>\n\t<meta name=\"twitter:label2\" content=\"Dur\u00e9e de lecture estim\u00e9e\" \/>\n\t<meta name=\"twitter:data2\" content=\"3 minutes\" \/>\n<script type=\"application\/ld+json\" class=\"yoast-schema-graph\">{\"@context\":\"https:\\\/\\\/schema.org\",\"@graph\":[{\"@type\":\"NewsArticle\",\"@id\":\"https:\\\/\\\/www.webdo.tn\\\/fr\\\/actualite\\\/national\\\/fermeture-du-detroit-dhormuz\\\/378206\\\/#article\",\"isPartOf\":{\"@id\":\"https:\\\/\\\/www.webdo.tn\\\/fr\\\/actualite\\\/national\\\/fermeture-du-detroit-dhormuz\\\/378206\\\/\"},\"author\":{\"name\":\"Mohamed Fethi\",\"@id\":\"https:\\\/\\\/www.webdo.tn\\\/fr\\\/#\\\/schema\\\/person\\\/16a4857e77dfc0b610c4c2cadffc9ac4\"},\"headline\":\"Menace de fermeture du d\u00e9troit d\u2019Hormuz : Un risque r\u00e9el pour la Tunisie et l\u2019\u00e9conomie mondiale\",\"datePublished\":\"2025-06-23T16:46:28+00:00\",\"dateModified\":\"2025-06-24T07:38:54+00:00\",\"mainEntityOfPage\":{\"@id\":\"https:\\\/\\\/www.webdo.tn\\\/fr\\\/actualite\\\/national\\\/fermeture-du-detroit-dhormuz\\\/378206\\\/\"},\"wordCount\":435,\"commentCount\":0,\"publisher\":{\"@id\":\"https:\\\/\\\/www.webdo.tn\\\/fr\\\/#organization\"},\"image\":{\"@id\":\"https:\\\/\\\/www.webdo.tn\\\/fr\\\/actualite\\\/national\\\/fermeture-du-detroit-dhormuz\\\/378206\\\/#primaryimage\"},\"thumbnailUrl\":\"https:\\\/\\\/www.webdo.tn\\\/fr\\\/wp-content\\\/uploads\\\/2025\\\/06\\\/image.jpg\",\"keywords\":[\"\u00e9conomie\",\"Iran\",\"p\u00e9trole\",\"Tunisie\"],\"articleSection\":[\"National\"],\"inLanguage\":\"fr-FR\"},{\"@type\":\"WebPage\",\"@id\":\"https:\\\/\\\/www.webdo.tn\\\/fr\\\/actualite\\\/national\\\/fermeture-du-detroit-dhormuz\\\/378206\\\/\",\"url\":\"https:\\\/\\\/www.webdo.tn\\\/fr\\\/actualite\\\/national\\\/fermeture-du-detroit-dhormuz\\\/378206\\\/\",\"name\":\"Menace de fermeture du d\u00e9troit d\u2019Hormuz : Un risque r\u00e9el pour la Tunisie et l\u2019\u00e9conomie mondiale - webdo\",\"isPartOf\":{\"@id\":\"https:\\\/\\\/www.webdo.tn\\\/fr\\\/#website\"},\"primaryImageOfPage\":{\"@id\":\"https:\\\/\\\/www.webdo.tn\\\/fr\\\/actualite\\\/national\\\/fermeture-du-detroit-dhormuz\\\/378206\\\/#primaryimage\"},\"image\":{\"@id\":\"https:\\\/\\\/www.webdo.tn\\\/fr\\\/actualite\\\/national\\\/fermeture-du-detroit-dhormuz\\\/378206\\\/#primaryimage\"},\"thumbnailUrl\":\"https:\\\/\\\/www.webdo.tn\\\/fr\\\/wp-content\\\/uploads\\\/2025\\\/06\\\/image.jpg\",\"datePublished\":\"2025-06-23T16:46:28+00:00\",\"dateModified\":\"2025-06-24T07:38:54+00:00\",\"description\":\"D\u00e9couvrez les implications de la fermeture du d\u00e9troit d\u2019Hormuz sur les march\u00e9s p\u00e9troliers et l'\u00e9conomie tunisienne.\",\"breadcrumb\":{\"@id\":\"https:\\\/\\\/www.webdo.tn\\\/fr\\\/actualite\\\/national\\\/fermeture-du-detroit-dhormuz\\\/378206\\\/#breadcrumb\"},\"inLanguage\":\"fr-FR\",\"potentialAction\":[{\"@type\":\"ReadAction\",\"target\":[\"https:\\\/\\\/www.webdo.tn\\\/fr\\\/actualite\\\/national\\\/fermeture-du-detroit-dhormuz\\\/378206\\\/\"]}]},{\"@type\":\"ImageObject\",\"inLanguage\":\"fr-FR\",\"@id\":\"https:\\\/\\\/www.webdo.tn\\\/fr\\\/actualite\\\/national\\\/fermeture-du-detroit-dhormuz\\\/378206\\\/#primaryimage\",\"url\":\"https:\\\/\\\/www.webdo.tn\\\/fr\\\/wp-content\\\/uploads\\\/2025\\\/06\\\/image.jpg\",\"contentUrl\":\"https:\\\/\\\/www.webdo.tn\\\/fr\\\/wp-content\\\/uploads\\\/2025\\\/06\\\/image.jpg\",\"width\":885,\"height\":500,\"caption\":\"Vue a\u00e9rienne du d\u00e9troit d\u2019Ormuz. Vue a\u00e9rienne du d\u00e9troit d\u2019Ormuz. Public domain, via Wikimedia Commons - Jacques Descloitres, MODIS Land Rapid Response Team, NASA\\\/GSFC\"},{\"@type\":\"BreadcrumbList\",\"@id\":\"https:\\\/\\\/www.webdo.tn\\\/fr\\\/actualite\\\/national\\\/fermeture-du-detroit-dhormuz\\\/378206\\\/#breadcrumb\",\"itemListElement\":[{\"@type\":\"ListItem\",\"position\":1,\"name\":\"Accueil\",\"item\":\"https:\\\/\\\/www.webdo.tn\\\/fr\\\/\"},{\"@type\":\"ListItem\",\"position\":2,\"name\":\"Menace de fermeture du d\u00e9troit d\u2019Hormuz : Un risque r\u00e9el pour la Tunisie et l\u2019\u00e9conomie mondiale\"}]},{\"@type\":\"WebSite\",\"@id\":\"https:\\\/\\\/www.webdo.tn\\\/fr\\\/#website\",\"url\":\"https:\\\/\\\/www.webdo.tn\\\/fr\\\/\",\"name\":\"webdo\",\"description\":\"Tunisie - News en Tunisie et \u00e0 l&#039;international sur Webdo.tn\",\"publisher\":{\"@id\":\"https:\\\/\\\/www.webdo.tn\\\/fr\\\/#organization\"},\"potentialAction\":[{\"@type\":\"SearchAction\",\"target\":{\"@type\":\"EntryPoint\",\"urlTemplate\":\"https:\\\/\\\/www.webdo.tn\\\/fr\\\/?s={search_term_string}\"},\"query-input\":{\"@type\":\"PropertyValueSpecification\",\"valueRequired\":true,\"valueName\":\"search_term_string\"}}],\"inLanguage\":\"fr-FR\"},{\"@type\":\"Organization\",\"@id\":\"https:\\\/\\\/www.webdo.tn\\\/fr\\\/#organization\",\"name\":\"Webdo\",\"alternateName\":\"Webdo.tn\",\"url\":\"https:\\\/\\\/www.webdo.tn\\\/fr\\\/\",\"logo\":{\"@type\":\"ImageObject\",\"inLanguage\":\"fr-FR\",\"@id\":\"https:\\\/\\\/www.webdo.tn\\\/fr\\\/#\\\/schema\\\/logo\\\/image\\\/\",\"url\":\"https:\\\/\\\/www.webdo.tn\\\/fr\\\/wp-content\\\/uploads\\\/2025\\\/06\\\/Webdo-Tunisie_168377.jpg\",\"contentUrl\":\"https:\\\/\\\/www.webdo.tn\\\/fr\\\/wp-content\\\/uploads\\\/2025\\\/06\\\/Webdo-Tunisie_168377.jpg\",\"width\":301,\"height\":301,\"caption\":\"Webdo\"},\"image\":{\"@id\":\"https:\\\/\\\/www.webdo.tn\\\/fr\\\/#\\\/schema\\\/logo\\\/image\\\/\"},\"sameAs\":[\"https:\\\/\\\/www.facebook.com\\\/webdotn\",\"https:\\\/\\\/x.com\\\/webdo_tn\"],\"description\":\"Webdo est un m\u00e9dia num\u00e9rique tunisien fond\u00e9 en 2010, sp\u00e9cialis\u00e9 dans l\u2019actualit\u00e9 nationale et internationale, l\u2019\u00e9conomie, la soci\u00e9t\u00e9 et les analyses politiques. Le site s\u2019adresse \u00e0 un large public francophone et couvre l\u2019information tunisienne en temps r\u00e9el.\",\"email\":\"redac@webdo.tn\",\"legalName\":\"YNJ SARL\",\"foundingDate\":\"2010-09-06\",\"numberOfEmployees\":{\"@type\":\"QuantitativeValue\",\"minValue\":\"11\",\"maxValue\":\"50\"}},{\"@type\":\"Person\",\"@id\":\"https:\\\/\\\/www.webdo.tn\\\/fr\\\/#\\\/schema\\\/person\\\/16a4857e77dfc0b610c4c2cadffc9ac4\",\"name\":\"Mohamed Fethi\",\"image\":{\"@type\":\"ImageObject\",\"inLanguage\":\"fr-FR\",\"@id\":\"https:\\\/\\\/www.webdo.tn\\\/fr\\\/wp-content\\\/uploads\\\/2026\\\/04\\\/mohamed-fethi_avatar_1-96x96.jpg\",\"url\":\"https:\\\/\\\/www.webdo.tn\\\/fr\\\/wp-content\\\/uploads\\\/2026\\\/04\\\/mohamed-fethi_avatar_1-96x96.jpg\",\"contentUrl\":\"https:\\\/\\\/www.webdo.tn\\\/fr\\\/wp-content\\\/uploads\\\/2026\\\/04\\\/mohamed-fethi_avatar_1-96x96.jpg\",\"caption\":\"Mohamed Fethi\"},\"description\":\"Signature \u00e9ditoriale de Maher Chaabane Mohamed Fethi est le pseudonyme \u00e9ditorial de Maher Chaabane, r\u00e9dacteur en chef de Webdo.tn depuis 2012. Cette signature est d\u00e9di\u00e9e au traitement intensif de l'actualit\u00e9 nationale et internationale en temps r\u00e9el. S'appuyant sur les deux d\u00e9cennies d'expertise journalistique de Maher Chaabane \u2014 d\u00e9but\u00e9e au sein du groupe Tunis Hebdo en 2000 \u2014 Mohamed Fethi assure une veille rigoureuse sur les enjeux politiques, \u00e9conomiques et sportifs. Sa mission est de garantir une information structur\u00e9e, fluide et fid\u00e8le aux standards de la r\u00e9daction. Pour consulter le parcours complet du r\u00e9dacteur en chef, visitez le profil officiel de Maher Chaabane.\",\"knowsAbout\":[\"actualit\u00e9\",\"journalisme\",\"information\",\"politique\",\"sport\",\"m\u00e9dias\",\"actualit\u00e9 internationale\"],\"knowsLanguage\":[\"Fran\u00e7ais\",\"Arabe\"],\"jobTitle\":\"Journaliste \u2013 R\u00e9daction Webdo\",\"worksFor\":\"Webdo.tn\",\"url\":\"https:\\\/\\\/www.webdo.tn\\\/fr\\\/actualite\\\/author\\\/mohamed-fethi\\\/\"}]}<\/script>\n<!-- \/ Yoast SEO Premium plugin. -->","yoast_head_json":{"title":"Menace de fermeture du d\u00e9troit d\u2019Hormuz : Un risque r\u00e9el pour la Tunisie et l\u2019\u00e9conomie mondiale - webdo","description":"D\u00e9couvrez les implications de la fermeture du d\u00e9troit d\u2019Hormuz sur les march\u00e9s p\u00e9troliers et l'\u00e9conomie tunisienne.","canonical":"https:\/\/www.webdo.tn\/fr\/actualite\/national\/fermeture-du-detroit-dhormuz\/378206\/","og_locale":"fr_FR","og_type":"article","og_title":"Menace de fermeture du d\u00e9troit d\u2019Hormuz : Un risque r\u00e9el pour la Tunisie et l\u2019\u00e9conomie mondiale","og_description":"D\u00e9couvrez les implications de la fermeture du d\u00e9troit d\u2019Hormuz sur les march\u00e9s p\u00e9troliers et l'\u00e9conomie tunisienne.","og_url":"https:\/\/www.webdo.tn\/fr\/actualite\/national\/fermeture-du-detroit-dhormuz\/378206\/","og_site_name":"webdo","article_publisher":"https:\/\/www.facebook.com\/webdotn","article_published_time":"2025-06-23T16:46:28+00:00","article_modified_time":"2025-06-24T07:38:54+00:00","og_image":[{"width":885,"height":500,"url":"https:\/\/www.webdo.tn\/fr\/wp-content\/uploads\/2025\/06\/image.jpg","type":"image\/jpeg"}],"author":"Mohamed Fethi","twitter_card":"summary_large_image","twitter_creator":"@webdo_tn","twitter_site":"@webdo_tn","twitter_misc":{"\u00c9crit par":"Mohamed Fethi","Dur\u00e9e de lecture estim\u00e9e":"3 minutes"},"schema":{"@context":"https:\/\/schema.org","@graph":[{"@type":"NewsArticle","@id":"https:\/\/www.webdo.tn\/fr\/actualite\/national\/fermeture-du-detroit-dhormuz\/378206\/#article","isPartOf":{"@id":"https:\/\/www.webdo.tn\/fr\/actualite\/national\/fermeture-du-detroit-dhormuz\/378206\/"},"author":{"name":"Mohamed Fethi","@id":"https:\/\/www.webdo.tn\/fr\/#\/schema\/person\/16a4857e77dfc0b610c4c2cadffc9ac4"},"headline":"Menace de fermeture du d\u00e9troit d\u2019Hormuz : Un risque r\u00e9el pour la Tunisie et l\u2019\u00e9conomie mondiale","datePublished":"2025-06-23T16:46:28+00:00","dateModified":"2025-06-24T07:38:54+00:00","mainEntityOfPage":{"@id":"https:\/\/www.webdo.tn\/fr\/actualite\/national\/fermeture-du-detroit-dhormuz\/378206\/"},"wordCount":435,"commentCount":0,"publisher":{"@id":"https:\/\/www.webdo.tn\/fr\/#organization"},"image":{"@id":"https:\/\/www.webdo.tn\/fr\/actualite\/national\/fermeture-du-detroit-dhormuz\/378206\/#primaryimage"},"thumbnailUrl":"https:\/\/www.webdo.tn\/fr\/wp-content\/uploads\/2025\/06\/image.jpg","keywords":["\u00e9conomie","Iran","p\u00e9trole","Tunisie"],"articleSection":["National"],"inLanguage":"fr-FR"},{"@type":"WebPage","@id":"https:\/\/www.webdo.tn\/fr\/actualite\/national\/fermeture-du-detroit-dhormuz\/378206\/","url":"https:\/\/www.webdo.tn\/fr\/actualite\/national\/fermeture-du-detroit-dhormuz\/378206\/","name":"Menace de fermeture du d\u00e9troit d\u2019Hormuz : Un risque r\u00e9el pour la Tunisie et l\u2019\u00e9conomie mondiale - webdo","isPartOf":{"@id":"https:\/\/www.webdo.tn\/fr\/#website"},"primaryImageOfPage":{"@id":"https:\/\/www.webdo.tn\/fr\/actualite\/national\/fermeture-du-detroit-dhormuz\/378206\/#primaryimage"},"image":{"@id":"https:\/\/www.webdo.tn\/fr\/actualite\/national\/fermeture-du-detroit-dhormuz\/378206\/#primaryimage"},"thumbnailUrl":"https:\/\/www.webdo.tn\/fr\/wp-content\/uploads\/2025\/06\/image.jpg","datePublished":"2025-06-23T16:46:28+00:00","dateModified":"2025-06-24T07:38:54+00:00","description":"D\u00e9couvrez les implications de la fermeture du d\u00e9troit d\u2019Hormuz sur les march\u00e9s p\u00e9troliers et l'\u00e9conomie tunisienne.","breadcrumb":{"@id":"https:\/\/www.webdo.tn\/fr\/actualite\/national\/fermeture-du-detroit-dhormuz\/378206\/#breadcrumb"},"inLanguage":"fr-FR","potentialAction":[{"@type":"ReadAction","target":["https:\/\/www.webdo.tn\/fr\/actualite\/national\/fermeture-du-detroit-dhormuz\/378206\/"]}]},{"@type":"ImageObject","inLanguage":"fr-FR","@id":"https:\/\/www.webdo.tn\/fr\/actualite\/national\/fermeture-du-detroit-dhormuz\/378206\/#primaryimage","url":"https:\/\/www.webdo.tn\/fr\/wp-content\/uploads\/2025\/06\/image.jpg","contentUrl":"https:\/\/www.webdo.tn\/fr\/wp-content\/uploads\/2025\/06\/image.jpg","width":885,"height":500,"caption":"Vue a\u00e9rienne du d\u00e9troit d\u2019Ormuz. Vue a\u00e9rienne du d\u00e9troit d\u2019Ormuz. Public domain, via Wikimedia Commons - Jacques Descloitres, MODIS Land Rapid Response Team, NASA\/GSFC"},{"@type":"BreadcrumbList","@id":"https:\/\/www.webdo.tn\/fr\/actualite\/national\/fermeture-du-detroit-dhormuz\/378206\/#breadcrumb","itemListElement":[{"@type":"ListItem","position":1,"name":"Accueil","item":"https:\/\/www.webdo.tn\/fr\/"},{"@type":"ListItem","position":2,"name":"Menace de fermeture du d\u00e9troit d\u2019Hormuz : Un risque r\u00e9el pour la Tunisie et l\u2019\u00e9conomie mondiale"}]},{"@type":"WebSite","@id":"https:\/\/www.webdo.tn\/fr\/#website","url":"https:\/\/www.webdo.tn\/fr\/","name":"webdo","description":"Tunisie - News en Tunisie et \u00e0 l&#039;international sur Webdo.tn","publisher":{"@id":"https:\/\/www.webdo.tn\/fr\/#organization"},"potentialAction":[{"@type":"SearchAction","target":{"@type":"EntryPoint","urlTemplate":"https:\/\/www.webdo.tn\/fr\/?s={search_term_string}"},"query-input":{"@type":"PropertyValueSpecification","valueRequired":true,"valueName":"search_term_string"}}],"inLanguage":"fr-FR"},{"@type":"Organization","@id":"https:\/\/www.webdo.tn\/fr\/#organization","name":"Webdo","alternateName":"Webdo.tn","url":"https:\/\/www.webdo.tn\/fr\/","logo":{"@type":"ImageObject","inLanguage":"fr-FR","@id":"https:\/\/www.webdo.tn\/fr\/#\/schema\/logo\/image\/","url":"https:\/\/www.webdo.tn\/fr\/wp-content\/uploads\/2025\/06\/Webdo-Tunisie_168377.jpg","contentUrl":"https:\/\/www.webdo.tn\/fr\/wp-content\/uploads\/2025\/06\/Webdo-Tunisie_168377.jpg","width":301,"height":301,"caption":"Webdo"},"image":{"@id":"https:\/\/www.webdo.tn\/fr\/#\/schema\/logo\/image\/"},"sameAs":["https:\/\/www.facebook.com\/webdotn","https:\/\/x.com\/webdo_tn"],"description":"Webdo est un m\u00e9dia num\u00e9rique tunisien fond\u00e9 en 2010, sp\u00e9cialis\u00e9 dans l\u2019actualit\u00e9 nationale et internationale, l\u2019\u00e9conomie, la soci\u00e9t\u00e9 et les analyses politiques. Le site s\u2019adresse \u00e0 un large public francophone et couvre l\u2019information tunisienne en temps r\u00e9el.","email":"redac@webdo.tn","legalName":"YNJ SARL","foundingDate":"2010-09-06","numberOfEmployees":{"@type":"QuantitativeValue","minValue":"11","maxValue":"50"}},{"@type":"Person","@id":"https:\/\/www.webdo.tn\/fr\/#\/schema\/person\/16a4857e77dfc0b610c4c2cadffc9ac4","name":"Mohamed Fethi","image":{"@type":"ImageObject","inLanguage":"fr-FR","@id":"https:\/\/www.webdo.tn\/fr\/wp-content\/uploads\/2026\/04\/mohamed-fethi_avatar_1-96x96.jpg","url":"https:\/\/www.webdo.tn\/fr\/wp-content\/uploads\/2026\/04\/mohamed-fethi_avatar_1-96x96.jpg","contentUrl":"https:\/\/www.webdo.tn\/fr\/wp-content\/uploads\/2026\/04\/mohamed-fethi_avatar_1-96x96.jpg","caption":"Mohamed Fethi"},"description":"Signature \u00e9ditoriale de Maher Chaabane Mohamed Fethi est le pseudonyme \u00e9ditorial de Maher Chaabane, r\u00e9dacteur en chef de Webdo.tn depuis 2012. Cette signature est d\u00e9di\u00e9e au traitement intensif de l'actualit\u00e9 nationale et internationale en temps r\u00e9el. S'appuyant sur les deux d\u00e9cennies d'expertise journalistique de Maher Chaabane \u2014 d\u00e9but\u00e9e au sein du groupe Tunis Hebdo en 2000 \u2014 Mohamed Fethi assure une veille rigoureuse sur les enjeux politiques, \u00e9conomiques et sportifs. Sa mission est de garantir une information structur\u00e9e, fluide et fid\u00e8le aux standards de la r\u00e9daction. Pour consulter le parcours complet du r\u00e9dacteur en chef, visitez le profil officiel de Maher Chaabane.","knowsAbout":["actualit\u00e9","journalisme","information","politique","sport","m\u00e9dias","actualit\u00e9 internationale"],"knowsLanguage":["Fran\u00e7ais","Arabe"],"jobTitle":"Journaliste \u2013 R\u00e9daction Webdo","worksFor":"Webdo.tn","url":"https:\/\/www.webdo.tn\/fr\/actualite\/author\/mohamed-fethi\/"}]}},"_links":{"self":[{"href":"https:\/\/www.webdo.tn\/fr\/wp-json\/wp\/v2\/posts\/378206","targetHints":{"allow":["GET"]}}],"collection":[{"href":"https:\/\/www.webdo.tn\/fr\/wp-json\/wp\/v2\/posts"}],"about":[{"href":"https:\/\/www.webdo.tn\/fr\/wp-json\/wp\/v2\/types\/post"}],"author":[{"embeddable":true,"href":"https:\/\/www.webdo.tn\/fr\/wp-json\/wp\/v2\/users\/4782"}],"replies":[{"embeddable":true,"href":"https:\/\/www.webdo.tn\/fr\/wp-json\/wp\/v2\/comments?post=378206"}],"version-history":[{"count":0,"href":"https:\/\/www.webdo.tn\/fr\/wp-json\/wp\/v2\/posts\/378206\/revisions"}],"wp:featuredmedia":[{"embeddable":true,"href":"https:\/\/www.webdo.tn\/fr\/wp-json\/wp\/v2\/media\/378207"}],"wp:attachment":[{"href":"https:\/\/www.webdo.tn\/fr\/wp-json\/wp\/v2\/media?parent=378206"}],"wp:term":[{"taxonomy":"category","embeddable":true,"href":"https:\/\/www.webdo.tn\/fr\/wp-json\/wp\/v2\/categories?post=378206"},{"taxonomy":"post_tag","embeddable":true,"href":"https:\/\/www.webdo.tn\/fr\/wp-json\/wp\/v2\/tags?post=378206"}],"curies":[{"name":"wp","href":"https:\/\/api.w.org\/{rel}","templated":true}]}}