{"id":378195,"date":"2025-06-23T16:10:56","date_gmt":"2025-06-23T15:10:56","guid":{"rendered":"https:\/\/www.webdo.tn\/fr\/?p=378195"},"modified":"2025-06-23T16:12:45","modified_gmt":"2025-06-23T15:12:45","slug":"festivals-un-ete-aux-couleurs-de-lautriche","status":"publish","type":"post","link":"https:\/\/www.webdo.tn\/fr\/actualite\/culture\/festivals-un-ete-aux-couleurs-de-lautriche\/378195\/","title":{"rendered":"Tunisie &#8211; Festivals : Un \u00e9t\u00e9 aux couleurs de l&rsquo;Autriche"},"content":{"rendered":"\n<p><strong>Entre jazz, fusion et classique, quatre soir\u00e9es musicales autrichiennes sont au menu des festivals d&rsquo;\u00e9t\u00e9.<\/strong><\/p>\n\n\n\n<p>Quatre participations autrichiennes ponctueront les festivals d&rsquo;\u00e9t\u00e9 et contribueront aux \u00e9changes culturels entre nos deux pays. Comme le veut une tradition bien ancr\u00e9e, l&rsquo;Autriche sera pr\u00e9sente au festival international de musique symphonique d&rsquo;El Djem avec des formations classiques. <\/p>\n\n\n\n<p>De m\u00eame, le Festival international de Sousse et le Festival international de Dougga accueilleront des musiciens autrichiens dans les r\u00e9pertoires jazz et fusion. Quel sera le profil de cette participation qui par ailleurs s&rsquo;inscrit dans le cadre de la c\u00e9l\u00e9bration des trois cents ans de relations diplomatiques entre l&rsquo;Autriche et la Tunisie ?<\/p>\n\n\n\n<p>Le festival de Dougga accueille le 4 juillet une formation autrichienne dont la fusion musicale est l&#8217;embl\u00e8me. L&rsquo;Afro Arabiq Walzer Archestra est en effet un ensemble musical qui m\u00e9lange la Wiener Walzer (valse viennoise) avec des rythmes de Dakar, Tunis et Damas. L\u2019ensemble multiculturel est inspir\u00e9 par les traditions musicales arabes, ouest-africaines et autrichiennes.<br><\/p>\n\n\n\n<p>Cette fusion unique cr\u00e9e un son distinctif qui a \u00e9t\u00e9 d\u00e9crit comme une \u00ab nouvelle cr\u00e9ature \u00bb n\u00e9e dans l&rsquo;espace intersid\u00e9ral de l&rsquo;innovation musicale. Les membres interpr\u00e8tent des compositions enflamm\u00e9es de divers artistes, d\u2019un groupe de dix musiciens.<br>Sous la baguette de Harald Huber, l&rsquo;orchestre m\u00eale m\u00e9lodies arabes, rythmes africains, sonorit\u00e9s d&rsquo;Europe et improvisations jazz pour un show musical sans fronti\u00e8res.<\/p>\n\n\n\n<p>Samedi 2 ao\u00fbt, l&rsquo;Orchestre du bal de l&rsquo;Op\u00e9ra de Vienne donnera un grand concert de musique classique dans l\u2019amphith\u00e9\u00e2tre d&rsquo;El Jem. Une exp\u00e9rience \u00e0 ne pas manquer et une ouverture aux couleurs de l&rsquo;Autriche.<\/p>\n\n\n\n<p>Samedi 16 ao\u00fbt : En cl\u00f4ture du festival international de musique symphonique d&rsquo;El Djem, un concert avec le violoniste vedette Yury Revich est au programme. Il pr\u00e9sentera un concert de cl\u00f4ture en compagnie de l&rsquo;Orchestre symphonique tunisien et de talentueux jeunes musiciens autrichiens.<\/p>\n\n\n\n<p>Enfin, vendredi, 8 ao\u00fbt, le jeune trio jazzy Haezz sera au rendez-vous de la 66\u00e8me \u00e9dition du festival international de Sousse. Rythmes entra\u00eenants et sons cr\u00e9atifs seront \u00e0 l&rsquo;ordre du jour de cette soir\u00e9e de musique contemporaine.<\/p>\n","protected":false},"excerpt":{"rendered":"<p>Entre jazz, fusion et classique, quatre soir\u00e9es musicales autrichiennes sont au menu des festivals d&rsquo;\u00e9t\u00e9. Quatre participations autrichiennes ponctueront les festivals d&rsquo;\u00e9t\u00e9 et contribueront aux \u00e9changes culturels entre nos deux pays. Comme le veut une tradition bien ancr\u00e9e, l&rsquo;Autriche sera pr\u00e9sente au festival international de musique symphonique d&rsquo;El Djem avec des formations classiques. De m\u00eame, [&hellip;]<\/p>\n","protected":false},"author":3229,"featured_media":378196,"comment_status":"open","ping_status":"open","sticky":false,"template":"","format":"standard","meta":{"footnotes":""},"categories":[2594],"tags":[4286,5433,2628,2608],"class_list":["post-378195","post","type-post","status-publish","format-standard","has-post-thumbnail","hentry","category-culture","tag-autriche","tag-ete","tag-festival","tag-tunisie"],"yoast_head":"<!-- This site is optimized with the Yoast SEO Premium plugin v27.4 (Yoast SEO v27.4) - https:\/\/yoast.com\/product\/yoast-seo-premium-wordpress\/ -->\n<title>Tunisie - Festivals : Un \u00e9t\u00e9 aux couleurs de l&#039;Autriche - webdo<\/title>\n<meta name=\"description\" content=\"Explorez les festivals d&#039;\u00e9t\u00e9 qui c\u00e9l\u00e8brent l&#039;\u00e9change culturel entre l&#039;Autriche et la Tunisie \u00e0 travers la musique.\" \/>\n<link rel=\"canonical\" href=\"https:\/\/www.webdo.tn\/fr\/actualite\/culture\/festivals-un-ete-aux-couleurs-de-lautriche\/378195\/\" \/>\n<meta property=\"og:locale\" content=\"fr_FR\" \/>\n<meta property=\"og:type\" content=\"article\" \/>\n<meta property=\"og:title\" content=\"Tunisie - Festivals : Un \u00e9t\u00e9 aux couleurs de l&#039;Autriche\" \/>\n<meta property=\"og:description\" content=\"Explorez les festivals d&#039;\u00e9t\u00e9 qui c\u00e9l\u00e8brent l&#039;\u00e9change culturel entre l&#039;Autriche et la Tunisie \u00e0 travers la musique.\" \/>\n<meta property=\"og:url\" content=\"https:\/\/www.webdo.tn\/fr\/actualite\/culture\/festivals-un-ete-aux-couleurs-de-lautriche\/378195\/\" \/>\n<meta property=\"og:site_name\" content=\"webdo\" \/>\n<meta property=\"article:publisher\" content=\"https:\/\/www.facebook.com\/webdotn\" \/>\n<meta property=\"article:author\" content=\"https:\/\/www.facebook.com\/hatem.bourial.2025\" \/>\n<meta property=\"article:published_time\" content=\"2025-06-23T15:10:56+00:00\" \/>\n<meta property=\"article:modified_time\" content=\"2025-06-23T15:12:45+00:00\" \/>\n<meta property=\"og:image\" content=\"https:\/\/www.webdo.tn\/fr\/wp-content\/uploads\/2025\/06\/festival.jpg\" \/>\n\t<meta property=\"og:image:width\" content=\"680\" \/>\n\t<meta property=\"og:image:height\" content=\"400\" \/>\n\t<meta property=\"og:image:type\" content=\"image\/jpeg\" \/>\n<meta name=\"author\" content=\"Hatem Bourial\" \/>\n<meta name=\"twitter:card\" content=\"summary_large_image\" \/>\n<meta name=\"twitter:creator\" content=\"@webdo_tn\" \/>\n<meta name=\"twitter:site\" content=\"@webdo_tn\" \/>\n<meta name=\"twitter:label1\" content=\"\u00c9crit par\" \/>\n\t<meta name=\"twitter:data1\" content=\"Hatem Bourial\" \/>\n\t<meta name=\"twitter:label2\" content=\"Dur\u00e9e de lecture estim\u00e9e\" \/>\n\t<meta name=\"twitter:data2\" content=\"2 minutes\" \/>\n<script type=\"application\/ld+json\" class=\"yoast-schema-graph\">{\"@context\":\"https:\\\/\\\/schema.org\",\"@graph\":[{\"@type\":\"NewsArticle\",\"@id\":\"https:\\\/\\\/www.webdo.tn\\\/fr\\\/actualite\\\/culture\\\/festivals-un-ete-aux-couleurs-de-lautriche\\\/378195\\\/#article\",\"isPartOf\":{\"@id\":\"https:\\\/\\\/www.webdo.tn\\\/fr\\\/actualite\\\/culture\\\/festivals-un-ete-aux-couleurs-de-lautriche\\\/378195\\\/\"},\"author\":{\"name\":\"Hatem Bourial\",\"@id\":\"https:\\\/\\\/www.webdo.tn\\\/fr\\\/#\\\/schema\\\/person\\\/6bc0beba2cd23aec27cb5df85ca2554f\"},\"headline\":\"Tunisie &#8211; Festivals : Un \u00e9t\u00e9 aux couleurs de l&rsquo;Autriche\",\"datePublished\":\"2025-06-23T15:10:56+00:00\",\"dateModified\":\"2025-06-23T15:12:45+00:00\",\"mainEntityOfPage\":{\"@id\":\"https:\\\/\\\/www.webdo.tn\\\/fr\\\/actualite\\\/culture\\\/festivals-un-ete-aux-couleurs-de-lautriche\\\/378195\\\/\"},\"wordCount\":389,\"commentCount\":0,\"publisher\":{\"@id\":\"https:\\\/\\\/www.webdo.tn\\\/fr\\\/#organization\"},\"image\":{\"@id\":\"https:\\\/\\\/www.webdo.tn\\\/fr\\\/actualite\\\/culture\\\/festivals-un-ete-aux-couleurs-de-lautriche\\\/378195\\\/#primaryimage\"},\"thumbnailUrl\":\"https:\\\/\\\/www.webdo.tn\\\/fr\\\/wp-content\\\/uploads\\\/2025\\\/06\\\/festival.jpg\",\"keywords\":[\"Autriche\",\"\u00e9t\u00e9\",\"Festival\",\"Tunisie\"],\"articleSection\":[\"Culture\"],\"inLanguage\":\"fr-FR\"},{\"@type\":\"WebPage\",\"@id\":\"https:\\\/\\\/www.webdo.tn\\\/fr\\\/actualite\\\/culture\\\/festivals-un-ete-aux-couleurs-de-lautriche\\\/378195\\\/\",\"url\":\"https:\\\/\\\/www.webdo.tn\\\/fr\\\/actualite\\\/culture\\\/festivals-un-ete-aux-couleurs-de-lautriche\\\/378195\\\/\",\"name\":\"Tunisie - Festivals : Un \u00e9t\u00e9 aux couleurs de l'Autriche - webdo\",\"isPartOf\":{\"@id\":\"https:\\\/\\\/www.webdo.tn\\\/fr\\\/#website\"},\"primaryImageOfPage\":{\"@id\":\"https:\\\/\\\/www.webdo.tn\\\/fr\\\/actualite\\\/culture\\\/festivals-un-ete-aux-couleurs-de-lautriche\\\/378195\\\/#primaryimage\"},\"image\":{\"@id\":\"https:\\\/\\\/www.webdo.tn\\\/fr\\\/actualite\\\/culture\\\/festivals-un-ete-aux-couleurs-de-lautriche\\\/378195\\\/#primaryimage\"},\"thumbnailUrl\":\"https:\\\/\\\/www.webdo.tn\\\/fr\\\/wp-content\\\/uploads\\\/2025\\\/06\\\/festival.jpg\",\"datePublished\":\"2025-06-23T15:10:56+00:00\",\"dateModified\":\"2025-06-23T15:12:45+00:00\",\"description\":\"Explorez les festivals d'\u00e9t\u00e9 qui c\u00e9l\u00e8brent l'\u00e9change culturel entre l'Autriche et la Tunisie \u00e0 travers la musique.\",\"breadcrumb\":{\"@id\":\"https:\\\/\\\/www.webdo.tn\\\/fr\\\/actualite\\\/culture\\\/festivals-un-ete-aux-couleurs-de-lautriche\\\/378195\\\/#breadcrumb\"},\"inLanguage\":\"fr-FR\",\"potentialAction\":[{\"@type\":\"ReadAction\",\"target\":[\"https:\\\/\\\/www.webdo.tn\\\/fr\\\/actualite\\\/culture\\\/festivals-un-ete-aux-couleurs-de-lautriche\\\/378195\\\/\"]}]},{\"@type\":\"ImageObject\",\"inLanguage\":\"fr-FR\",\"@id\":\"https:\\\/\\\/www.webdo.tn\\\/fr\\\/actualite\\\/culture\\\/festivals-un-ete-aux-couleurs-de-lautriche\\\/378195\\\/#primaryimage\",\"url\":\"https:\\\/\\\/www.webdo.tn\\\/fr\\\/wp-content\\\/uploads\\\/2025\\\/06\\\/festival.jpg\",\"contentUrl\":\"https:\\\/\\\/www.webdo.tn\\\/fr\\\/wp-content\\\/uploads\\\/2025\\\/06\\\/festival.jpg\",\"width\":680,\"height\":400,\"caption\":\"Festival d'\u00e9t\u00e9\"},{\"@type\":\"BreadcrumbList\",\"@id\":\"https:\\\/\\\/www.webdo.tn\\\/fr\\\/actualite\\\/culture\\\/festivals-un-ete-aux-couleurs-de-lautriche\\\/378195\\\/#breadcrumb\",\"itemListElement\":[{\"@type\":\"ListItem\",\"position\":1,\"name\":\"Accueil\",\"item\":\"https:\\\/\\\/www.webdo.tn\\\/fr\\\/\"},{\"@type\":\"ListItem\",\"position\":2,\"name\":\"Tunisie &#8211; Festivals : Un \u00e9t\u00e9 aux couleurs de l&rsquo;Autriche\"}]},{\"@type\":\"WebSite\",\"@id\":\"https:\\\/\\\/www.webdo.tn\\\/fr\\\/#website\",\"url\":\"https:\\\/\\\/www.webdo.tn\\\/fr\\\/\",\"name\":\"webdo\",\"description\":\"Tunisie - News en Tunisie et \u00e0 l&#039;international sur Webdo.tn\",\"publisher\":{\"@id\":\"https:\\\/\\\/www.webdo.tn\\\/fr\\\/#organization\"},\"potentialAction\":[{\"@type\":\"SearchAction\",\"target\":{\"@type\":\"EntryPoint\",\"urlTemplate\":\"https:\\\/\\\/www.webdo.tn\\\/fr\\\/?s={search_term_string}\"},\"query-input\":{\"@type\":\"PropertyValueSpecification\",\"valueRequired\":true,\"valueName\":\"search_term_string\"}}],\"inLanguage\":\"fr-FR\"},{\"@type\":\"Organization\",\"@id\":\"https:\\\/\\\/www.webdo.tn\\\/fr\\\/#organization\",\"name\":\"Webdo\",\"alternateName\":\"Webdo.tn\",\"url\":\"https:\\\/\\\/www.webdo.tn\\\/fr\\\/\",\"logo\":{\"@type\":\"ImageObject\",\"inLanguage\":\"fr-FR\",\"@id\":\"https:\\\/\\\/www.webdo.tn\\\/fr\\\/#\\\/schema\\\/logo\\\/image\\\/\",\"url\":\"https:\\\/\\\/www.webdo.tn\\\/fr\\\/wp-content\\\/uploads\\\/2025\\\/06\\\/Webdo-Tunisie_168377.jpg\",\"contentUrl\":\"https:\\\/\\\/www.webdo.tn\\\/fr\\\/wp-content\\\/uploads\\\/2025\\\/06\\\/Webdo-Tunisie_168377.jpg\",\"width\":301,\"height\":301,\"caption\":\"Webdo\"},\"image\":{\"@id\":\"https:\\\/\\\/www.webdo.tn\\\/fr\\\/#\\\/schema\\\/logo\\\/image\\\/\"},\"sameAs\":[\"https:\\\/\\\/www.facebook.com\\\/webdotn\",\"https:\\\/\\\/x.com\\\/webdo_tn\"],\"description\":\"Webdo est un m\u00e9dia num\u00e9rique tunisien fond\u00e9 en 2010, sp\u00e9cialis\u00e9 dans l\u2019actualit\u00e9 nationale et internationale, l\u2019\u00e9conomie, la soci\u00e9t\u00e9 et les analyses politiques. Le site s\u2019adresse \u00e0 un large public francophone et couvre l\u2019information tunisienne en temps r\u00e9el.\",\"email\":\"redac@webdo.tn\",\"legalName\":\"YNJ SARL\",\"foundingDate\":\"2010-09-06\",\"numberOfEmployees\":{\"@type\":\"QuantitativeValue\",\"minValue\":\"11\",\"maxValue\":\"50\"}},{\"@type\":\"Person\",\"@id\":\"https:\\\/\\\/www.webdo.tn\\\/fr\\\/#\\\/schema\\\/person\\\/6bc0beba2cd23aec27cb5df85ca2554f\",\"name\":\"Hatem Bourial\",\"image\":{\"@type\":\"ImageObject\",\"inLanguage\":\"fr-FR\",\"@id\":\"https:\\\/\\\/www.webdo.tn\\\/fr\\\/wp-content\\\/uploads\\\/2026\\\/04\\\/hatem-bourial_avatar-96x96.jpg\",\"url\":\"https:\\\/\\\/www.webdo.tn\\\/fr\\\/wp-content\\\/uploads\\\/2026\\\/04\\\/hatem-bourial_avatar-96x96.jpg\",\"contentUrl\":\"https:\\\/\\\/www.webdo.tn\\\/fr\\\/wp-content\\\/uploads\\\/2026\\\/04\\\/hatem-bourial_avatar-96x96.jpg\",\"caption\":\"Hatem Bourial\"},\"description\":\"Hatem Bourial est journaliste, \u00e9crivain et chroniqueur tunisien. Actif depuis plusieurs d\u00e9cennies, il s\u2019est impos\u00e9 comme un observateur attentif de la soci\u00e9t\u00e9 tunisienne, m\u00ealant dans ses \u00e9crits m\u00e9moire, culture et analyse du quotidien. Auteur de nombreux ouvrages, il d\u00e9veloppe une \u0153uvre \u00e0 la crois\u00e9e du r\u00e9cit, de la po\u00e9sie et de l\u2019observation sociologique. Parall\u00e8lement \u00e0 ses contributions dans la presse, il intervient r\u00e9guli\u00e8rement \u00e0 la radio et dans des espaces culturels, o\u00f9 il explore les enjeux li\u00e9s au patrimoine, \u00e0 l\u2019identit\u00e9 et aux transformations du monde contemporain. \u00c0 travers ses chroniques, Hatem Bourial propose une lecture sensible et approfondie de l\u2019actualit\u00e9, nourrie par une exp\u00e9rience journalistique et litt\u00e9raire reconnue. \ud83d\udd17 Facebook : https:\\\/\\\/www.facebook.com\\\/hatem.bourial.2025\",\"sameAs\":[\"https:\\\/\\\/www.facebook.com\\\/hatem.bourial.2025\",\"https:\\\/\\\/fr.wikipedia.org\\\/wiki\\\/Fichier:Hatem_Bourial.jpg\"],\"knowsAbout\":[\"Culture & patrimoine tunisien\",\"Chronique soci\u00e9tale\",\"Litt\u00e9rature & m\u00e9moire\",\"Cin\u00e9ma & critique culturelle\",\"Identit\u00e9 & mutations sociales\"],\"knowsLanguage\":[\"Arabe\",\"Fran\u00e7ais\",\"Anglais\",\"Italien\",\"Polonais\"],\"jobTitle\":\"Journaliste, \u00e9crivain et chroniqueur culturel\",\"worksFor\":\"Webdo\",\"url\":\"https:\\\/\\\/www.webdo.tn\\\/fr\\\/actualite\\\/author\\\/hatem-bourial-2\\\/\"}]}<\/script>\n<!-- \/ Yoast SEO Premium plugin. -->","yoast_head_json":{"title":"Tunisie - Festivals : Un \u00e9t\u00e9 aux couleurs de l'Autriche - webdo","description":"Explorez les festivals d'\u00e9t\u00e9 qui c\u00e9l\u00e8brent l'\u00e9change culturel entre l'Autriche et la Tunisie \u00e0 travers la musique.","canonical":"https:\/\/www.webdo.tn\/fr\/actualite\/culture\/festivals-un-ete-aux-couleurs-de-lautriche\/378195\/","og_locale":"fr_FR","og_type":"article","og_title":"Tunisie - Festivals : Un \u00e9t\u00e9 aux couleurs de l'Autriche","og_description":"Explorez les festivals d'\u00e9t\u00e9 qui c\u00e9l\u00e8brent l'\u00e9change culturel entre l'Autriche et la Tunisie \u00e0 travers la musique.","og_url":"https:\/\/www.webdo.tn\/fr\/actualite\/culture\/festivals-un-ete-aux-couleurs-de-lautriche\/378195\/","og_site_name":"webdo","article_publisher":"https:\/\/www.facebook.com\/webdotn","article_author":"https:\/\/www.facebook.com\/hatem.bourial.2025","article_published_time":"2025-06-23T15:10:56+00:00","article_modified_time":"2025-06-23T15:12:45+00:00","og_image":[{"width":680,"height":400,"url":"https:\/\/www.webdo.tn\/fr\/wp-content\/uploads\/2025\/06\/festival.jpg","type":"image\/jpeg"}],"author":"Hatem Bourial","twitter_card":"summary_large_image","twitter_creator":"@webdo_tn","twitter_site":"@webdo_tn","twitter_misc":{"\u00c9crit par":"Hatem Bourial","Dur\u00e9e de lecture estim\u00e9e":"2 minutes"},"schema":{"@context":"https:\/\/schema.org","@graph":[{"@type":"NewsArticle","@id":"https:\/\/www.webdo.tn\/fr\/actualite\/culture\/festivals-un-ete-aux-couleurs-de-lautriche\/378195\/#article","isPartOf":{"@id":"https:\/\/www.webdo.tn\/fr\/actualite\/culture\/festivals-un-ete-aux-couleurs-de-lautriche\/378195\/"},"author":{"name":"Hatem Bourial","@id":"https:\/\/www.webdo.tn\/fr\/#\/schema\/person\/6bc0beba2cd23aec27cb5df85ca2554f"},"headline":"Tunisie &#8211; Festivals : Un \u00e9t\u00e9 aux couleurs de l&rsquo;Autriche","datePublished":"2025-06-23T15:10:56+00:00","dateModified":"2025-06-23T15:12:45+00:00","mainEntityOfPage":{"@id":"https:\/\/www.webdo.tn\/fr\/actualite\/culture\/festivals-un-ete-aux-couleurs-de-lautriche\/378195\/"},"wordCount":389,"commentCount":0,"publisher":{"@id":"https:\/\/www.webdo.tn\/fr\/#organization"},"image":{"@id":"https:\/\/www.webdo.tn\/fr\/actualite\/culture\/festivals-un-ete-aux-couleurs-de-lautriche\/378195\/#primaryimage"},"thumbnailUrl":"https:\/\/www.webdo.tn\/fr\/wp-content\/uploads\/2025\/06\/festival.jpg","keywords":["Autriche","\u00e9t\u00e9","Festival","Tunisie"],"articleSection":["Culture"],"inLanguage":"fr-FR"},{"@type":"WebPage","@id":"https:\/\/www.webdo.tn\/fr\/actualite\/culture\/festivals-un-ete-aux-couleurs-de-lautriche\/378195\/","url":"https:\/\/www.webdo.tn\/fr\/actualite\/culture\/festivals-un-ete-aux-couleurs-de-lautriche\/378195\/","name":"Tunisie - Festivals : Un \u00e9t\u00e9 aux couleurs de l'Autriche - webdo","isPartOf":{"@id":"https:\/\/www.webdo.tn\/fr\/#website"},"primaryImageOfPage":{"@id":"https:\/\/www.webdo.tn\/fr\/actualite\/culture\/festivals-un-ete-aux-couleurs-de-lautriche\/378195\/#primaryimage"},"image":{"@id":"https:\/\/www.webdo.tn\/fr\/actualite\/culture\/festivals-un-ete-aux-couleurs-de-lautriche\/378195\/#primaryimage"},"thumbnailUrl":"https:\/\/www.webdo.tn\/fr\/wp-content\/uploads\/2025\/06\/festival.jpg","datePublished":"2025-06-23T15:10:56+00:00","dateModified":"2025-06-23T15:12:45+00:00","description":"Explorez les festivals d'\u00e9t\u00e9 qui c\u00e9l\u00e8brent l'\u00e9change culturel entre l'Autriche et la Tunisie \u00e0 travers la musique.","breadcrumb":{"@id":"https:\/\/www.webdo.tn\/fr\/actualite\/culture\/festivals-un-ete-aux-couleurs-de-lautriche\/378195\/#breadcrumb"},"inLanguage":"fr-FR","potentialAction":[{"@type":"ReadAction","target":["https:\/\/www.webdo.tn\/fr\/actualite\/culture\/festivals-un-ete-aux-couleurs-de-lautriche\/378195\/"]}]},{"@type":"ImageObject","inLanguage":"fr-FR","@id":"https:\/\/www.webdo.tn\/fr\/actualite\/culture\/festivals-un-ete-aux-couleurs-de-lautriche\/378195\/#primaryimage","url":"https:\/\/www.webdo.tn\/fr\/wp-content\/uploads\/2025\/06\/festival.jpg","contentUrl":"https:\/\/www.webdo.tn\/fr\/wp-content\/uploads\/2025\/06\/festival.jpg","width":680,"height":400,"caption":"Festival d'\u00e9t\u00e9"},{"@type":"BreadcrumbList","@id":"https:\/\/www.webdo.tn\/fr\/actualite\/culture\/festivals-un-ete-aux-couleurs-de-lautriche\/378195\/#breadcrumb","itemListElement":[{"@type":"ListItem","position":1,"name":"Accueil","item":"https:\/\/www.webdo.tn\/fr\/"},{"@type":"ListItem","position":2,"name":"Tunisie &#8211; Festivals : Un \u00e9t\u00e9 aux couleurs de l&rsquo;Autriche"}]},{"@type":"WebSite","@id":"https:\/\/www.webdo.tn\/fr\/#website","url":"https:\/\/www.webdo.tn\/fr\/","name":"webdo","description":"Tunisie - News en Tunisie et \u00e0 l&#039;international sur Webdo.tn","publisher":{"@id":"https:\/\/www.webdo.tn\/fr\/#organization"},"potentialAction":[{"@type":"SearchAction","target":{"@type":"EntryPoint","urlTemplate":"https:\/\/www.webdo.tn\/fr\/?s={search_term_string}"},"query-input":{"@type":"PropertyValueSpecification","valueRequired":true,"valueName":"search_term_string"}}],"inLanguage":"fr-FR"},{"@type":"Organization","@id":"https:\/\/www.webdo.tn\/fr\/#organization","name":"Webdo","alternateName":"Webdo.tn","url":"https:\/\/www.webdo.tn\/fr\/","logo":{"@type":"ImageObject","inLanguage":"fr-FR","@id":"https:\/\/www.webdo.tn\/fr\/#\/schema\/logo\/image\/","url":"https:\/\/www.webdo.tn\/fr\/wp-content\/uploads\/2025\/06\/Webdo-Tunisie_168377.jpg","contentUrl":"https:\/\/www.webdo.tn\/fr\/wp-content\/uploads\/2025\/06\/Webdo-Tunisie_168377.jpg","width":301,"height":301,"caption":"Webdo"},"image":{"@id":"https:\/\/www.webdo.tn\/fr\/#\/schema\/logo\/image\/"},"sameAs":["https:\/\/www.facebook.com\/webdotn","https:\/\/x.com\/webdo_tn"],"description":"Webdo est un m\u00e9dia num\u00e9rique tunisien fond\u00e9 en 2010, sp\u00e9cialis\u00e9 dans l\u2019actualit\u00e9 nationale et internationale, l\u2019\u00e9conomie, la soci\u00e9t\u00e9 et les analyses politiques. Le site s\u2019adresse \u00e0 un large public francophone et couvre l\u2019information tunisienne en temps r\u00e9el.","email":"redac@webdo.tn","legalName":"YNJ SARL","foundingDate":"2010-09-06","numberOfEmployees":{"@type":"QuantitativeValue","minValue":"11","maxValue":"50"}},{"@type":"Person","@id":"https:\/\/www.webdo.tn\/fr\/#\/schema\/person\/6bc0beba2cd23aec27cb5df85ca2554f","name":"Hatem Bourial","image":{"@type":"ImageObject","inLanguage":"fr-FR","@id":"https:\/\/www.webdo.tn\/fr\/wp-content\/uploads\/2026\/04\/hatem-bourial_avatar-96x96.jpg","url":"https:\/\/www.webdo.tn\/fr\/wp-content\/uploads\/2026\/04\/hatem-bourial_avatar-96x96.jpg","contentUrl":"https:\/\/www.webdo.tn\/fr\/wp-content\/uploads\/2026\/04\/hatem-bourial_avatar-96x96.jpg","caption":"Hatem Bourial"},"description":"Hatem Bourial est journaliste, \u00e9crivain et chroniqueur tunisien. Actif depuis plusieurs d\u00e9cennies, il s\u2019est impos\u00e9 comme un observateur attentif de la soci\u00e9t\u00e9 tunisienne, m\u00ealant dans ses \u00e9crits m\u00e9moire, culture et analyse du quotidien. Auteur de nombreux ouvrages, il d\u00e9veloppe une \u0153uvre \u00e0 la crois\u00e9e du r\u00e9cit, de la po\u00e9sie et de l\u2019observation sociologique. Parall\u00e8lement \u00e0 ses contributions dans la presse, il intervient r\u00e9guli\u00e8rement \u00e0 la radio et dans des espaces culturels, o\u00f9 il explore les enjeux li\u00e9s au patrimoine, \u00e0 l\u2019identit\u00e9 et aux transformations du monde contemporain. \u00c0 travers ses chroniques, Hatem Bourial propose une lecture sensible et approfondie de l\u2019actualit\u00e9, nourrie par une exp\u00e9rience journalistique et litt\u00e9raire reconnue. \ud83d\udd17 Facebook : https:\/\/www.facebook.com\/hatem.bourial.2025","sameAs":["https:\/\/www.facebook.com\/hatem.bourial.2025","https:\/\/fr.wikipedia.org\/wiki\/Fichier:Hatem_Bourial.jpg"],"knowsAbout":["Culture & patrimoine tunisien","Chronique soci\u00e9tale","Litt\u00e9rature & m\u00e9moire","Cin\u00e9ma & critique culturelle","Identit\u00e9 & mutations sociales"],"knowsLanguage":["Arabe","Fran\u00e7ais","Anglais","Italien","Polonais"],"jobTitle":"Journaliste, \u00e9crivain et chroniqueur culturel","worksFor":"Webdo","url":"https:\/\/www.webdo.tn\/fr\/actualite\/author\/hatem-bourial-2\/"}]}},"_links":{"self":[{"href":"https:\/\/www.webdo.tn\/fr\/wp-json\/wp\/v2\/posts\/378195","targetHints":{"allow":["GET"]}}],"collection":[{"href":"https:\/\/www.webdo.tn\/fr\/wp-json\/wp\/v2\/posts"}],"about":[{"href":"https:\/\/www.webdo.tn\/fr\/wp-json\/wp\/v2\/types\/post"}],"author":[{"embeddable":true,"href":"https:\/\/www.webdo.tn\/fr\/wp-json\/wp\/v2\/users\/3229"}],"replies":[{"embeddable":true,"href":"https:\/\/www.webdo.tn\/fr\/wp-json\/wp\/v2\/comments?post=378195"}],"version-history":[{"count":0,"href":"https:\/\/www.webdo.tn\/fr\/wp-json\/wp\/v2\/posts\/378195\/revisions"}],"wp:featuredmedia":[{"embeddable":true,"href":"https:\/\/www.webdo.tn\/fr\/wp-json\/wp\/v2\/media\/378196"}],"wp:attachment":[{"href":"https:\/\/www.webdo.tn\/fr\/wp-json\/wp\/v2\/media?parent=378195"}],"wp:term":[{"taxonomy":"category","embeddable":true,"href":"https:\/\/www.webdo.tn\/fr\/wp-json\/wp\/v2\/categories?post=378195"},{"taxonomy":"post_tag","embeddable":true,"href":"https:\/\/www.webdo.tn\/fr\/wp-json\/wp\/v2\/tags?post=378195"}],"curies":[{"name":"wp","href":"https:\/\/api.w.org\/{rel}","templated":true}]}}