{"id":378188,"date":"2025-06-23T15:53:25","date_gmt":"2025-06-23T14:53:25","guid":{"rendered":"https:\/\/www.webdo.tn\/fr\/?p=378188"},"modified":"2025-06-24T08:36:15","modified_gmt":"2025-06-24T07:36:15","slug":"etats-unis-trump-dans-la-tourmente-apres-loperation-marteau-de-minuit-en-iran","status":"publish","type":"post","link":"https:\/\/www.webdo.tn\/fr\/actualite\/international\/etats-unis-trump-dans-la-tourmente-apres-loperation-marteau-de-minuit-en-iran\/378188\/","title":{"rendered":"\u00c9tats-Unis : Trump dans la tourmente apr\u00e8s l&rsquo;op\u00e9ration \u00ab\u00a0Marteau de minuit\u00a0\u00bb en Iran"},"content":{"rendered":"\n<p>L\u2019op\u00e9ration militaire am\u00e9ricaine men\u00e9e dans la nuit du 21 au 22 juin contre trois sites nucl\u00e9aires en Iran suscite un toll\u00e9 politique \u00e0 Washington. Baptis\u00e9e \u00ab\u202fMarteau de minuit\u202f\u00bb, cette offensive d\u2019envergure, d\u00e9cid\u00e9e unilat\u00e9ralement par Donald Trump, plonge la classe politique dans une crise institutionnelle aux contours explosifs. Au c\u0153ur des critiques : l\u2019absence totale de consultation du Congr\u00e8s, pourtant seule autorit\u00e9 constitutionnellement habilit\u00e9e \u00e0 autoriser une action militaire de cette ampleur.<\/p>\n\n\n\n<p>Au lendemain de l\u2019intervention, qui a mobilis\u00e9 125 avions, dont sept bombardiers furtifs B-2 Spirit, et impliqu\u00e9 le tir d\u2019une vingtaine de missiles Tomahawk depuis un sous-marin dans le golfe Persique, les premi\u00e8res r\u00e9actions n\u2019ont pas tard\u00e9. Si le pr\u00e9sident se f\u00e9licite d\u2019un \u00ab\u202fsucc\u00e8s total\u202f\u00bb, affirmant que les installations nucl\u00e9aires iraniennes \u00e0 Fordo, Natanz et Ispahan ont \u00e9t\u00e9 \u00ab\u202ftotalement d\u00e9truites\u202f\u00bb, de nombreuses voix remettent en cause tant la l\u00e9gitimit\u00e9 que l\u2019opportunit\u00e9 de cette frappe \u00e9clair.<\/p>\n\n\n\n<p>Parmi les critiques les plus virulentes, la repr\u00e9sentante d\u00e9mocrate Alexandria Ocasio-Cortez a d\u00e9nonc\u00e9 \u00ab\u202fune d\u00e9rive autoritaire du pouvoir ex\u00e9cutif\u202f\u00bb et appel\u00e9 \u00e0 ouvrir un d\u00e9bat parlementaire sur les suites \u00e0 donner \u00e0 cette action. D\u2019autres \u00e9lus, dont certains membres progressistes du Parti d\u00e9mocrate, \u00e9voquent d\u00e9j\u00e0 la possibilit\u00e9 d\u2019une proc\u00e9dure de destitution, consid\u00e9rant que Trump a viol\u00e9 la Constitution en s\u2019arrogeant seul le droit de d\u00e9clencher une op\u00e9ration militaire majeure.<\/p>\n\n\n\n<p>Dans les m\u00e9dias am\u00e9ricains, de nombreux experts soulignent \u00e9galement l\u2019absence de preuve ind\u00e9pendante permettant de confirmer les d\u00e9clarations du pr\u00e9sident sur le r\u00e9sultat de l\u2019op\u00e9ration. L\u2019incertitude qui entoure les d\u00e9g\u00e2ts inflig\u00e9s aux sites iraniens et les possibles repr\u00e9sailles de T\u00e9h\u00e9ran alimentent l\u2019inqui\u00e9tude g\u00e9n\u00e9rale.<\/p>\n\n\n\n<p>De son c\u00f4t\u00e9, Donald Trump persiste et signe : s\u2019il assure ne pas vouloir la guerre, il menace l\u2019Iran de nouvelles frappes \u00ab\u202fdepuis le territoire am\u00e9ricain\u202f\u00bb si ce dernier \u00ab\u202fne choisit pas la paix\u202f\u00bb.<\/p>\n\n\n\n<p>Alors que la campagne \u00e9lectorale pour les \u00e9lections de mi-mandat de 2026 s\u2019intensifie, cette nouvelle crise pourrait bien devenir un tournant politique majeur. L\u2019op\u00e9ration \u00ab\u202fMarteau de minuit\u202f\u00bb, loin de le consolider, pourrait acc\u00e9l\u00e9rer les divisions internes et relancer le spectre d\u2019un troisi\u00e8me impeachment.<\/p>\n\n\n\n<p><\/p>\n","protected":false},"excerpt":{"rendered":"<p>L\u2019op\u00e9ration militaire am\u00e9ricaine men\u00e9e dans la nuit du 21 au 22 juin contre trois sites nucl\u00e9aires en Iran suscite un toll\u00e9 politique \u00e0 Washington. Baptis\u00e9e \u00ab\u202fMarteau de minuit\u202f\u00bb, cette offensive d\u2019envergure, d\u00e9cid\u00e9e unilat\u00e9ralement par Donald Trump, plonge la classe politique dans une crise institutionnelle aux contours explosifs. Au c\u0153ur des critiques : l\u2019absence totale de [&hellip;]<\/p>\n","protected":false},"author":3191,"featured_media":378189,"comment_status":"open","ping_status":"open","sticky":false,"template":"","format":"standard","meta":{"footnotes":""},"categories":[2598],"tags":[2916,3035,2600,2912,2636,12006,6042],"class_list":["post-378188","post","type-post","status-publish","format-standard","has-post-thumbnail","hentry","category-international","tag-donald-trump","tag-etats-unis","tag-guerre","tag-iran","tag-israel","tag-marteau-de-minuit","tag-polemique"],"yoast_head":"<!-- This site is optimized with the Yoast SEO Premium plugin v27.4 (Yoast SEO v27.5) - https:\/\/yoast.com\/product\/yoast-seo-premium-wordpress\/ -->\n<title>\u00c9tats-Unis : Trump dans la tourmente apr\u00e8s l&#039;op\u00e9ration &quot;Marteau de minuit&quot; en Iran - webdo<\/title>\n<meta name=\"description\" content=\"Analyse des cons\u00e9quences politiques de l&#039;op\u00e9ration militaire de Trump en Iran et de la crise institutionnelle qui en r\u00e9sulte.\" \/>\n<link rel=\"canonical\" href=\"https:\/\/www.webdo.tn\/fr\/actualite\/international\/etats-unis-trump-dans-la-tourmente-apres-loperation-marteau-de-minuit-en-iran\/378188\/\" \/>\n<meta property=\"og:locale\" content=\"fr_FR\" \/>\n<meta property=\"og:type\" content=\"article\" \/>\n<meta property=\"og:title\" content=\"\u00c9tats-Unis : Trump dans la tourmente apr\u00e8s l&#039;op\u00e9ration &quot;Marteau de minuit&quot; en Iran\" \/>\n<meta property=\"og:description\" content=\"Analyse des cons\u00e9quences politiques de l&#039;op\u00e9ration militaire de Trump en Iran et de la crise institutionnelle qui en r\u00e9sulte.\" \/>\n<meta property=\"og:url\" content=\"https:\/\/www.webdo.tn\/fr\/actualite\/international\/etats-unis-trump-dans-la-tourmente-apres-loperation-marteau-de-minuit-en-iran\/378188\/\" \/>\n<meta property=\"og:site_name\" content=\"webdo\" \/>\n<meta property=\"article:publisher\" content=\"https:\/\/www.facebook.com\/webdotn\" \/>\n<meta property=\"article:published_time\" content=\"2025-06-23T14:53:25+00:00\" \/>\n<meta property=\"article:modified_time\" content=\"2025-06-24T07:36:15+00:00\" \/>\n<meta property=\"og:image\" content=\"https:\/\/www.webdo.tn\/fr\/wp-content\/uploads\/2025\/06\/Trump-2.jpg\" \/>\n\t<meta property=\"og:image:width\" content=\"800\" \/>\n\t<meta property=\"og:image:height\" content=\"450\" \/>\n\t<meta property=\"og:image:type\" content=\"image\/jpeg\" \/>\n<meta name=\"author\" content=\"Mohamed Hedi Touati\" \/>\n<meta name=\"twitter:card\" content=\"summary_large_image\" \/>\n<meta name=\"twitter:creator\" content=\"@webdo_tn\" \/>\n<meta name=\"twitter:site\" content=\"@webdo_tn\" \/>\n<meta name=\"twitter:label1\" content=\"\u00c9crit par\" \/>\n\t<meta name=\"twitter:data1\" content=\"Mohamed Hedi Touati\" \/>\n\t<meta name=\"twitter:label2\" content=\"Dur\u00e9e de lecture estim\u00e9e\" \/>\n\t<meta name=\"twitter:data2\" content=\"2 minutes\" \/>\n<script type=\"application\/ld+json\" class=\"yoast-schema-graph\">{\"@context\":\"https:\\\/\\\/schema.org\",\"@graph\":[{\"@type\":\"NewsArticle\",\"@id\":\"https:\\\/\\\/www.webdo.tn\\\/fr\\\/actualite\\\/international\\\/etats-unis-trump-dans-la-tourmente-apres-loperation-marteau-de-minuit-en-iran\\\/378188\\\/#article\",\"isPartOf\":{\"@id\":\"https:\\\/\\\/www.webdo.tn\\\/fr\\\/actualite\\\/international\\\/etats-unis-trump-dans-la-tourmente-apres-loperation-marteau-de-minuit-en-iran\\\/378188\\\/\"},\"author\":{\"name\":\"Mohamed Hedi Touati\",\"@id\":\"https:\\\/\\\/www.webdo.tn\\\/fr\\\/#\\\/schema\\\/person\\\/c652cd8fc2b1b44412b5ffb48c5a911d\"},\"headline\":\"\u00c9tats-Unis : Trump dans la tourmente apr\u00e8s l&rsquo;op\u00e9ration \u00ab\u00a0Marteau de minuit\u00a0\u00bb en Iran\",\"datePublished\":\"2025-06-23T14:53:25+00:00\",\"dateModified\":\"2025-06-24T07:36:15+00:00\",\"mainEntityOfPage\":{\"@id\":\"https:\\\/\\\/www.webdo.tn\\\/fr\\\/actualite\\\/international\\\/etats-unis-trump-dans-la-tourmente-apres-loperation-marteau-de-minuit-en-iran\\\/378188\\\/\"},\"wordCount\":411,\"commentCount\":0,\"publisher\":{\"@id\":\"https:\\\/\\\/www.webdo.tn\\\/fr\\\/#organization\"},\"image\":{\"@id\":\"https:\\\/\\\/www.webdo.tn\\\/fr\\\/actualite\\\/international\\\/etats-unis-trump-dans-la-tourmente-apres-loperation-marteau-de-minuit-en-iran\\\/378188\\\/#primaryimage\"},\"thumbnailUrl\":\"https:\\\/\\\/www.webdo.tn\\\/fr\\\/wp-content\\\/uploads\\\/2025\\\/06\\\/Trump-2.jpg\",\"keywords\":[\"Donald Trump\",\"Etats-Unis\",\"guerre\",\"Iran\",\"isra\u00ebl\",\"Marteau de minuit\",\"pol\u00e9mique\"],\"articleSection\":[\"International\"],\"inLanguage\":\"fr-FR\"},{\"@type\":\"WebPage\",\"@id\":\"https:\\\/\\\/www.webdo.tn\\\/fr\\\/actualite\\\/international\\\/etats-unis-trump-dans-la-tourmente-apres-loperation-marteau-de-minuit-en-iran\\\/378188\\\/\",\"url\":\"https:\\\/\\\/www.webdo.tn\\\/fr\\\/actualite\\\/international\\\/etats-unis-trump-dans-la-tourmente-apres-loperation-marteau-de-minuit-en-iran\\\/378188\\\/\",\"name\":\"\u00c9tats-Unis : Trump dans la tourmente apr\u00e8s l'op\u00e9ration \\\"Marteau de minuit\\\" en Iran - webdo\",\"isPartOf\":{\"@id\":\"https:\\\/\\\/www.webdo.tn\\\/fr\\\/#website\"},\"primaryImageOfPage\":{\"@id\":\"https:\\\/\\\/www.webdo.tn\\\/fr\\\/actualite\\\/international\\\/etats-unis-trump-dans-la-tourmente-apres-loperation-marteau-de-minuit-en-iran\\\/378188\\\/#primaryimage\"},\"image\":{\"@id\":\"https:\\\/\\\/www.webdo.tn\\\/fr\\\/actualite\\\/international\\\/etats-unis-trump-dans-la-tourmente-apres-loperation-marteau-de-minuit-en-iran\\\/378188\\\/#primaryimage\"},\"thumbnailUrl\":\"https:\\\/\\\/www.webdo.tn\\\/fr\\\/wp-content\\\/uploads\\\/2025\\\/06\\\/Trump-2.jpg\",\"datePublished\":\"2025-06-23T14:53:25+00:00\",\"dateModified\":\"2025-06-24T07:36:15+00:00\",\"description\":\"Analyse des cons\u00e9quences politiques de l'op\u00e9ration militaire de Trump en Iran et de la crise institutionnelle qui en r\u00e9sulte.\",\"breadcrumb\":{\"@id\":\"https:\\\/\\\/www.webdo.tn\\\/fr\\\/actualite\\\/international\\\/etats-unis-trump-dans-la-tourmente-apres-loperation-marteau-de-minuit-en-iran\\\/378188\\\/#breadcrumb\"},\"inLanguage\":\"fr-FR\",\"potentialAction\":[{\"@type\":\"ReadAction\",\"target\":[\"https:\\\/\\\/www.webdo.tn\\\/fr\\\/actualite\\\/international\\\/etats-unis-trump-dans-la-tourmente-apres-loperation-marteau-de-minuit-en-iran\\\/378188\\\/\"]}]},{\"@type\":\"ImageObject\",\"inLanguage\":\"fr-FR\",\"@id\":\"https:\\\/\\\/www.webdo.tn\\\/fr\\\/actualite\\\/international\\\/etats-unis-trump-dans-la-tourmente-apres-loperation-marteau-de-minuit-en-iran\\\/378188\\\/#primaryimage\",\"url\":\"https:\\\/\\\/www.webdo.tn\\\/fr\\\/wp-content\\\/uploads\\\/2025\\\/06\\\/Trump-2.jpg\",\"contentUrl\":\"https:\\\/\\\/www.webdo.tn\\\/fr\\\/wp-content\\\/uploads\\\/2025\\\/06\\\/Trump-2.jpg\",\"width\":800,\"height\":450,\"caption\":\"Donald Trump dans la tourmente\"},{\"@type\":\"BreadcrumbList\",\"@id\":\"https:\\\/\\\/www.webdo.tn\\\/fr\\\/actualite\\\/international\\\/etats-unis-trump-dans-la-tourmente-apres-loperation-marteau-de-minuit-en-iran\\\/378188\\\/#breadcrumb\",\"itemListElement\":[{\"@type\":\"ListItem\",\"position\":1,\"name\":\"Accueil\",\"item\":\"https:\\\/\\\/www.webdo.tn\\\/fr\\\/\"},{\"@type\":\"ListItem\",\"position\":2,\"name\":\"\u00c9tats-Unis : Trump dans la tourmente apr\u00e8s l&rsquo;op\u00e9ration \u00ab\u00a0Marteau de minuit\u00a0\u00bb en Iran\"}]},{\"@type\":\"WebSite\",\"@id\":\"https:\\\/\\\/www.webdo.tn\\\/fr\\\/#website\",\"url\":\"https:\\\/\\\/www.webdo.tn\\\/fr\\\/\",\"name\":\"webdo\",\"description\":\"Tunisie - News en Tunisie et \u00e0 l&#039;international sur Webdo.tn\",\"publisher\":{\"@id\":\"https:\\\/\\\/www.webdo.tn\\\/fr\\\/#organization\"},\"potentialAction\":[{\"@type\":\"SearchAction\",\"target\":{\"@type\":\"EntryPoint\",\"urlTemplate\":\"https:\\\/\\\/www.webdo.tn\\\/fr\\\/?s={search_term_string}\"},\"query-input\":{\"@type\":\"PropertyValueSpecification\",\"valueRequired\":true,\"valueName\":\"search_term_string\"}}],\"inLanguage\":\"fr-FR\"},{\"@type\":\"Organization\",\"@id\":\"https:\\\/\\\/www.webdo.tn\\\/fr\\\/#organization\",\"name\":\"Webdo\",\"alternateName\":\"Webdo.tn\",\"url\":\"https:\\\/\\\/www.webdo.tn\\\/fr\\\/\",\"logo\":{\"@type\":\"ImageObject\",\"inLanguage\":\"fr-FR\",\"@id\":\"https:\\\/\\\/www.webdo.tn\\\/fr\\\/#\\\/schema\\\/logo\\\/image\\\/\",\"url\":\"https:\\\/\\\/www.webdo.tn\\\/fr\\\/wp-content\\\/uploads\\\/2025\\\/06\\\/Webdo-Tunisie_168377.jpg\",\"contentUrl\":\"https:\\\/\\\/www.webdo.tn\\\/fr\\\/wp-content\\\/uploads\\\/2025\\\/06\\\/Webdo-Tunisie_168377.jpg\",\"width\":301,\"height\":301,\"caption\":\"Webdo\"},\"image\":{\"@id\":\"https:\\\/\\\/www.webdo.tn\\\/fr\\\/#\\\/schema\\\/logo\\\/image\\\/\"},\"sameAs\":[\"https:\\\/\\\/www.facebook.com\\\/webdotn\",\"https:\\\/\\\/x.com\\\/webdo_tn\"],\"description\":\"Webdo est un m\u00e9dia num\u00e9rique tunisien fond\u00e9 en 2010, sp\u00e9cialis\u00e9 dans l\u2019actualit\u00e9 nationale et internationale, l\u2019\u00e9conomie, la soci\u00e9t\u00e9 et les analyses politiques. Le site s\u2019adresse \u00e0 un large public francophone et couvre l\u2019information tunisienne en temps r\u00e9el.\",\"email\":\"redac@webdo.tn\",\"legalName\":\"YNJ SARL\",\"foundingDate\":\"2010-09-06\",\"numberOfEmployees\":{\"@type\":\"QuantitativeValue\",\"minValue\":\"11\",\"maxValue\":\"50\"}},{\"@type\":\"Person\",\"@id\":\"https:\\\/\\\/www.webdo.tn\\\/fr\\\/#\\\/schema\\\/person\\\/c652cd8fc2b1b44412b5ffb48c5a911d\",\"name\":\"Mohamed Hedi Touati\",\"image\":{\"@type\":\"ImageObject\",\"inLanguage\":\"fr-FR\",\"@id\":\"https:\\\/\\\/secure.gravatar.com\\\/avatar\\\/9cfd402c745b7a685f13eed0ea6e59d2144a3c2fc50a3db6fd5ed451f6cddf1a?s=96&d=mm&r=g\",\"url\":\"https:\\\/\\\/secure.gravatar.com\\\/avatar\\\/9cfd402c745b7a685f13eed0ea6e59d2144a3c2fc50a3db6fd5ed451f6cddf1a?s=96&d=mm&r=g\",\"contentUrl\":\"https:\\\/\\\/secure.gravatar.com\\\/avatar\\\/9cfd402c745b7a685f13eed0ea6e59d2144a3c2fc50a3db6fd5ed451f6cddf1a?s=96&d=mm&r=g\",\"caption\":\"Mohamed Hedi Touati\"},\"url\":\"https:\\\/\\\/www.webdo.tn\\\/fr\\\/actualite\\\/author\\\/mohamed-hedi-touati\\\/\"}]}<\/script>\n<!-- \/ Yoast SEO Premium plugin. -->","yoast_head_json":{"title":"\u00c9tats-Unis : Trump dans la tourmente apr\u00e8s l'op\u00e9ration \"Marteau de minuit\" en Iran - webdo","description":"Analyse des cons\u00e9quences politiques de l'op\u00e9ration militaire de Trump en Iran et de la crise institutionnelle qui en r\u00e9sulte.","canonical":"https:\/\/www.webdo.tn\/fr\/actualite\/international\/etats-unis-trump-dans-la-tourmente-apres-loperation-marteau-de-minuit-en-iran\/378188\/","og_locale":"fr_FR","og_type":"article","og_title":"\u00c9tats-Unis : Trump dans la tourmente apr\u00e8s l'op\u00e9ration \"Marteau de minuit\" en Iran","og_description":"Analyse des cons\u00e9quences politiques de l'op\u00e9ration militaire de Trump en Iran et de la crise institutionnelle qui en r\u00e9sulte.","og_url":"https:\/\/www.webdo.tn\/fr\/actualite\/international\/etats-unis-trump-dans-la-tourmente-apres-loperation-marteau-de-minuit-en-iran\/378188\/","og_site_name":"webdo","article_publisher":"https:\/\/www.facebook.com\/webdotn","article_published_time":"2025-06-23T14:53:25+00:00","article_modified_time":"2025-06-24T07:36:15+00:00","og_image":[{"width":800,"height":450,"url":"https:\/\/www.webdo.tn\/fr\/wp-content\/uploads\/2025\/06\/Trump-2.jpg","type":"image\/jpeg"}],"author":"Mohamed Hedi Touati","twitter_card":"summary_large_image","twitter_creator":"@webdo_tn","twitter_site":"@webdo_tn","twitter_misc":{"\u00c9crit par":"Mohamed Hedi Touati","Dur\u00e9e de lecture estim\u00e9e":"2 minutes"},"schema":{"@context":"https:\/\/schema.org","@graph":[{"@type":"NewsArticle","@id":"https:\/\/www.webdo.tn\/fr\/actualite\/international\/etats-unis-trump-dans-la-tourmente-apres-loperation-marteau-de-minuit-en-iran\/378188\/#article","isPartOf":{"@id":"https:\/\/www.webdo.tn\/fr\/actualite\/international\/etats-unis-trump-dans-la-tourmente-apres-loperation-marteau-de-minuit-en-iran\/378188\/"},"author":{"name":"Mohamed Hedi Touati","@id":"https:\/\/www.webdo.tn\/fr\/#\/schema\/person\/c652cd8fc2b1b44412b5ffb48c5a911d"},"headline":"\u00c9tats-Unis : Trump dans la tourmente apr\u00e8s l&rsquo;op\u00e9ration \u00ab\u00a0Marteau de minuit\u00a0\u00bb en Iran","datePublished":"2025-06-23T14:53:25+00:00","dateModified":"2025-06-24T07:36:15+00:00","mainEntityOfPage":{"@id":"https:\/\/www.webdo.tn\/fr\/actualite\/international\/etats-unis-trump-dans-la-tourmente-apres-loperation-marteau-de-minuit-en-iran\/378188\/"},"wordCount":411,"commentCount":0,"publisher":{"@id":"https:\/\/www.webdo.tn\/fr\/#organization"},"image":{"@id":"https:\/\/www.webdo.tn\/fr\/actualite\/international\/etats-unis-trump-dans-la-tourmente-apres-loperation-marteau-de-minuit-en-iran\/378188\/#primaryimage"},"thumbnailUrl":"https:\/\/www.webdo.tn\/fr\/wp-content\/uploads\/2025\/06\/Trump-2.jpg","keywords":["Donald Trump","Etats-Unis","guerre","Iran","isra\u00ebl","Marteau de minuit","pol\u00e9mique"],"articleSection":["International"],"inLanguage":"fr-FR"},{"@type":"WebPage","@id":"https:\/\/www.webdo.tn\/fr\/actualite\/international\/etats-unis-trump-dans-la-tourmente-apres-loperation-marteau-de-minuit-en-iran\/378188\/","url":"https:\/\/www.webdo.tn\/fr\/actualite\/international\/etats-unis-trump-dans-la-tourmente-apres-loperation-marteau-de-minuit-en-iran\/378188\/","name":"\u00c9tats-Unis : Trump dans la tourmente apr\u00e8s l'op\u00e9ration \"Marteau de minuit\" en Iran - webdo","isPartOf":{"@id":"https:\/\/www.webdo.tn\/fr\/#website"},"primaryImageOfPage":{"@id":"https:\/\/www.webdo.tn\/fr\/actualite\/international\/etats-unis-trump-dans-la-tourmente-apres-loperation-marteau-de-minuit-en-iran\/378188\/#primaryimage"},"image":{"@id":"https:\/\/www.webdo.tn\/fr\/actualite\/international\/etats-unis-trump-dans-la-tourmente-apres-loperation-marteau-de-minuit-en-iran\/378188\/#primaryimage"},"thumbnailUrl":"https:\/\/www.webdo.tn\/fr\/wp-content\/uploads\/2025\/06\/Trump-2.jpg","datePublished":"2025-06-23T14:53:25+00:00","dateModified":"2025-06-24T07:36:15+00:00","description":"Analyse des cons\u00e9quences politiques de l'op\u00e9ration militaire de Trump en Iran et de la crise institutionnelle qui en r\u00e9sulte.","breadcrumb":{"@id":"https:\/\/www.webdo.tn\/fr\/actualite\/international\/etats-unis-trump-dans-la-tourmente-apres-loperation-marteau-de-minuit-en-iran\/378188\/#breadcrumb"},"inLanguage":"fr-FR","potentialAction":[{"@type":"ReadAction","target":["https:\/\/www.webdo.tn\/fr\/actualite\/international\/etats-unis-trump-dans-la-tourmente-apres-loperation-marteau-de-minuit-en-iran\/378188\/"]}]},{"@type":"ImageObject","inLanguage":"fr-FR","@id":"https:\/\/www.webdo.tn\/fr\/actualite\/international\/etats-unis-trump-dans-la-tourmente-apres-loperation-marteau-de-minuit-en-iran\/378188\/#primaryimage","url":"https:\/\/www.webdo.tn\/fr\/wp-content\/uploads\/2025\/06\/Trump-2.jpg","contentUrl":"https:\/\/www.webdo.tn\/fr\/wp-content\/uploads\/2025\/06\/Trump-2.jpg","width":800,"height":450,"caption":"Donald Trump dans la tourmente"},{"@type":"BreadcrumbList","@id":"https:\/\/www.webdo.tn\/fr\/actualite\/international\/etats-unis-trump-dans-la-tourmente-apres-loperation-marteau-de-minuit-en-iran\/378188\/#breadcrumb","itemListElement":[{"@type":"ListItem","position":1,"name":"Accueil","item":"https:\/\/www.webdo.tn\/fr\/"},{"@type":"ListItem","position":2,"name":"\u00c9tats-Unis : Trump dans la tourmente apr\u00e8s l&rsquo;op\u00e9ration \u00ab\u00a0Marteau de minuit\u00a0\u00bb en Iran"}]},{"@type":"WebSite","@id":"https:\/\/www.webdo.tn\/fr\/#website","url":"https:\/\/www.webdo.tn\/fr\/","name":"webdo","description":"Tunisie - News en Tunisie et \u00e0 l&#039;international sur Webdo.tn","publisher":{"@id":"https:\/\/www.webdo.tn\/fr\/#organization"},"potentialAction":[{"@type":"SearchAction","target":{"@type":"EntryPoint","urlTemplate":"https:\/\/www.webdo.tn\/fr\/?s={search_term_string}"},"query-input":{"@type":"PropertyValueSpecification","valueRequired":true,"valueName":"search_term_string"}}],"inLanguage":"fr-FR"},{"@type":"Organization","@id":"https:\/\/www.webdo.tn\/fr\/#organization","name":"Webdo","alternateName":"Webdo.tn","url":"https:\/\/www.webdo.tn\/fr\/","logo":{"@type":"ImageObject","inLanguage":"fr-FR","@id":"https:\/\/www.webdo.tn\/fr\/#\/schema\/logo\/image\/","url":"https:\/\/www.webdo.tn\/fr\/wp-content\/uploads\/2025\/06\/Webdo-Tunisie_168377.jpg","contentUrl":"https:\/\/www.webdo.tn\/fr\/wp-content\/uploads\/2025\/06\/Webdo-Tunisie_168377.jpg","width":301,"height":301,"caption":"Webdo"},"image":{"@id":"https:\/\/www.webdo.tn\/fr\/#\/schema\/logo\/image\/"},"sameAs":["https:\/\/www.facebook.com\/webdotn","https:\/\/x.com\/webdo_tn"],"description":"Webdo est un m\u00e9dia num\u00e9rique tunisien fond\u00e9 en 2010, sp\u00e9cialis\u00e9 dans l\u2019actualit\u00e9 nationale et internationale, l\u2019\u00e9conomie, la soci\u00e9t\u00e9 et les analyses politiques. Le site s\u2019adresse \u00e0 un large public francophone et couvre l\u2019information tunisienne en temps r\u00e9el.","email":"redac@webdo.tn","legalName":"YNJ SARL","foundingDate":"2010-09-06","numberOfEmployees":{"@type":"QuantitativeValue","minValue":"11","maxValue":"50"}},{"@type":"Person","@id":"https:\/\/www.webdo.tn\/fr\/#\/schema\/person\/c652cd8fc2b1b44412b5ffb48c5a911d","name":"Mohamed Hedi Touati","image":{"@type":"ImageObject","inLanguage":"fr-FR","@id":"https:\/\/secure.gravatar.com\/avatar\/9cfd402c745b7a685f13eed0ea6e59d2144a3c2fc50a3db6fd5ed451f6cddf1a?s=96&d=mm&r=g","url":"https:\/\/secure.gravatar.com\/avatar\/9cfd402c745b7a685f13eed0ea6e59d2144a3c2fc50a3db6fd5ed451f6cddf1a?s=96&d=mm&r=g","contentUrl":"https:\/\/secure.gravatar.com\/avatar\/9cfd402c745b7a685f13eed0ea6e59d2144a3c2fc50a3db6fd5ed451f6cddf1a?s=96&d=mm&r=g","caption":"Mohamed Hedi Touati"},"url":"https:\/\/www.webdo.tn\/fr\/actualite\/author\/mohamed-hedi-touati\/"}]}},"_links":{"self":[{"href":"https:\/\/www.webdo.tn\/fr\/wp-json\/wp\/v2\/posts\/378188","targetHints":{"allow":["GET"]}}],"collection":[{"href":"https:\/\/www.webdo.tn\/fr\/wp-json\/wp\/v2\/posts"}],"about":[{"href":"https:\/\/www.webdo.tn\/fr\/wp-json\/wp\/v2\/types\/post"}],"author":[{"embeddable":true,"href":"https:\/\/www.webdo.tn\/fr\/wp-json\/wp\/v2\/users\/3191"}],"replies":[{"embeddable":true,"href":"https:\/\/www.webdo.tn\/fr\/wp-json\/wp\/v2\/comments?post=378188"}],"version-history":[{"count":0,"href":"https:\/\/www.webdo.tn\/fr\/wp-json\/wp\/v2\/posts\/378188\/revisions"}],"wp:featuredmedia":[{"embeddable":true,"href":"https:\/\/www.webdo.tn\/fr\/wp-json\/wp\/v2\/media\/378189"}],"wp:attachment":[{"href":"https:\/\/www.webdo.tn\/fr\/wp-json\/wp\/v2\/media?parent=378188"}],"wp:term":[{"taxonomy":"category","embeddable":true,"href":"https:\/\/www.webdo.tn\/fr\/wp-json\/wp\/v2\/categories?post=378188"},{"taxonomy":"post_tag","embeddable":true,"href":"https:\/\/www.webdo.tn\/fr\/wp-json\/wp\/v2\/tags?post=378188"}],"curies":[{"name":"wp","href":"https:\/\/api.w.org\/{rel}","templated":true}]}}