{"id":378176,"date":"2025-06-23T13:38:55","date_gmt":"2025-06-23T12:38:55","guid":{"rendered":"https:\/\/www.webdo.tn\/fr\/?p=378176"},"modified":"2025-06-24T08:37:10","modified_gmt":"2025-06-24T07:37:10","slug":"renforcement-des-radars-et-des-cameras-en-tunisie-de-nouveaux-details-reveles","status":"publish","type":"post","link":"https:\/\/www.webdo.tn\/fr\/actualite\/national\/renforcement-des-radars-et-des-cameras-en-tunisie-de-nouveaux-details-reveles\/378176\/","title":{"rendered":"Renforcement des radars et des cam\u00e9ras en Tunisie : De nouveaux d\u00e9tails r\u00e9v\u00e9l\u00e9s"},"content":{"rendered":"\n<p><strong>La Tunisie passe-t-elle \u00e0 la vitesse sup\u00e9rieure en mati\u00e8re de s\u00e9curit\u00e9 routi\u00e8re ? Dans une r\u00e9cente d\u00e9claration, Aymen Ben Brahim, chef de la r\u00e9gion Nord-Est \u00e0 l\u2019Observatoire national de la s\u00e9curit\u00e9 routi\u00e8re, a r\u00e9v\u00e9l\u00e9 qu\u2019une nouvelle strat\u00e9gie est en cours pour \u00e9tendre significativement le nombre de radars et de cam\u00e9ras de surveillance sur tout le territoire. L\u2019objectif : lutter contre les exc\u00e8s de vitesse, principal facteur de mortalit\u00e9 sur les routes tunisiennes.<\/strong><\/p>\n\n\n\n<p>S&rsquo;exprimant sur les ondes de Mosaique FM, il a annonc\u00e9 une augmentation massive : de 20 \u00e0 pr\u00e8s de 90 radars \u00e0 l\u2019\u00e9chelle nationale. Ce plan ambitieux vise \u00e0 couvrir un maximum de zones dangereuses, appel\u00e9es \u00ab\u00a0points noirs\u00a0\u00bb, identifi\u00e9es en fonction des statistiques de sinistralit\u00e9. \u00c0 Tunis, la capitale ne sera pas en reste : jusqu\u2019\u00e0 sept nouveaux radars seront install\u00e9s dans les prochains mois, marquant une intensification sans pr\u00e9c\u00e9dent des contr\u00f4les automatis\u00e9s.<\/p>\n\n\n\n<p>Des emplacements cibl\u00e9s pour un maximum d\u2019impact. Les autorit\u00e9s comptent privil\u00e9gier les zones \u00e0 risque, telles que l\u2019entr\u00e9e sud de la ville, la route rapide ouest ou encore certains grands axes urbains. Des \u00e9tudes seront men\u00e9es pour identifier les lieux exacts o\u00f9 les radars seront les plus efficaces, notamment en analysant les taux de mortalit\u00e9 li\u00e9s \u00e0 la vitesse excessive.<\/p>\n\n\n\n<p> En plus des radars automatiques, des cam\u00e9ras intelligentes seront d\u00e9ploy\u00e9es, notamment aux abords des ronds-points. Leur mission : d\u00e9tecter automatiquement les infractions comme le non-port de la ceinture de s\u00e9curit\u00e9 ou l\u2019usage du t\u00e9l\u00e9phone au volant, deux comportements dangereux encore trop fr\u00e9quents sur les routes tunisiennes.<\/p>\n\n\n\n<p>Une strat\u00e9gie dissuasive avant tout. Selon Aymen Ben Brahim, il ne s&rsquo;agit pas d&rsquo;une politique punitive, mais bien d\u2019un outil de pr\u00e9vention et de dissuasion. \u00ab\u00a0Notre objectif est de sauver des vies, pas de verbaliser \u00e0 tout prix\u00a0\u00bb, a-t-il pr\u00e9cis\u00e9, en insistant sur le fait que la vitesse reste le facteur pr\u00e9dominant dans les accidents mortels.<\/p>\n\n\n\n<p>Cette g\u00e9n\u00e9ralisation des radars s\u2019inscrit dans une d\u00e9marche plus large de sensibilisation \u00e0 la s\u00e9curit\u00e9 routi\u00e8re. L\u2019\u00c9tat veut d\u00e9sormais associer technologie, analyse des donn\u00e9es et p\u00e9dagogie pour faire \u00e9voluer les comportements des conducteurs tunisiens.<\/p>\n\n\n\n<p><\/p>\n","protected":false},"excerpt":{"rendered":"<p>La Tunisie passe-t-elle \u00e0 la vitesse sup\u00e9rieure en mati\u00e8re de s\u00e9curit\u00e9 routi\u00e8re ? Dans une r\u00e9cente d\u00e9claration, Aymen Ben Brahim, chef de la r\u00e9gion Nord-Est \u00e0 l\u2019Observatoire national de la s\u00e9curit\u00e9 routi\u00e8re, a r\u00e9v\u00e9l\u00e9 qu\u2019une nouvelle strat\u00e9gie est en cours pour \u00e9tendre significativement le nombre de radars et de cam\u00e9ras de surveillance sur tout le [&hellip;]<\/p>\n","protected":false},"author":3184,"featured_media":378177,"comment_status":"open","ping_status":"open","sticky":false,"template":"","format":"standard","meta":{"footnotes":""},"categories":[44],"tags":[12003,12002,5199,2608],"class_list":["post-378176","post","type-post","status-publish","format-standard","has-post-thumbnail","hentry","category-national","tag-camera","tag-radar","tag-securite-routiere","tag-tunisie"],"yoast_head":"<!-- This site is optimized with the Yoast SEO Premium plugin v27.5 (Yoast SEO v27.5) - https:\/\/yoast.com\/product\/yoast-seo-premium-wordpress\/ -->\n<title>Renforcement des radars et des cam\u00e9ras en Tunisie : De nouveaux d\u00e9tails r\u00e9v\u00e9l\u00e9s - webdo<\/title>\n<meta name=\"description\" content=\"D\u00e9couvrez comment les radars cam\u00e9ras vont transformer la s\u00e9curit\u00e9 routi\u00e8re en Tunisie pour r\u00e9duire les exc\u00e8s de vitesse.\" \/>\n<link rel=\"canonical\" href=\"https:\/\/www.webdo.tn\/fr\/actualite\/national\/renforcement-des-radars-et-des-cameras-en-tunisie-de-nouveaux-details-reveles\/378176\/\" \/>\n<meta property=\"og:locale\" content=\"fr_FR\" \/>\n<meta property=\"og:type\" content=\"article\" \/>\n<meta property=\"og:title\" content=\"Renforcement des radars et des cam\u00e9ras en Tunisie : De nouveaux d\u00e9tails r\u00e9v\u00e9l\u00e9s\" \/>\n<meta property=\"og:description\" content=\"D\u00e9couvrez comment les radars cam\u00e9ras vont transformer la s\u00e9curit\u00e9 routi\u00e8re en Tunisie pour r\u00e9duire les exc\u00e8s de vitesse.\" \/>\n<meta property=\"og:url\" content=\"https:\/\/www.webdo.tn\/fr\/actualite\/national\/renforcement-des-radars-et-des-cameras-en-tunisie-de-nouveaux-details-reveles\/378176\/\" \/>\n<meta property=\"og:site_name\" content=\"webdo\" \/>\n<meta property=\"article:publisher\" content=\"https:\/\/www.facebook.com\/webdotn\" \/>\n<meta property=\"article:published_time\" content=\"2025-06-23T12:38:55+00:00\" \/>\n<meta property=\"article:modified_time\" content=\"2025-06-24T07:37:10+00:00\" \/>\n<meta property=\"og:image\" content=\"https:\/\/www.webdo.tn\/fr\/wp-content\/uploads\/2025\/06\/radar-route-Tunisie.jpg\" \/>\n\t<meta property=\"og:image:width\" content=\"750\" \/>\n\t<meta property=\"og:image:height\" content=\"375\" \/>\n\t<meta property=\"og:image:type\" content=\"image\/jpeg\" \/>\n<meta name=\"author\" content=\"Wided Belhaj\" \/>\n<meta name=\"twitter:card\" content=\"summary_large_image\" \/>\n<meta name=\"twitter:creator\" content=\"@webdo_tn\" \/>\n<meta name=\"twitter:site\" content=\"@webdo_tn\" \/>\n<meta name=\"twitter:label1\" content=\"\u00c9crit par\" \/>\n\t<meta name=\"twitter:data1\" content=\"Wided Belhaj\" \/>\n\t<meta name=\"twitter:label2\" content=\"Dur\u00e9e de lecture estim\u00e9e\" \/>\n\t<meta name=\"twitter:data2\" content=\"2 minutes\" \/>\n<script type=\"application\/ld+json\" class=\"yoast-schema-graph\">{\"@context\":\"https:\\\/\\\/schema.org\",\"@graph\":[{\"@type\":\"NewsArticle\",\"@id\":\"https:\\\/\\\/www.webdo.tn\\\/fr\\\/actualite\\\/national\\\/renforcement-des-radars-et-des-cameras-en-tunisie-de-nouveaux-details-reveles\\\/378176\\\/#article\",\"isPartOf\":{\"@id\":\"https:\\\/\\\/www.webdo.tn\\\/fr\\\/actualite\\\/national\\\/renforcement-des-radars-et-des-cameras-en-tunisie-de-nouveaux-details-reveles\\\/378176\\\/\"},\"author\":{\"name\":\"Wided Belhaj\",\"@id\":\"https:\\\/\\\/www.webdo.tn\\\/fr\\\/#\\\/schema\\\/person\\\/b9ecde7a5574cb4fcf4b496ea5fadb15\"},\"headline\":\"Renforcement des radars et des cam\u00e9ras en Tunisie : De nouveaux d\u00e9tails r\u00e9v\u00e9l\u00e9s\",\"datePublished\":\"2025-06-23T12:38:55+00:00\",\"dateModified\":\"2025-06-24T07:37:10+00:00\",\"mainEntityOfPage\":{\"@id\":\"https:\\\/\\\/www.webdo.tn\\\/fr\\\/actualite\\\/national\\\/renforcement-des-radars-et-des-cameras-en-tunisie-de-nouveaux-details-reveles\\\/378176\\\/\"},\"wordCount\":402,\"commentCount\":0,\"publisher\":{\"@id\":\"https:\\\/\\\/www.webdo.tn\\\/fr\\\/#organization\"},\"image\":{\"@id\":\"https:\\\/\\\/www.webdo.tn\\\/fr\\\/actualite\\\/national\\\/renforcement-des-radars-et-des-cameras-en-tunisie-de-nouveaux-details-reveles\\\/378176\\\/#primaryimage\"},\"thumbnailUrl\":\"https:\\\/\\\/www.webdo.tn\\\/fr\\\/wp-content\\\/uploads\\\/2025\\\/06\\\/radar-route-Tunisie.jpg\",\"keywords\":[\"cam\u00e9ra\",\"Radar\",\"S\u00e9curit\u00e9 routi\u00e8re\",\"Tunisie\"],\"articleSection\":[\"National\"],\"inLanguage\":\"fr-FR\"},{\"@type\":\"WebPage\",\"@id\":\"https:\\\/\\\/www.webdo.tn\\\/fr\\\/actualite\\\/national\\\/renforcement-des-radars-et-des-cameras-en-tunisie-de-nouveaux-details-reveles\\\/378176\\\/\",\"url\":\"https:\\\/\\\/www.webdo.tn\\\/fr\\\/actualite\\\/national\\\/renforcement-des-radars-et-des-cameras-en-tunisie-de-nouveaux-details-reveles\\\/378176\\\/\",\"name\":\"Renforcement des radars et des cam\u00e9ras en Tunisie : De nouveaux d\u00e9tails r\u00e9v\u00e9l\u00e9s - webdo\",\"isPartOf\":{\"@id\":\"https:\\\/\\\/www.webdo.tn\\\/fr\\\/#website\"},\"primaryImageOfPage\":{\"@id\":\"https:\\\/\\\/www.webdo.tn\\\/fr\\\/actualite\\\/national\\\/renforcement-des-radars-et-des-cameras-en-tunisie-de-nouveaux-details-reveles\\\/378176\\\/#primaryimage\"},\"image\":{\"@id\":\"https:\\\/\\\/www.webdo.tn\\\/fr\\\/actualite\\\/national\\\/renforcement-des-radars-et-des-cameras-en-tunisie-de-nouveaux-details-reveles\\\/378176\\\/#primaryimage\"},\"thumbnailUrl\":\"https:\\\/\\\/www.webdo.tn\\\/fr\\\/wp-content\\\/uploads\\\/2025\\\/06\\\/radar-route-Tunisie.jpg\",\"datePublished\":\"2025-06-23T12:38:55+00:00\",\"dateModified\":\"2025-06-24T07:37:10+00:00\",\"description\":\"D\u00e9couvrez comment les radars cam\u00e9ras vont transformer la s\u00e9curit\u00e9 routi\u00e8re en Tunisie pour r\u00e9duire les exc\u00e8s de vitesse.\",\"breadcrumb\":{\"@id\":\"https:\\\/\\\/www.webdo.tn\\\/fr\\\/actualite\\\/national\\\/renforcement-des-radars-et-des-cameras-en-tunisie-de-nouveaux-details-reveles\\\/378176\\\/#breadcrumb\"},\"inLanguage\":\"fr-FR\",\"potentialAction\":[{\"@type\":\"ReadAction\",\"target\":[\"https:\\\/\\\/www.webdo.tn\\\/fr\\\/actualite\\\/national\\\/renforcement-des-radars-et-des-cameras-en-tunisie-de-nouveaux-details-reveles\\\/378176\\\/\"]}]},{\"@type\":\"ImageObject\",\"inLanguage\":\"fr-FR\",\"@id\":\"https:\\\/\\\/www.webdo.tn\\\/fr\\\/actualite\\\/national\\\/renforcement-des-radars-et-des-cameras-en-tunisie-de-nouveaux-details-reveles\\\/378176\\\/#primaryimage\",\"url\":\"https:\\\/\\\/www.webdo.tn\\\/fr\\\/wp-content\\\/uploads\\\/2025\\\/06\\\/radar-route-Tunisie.jpg\",\"contentUrl\":\"https:\\\/\\\/www.webdo.tn\\\/fr\\\/wp-content\\\/uploads\\\/2025\\\/06\\\/radar-route-Tunisie.jpg\",\"width\":750,\"height\":375,\"caption\":\"Radar Tunisie\"},{\"@type\":\"BreadcrumbList\",\"@id\":\"https:\\\/\\\/www.webdo.tn\\\/fr\\\/actualite\\\/national\\\/renforcement-des-radars-et-des-cameras-en-tunisie-de-nouveaux-details-reveles\\\/378176\\\/#breadcrumb\",\"itemListElement\":[{\"@type\":\"ListItem\",\"position\":1,\"name\":\"Accueil\",\"item\":\"https:\\\/\\\/www.webdo.tn\\\/fr\\\/\"},{\"@type\":\"ListItem\",\"position\":2,\"name\":\"Renforcement des radars et des cam\u00e9ras en Tunisie : De nouveaux d\u00e9tails r\u00e9v\u00e9l\u00e9s\"}]},{\"@type\":\"WebSite\",\"@id\":\"https:\\\/\\\/www.webdo.tn\\\/fr\\\/#website\",\"url\":\"https:\\\/\\\/www.webdo.tn\\\/fr\\\/\",\"name\":\"webdo\",\"description\":\"Tunisie - News en Tunisie et \u00e0 l&#039;international sur Webdo.tn\",\"publisher\":{\"@id\":\"https:\\\/\\\/www.webdo.tn\\\/fr\\\/#organization\"},\"potentialAction\":[{\"@type\":\"SearchAction\",\"target\":{\"@type\":\"EntryPoint\",\"urlTemplate\":\"https:\\\/\\\/www.webdo.tn\\\/fr\\\/?s={search_term_string}\"},\"query-input\":{\"@type\":\"PropertyValueSpecification\",\"valueRequired\":true,\"valueName\":\"search_term_string\"}}],\"inLanguage\":\"fr-FR\"},{\"@type\":\"Organization\",\"@id\":\"https:\\\/\\\/www.webdo.tn\\\/fr\\\/#organization\",\"name\":\"Webdo\",\"alternateName\":\"Webdo.tn\",\"url\":\"https:\\\/\\\/www.webdo.tn\\\/fr\\\/\",\"logo\":{\"@type\":\"ImageObject\",\"inLanguage\":\"fr-FR\",\"@id\":\"https:\\\/\\\/www.webdo.tn\\\/fr\\\/#\\\/schema\\\/logo\\\/image\\\/\",\"url\":\"https:\\\/\\\/www.webdo.tn\\\/fr\\\/wp-content\\\/uploads\\\/2025\\\/06\\\/Webdo-Tunisie_168377.jpg\",\"contentUrl\":\"https:\\\/\\\/www.webdo.tn\\\/fr\\\/wp-content\\\/uploads\\\/2025\\\/06\\\/Webdo-Tunisie_168377.jpg\",\"width\":301,\"height\":301,\"caption\":\"Webdo\"},\"image\":{\"@id\":\"https:\\\/\\\/www.webdo.tn\\\/fr\\\/#\\\/schema\\\/logo\\\/image\\\/\"},\"sameAs\":[\"https:\\\/\\\/www.facebook.com\\\/webdotn\",\"https:\\\/\\\/x.com\\\/webdo_tn\"],\"description\":\"Webdo est un m\u00e9dia num\u00e9rique tunisien fond\u00e9 en 2010, sp\u00e9cialis\u00e9 dans l\u2019actualit\u00e9 nationale et internationale, l\u2019\u00e9conomie, la soci\u00e9t\u00e9 et les analyses politiques. Le site s\u2019adresse \u00e0 un large public francophone et couvre l\u2019information tunisienne en temps r\u00e9el.\",\"email\":\"redac@webdo.tn\",\"legalName\":\"YNJ SARL\",\"foundingDate\":\"2010-09-06\",\"numberOfEmployees\":{\"@type\":\"QuantitativeValue\",\"minValue\":\"11\",\"maxValue\":\"50\"}},{\"@type\":\"Person\",\"@id\":\"https:\\\/\\\/www.webdo.tn\\\/fr\\\/#\\\/schema\\\/person\\\/b9ecde7a5574cb4fcf4b496ea5fadb15\",\"name\":\"Wided Belhaj\",\"image\":{\"@type\":\"ImageObject\",\"inLanguage\":\"fr-FR\",\"@id\":\"https:\\\/\\\/www.webdo.tn\\\/fr\\\/wp-content\\\/uploads\\\/2026\\\/04\\\/wided-belhaj_avatar-96x96.jpg\",\"url\":\"https:\\\/\\\/www.webdo.tn\\\/fr\\\/wp-content\\\/uploads\\\/2026\\\/04\\\/wided-belhaj_avatar-96x96.jpg\",\"contentUrl\":\"https:\\\/\\\/www.webdo.tn\\\/fr\\\/wp-content\\\/uploads\\\/2026\\\/04\\\/wided-belhaj_avatar-96x96.jpg\",\"caption\":\"Wided Belhaj\"},\"description\":\"Wided Belhaj est le pseudonyme \u00e9ditorial utilis\u00e9 par Khalil Jelassi, journaliste, ma\u00eetre-assistant \u00e0 l\u2019Institut de presse et des sciences de l\u2019information (IPSI) et chercheur en sciences de l\u2019information et de la communication. Cette signature est d\u00e9di\u00e9e \u00e0 l\u2019analyse des m\u00e9dias, des pratiques journalistiques et des mutations de l\u2019information \u00e0 l\u2019\u00e8re digitale. \u00c0 travers ses contributions, Wided Belhaj propose une lecture analytique de l\u2019actualit\u00e9, en croisant regard critique et expertise acad\u00e9mique.\",\"knowsAbout\":[\"m\u00e9dias\",\"journalisme\",\"communication\",\"information\",\"transformation num\u00e9rique\",\"analyse des m\u00e9dias\"],\"knowsLanguage\":[\"Fran\u00e7ais\",\"Arabe\"],\"jobTitle\":\"Webdo.tn\",\"worksFor\":\"Journaliste \u2013 Analyse des m\u00e9dias\",\"url\":\"https:\\\/\\\/www.webdo.tn\\\/fr\\\/actualite\\\/author\\\/wided-belhaj\\\/\"}]}<\/script>\n<!-- \/ Yoast SEO Premium plugin. -->","yoast_head_json":{"title":"Renforcement des radars et des cam\u00e9ras en Tunisie : De nouveaux d\u00e9tails r\u00e9v\u00e9l\u00e9s - webdo","description":"D\u00e9couvrez comment les radars cam\u00e9ras vont transformer la s\u00e9curit\u00e9 routi\u00e8re en Tunisie pour r\u00e9duire les exc\u00e8s de vitesse.","canonical":"https:\/\/www.webdo.tn\/fr\/actualite\/national\/renforcement-des-radars-et-des-cameras-en-tunisie-de-nouveaux-details-reveles\/378176\/","og_locale":"fr_FR","og_type":"article","og_title":"Renforcement des radars et des cam\u00e9ras en Tunisie : De nouveaux d\u00e9tails r\u00e9v\u00e9l\u00e9s","og_description":"D\u00e9couvrez comment les radars cam\u00e9ras vont transformer la s\u00e9curit\u00e9 routi\u00e8re en Tunisie pour r\u00e9duire les exc\u00e8s de vitesse.","og_url":"https:\/\/www.webdo.tn\/fr\/actualite\/national\/renforcement-des-radars-et-des-cameras-en-tunisie-de-nouveaux-details-reveles\/378176\/","og_site_name":"webdo","article_publisher":"https:\/\/www.facebook.com\/webdotn","article_published_time":"2025-06-23T12:38:55+00:00","article_modified_time":"2025-06-24T07:37:10+00:00","og_image":[{"width":750,"height":375,"url":"https:\/\/www.webdo.tn\/fr\/wp-content\/uploads\/2025\/06\/radar-route-Tunisie.jpg","type":"image\/jpeg"}],"author":"Wided Belhaj","twitter_card":"summary_large_image","twitter_creator":"@webdo_tn","twitter_site":"@webdo_tn","twitter_misc":{"\u00c9crit par":"Wided Belhaj","Dur\u00e9e de lecture estim\u00e9e":"2 minutes"},"schema":{"@context":"https:\/\/schema.org","@graph":[{"@type":"NewsArticle","@id":"https:\/\/www.webdo.tn\/fr\/actualite\/national\/renforcement-des-radars-et-des-cameras-en-tunisie-de-nouveaux-details-reveles\/378176\/#article","isPartOf":{"@id":"https:\/\/www.webdo.tn\/fr\/actualite\/national\/renforcement-des-radars-et-des-cameras-en-tunisie-de-nouveaux-details-reveles\/378176\/"},"author":{"name":"Wided Belhaj","@id":"https:\/\/www.webdo.tn\/fr\/#\/schema\/person\/b9ecde7a5574cb4fcf4b496ea5fadb15"},"headline":"Renforcement des radars et des cam\u00e9ras en Tunisie : De nouveaux d\u00e9tails r\u00e9v\u00e9l\u00e9s","datePublished":"2025-06-23T12:38:55+00:00","dateModified":"2025-06-24T07:37:10+00:00","mainEntityOfPage":{"@id":"https:\/\/www.webdo.tn\/fr\/actualite\/national\/renforcement-des-radars-et-des-cameras-en-tunisie-de-nouveaux-details-reveles\/378176\/"},"wordCount":402,"commentCount":0,"publisher":{"@id":"https:\/\/www.webdo.tn\/fr\/#organization"},"image":{"@id":"https:\/\/www.webdo.tn\/fr\/actualite\/national\/renforcement-des-radars-et-des-cameras-en-tunisie-de-nouveaux-details-reveles\/378176\/#primaryimage"},"thumbnailUrl":"https:\/\/www.webdo.tn\/fr\/wp-content\/uploads\/2025\/06\/radar-route-Tunisie.jpg","keywords":["cam\u00e9ra","Radar","S\u00e9curit\u00e9 routi\u00e8re","Tunisie"],"articleSection":["National"],"inLanguage":"fr-FR"},{"@type":"WebPage","@id":"https:\/\/www.webdo.tn\/fr\/actualite\/national\/renforcement-des-radars-et-des-cameras-en-tunisie-de-nouveaux-details-reveles\/378176\/","url":"https:\/\/www.webdo.tn\/fr\/actualite\/national\/renforcement-des-radars-et-des-cameras-en-tunisie-de-nouveaux-details-reveles\/378176\/","name":"Renforcement des radars et des cam\u00e9ras en Tunisie : De nouveaux d\u00e9tails r\u00e9v\u00e9l\u00e9s - webdo","isPartOf":{"@id":"https:\/\/www.webdo.tn\/fr\/#website"},"primaryImageOfPage":{"@id":"https:\/\/www.webdo.tn\/fr\/actualite\/national\/renforcement-des-radars-et-des-cameras-en-tunisie-de-nouveaux-details-reveles\/378176\/#primaryimage"},"image":{"@id":"https:\/\/www.webdo.tn\/fr\/actualite\/national\/renforcement-des-radars-et-des-cameras-en-tunisie-de-nouveaux-details-reveles\/378176\/#primaryimage"},"thumbnailUrl":"https:\/\/www.webdo.tn\/fr\/wp-content\/uploads\/2025\/06\/radar-route-Tunisie.jpg","datePublished":"2025-06-23T12:38:55+00:00","dateModified":"2025-06-24T07:37:10+00:00","description":"D\u00e9couvrez comment les radars cam\u00e9ras vont transformer la s\u00e9curit\u00e9 routi\u00e8re en Tunisie pour r\u00e9duire les exc\u00e8s de vitesse.","breadcrumb":{"@id":"https:\/\/www.webdo.tn\/fr\/actualite\/national\/renforcement-des-radars-et-des-cameras-en-tunisie-de-nouveaux-details-reveles\/378176\/#breadcrumb"},"inLanguage":"fr-FR","potentialAction":[{"@type":"ReadAction","target":["https:\/\/www.webdo.tn\/fr\/actualite\/national\/renforcement-des-radars-et-des-cameras-en-tunisie-de-nouveaux-details-reveles\/378176\/"]}]},{"@type":"ImageObject","inLanguage":"fr-FR","@id":"https:\/\/www.webdo.tn\/fr\/actualite\/national\/renforcement-des-radars-et-des-cameras-en-tunisie-de-nouveaux-details-reveles\/378176\/#primaryimage","url":"https:\/\/www.webdo.tn\/fr\/wp-content\/uploads\/2025\/06\/radar-route-Tunisie.jpg","contentUrl":"https:\/\/www.webdo.tn\/fr\/wp-content\/uploads\/2025\/06\/radar-route-Tunisie.jpg","width":750,"height":375,"caption":"Radar Tunisie"},{"@type":"BreadcrumbList","@id":"https:\/\/www.webdo.tn\/fr\/actualite\/national\/renforcement-des-radars-et-des-cameras-en-tunisie-de-nouveaux-details-reveles\/378176\/#breadcrumb","itemListElement":[{"@type":"ListItem","position":1,"name":"Accueil","item":"https:\/\/www.webdo.tn\/fr\/"},{"@type":"ListItem","position":2,"name":"Renforcement des radars et des cam\u00e9ras en Tunisie : De nouveaux d\u00e9tails r\u00e9v\u00e9l\u00e9s"}]},{"@type":"WebSite","@id":"https:\/\/www.webdo.tn\/fr\/#website","url":"https:\/\/www.webdo.tn\/fr\/","name":"webdo","description":"Tunisie - News en Tunisie et \u00e0 l&#039;international sur Webdo.tn","publisher":{"@id":"https:\/\/www.webdo.tn\/fr\/#organization"},"potentialAction":[{"@type":"SearchAction","target":{"@type":"EntryPoint","urlTemplate":"https:\/\/www.webdo.tn\/fr\/?s={search_term_string}"},"query-input":{"@type":"PropertyValueSpecification","valueRequired":true,"valueName":"search_term_string"}}],"inLanguage":"fr-FR"},{"@type":"Organization","@id":"https:\/\/www.webdo.tn\/fr\/#organization","name":"Webdo","alternateName":"Webdo.tn","url":"https:\/\/www.webdo.tn\/fr\/","logo":{"@type":"ImageObject","inLanguage":"fr-FR","@id":"https:\/\/www.webdo.tn\/fr\/#\/schema\/logo\/image\/","url":"https:\/\/www.webdo.tn\/fr\/wp-content\/uploads\/2025\/06\/Webdo-Tunisie_168377.jpg","contentUrl":"https:\/\/www.webdo.tn\/fr\/wp-content\/uploads\/2025\/06\/Webdo-Tunisie_168377.jpg","width":301,"height":301,"caption":"Webdo"},"image":{"@id":"https:\/\/www.webdo.tn\/fr\/#\/schema\/logo\/image\/"},"sameAs":["https:\/\/www.facebook.com\/webdotn","https:\/\/x.com\/webdo_tn"],"description":"Webdo est un m\u00e9dia num\u00e9rique tunisien fond\u00e9 en 2010, sp\u00e9cialis\u00e9 dans l\u2019actualit\u00e9 nationale et internationale, l\u2019\u00e9conomie, la soci\u00e9t\u00e9 et les analyses politiques. Le site s\u2019adresse \u00e0 un large public francophone et couvre l\u2019information tunisienne en temps r\u00e9el.","email":"redac@webdo.tn","legalName":"YNJ SARL","foundingDate":"2010-09-06","numberOfEmployees":{"@type":"QuantitativeValue","minValue":"11","maxValue":"50"}},{"@type":"Person","@id":"https:\/\/www.webdo.tn\/fr\/#\/schema\/person\/b9ecde7a5574cb4fcf4b496ea5fadb15","name":"Wided Belhaj","image":{"@type":"ImageObject","inLanguage":"fr-FR","@id":"https:\/\/www.webdo.tn\/fr\/wp-content\/uploads\/2026\/04\/wided-belhaj_avatar-96x96.jpg","url":"https:\/\/www.webdo.tn\/fr\/wp-content\/uploads\/2026\/04\/wided-belhaj_avatar-96x96.jpg","contentUrl":"https:\/\/www.webdo.tn\/fr\/wp-content\/uploads\/2026\/04\/wided-belhaj_avatar-96x96.jpg","caption":"Wided Belhaj"},"description":"Wided Belhaj est le pseudonyme \u00e9ditorial utilis\u00e9 par Khalil Jelassi, journaliste, ma\u00eetre-assistant \u00e0 l\u2019Institut de presse et des sciences de l\u2019information (IPSI) et chercheur en sciences de l\u2019information et de la communication. Cette signature est d\u00e9di\u00e9e \u00e0 l\u2019analyse des m\u00e9dias, des pratiques journalistiques et des mutations de l\u2019information \u00e0 l\u2019\u00e8re digitale. \u00c0 travers ses contributions, Wided Belhaj propose une lecture analytique de l\u2019actualit\u00e9, en croisant regard critique et expertise acad\u00e9mique.","knowsAbout":["m\u00e9dias","journalisme","communication","information","transformation num\u00e9rique","analyse des m\u00e9dias"],"knowsLanguage":["Fran\u00e7ais","Arabe"],"jobTitle":"Webdo.tn","worksFor":"Journaliste \u2013 Analyse des m\u00e9dias","url":"https:\/\/www.webdo.tn\/fr\/actualite\/author\/wided-belhaj\/"}]}},"_links":{"self":[{"href":"https:\/\/www.webdo.tn\/fr\/wp-json\/wp\/v2\/posts\/378176","targetHints":{"allow":["GET"]}}],"collection":[{"href":"https:\/\/www.webdo.tn\/fr\/wp-json\/wp\/v2\/posts"}],"about":[{"href":"https:\/\/www.webdo.tn\/fr\/wp-json\/wp\/v2\/types\/post"}],"author":[{"embeddable":true,"href":"https:\/\/www.webdo.tn\/fr\/wp-json\/wp\/v2\/users\/3184"}],"replies":[{"embeddable":true,"href":"https:\/\/www.webdo.tn\/fr\/wp-json\/wp\/v2\/comments?post=378176"}],"version-history":[{"count":0,"href":"https:\/\/www.webdo.tn\/fr\/wp-json\/wp\/v2\/posts\/378176\/revisions"}],"wp:featuredmedia":[{"embeddable":true,"href":"https:\/\/www.webdo.tn\/fr\/wp-json\/wp\/v2\/media\/378177"}],"wp:attachment":[{"href":"https:\/\/www.webdo.tn\/fr\/wp-json\/wp\/v2\/media?parent=378176"}],"wp:term":[{"taxonomy":"category","embeddable":true,"href":"https:\/\/www.webdo.tn\/fr\/wp-json\/wp\/v2\/categories?post=378176"},{"taxonomy":"post_tag","embeddable":true,"href":"https:\/\/www.webdo.tn\/fr\/wp-json\/wp\/v2\/tags?post=378176"}],"curies":[{"name":"wp","href":"https:\/\/api.w.org\/{rel}","templated":true}]}}