{"id":378158,"date":"2025-06-23T11:50:52","date_gmt":"2025-06-23T10:50:52","guid":{"rendered":"https:\/\/www.webdo.tn\/fr\/?p=378158"},"modified":"2025-06-23T14:01:14","modified_gmt":"2025-06-23T13:01:14","slug":"athletisme-rihab-dhahri-triomphe-a-varsovie-et-confirme-son-statut-sur-3000-m-steeple","status":"publish","type":"post","link":"https:\/\/www.webdo.tn\/fr\/actualite\/sport\/athletisme-rihab-dhahri-triomphe-a-varsovie-et-confirme-son-statut-sur-3000-m-steeple\/378158\/","title":{"rendered":"Athl\u00e9tisme\u00a0: Rihab Dhahri triomphe \u00e0 Varsovie et confirme son statut sur 3000 m steeple"},"content":{"rendered":"\n<p>Nouvelle performance de haut niveau pour l\u2019athl\u00e8te tunisienne Rihab Dhahri, qui a remport\u00e9, hier \u00e0 Varsovie, la m\u00e9daille d\u2019or du 3000 m\u00e8tres steeple lors du World Athletics Continental Tour &#8211; Bronze. Elle s\u2019est impos\u00e9e avec un temps de 9 minutes 42 secondes et 42 centi\u00e8mes, devan\u00e7ant la Polonaise Anieszka Korzyba (9:43.92) et la Su\u00e9doise Linn S\u00f6derholm (9:55.72).<\/p>\n\n\n\n<p>Ce succ\u00e8s vient confirmer la dynamique positive de Dhahri sur la sc\u00e8ne internationale. Le 9 juin dernier, elle avait battu son record personnel lors de l\u2019\u00e9tape \u00ab Gold \u00bb du meeting de Hengelo aux Pays-Bas, en signant un excellent chrono de 9:35.55. Une performance qui l&rsquo;avait d\u00e9j\u00e0 plac\u00e9e parmi les meilleures sp\u00e9cialistes de la discipline cette saison.<\/p>\n\n\n\n<p>A quelques semaines des grandes comp\u00e9titions estivales, cette victoire \u00e0 Varsovie renforce les ambitions de Rihab Dhahri, qui continue de porter haut les couleurs de la Tunisie dans les \u00e9preuves de fond. Elle s\u2019affirme ainsi comme l\u2019une des valeurs s\u00fbres de l\u2019athl\u00e9tisme tunisien et une pr\u00e9tendante s\u00e9rieuse pour les prochaines \u00e9ch\u00e9ances continentales et mondiales.<\/p>\n","protected":false},"excerpt":{"rendered":"<p>Nouvelle performance de haut niveau pour l\u2019athl\u00e8te tunisienne Rihab Dhahri, qui a remport\u00e9, hier \u00e0 Varsovie, la m\u00e9daille d\u2019or du 3000 m\u00e8tres steeple lors du World Athletics Continental Tour &#8211; Bronze. Elle s\u2019est impos\u00e9e avec un temps de 9 minutes 42 secondes et 42 centi\u00e8mes, devan\u00e7ant la Polonaise Anieszka Korzyba (9:43.92) et la Su\u00e9doise Linn [&hellip;]<\/p>\n","protected":false},"author":3191,"featured_media":378159,"comment_status":"open","ping_status":"open","sticky":false,"template":"","format":"standard","meta":{"footnotes":""},"categories":[2593],"tags":[8051,5728,5540,11998,11999],"class_list":["post-378158","post","type-post","status-publish","format-standard","has-post-thumbnail","hentry","category-sport","tag-3000-m-steeple","tag-athletisme","tag-medaille-dor","tag-rihab-dhahri","tag-varsovie"],"yoast_head":"<!-- This site is optimized with the Yoast SEO Premium plugin v27.4 (Yoast SEO v27.5) - https:\/\/yoast.com\/product\/yoast-seo-premium-wordpress\/ -->\n<title>Athl\u00e9tisme\u00a0: Rihab Dhahri triomphe \u00e0 Varsovie et confirme son statut sur 3000 m steeple - webdo<\/title>\n<meta name=\"description\" content=\"Rihab Dhahri a remport\u00e9 la m\u00e9daille d&#039;or au 3000 m\u00e8tres steeple \u00e0 Varsovie. D\u00e9couvrez sa performance exceptionnelle.\" \/>\n<link rel=\"canonical\" href=\"https:\/\/www.webdo.tn\/fr\/actualite\/sport\/athletisme-rihab-dhahri-triomphe-a-varsovie-et-confirme-son-statut-sur-3000-m-steeple\/378158\/\" \/>\n<meta property=\"og:locale\" content=\"fr_FR\" \/>\n<meta property=\"og:type\" content=\"article\" \/>\n<meta property=\"og:title\" content=\"Athl\u00e9tisme\u00a0: Rihab Dhahri triomphe \u00e0 Varsovie et confirme son statut sur 3000 m steeple\" \/>\n<meta property=\"og:description\" content=\"Rihab Dhahri a remport\u00e9 la m\u00e9daille d&#039;or au 3000 m\u00e8tres steeple \u00e0 Varsovie. D\u00e9couvrez sa performance exceptionnelle.\" \/>\n<meta property=\"og:url\" content=\"https:\/\/www.webdo.tn\/fr\/actualite\/sport\/athletisme-rihab-dhahri-triomphe-a-varsovie-et-confirme-son-statut-sur-3000-m-steeple\/378158\/\" \/>\n<meta property=\"og:site_name\" content=\"webdo\" \/>\n<meta property=\"article:publisher\" content=\"https:\/\/www.facebook.com\/webdotn\" \/>\n<meta property=\"article:published_time\" content=\"2025-06-23T10:50:52+00:00\" \/>\n<meta property=\"article:modified_time\" content=\"2025-06-23T13:01:14+00:00\" \/>\n<meta property=\"og:image\" content=\"https:\/\/www.webdo.tn\/fr\/wp-content\/uploads\/2025\/06\/Rihab-Dhahri.jpg\" \/>\n\t<meta property=\"og:image:width\" content=\"1372\" \/>\n\t<meta property=\"og:image:height\" content=\"820\" \/>\n\t<meta property=\"og:image:type\" content=\"image\/jpeg\" \/>\n<meta name=\"author\" content=\"Mohamed Hedi Touati\" \/>\n<meta name=\"twitter:card\" content=\"summary_large_image\" \/>\n<meta name=\"twitter:creator\" content=\"@webdo_tn\" \/>\n<meta name=\"twitter:site\" content=\"@webdo_tn\" \/>\n<meta name=\"twitter:label1\" content=\"\u00c9crit par\" \/>\n\t<meta name=\"twitter:data1\" content=\"Mohamed Hedi Touati\" \/>\n\t<meta name=\"twitter:label2\" content=\"Dur\u00e9e de lecture estim\u00e9e\" \/>\n\t<meta name=\"twitter:data2\" content=\"2 minutes\" \/>\n<script type=\"application\/ld+json\" class=\"yoast-schema-graph\">{\"@context\":\"https:\\\/\\\/schema.org\",\"@graph\":[{\"@type\":\"NewsArticle\",\"@id\":\"https:\\\/\\\/www.webdo.tn\\\/fr\\\/actualite\\\/sport\\\/athletisme-rihab-dhahri-triomphe-a-varsovie-et-confirme-son-statut-sur-3000-m-steeple\\\/378158\\\/#article\",\"isPartOf\":{\"@id\":\"https:\\\/\\\/www.webdo.tn\\\/fr\\\/actualite\\\/sport\\\/athletisme-rihab-dhahri-triomphe-a-varsovie-et-confirme-son-statut-sur-3000-m-steeple\\\/378158\\\/\"},\"author\":{\"name\":\"Mohamed Hedi Touati\",\"@id\":\"https:\\\/\\\/www.webdo.tn\\\/fr\\\/#\\\/schema\\\/person\\\/c652cd8fc2b1b44412b5ffb48c5a911d\"},\"headline\":\"Athl\u00e9tisme\u00a0: Rihab Dhahri triomphe \u00e0 Varsovie et confirme son statut sur 3000 m steeple\",\"datePublished\":\"2025-06-23T10:50:52+00:00\",\"dateModified\":\"2025-06-23T13:01:14+00:00\",\"mainEntityOfPage\":{\"@id\":\"https:\\\/\\\/www.webdo.tn\\\/fr\\\/actualite\\\/sport\\\/athletisme-rihab-dhahri-triomphe-a-varsovie-et-confirme-son-statut-sur-3000-m-steeple\\\/378158\\\/\"},\"wordCount\":196,\"commentCount\":0,\"publisher\":{\"@id\":\"https:\\\/\\\/www.webdo.tn\\\/fr\\\/#organization\"},\"image\":{\"@id\":\"https:\\\/\\\/www.webdo.tn\\\/fr\\\/actualite\\\/sport\\\/athletisme-rihab-dhahri-triomphe-a-varsovie-et-confirme-son-statut-sur-3000-m-steeple\\\/378158\\\/#primaryimage\"},\"thumbnailUrl\":\"https:\\\/\\\/www.webdo.tn\\\/fr\\\/wp-content\\\/uploads\\\/2025\\\/06\\\/Rihab-Dhahri.jpg\",\"keywords\":[\"3000 m steeple\",\"athl\u00e9tisme\",\"m\u00e9daille d'or\",\"Rihab Dhahri\",\"Varsovie\"],\"articleSection\":[\"Sport\"],\"inLanguage\":\"fr-FR\"},{\"@type\":\"WebPage\",\"@id\":\"https:\\\/\\\/www.webdo.tn\\\/fr\\\/actualite\\\/sport\\\/athletisme-rihab-dhahri-triomphe-a-varsovie-et-confirme-son-statut-sur-3000-m-steeple\\\/378158\\\/\",\"url\":\"https:\\\/\\\/www.webdo.tn\\\/fr\\\/actualite\\\/sport\\\/athletisme-rihab-dhahri-triomphe-a-varsovie-et-confirme-son-statut-sur-3000-m-steeple\\\/378158\\\/\",\"name\":\"Athl\u00e9tisme\u00a0: Rihab Dhahri triomphe \u00e0 Varsovie et confirme son statut sur 3000 m steeple - webdo\",\"isPartOf\":{\"@id\":\"https:\\\/\\\/www.webdo.tn\\\/fr\\\/#website\"},\"primaryImageOfPage\":{\"@id\":\"https:\\\/\\\/www.webdo.tn\\\/fr\\\/actualite\\\/sport\\\/athletisme-rihab-dhahri-triomphe-a-varsovie-et-confirme-son-statut-sur-3000-m-steeple\\\/378158\\\/#primaryimage\"},\"image\":{\"@id\":\"https:\\\/\\\/www.webdo.tn\\\/fr\\\/actualite\\\/sport\\\/athletisme-rihab-dhahri-triomphe-a-varsovie-et-confirme-son-statut-sur-3000-m-steeple\\\/378158\\\/#primaryimage\"},\"thumbnailUrl\":\"https:\\\/\\\/www.webdo.tn\\\/fr\\\/wp-content\\\/uploads\\\/2025\\\/06\\\/Rihab-Dhahri.jpg\",\"datePublished\":\"2025-06-23T10:50:52+00:00\",\"dateModified\":\"2025-06-23T13:01:14+00:00\",\"description\":\"Rihab Dhahri a remport\u00e9 la m\u00e9daille d'or au 3000 m\u00e8tres steeple \u00e0 Varsovie. D\u00e9couvrez sa performance exceptionnelle.\",\"breadcrumb\":{\"@id\":\"https:\\\/\\\/www.webdo.tn\\\/fr\\\/actualite\\\/sport\\\/athletisme-rihab-dhahri-triomphe-a-varsovie-et-confirme-son-statut-sur-3000-m-steeple\\\/378158\\\/#breadcrumb\"},\"inLanguage\":\"fr-FR\",\"potentialAction\":[{\"@type\":\"ReadAction\",\"target\":[\"https:\\\/\\\/www.webdo.tn\\\/fr\\\/actualite\\\/sport\\\/athletisme-rihab-dhahri-triomphe-a-varsovie-et-confirme-son-statut-sur-3000-m-steeple\\\/378158\\\/\"]}]},{\"@type\":\"ImageObject\",\"inLanguage\":\"fr-FR\",\"@id\":\"https:\\\/\\\/www.webdo.tn\\\/fr\\\/actualite\\\/sport\\\/athletisme-rihab-dhahri-triomphe-a-varsovie-et-confirme-son-statut-sur-3000-m-steeple\\\/378158\\\/#primaryimage\",\"url\":\"https:\\\/\\\/www.webdo.tn\\\/fr\\\/wp-content\\\/uploads\\\/2025\\\/06\\\/Rihab-Dhahri.jpg\",\"contentUrl\":\"https:\\\/\\\/www.webdo.tn\\\/fr\\\/wp-content\\\/uploads\\\/2025\\\/06\\\/Rihab-Dhahri.jpg\",\"width\":1372,\"height\":820,\"caption\":\"Rihab Dhahri m\u00e9daill\u00e9e d'or \u00e0 Varsovie\"},{\"@type\":\"BreadcrumbList\",\"@id\":\"https:\\\/\\\/www.webdo.tn\\\/fr\\\/actualite\\\/sport\\\/athletisme-rihab-dhahri-triomphe-a-varsovie-et-confirme-son-statut-sur-3000-m-steeple\\\/378158\\\/#breadcrumb\",\"itemListElement\":[{\"@type\":\"ListItem\",\"position\":1,\"name\":\"Accueil\",\"item\":\"https:\\\/\\\/www.webdo.tn\\\/fr\\\/\"},{\"@type\":\"ListItem\",\"position\":2,\"name\":\"Athl\u00e9tisme\u00a0: Rihab Dhahri triomphe \u00e0 Varsovie et confirme son statut sur 3000 m steeple\"}]},{\"@type\":\"WebSite\",\"@id\":\"https:\\\/\\\/www.webdo.tn\\\/fr\\\/#website\",\"url\":\"https:\\\/\\\/www.webdo.tn\\\/fr\\\/\",\"name\":\"webdo\",\"description\":\"Tunisie - News en Tunisie et \u00e0 l&#039;international sur Webdo.tn\",\"publisher\":{\"@id\":\"https:\\\/\\\/www.webdo.tn\\\/fr\\\/#organization\"},\"potentialAction\":[{\"@type\":\"SearchAction\",\"target\":{\"@type\":\"EntryPoint\",\"urlTemplate\":\"https:\\\/\\\/www.webdo.tn\\\/fr\\\/?s={search_term_string}\"},\"query-input\":{\"@type\":\"PropertyValueSpecification\",\"valueRequired\":true,\"valueName\":\"search_term_string\"}}],\"inLanguage\":\"fr-FR\"},{\"@type\":\"Organization\",\"@id\":\"https:\\\/\\\/www.webdo.tn\\\/fr\\\/#organization\",\"name\":\"Webdo\",\"alternateName\":\"Webdo.tn\",\"url\":\"https:\\\/\\\/www.webdo.tn\\\/fr\\\/\",\"logo\":{\"@type\":\"ImageObject\",\"inLanguage\":\"fr-FR\",\"@id\":\"https:\\\/\\\/www.webdo.tn\\\/fr\\\/#\\\/schema\\\/logo\\\/image\\\/\",\"url\":\"https:\\\/\\\/www.webdo.tn\\\/fr\\\/wp-content\\\/uploads\\\/2025\\\/06\\\/Webdo-Tunisie_168377.jpg\",\"contentUrl\":\"https:\\\/\\\/www.webdo.tn\\\/fr\\\/wp-content\\\/uploads\\\/2025\\\/06\\\/Webdo-Tunisie_168377.jpg\",\"width\":301,\"height\":301,\"caption\":\"Webdo\"},\"image\":{\"@id\":\"https:\\\/\\\/www.webdo.tn\\\/fr\\\/#\\\/schema\\\/logo\\\/image\\\/\"},\"sameAs\":[\"https:\\\/\\\/www.facebook.com\\\/webdotn\",\"https:\\\/\\\/x.com\\\/webdo_tn\"],\"description\":\"Webdo est un m\u00e9dia num\u00e9rique tunisien fond\u00e9 en 2010, sp\u00e9cialis\u00e9 dans l\u2019actualit\u00e9 nationale et internationale, l\u2019\u00e9conomie, la soci\u00e9t\u00e9 et les analyses politiques. Le site s\u2019adresse \u00e0 un large public francophone et couvre l\u2019information tunisienne en temps r\u00e9el.\",\"email\":\"redac@webdo.tn\",\"legalName\":\"YNJ SARL\",\"foundingDate\":\"2010-09-06\",\"numberOfEmployees\":{\"@type\":\"QuantitativeValue\",\"minValue\":\"11\",\"maxValue\":\"50\"}},{\"@type\":\"Person\",\"@id\":\"https:\\\/\\\/www.webdo.tn\\\/fr\\\/#\\\/schema\\\/person\\\/c652cd8fc2b1b44412b5ffb48c5a911d\",\"name\":\"Mohamed Hedi Touati\",\"image\":{\"@type\":\"ImageObject\",\"inLanguage\":\"fr-FR\",\"@id\":\"https:\\\/\\\/secure.gravatar.com\\\/avatar\\\/9cfd402c745b7a685f13eed0ea6e59d2144a3c2fc50a3db6fd5ed451f6cddf1a?s=96&d=mm&r=g\",\"url\":\"https:\\\/\\\/secure.gravatar.com\\\/avatar\\\/9cfd402c745b7a685f13eed0ea6e59d2144a3c2fc50a3db6fd5ed451f6cddf1a?s=96&d=mm&r=g\",\"contentUrl\":\"https:\\\/\\\/secure.gravatar.com\\\/avatar\\\/9cfd402c745b7a685f13eed0ea6e59d2144a3c2fc50a3db6fd5ed451f6cddf1a?s=96&d=mm&r=g\",\"caption\":\"Mohamed Hedi Touati\"},\"url\":\"https:\\\/\\\/www.webdo.tn\\\/fr\\\/actualite\\\/author\\\/mohamed-hedi-touati\\\/\"}]}<\/script>\n<!-- \/ Yoast SEO Premium plugin. -->","yoast_head_json":{"title":"Athl\u00e9tisme\u00a0: Rihab Dhahri triomphe \u00e0 Varsovie et confirme son statut sur 3000 m steeple - webdo","description":"Rihab Dhahri a remport\u00e9 la m\u00e9daille d'or au 3000 m\u00e8tres steeple \u00e0 Varsovie. D\u00e9couvrez sa performance exceptionnelle.","canonical":"https:\/\/www.webdo.tn\/fr\/actualite\/sport\/athletisme-rihab-dhahri-triomphe-a-varsovie-et-confirme-son-statut-sur-3000-m-steeple\/378158\/","og_locale":"fr_FR","og_type":"article","og_title":"Athl\u00e9tisme\u00a0: Rihab Dhahri triomphe \u00e0 Varsovie et confirme son statut sur 3000 m steeple","og_description":"Rihab Dhahri a remport\u00e9 la m\u00e9daille d'or au 3000 m\u00e8tres steeple \u00e0 Varsovie. D\u00e9couvrez sa performance exceptionnelle.","og_url":"https:\/\/www.webdo.tn\/fr\/actualite\/sport\/athletisme-rihab-dhahri-triomphe-a-varsovie-et-confirme-son-statut-sur-3000-m-steeple\/378158\/","og_site_name":"webdo","article_publisher":"https:\/\/www.facebook.com\/webdotn","article_published_time":"2025-06-23T10:50:52+00:00","article_modified_time":"2025-06-23T13:01:14+00:00","og_image":[{"width":1372,"height":820,"url":"https:\/\/www.webdo.tn\/fr\/wp-content\/uploads\/2025\/06\/Rihab-Dhahri.jpg","type":"image\/jpeg"}],"author":"Mohamed Hedi Touati","twitter_card":"summary_large_image","twitter_creator":"@webdo_tn","twitter_site":"@webdo_tn","twitter_misc":{"\u00c9crit par":"Mohamed Hedi Touati","Dur\u00e9e de lecture estim\u00e9e":"2 minutes"},"schema":{"@context":"https:\/\/schema.org","@graph":[{"@type":"NewsArticle","@id":"https:\/\/www.webdo.tn\/fr\/actualite\/sport\/athletisme-rihab-dhahri-triomphe-a-varsovie-et-confirme-son-statut-sur-3000-m-steeple\/378158\/#article","isPartOf":{"@id":"https:\/\/www.webdo.tn\/fr\/actualite\/sport\/athletisme-rihab-dhahri-triomphe-a-varsovie-et-confirme-son-statut-sur-3000-m-steeple\/378158\/"},"author":{"name":"Mohamed Hedi Touati","@id":"https:\/\/www.webdo.tn\/fr\/#\/schema\/person\/c652cd8fc2b1b44412b5ffb48c5a911d"},"headline":"Athl\u00e9tisme\u00a0: Rihab Dhahri triomphe \u00e0 Varsovie et confirme son statut sur 3000 m steeple","datePublished":"2025-06-23T10:50:52+00:00","dateModified":"2025-06-23T13:01:14+00:00","mainEntityOfPage":{"@id":"https:\/\/www.webdo.tn\/fr\/actualite\/sport\/athletisme-rihab-dhahri-triomphe-a-varsovie-et-confirme-son-statut-sur-3000-m-steeple\/378158\/"},"wordCount":196,"commentCount":0,"publisher":{"@id":"https:\/\/www.webdo.tn\/fr\/#organization"},"image":{"@id":"https:\/\/www.webdo.tn\/fr\/actualite\/sport\/athletisme-rihab-dhahri-triomphe-a-varsovie-et-confirme-son-statut-sur-3000-m-steeple\/378158\/#primaryimage"},"thumbnailUrl":"https:\/\/www.webdo.tn\/fr\/wp-content\/uploads\/2025\/06\/Rihab-Dhahri.jpg","keywords":["3000 m steeple","athl\u00e9tisme","m\u00e9daille d'or","Rihab Dhahri","Varsovie"],"articleSection":["Sport"],"inLanguage":"fr-FR"},{"@type":"WebPage","@id":"https:\/\/www.webdo.tn\/fr\/actualite\/sport\/athletisme-rihab-dhahri-triomphe-a-varsovie-et-confirme-son-statut-sur-3000-m-steeple\/378158\/","url":"https:\/\/www.webdo.tn\/fr\/actualite\/sport\/athletisme-rihab-dhahri-triomphe-a-varsovie-et-confirme-son-statut-sur-3000-m-steeple\/378158\/","name":"Athl\u00e9tisme\u00a0: Rihab Dhahri triomphe \u00e0 Varsovie et confirme son statut sur 3000 m steeple - webdo","isPartOf":{"@id":"https:\/\/www.webdo.tn\/fr\/#website"},"primaryImageOfPage":{"@id":"https:\/\/www.webdo.tn\/fr\/actualite\/sport\/athletisme-rihab-dhahri-triomphe-a-varsovie-et-confirme-son-statut-sur-3000-m-steeple\/378158\/#primaryimage"},"image":{"@id":"https:\/\/www.webdo.tn\/fr\/actualite\/sport\/athletisme-rihab-dhahri-triomphe-a-varsovie-et-confirme-son-statut-sur-3000-m-steeple\/378158\/#primaryimage"},"thumbnailUrl":"https:\/\/www.webdo.tn\/fr\/wp-content\/uploads\/2025\/06\/Rihab-Dhahri.jpg","datePublished":"2025-06-23T10:50:52+00:00","dateModified":"2025-06-23T13:01:14+00:00","description":"Rihab Dhahri a remport\u00e9 la m\u00e9daille d'or au 3000 m\u00e8tres steeple \u00e0 Varsovie. D\u00e9couvrez sa performance exceptionnelle.","breadcrumb":{"@id":"https:\/\/www.webdo.tn\/fr\/actualite\/sport\/athletisme-rihab-dhahri-triomphe-a-varsovie-et-confirme-son-statut-sur-3000-m-steeple\/378158\/#breadcrumb"},"inLanguage":"fr-FR","potentialAction":[{"@type":"ReadAction","target":["https:\/\/www.webdo.tn\/fr\/actualite\/sport\/athletisme-rihab-dhahri-triomphe-a-varsovie-et-confirme-son-statut-sur-3000-m-steeple\/378158\/"]}]},{"@type":"ImageObject","inLanguage":"fr-FR","@id":"https:\/\/www.webdo.tn\/fr\/actualite\/sport\/athletisme-rihab-dhahri-triomphe-a-varsovie-et-confirme-son-statut-sur-3000-m-steeple\/378158\/#primaryimage","url":"https:\/\/www.webdo.tn\/fr\/wp-content\/uploads\/2025\/06\/Rihab-Dhahri.jpg","contentUrl":"https:\/\/www.webdo.tn\/fr\/wp-content\/uploads\/2025\/06\/Rihab-Dhahri.jpg","width":1372,"height":820,"caption":"Rihab Dhahri m\u00e9daill\u00e9e d'or \u00e0 Varsovie"},{"@type":"BreadcrumbList","@id":"https:\/\/www.webdo.tn\/fr\/actualite\/sport\/athletisme-rihab-dhahri-triomphe-a-varsovie-et-confirme-son-statut-sur-3000-m-steeple\/378158\/#breadcrumb","itemListElement":[{"@type":"ListItem","position":1,"name":"Accueil","item":"https:\/\/www.webdo.tn\/fr\/"},{"@type":"ListItem","position":2,"name":"Athl\u00e9tisme\u00a0: Rihab Dhahri triomphe \u00e0 Varsovie et confirme son statut sur 3000 m steeple"}]},{"@type":"WebSite","@id":"https:\/\/www.webdo.tn\/fr\/#website","url":"https:\/\/www.webdo.tn\/fr\/","name":"webdo","description":"Tunisie - News en Tunisie et \u00e0 l&#039;international sur Webdo.tn","publisher":{"@id":"https:\/\/www.webdo.tn\/fr\/#organization"},"potentialAction":[{"@type":"SearchAction","target":{"@type":"EntryPoint","urlTemplate":"https:\/\/www.webdo.tn\/fr\/?s={search_term_string}"},"query-input":{"@type":"PropertyValueSpecification","valueRequired":true,"valueName":"search_term_string"}}],"inLanguage":"fr-FR"},{"@type":"Organization","@id":"https:\/\/www.webdo.tn\/fr\/#organization","name":"Webdo","alternateName":"Webdo.tn","url":"https:\/\/www.webdo.tn\/fr\/","logo":{"@type":"ImageObject","inLanguage":"fr-FR","@id":"https:\/\/www.webdo.tn\/fr\/#\/schema\/logo\/image\/","url":"https:\/\/www.webdo.tn\/fr\/wp-content\/uploads\/2025\/06\/Webdo-Tunisie_168377.jpg","contentUrl":"https:\/\/www.webdo.tn\/fr\/wp-content\/uploads\/2025\/06\/Webdo-Tunisie_168377.jpg","width":301,"height":301,"caption":"Webdo"},"image":{"@id":"https:\/\/www.webdo.tn\/fr\/#\/schema\/logo\/image\/"},"sameAs":["https:\/\/www.facebook.com\/webdotn","https:\/\/x.com\/webdo_tn"],"description":"Webdo est un m\u00e9dia num\u00e9rique tunisien fond\u00e9 en 2010, sp\u00e9cialis\u00e9 dans l\u2019actualit\u00e9 nationale et internationale, l\u2019\u00e9conomie, la soci\u00e9t\u00e9 et les analyses politiques. Le site s\u2019adresse \u00e0 un large public francophone et couvre l\u2019information tunisienne en temps r\u00e9el.","email":"redac@webdo.tn","legalName":"YNJ SARL","foundingDate":"2010-09-06","numberOfEmployees":{"@type":"QuantitativeValue","minValue":"11","maxValue":"50"}},{"@type":"Person","@id":"https:\/\/www.webdo.tn\/fr\/#\/schema\/person\/c652cd8fc2b1b44412b5ffb48c5a911d","name":"Mohamed Hedi Touati","image":{"@type":"ImageObject","inLanguage":"fr-FR","@id":"https:\/\/secure.gravatar.com\/avatar\/9cfd402c745b7a685f13eed0ea6e59d2144a3c2fc50a3db6fd5ed451f6cddf1a?s=96&d=mm&r=g","url":"https:\/\/secure.gravatar.com\/avatar\/9cfd402c745b7a685f13eed0ea6e59d2144a3c2fc50a3db6fd5ed451f6cddf1a?s=96&d=mm&r=g","contentUrl":"https:\/\/secure.gravatar.com\/avatar\/9cfd402c745b7a685f13eed0ea6e59d2144a3c2fc50a3db6fd5ed451f6cddf1a?s=96&d=mm&r=g","caption":"Mohamed Hedi Touati"},"url":"https:\/\/www.webdo.tn\/fr\/actualite\/author\/mohamed-hedi-touati\/"}]}},"_links":{"self":[{"href":"https:\/\/www.webdo.tn\/fr\/wp-json\/wp\/v2\/posts\/378158","targetHints":{"allow":["GET"]}}],"collection":[{"href":"https:\/\/www.webdo.tn\/fr\/wp-json\/wp\/v2\/posts"}],"about":[{"href":"https:\/\/www.webdo.tn\/fr\/wp-json\/wp\/v2\/types\/post"}],"author":[{"embeddable":true,"href":"https:\/\/www.webdo.tn\/fr\/wp-json\/wp\/v2\/users\/3191"}],"replies":[{"embeddable":true,"href":"https:\/\/www.webdo.tn\/fr\/wp-json\/wp\/v2\/comments?post=378158"}],"version-history":[{"count":0,"href":"https:\/\/www.webdo.tn\/fr\/wp-json\/wp\/v2\/posts\/378158\/revisions"}],"wp:featuredmedia":[{"embeddable":true,"href":"https:\/\/www.webdo.tn\/fr\/wp-json\/wp\/v2\/media\/378159"}],"wp:attachment":[{"href":"https:\/\/www.webdo.tn\/fr\/wp-json\/wp\/v2\/media?parent=378158"}],"wp:term":[{"taxonomy":"category","embeddable":true,"href":"https:\/\/www.webdo.tn\/fr\/wp-json\/wp\/v2\/categories?post=378158"},{"taxonomy":"post_tag","embeddable":true,"href":"https:\/\/www.webdo.tn\/fr\/wp-json\/wp\/v2\/tags?post=378158"}],"curies":[{"name":"wp","href":"https:\/\/api.w.org\/{rel}","templated":true}]}}