{"id":378154,"date":"2025-06-23T11:05:37","date_gmt":"2025-06-23T10:05:37","guid":{"rendered":"https:\/\/www.webdo.tn\/fr\/?p=378154"},"modified":"2025-06-23T13:46:45","modified_gmt":"2025-06-23T12:46:45","slug":"ons-jabeur-grimpe-au-classement-wta-et-entame-sa-campagne-a-eastbourne","status":"publish","type":"post","link":"https:\/\/www.webdo.tn\/fr\/actualite\/sport\/ons-jabeur-grimpe-au-classement-wta-et-entame-sa-campagne-a-eastbourne\/378154\/","title":{"rendered":"Ons Jabeur grimpe au classement WTA et entame sa campagne \u00e0 Eastbourne"},"content":{"rendered":"\n<p><strong>La joueuse tunisienne Ons Jabeur amorce une nouvelle semaine sur le circuit WTA avec des signaux encourageants.<\/strong><\/p>\n\n\n\n<p>Ce lundi 23 juin 2025, elle a gagn\u00e9 deux rangs au classement mondial pour se hisser \u00e0 la 59e position, avec un total de 1 022 points. Une progression modeste mais significative alors qu\u2019elle s\u2019appr\u00eate \u00e0 disputer le tournoi d\u2019Eastbourne en Angleterre.<\/p>\n\n\n\n<p>Ce tournoi, disput\u00e9 sur gazon, constitue la derni\u00e8re grande r\u00e9p\u00e9tition avant Wimbledon. Pour son entr\u00e9e en lice, pr\u00e9vue \u00e0 partir de 16h00 (heure tunisienne), Jabeur affrontera l\u2019Australienne Maya Joint, class\u00e9e 51e mondiale. Il s\u2019agit de leur premi\u00e8re confrontation sur le circuit. Une rencontre qui s\u2019annonce int\u00e9ressante entre deux joueuses \u00e0 la recherche de rep\u00e8res sur cette surface rapide, exigeante physiquement et tactiquement.<\/p>\n\n\n\n<p>Eastbourne a souvent r\u00e9ussi \u00e0 Ons Jabeur par le pass\u00e9. Ce retour sur gazon pourrait marquer un tournant apr\u00e8s une premi\u00e8re moiti\u00e9 de saison en demi-teinte pour la Tunisienne, autrefois membre du Top 10 mondial.<\/p>\n\n\n\n<p>Le Top 10 WTA est actuellement domin\u00e9 par la B\u00e9larusse Aryna Sabalenka (11 640 points), suivie de l\u2019Am\u00e9ricaine Coco Gauff (7 899 pts) et de sa compatriote Jessica Pegula (6 048 pts). Jabeur, quant \u00e0 elle, continue de se battre pour retrouver son meilleur niveau et ambitionne une mont\u00e9e progressive dans le classement \u00e0 l\u2019approche des grandes \u00e9ch\u00e9ances estivales.<\/p>\n","protected":false},"excerpt":{"rendered":"<p>La joueuse tunisienne Ons Jabeur amorce une nouvelle semaine sur le circuit WTA avec des signaux encourageants. Ce lundi 23 juin 2025, elle a gagn\u00e9 deux rangs au classement mondial pour se hisser \u00e0 la 59e position, avec un total de 1 022 points. Une progression modeste mais significative alors qu\u2019elle s\u2019appr\u00eate \u00e0 disputer le [&hellip;]<\/p>\n","protected":false},"author":3191,"featured_media":378155,"comment_status":"open","ping_status":"open","sticky":false,"template":"","format":"standard","meta":{"footnotes":""},"categories":[2593],"tags":[2663,8256,11997,2604,2605],"class_list":["post-378154","post","type-post","status-publish","format-standard","has-post-thumbnail","hentry","category-sport","tag-classement-wta","tag-eastbourne","tag-gazon","tag-ons-jabeur","tag-tennis"],"yoast_head":"<!-- This site is optimized with the Yoast SEO Premium plugin v27.4 (Yoast SEO v27.5) - https:\/\/yoast.com\/product\/yoast-seo-premium-wordpress\/ -->\n<title>Ons Jabeur grimpe au classement WTA et entame sa campagne \u00e0 Eastbourne - webdo<\/title>\n<meta name=\"description\" content=\"Ons Jabeur, maintenant 59e au classement WTA, affronte Maya Joint \u00e0 Eastbourne. Un match prometteur sur gazon.\" \/>\n<link rel=\"canonical\" href=\"https:\/\/www.webdo.tn\/fr\/actualite\/sport\/ons-jabeur-grimpe-au-classement-wta-et-entame-sa-campagne-a-eastbourne\/378154\/\" \/>\n<meta property=\"og:locale\" content=\"fr_FR\" \/>\n<meta property=\"og:type\" content=\"article\" \/>\n<meta property=\"og:title\" content=\"Ons Jabeur grimpe au classement WTA et entame sa campagne \u00e0 Eastbourne\" \/>\n<meta property=\"og:description\" content=\"Ons Jabeur, maintenant 59e au classement WTA, affronte Maya Joint \u00e0 Eastbourne. Un match prometteur sur gazon.\" \/>\n<meta property=\"og:url\" content=\"https:\/\/www.webdo.tn\/fr\/actualite\/sport\/ons-jabeur-grimpe-au-classement-wta-et-entame-sa-campagne-a-eastbourne\/378154\/\" \/>\n<meta property=\"og:site_name\" content=\"webdo\" \/>\n<meta property=\"article:publisher\" content=\"https:\/\/www.facebook.com\/webdotn\" \/>\n<meta property=\"article:published_time\" content=\"2025-06-23T10:05:37+00:00\" \/>\n<meta property=\"article:modified_time\" content=\"2025-06-23T12:46:45+00:00\" \/>\n<meta property=\"og:image\" content=\"https:\/\/www.webdo.tn\/fr\/wp-content\/uploads\/2025\/06\/Ons-Jabeur-4.jpg\" \/>\n\t<meta property=\"og:image:width\" content=\"927\" \/>\n\t<meta property=\"og:image:height\" content=\"630\" \/>\n\t<meta property=\"og:image:type\" content=\"image\/jpeg\" \/>\n<meta name=\"author\" content=\"Mohamed Hedi Touati\" \/>\n<meta name=\"twitter:card\" content=\"summary_large_image\" \/>\n<meta name=\"twitter:creator\" content=\"@webdo_tn\" \/>\n<meta name=\"twitter:site\" content=\"@webdo_tn\" \/>\n<meta name=\"twitter:label1\" content=\"\u00c9crit par\" \/>\n\t<meta name=\"twitter:data1\" content=\"Mohamed Hedi Touati\" \/>\n\t<meta name=\"twitter:label2\" content=\"Dur\u00e9e de lecture estim\u00e9e\" \/>\n\t<meta name=\"twitter:data2\" content=\"2 minutes\" \/>\n<script type=\"application\/ld+json\" class=\"yoast-schema-graph\">{\"@context\":\"https:\\\/\\\/schema.org\",\"@graph\":[{\"@type\":\"NewsArticle\",\"@id\":\"https:\\\/\\\/www.webdo.tn\\\/fr\\\/actualite\\\/sport\\\/ons-jabeur-grimpe-au-classement-wta-et-entame-sa-campagne-a-eastbourne\\\/378154\\\/#article\",\"isPartOf\":{\"@id\":\"https:\\\/\\\/www.webdo.tn\\\/fr\\\/actualite\\\/sport\\\/ons-jabeur-grimpe-au-classement-wta-et-entame-sa-campagne-a-eastbourne\\\/378154\\\/\"},\"author\":{\"name\":\"Mohamed Hedi Touati\",\"@id\":\"https:\\\/\\\/www.webdo.tn\\\/fr\\\/#\\\/schema\\\/person\\\/c652cd8fc2b1b44412b5ffb48c5a911d\"},\"headline\":\"Ons Jabeur grimpe au classement WTA et entame sa campagne \u00e0 Eastbourne\",\"datePublished\":\"2025-06-23T10:05:37+00:00\",\"dateModified\":\"2025-06-23T12:46:45+00:00\",\"mainEntityOfPage\":{\"@id\":\"https:\\\/\\\/www.webdo.tn\\\/fr\\\/actualite\\\/sport\\\/ons-jabeur-grimpe-au-classement-wta-et-entame-sa-campagne-a-eastbourne\\\/378154\\\/\"},\"wordCount\":232,\"commentCount\":0,\"publisher\":{\"@id\":\"https:\\\/\\\/www.webdo.tn\\\/fr\\\/#organization\"},\"image\":{\"@id\":\"https:\\\/\\\/www.webdo.tn\\\/fr\\\/actualite\\\/sport\\\/ons-jabeur-grimpe-au-classement-wta-et-entame-sa-campagne-a-eastbourne\\\/378154\\\/#primaryimage\"},\"thumbnailUrl\":\"https:\\\/\\\/www.webdo.tn\\\/fr\\\/wp-content\\\/uploads\\\/2025\\\/06\\\/Ons-Jabeur-4.jpg\",\"keywords\":[\"classement wta\",\"eastbourne\",\"gazon\",\"Ons Jabeur\",\"tennis\"],\"articleSection\":[\"Sport\"],\"inLanguage\":\"fr-FR\"},{\"@type\":\"WebPage\",\"@id\":\"https:\\\/\\\/www.webdo.tn\\\/fr\\\/actualite\\\/sport\\\/ons-jabeur-grimpe-au-classement-wta-et-entame-sa-campagne-a-eastbourne\\\/378154\\\/\",\"url\":\"https:\\\/\\\/www.webdo.tn\\\/fr\\\/actualite\\\/sport\\\/ons-jabeur-grimpe-au-classement-wta-et-entame-sa-campagne-a-eastbourne\\\/378154\\\/\",\"name\":\"Ons Jabeur grimpe au classement WTA et entame sa campagne \u00e0 Eastbourne - webdo\",\"isPartOf\":{\"@id\":\"https:\\\/\\\/www.webdo.tn\\\/fr\\\/#website\"},\"primaryImageOfPage\":{\"@id\":\"https:\\\/\\\/www.webdo.tn\\\/fr\\\/actualite\\\/sport\\\/ons-jabeur-grimpe-au-classement-wta-et-entame-sa-campagne-a-eastbourne\\\/378154\\\/#primaryimage\"},\"image\":{\"@id\":\"https:\\\/\\\/www.webdo.tn\\\/fr\\\/actualite\\\/sport\\\/ons-jabeur-grimpe-au-classement-wta-et-entame-sa-campagne-a-eastbourne\\\/378154\\\/#primaryimage\"},\"thumbnailUrl\":\"https:\\\/\\\/www.webdo.tn\\\/fr\\\/wp-content\\\/uploads\\\/2025\\\/06\\\/Ons-Jabeur-4.jpg\",\"datePublished\":\"2025-06-23T10:05:37+00:00\",\"dateModified\":\"2025-06-23T12:46:45+00:00\",\"description\":\"Ons Jabeur, maintenant 59e au classement WTA, affronte Maya Joint \u00e0 Eastbourne. Un match prometteur sur gazon.\",\"breadcrumb\":{\"@id\":\"https:\\\/\\\/www.webdo.tn\\\/fr\\\/actualite\\\/sport\\\/ons-jabeur-grimpe-au-classement-wta-et-entame-sa-campagne-a-eastbourne\\\/378154\\\/#breadcrumb\"},\"inLanguage\":\"fr-FR\",\"potentialAction\":[{\"@type\":\"ReadAction\",\"target\":[\"https:\\\/\\\/www.webdo.tn\\\/fr\\\/actualite\\\/sport\\\/ons-jabeur-grimpe-au-classement-wta-et-entame-sa-campagne-a-eastbourne\\\/378154\\\/\"]}]},{\"@type\":\"ImageObject\",\"inLanguage\":\"fr-FR\",\"@id\":\"https:\\\/\\\/www.webdo.tn\\\/fr\\\/actualite\\\/sport\\\/ons-jabeur-grimpe-au-classement-wta-et-entame-sa-campagne-a-eastbourne\\\/378154\\\/#primaryimage\",\"url\":\"https:\\\/\\\/www.webdo.tn\\\/fr\\\/wp-content\\\/uploads\\\/2025\\\/06\\\/Ons-Jabeur-4.jpg\",\"contentUrl\":\"https:\\\/\\\/www.webdo.tn\\\/fr\\\/wp-content\\\/uploads\\\/2025\\\/06\\\/Ons-Jabeur-4.jpg\",\"width\":927,\"height\":630,\"caption\":\"Ons Jabeur \u00e0 Eastbourne\"},{\"@type\":\"BreadcrumbList\",\"@id\":\"https:\\\/\\\/www.webdo.tn\\\/fr\\\/actualite\\\/sport\\\/ons-jabeur-grimpe-au-classement-wta-et-entame-sa-campagne-a-eastbourne\\\/378154\\\/#breadcrumb\",\"itemListElement\":[{\"@type\":\"ListItem\",\"position\":1,\"name\":\"Accueil\",\"item\":\"https:\\\/\\\/www.webdo.tn\\\/fr\\\/\"},{\"@type\":\"ListItem\",\"position\":2,\"name\":\"Ons Jabeur grimpe au classement WTA et entame sa campagne \u00e0 Eastbourne\"}]},{\"@type\":\"WebSite\",\"@id\":\"https:\\\/\\\/www.webdo.tn\\\/fr\\\/#website\",\"url\":\"https:\\\/\\\/www.webdo.tn\\\/fr\\\/\",\"name\":\"webdo\",\"description\":\"Tunisie - News en Tunisie et \u00e0 l&#039;international sur Webdo.tn\",\"publisher\":{\"@id\":\"https:\\\/\\\/www.webdo.tn\\\/fr\\\/#organization\"},\"potentialAction\":[{\"@type\":\"SearchAction\",\"target\":{\"@type\":\"EntryPoint\",\"urlTemplate\":\"https:\\\/\\\/www.webdo.tn\\\/fr\\\/?s={search_term_string}\"},\"query-input\":{\"@type\":\"PropertyValueSpecification\",\"valueRequired\":true,\"valueName\":\"search_term_string\"}}],\"inLanguage\":\"fr-FR\"},{\"@type\":\"Organization\",\"@id\":\"https:\\\/\\\/www.webdo.tn\\\/fr\\\/#organization\",\"name\":\"Webdo\",\"alternateName\":\"Webdo.tn\",\"url\":\"https:\\\/\\\/www.webdo.tn\\\/fr\\\/\",\"logo\":{\"@type\":\"ImageObject\",\"inLanguage\":\"fr-FR\",\"@id\":\"https:\\\/\\\/www.webdo.tn\\\/fr\\\/#\\\/schema\\\/logo\\\/image\\\/\",\"url\":\"https:\\\/\\\/www.webdo.tn\\\/fr\\\/wp-content\\\/uploads\\\/2025\\\/06\\\/Webdo-Tunisie_168377.jpg\",\"contentUrl\":\"https:\\\/\\\/www.webdo.tn\\\/fr\\\/wp-content\\\/uploads\\\/2025\\\/06\\\/Webdo-Tunisie_168377.jpg\",\"width\":301,\"height\":301,\"caption\":\"Webdo\"},\"image\":{\"@id\":\"https:\\\/\\\/www.webdo.tn\\\/fr\\\/#\\\/schema\\\/logo\\\/image\\\/\"},\"sameAs\":[\"https:\\\/\\\/www.facebook.com\\\/webdotn\",\"https:\\\/\\\/x.com\\\/webdo_tn\"],\"description\":\"Webdo est un m\u00e9dia num\u00e9rique tunisien fond\u00e9 en 2010, sp\u00e9cialis\u00e9 dans l\u2019actualit\u00e9 nationale et internationale, l\u2019\u00e9conomie, la soci\u00e9t\u00e9 et les analyses politiques. Le site s\u2019adresse \u00e0 un large public francophone et couvre l\u2019information tunisienne en temps r\u00e9el.\",\"email\":\"redac@webdo.tn\",\"legalName\":\"YNJ SARL\",\"foundingDate\":\"2010-09-06\",\"numberOfEmployees\":{\"@type\":\"QuantitativeValue\",\"minValue\":\"11\",\"maxValue\":\"50\"}},{\"@type\":\"Person\",\"@id\":\"https:\\\/\\\/www.webdo.tn\\\/fr\\\/#\\\/schema\\\/person\\\/c652cd8fc2b1b44412b5ffb48c5a911d\",\"name\":\"Mohamed Hedi Touati\",\"image\":{\"@type\":\"ImageObject\",\"inLanguage\":\"fr-FR\",\"@id\":\"https:\\\/\\\/secure.gravatar.com\\\/avatar\\\/9cfd402c745b7a685f13eed0ea6e59d2144a3c2fc50a3db6fd5ed451f6cddf1a?s=96&d=mm&r=g\",\"url\":\"https:\\\/\\\/secure.gravatar.com\\\/avatar\\\/9cfd402c745b7a685f13eed0ea6e59d2144a3c2fc50a3db6fd5ed451f6cddf1a?s=96&d=mm&r=g\",\"contentUrl\":\"https:\\\/\\\/secure.gravatar.com\\\/avatar\\\/9cfd402c745b7a685f13eed0ea6e59d2144a3c2fc50a3db6fd5ed451f6cddf1a?s=96&d=mm&r=g\",\"caption\":\"Mohamed Hedi Touati\"},\"url\":\"https:\\\/\\\/www.webdo.tn\\\/fr\\\/actualite\\\/author\\\/mohamed-hedi-touati\\\/\"}]}<\/script>\n<!-- \/ Yoast SEO Premium plugin. -->","yoast_head_json":{"title":"Ons Jabeur grimpe au classement WTA et entame sa campagne \u00e0 Eastbourne - webdo","description":"Ons Jabeur, maintenant 59e au classement WTA, affronte Maya Joint \u00e0 Eastbourne. Un match prometteur sur gazon.","canonical":"https:\/\/www.webdo.tn\/fr\/actualite\/sport\/ons-jabeur-grimpe-au-classement-wta-et-entame-sa-campagne-a-eastbourne\/378154\/","og_locale":"fr_FR","og_type":"article","og_title":"Ons Jabeur grimpe au classement WTA et entame sa campagne \u00e0 Eastbourne","og_description":"Ons Jabeur, maintenant 59e au classement WTA, affronte Maya Joint \u00e0 Eastbourne. Un match prometteur sur gazon.","og_url":"https:\/\/www.webdo.tn\/fr\/actualite\/sport\/ons-jabeur-grimpe-au-classement-wta-et-entame-sa-campagne-a-eastbourne\/378154\/","og_site_name":"webdo","article_publisher":"https:\/\/www.facebook.com\/webdotn","article_published_time":"2025-06-23T10:05:37+00:00","article_modified_time":"2025-06-23T12:46:45+00:00","og_image":[{"width":927,"height":630,"url":"https:\/\/www.webdo.tn\/fr\/wp-content\/uploads\/2025\/06\/Ons-Jabeur-4.jpg","type":"image\/jpeg"}],"author":"Mohamed Hedi Touati","twitter_card":"summary_large_image","twitter_creator":"@webdo_tn","twitter_site":"@webdo_tn","twitter_misc":{"\u00c9crit par":"Mohamed Hedi Touati","Dur\u00e9e de lecture estim\u00e9e":"2 minutes"},"schema":{"@context":"https:\/\/schema.org","@graph":[{"@type":"NewsArticle","@id":"https:\/\/www.webdo.tn\/fr\/actualite\/sport\/ons-jabeur-grimpe-au-classement-wta-et-entame-sa-campagne-a-eastbourne\/378154\/#article","isPartOf":{"@id":"https:\/\/www.webdo.tn\/fr\/actualite\/sport\/ons-jabeur-grimpe-au-classement-wta-et-entame-sa-campagne-a-eastbourne\/378154\/"},"author":{"name":"Mohamed Hedi Touati","@id":"https:\/\/www.webdo.tn\/fr\/#\/schema\/person\/c652cd8fc2b1b44412b5ffb48c5a911d"},"headline":"Ons Jabeur grimpe au classement WTA et entame sa campagne \u00e0 Eastbourne","datePublished":"2025-06-23T10:05:37+00:00","dateModified":"2025-06-23T12:46:45+00:00","mainEntityOfPage":{"@id":"https:\/\/www.webdo.tn\/fr\/actualite\/sport\/ons-jabeur-grimpe-au-classement-wta-et-entame-sa-campagne-a-eastbourne\/378154\/"},"wordCount":232,"commentCount":0,"publisher":{"@id":"https:\/\/www.webdo.tn\/fr\/#organization"},"image":{"@id":"https:\/\/www.webdo.tn\/fr\/actualite\/sport\/ons-jabeur-grimpe-au-classement-wta-et-entame-sa-campagne-a-eastbourne\/378154\/#primaryimage"},"thumbnailUrl":"https:\/\/www.webdo.tn\/fr\/wp-content\/uploads\/2025\/06\/Ons-Jabeur-4.jpg","keywords":["classement wta","eastbourne","gazon","Ons Jabeur","tennis"],"articleSection":["Sport"],"inLanguage":"fr-FR"},{"@type":"WebPage","@id":"https:\/\/www.webdo.tn\/fr\/actualite\/sport\/ons-jabeur-grimpe-au-classement-wta-et-entame-sa-campagne-a-eastbourne\/378154\/","url":"https:\/\/www.webdo.tn\/fr\/actualite\/sport\/ons-jabeur-grimpe-au-classement-wta-et-entame-sa-campagne-a-eastbourne\/378154\/","name":"Ons Jabeur grimpe au classement WTA et entame sa campagne \u00e0 Eastbourne - webdo","isPartOf":{"@id":"https:\/\/www.webdo.tn\/fr\/#website"},"primaryImageOfPage":{"@id":"https:\/\/www.webdo.tn\/fr\/actualite\/sport\/ons-jabeur-grimpe-au-classement-wta-et-entame-sa-campagne-a-eastbourne\/378154\/#primaryimage"},"image":{"@id":"https:\/\/www.webdo.tn\/fr\/actualite\/sport\/ons-jabeur-grimpe-au-classement-wta-et-entame-sa-campagne-a-eastbourne\/378154\/#primaryimage"},"thumbnailUrl":"https:\/\/www.webdo.tn\/fr\/wp-content\/uploads\/2025\/06\/Ons-Jabeur-4.jpg","datePublished":"2025-06-23T10:05:37+00:00","dateModified":"2025-06-23T12:46:45+00:00","description":"Ons Jabeur, maintenant 59e au classement WTA, affronte Maya Joint \u00e0 Eastbourne. Un match prometteur sur gazon.","breadcrumb":{"@id":"https:\/\/www.webdo.tn\/fr\/actualite\/sport\/ons-jabeur-grimpe-au-classement-wta-et-entame-sa-campagne-a-eastbourne\/378154\/#breadcrumb"},"inLanguage":"fr-FR","potentialAction":[{"@type":"ReadAction","target":["https:\/\/www.webdo.tn\/fr\/actualite\/sport\/ons-jabeur-grimpe-au-classement-wta-et-entame-sa-campagne-a-eastbourne\/378154\/"]}]},{"@type":"ImageObject","inLanguage":"fr-FR","@id":"https:\/\/www.webdo.tn\/fr\/actualite\/sport\/ons-jabeur-grimpe-au-classement-wta-et-entame-sa-campagne-a-eastbourne\/378154\/#primaryimage","url":"https:\/\/www.webdo.tn\/fr\/wp-content\/uploads\/2025\/06\/Ons-Jabeur-4.jpg","contentUrl":"https:\/\/www.webdo.tn\/fr\/wp-content\/uploads\/2025\/06\/Ons-Jabeur-4.jpg","width":927,"height":630,"caption":"Ons Jabeur \u00e0 Eastbourne"},{"@type":"BreadcrumbList","@id":"https:\/\/www.webdo.tn\/fr\/actualite\/sport\/ons-jabeur-grimpe-au-classement-wta-et-entame-sa-campagne-a-eastbourne\/378154\/#breadcrumb","itemListElement":[{"@type":"ListItem","position":1,"name":"Accueil","item":"https:\/\/www.webdo.tn\/fr\/"},{"@type":"ListItem","position":2,"name":"Ons Jabeur grimpe au classement WTA et entame sa campagne \u00e0 Eastbourne"}]},{"@type":"WebSite","@id":"https:\/\/www.webdo.tn\/fr\/#website","url":"https:\/\/www.webdo.tn\/fr\/","name":"webdo","description":"Tunisie - News en Tunisie et \u00e0 l&#039;international sur Webdo.tn","publisher":{"@id":"https:\/\/www.webdo.tn\/fr\/#organization"},"potentialAction":[{"@type":"SearchAction","target":{"@type":"EntryPoint","urlTemplate":"https:\/\/www.webdo.tn\/fr\/?s={search_term_string}"},"query-input":{"@type":"PropertyValueSpecification","valueRequired":true,"valueName":"search_term_string"}}],"inLanguage":"fr-FR"},{"@type":"Organization","@id":"https:\/\/www.webdo.tn\/fr\/#organization","name":"Webdo","alternateName":"Webdo.tn","url":"https:\/\/www.webdo.tn\/fr\/","logo":{"@type":"ImageObject","inLanguage":"fr-FR","@id":"https:\/\/www.webdo.tn\/fr\/#\/schema\/logo\/image\/","url":"https:\/\/www.webdo.tn\/fr\/wp-content\/uploads\/2025\/06\/Webdo-Tunisie_168377.jpg","contentUrl":"https:\/\/www.webdo.tn\/fr\/wp-content\/uploads\/2025\/06\/Webdo-Tunisie_168377.jpg","width":301,"height":301,"caption":"Webdo"},"image":{"@id":"https:\/\/www.webdo.tn\/fr\/#\/schema\/logo\/image\/"},"sameAs":["https:\/\/www.facebook.com\/webdotn","https:\/\/x.com\/webdo_tn"],"description":"Webdo est un m\u00e9dia num\u00e9rique tunisien fond\u00e9 en 2010, sp\u00e9cialis\u00e9 dans l\u2019actualit\u00e9 nationale et internationale, l\u2019\u00e9conomie, la soci\u00e9t\u00e9 et les analyses politiques. Le site s\u2019adresse \u00e0 un large public francophone et couvre l\u2019information tunisienne en temps r\u00e9el.","email":"redac@webdo.tn","legalName":"YNJ SARL","foundingDate":"2010-09-06","numberOfEmployees":{"@type":"QuantitativeValue","minValue":"11","maxValue":"50"}},{"@type":"Person","@id":"https:\/\/www.webdo.tn\/fr\/#\/schema\/person\/c652cd8fc2b1b44412b5ffb48c5a911d","name":"Mohamed Hedi Touati","image":{"@type":"ImageObject","inLanguage":"fr-FR","@id":"https:\/\/secure.gravatar.com\/avatar\/9cfd402c745b7a685f13eed0ea6e59d2144a3c2fc50a3db6fd5ed451f6cddf1a?s=96&d=mm&r=g","url":"https:\/\/secure.gravatar.com\/avatar\/9cfd402c745b7a685f13eed0ea6e59d2144a3c2fc50a3db6fd5ed451f6cddf1a?s=96&d=mm&r=g","contentUrl":"https:\/\/secure.gravatar.com\/avatar\/9cfd402c745b7a685f13eed0ea6e59d2144a3c2fc50a3db6fd5ed451f6cddf1a?s=96&d=mm&r=g","caption":"Mohamed Hedi Touati"},"url":"https:\/\/www.webdo.tn\/fr\/actualite\/author\/mohamed-hedi-touati\/"}]}},"_links":{"self":[{"href":"https:\/\/www.webdo.tn\/fr\/wp-json\/wp\/v2\/posts\/378154","targetHints":{"allow":["GET"]}}],"collection":[{"href":"https:\/\/www.webdo.tn\/fr\/wp-json\/wp\/v2\/posts"}],"about":[{"href":"https:\/\/www.webdo.tn\/fr\/wp-json\/wp\/v2\/types\/post"}],"author":[{"embeddable":true,"href":"https:\/\/www.webdo.tn\/fr\/wp-json\/wp\/v2\/users\/3191"}],"replies":[{"embeddable":true,"href":"https:\/\/www.webdo.tn\/fr\/wp-json\/wp\/v2\/comments?post=378154"}],"version-history":[{"count":0,"href":"https:\/\/www.webdo.tn\/fr\/wp-json\/wp\/v2\/posts\/378154\/revisions"}],"wp:featuredmedia":[{"embeddable":true,"href":"https:\/\/www.webdo.tn\/fr\/wp-json\/wp\/v2\/media\/378155"}],"wp:attachment":[{"href":"https:\/\/www.webdo.tn\/fr\/wp-json\/wp\/v2\/media?parent=378154"}],"wp:term":[{"taxonomy":"category","embeddable":true,"href":"https:\/\/www.webdo.tn\/fr\/wp-json\/wp\/v2\/categories?post=378154"},{"taxonomy":"post_tag","embeddable":true,"href":"https:\/\/www.webdo.tn\/fr\/wp-json\/wp\/v2\/tags?post=378154"}],"curies":[{"name":"wp","href":"https:\/\/api.w.org\/{rel}","templated":true}]}}