{"id":378141,"date":"2025-06-25T11:06:13","date_gmt":"2025-06-25T10:06:13","guid":{"rendered":"https:\/\/www.webdo.tn\/fr\/?p=378141"},"modified":"2025-06-27T08:32:28","modified_gmt":"2025-06-27T07:32:28","slug":"ete-2025-les-prix-estimes-des-villas-maisons-et-appartements-a-louer-en-tunisie","status":"publish","type":"post","link":"https:\/\/www.webdo.tn\/fr\/actualite\/national\/ete-2025-les-prix-estimes-des-villas-maisons-et-appartements-a-louer-en-tunisie\/378141\/","title":{"rendered":"\u00c9t\u00e9 2025 : Les prix estim\u00e9s des villas, maisons et appartements \u00e0 louer en Tunisie"},"content":{"rendered":"\n<p><strong>\u00c0 l\u2019approche de l\u2019\u00e9t\u00e9 2025, la location saisonni\u00e8re reprend de plus belle en <a href=\"https:\/\/www.webdo.tn\/fr\">Tunisie<\/a>. Que vous soyez un r\u00e9sident local, un Tunisien de l\u2019\u00e9tranger ou un touriste francophone, les destinations baln\u00e9aires du pays sont plus que jamais recherch\u00e9es. Mais combien co\u00fbte une nuit\u00e9e dans les maisons <strong>\u00e9t\u00e9 2025<\/strong> ou villas de vacances\u202f? Voici une estimation des tarifs selon les r\u00e9gions les plus pris\u00e9es : Nabeul, Mahdia, Sousse, Hammamet, K\u00e9libia et Djerba&#8230; bas\u00e9e sur la consultation de plusieurs sites web ainsi que des groupes Facebook sp\u00e9cialis\u00e9s.<\/strong><\/p>\n\n\n\n<h2 class=\"wp-block-heading\" id=\"h-villa-et-maison-a-louer\">Villa et maison \u00e0 louer<\/h2>\n\n\n\n<h3 class=\"wp-block-heading\" id=\"h-villas-avec-piscine-forte-demande-et-prix-en-hausse\">Villas avec piscine : forte demande et prix en hausse<\/h3>\n\n\n\n<p>Dans les zones hautement touristiques, les villas avec piscine affichent des tarifs soutenus.<\/p>\n\n\n\n<ul class=\"wp-block-list\">\n<li>\u00c0 <strong>Djerba<\/strong>, cette <a href=\"https:\/\/www.bnb.tn\/annonce\/details\/3090-villa-avec-piscine-a-aghir-djerba\">villa S+3 avec piscine \u00e0 Aghir<\/a> est propos\u00e9e \u00e0 <strong>3\u202f300\u202fDT la semaine<\/strong>, soit environ 660\u202fDT\/nuit.<\/li>\n\n\n\n<li>Toujours \u00e0 Djerba, <a href=\"https:\/\/www.bnb.tn\/annonce\/details\/3035-villa-s4-a-tezdaine-djerba\">une villa S+4 \u00e0 Tezdaine<\/a> s\u2019\u00e9l\u00e8ve \u00e0 <strong>4\u202f200\u202fDT la semaine<\/strong>.<\/li>\n\n\n\n<li><a href=\"https:\/\/www.bnb.tn\/annonce\/details\/3013-villa-haut-standing-djerba\">Une villa haut standing \u00e0 Aghir<\/a> peut grimper jusqu\u2019\u00e0 <strong>4\u202f900\u202fDT\/semaine<\/strong>.<\/li>\n\n\n\n<li>\u00c0 <strong>Yasmine Hammamet<\/strong>, <a href=\"https:\/\/www.facebook.com\/100057031624693\/posts\/1012231930328693\/\">une villa S+6 avec piscine<\/a> est visible sur les r\u00e9seaux, avec photos et contact direct.<\/li>\n<\/ul>\n\n\n\n<hr class=\"wp-block-separator has-alpha-channel-opacity\"\/>\n\n\n\n<h3 class=\"wp-block-heading\" id=\"h-villas-accessibles-et-logements-intermediaires\">Villas accessibles et logements interm\u00e9diaires<\/h3>\n\n\n\n<ul class=\"wp-block-list\">\n<li>\u00c0 <strong>Houmt Souk (Djerba)<\/strong>, <a href=\"https:\/\/www.bnb.tn\/annonce\/details\/2996-villa-avec-piscine-djerba-houmt-souk\">une villa avec piscine<\/a> est propos\u00e9e \u00e0 <strong>460\u202fDT\/nuit<\/strong> (jusqu\u2019\u00e0 6 personnes).<\/li>\n\n\n\n<li>\u00c0 <strong>Hergla<\/strong>, <a href=\"https:\/\/www.bnb.tn\/annonce\/details\/2977-villa-a-hergla\">un rez-de-chauss\u00e9e de villa de 160 m\u00b2 avec piscine<\/a> est lou\u00e9 \u00e0 <strong>500\u202fDT\/nuit<\/strong>.<\/li>\n\n\n\n<li><a href=\"https:\/\/www.bnb.tn\/annonce\/details\/3092-villa-a-hammamet-sud\">Une villa \u00e0 Hammamet Sud<\/a> s&rsquo;affiche \u00e0 <strong>600\u202fDT\/nuit<\/strong>, \u00e0 quelques minutes de la plage.<\/li>\n<\/ul>\n\n\n\n<hr class=\"wp-block-separator has-alpha-channel-opacity\"\/>\n\n\n\n<h3 class=\"wp-block-heading\" id=\"h-appartements-s-1-et-s-2-des-opportunites-abordables\"> Appartements S+1 et S+2 : des opportunit\u00e9s abordables<\/h3>\n\n\n\n<ul class=\"wp-block-list\">\n<li>\u00c0 <strong>Chott Meriem (Sousse)<\/strong>, <a href=\"https:\/\/www.bnb.tn\/annonce\/details\/3068-s2-a-chott-meriem\">un S+2 meubl\u00e9<\/a> est \u00e0 <strong>1\u202f400\u202fDT\/semaine<\/strong>, soit 200\u202fDT\/nuit.<\/li>\n\n\n\n<li>\u00c0 <strong>Mrezga (Hammamet)<\/strong>, <a href=\"https:\/\/www.bnb.tn\/annonce\/details\/3087-s1-a-mrezga\">un S+1 haut standing<\/a> est lou\u00e9 \u00e0 <strong>200\u202fDT\/nuit<\/strong>.<\/li>\n\n\n\n<li>\u00c0 <strong>Bizerte Corniche<\/strong>, <a href=\"https:\/\/www.bnb.tn\/annonce\/details\/3009-location-longue-duree-a-bizerte\">un S+2 de 90 m\u00b2<\/a> est disponible pour <strong>2\u202f500\u202fDT le mois<\/strong> (\u224883\u202fDT\/nuit).<\/li>\n<\/ul>\n\n\n\n<hr class=\"wp-block-separator has-alpha-channel-opacity\"\/>\n\n\n\n<h3 class=\"wp-block-heading\" id=\"h-reservations-internationales-competitives-et-flexibles\">R\u00e9servations internationales : comp\u00e9titives et flexibles<\/h3>\n\n\n\n<p>Pour les utilisateurs \u00e9trangers ou les Tunisiens r\u00e9sidant \u00e0 l\u2019\u00e9tranger, les plateformes internationales affichent \u00e9galement des offres attractives :<\/p>\n\n\n\n<ul class=\"wp-block-list\">\n<li>Sur <strong>Expedia<\/strong>, cette <a href=\"https:\/\/www.expedia.com\/Hammamet-Hotels-Villa-Mezraya.h101463370.Hotel-Information\">villa mezraya \u00e0 Hammamet<\/a> est \u00e0 <strong>102\u202f$\/nuit<\/strong>.<\/li>\n\n\n\n<li>\u00c0 <strong>Djerba Midoun<\/strong>, <a href=\"https:\/\/www.expedia.com\/Djerba-Midun-Hotels-Spectacular-Tunisian-Villa-With-Pool.h71564269.Hotel-Information\">une villa spectaculaire avec piscine<\/a> est propos\u00e9e \u00e0 <strong>457\u202f$\/nuit<\/strong>.<\/li>\n\n\n\n<li>Sur <strong>Booking<\/strong> (ou Expedia Suisse), <a href=\"https:\/\/www.booking.com\/hotel\/tn\/au-jardin-d-aghir.fr.html\">la villa \u201cAu Jardin d\u2019Aghir\u201d<\/a> inclut annulation gratuite.<\/li>\n<\/ul>\n\n\n\n<hr class=\"wp-block-separator has-alpha-channel-opacity\"\/>\n\n\n\n<h2 class=\"wp-block-heading\" id=\"h-recap\">Recap<\/h2>\n\n\n\n<figure class=\"wp-block-table\"><table class=\"has-fixed-layout\"><thead><tr><th>Type de logement<\/th><th>Tarif \/ nuit estim\u00e9 \u00e9t\u00e9 2025<\/th><\/tr><\/thead><tbody><tr><td>S+1 sans piscine<\/td><td>130 \u2013 180 DT<\/td><\/tr><tr><td>S+2 standard<\/td><td>180 \u2013 450 DT<\/td><\/tr><tr><td>Villa avec piscine<\/td><td>600 \u2013 1\u202f750 DT<\/td><\/tr><\/tbody><\/table><\/figure>\n\n\n\n<hr class=\"wp-block-separator has-alpha-channel-opacity\"\/>\n\n\n\n<p>Notons que la Tunisie reste une destination estivale accessible pour tous les budgets, \u00e0 condition de r\u00e9server \u00e0 l\u2019avance. Que ce soit pour des maisons \u00e9t\u00e9 2025 \u00e0 Djerba ou un appartement \u00e0 Mrezga, les opportunit\u00e9s sont nombreuses\u2026 \u00e0 condition d\u2019agir vite.<\/p>\n\n\n\n<p><\/p>\n","protected":false},"excerpt":{"rendered":"<p>\u00c0 l\u2019approche de l\u2019\u00e9t\u00e9 2025, la location saisonni\u00e8re reprend de plus belle en Tunisie. Que vous soyez un r\u00e9sident local, un Tunisien de l\u2019\u00e9tranger ou un touriste francophone, les destinations baln\u00e9aires du pays sont plus que jamais recherch\u00e9es. Mais combien co\u00fbte une nuit\u00e9e dans les maisons \u00e9t\u00e9 2025 ou villas de vacances\u202f? Voici une estimation [&hellip;]<\/p>\n","protected":false},"author":3184,"featured_media":378147,"comment_status":"open","ping_status":"open","sticky":false,"template":"","format":"standard","meta":{"footnotes":""},"categories":[44,11909],"tags":[11994,5433,2923,11992,12037,11995,2609,4464,11996],"class_list":["post-378141","post","type-post","status-publish","format-standard","has-post-thumbnail","hentry","category-national","category-tendances","tag-appartements-2","tag-ete","tag-location","tag-maison-2","tag-maisons-ete-2025","tag-piscines","tag-prix","tag-tarifs","tag-villa"],"yoast_head":"<!-- This site is optimized with the Yoast SEO Premium plugin v27.4 (Yoast SEO v27.4) - https:\/\/yoast.com\/product\/yoast-seo-premium-wordpress\/ -->\n<title>\u00c9t\u00e9 2025 : Les prix estim\u00e9s des villas, maisons et appartements \u00e0 louer en Tunisie - webdo<\/title>\n<meta name=\"description\" content=\"D\u00e9couvrez les maisons \u00e9t\u00e9 2025 en Tunisie. Estimez les tarifs des locations de vacances selon les destinations populaires.\" \/>\n<link rel=\"canonical\" href=\"https:\/\/www.webdo.tn\/fr\/actualite\/national\/ete-2025-les-prix-estimes-des-villas-maisons-et-appartements-a-louer-en-tunisie\/378141\/\" \/>\n<meta property=\"og:locale\" content=\"fr_FR\" \/>\n<meta property=\"og:type\" content=\"article\" \/>\n<meta property=\"og:title\" content=\"\u00c9t\u00e9 2025 : Les prix estim\u00e9s des villas, maisons et appartements \u00e0 louer en Tunisie\" \/>\n<meta property=\"og:description\" content=\"D\u00e9couvrez les maisons \u00e9t\u00e9 2025 en Tunisie. Estimez les tarifs des locations de vacances selon les destinations populaires.\" \/>\n<meta property=\"og:url\" content=\"https:\/\/www.webdo.tn\/fr\/actualite\/national\/ete-2025-les-prix-estimes-des-villas-maisons-et-appartements-a-louer-en-tunisie\/378141\/\" \/>\n<meta property=\"og:site_name\" content=\"webdo\" \/>\n<meta property=\"article:publisher\" content=\"https:\/\/www.facebook.com\/webdotn\" \/>\n<meta property=\"article:published_time\" content=\"2025-06-25T10:06:13+00:00\" \/>\n<meta property=\"article:modified_time\" content=\"2025-06-27T07:32:28+00:00\" \/>\n<meta property=\"og:image\" content=\"https:\/\/www.webdo.tn\/fr\/wp-content\/uploads\/2025\/06\/telechargement-1.webp\" \/>\n\t<meta property=\"og:image:width\" content=\"1440\" \/>\n\t<meta property=\"og:image:height\" content=\"960\" \/>\n\t<meta property=\"og:image:type\" content=\"image\/webp\" \/>\n<meta name=\"author\" content=\"Wided Belhaj\" \/>\n<meta name=\"twitter:card\" content=\"summary_large_image\" \/>\n<meta name=\"twitter:creator\" content=\"@webdo_tn\" \/>\n<meta name=\"twitter:site\" content=\"@webdo_tn\" \/>\n<meta name=\"twitter:label1\" content=\"\u00c9crit par\" \/>\n\t<meta name=\"twitter:data1\" content=\"Wided Belhaj\" \/>\n\t<meta name=\"twitter:label2\" content=\"Dur\u00e9e de lecture estim\u00e9e\" \/>\n\t<meta name=\"twitter:data2\" content=\"3 minutes\" \/>\n<script type=\"application\/ld+json\" class=\"yoast-schema-graph\">{\"@context\":\"https:\\\/\\\/schema.org\",\"@graph\":[{\"@type\":\"NewsArticle\",\"@id\":\"https:\\\/\\\/www.webdo.tn\\\/fr\\\/actualite\\\/national\\\/ete-2025-les-prix-estimes-des-villas-maisons-et-appartements-a-louer-en-tunisie\\\/378141\\\/#article\",\"isPartOf\":{\"@id\":\"https:\\\/\\\/www.webdo.tn\\\/fr\\\/actualite\\\/national\\\/ete-2025-les-prix-estimes-des-villas-maisons-et-appartements-a-louer-en-tunisie\\\/378141\\\/\"},\"author\":{\"name\":\"Wided Belhaj\",\"@id\":\"https:\\\/\\\/www.webdo.tn\\\/fr\\\/#\\\/schema\\\/person\\\/b9ecde7a5574cb4fcf4b496ea5fadb15\"},\"headline\":\"\u00c9t\u00e9 2025 : Les prix estim\u00e9s des villas, maisons et appartements \u00e0 louer en Tunisie\",\"datePublished\":\"2025-06-25T10:06:13+00:00\",\"dateModified\":\"2025-06-27T07:32:28+00:00\",\"mainEntityOfPage\":{\"@id\":\"https:\\\/\\\/www.webdo.tn\\\/fr\\\/actualite\\\/national\\\/ete-2025-les-prix-estimes-des-villas-maisons-et-appartements-a-louer-en-tunisie\\\/378141\\\/\"},\"wordCount\":401,\"commentCount\":0,\"publisher\":{\"@id\":\"https:\\\/\\\/www.webdo.tn\\\/fr\\\/#organization\"},\"image\":{\"@id\":\"https:\\\/\\\/www.webdo.tn\\\/fr\\\/actualite\\\/national\\\/ete-2025-les-prix-estimes-des-villas-maisons-et-appartements-a-louer-en-tunisie\\\/378141\\\/#primaryimage\"},\"thumbnailUrl\":\"https:\\\/\\\/www.webdo.tn\\\/fr\\\/wp-content\\\/uploads\\\/2025\\\/06\\\/telechargement-1.webp\",\"keywords\":[\"Appartements\",\"\u00e9t\u00e9\",\"location\",\"Maison\",\"Maisons \u00e9t\u00e9 2025\",\"piscines\",\"prix\",\"tarifs\",\"villa\"],\"articleSection\":[\"National\",\"Tendances\"],\"inLanguage\":\"fr-FR\"},{\"@type\":\"WebPage\",\"@id\":\"https:\\\/\\\/www.webdo.tn\\\/fr\\\/actualite\\\/national\\\/ete-2025-les-prix-estimes-des-villas-maisons-et-appartements-a-louer-en-tunisie\\\/378141\\\/\",\"url\":\"https:\\\/\\\/www.webdo.tn\\\/fr\\\/actualite\\\/national\\\/ete-2025-les-prix-estimes-des-villas-maisons-et-appartements-a-louer-en-tunisie\\\/378141\\\/\",\"name\":\"\u00c9t\u00e9 2025 : Les prix estim\u00e9s des villas, maisons et appartements \u00e0 louer en Tunisie - webdo\",\"isPartOf\":{\"@id\":\"https:\\\/\\\/www.webdo.tn\\\/fr\\\/#website\"},\"primaryImageOfPage\":{\"@id\":\"https:\\\/\\\/www.webdo.tn\\\/fr\\\/actualite\\\/national\\\/ete-2025-les-prix-estimes-des-villas-maisons-et-appartements-a-louer-en-tunisie\\\/378141\\\/#primaryimage\"},\"image\":{\"@id\":\"https:\\\/\\\/www.webdo.tn\\\/fr\\\/actualite\\\/national\\\/ete-2025-les-prix-estimes-des-villas-maisons-et-appartements-a-louer-en-tunisie\\\/378141\\\/#primaryimage\"},\"thumbnailUrl\":\"https:\\\/\\\/www.webdo.tn\\\/fr\\\/wp-content\\\/uploads\\\/2025\\\/06\\\/telechargement-1.webp\",\"datePublished\":\"2025-06-25T10:06:13+00:00\",\"dateModified\":\"2025-06-27T07:32:28+00:00\",\"description\":\"D\u00e9couvrez les maisons \u00e9t\u00e9 2025 en Tunisie. Estimez les tarifs des locations de vacances selon les destinations populaires.\",\"breadcrumb\":{\"@id\":\"https:\\\/\\\/www.webdo.tn\\\/fr\\\/actualite\\\/national\\\/ete-2025-les-prix-estimes-des-villas-maisons-et-appartements-a-louer-en-tunisie\\\/378141\\\/#breadcrumb\"},\"inLanguage\":\"fr-FR\",\"potentialAction\":[{\"@type\":\"ReadAction\",\"target\":[\"https:\\\/\\\/www.webdo.tn\\\/fr\\\/actualite\\\/national\\\/ete-2025-les-prix-estimes-des-villas-maisons-et-appartements-a-louer-en-tunisie\\\/378141\\\/\"]}]},{\"@type\":\"ImageObject\",\"inLanguage\":\"fr-FR\",\"@id\":\"https:\\\/\\\/www.webdo.tn\\\/fr\\\/actualite\\\/national\\\/ete-2025-les-prix-estimes-des-villas-maisons-et-appartements-a-louer-en-tunisie\\\/378141\\\/#primaryimage\",\"url\":\"https:\\\/\\\/www.webdo.tn\\\/fr\\\/wp-content\\\/uploads\\\/2025\\\/06\\\/telechargement-1.webp\",\"contentUrl\":\"https:\\\/\\\/www.webdo.tn\\\/fr\\\/wp-content\\\/uploads\\\/2025\\\/06\\\/telechargement-1.webp\",\"width\":1440,\"height\":960,\"caption\":\"Maisons \u00e9t\u00e9 2025\"},{\"@type\":\"BreadcrumbList\",\"@id\":\"https:\\\/\\\/www.webdo.tn\\\/fr\\\/actualite\\\/national\\\/ete-2025-les-prix-estimes-des-villas-maisons-et-appartements-a-louer-en-tunisie\\\/378141\\\/#breadcrumb\",\"itemListElement\":[{\"@type\":\"ListItem\",\"position\":1,\"name\":\"Accueil\",\"item\":\"https:\\\/\\\/www.webdo.tn\\\/fr\\\/\"},{\"@type\":\"ListItem\",\"position\":2,\"name\":\"\u00c9t\u00e9 2025 : Les prix estim\u00e9s des villas, maisons et appartements \u00e0 louer en Tunisie\"}]},{\"@type\":\"WebSite\",\"@id\":\"https:\\\/\\\/www.webdo.tn\\\/fr\\\/#website\",\"url\":\"https:\\\/\\\/www.webdo.tn\\\/fr\\\/\",\"name\":\"webdo\",\"description\":\"Tunisie - News en Tunisie et \u00e0 l&#039;international sur Webdo.tn\",\"publisher\":{\"@id\":\"https:\\\/\\\/www.webdo.tn\\\/fr\\\/#organization\"},\"potentialAction\":[{\"@type\":\"SearchAction\",\"target\":{\"@type\":\"EntryPoint\",\"urlTemplate\":\"https:\\\/\\\/www.webdo.tn\\\/fr\\\/?s={search_term_string}\"},\"query-input\":{\"@type\":\"PropertyValueSpecification\",\"valueRequired\":true,\"valueName\":\"search_term_string\"}}],\"inLanguage\":\"fr-FR\"},{\"@type\":\"Organization\",\"@id\":\"https:\\\/\\\/www.webdo.tn\\\/fr\\\/#organization\",\"name\":\"Webdo\",\"alternateName\":\"Webdo.tn\",\"url\":\"https:\\\/\\\/www.webdo.tn\\\/fr\\\/\",\"logo\":{\"@type\":\"ImageObject\",\"inLanguage\":\"fr-FR\",\"@id\":\"https:\\\/\\\/www.webdo.tn\\\/fr\\\/#\\\/schema\\\/logo\\\/image\\\/\",\"url\":\"https:\\\/\\\/www.webdo.tn\\\/fr\\\/wp-content\\\/uploads\\\/2025\\\/06\\\/Webdo-Tunisie_168377.jpg\",\"contentUrl\":\"https:\\\/\\\/www.webdo.tn\\\/fr\\\/wp-content\\\/uploads\\\/2025\\\/06\\\/Webdo-Tunisie_168377.jpg\",\"width\":301,\"height\":301,\"caption\":\"Webdo\"},\"image\":{\"@id\":\"https:\\\/\\\/www.webdo.tn\\\/fr\\\/#\\\/schema\\\/logo\\\/image\\\/\"},\"sameAs\":[\"https:\\\/\\\/www.facebook.com\\\/webdotn\",\"https:\\\/\\\/x.com\\\/webdo_tn\"],\"description\":\"Webdo est un m\u00e9dia num\u00e9rique tunisien fond\u00e9 en 2010, sp\u00e9cialis\u00e9 dans l\u2019actualit\u00e9 nationale et internationale, l\u2019\u00e9conomie, la soci\u00e9t\u00e9 et les analyses politiques. Le site s\u2019adresse \u00e0 un large public francophone et couvre l\u2019information tunisienne en temps r\u00e9el.\",\"email\":\"redac@webdo.tn\",\"legalName\":\"YNJ SARL\",\"foundingDate\":\"2010-09-06\",\"numberOfEmployees\":{\"@type\":\"QuantitativeValue\",\"minValue\":\"11\",\"maxValue\":\"50\"}},{\"@type\":\"Person\",\"@id\":\"https:\\\/\\\/www.webdo.tn\\\/fr\\\/#\\\/schema\\\/person\\\/b9ecde7a5574cb4fcf4b496ea5fadb15\",\"name\":\"Wided Belhaj\",\"image\":{\"@type\":\"ImageObject\",\"inLanguage\":\"fr-FR\",\"@id\":\"https:\\\/\\\/www.webdo.tn\\\/fr\\\/wp-content\\\/uploads\\\/2026\\\/04\\\/wided-belhaj_avatar-96x96.jpg\",\"url\":\"https:\\\/\\\/www.webdo.tn\\\/fr\\\/wp-content\\\/uploads\\\/2026\\\/04\\\/wided-belhaj_avatar-96x96.jpg\",\"contentUrl\":\"https:\\\/\\\/www.webdo.tn\\\/fr\\\/wp-content\\\/uploads\\\/2026\\\/04\\\/wided-belhaj_avatar-96x96.jpg\",\"caption\":\"Wided Belhaj\"},\"description\":\"Wided Belhaj est le pseudonyme \u00e9ditorial utilis\u00e9 par Khalil Jelassi, journaliste, ma\u00eetre-assistant \u00e0 l\u2019Institut de presse et des sciences de l\u2019information (IPSI) et chercheur en sciences de l\u2019information et de la communication. Cette signature est d\u00e9di\u00e9e \u00e0 l\u2019analyse des m\u00e9dias, des pratiques journalistiques et des mutations de l\u2019information \u00e0 l\u2019\u00e8re digitale. \u00c0 travers ses contributions, Wided Belhaj propose une lecture analytique de l\u2019actualit\u00e9, en croisant regard critique et expertise acad\u00e9mique.\",\"knowsAbout\":[\"m\u00e9dias\",\"journalisme\",\"communication\",\"information\",\"transformation num\u00e9rique\",\"analyse des m\u00e9dias\"],\"knowsLanguage\":[\"Fran\u00e7ais\",\"Arabe\"],\"jobTitle\":\"Webdo.tn\",\"worksFor\":\"Journaliste \u2013 Analyse des m\u00e9dias\",\"url\":\"https:\\\/\\\/www.webdo.tn\\\/fr\\\/actualite\\\/author\\\/wided-belhaj\\\/\"}]}<\/script>\n<!-- \/ Yoast SEO Premium plugin. -->","yoast_head_json":{"title":"\u00c9t\u00e9 2025 : Les prix estim\u00e9s des villas, maisons et appartements \u00e0 louer en Tunisie - webdo","description":"D\u00e9couvrez les maisons \u00e9t\u00e9 2025 en Tunisie. Estimez les tarifs des locations de vacances selon les destinations populaires.","canonical":"https:\/\/www.webdo.tn\/fr\/actualite\/national\/ete-2025-les-prix-estimes-des-villas-maisons-et-appartements-a-louer-en-tunisie\/378141\/","og_locale":"fr_FR","og_type":"article","og_title":"\u00c9t\u00e9 2025 : Les prix estim\u00e9s des villas, maisons et appartements \u00e0 louer en Tunisie","og_description":"D\u00e9couvrez les maisons \u00e9t\u00e9 2025 en Tunisie. Estimez les tarifs des locations de vacances selon les destinations populaires.","og_url":"https:\/\/www.webdo.tn\/fr\/actualite\/national\/ete-2025-les-prix-estimes-des-villas-maisons-et-appartements-a-louer-en-tunisie\/378141\/","og_site_name":"webdo","article_publisher":"https:\/\/www.facebook.com\/webdotn","article_published_time":"2025-06-25T10:06:13+00:00","article_modified_time":"2025-06-27T07:32:28+00:00","og_image":[{"width":1440,"height":960,"url":"https:\/\/www.webdo.tn\/fr\/wp-content\/uploads\/2025\/06\/telechargement-1.webp","type":"image\/webp"}],"author":"Wided Belhaj","twitter_card":"summary_large_image","twitter_creator":"@webdo_tn","twitter_site":"@webdo_tn","twitter_misc":{"\u00c9crit par":"Wided Belhaj","Dur\u00e9e de lecture estim\u00e9e":"3 minutes"},"schema":{"@context":"https:\/\/schema.org","@graph":[{"@type":"NewsArticle","@id":"https:\/\/www.webdo.tn\/fr\/actualite\/national\/ete-2025-les-prix-estimes-des-villas-maisons-et-appartements-a-louer-en-tunisie\/378141\/#article","isPartOf":{"@id":"https:\/\/www.webdo.tn\/fr\/actualite\/national\/ete-2025-les-prix-estimes-des-villas-maisons-et-appartements-a-louer-en-tunisie\/378141\/"},"author":{"name":"Wided Belhaj","@id":"https:\/\/www.webdo.tn\/fr\/#\/schema\/person\/b9ecde7a5574cb4fcf4b496ea5fadb15"},"headline":"\u00c9t\u00e9 2025 : Les prix estim\u00e9s des villas, maisons et appartements \u00e0 louer en Tunisie","datePublished":"2025-06-25T10:06:13+00:00","dateModified":"2025-06-27T07:32:28+00:00","mainEntityOfPage":{"@id":"https:\/\/www.webdo.tn\/fr\/actualite\/national\/ete-2025-les-prix-estimes-des-villas-maisons-et-appartements-a-louer-en-tunisie\/378141\/"},"wordCount":401,"commentCount":0,"publisher":{"@id":"https:\/\/www.webdo.tn\/fr\/#organization"},"image":{"@id":"https:\/\/www.webdo.tn\/fr\/actualite\/national\/ete-2025-les-prix-estimes-des-villas-maisons-et-appartements-a-louer-en-tunisie\/378141\/#primaryimage"},"thumbnailUrl":"https:\/\/www.webdo.tn\/fr\/wp-content\/uploads\/2025\/06\/telechargement-1.webp","keywords":["Appartements","\u00e9t\u00e9","location","Maison","Maisons \u00e9t\u00e9 2025","piscines","prix","tarifs","villa"],"articleSection":["National","Tendances"],"inLanguage":"fr-FR"},{"@type":"WebPage","@id":"https:\/\/www.webdo.tn\/fr\/actualite\/national\/ete-2025-les-prix-estimes-des-villas-maisons-et-appartements-a-louer-en-tunisie\/378141\/","url":"https:\/\/www.webdo.tn\/fr\/actualite\/national\/ete-2025-les-prix-estimes-des-villas-maisons-et-appartements-a-louer-en-tunisie\/378141\/","name":"\u00c9t\u00e9 2025 : Les prix estim\u00e9s des villas, maisons et appartements \u00e0 louer en Tunisie - webdo","isPartOf":{"@id":"https:\/\/www.webdo.tn\/fr\/#website"},"primaryImageOfPage":{"@id":"https:\/\/www.webdo.tn\/fr\/actualite\/national\/ete-2025-les-prix-estimes-des-villas-maisons-et-appartements-a-louer-en-tunisie\/378141\/#primaryimage"},"image":{"@id":"https:\/\/www.webdo.tn\/fr\/actualite\/national\/ete-2025-les-prix-estimes-des-villas-maisons-et-appartements-a-louer-en-tunisie\/378141\/#primaryimage"},"thumbnailUrl":"https:\/\/www.webdo.tn\/fr\/wp-content\/uploads\/2025\/06\/telechargement-1.webp","datePublished":"2025-06-25T10:06:13+00:00","dateModified":"2025-06-27T07:32:28+00:00","description":"D\u00e9couvrez les maisons \u00e9t\u00e9 2025 en Tunisie. Estimez les tarifs des locations de vacances selon les destinations populaires.","breadcrumb":{"@id":"https:\/\/www.webdo.tn\/fr\/actualite\/national\/ete-2025-les-prix-estimes-des-villas-maisons-et-appartements-a-louer-en-tunisie\/378141\/#breadcrumb"},"inLanguage":"fr-FR","potentialAction":[{"@type":"ReadAction","target":["https:\/\/www.webdo.tn\/fr\/actualite\/national\/ete-2025-les-prix-estimes-des-villas-maisons-et-appartements-a-louer-en-tunisie\/378141\/"]}]},{"@type":"ImageObject","inLanguage":"fr-FR","@id":"https:\/\/www.webdo.tn\/fr\/actualite\/national\/ete-2025-les-prix-estimes-des-villas-maisons-et-appartements-a-louer-en-tunisie\/378141\/#primaryimage","url":"https:\/\/www.webdo.tn\/fr\/wp-content\/uploads\/2025\/06\/telechargement-1.webp","contentUrl":"https:\/\/www.webdo.tn\/fr\/wp-content\/uploads\/2025\/06\/telechargement-1.webp","width":1440,"height":960,"caption":"Maisons \u00e9t\u00e9 2025"},{"@type":"BreadcrumbList","@id":"https:\/\/www.webdo.tn\/fr\/actualite\/national\/ete-2025-les-prix-estimes-des-villas-maisons-et-appartements-a-louer-en-tunisie\/378141\/#breadcrumb","itemListElement":[{"@type":"ListItem","position":1,"name":"Accueil","item":"https:\/\/www.webdo.tn\/fr\/"},{"@type":"ListItem","position":2,"name":"\u00c9t\u00e9 2025 : Les prix estim\u00e9s des villas, maisons et appartements \u00e0 louer en Tunisie"}]},{"@type":"WebSite","@id":"https:\/\/www.webdo.tn\/fr\/#website","url":"https:\/\/www.webdo.tn\/fr\/","name":"webdo","description":"Tunisie - News en Tunisie et \u00e0 l&#039;international sur Webdo.tn","publisher":{"@id":"https:\/\/www.webdo.tn\/fr\/#organization"},"potentialAction":[{"@type":"SearchAction","target":{"@type":"EntryPoint","urlTemplate":"https:\/\/www.webdo.tn\/fr\/?s={search_term_string}"},"query-input":{"@type":"PropertyValueSpecification","valueRequired":true,"valueName":"search_term_string"}}],"inLanguage":"fr-FR"},{"@type":"Organization","@id":"https:\/\/www.webdo.tn\/fr\/#organization","name":"Webdo","alternateName":"Webdo.tn","url":"https:\/\/www.webdo.tn\/fr\/","logo":{"@type":"ImageObject","inLanguage":"fr-FR","@id":"https:\/\/www.webdo.tn\/fr\/#\/schema\/logo\/image\/","url":"https:\/\/www.webdo.tn\/fr\/wp-content\/uploads\/2025\/06\/Webdo-Tunisie_168377.jpg","contentUrl":"https:\/\/www.webdo.tn\/fr\/wp-content\/uploads\/2025\/06\/Webdo-Tunisie_168377.jpg","width":301,"height":301,"caption":"Webdo"},"image":{"@id":"https:\/\/www.webdo.tn\/fr\/#\/schema\/logo\/image\/"},"sameAs":["https:\/\/www.facebook.com\/webdotn","https:\/\/x.com\/webdo_tn"],"description":"Webdo est un m\u00e9dia num\u00e9rique tunisien fond\u00e9 en 2010, sp\u00e9cialis\u00e9 dans l\u2019actualit\u00e9 nationale et internationale, l\u2019\u00e9conomie, la soci\u00e9t\u00e9 et les analyses politiques. Le site s\u2019adresse \u00e0 un large public francophone et couvre l\u2019information tunisienne en temps r\u00e9el.","email":"redac@webdo.tn","legalName":"YNJ SARL","foundingDate":"2010-09-06","numberOfEmployees":{"@type":"QuantitativeValue","minValue":"11","maxValue":"50"}},{"@type":"Person","@id":"https:\/\/www.webdo.tn\/fr\/#\/schema\/person\/b9ecde7a5574cb4fcf4b496ea5fadb15","name":"Wided Belhaj","image":{"@type":"ImageObject","inLanguage":"fr-FR","@id":"https:\/\/www.webdo.tn\/fr\/wp-content\/uploads\/2026\/04\/wided-belhaj_avatar-96x96.jpg","url":"https:\/\/www.webdo.tn\/fr\/wp-content\/uploads\/2026\/04\/wided-belhaj_avatar-96x96.jpg","contentUrl":"https:\/\/www.webdo.tn\/fr\/wp-content\/uploads\/2026\/04\/wided-belhaj_avatar-96x96.jpg","caption":"Wided Belhaj"},"description":"Wided Belhaj est le pseudonyme \u00e9ditorial utilis\u00e9 par Khalil Jelassi, journaliste, ma\u00eetre-assistant \u00e0 l\u2019Institut de presse et des sciences de l\u2019information (IPSI) et chercheur en sciences de l\u2019information et de la communication. Cette signature est d\u00e9di\u00e9e \u00e0 l\u2019analyse des m\u00e9dias, des pratiques journalistiques et des mutations de l\u2019information \u00e0 l\u2019\u00e8re digitale. \u00c0 travers ses contributions, Wided Belhaj propose une lecture analytique de l\u2019actualit\u00e9, en croisant regard critique et expertise acad\u00e9mique.","knowsAbout":["m\u00e9dias","journalisme","communication","information","transformation num\u00e9rique","analyse des m\u00e9dias"],"knowsLanguage":["Fran\u00e7ais","Arabe"],"jobTitle":"Webdo.tn","worksFor":"Journaliste \u2013 Analyse des m\u00e9dias","url":"https:\/\/www.webdo.tn\/fr\/actualite\/author\/wided-belhaj\/"}]}},"_links":{"self":[{"href":"https:\/\/www.webdo.tn\/fr\/wp-json\/wp\/v2\/posts\/378141","targetHints":{"allow":["GET"]}}],"collection":[{"href":"https:\/\/www.webdo.tn\/fr\/wp-json\/wp\/v2\/posts"}],"about":[{"href":"https:\/\/www.webdo.tn\/fr\/wp-json\/wp\/v2\/types\/post"}],"author":[{"embeddable":true,"href":"https:\/\/www.webdo.tn\/fr\/wp-json\/wp\/v2\/users\/3184"}],"replies":[{"embeddable":true,"href":"https:\/\/www.webdo.tn\/fr\/wp-json\/wp\/v2\/comments?post=378141"}],"version-history":[{"count":0,"href":"https:\/\/www.webdo.tn\/fr\/wp-json\/wp\/v2\/posts\/378141\/revisions"}],"wp:featuredmedia":[{"embeddable":true,"href":"https:\/\/www.webdo.tn\/fr\/wp-json\/wp\/v2\/media\/378147"}],"wp:attachment":[{"href":"https:\/\/www.webdo.tn\/fr\/wp-json\/wp\/v2\/media?parent=378141"}],"wp:term":[{"taxonomy":"category","embeddable":true,"href":"https:\/\/www.webdo.tn\/fr\/wp-json\/wp\/v2\/categories?post=378141"},{"taxonomy":"post_tag","embeddable":true,"href":"https:\/\/www.webdo.tn\/fr\/wp-json\/wp\/v2\/tags?post=378141"}],"curies":[{"name":"wp","href":"https:\/\/api.w.org\/{rel}","templated":true}]}}