{"id":378120,"date":"2025-06-23T07:21:42","date_gmt":"2025-06-23T06:21:42","guid":{"rendered":"https:\/\/www.webdo.tn\/fr\/?p=378120"},"modified":"2025-06-23T11:54:12","modified_gmt":"2025-06-23T10:54:12","slug":"iran-la-tunisie-condamne-fermement-les-frappes-americaines","status":"publish","type":"post","link":"https:\/\/www.webdo.tn\/fr\/actualite\/national\/iran-la-tunisie-condamne-fermement-les-frappes-americaines\/378120\/","title":{"rendered":"Iran : La Tunisie condamne fermement les frappes am\u00e9ricaines"},"content":{"rendered":"\n<p><strong>La Tunisie a fermement condamn\u00e9 les frappes men\u00e9es contre la R\u00e9publique islamique d\u2019Iran, en particulier le bombardement de ses installations nucl\u00e9aires par les \u00c9tats-Unis et par Israel, les qualifiant d\u2019\u00ab agressions sionistes flagrantes \u00bb. <\/strong><\/p>\n\n\n\n<p>Dans un communiqu\u00e9, les autorit\u00e9s tunisiennes ont appel\u00e9 \u00e0 l\u2019arr\u00eat imm\u00e9diat de cette escalade, affirmant que le droit international ne peut en aucun cas justifier ou couvrir de tels actes, quels qu\u2019en soient les motifs.<\/p>\n\n\n\n<p>\u00ab Soit le droit international s\u2019applique \u00e0 tous, malgr\u00e9 ses imperfections, soit il est purement et simplement vid\u00e9 de son sens \u00bb, avertit Tunis, d\u00e9non\u00e7ant une mise \u00e0 l\u2019\u00e9cart d\u00e9lib\u00e9r\u00e9e des principes fondamentaux de la l\u00e9galit\u00e9 internationale et un m\u00e9pris croissant des r\u00e8gles communes.<\/p>\n\n\n\n<p>La Tunisie insiste \u00e9galement sur la n\u00e9cessit\u00e9 de ne pas d\u00e9tourner l\u2019attention de crimes tout aussi graves, notamment la guerre d\u2019extermination en cours contre le peuple palestinien. Le communiqu\u00e9 pointe du doigt certains m\u00e9dias qui, selon lui, passent sous silence les violations commises par Isra\u00ebl et concentrent toute la couverture sur la confrontation avec l\u2019Iran. Une man\u0153uvre per\u00e7ue comme une tentative de briser la volont\u00e9 du peuple palestinien de recouvrer ses droits l\u00e9gitimes.<\/p>\n\n\n\n<p>\u00ab Cette volont\u00e9 ne fl\u00e9chira jamais tant que le peuple palestinien n\u2019aura pas obtenu l\u2019int\u00e9gralit\u00e9 de ses droits et \u00e9tabli son \u00c9tat ind\u00e9pendant, souverain sur toute la Palestine, avec Al-Qods pour capitale \u00bb, souligne la Tunisie.<\/p>\n\n\n\n<p>Le message tunisien prend \u00e9galement une dimension plus large, en d\u00e9non\u00e7ant l\u2019effondrement progressif de l\u2019ordre international h\u00e9rit\u00e9 de la Seconde Guerre mondiale. Pour Tunis, l\u2019avenir appartient aux peuples libres, porteurs de valeurs humaines universelles, aspirant \u00e0 l\u2019\u00e9galit\u00e9 r\u00e9elle, au respect de leur droit \u00e0 l\u2019autod\u00e9termination et au rejet d\u00e9finitif de toute forme de discrimination.<\/p>\n\n\n\n<p>Enfin, le communiqu\u00e9 critique une vision du monde encore marqu\u00e9e par une hi\u00e9rarchisation entre \u00ab nations civilis\u00e9es \u00bb et peuples consid\u00e9r\u00e9s comme inf\u00e9rieurs, voire inhumains. Une conception que la Tunisie juge d\u00e9pass\u00e9e et dangereuse, surtout dans un contexte mondial encore marqu\u00e9 par les s\u00e9quelles du colonialisme, les conflits entretenus et le pillage des ressources.<\/p>\n","protected":false},"excerpt":{"rendered":"<p>La Tunisie a fermement condamn\u00e9 les frappes men\u00e9es contre la R\u00e9publique islamique d\u2019Iran, en particulier le bombardement de ses installations nucl\u00e9aires par les \u00c9tats-Unis et par Israel, les qualifiant d\u2019\u00ab agressions sionistes flagrantes \u00bb. Dans un communiqu\u00e9, les autorit\u00e9s tunisiennes ont appel\u00e9 \u00e0 l\u2019arr\u00eat imm\u00e9diat de cette escalade, affirmant que le droit international ne peut [&hellip;]<\/p>\n","protected":false},"author":3184,"featured_media":377905,"comment_status":"open","ping_status":"open","sticky":false,"template":"","format":"standard","meta":{"footnotes":""},"categories":[44],"tags":[2912,2636,2608],"class_list":["post-378120","post","type-post","status-publish","format-standard","has-post-thumbnail","hentry","category-national","tag-iran","tag-israel","tag-tunisie"],"yoast_head":"<!-- This site is optimized with the Yoast SEO Premium plugin v27.5 (Yoast SEO v27.5) - https:\/\/yoast.com\/product\/yoast-seo-premium-wordpress\/ -->\n<title>Iran : La Tunisie condamne fermement les frappes am\u00e9ricaines - webdo<\/title>\n<meta name=\"description\" content=\"La Tunisie condamne les frappes men\u00e9es contre l&#039;Iran. D\u00e9couvrez les implications et les r\u00e9actions internationales.\" \/>\n<link rel=\"canonical\" href=\"https:\/\/www.webdo.tn\/fr\/actualite\/national\/iran-la-tunisie-condamne-fermement-les-frappes-americaines\/378120\/\" \/>\n<meta property=\"og:locale\" content=\"fr_FR\" \/>\n<meta property=\"og:type\" content=\"article\" \/>\n<meta property=\"og:title\" content=\"Iran : La Tunisie condamne fermement les frappes am\u00e9ricaines\" \/>\n<meta property=\"og:description\" content=\"La Tunisie condamne les frappes men\u00e9es contre l&#039;Iran. D\u00e9couvrez les implications et les r\u00e9actions internationales.\" \/>\n<meta property=\"og:url\" content=\"https:\/\/www.webdo.tn\/fr\/actualite\/national\/iran-la-tunisie-condamne-fermement-les-frappes-americaines\/378120\/\" \/>\n<meta property=\"og:site_name\" content=\"webdo\" \/>\n<meta property=\"article:publisher\" content=\"https:\/\/www.facebook.com\/webdotn\" \/>\n<meta property=\"article:published_time\" content=\"2025-06-23T06:21:42+00:00\" \/>\n<meta property=\"article:modified_time\" content=\"2025-06-23T10:54:12+00:00\" \/>\n<meta property=\"og:image\" content=\"https:\/\/www.webdo.tn\/fr\/wp-content\/uploads\/2025\/06\/GHYLU7XM7BGTLBLECL6L7QLMDI.jpg\" \/>\n\t<meta property=\"og:image:width\" content=\"932\" \/>\n\t<meta property=\"og:image:height\" content=\"582\" \/>\n\t<meta property=\"og:image:type\" content=\"image\/jpeg\" \/>\n<meta name=\"author\" content=\"Wided Belhaj\" \/>\n<meta name=\"twitter:card\" content=\"summary_large_image\" \/>\n<meta name=\"twitter:creator\" content=\"@webdo_tn\" \/>\n<meta name=\"twitter:site\" content=\"@webdo_tn\" \/>\n<meta name=\"twitter:label1\" content=\"\u00c9crit par\" \/>\n\t<meta name=\"twitter:data1\" content=\"Wided Belhaj\" \/>\n\t<meta name=\"twitter:label2\" content=\"Dur\u00e9e de lecture estim\u00e9e\" \/>\n\t<meta name=\"twitter:data2\" content=\"2 minutes\" \/>\n<script type=\"application\/ld+json\" class=\"yoast-schema-graph\">{\"@context\":\"https:\\\/\\\/schema.org\",\"@graph\":[{\"@type\":\"NewsArticle\",\"@id\":\"https:\\\/\\\/www.webdo.tn\\\/fr\\\/actualite\\\/national\\\/iran-la-tunisie-condamne-fermement-les-frappes-americaines\\\/378120\\\/#article\",\"isPartOf\":{\"@id\":\"https:\\\/\\\/www.webdo.tn\\\/fr\\\/actualite\\\/national\\\/iran-la-tunisie-condamne-fermement-les-frappes-americaines\\\/378120\\\/\"},\"author\":{\"name\":\"Wided Belhaj\",\"@id\":\"https:\\\/\\\/www.webdo.tn\\\/fr\\\/#\\\/schema\\\/person\\\/b9ecde7a5574cb4fcf4b496ea5fadb15\"},\"headline\":\"Iran : La Tunisie condamne fermement les frappes am\u00e9ricaines\",\"datePublished\":\"2025-06-23T06:21:42+00:00\",\"dateModified\":\"2025-06-23T10:54:12+00:00\",\"mainEntityOfPage\":{\"@id\":\"https:\\\/\\\/www.webdo.tn\\\/fr\\\/actualite\\\/national\\\/iran-la-tunisie-condamne-fermement-les-frappes-americaines\\\/378120\\\/\"},\"wordCount\":381,\"commentCount\":0,\"publisher\":{\"@id\":\"https:\\\/\\\/www.webdo.tn\\\/fr\\\/#organization\"},\"image\":{\"@id\":\"https:\\\/\\\/www.webdo.tn\\\/fr\\\/actualite\\\/national\\\/iran-la-tunisie-condamne-fermement-les-frappes-americaines\\\/378120\\\/#primaryimage\"},\"thumbnailUrl\":\"https:\\\/\\\/www.webdo.tn\\\/fr\\\/wp-content\\\/uploads\\\/2025\\\/06\\\/GHYLU7XM7BGTLBLECL6L7QLMDI.jpg\",\"keywords\":[\"Iran\",\"isra\u00ebl\",\"Tunisie\"],\"articleSection\":[\"National\"],\"inLanguage\":\"fr-FR\"},{\"@type\":\"WebPage\",\"@id\":\"https:\\\/\\\/www.webdo.tn\\\/fr\\\/actualite\\\/national\\\/iran-la-tunisie-condamne-fermement-les-frappes-americaines\\\/378120\\\/\",\"url\":\"https:\\\/\\\/www.webdo.tn\\\/fr\\\/actualite\\\/national\\\/iran-la-tunisie-condamne-fermement-les-frappes-americaines\\\/378120\\\/\",\"name\":\"Iran : La Tunisie condamne fermement les frappes am\u00e9ricaines - webdo\",\"isPartOf\":{\"@id\":\"https:\\\/\\\/www.webdo.tn\\\/fr\\\/#website\"},\"primaryImageOfPage\":{\"@id\":\"https:\\\/\\\/www.webdo.tn\\\/fr\\\/actualite\\\/national\\\/iran-la-tunisie-condamne-fermement-les-frappes-americaines\\\/378120\\\/#primaryimage\"},\"image\":{\"@id\":\"https:\\\/\\\/www.webdo.tn\\\/fr\\\/actualite\\\/national\\\/iran-la-tunisie-condamne-fermement-les-frappes-americaines\\\/378120\\\/#primaryimage\"},\"thumbnailUrl\":\"https:\\\/\\\/www.webdo.tn\\\/fr\\\/wp-content\\\/uploads\\\/2025\\\/06\\\/GHYLU7XM7BGTLBLECL6L7QLMDI.jpg\",\"datePublished\":\"2025-06-23T06:21:42+00:00\",\"dateModified\":\"2025-06-23T10:54:12+00:00\",\"description\":\"La Tunisie condamne les frappes men\u00e9es contre l'Iran. D\u00e9couvrez les implications et les r\u00e9actions internationales.\",\"breadcrumb\":{\"@id\":\"https:\\\/\\\/www.webdo.tn\\\/fr\\\/actualite\\\/national\\\/iran-la-tunisie-condamne-fermement-les-frappes-americaines\\\/378120\\\/#breadcrumb\"},\"inLanguage\":\"fr-FR\",\"potentialAction\":[{\"@type\":\"ReadAction\",\"target\":[\"https:\\\/\\\/www.webdo.tn\\\/fr\\\/actualite\\\/national\\\/iran-la-tunisie-condamne-fermement-les-frappes-americaines\\\/378120\\\/\"]}]},{\"@type\":\"ImageObject\",\"inLanguage\":\"fr-FR\",\"@id\":\"https:\\\/\\\/www.webdo.tn\\\/fr\\\/actualite\\\/national\\\/iran-la-tunisie-condamne-fermement-les-frappes-americaines\\\/378120\\\/#primaryimage\",\"url\":\"https:\\\/\\\/www.webdo.tn\\\/fr\\\/wp-content\\\/uploads\\\/2025\\\/06\\\/GHYLU7XM7BGTLBLECL6L7QLMDI.jpg\",\"contentUrl\":\"https:\\\/\\\/www.webdo.tn\\\/fr\\\/wp-content\\\/uploads\\\/2025\\\/06\\\/GHYLU7XM7BGTLBLECL6L7QLMDI.jpg\",\"width\":932,\"height\":582,\"caption\":\"Smoke rises following an Israeli attack on Tehran Oil Refinery, in south of Tehran, Iran, June 15, 2025. Majid Asgaripour\\\/WANA (West Asia News Agency) via REUTERS ATTENTION EDITORS - THIS PICTURE WAS PROVIDED BY A THIRD PARTY TPX IMAGES OF THE DAY\"},{\"@type\":\"BreadcrumbList\",\"@id\":\"https:\\\/\\\/www.webdo.tn\\\/fr\\\/actualite\\\/national\\\/iran-la-tunisie-condamne-fermement-les-frappes-americaines\\\/378120\\\/#breadcrumb\",\"itemListElement\":[{\"@type\":\"ListItem\",\"position\":1,\"name\":\"Accueil\",\"item\":\"https:\\\/\\\/www.webdo.tn\\\/fr\\\/\"},{\"@type\":\"ListItem\",\"position\":2,\"name\":\"Iran : La Tunisie condamne fermement les frappes am\u00e9ricaines\"}]},{\"@type\":\"WebSite\",\"@id\":\"https:\\\/\\\/www.webdo.tn\\\/fr\\\/#website\",\"url\":\"https:\\\/\\\/www.webdo.tn\\\/fr\\\/\",\"name\":\"webdo\",\"description\":\"Tunisie - News en Tunisie et \u00e0 l&#039;international sur Webdo.tn\",\"publisher\":{\"@id\":\"https:\\\/\\\/www.webdo.tn\\\/fr\\\/#organization\"},\"potentialAction\":[{\"@type\":\"SearchAction\",\"target\":{\"@type\":\"EntryPoint\",\"urlTemplate\":\"https:\\\/\\\/www.webdo.tn\\\/fr\\\/?s={search_term_string}\"},\"query-input\":{\"@type\":\"PropertyValueSpecification\",\"valueRequired\":true,\"valueName\":\"search_term_string\"}}],\"inLanguage\":\"fr-FR\"},{\"@type\":\"Organization\",\"@id\":\"https:\\\/\\\/www.webdo.tn\\\/fr\\\/#organization\",\"name\":\"Webdo\",\"alternateName\":\"Webdo.tn\",\"url\":\"https:\\\/\\\/www.webdo.tn\\\/fr\\\/\",\"logo\":{\"@type\":\"ImageObject\",\"inLanguage\":\"fr-FR\",\"@id\":\"https:\\\/\\\/www.webdo.tn\\\/fr\\\/#\\\/schema\\\/logo\\\/image\\\/\",\"url\":\"https:\\\/\\\/www.webdo.tn\\\/fr\\\/wp-content\\\/uploads\\\/2025\\\/06\\\/Webdo-Tunisie_168377.jpg\",\"contentUrl\":\"https:\\\/\\\/www.webdo.tn\\\/fr\\\/wp-content\\\/uploads\\\/2025\\\/06\\\/Webdo-Tunisie_168377.jpg\",\"width\":301,\"height\":301,\"caption\":\"Webdo\"},\"image\":{\"@id\":\"https:\\\/\\\/www.webdo.tn\\\/fr\\\/#\\\/schema\\\/logo\\\/image\\\/\"},\"sameAs\":[\"https:\\\/\\\/www.facebook.com\\\/webdotn\",\"https:\\\/\\\/x.com\\\/webdo_tn\"],\"description\":\"Webdo est un m\u00e9dia num\u00e9rique tunisien fond\u00e9 en 2010, sp\u00e9cialis\u00e9 dans l\u2019actualit\u00e9 nationale et internationale, l\u2019\u00e9conomie, la soci\u00e9t\u00e9 et les analyses politiques. Le site s\u2019adresse \u00e0 un large public francophone et couvre l\u2019information tunisienne en temps r\u00e9el.\",\"email\":\"redac@webdo.tn\",\"legalName\":\"YNJ SARL\",\"foundingDate\":\"2010-09-06\",\"numberOfEmployees\":{\"@type\":\"QuantitativeValue\",\"minValue\":\"11\",\"maxValue\":\"50\"}},{\"@type\":\"Person\",\"@id\":\"https:\\\/\\\/www.webdo.tn\\\/fr\\\/#\\\/schema\\\/person\\\/b9ecde7a5574cb4fcf4b496ea5fadb15\",\"name\":\"Wided Belhaj\",\"image\":{\"@type\":\"ImageObject\",\"inLanguage\":\"fr-FR\",\"@id\":\"https:\\\/\\\/www.webdo.tn\\\/fr\\\/wp-content\\\/uploads\\\/2026\\\/04\\\/wided-belhaj_avatar-96x96.jpg\",\"url\":\"https:\\\/\\\/www.webdo.tn\\\/fr\\\/wp-content\\\/uploads\\\/2026\\\/04\\\/wided-belhaj_avatar-96x96.jpg\",\"contentUrl\":\"https:\\\/\\\/www.webdo.tn\\\/fr\\\/wp-content\\\/uploads\\\/2026\\\/04\\\/wided-belhaj_avatar-96x96.jpg\",\"caption\":\"Wided Belhaj\"},\"description\":\"Wided Belhaj est le pseudonyme \u00e9ditorial utilis\u00e9 par Khalil Jelassi, journaliste, ma\u00eetre-assistant \u00e0 l\u2019Institut de presse et des sciences de l\u2019information (IPSI) et chercheur en sciences de l\u2019information et de la communication. Cette signature est d\u00e9di\u00e9e \u00e0 l\u2019analyse des m\u00e9dias, des pratiques journalistiques et des mutations de l\u2019information \u00e0 l\u2019\u00e8re digitale. \u00c0 travers ses contributions, Wided Belhaj propose une lecture analytique de l\u2019actualit\u00e9, en croisant regard critique et expertise acad\u00e9mique.\",\"knowsAbout\":[\"m\u00e9dias\",\"journalisme\",\"communication\",\"information\",\"transformation num\u00e9rique\",\"analyse des m\u00e9dias\"],\"knowsLanguage\":[\"Fran\u00e7ais\",\"Arabe\"],\"jobTitle\":\"Webdo.tn\",\"worksFor\":\"Journaliste \u2013 Analyse des m\u00e9dias\",\"url\":\"https:\\\/\\\/www.webdo.tn\\\/fr\\\/actualite\\\/author\\\/wided-belhaj\\\/\"}]}<\/script>\n<!-- \/ Yoast SEO Premium plugin. -->","yoast_head_json":{"title":"Iran : La Tunisie condamne fermement les frappes am\u00e9ricaines - webdo","description":"La Tunisie condamne les frappes men\u00e9es contre l'Iran. D\u00e9couvrez les implications et les r\u00e9actions internationales.","canonical":"https:\/\/www.webdo.tn\/fr\/actualite\/national\/iran-la-tunisie-condamne-fermement-les-frappes-americaines\/378120\/","og_locale":"fr_FR","og_type":"article","og_title":"Iran : La Tunisie condamne fermement les frappes am\u00e9ricaines","og_description":"La Tunisie condamne les frappes men\u00e9es contre l'Iran. D\u00e9couvrez les implications et les r\u00e9actions internationales.","og_url":"https:\/\/www.webdo.tn\/fr\/actualite\/national\/iran-la-tunisie-condamne-fermement-les-frappes-americaines\/378120\/","og_site_name":"webdo","article_publisher":"https:\/\/www.facebook.com\/webdotn","article_published_time":"2025-06-23T06:21:42+00:00","article_modified_time":"2025-06-23T10:54:12+00:00","og_image":[{"width":932,"height":582,"url":"https:\/\/www.webdo.tn\/fr\/wp-content\/uploads\/2025\/06\/GHYLU7XM7BGTLBLECL6L7QLMDI.jpg","type":"image\/jpeg"}],"author":"Wided Belhaj","twitter_card":"summary_large_image","twitter_creator":"@webdo_tn","twitter_site":"@webdo_tn","twitter_misc":{"\u00c9crit par":"Wided Belhaj","Dur\u00e9e de lecture estim\u00e9e":"2 minutes"},"schema":{"@context":"https:\/\/schema.org","@graph":[{"@type":"NewsArticle","@id":"https:\/\/www.webdo.tn\/fr\/actualite\/national\/iran-la-tunisie-condamne-fermement-les-frappes-americaines\/378120\/#article","isPartOf":{"@id":"https:\/\/www.webdo.tn\/fr\/actualite\/national\/iran-la-tunisie-condamne-fermement-les-frappes-americaines\/378120\/"},"author":{"name":"Wided Belhaj","@id":"https:\/\/www.webdo.tn\/fr\/#\/schema\/person\/b9ecde7a5574cb4fcf4b496ea5fadb15"},"headline":"Iran : La Tunisie condamne fermement les frappes am\u00e9ricaines","datePublished":"2025-06-23T06:21:42+00:00","dateModified":"2025-06-23T10:54:12+00:00","mainEntityOfPage":{"@id":"https:\/\/www.webdo.tn\/fr\/actualite\/national\/iran-la-tunisie-condamne-fermement-les-frappes-americaines\/378120\/"},"wordCount":381,"commentCount":0,"publisher":{"@id":"https:\/\/www.webdo.tn\/fr\/#organization"},"image":{"@id":"https:\/\/www.webdo.tn\/fr\/actualite\/national\/iran-la-tunisie-condamne-fermement-les-frappes-americaines\/378120\/#primaryimage"},"thumbnailUrl":"https:\/\/www.webdo.tn\/fr\/wp-content\/uploads\/2025\/06\/GHYLU7XM7BGTLBLECL6L7QLMDI.jpg","keywords":["Iran","isra\u00ebl","Tunisie"],"articleSection":["National"],"inLanguage":"fr-FR"},{"@type":"WebPage","@id":"https:\/\/www.webdo.tn\/fr\/actualite\/national\/iran-la-tunisie-condamne-fermement-les-frappes-americaines\/378120\/","url":"https:\/\/www.webdo.tn\/fr\/actualite\/national\/iran-la-tunisie-condamne-fermement-les-frappes-americaines\/378120\/","name":"Iran : La Tunisie condamne fermement les frappes am\u00e9ricaines - webdo","isPartOf":{"@id":"https:\/\/www.webdo.tn\/fr\/#website"},"primaryImageOfPage":{"@id":"https:\/\/www.webdo.tn\/fr\/actualite\/national\/iran-la-tunisie-condamne-fermement-les-frappes-americaines\/378120\/#primaryimage"},"image":{"@id":"https:\/\/www.webdo.tn\/fr\/actualite\/national\/iran-la-tunisie-condamne-fermement-les-frappes-americaines\/378120\/#primaryimage"},"thumbnailUrl":"https:\/\/www.webdo.tn\/fr\/wp-content\/uploads\/2025\/06\/GHYLU7XM7BGTLBLECL6L7QLMDI.jpg","datePublished":"2025-06-23T06:21:42+00:00","dateModified":"2025-06-23T10:54:12+00:00","description":"La Tunisie condamne les frappes men\u00e9es contre l'Iran. D\u00e9couvrez les implications et les r\u00e9actions internationales.","breadcrumb":{"@id":"https:\/\/www.webdo.tn\/fr\/actualite\/national\/iran-la-tunisie-condamne-fermement-les-frappes-americaines\/378120\/#breadcrumb"},"inLanguage":"fr-FR","potentialAction":[{"@type":"ReadAction","target":["https:\/\/www.webdo.tn\/fr\/actualite\/national\/iran-la-tunisie-condamne-fermement-les-frappes-americaines\/378120\/"]}]},{"@type":"ImageObject","inLanguage":"fr-FR","@id":"https:\/\/www.webdo.tn\/fr\/actualite\/national\/iran-la-tunisie-condamne-fermement-les-frappes-americaines\/378120\/#primaryimage","url":"https:\/\/www.webdo.tn\/fr\/wp-content\/uploads\/2025\/06\/GHYLU7XM7BGTLBLECL6L7QLMDI.jpg","contentUrl":"https:\/\/www.webdo.tn\/fr\/wp-content\/uploads\/2025\/06\/GHYLU7XM7BGTLBLECL6L7QLMDI.jpg","width":932,"height":582,"caption":"Smoke rises following an Israeli attack on Tehran Oil Refinery, in south of Tehran, Iran, June 15, 2025. Majid Asgaripour\/WANA (West Asia News Agency) via REUTERS ATTENTION EDITORS - THIS PICTURE WAS PROVIDED BY A THIRD PARTY TPX IMAGES OF THE DAY"},{"@type":"BreadcrumbList","@id":"https:\/\/www.webdo.tn\/fr\/actualite\/national\/iran-la-tunisie-condamne-fermement-les-frappes-americaines\/378120\/#breadcrumb","itemListElement":[{"@type":"ListItem","position":1,"name":"Accueil","item":"https:\/\/www.webdo.tn\/fr\/"},{"@type":"ListItem","position":2,"name":"Iran : La Tunisie condamne fermement les frappes am\u00e9ricaines"}]},{"@type":"WebSite","@id":"https:\/\/www.webdo.tn\/fr\/#website","url":"https:\/\/www.webdo.tn\/fr\/","name":"webdo","description":"Tunisie - News en Tunisie et \u00e0 l&#039;international sur Webdo.tn","publisher":{"@id":"https:\/\/www.webdo.tn\/fr\/#organization"},"potentialAction":[{"@type":"SearchAction","target":{"@type":"EntryPoint","urlTemplate":"https:\/\/www.webdo.tn\/fr\/?s={search_term_string}"},"query-input":{"@type":"PropertyValueSpecification","valueRequired":true,"valueName":"search_term_string"}}],"inLanguage":"fr-FR"},{"@type":"Organization","@id":"https:\/\/www.webdo.tn\/fr\/#organization","name":"Webdo","alternateName":"Webdo.tn","url":"https:\/\/www.webdo.tn\/fr\/","logo":{"@type":"ImageObject","inLanguage":"fr-FR","@id":"https:\/\/www.webdo.tn\/fr\/#\/schema\/logo\/image\/","url":"https:\/\/www.webdo.tn\/fr\/wp-content\/uploads\/2025\/06\/Webdo-Tunisie_168377.jpg","contentUrl":"https:\/\/www.webdo.tn\/fr\/wp-content\/uploads\/2025\/06\/Webdo-Tunisie_168377.jpg","width":301,"height":301,"caption":"Webdo"},"image":{"@id":"https:\/\/www.webdo.tn\/fr\/#\/schema\/logo\/image\/"},"sameAs":["https:\/\/www.facebook.com\/webdotn","https:\/\/x.com\/webdo_tn"],"description":"Webdo est un m\u00e9dia num\u00e9rique tunisien fond\u00e9 en 2010, sp\u00e9cialis\u00e9 dans l\u2019actualit\u00e9 nationale et internationale, l\u2019\u00e9conomie, la soci\u00e9t\u00e9 et les analyses politiques. Le site s\u2019adresse \u00e0 un large public francophone et couvre l\u2019information tunisienne en temps r\u00e9el.","email":"redac@webdo.tn","legalName":"YNJ SARL","foundingDate":"2010-09-06","numberOfEmployees":{"@type":"QuantitativeValue","minValue":"11","maxValue":"50"}},{"@type":"Person","@id":"https:\/\/www.webdo.tn\/fr\/#\/schema\/person\/b9ecde7a5574cb4fcf4b496ea5fadb15","name":"Wided Belhaj","image":{"@type":"ImageObject","inLanguage":"fr-FR","@id":"https:\/\/www.webdo.tn\/fr\/wp-content\/uploads\/2026\/04\/wided-belhaj_avatar-96x96.jpg","url":"https:\/\/www.webdo.tn\/fr\/wp-content\/uploads\/2026\/04\/wided-belhaj_avatar-96x96.jpg","contentUrl":"https:\/\/www.webdo.tn\/fr\/wp-content\/uploads\/2026\/04\/wided-belhaj_avatar-96x96.jpg","caption":"Wided Belhaj"},"description":"Wided Belhaj est le pseudonyme \u00e9ditorial utilis\u00e9 par Khalil Jelassi, journaliste, ma\u00eetre-assistant \u00e0 l\u2019Institut de presse et des sciences de l\u2019information (IPSI) et chercheur en sciences de l\u2019information et de la communication. Cette signature est d\u00e9di\u00e9e \u00e0 l\u2019analyse des m\u00e9dias, des pratiques journalistiques et des mutations de l\u2019information \u00e0 l\u2019\u00e8re digitale. \u00c0 travers ses contributions, Wided Belhaj propose une lecture analytique de l\u2019actualit\u00e9, en croisant regard critique et expertise acad\u00e9mique.","knowsAbout":["m\u00e9dias","journalisme","communication","information","transformation num\u00e9rique","analyse des m\u00e9dias"],"knowsLanguage":["Fran\u00e7ais","Arabe"],"jobTitle":"Webdo.tn","worksFor":"Journaliste \u2013 Analyse des m\u00e9dias","url":"https:\/\/www.webdo.tn\/fr\/actualite\/author\/wided-belhaj\/"}]}},"_links":{"self":[{"href":"https:\/\/www.webdo.tn\/fr\/wp-json\/wp\/v2\/posts\/378120","targetHints":{"allow":["GET"]}}],"collection":[{"href":"https:\/\/www.webdo.tn\/fr\/wp-json\/wp\/v2\/posts"}],"about":[{"href":"https:\/\/www.webdo.tn\/fr\/wp-json\/wp\/v2\/types\/post"}],"author":[{"embeddable":true,"href":"https:\/\/www.webdo.tn\/fr\/wp-json\/wp\/v2\/users\/3184"}],"replies":[{"embeddable":true,"href":"https:\/\/www.webdo.tn\/fr\/wp-json\/wp\/v2\/comments?post=378120"}],"version-history":[{"count":0,"href":"https:\/\/www.webdo.tn\/fr\/wp-json\/wp\/v2\/posts\/378120\/revisions"}],"wp:featuredmedia":[{"embeddable":true,"href":"https:\/\/www.webdo.tn\/fr\/wp-json\/wp\/v2\/media\/377905"}],"wp:attachment":[{"href":"https:\/\/www.webdo.tn\/fr\/wp-json\/wp\/v2\/media?parent=378120"}],"wp:term":[{"taxonomy":"category","embeddable":true,"href":"https:\/\/www.webdo.tn\/fr\/wp-json\/wp\/v2\/categories?post=378120"},{"taxonomy":"post_tag","embeddable":true,"href":"https:\/\/www.webdo.tn\/fr\/wp-json\/wp\/v2\/tags?post=378120"}],"curies":[{"name":"wp","href":"https:\/\/api.w.org\/{rel}","templated":true}]}}