{"id":378116,"date":"2025-06-22T14:51:02","date_gmt":"2025-06-22T13:51:02","guid":{"rendered":"https:\/\/www.webdo.tn\/fr\/?p=378116"},"modified":"2025-06-23T09:29:59","modified_gmt":"2025-06-23T08:29:59","slug":"les-etats-unis-annoncent-avoir-devaste-le-programme-nucleaire-iranien","status":"publish","type":"post","link":"https:\/\/www.webdo.tn\/fr\/actualite\/international\/les-etats-unis-annoncent-avoir-devaste-le-programme-nucleaire-iranien\/378116\/","title":{"rendered":"Les \u00c9tats-Unis annoncent avoir \u00ab\u00a0d\u00e9vast\u00e9\u00a0\u00bb le programme nucl\u00e9aire iranien"},"content":{"rendered":"\n<p><\/p>\n\n\n\n<p><strong>Au lendemain d\u2019une op\u00e9ration militaire d\u2019envergure contre des installations nucl\u00e9aires iraniennes, le secr\u00e9taire am\u00e9ricain \u00e0 la D\u00e9fense, Pete Hegseth, a affirm\u00e9 que les \u00c9tats-Unis avaient \u00ab d\u00e9vast\u00e9 le programme nucl\u00e9aire iranien \u00bb. Lanc\u00e9e dans la nuit du 21 au 22 juin, l\u2019op\u00e9ration baptis\u00e9e <em>Marteau de minuit<\/em> visait trois sites sensibles, dont l&rsquo;installation souterraine de Fordo.<\/strong><\/p>\n\n\n\n<p>Saluant un \u00ab succ\u00e8s militaire \u00e9clatant \u00bb, Hegseth a insist\u00e9 sur la volont\u00e9 de paix du pr\u00e9sident Donald Trump. \u00ab L\u2019Iran devrait faire de m\u00eame \u00bb, a-t-il d\u00e9clar\u00e9, accusant T\u00e9h\u00e9ran d\u2019avoir franchi une \u00ab ligne rouge \u00bb en s\u2019engageant aux c\u00f4t\u00e9s d\u2019Isra\u00ebl dans le conflit r\u00e9gional. Washington justifie cette action par la n\u00e9cessit\u00e9 de bloquer l&rsquo;acc\u00e8s de l&rsquo;Iran \u00e0 l\u2019arme nucl\u00e9aire.<\/p>\n\n\n\n<p>Selon les premi\u00e8res \u00e9valuations, les frappes ont atteint leurs cibles avec pr\u00e9cision, infligeant des d\u00e9g\u00e2ts importants aux installations cl\u00e9s. Le chef d\u2019\u00e9tat-major am\u00e9ricain a r\u00e9v\u00e9l\u00e9 que 14 bombes anti-bunker ont \u00e9t\u00e9 largu\u00e9es par des bombardiers furtifs B-2, sans rencontrer de r\u00e9sistance dans l\u2019espace a\u00e9rien iranien. Des sous-marins am\u00e9ricains auraient \u00e9galement particip\u00e9 \u00e0 l\u2019op\u00e9ration, ciblant notamment des sites \u00e0 Ispahan.<\/p>\n\n\n\n<p>Le Pentagone se montre ferme : toute riposte iranienne sera accueillie par une r\u00e9ponse \u00ab encore plus puissante \u00bb. Tout en \u00e9cartant l\u2019hypoth\u00e8se d\u2019un changement de r\u00e9gime, Hegseth a r\u00e9affirm\u00e9 que l\u2019objectif restait strictement militaire \u2013 neutraliser l\u2019infrastructure nucl\u00e9aire.<\/p>\n\n\n\n<p>Sur le plan diplomatique, les \u00c9tats-Unis affirment rester ouverts au dialogue. \u00ab Le pr\u00e9sident Trump est toujours pr\u00eat \u00e0 une solution diplomatique \u00bb, a soulign\u00e9 Hegseth, d\u00e9plorant n\u00e9anmoins l\u2019absence de r\u00e9action de l\u2019Iran aux multiples tentatives de n\u00e9gociation.<\/p>\n\n\n\n<p>\u00c0 travers ces d\u00e9clarations, Washington r\u00e9affirme sa d\u00e9termination \u00e0 freiner toute avanc\u00e9e du programme nucl\u00e9aire iranien, tout en maintenant une posture de dissuasion maximale face \u00e0 toute menace dans la r\u00e9gion.<\/p>\n\n\n\n<p><\/p>\n","protected":false},"excerpt":{"rendered":"<p>Au lendemain d\u2019une op\u00e9ration militaire d\u2019envergure contre des installations nucl\u00e9aires iraniennes, le secr\u00e9taire am\u00e9ricain \u00e0 la D\u00e9fense, Pete Hegseth, a affirm\u00e9 que les \u00c9tats-Unis avaient \u00ab d\u00e9vast\u00e9 le programme nucl\u00e9aire iranien \u00bb. Lanc\u00e9e dans la nuit du 21 au 22 juin, l\u2019op\u00e9ration baptis\u00e9e Marteau de minuit visait trois sites sensibles, dont l&rsquo;installation souterraine de Fordo. [&hellip;]<\/p>\n","protected":false},"author":3184,"featured_media":378117,"comment_status":"open","ping_status":"open","sticky":false,"template":"","format":"standard","meta":{"footnotes":""},"categories":[2598],"tags":[3035,2912],"class_list":["post-378116","post","type-post","status-publish","format-standard","has-post-thumbnail","hentry","category-international","tag-etats-unis","tag-iran"],"yoast_head":"<!-- This site is optimized with the Yoast SEO Premium plugin v27.5 (Yoast SEO v27.5) - https:\/\/yoast.com\/product\/yoast-seo-premium-wordpress\/ -->\n<title>Les \u00c9tats-Unis annoncent avoir &quot;d\u00e9vast\u00e9&quot; le programme nucl\u00e9aire iranien - webdo<\/title>\n<meta name=\"description\" content=\"D\u00e9couvrez les cons\u00e9quences de l&#039;op\u00e9ration militaire contre l&#039;Iran et son impact sur le programme nucl\u00e9aire iranien.\" \/>\n<link rel=\"canonical\" href=\"https:\/\/www.webdo.tn\/fr\/actualite\/international\/les-etats-unis-annoncent-avoir-devaste-le-programme-nucleaire-iranien\/378116\/\" \/>\n<meta property=\"og:locale\" content=\"fr_FR\" \/>\n<meta property=\"og:type\" content=\"article\" \/>\n<meta property=\"og:title\" content=\"Les \u00c9tats-Unis annoncent avoir &quot;d\u00e9vast\u00e9&quot; le programme nucl\u00e9aire iranien\" \/>\n<meta property=\"og:description\" content=\"D\u00e9couvrez les cons\u00e9quences de l&#039;op\u00e9ration militaire contre l&#039;Iran et son impact sur le programme nucl\u00e9aire iranien.\" \/>\n<meta property=\"og:url\" content=\"https:\/\/www.webdo.tn\/fr\/actualite\/international\/les-etats-unis-annoncent-avoir-devaste-le-programme-nucleaire-iranien\/378116\/\" \/>\n<meta property=\"og:site_name\" content=\"webdo\" \/>\n<meta property=\"article:publisher\" content=\"https:\/\/www.facebook.com\/webdotn\" \/>\n<meta property=\"article:published_time\" content=\"2025-06-22T13:51:02+00:00\" \/>\n<meta property=\"article:modified_time\" content=\"2025-06-23T08:29:59+00:00\" \/>\n<meta property=\"og:image\" content=\"https:\/\/www.webdo.tn\/fr\/wp-content\/uploads\/2025\/06\/afp202506192220739615v3highresdodsecretaryhegsethtestifiesbeforesenatearme-1-.jpg\" \/>\n\t<meta property=\"og:image:width\" content=\"1919\" \/>\n\t<meta property=\"og:image:height\" content=\"1280\" \/>\n\t<meta property=\"og:image:type\" content=\"image\/jpeg\" \/>\n<meta name=\"author\" content=\"Wided Belhaj\" \/>\n<meta name=\"twitter:card\" content=\"summary_large_image\" \/>\n<meta name=\"twitter:creator\" content=\"@webdo_tn\" \/>\n<meta name=\"twitter:site\" content=\"@webdo_tn\" \/>\n<meta name=\"twitter:label1\" content=\"\u00c9crit par\" \/>\n\t<meta name=\"twitter:data1\" content=\"Wided Belhaj\" \/>\n\t<meta name=\"twitter:label2\" content=\"Dur\u00e9e de lecture estim\u00e9e\" \/>\n\t<meta name=\"twitter:data2\" content=\"2 minutes\" \/>\n<script type=\"application\/ld+json\" class=\"yoast-schema-graph\">{\"@context\":\"https:\\\/\\\/schema.org\",\"@graph\":[{\"@type\":\"NewsArticle\",\"@id\":\"https:\\\/\\\/www.webdo.tn\\\/fr\\\/actualite\\\/international\\\/les-etats-unis-annoncent-avoir-devaste-le-programme-nucleaire-iranien\\\/378116\\\/#article\",\"isPartOf\":{\"@id\":\"https:\\\/\\\/www.webdo.tn\\\/fr\\\/actualite\\\/international\\\/les-etats-unis-annoncent-avoir-devaste-le-programme-nucleaire-iranien\\\/378116\\\/\"},\"author\":{\"name\":\"Wided Belhaj\",\"@id\":\"https:\\\/\\\/www.webdo.tn\\\/fr\\\/#\\\/schema\\\/person\\\/b9ecde7a5574cb4fcf4b496ea5fadb15\"},\"headline\":\"Les \u00c9tats-Unis annoncent avoir \u00ab\u00a0d\u00e9vast\u00e9\u00a0\u00bb le programme nucl\u00e9aire iranien\",\"datePublished\":\"2025-06-22T13:51:02+00:00\",\"dateModified\":\"2025-06-23T08:29:59+00:00\",\"mainEntityOfPage\":{\"@id\":\"https:\\\/\\\/www.webdo.tn\\\/fr\\\/actualite\\\/international\\\/les-etats-unis-annoncent-avoir-devaste-le-programme-nucleaire-iranien\\\/378116\\\/\"},\"wordCount\":342,\"commentCount\":0,\"publisher\":{\"@id\":\"https:\\\/\\\/www.webdo.tn\\\/fr\\\/#organization\"},\"image\":{\"@id\":\"https:\\\/\\\/www.webdo.tn\\\/fr\\\/actualite\\\/international\\\/les-etats-unis-annoncent-avoir-devaste-le-programme-nucleaire-iranien\\\/378116\\\/#primaryimage\"},\"thumbnailUrl\":\"https:\\\/\\\/www.webdo.tn\\\/fr\\\/wp-content\\\/uploads\\\/2025\\\/06\\\/afp202506192220739615v3highresdodsecretaryhegsethtestifiesbeforesenatearme-1-.jpg\",\"keywords\":[\"Etats-Unis\",\"Iran\"],\"articleSection\":[\"International\"],\"inLanguage\":\"fr-FR\"},{\"@type\":\"WebPage\",\"@id\":\"https:\\\/\\\/www.webdo.tn\\\/fr\\\/actualite\\\/international\\\/les-etats-unis-annoncent-avoir-devaste-le-programme-nucleaire-iranien\\\/378116\\\/\",\"url\":\"https:\\\/\\\/www.webdo.tn\\\/fr\\\/actualite\\\/international\\\/les-etats-unis-annoncent-avoir-devaste-le-programme-nucleaire-iranien\\\/378116\\\/\",\"name\":\"Les \u00c9tats-Unis annoncent avoir \\\"d\u00e9vast\u00e9\\\" le programme nucl\u00e9aire iranien - webdo\",\"isPartOf\":{\"@id\":\"https:\\\/\\\/www.webdo.tn\\\/fr\\\/#website\"},\"primaryImageOfPage\":{\"@id\":\"https:\\\/\\\/www.webdo.tn\\\/fr\\\/actualite\\\/international\\\/les-etats-unis-annoncent-avoir-devaste-le-programme-nucleaire-iranien\\\/378116\\\/#primaryimage\"},\"image\":{\"@id\":\"https:\\\/\\\/www.webdo.tn\\\/fr\\\/actualite\\\/international\\\/les-etats-unis-annoncent-avoir-devaste-le-programme-nucleaire-iranien\\\/378116\\\/#primaryimage\"},\"thumbnailUrl\":\"https:\\\/\\\/www.webdo.tn\\\/fr\\\/wp-content\\\/uploads\\\/2025\\\/06\\\/afp202506192220739615v3highresdodsecretaryhegsethtestifiesbeforesenatearme-1-.jpg\",\"datePublished\":\"2025-06-22T13:51:02+00:00\",\"dateModified\":\"2025-06-23T08:29:59+00:00\",\"description\":\"D\u00e9couvrez les cons\u00e9quences de l'op\u00e9ration militaire contre l'Iran et son impact sur le programme nucl\u00e9aire iranien.\",\"breadcrumb\":{\"@id\":\"https:\\\/\\\/www.webdo.tn\\\/fr\\\/actualite\\\/international\\\/les-etats-unis-annoncent-avoir-devaste-le-programme-nucleaire-iranien\\\/378116\\\/#breadcrumb\"},\"inLanguage\":\"fr-FR\",\"potentialAction\":[{\"@type\":\"ReadAction\",\"target\":[\"https:\\\/\\\/www.webdo.tn\\\/fr\\\/actualite\\\/international\\\/les-etats-unis-annoncent-avoir-devaste-le-programme-nucleaire-iranien\\\/378116\\\/\"]}]},{\"@type\":\"ImageObject\",\"inLanguage\":\"fr-FR\",\"@id\":\"https:\\\/\\\/www.webdo.tn\\\/fr\\\/actualite\\\/international\\\/les-etats-unis-annoncent-avoir-devaste-le-programme-nucleaire-iranien\\\/378116\\\/#primaryimage\",\"url\":\"https:\\\/\\\/www.webdo.tn\\\/fr\\\/wp-content\\\/uploads\\\/2025\\\/06\\\/afp202506192220739615v3highresdodsecretaryhegsethtestifiesbeforesenatearme-1-.jpg\",\"contentUrl\":\"https:\\\/\\\/www.webdo.tn\\\/fr\\\/wp-content\\\/uploads\\\/2025\\\/06\\\/afp202506192220739615v3highresdodsecretaryhegsethtestifiesbeforesenatearme-1-.jpg\",\"width\":1919,\"height\":1280},{\"@type\":\"BreadcrumbList\",\"@id\":\"https:\\\/\\\/www.webdo.tn\\\/fr\\\/actualite\\\/international\\\/les-etats-unis-annoncent-avoir-devaste-le-programme-nucleaire-iranien\\\/378116\\\/#breadcrumb\",\"itemListElement\":[{\"@type\":\"ListItem\",\"position\":1,\"name\":\"Accueil\",\"item\":\"https:\\\/\\\/www.webdo.tn\\\/fr\\\/\"},{\"@type\":\"ListItem\",\"position\":2,\"name\":\"Les \u00c9tats-Unis annoncent avoir \u00ab\u00a0d\u00e9vast\u00e9\u00a0\u00bb le programme nucl\u00e9aire iranien\"}]},{\"@type\":\"WebSite\",\"@id\":\"https:\\\/\\\/www.webdo.tn\\\/fr\\\/#website\",\"url\":\"https:\\\/\\\/www.webdo.tn\\\/fr\\\/\",\"name\":\"webdo\",\"description\":\"Tunisie - News en Tunisie et \u00e0 l&#039;international sur Webdo.tn\",\"publisher\":{\"@id\":\"https:\\\/\\\/www.webdo.tn\\\/fr\\\/#organization\"},\"potentialAction\":[{\"@type\":\"SearchAction\",\"target\":{\"@type\":\"EntryPoint\",\"urlTemplate\":\"https:\\\/\\\/www.webdo.tn\\\/fr\\\/?s={search_term_string}\"},\"query-input\":{\"@type\":\"PropertyValueSpecification\",\"valueRequired\":true,\"valueName\":\"search_term_string\"}}],\"inLanguage\":\"fr-FR\"},{\"@type\":\"Organization\",\"@id\":\"https:\\\/\\\/www.webdo.tn\\\/fr\\\/#organization\",\"name\":\"Webdo\",\"alternateName\":\"Webdo.tn\",\"url\":\"https:\\\/\\\/www.webdo.tn\\\/fr\\\/\",\"logo\":{\"@type\":\"ImageObject\",\"inLanguage\":\"fr-FR\",\"@id\":\"https:\\\/\\\/www.webdo.tn\\\/fr\\\/#\\\/schema\\\/logo\\\/image\\\/\",\"url\":\"https:\\\/\\\/www.webdo.tn\\\/fr\\\/wp-content\\\/uploads\\\/2025\\\/06\\\/Webdo-Tunisie_168377.jpg\",\"contentUrl\":\"https:\\\/\\\/www.webdo.tn\\\/fr\\\/wp-content\\\/uploads\\\/2025\\\/06\\\/Webdo-Tunisie_168377.jpg\",\"width\":301,\"height\":301,\"caption\":\"Webdo\"},\"image\":{\"@id\":\"https:\\\/\\\/www.webdo.tn\\\/fr\\\/#\\\/schema\\\/logo\\\/image\\\/\"},\"sameAs\":[\"https:\\\/\\\/www.facebook.com\\\/webdotn\",\"https:\\\/\\\/x.com\\\/webdo_tn\"],\"description\":\"Webdo est un m\u00e9dia num\u00e9rique tunisien fond\u00e9 en 2010, sp\u00e9cialis\u00e9 dans l\u2019actualit\u00e9 nationale et internationale, l\u2019\u00e9conomie, la soci\u00e9t\u00e9 et les analyses politiques. Le site s\u2019adresse \u00e0 un large public francophone et couvre l\u2019information tunisienne en temps r\u00e9el.\",\"email\":\"redac@webdo.tn\",\"legalName\":\"YNJ SARL\",\"foundingDate\":\"2010-09-06\",\"numberOfEmployees\":{\"@type\":\"QuantitativeValue\",\"minValue\":\"11\",\"maxValue\":\"50\"}},{\"@type\":\"Person\",\"@id\":\"https:\\\/\\\/www.webdo.tn\\\/fr\\\/#\\\/schema\\\/person\\\/b9ecde7a5574cb4fcf4b496ea5fadb15\",\"name\":\"Wided Belhaj\",\"image\":{\"@type\":\"ImageObject\",\"inLanguage\":\"fr-FR\",\"@id\":\"https:\\\/\\\/www.webdo.tn\\\/fr\\\/wp-content\\\/uploads\\\/2026\\\/04\\\/wided-belhaj_avatar-96x96.jpg\",\"url\":\"https:\\\/\\\/www.webdo.tn\\\/fr\\\/wp-content\\\/uploads\\\/2026\\\/04\\\/wided-belhaj_avatar-96x96.jpg\",\"contentUrl\":\"https:\\\/\\\/www.webdo.tn\\\/fr\\\/wp-content\\\/uploads\\\/2026\\\/04\\\/wided-belhaj_avatar-96x96.jpg\",\"caption\":\"Wided Belhaj\"},\"description\":\"Wided Belhaj est le pseudonyme \u00e9ditorial utilis\u00e9 par Khalil Jelassi, journaliste, ma\u00eetre-assistant \u00e0 l\u2019Institut de presse et des sciences de l\u2019information (IPSI) et chercheur en sciences de l\u2019information et de la communication. Cette signature est d\u00e9di\u00e9e \u00e0 l\u2019analyse des m\u00e9dias, des pratiques journalistiques et des mutations de l\u2019information \u00e0 l\u2019\u00e8re digitale. \u00c0 travers ses contributions, Wided Belhaj propose une lecture analytique de l\u2019actualit\u00e9, en croisant regard critique et expertise acad\u00e9mique.\",\"knowsAbout\":[\"m\u00e9dias\",\"journalisme\",\"communication\",\"information\",\"transformation num\u00e9rique\",\"analyse des m\u00e9dias\"],\"knowsLanguage\":[\"Fran\u00e7ais\",\"Arabe\"],\"jobTitle\":\"Webdo.tn\",\"worksFor\":\"Journaliste \u2013 Analyse des m\u00e9dias\",\"url\":\"https:\\\/\\\/www.webdo.tn\\\/fr\\\/actualite\\\/author\\\/wided-belhaj\\\/\"}]}<\/script>\n<!-- \/ Yoast SEO Premium plugin. -->","yoast_head_json":{"title":"Les \u00c9tats-Unis annoncent avoir \"d\u00e9vast\u00e9\" le programme nucl\u00e9aire iranien - webdo","description":"D\u00e9couvrez les cons\u00e9quences de l'op\u00e9ration militaire contre l'Iran et son impact sur le programme nucl\u00e9aire iranien.","canonical":"https:\/\/www.webdo.tn\/fr\/actualite\/international\/les-etats-unis-annoncent-avoir-devaste-le-programme-nucleaire-iranien\/378116\/","og_locale":"fr_FR","og_type":"article","og_title":"Les \u00c9tats-Unis annoncent avoir \"d\u00e9vast\u00e9\" le programme nucl\u00e9aire iranien","og_description":"D\u00e9couvrez les cons\u00e9quences de l'op\u00e9ration militaire contre l'Iran et son impact sur le programme nucl\u00e9aire iranien.","og_url":"https:\/\/www.webdo.tn\/fr\/actualite\/international\/les-etats-unis-annoncent-avoir-devaste-le-programme-nucleaire-iranien\/378116\/","og_site_name":"webdo","article_publisher":"https:\/\/www.facebook.com\/webdotn","article_published_time":"2025-06-22T13:51:02+00:00","article_modified_time":"2025-06-23T08:29:59+00:00","og_image":[{"width":1919,"height":1280,"url":"https:\/\/www.webdo.tn\/fr\/wp-content\/uploads\/2025\/06\/afp202506192220739615v3highresdodsecretaryhegsethtestifiesbeforesenatearme-1-.jpg","type":"image\/jpeg"}],"author":"Wided Belhaj","twitter_card":"summary_large_image","twitter_creator":"@webdo_tn","twitter_site":"@webdo_tn","twitter_misc":{"\u00c9crit par":"Wided Belhaj","Dur\u00e9e de lecture estim\u00e9e":"2 minutes"},"schema":{"@context":"https:\/\/schema.org","@graph":[{"@type":"NewsArticle","@id":"https:\/\/www.webdo.tn\/fr\/actualite\/international\/les-etats-unis-annoncent-avoir-devaste-le-programme-nucleaire-iranien\/378116\/#article","isPartOf":{"@id":"https:\/\/www.webdo.tn\/fr\/actualite\/international\/les-etats-unis-annoncent-avoir-devaste-le-programme-nucleaire-iranien\/378116\/"},"author":{"name":"Wided Belhaj","@id":"https:\/\/www.webdo.tn\/fr\/#\/schema\/person\/b9ecde7a5574cb4fcf4b496ea5fadb15"},"headline":"Les \u00c9tats-Unis annoncent avoir \u00ab\u00a0d\u00e9vast\u00e9\u00a0\u00bb le programme nucl\u00e9aire iranien","datePublished":"2025-06-22T13:51:02+00:00","dateModified":"2025-06-23T08:29:59+00:00","mainEntityOfPage":{"@id":"https:\/\/www.webdo.tn\/fr\/actualite\/international\/les-etats-unis-annoncent-avoir-devaste-le-programme-nucleaire-iranien\/378116\/"},"wordCount":342,"commentCount":0,"publisher":{"@id":"https:\/\/www.webdo.tn\/fr\/#organization"},"image":{"@id":"https:\/\/www.webdo.tn\/fr\/actualite\/international\/les-etats-unis-annoncent-avoir-devaste-le-programme-nucleaire-iranien\/378116\/#primaryimage"},"thumbnailUrl":"https:\/\/www.webdo.tn\/fr\/wp-content\/uploads\/2025\/06\/afp202506192220739615v3highresdodsecretaryhegsethtestifiesbeforesenatearme-1-.jpg","keywords":["Etats-Unis","Iran"],"articleSection":["International"],"inLanguage":"fr-FR"},{"@type":"WebPage","@id":"https:\/\/www.webdo.tn\/fr\/actualite\/international\/les-etats-unis-annoncent-avoir-devaste-le-programme-nucleaire-iranien\/378116\/","url":"https:\/\/www.webdo.tn\/fr\/actualite\/international\/les-etats-unis-annoncent-avoir-devaste-le-programme-nucleaire-iranien\/378116\/","name":"Les \u00c9tats-Unis annoncent avoir \"d\u00e9vast\u00e9\" le programme nucl\u00e9aire iranien - webdo","isPartOf":{"@id":"https:\/\/www.webdo.tn\/fr\/#website"},"primaryImageOfPage":{"@id":"https:\/\/www.webdo.tn\/fr\/actualite\/international\/les-etats-unis-annoncent-avoir-devaste-le-programme-nucleaire-iranien\/378116\/#primaryimage"},"image":{"@id":"https:\/\/www.webdo.tn\/fr\/actualite\/international\/les-etats-unis-annoncent-avoir-devaste-le-programme-nucleaire-iranien\/378116\/#primaryimage"},"thumbnailUrl":"https:\/\/www.webdo.tn\/fr\/wp-content\/uploads\/2025\/06\/afp202506192220739615v3highresdodsecretaryhegsethtestifiesbeforesenatearme-1-.jpg","datePublished":"2025-06-22T13:51:02+00:00","dateModified":"2025-06-23T08:29:59+00:00","description":"D\u00e9couvrez les cons\u00e9quences de l'op\u00e9ration militaire contre l'Iran et son impact sur le programme nucl\u00e9aire iranien.","breadcrumb":{"@id":"https:\/\/www.webdo.tn\/fr\/actualite\/international\/les-etats-unis-annoncent-avoir-devaste-le-programme-nucleaire-iranien\/378116\/#breadcrumb"},"inLanguage":"fr-FR","potentialAction":[{"@type":"ReadAction","target":["https:\/\/www.webdo.tn\/fr\/actualite\/international\/les-etats-unis-annoncent-avoir-devaste-le-programme-nucleaire-iranien\/378116\/"]}]},{"@type":"ImageObject","inLanguage":"fr-FR","@id":"https:\/\/www.webdo.tn\/fr\/actualite\/international\/les-etats-unis-annoncent-avoir-devaste-le-programme-nucleaire-iranien\/378116\/#primaryimage","url":"https:\/\/www.webdo.tn\/fr\/wp-content\/uploads\/2025\/06\/afp202506192220739615v3highresdodsecretaryhegsethtestifiesbeforesenatearme-1-.jpg","contentUrl":"https:\/\/www.webdo.tn\/fr\/wp-content\/uploads\/2025\/06\/afp202506192220739615v3highresdodsecretaryhegsethtestifiesbeforesenatearme-1-.jpg","width":1919,"height":1280},{"@type":"BreadcrumbList","@id":"https:\/\/www.webdo.tn\/fr\/actualite\/international\/les-etats-unis-annoncent-avoir-devaste-le-programme-nucleaire-iranien\/378116\/#breadcrumb","itemListElement":[{"@type":"ListItem","position":1,"name":"Accueil","item":"https:\/\/www.webdo.tn\/fr\/"},{"@type":"ListItem","position":2,"name":"Les \u00c9tats-Unis annoncent avoir \u00ab\u00a0d\u00e9vast\u00e9\u00a0\u00bb le programme nucl\u00e9aire iranien"}]},{"@type":"WebSite","@id":"https:\/\/www.webdo.tn\/fr\/#website","url":"https:\/\/www.webdo.tn\/fr\/","name":"webdo","description":"Tunisie - News en Tunisie et \u00e0 l&#039;international sur Webdo.tn","publisher":{"@id":"https:\/\/www.webdo.tn\/fr\/#organization"},"potentialAction":[{"@type":"SearchAction","target":{"@type":"EntryPoint","urlTemplate":"https:\/\/www.webdo.tn\/fr\/?s={search_term_string}"},"query-input":{"@type":"PropertyValueSpecification","valueRequired":true,"valueName":"search_term_string"}}],"inLanguage":"fr-FR"},{"@type":"Organization","@id":"https:\/\/www.webdo.tn\/fr\/#organization","name":"Webdo","alternateName":"Webdo.tn","url":"https:\/\/www.webdo.tn\/fr\/","logo":{"@type":"ImageObject","inLanguage":"fr-FR","@id":"https:\/\/www.webdo.tn\/fr\/#\/schema\/logo\/image\/","url":"https:\/\/www.webdo.tn\/fr\/wp-content\/uploads\/2025\/06\/Webdo-Tunisie_168377.jpg","contentUrl":"https:\/\/www.webdo.tn\/fr\/wp-content\/uploads\/2025\/06\/Webdo-Tunisie_168377.jpg","width":301,"height":301,"caption":"Webdo"},"image":{"@id":"https:\/\/www.webdo.tn\/fr\/#\/schema\/logo\/image\/"},"sameAs":["https:\/\/www.facebook.com\/webdotn","https:\/\/x.com\/webdo_tn"],"description":"Webdo est un m\u00e9dia num\u00e9rique tunisien fond\u00e9 en 2010, sp\u00e9cialis\u00e9 dans l\u2019actualit\u00e9 nationale et internationale, l\u2019\u00e9conomie, la soci\u00e9t\u00e9 et les analyses politiques. Le site s\u2019adresse \u00e0 un large public francophone et couvre l\u2019information tunisienne en temps r\u00e9el.","email":"redac@webdo.tn","legalName":"YNJ SARL","foundingDate":"2010-09-06","numberOfEmployees":{"@type":"QuantitativeValue","minValue":"11","maxValue":"50"}},{"@type":"Person","@id":"https:\/\/www.webdo.tn\/fr\/#\/schema\/person\/b9ecde7a5574cb4fcf4b496ea5fadb15","name":"Wided Belhaj","image":{"@type":"ImageObject","inLanguage":"fr-FR","@id":"https:\/\/www.webdo.tn\/fr\/wp-content\/uploads\/2026\/04\/wided-belhaj_avatar-96x96.jpg","url":"https:\/\/www.webdo.tn\/fr\/wp-content\/uploads\/2026\/04\/wided-belhaj_avatar-96x96.jpg","contentUrl":"https:\/\/www.webdo.tn\/fr\/wp-content\/uploads\/2026\/04\/wided-belhaj_avatar-96x96.jpg","caption":"Wided Belhaj"},"description":"Wided Belhaj est le pseudonyme \u00e9ditorial utilis\u00e9 par Khalil Jelassi, journaliste, ma\u00eetre-assistant \u00e0 l\u2019Institut de presse et des sciences de l\u2019information (IPSI) et chercheur en sciences de l\u2019information et de la communication. Cette signature est d\u00e9di\u00e9e \u00e0 l\u2019analyse des m\u00e9dias, des pratiques journalistiques et des mutations de l\u2019information \u00e0 l\u2019\u00e8re digitale. \u00c0 travers ses contributions, Wided Belhaj propose une lecture analytique de l\u2019actualit\u00e9, en croisant regard critique et expertise acad\u00e9mique.","knowsAbout":["m\u00e9dias","journalisme","communication","information","transformation num\u00e9rique","analyse des m\u00e9dias"],"knowsLanguage":["Fran\u00e7ais","Arabe"],"jobTitle":"Webdo.tn","worksFor":"Journaliste \u2013 Analyse des m\u00e9dias","url":"https:\/\/www.webdo.tn\/fr\/actualite\/author\/wided-belhaj\/"}]}},"_links":{"self":[{"href":"https:\/\/www.webdo.tn\/fr\/wp-json\/wp\/v2\/posts\/378116","targetHints":{"allow":["GET"]}}],"collection":[{"href":"https:\/\/www.webdo.tn\/fr\/wp-json\/wp\/v2\/posts"}],"about":[{"href":"https:\/\/www.webdo.tn\/fr\/wp-json\/wp\/v2\/types\/post"}],"author":[{"embeddable":true,"href":"https:\/\/www.webdo.tn\/fr\/wp-json\/wp\/v2\/users\/3184"}],"replies":[{"embeddable":true,"href":"https:\/\/www.webdo.tn\/fr\/wp-json\/wp\/v2\/comments?post=378116"}],"version-history":[{"count":0,"href":"https:\/\/www.webdo.tn\/fr\/wp-json\/wp\/v2\/posts\/378116\/revisions"}],"wp:featuredmedia":[{"embeddable":true,"href":"https:\/\/www.webdo.tn\/fr\/wp-json\/wp\/v2\/media\/378117"}],"wp:attachment":[{"href":"https:\/\/www.webdo.tn\/fr\/wp-json\/wp\/v2\/media?parent=378116"}],"wp:term":[{"taxonomy":"category","embeddable":true,"href":"https:\/\/www.webdo.tn\/fr\/wp-json\/wp\/v2\/categories?post=378116"},{"taxonomy":"post_tag","embeddable":true,"href":"https:\/\/www.webdo.tn\/fr\/wp-json\/wp\/v2\/tags?post=378116"}],"curies":[{"name":"wp","href":"https:\/\/api.w.org\/{rel}","templated":true}]}}