{"id":378110,"date":"2025-06-22T11:26:23","date_gmt":"2025-06-22T10:26:23","guid":{"rendered":"https:\/\/www.webdo.tn\/fr\/?p=378110"},"modified":"2025-06-22T11:27:39","modified_gmt":"2025-06-22T10:27:39","slug":"quand-mbappe-et-yamal-decrochent-le-bac-en-tunisie","status":"publish","type":"post","link":"https:\/\/www.webdo.tn\/fr\/actualite\/edito\/quand-mbappe-et-yamal-decrochent-le-bac-en-tunisie\/378110\/","title":{"rendered":"Quand Mbapp\u00e9 et Yamal d\u00e9crochent le bac en Tunisie !"},"content":{"rendered":"\n<p><\/p>\n\n\n\n<p><strong>\u00c0 l\u2019annonce des r\u00e9sultats du baccalaur\u00e9at en Tunisie, les r\u00e9seaux sociaux se sont rapidement enflamm\u00e9s, comme chaque ann\u00e9e, avec une vague de f\u00e9licitations, de statistiques et d\u2019\u00e9motions. <\/strong><\/p>\n\n\n\n<p>Mais cette fois, une s\u00e9rie de publications humoristiques a retenu l\u2019attention : des montages photo et de faux bulletins annon\u00e7ant que des stars du football international, comme Kylian Mbapp\u00e9, Lamine Yamal &#8230;, auraient obtenu leur bac tunisien avec mention. Si le ton est clairement ironique, le contenu a parfois \u00e9t\u00e9 pris au s\u00e9rieux par de nombreux internautes.<\/p>\n\n\n\n<p>Ce ph\u00e9nom\u00e8ne, bien qu\u2019anecdotique en apparence, met en lumi\u00e8re un probl\u00e8me plus profond : la difficult\u00e9 persistante de distinguer le vrai du faux sur les r\u00e9seaux sociaux. \u00c0 mesure que les publications satiriques se multiplient, certains usagers \u2013 notamment parmi les g\u00e9n\u00e9rations les moins famili\u00e8res avec les codes du num\u00e9rique \u2013 tombent dans le pi\u00e8ge de la cr\u00e9dulit\u00e9. On a vu circuler de v\u00e9ritables messages de f\u00e9licitations adress\u00e9s \u00e0 ces faux bacheliers, preuve que l\u2019humour ne fait pas toujours rire tout le monde, et surtout, n\u2019est pas toujours compris.<\/p>\n\n\n\n<p>La d\u00e9sinformation, m\u00eame lorsqu\u2019elle emprunte la voie de l\u2019humour ou de la parodie, reste un fl\u00e9au en Tunisie. En se propageant \u00e0 travers des contenus viraux, elle contribue \u00e0 brouiller les rep\u00e8res du public. Car derri\u00e8re une blague apparemment inoffensive peut se cacher une cons\u00e9quence bien r\u00e9elle : la banalisation de la fausse information et la perte de vigilance face \u00e0 la v\u00e9racit\u00e9 des contenus partag\u00e9s.<\/p>\n\n\n\n<p>Ce genre de publications r\u00e9v\u00e8le aussi un d\u00e9ficit inqui\u00e9tant de culture num\u00e9rique. Beaucoup d\u2019internautes n\u2019ont pas encore acquis les r\u00e9flexes \u00e9l\u00e9mentaires de v\u00e9rification des sources, de compr\u00e9hension des formats satiriques ou de reconnaissance des canulars. Le fait que certains prennent pour argent comptant une plaisanterie aussi grossi\u00e8re montre \u00e0 quel point l\u2019esprit critique num\u00e9rique reste fragile, surtout chez les utilisateurs moins jeunes qui n\u2019ont pas grandi avec ces codes.<\/p>\n\n\n\n<figure class=\"wp-block-gallery has-nested-images columns-default is-cropped wp-block-gallery-1 is-layout-flex wp-block-gallery-is-layout-flex\">\n<figure class=\"wp-block-image size-large\"><img decoding=\"async\" width=\"645\" height=\"618\" data-id=\"378111\" src=\"https:\/\/www.webdo.tn\/fr\/wp-content\/uploads\/2025\/06\/Capture-decran-2025-06-22-105703.png\" alt=\"\" class=\"wp-image-378111\" srcset=\"https:\/\/www.webdo.tn\/fr\/wp-content\/uploads\/2025\/06\/Capture-decran-2025-06-22-105703.png 645w, https:\/\/www.webdo.tn\/fr\/wp-content\/uploads\/2025\/06\/Capture-decran-2025-06-22-105703-300x287.png 300w\" sizes=\"(max-width: 645px) 100vw, 645px\" \/><\/figure>\n<\/figure>\n\n\n\n<p><\/p>\n","protected":false},"excerpt":{"rendered":"<p>\u00c0 l\u2019annonce des r\u00e9sultats du baccalaur\u00e9at en Tunisie, les r\u00e9seaux sociaux se sont rapidement enflamm\u00e9s, comme chaque ann\u00e9e, avec une vague de f\u00e9licitations, de statistiques et d\u2019\u00e9motions. Mais cette fois, une s\u00e9rie de publications humoristiques a retenu l\u2019attention : des montages photo et de faux bulletins annon\u00e7ant que des stars du football international, comme Kylian [&hellip;]<\/p>\n","protected":false},"author":3204,"featured_media":378111,"comment_status":"open","ping_status":"open","sticky":false,"template":"","format":"standard","meta":{"footnotes":""},"categories":[2589],"tags":[4508,8990,2608],"class_list":["post-378110","post","type-post","status-publish","format-standard","has-post-thumbnail","hentry","category-edito","tag-bac-2025","tag-kylian-mbappe","tag-tunisie"],"yoast_head":"<!-- This site is optimized with the Yoast SEO Premium plugin v27.4 (Yoast SEO v27.5) - https:\/\/yoast.com\/product\/yoast-seo-premium-wordpress\/ -->\n<title>Quand Mbapp\u00e9 et Yamal d\u00e9crochent le bac en Tunisie ! - webdo<\/title>\n<meta name=\"description\" content=\"D\u00e9couvrez comment le Bac tunisien a suscit\u00e9 des r\u00e9actions humoristiques sur les r\u00e9seaux sociaux cette ann\u00e9e.\" \/>\n<link rel=\"canonical\" href=\"https:\/\/www.webdo.tn\/fr\/actualite\/edito\/quand-mbappe-et-yamal-decrochent-le-bac-en-tunisie\/378110\/\" \/>\n<meta property=\"og:locale\" content=\"fr_FR\" \/>\n<meta property=\"og:type\" content=\"article\" \/>\n<meta property=\"og:title\" content=\"Quand Mbapp\u00e9 et Yamal d\u00e9crochent le bac en Tunisie !\" \/>\n<meta property=\"og:description\" content=\"D\u00e9couvrez comment le Bac tunisien a suscit\u00e9 des r\u00e9actions humoristiques sur les r\u00e9seaux sociaux cette ann\u00e9e.\" \/>\n<meta property=\"og:url\" content=\"https:\/\/www.webdo.tn\/fr\/actualite\/edito\/quand-mbappe-et-yamal-decrochent-le-bac-en-tunisie\/378110\/\" \/>\n<meta property=\"og:site_name\" content=\"webdo\" \/>\n<meta property=\"article:publisher\" content=\"https:\/\/www.facebook.com\/webdotn\" \/>\n<meta property=\"article:author\" content=\"https:\/\/www.facebook.com\/khalil.jelassi.7\" \/>\n<meta property=\"article:published_time\" content=\"2025-06-22T10:26:23+00:00\" \/>\n<meta property=\"article:modified_time\" content=\"2025-06-22T10:27:39+00:00\" \/>\n<meta property=\"og:image\" content=\"https:\/\/www.webdo.tn\/fr\/wp-content\/uploads\/2025\/06\/Capture-decran-2025-06-22-105703.png\" \/>\n\t<meta property=\"og:image:width\" content=\"645\" \/>\n\t<meta property=\"og:image:height\" content=\"618\" \/>\n\t<meta property=\"og:image:type\" content=\"image\/png\" \/>\n<meta name=\"author\" content=\"Khalil JELASSI\" \/>\n<meta name=\"twitter:card\" content=\"summary_large_image\" \/>\n<meta name=\"twitter:creator\" content=\"@webdo_tn\" \/>\n<meta name=\"twitter:site\" content=\"@webdo_tn\" \/>\n<meta name=\"twitter:label1\" content=\"\u00c9crit par\" \/>\n\t<meta name=\"twitter:data1\" content=\"Khalil JELASSI\" \/>\n\t<meta name=\"twitter:label2\" content=\"Dur\u00e9e de lecture estim\u00e9e\" \/>\n\t<meta name=\"twitter:data2\" content=\"2 minutes\" \/>\n<script type=\"application\/ld+json\" class=\"yoast-schema-graph\">{\"@context\":\"https:\\\/\\\/schema.org\",\"@graph\":[{\"@type\":\"NewsArticle\",\"@id\":\"https:\\\/\\\/www.webdo.tn\\\/fr\\\/actualite\\\/edito\\\/quand-mbappe-et-yamal-decrochent-le-bac-en-tunisie\\\/378110\\\/#article\",\"isPartOf\":{\"@id\":\"https:\\\/\\\/www.webdo.tn\\\/fr\\\/actualite\\\/edito\\\/quand-mbappe-et-yamal-decrochent-le-bac-en-tunisie\\\/378110\\\/\"},\"author\":{\"name\":\"Khalil JELASSI\",\"@id\":\"https:\\\/\\\/www.webdo.tn\\\/fr\\\/#\\\/schema\\\/person\\\/5fb2f8f3d4ef4fd1d129927fd4b020ff\"},\"headline\":\"Quand Mbapp\u00e9 et Yamal d\u00e9crochent le bac en Tunisie !\",\"datePublished\":\"2025-06-22T10:26:23+00:00\",\"dateModified\":\"2025-06-22T10:27:39+00:00\",\"mainEntityOfPage\":{\"@id\":\"https:\\\/\\\/www.webdo.tn\\\/fr\\\/actualite\\\/edito\\\/quand-mbappe-et-yamal-decrochent-le-bac-en-tunisie\\\/378110\\\/\"},\"wordCount\":360,\"commentCount\":0,\"publisher\":{\"@id\":\"https:\\\/\\\/www.webdo.tn\\\/fr\\\/#organization\"},\"image\":{\"@id\":\"https:\\\/\\\/www.webdo.tn\\\/fr\\\/actualite\\\/edito\\\/quand-mbappe-et-yamal-decrochent-le-bac-en-tunisie\\\/378110\\\/#primaryimage\"},\"thumbnailUrl\":\"https:\\\/\\\/www.webdo.tn\\\/fr\\\/wp-content\\\/uploads\\\/2025\\\/06\\\/Capture-decran-2025-06-22-105703.png\",\"keywords\":[\"bac 2025\",\"Kylian Mbapp\u00e9\",\"Tunisie\"],\"articleSection\":[\"Edito\"],\"inLanguage\":\"fr-FR\"},{\"@type\":\"WebPage\",\"@id\":\"https:\\\/\\\/www.webdo.tn\\\/fr\\\/actualite\\\/edito\\\/quand-mbappe-et-yamal-decrochent-le-bac-en-tunisie\\\/378110\\\/\",\"url\":\"https:\\\/\\\/www.webdo.tn\\\/fr\\\/actualite\\\/edito\\\/quand-mbappe-et-yamal-decrochent-le-bac-en-tunisie\\\/378110\\\/\",\"name\":\"Quand Mbapp\u00e9 et Yamal d\u00e9crochent le bac en Tunisie ! - webdo\",\"isPartOf\":{\"@id\":\"https:\\\/\\\/www.webdo.tn\\\/fr\\\/#website\"},\"primaryImageOfPage\":{\"@id\":\"https:\\\/\\\/www.webdo.tn\\\/fr\\\/actualite\\\/edito\\\/quand-mbappe-et-yamal-decrochent-le-bac-en-tunisie\\\/378110\\\/#primaryimage\"},\"image\":{\"@id\":\"https:\\\/\\\/www.webdo.tn\\\/fr\\\/actualite\\\/edito\\\/quand-mbappe-et-yamal-decrochent-le-bac-en-tunisie\\\/378110\\\/#primaryimage\"},\"thumbnailUrl\":\"https:\\\/\\\/www.webdo.tn\\\/fr\\\/wp-content\\\/uploads\\\/2025\\\/06\\\/Capture-decran-2025-06-22-105703.png\",\"datePublished\":\"2025-06-22T10:26:23+00:00\",\"dateModified\":\"2025-06-22T10:27:39+00:00\",\"description\":\"D\u00e9couvrez comment le Bac tunisien a suscit\u00e9 des r\u00e9actions humoristiques sur les r\u00e9seaux sociaux cette ann\u00e9e.\",\"breadcrumb\":{\"@id\":\"https:\\\/\\\/www.webdo.tn\\\/fr\\\/actualite\\\/edito\\\/quand-mbappe-et-yamal-decrochent-le-bac-en-tunisie\\\/378110\\\/#breadcrumb\"},\"inLanguage\":\"fr-FR\",\"potentialAction\":[{\"@type\":\"ReadAction\",\"target\":[\"https:\\\/\\\/www.webdo.tn\\\/fr\\\/actualite\\\/edito\\\/quand-mbappe-et-yamal-decrochent-le-bac-en-tunisie\\\/378110\\\/\"]}]},{\"@type\":\"ImageObject\",\"inLanguage\":\"fr-FR\",\"@id\":\"https:\\\/\\\/www.webdo.tn\\\/fr\\\/actualite\\\/edito\\\/quand-mbappe-et-yamal-decrochent-le-bac-en-tunisie\\\/378110\\\/#primaryimage\",\"url\":\"https:\\\/\\\/www.webdo.tn\\\/fr\\\/wp-content\\\/uploads\\\/2025\\\/06\\\/Capture-decran-2025-06-22-105703.png\",\"contentUrl\":\"https:\\\/\\\/www.webdo.tn\\\/fr\\\/wp-content\\\/uploads\\\/2025\\\/06\\\/Capture-decran-2025-06-22-105703.png\",\"width\":645,\"height\":618},{\"@type\":\"BreadcrumbList\",\"@id\":\"https:\\\/\\\/www.webdo.tn\\\/fr\\\/actualite\\\/edito\\\/quand-mbappe-et-yamal-decrochent-le-bac-en-tunisie\\\/378110\\\/#breadcrumb\",\"itemListElement\":[{\"@type\":\"ListItem\",\"position\":1,\"name\":\"Accueil\",\"item\":\"https:\\\/\\\/www.webdo.tn\\\/fr\\\/\"},{\"@type\":\"ListItem\",\"position\":2,\"name\":\"Quand Mbapp\u00e9 et Yamal d\u00e9crochent le bac en Tunisie !\"}]},{\"@type\":\"WebSite\",\"@id\":\"https:\\\/\\\/www.webdo.tn\\\/fr\\\/#website\",\"url\":\"https:\\\/\\\/www.webdo.tn\\\/fr\\\/\",\"name\":\"webdo\",\"description\":\"Tunisie - News en Tunisie et \u00e0 l&#039;international sur Webdo.tn\",\"publisher\":{\"@id\":\"https:\\\/\\\/www.webdo.tn\\\/fr\\\/#organization\"},\"potentialAction\":[{\"@type\":\"SearchAction\",\"target\":{\"@type\":\"EntryPoint\",\"urlTemplate\":\"https:\\\/\\\/www.webdo.tn\\\/fr\\\/?s={search_term_string}\"},\"query-input\":{\"@type\":\"PropertyValueSpecification\",\"valueRequired\":true,\"valueName\":\"search_term_string\"}}],\"inLanguage\":\"fr-FR\"},{\"@type\":\"Organization\",\"@id\":\"https:\\\/\\\/www.webdo.tn\\\/fr\\\/#organization\",\"name\":\"Webdo\",\"alternateName\":\"Webdo.tn\",\"url\":\"https:\\\/\\\/www.webdo.tn\\\/fr\\\/\",\"logo\":{\"@type\":\"ImageObject\",\"inLanguage\":\"fr-FR\",\"@id\":\"https:\\\/\\\/www.webdo.tn\\\/fr\\\/#\\\/schema\\\/logo\\\/image\\\/\",\"url\":\"https:\\\/\\\/www.webdo.tn\\\/fr\\\/wp-content\\\/uploads\\\/2025\\\/06\\\/Webdo-Tunisie_168377.jpg\",\"contentUrl\":\"https:\\\/\\\/www.webdo.tn\\\/fr\\\/wp-content\\\/uploads\\\/2025\\\/06\\\/Webdo-Tunisie_168377.jpg\",\"width\":301,\"height\":301,\"caption\":\"Webdo\"},\"image\":{\"@id\":\"https:\\\/\\\/www.webdo.tn\\\/fr\\\/#\\\/schema\\\/logo\\\/image\\\/\"},\"sameAs\":[\"https:\\\/\\\/www.facebook.com\\\/webdotn\",\"https:\\\/\\\/x.com\\\/webdo_tn\"],\"description\":\"Webdo est un m\u00e9dia num\u00e9rique tunisien fond\u00e9 en 2010, sp\u00e9cialis\u00e9 dans l\u2019actualit\u00e9 nationale et internationale, l\u2019\u00e9conomie, la soci\u00e9t\u00e9 et les analyses politiques. Le site s\u2019adresse \u00e0 un large public francophone et couvre l\u2019information tunisienne en temps r\u00e9el.\",\"email\":\"redac@webdo.tn\",\"legalName\":\"YNJ SARL\",\"foundingDate\":\"2010-09-06\",\"numberOfEmployees\":{\"@type\":\"QuantitativeValue\",\"minValue\":\"11\",\"maxValue\":\"50\"}},{\"@type\":\"Person\",\"@id\":\"https:\\\/\\\/www.webdo.tn\\\/fr\\\/#\\\/schema\\\/person\\\/5fb2f8f3d4ef4fd1d129927fd4b020ff\",\"name\":\"Khalil JELASSI\",\"image\":{\"@type\":\"ImageObject\",\"inLanguage\":\"fr-FR\",\"@id\":\"https:\\\/\\\/www.webdo.tn\\\/fr\\\/wp-content\\\/uploads\\\/2026\\\/04\\\/khalil-jelassi_avatar-96x96.jpg\",\"url\":\"https:\\\/\\\/www.webdo.tn\\\/fr\\\/wp-content\\\/uploads\\\/2026\\\/04\\\/khalil-jelassi_avatar-96x96.jpg\",\"contentUrl\":\"https:\\\/\\\/www.webdo.tn\\\/fr\\\/wp-content\\\/uploads\\\/2026\\\/04\\\/khalil-jelassi_avatar-96x96.jpg\",\"caption\":\"Khalil JELASSI\"},\"description\":\"Khalil Jelassi est journaliste, ma\u00eetre-assistant \u00e0 l\u2019Institut de presse et des sciences de l\u2019information (IPSI) et chercheur en sciences de l\u2019information et de la communication. Sp\u00e9cialiste des m\u00e9dias, des pratiques journalistiques et des mutations de l\u2019information, il s\u2019int\u00e9resse particuli\u00e8rement aux transformations du paysage m\u00e9diatique, aux enjeux num\u00e9riques et aux dynamiques de production de l\u2019information. \u00c0 travers ses contributions, il propose une lecture analytique de l\u2019actualit\u00e9, en croisant approche acad\u00e9mique et exp\u00e9rience journalistique. \ud83d\udd17 Facebook : https:\\\/\\\/www.facebook.com\\\/khalil.jelassi.7\",\"sameAs\":[\"https:\\\/\\\/www.facebook.com\\\/khalil.jelassi.7\"],\"knowsAbout\":[\"journalisme\",\"m\u00e9dias\",\"communication\",\"sciences de l'information\",\"transformation num\u00e9rique\",\"analyse des m\u00e9dias\"],\"knowsLanguage\":[\"Fran\u00e7ais\",\"Arabe\",\"Anglais\"],\"jobTitle\":\"Ma\u00eetre-assistant et journaliste\",\"worksFor\":\"IPSI \u2013 Institut de presse et des sciences de l'information\",\"url\":\"https:\\\/\\\/www.webdo.tn\\\/fr\\\/actualite\\\/author\\\/khalil-jelassi\\\/\"}]}<\/script>\n<!-- \/ Yoast SEO Premium plugin. -->","yoast_head_json":{"title":"Quand Mbapp\u00e9 et Yamal d\u00e9crochent le bac en Tunisie ! - webdo","description":"D\u00e9couvrez comment le Bac tunisien a suscit\u00e9 des r\u00e9actions humoristiques sur les r\u00e9seaux sociaux cette ann\u00e9e.","canonical":"https:\/\/www.webdo.tn\/fr\/actualite\/edito\/quand-mbappe-et-yamal-decrochent-le-bac-en-tunisie\/378110\/","og_locale":"fr_FR","og_type":"article","og_title":"Quand Mbapp\u00e9 et Yamal d\u00e9crochent le bac en Tunisie !","og_description":"D\u00e9couvrez comment le Bac tunisien a suscit\u00e9 des r\u00e9actions humoristiques sur les r\u00e9seaux sociaux cette ann\u00e9e.","og_url":"https:\/\/www.webdo.tn\/fr\/actualite\/edito\/quand-mbappe-et-yamal-decrochent-le-bac-en-tunisie\/378110\/","og_site_name":"webdo","article_publisher":"https:\/\/www.facebook.com\/webdotn","article_author":"https:\/\/www.facebook.com\/khalil.jelassi.7","article_published_time":"2025-06-22T10:26:23+00:00","article_modified_time":"2025-06-22T10:27:39+00:00","og_image":[{"width":645,"height":618,"url":"https:\/\/www.webdo.tn\/fr\/wp-content\/uploads\/2025\/06\/Capture-decran-2025-06-22-105703.png","type":"image\/png"}],"author":"Khalil JELASSI","twitter_card":"summary_large_image","twitter_creator":"@webdo_tn","twitter_site":"@webdo_tn","twitter_misc":{"\u00c9crit par":"Khalil JELASSI","Dur\u00e9e de lecture estim\u00e9e":"2 minutes"},"schema":{"@context":"https:\/\/schema.org","@graph":[{"@type":"NewsArticle","@id":"https:\/\/www.webdo.tn\/fr\/actualite\/edito\/quand-mbappe-et-yamal-decrochent-le-bac-en-tunisie\/378110\/#article","isPartOf":{"@id":"https:\/\/www.webdo.tn\/fr\/actualite\/edito\/quand-mbappe-et-yamal-decrochent-le-bac-en-tunisie\/378110\/"},"author":{"name":"Khalil JELASSI","@id":"https:\/\/www.webdo.tn\/fr\/#\/schema\/person\/5fb2f8f3d4ef4fd1d129927fd4b020ff"},"headline":"Quand Mbapp\u00e9 et Yamal d\u00e9crochent le bac en Tunisie !","datePublished":"2025-06-22T10:26:23+00:00","dateModified":"2025-06-22T10:27:39+00:00","mainEntityOfPage":{"@id":"https:\/\/www.webdo.tn\/fr\/actualite\/edito\/quand-mbappe-et-yamal-decrochent-le-bac-en-tunisie\/378110\/"},"wordCount":360,"commentCount":0,"publisher":{"@id":"https:\/\/www.webdo.tn\/fr\/#organization"},"image":{"@id":"https:\/\/www.webdo.tn\/fr\/actualite\/edito\/quand-mbappe-et-yamal-decrochent-le-bac-en-tunisie\/378110\/#primaryimage"},"thumbnailUrl":"https:\/\/www.webdo.tn\/fr\/wp-content\/uploads\/2025\/06\/Capture-decran-2025-06-22-105703.png","keywords":["bac 2025","Kylian Mbapp\u00e9","Tunisie"],"articleSection":["Edito"],"inLanguage":"fr-FR"},{"@type":"WebPage","@id":"https:\/\/www.webdo.tn\/fr\/actualite\/edito\/quand-mbappe-et-yamal-decrochent-le-bac-en-tunisie\/378110\/","url":"https:\/\/www.webdo.tn\/fr\/actualite\/edito\/quand-mbappe-et-yamal-decrochent-le-bac-en-tunisie\/378110\/","name":"Quand Mbapp\u00e9 et Yamal d\u00e9crochent le bac en Tunisie ! - webdo","isPartOf":{"@id":"https:\/\/www.webdo.tn\/fr\/#website"},"primaryImageOfPage":{"@id":"https:\/\/www.webdo.tn\/fr\/actualite\/edito\/quand-mbappe-et-yamal-decrochent-le-bac-en-tunisie\/378110\/#primaryimage"},"image":{"@id":"https:\/\/www.webdo.tn\/fr\/actualite\/edito\/quand-mbappe-et-yamal-decrochent-le-bac-en-tunisie\/378110\/#primaryimage"},"thumbnailUrl":"https:\/\/www.webdo.tn\/fr\/wp-content\/uploads\/2025\/06\/Capture-decran-2025-06-22-105703.png","datePublished":"2025-06-22T10:26:23+00:00","dateModified":"2025-06-22T10:27:39+00:00","description":"D\u00e9couvrez comment le Bac tunisien a suscit\u00e9 des r\u00e9actions humoristiques sur les r\u00e9seaux sociaux cette ann\u00e9e.","breadcrumb":{"@id":"https:\/\/www.webdo.tn\/fr\/actualite\/edito\/quand-mbappe-et-yamal-decrochent-le-bac-en-tunisie\/378110\/#breadcrumb"},"inLanguage":"fr-FR","potentialAction":[{"@type":"ReadAction","target":["https:\/\/www.webdo.tn\/fr\/actualite\/edito\/quand-mbappe-et-yamal-decrochent-le-bac-en-tunisie\/378110\/"]}]},{"@type":"ImageObject","inLanguage":"fr-FR","@id":"https:\/\/www.webdo.tn\/fr\/actualite\/edito\/quand-mbappe-et-yamal-decrochent-le-bac-en-tunisie\/378110\/#primaryimage","url":"https:\/\/www.webdo.tn\/fr\/wp-content\/uploads\/2025\/06\/Capture-decran-2025-06-22-105703.png","contentUrl":"https:\/\/www.webdo.tn\/fr\/wp-content\/uploads\/2025\/06\/Capture-decran-2025-06-22-105703.png","width":645,"height":618},{"@type":"BreadcrumbList","@id":"https:\/\/www.webdo.tn\/fr\/actualite\/edito\/quand-mbappe-et-yamal-decrochent-le-bac-en-tunisie\/378110\/#breadcrumb","itemListElement":[{"@type":"ListItem","position":1,"name":"Accueil","item":"https:\/\/www.webdo.tn\/fr\/"},{"@type":"ListItem","position":2,"name":"Quand Mbapp\u00e9 et Yamal d\u00e9crochent le bac en Tunisie !"}]},{"@type":"WebSite","@id":"https:\/\/www.webdo.tn\/fr\/#website","url":"https:\/\/www.webdo.tn\/fr\/","name":"webdo","description":"Tunisie - News en Tunisie et \u00e0 l&#039;international sur Webdo.tn","publisher":{"@id":"https:\/\/www.webdo.tn\/fr\/#organization"},"potentialAction":[{"@type":"SearchAction","target":{"@type":"EntryPoint","urlTemplate":"https:\/\/www.webdo.tn\/fr\/?s={search_term_string}"},"query-input":{"@type":"PropertyValueSpecification","valueRequired":true,"valueName":"search_term_string"}}],"inLanguage":"fr-FR"},{"@type":"Organization","@id":"https:\/\/www.webdo.tn\/fr\/#organization","name":"Webdo","alternateName":"Webdo.tn","url":"https:\/\/www.webdo.tn\/fr\/","logo":{"@type":"ImageObject","inLanguage":"fr-FR","@id":"https:\/\/www.webdo.tn\/fr\/#\/schema\/logo\/image\/","url":"https:\/\/www.webdo.tn\/fr\/wp-content\/uploads\/2025\/06\/Webdo-Tunisie_168377.jpg","contentUrl":"https:\/\/www.webdo.tn\/fr\/wp-content\/uploads\/2025\/06\/Webdo-Tunisie_168377.jpg","width":301,"height":301,"caption":"Webdo"},"image":{"@id":"https:\/\/www.webdo.tn\/fr\/#\/schema\/logo\/image\/"},"sameAs":["https:\/\/www.facebook.com\/webdotn","https:\/\/x.com\/webdo_tn"],"description":"Webdo est un m\u00e9dia num\u00e9rique tunisien fond\u00e9 en 2010, sp\u00e9cialis\u00e9 dans l\u2019actualit\u00e9 nationale et internationale, l\u2019\u00e9conomie, la soci\u00e9t\u00e9 et les analyses politiques. Le site s\u2019adresse \u00e0 un large public francophone et couvre l\u2019information tunisienne en temps r\u00e9el.","email":"redac@webdo.tn","legalName":"YNJ SARL","foundingDate":"2010-09-06","numberOfEmployees":{"@type":"QuantitativeValue","minValue":"11","maxValue":"50"}},{"@type":"Person","@id":"https:\/\/www.webdo.tn\/fr\/#\/schema\/person\/5fb2f8f3d4ef4fd1d129927fd4b020ff","name":"Khalil JELASSI","image":{"@type":"ImageObject","inLanguage":"fr-FR","@id":"https:\/\/www.webdo.tn\/fr\/wp-content\/uploads\/2026\/04\/khalil-jelassi_avatar-96x96.jpg","url":"https:\/\/www.webdo.tn\/fr\/wp-content\/uploads\/2026\/04\/khalil-jelassi_avatar-96x96.jpg","contentUrl":"https:\/\/www.webdo.tn\/fr\/wp-content\/uploads\/2026\/04\/khalil-jelassi_avatar-96x96.jpg","caption":"Khalil JELASSI"},"description":"Khalil Jelassi est journaliste, ma\u00eetre-assistant \u00e0 l\u2019Institut de presse et des sciences de l\u2019information (IPSI) et chercheur en sciences de l\u2019information et de la communication. Sp\u00e9cialiste des m\u00e9dias, des pratiques journalistiques et des mutations de l\u2019information, il s\u2019int\u00e9resse particuli\u00e8rement aux transformations du paysage m\u00e9diatique, aux enjeux num\u00e9riques et aux dynamiques de production de l\u2019information. \u00c0 travers ses contributions, il propose une lecture analytique de l\u2019actualit\u00e9, en croisant approche acad\u00e9mique et exp\u00e9rience journalistique. \ud83d\udd17 Facebook : https:\/\/www.facebook.com\/khalil.jelassi.7","sameAs":["https:\/\/www.facebook.com\/khalil.jelassi.7"],"knowsAbout":["journalisme","m\u00e9dias","communication","sciences de l'information","transformation num\u00e9rique","analyse des m\u00e9dias"],"knowsLanguage":["Fran\u00e7ais","Arabe","Anglais"],"jobTitle":"Ma\u00eetre-assistant et journaliste","worksFor":"IPSI \u2013 Institut de presse et des sciences de l'information","url":"https:\/\/www.webdo.tn\/fr\/actualite\/author\/khalil-jelassi\/"}]}},"_links":{"self":[{"href":"https:\/\/www.webdo.tn\/fr\/wp-json\/wp\/v2\/posts\/378110","targetHints":{"allow":["GET"]}}],"collection":[{"href":"https:\/\/www.webdo.tn\/fr\/wp-json\/wp\/v2\/posts"}],"about":[{"href":"https:\/\/www.webdo.tn\/fr\/wp-json\/wp\/v2\/types\/post"}],"author":[{"embeddable":true,"href":"https:\/\/www.webdo.tn\/fr\/wp-json\/wp\/v2\/users\/3204"}],"replies":[{"embeddable":true,"href":"https:\/\/www.webdo.tn\/fr\/wp-json\/wp\/v2\/comments?post=378110"}],"version-history":[{"count":0,"href":"https:\/\/www.webdo.tn\/fr\/wp-json\/wp\/v2\/posts\/378110\/revisions"}],"wp:featuredmedia":[{"embeddable":true,"href":"https:\/\/www.webdo.tn\/fr\/wp-json\/wp\/v2\/media\/378111"}],"wp:attachment":[{"href":"https:\/\/www.webdo.tn\/fr\/wp-json\/wp\/v2\/media?parent=378110"}],"wp:term":[{"taxonomy":"category","embeddable":true,"href":"https:\/\/www.webdo.tn\/fr\/wp-json\/wp\/v2\/categories?post=378110"},{"taxonomy":"post_tag","embeddable":true,"href":"https:\/\/www.webdo.tn\/fr\/wp-json\/wp\/v2\/tags?post=378110"}],"curies":[{"name":"wp","href":"https:\/\/api.w.org\/{rel}","templated":true}]}}