{"id":378066,"date":"2025-06-21T10:28:09","date_gmt":"2025-06-21T09:28:09","guid":{"rendered":"https:\/\/www.webdo.tn\/fr\/?p=378066"},"modified":"2025-06-23T09:28:38","modified_gmt":"2025-06-23T08:28:38","slug":"gaza-laide-humanitaire-devient-mortelle-plus-de-400-tues-en-trois-semaines","status":"publish","type":"post","link":"https:\/\/www.webdo.tn\/fr\/actualite\/international\/gaza-laide-humanitaire-devient-mortelle-plus-de-400-tues-en-trois-semaines\/378066\/","title":{"rendered":"Gaza : L\u2019aide humanitaire devient mortelle, plus de 400 tu\u00e9s en trois semaines"},"content":{"rendered":"\n<p><strong>Au moins 21 personnes, dont 11 qui attendaient de l&rsquo;aide, ont \u00e9t\u00e9 tu\u00e9es par l&rsquo;arm\u00e9e isra\u00e9lienne ce samedi 21 juin. Depuis fin mai, 408 personnes ont perdu la vie en tentant d&rsquo;obtenir cette aide humanitaire dans un territoire assi\u00e9g\u00e9 et affam\u00e9 par la guerre.<\/strong><\/p>\n\n\n\n<p>La bande de Gaza a de nouveau \u00e9t\u00e9 endeuill\u00e9e samedi par une s\u00e9rie de frappes meurtri\u00e8res men\u00e9es par l\u2019arm\u00e9e isra\u00e9lienne, causant la mort d\u2019au moins 21 Palestiniens \u00e0 travers le territoire, selon des sources m\u00e9dicales locales cit\u00e9es par l\u2019agence de presse palestinienne Wafa.<\/p>\n\n\n\n<p>Parmi les victimes figurent 11 civils qui ont p\u00e9ri alors qu\u2019ils attendaient de l\u2019aide humanitaire. \u00c0 l\u2019ouest de Rafah, dans le sud de Gaza, six personnes ont \u00e9t\u00e9 tu\u00e9es et dix autres bless\u00e9es pr\u00e8s d\u2019un point de distribution d\u2019aide cibl\u00e9 par des tirs isra\u00e9liens. Une attaque similaire sur un carrefour tr\u00e8s fr\u00e9quent\u00e9 du camp de Nuseirat, au centre de la bande, a co\u00fbt\u00e9 la vie \u00e0 cinq civils et fait au moins 15 bless\u00e9s.<\/p>\n\n\n\n<p>Dans la ville de Gaza, un raid a\u00e9rien men\u00e9 sur la rue al-Mansoura, dans le quartier de Shuja\u2019iya, a tu\u00e9 trois fr\u00e8res appartenant \u00e0 la m\u00eame famille. Trois autres Palestiniens ont trouv\u00e9 la mort dans le quartier de Zeitoun, \u00e9galement vis\u00e9 par une frappe. \u00c0 Khan Younis, un civil a \u00e9t\u00e9 abattu au nord-ouest de la ville.<\/p>\n\n\n\n<p>Ces violences s\u2019inscrivent dans le cadre de l\u2019offensive militaire isra\u00e9lienne lanc\u00e9e le 7 octobre 2023, qui se poursuit sans rel\u00e2che. D\u2019apr\u00e8s les autorit\u00e9s palestiniennes, la campagne militaire a caus\u00e9 la mort ou bless\u00e9 environ 186 000 personnes, en majorit\u00e9 des femmes et des enfants.<\/p>\n\n\n\n<p>Plus de 11 000 personnes restent port\u00e9es disparues, tandis que la population subit une crise humanitaire aigu\u00eb. La famine, en particulier, a d\u00e9j\u00e0 provoqu\u00e9 la mort de nombreux civils, notamment parmi les plus jeunes.<\/p>\n\n\n\n<p>Les appels internationaux \u00e0 un cessez-le-feu et \u00e0 la protection des civils restent pour l\u2019heure sans effet, alors que la situation humanitaire continue de se d\u00e9grader \u00e0 un rythme alarmant dans l\u2019enclave palestinienne.<\/p>\n","protected":false},"excerpt":{"rendered":"<p>Au moins 21 personnes, dont 11 qui attendaient de l&rsquo;aide, ont \u00e9t\u00e9 tu\u00e9es par l&rsquo;arm\u00e9e isra\u00e9lienne ce samedi 21 juin. Depuis fin mai, 408 personnes ont perdu la vie en tentant d&rsquo;obtenir cette aide humanitaire dans un territoire assi\u00e9g\u00e9 et affam\u00e9 par la guerre. La bande de Gaza a de nouveau \u00e9t\u00e9 endeuill\u00e9e samedi par [&hellip;]<\/p>\n","protected":false},"author":3191,"featured_media":378067,"comment_status":"open","ping_status":"open","sticky":false,"template":"","format":"standard","meta":{"footnotes":""},"categories":[2598],"tags":[2689,2636,3208],"class_list":["post-378066","post","type-post","status-publish","format-standard","has-post-thumbnail","hentry","category-international","tag-gaza","tag-israel","tag-morts"],"yoast_head":"<!-- This site is optimized with the Yoast SEO Premium plugin v27.4 (Yoast SEO v27.5) - https:\/\/yoast.com\/product\/yoast-seo-premium-wordpress\/ -->\n<title>Gaza : L\u2019aide humanitaire devient mortelle, plus de 400 tu\u00e9s en trois semaines - webdo<\/title>\n<meta name=\"description\" content=\"La bande de Gaza, endeuill\u00e9e par des frappes isra\u00e9liennes, n\u00e9cessite une attention mondiale. Au moins 21 personnes ont perdu la vie.\" \/>\n<link rel=\"canonical\" href=\"https:\/\/www.webdo.tn\/fr\/actualite\/international\/gaza-laide-humanitaire-devient-mortelle-plus-de-400-tues-en-trois-semaines\/378066\/\" \/>\n<meta property=\"og:locale\" content=\"fr_FR\" \/>\n<meta property=\"og:type\" content=\"article\" \/>\n<meta property=\"og:title\" content=\"Gaza : L\u2019aide humanitaire devient mortelle, plus de 400 tu\u00e9s en trois semaines\" \/>\n<meta property=\"og:description\" content=\"La bande de Gaza, endeuill\u00e9e par des frappes isra\u00e9liennes, n\u00e9cessite une attention mondiale. Au moins 21 personnes ont perdu la vie.\" \/>\n<meta property=\"og:url\" content=\"https:\/\/www.webdo.tn\/fr\/actualite\/international\/gaza-laide-humanitaire-devient-mortelle-plus-de-400-tues-en-trois-semaines\/378066\/\" \/>\n<meta property=\"og:site_name\" content=\"webdo\" \/>\n<meta property=\"article:publisher\" content=\"https:\/\/www.facebook.com\/webdotn\" \/>\n<meta property=\"article:published_time\" content=\"2025-06-21T09:28:09+00:00\" \/>\n<meta property=\"article:modified_time\" content=\"2025-06-23T08:28:38+00:00\" \/>\n<meta property=\"og:image\" content=\"https:\/\/www.webdo.tn\/fr\/wp-content\/uploads\/2025\/06\/Capture-decran-2025-06-21-102417.png\" \/>\n\t<meta property=\"og:image:width\" content=\"1180\" \/>\n\t<meta property=\"og:image:height\" content=\"653\" \/>\n\t<meta property=\"og:image:type\" content=\"image\/png\" \/>\n<meta name=\"author\" content=\"Mohamed Hedi Touati\" \/>\n<meta name=\"twitter:card\" content=\"summary_large_image\" \/>\n<meta name=\"twitter:creator\" content=\"@webdo_tn\" \/>\n<meta name=\"twitter:site\" content=\"@webdo_tn\" \/>\n<meta name=\"twitter:label1\" content=\"\u00c9crit par\" \/>\n\t<meta name=\"twitter:data1\" content=\"Mohamed Hedi Touati\" \/>\n\t<meta name=\"twitter:label2\" content=\"Dur\u00e9e de lecture estim\u00e9e\" \/>\n\t<meta name=\"twitter:data2\" content=\"2 minutes\" \/>\n<script type=\"application\/ld+json\" class=\"yoast-schema-graph\">{\"@context\":\"https:\\\/\\\/schema.org\",\"@graph\":[{\"@type\":\"NewsArticle\",\"@id\":\"https:\\\/\\\/www.webdo.tn\\\/fr\\\/actualite\\\/international\\\/gaza-laide-humanitaire-devient-mortelle-plus-de-400-tues-en-trois-semaines\\\/378066\\\/#article\",\"isPartOf\":{\"@id\":\"https:\\\/\\\/www.webdo.tn\\\/fr\\\/actualite\\\/international\\\/gaza-laide-humanitaire-devient-mortelle-plus-de-400-tues-en-trois-semaines\\\/378066\\\/\"},\"author\":{\"name\":\"Mohamed Hedi Touati\",\"@id\":\"https:\\\/\\\/www.webdo.tn\\\/fr\\\/#\\\/schema\\\/person\\\/c652cd8fc2b1b44412b5ffb48c5a911d\"},\"headline\":\"Gaza : L\u2019aide humanitaire devient mortelle, plus de 400 tu\u00e9s en trois semaines\",\"datePublished\":\"2025-06-21T09:28:09+00:00\",\"dateModified\":\"2025-06-23T08:28:38+00:00\",\"mainEntityOfPage\":{\"@id\":\"https:\\\/\\\/www.webdo.tn\\\/fr\\\/actualite\\\/international\\\/gaza-laide-humanitaire-devient-mortelle-plus-de-400-tues-en-trois-semaines\\\/378066\\\/\"},\"wordCount\":370,\"commentCount\":0,\"publisher\":{\"@id\":\"https:\\\/\\\/www.webdo.tn\\\/fr\\\/#organization\"},\"image\":{\"@id\":\"https:\\\/\\\/www.webdo.tn\\\/fr\\\/actualite\\\/international\\\/gaza-laide-humanitaire-devient-mortelle-plus-de-400-tues-en-trois-semaines\\\/378066\\\/#primaryimage\"},\"thumbnailUrl\":\"https:\\\/\\\/www.webdo.tn\\\/fr\\\/wp-content\\\/uploads\\\/2025\\\/06\\\/Capture-decran-2025-06-21-102417.png\",\"keywords\":[\"Gaza\",\"isra\u00ebl\",\"morts\"],\"articleSection\":[\"International\"],\"inLanguage\":\"fr-FR\"},{\"@type\":\"WebPage\",\"@id\":\"https:\\\/\\\/www.webdo.tn\\\/fr\\\/actualite\\\/international\\\/gaza-laide-humanitaire-devient-mortelle-plus-de-400-tues-en-trois-semaines\\\/378066\\\/\",\"url\":\"https:\\\/\\\/www.webdo.tn\\\/fr\\\/actualite\\\/international\\\/gaza-laide-humanitaire-devient-mortelle-plus-de-400-tues-en-trois-semaines\\\/378066\\\/\",\"name\":\"Gaza : L\u2019aide humanitaire devient mortelle, plus de 400 tu\u00e9s en trois semaines - webdo\",\"isPartOf\":{\"@id\":\"https:\\\/\\\/www.webdo.tn\\\/fr\\\/#website\"},\"primaryImageOfPage\":{\"@id\":\"https:\\\/\\\/www.webdo.tn\\\/fr\\\/actualite\\\/international\\\/gaza-laide-humanitaire-devient-mortelle-plus-de-400-tues-en-trois-semaines\\\/378066\\\/#primaryimage\"},\"image\":{\"@id\":\"https:\\\/\\\/www.webdo.tn\\\/fr\\\/actualite\\\/international\\\/gaza-laide-humanitaire-devient-mortelle-plus-de-400-tues-en-trois-semaines\\\/378066\\\/#primaryimage\"},\"thumbnailUrl\":\"https:\\\/\\\/www.webdo.tn\\\/fr\\\/wp-content\\\/uploads\\\/2025\\\/06\\\/Capture-decran-2025-06-21-102417.png\",\"datePublished\":\"2025-06-21T09:28:09+00:00\",\"dateModified\":\"2025-06-23T08:28:38+00:00\",\"description\":\"La bande de Gaza, endeuill\u00e9e par des frappes isra\u00e9liennes, n\u00e9cessite une attention mondiale. Au moins 21 personnes ont perdu la vie.\",\"breadcrumb\":{\"@id\":\"https:\\\/\\\/www.webdo.tn\\\/fr\\\/actualite\\\/international\\\/gaza-laide-humanitaire-devient-mortelle-plus-de-400-tues-en-trois-semaines\\\/378066\\\/#breadcrumb\"},\"inLanguage\":\"fr-FR\",\"potentialAction\":[{\"@type\":\"ReadAction\",\"target\":[\"https:\\\/\\\/www.webdo.tn\\\/fr\\\/actualite\\\/international\\\/gaza-laide-humanitaire-devient-mortelle-plus-de-400-tues-en-trois-semaines\\\/378066\\\/\"]}]},{\"@type\":\"ImageObject\",\"inLanguage\":\"fr-FR\",\"@id\":\"https:\\\/\\\/www.webdo.tn\\\/fr\\\/actualite\\\/international\\\/gaza-laide-humanitaire-devient-mortelle-plus-de-400-tues-en-trois-semaines\\\/378066\\\/#primaryimage\",\"url\":\"https:\\\/\\\/www.webdo.tn\\\/fr\\\/wp-content\\\/uploads\\\/2025\\\/06\\\/Capture-decran-2025-06-21-102417.png\",\"contentUrl\":\"https:\\\/\\\/www.webdo.tn\\\/fr\\\/wp-content\\\/uploads\\\/2025\\\/06\\\/Capture-decran-2025-06-21-102417.png\",\"width\":1180,\"height\":653,\"caption\":\"Des Palestiniens transportant des sacs et cartons d'aide humanitaire destin\u00e9s \u00e0 l'enclave de Gaza (Cr\u00e9dit : AP)\"},{\"@type\":\"BreadcrumbList\",\"@id\":\"https:\\\/\\\/www.webdo.tn\\\/fr\\\/actualite\\\/international\\\/gaza-laide-humanitaire-devient-mortelle-plus-de-400-tues-en-trois-semaines\\\/378066\\\/#breadcrumb\",\"itemListElement\":[{\"@type\":\"ListItem\",\"position\":1,\"name\":\"Accueil\",\"item\":\"https:\\\/\\\/www.webdo.tn\\\/fr\\\/\"},{\"@type\":\"ListItem\",\"position\":2,\"name\":\"Gaza : L\u2019aide humanitaire devient mortelle, plus de 400 tu\u00e9s en trois semaines\"}]},{\"@type\":\"WebSite\",\"@id\":\"https:\\\/\\\/www.webdo.tn\\\/fr\\\/#website\",\"url\":\"https:\\\/\\\/www.webdo.tn\\\/fr\\\/\",\"name\":\"webdo\",\"description\":\"Tunisie - News en Tunisie et \u00e0 l&#039;international sur Webdo.tn\",\"publisher\":{\"@id\":\"https:\\\/\\\/www.webdo.tn\\\/fr\\\/#organization\"},\"potentialAction\":[{\"@type\":\"SearchAction\",\"target\":{\"@type\":\"EntryPoint\",\"urlTemplate\":\"https:\\\/\\\/www.webdo.tn\\\/fr\\\/?s={search_term_string}\"},\"query-input\":{\"@type\":\"PropertyValueSpecification\",\"valueRequired\":true,\"valueName\":\"search_term_string\"}}],\"inLanguage\":\"fr-FR\"},{\"@type\":\"Organization\",\"@id\":\"https:\\\/\\\/www.webdo.tn\\\/fr\\\/#organization\",\"name\":\"Webdo\",\"alternateName\":\"Webdo.tn\",\"url\":\"https:\\\/\\\/www.webdo.tn\\\/fr\\\/\",\"logo\":{\"@type\":\"ImageObject\",\"inLanguage\":\"fr-FR\",\"@id\":\"https:\\\/\\\/www.webdo.tn\\\/fr\\\/#\\\/schema\\\/logo\\\/image\\\/\",\"url\":\"https:\\\/\\\/www.webdo.tn\\\/fr\\\/wp-content\\\/uploads\\\/2025\\\/06\\\/Webdo-Tunisie_168377.jpg\",\"contentUrl\":\"https:\\\/\\\/www.webdo.tn\\\/fr\\\/wp-content\\\/uploads\\\/2025\\\/06\\\/Webdo-Tunisie_168377.jpg\",\"width\":301,\"height\":301,\"caption\":\"Webdo\"},\"image\":{\"@id\":\"https:\\\/\\\/www.webdo.tn\\\/fr\\\/#\\\/schema\\\/logo\\\/image\\\/\"},\"sameAs\":[\"https:\\\/\\\/www.facebook.com\\\/webdotn\",\"https:\\\/\\\/x.com\\\/webdo_tn\"],\"description\":\"Webdo est un m\u00e9dia num\u00e9rique tunisien fond\u00e9 en 2010, sp\u00e9cialis\u00e9 dans l\u2019actualit\u00e9 nationale et internationale, l\u2019\u00e9conomie, la soci\u00e9t\u00e9 et les analyses politiques. Le site s\u2019adresse \u00e0 un large public francophone et couvre l\u2019information tunisienne en temps r\u00e9el.\",\"email\":\"redac@webdo.tn\",\"legalName\":\"YNJ SARL\",\"foundingDate\":\"2010-09-06\",\"numberOfEmployees\":{\"@type\":\"QuantitativeValue\",\"minValue\":\"11\",\"maxValue\":\"50\"}},{\"@type\":\"Person\",\"@id\":\"https:\\\/\\\/www.webdo.tn\\\/fr\\\/#\\\/schema\\\/person\\\/c652cd8fc2b1b44412b5ffb48c5a911d\",\"name\":\"Mohamed Hedi Touati\",\"image\":{\"@type\":\"ImageObject\",\"inLanguage\":\"fr-FR\",\"@id\":\"https:\\\/\\\/secure.gravatar.com\\\/avatar\\\/9cfd402c745b7a685f13eed0ea6e59d2144a3c2fc50a3db6fd5ed451f6cddf1a?s=96&d=mm&r=g\",\"url\":\"https:\\\/\\\/secure.gravatar.com\\\/avatar\\\/9cfd402c745b7a685f13eed0ea6e59d2144a3c2fc50a3db6fd5ed451f6cddf1a?s=96&d=mm&r=g\",\"contentUrl\":\"https:\\\/\\\/secure.gravatar.com\\\/avatar\\\/9cfd402c745b7a685f13eed0ea6e59d2144a3c2fc50a3db6fd5ed451f6cddf1a?s=96&d=mm&r=g\",\"caption\":\"Mohamed Hedi Touati\"},\"url\":\"https:\\\/\\\/www.webdo.tn\\\/fr\\\/actualite\\\/author\\\/mohamed-hedi-touati\\\/\"}]}<\/script>\n<!-- \/ Yoast SEO Premium plugin. -->","yoast_head_json":{"title":"Gaza : L\u2019aide humanitaire devient mortelle, plus de 400 tu\u00e9s en trois semaines - webdo","description":"La bande de Gaza, endeuill\u00e9e par des frappes isra\u00e9liennes, n\u00e9cessite une attention mondiale. Au moins 21 personnes ont perdu la vie.","canonical":"https:\/\/www.webdo.tn\/fr\/actualite\/international\/gaza-laide-humanitaire-devient-mortelle-plus-de-400-tues-en-trois-semaines\/378066\/","og_locale":"fr_FR","og_type":"article","og_title":"Gaza : L\u2019aide humanitaire devient mortelle, plus de 400 tu\u00e9s en trois semaines","og_description":"La bande de Gaza, endeuill\u00e9e par des frappes isra\u00e9liennes, n\u00e9cessite une attention mondiale. Au moins 21 personnes ont perdu la vie.","og_url":"https:\/\/www.webdo.tn\/fr\/actualite\/international\/gaza-laide-humanitaire-devient-mortelle-plus-de-400-tues-en-trois-semaines\/378066\/","og_site_name":"webdo","article_publisher":"https:\/\/www.facebook.com\/webdotn","article_published_time":"2025-06-21T09:28:09+00:00","article_modified_time":"2025-06-23T08:28:38+00:00","og_image":[{"width":1180,"height":653,"url":"https:\/\/www.webdo.tn\/fr\/wp-content\/uploads\/2025\/06\/Capture-decran-2025-06-21-102417.png","type":"image\/png"}],"author":"Mohamed Hedi Touati","twitter_card":"summary_large_image","twitter_creator":"@webdo_tn","twitter_site":"@webdo_tn","twitter_misc":{"\u00c9crit par":"Mohamed Hedi Touati","Dur\u00e9e de lecture estim\u00e9e":"2 minutes"},"schema":{"@context":"https:\/\/schema.org","@graph":[{"@type":"NewsArticle","@id":"https:\/\/www.webdo.tn\/fr\/actualite\/international\/gaza-laide-humanitaire-devient-mortelle-plus-de-400-tues-en-trois-semaines\/378066\/#article","isPartOf":{"@id":"https:\/\/www.webdo.tn\/fr\/actualite\/international\/gaza-laide-humanitaire-devient-mortelle-plus-de-400-tues-en-trois-semaines\/378066\/"},"author":{"name":"Mohamed Hedi Touati","@id":"https:\/\/www.webdo.tn\/fr\/#\/schema\/person\/c652cd8fc2b1b44412b5ffb48c5a911d"},"headline":"Gaza : L\u2019aide humanitaire devient mortelle, plus de 400 tu\u00e9s en trois semaines","datePublished":"2025-06-21T09:28:09+00:00","dateModified":"2025-06-23T08:28:38+00:00","mainEntityOfPage":{"@id":"https:\/\/www.webdo.tn\/fr\/actualite\/international\/gaza-laide-humanitaire-devient-mortelle-plus-de-400-tues-en-trois-semaines\/378066\/"},"wordCount":370,"commentCount":0,"publisher":{"@id":"https:\/\/www.webdo.tn\/fr\/#organization"},"image":{"@id":"https:\/\/www.webdo.tn\/fr\/actualite\/international\/gaza-laide-humanitaire-devient-mortelle-plus-de-400-tues-en-trois-semaines\/378066\/#primaryimage"},"thumbnailUrl":"https:\/\/www.webdo.tn\/fr\/wp-content\/uploads\/2025\/06\/Capture-decran-2025-06-21-102417.png","keywords":["Gaza","isra\u00ebl","morts"],"articleSection":["International"],"inLanguage":"fr-FR"},{"@type":"WebPage","@id":"https:\/\/www.webdo.tn\/fr\/actualite\/international\/gaza-laide-humanitaire-devient-mortelle-plus-de-400-tues-en-trois-semaines\/378066\/","url":"https:\/\/www.webdo.tn\/fr\/actualite\/international\/gaza-laide-humanitaire-devient-mortelle-plus-de-400-tues-en-trois-semaines\/378066\/","name":"Gaza : L\u2019aide humanitaire devient mortelle, plus de 400 tu\u00e9s en trois semaines - webdo","isPartOf":{"@id":"https:\/\/www.webdo.tn\/fr\/#website"},"primaryImageOfPage":{"@id":"https:\/\/www.webdo.tn\/fr\/actualite\/international\/gaza-laide-humanitaire-devient-mortelle-plus-de-400-tues-en-trois-semaines\/378066\/#primaryimage"},"image":{"@id":"https:\/\/www.webdo.tn\/fr\/actualite\/international\/gaza-laide-humanitaire-devient-mortelle-plus-de-400-tues-en-trois-semaines\/378066\/#primaryimage"},"thumbnailUrl":"https:\/\/www.webdo.tn\/fr\/wp-content\/uploads\/2025\/06\/Capture-decran-2025-06-21-102417.png","datePublished":"2025-06-21T09:28:09+00:00","dateModified":"2025-06-23T08:28:38+00:00","description":"La bande de Gaza, endeuill\u00e9e par des frappes isra\u00e9liennes, n\u00e9cessite une attention mondiale. Au moins 21 personnes ont perdu la vie.","breadcrumb":{"@id":"https:\/\/www.webdo.tn\/fr\/actualite\/international\/gaza-laide-humanitaire-devient-mortelle-plus-de-400-tues-en-trois-semaines\/378066\/#breadcrumb"},"inLanguage":"fr-FR","potentialAction":[{"@type":"ReadAction","target":["https:\/\/www.webdo.tn\/fr\/actualite\/international\/gaza-laide-humanitaire-devient-mortelle-plus-de-400-tues-en-trois-semaines\/378066\/"]}]},{"@type":"ImageObject","inLanguage":"fr-FR","@id":"https:\/\/www.webdo.tn\/fr\/actualite\/international\/gaza-laide-humanitaire-devient-mortelle-plus-de-400-tues-en-trois-semaines\/378066\/#primaryimage","url":"https:\/\/www.webdo.tn\/fr\/wp-content\/uploads\/2025\/06\/Capture-decran-2025-06-21-102417.png","contentUrl":"https:\/\/www.webdo.tn\/fr\/wp-content\/uploads\/2025\/06\/Capture-decran-2025-06-21-102417.png","width":1180,"height":653,"caption":"Des Palestiniens transportant des sacs et cartons d'aide humanitaire destin\u00e9s \u00e0 l'enclave de Gaza (Cr\u00e9dit : AP)"},{"@type":"BreadcrumbList","@id":"https:\/\/www.webdo.tn\/fr\/actualite\/international\/gaza-laide-humanitaire-devient-mortelle-plus-de-400-tues-en-trois-semaines\/378066\/#breadcrumb","itemListElement":[{"@type":"ListItem","position":1,"name":"Accueil","item":"https:\/\/www.webdo.tn\/fr\/"},{"@type":"ListItem","position":2,"name":"Gaza : L\u2019aide humanitaire devient mortelle, plus de 400 tu\u00e9s en trois semaines"}]},{"@type":"WebSite","@id":"https:\/\/www.webdo.tn\/fr\/#website","url":"https:\/\/www.webdo.tn\/fr\/","name":"webdo","description":"Tunisie - News en Tunisie et \u00e0 l&#039;international sur Webdo.tn","publisher":{"@id":"https:\/\/www.webdo.tn\/fr\/#organization"},"potentialAction":[{"@type":"SearchAction","target":{"@type":"EntryPoint","urlTemplate":"https:\/\/www.webdo.tn\/fr\/?s={search_term_string}"},"query-input":{"@type":"PropertyValueSpecification","valueRequired":true,"valueName":"search_term_string"}}],"inLanguage":"fr-FR"},{"@type":"Organization","@id":"https:\/\/www.webdo.tn\/fr\/#organization","name":"Webdo","alternateName":"Webdo.tn","url":"https:\/\/www.webdo.tn\/fr\/","logo":{"@type":"ImageObject","inLanguage":"fr-FR","@id":"https:\/\/www.webdo.tn\/fr\/#\/schema\/logo\/image\/","url":"https:\/\/www.webdo.tn\/fr\/wp-content\/uploads\/2025\/06\/Webdo-Tunisie_168377.jpg","contentUrl":"https:\/\/www.webdo.tn\/fr\/wp-content\/uploads\/2025\/06\/Webdo-Tunisie_168377.jpg","width":301,"height":301,"caption":"Webdo"},"image":{"@id":"https:\/\/www.webdo.tn\/fr\/#\/schema\/logo\/image\/"},"sameAs":["https:\/\/www.facebook.com\/webdotn","https:\/\/x.com\/webdo_tn"],"description":"Webdo est un m\u00e9dia num\u00e9rique tunisien fond\u00e9 en 2010, sp\u00e9cialis\u00e9 dans l\u2019actualit\u00e9 nationale et internationale, l\u2019\u00e9conomie, la soci\u00e9t\u00e9 et les analyses politiques. Le site s\u2019adresse \u00e0 un large public francophone et couvre l\u2019information tunisienne en temps r\u00e9el.","email":"redac@webdo.tn","legalName":"YNJ SARL","foundingDate":"2010-09-06","numberOfEmployees":{"@type":"QuantitativeValue","minValue":"11","maxValue":"50"}},{"@type":"Person","@id":"https:\/\/www.webdo.tn\/fr\/#\/schema\/person\/c652cd8fc2b1b44412b5ffb48c5a911d","name":"Mohamed Hedi Touati","image":{"@type":"ImageObject","inLanguage":"fr-FR","@id":"https:\/\/secure.gravatar.com\/avatar\/9cfd402c745b7a685f13eed0ea6e59d2144a3c2fc50a3db6fd5ed451f6cddf1a?s=96&d=mm&r=g","url":"https:\/\/secure.gravatar.com\/avatar\/9cfd402c745b7a685f13eed0ea6e59d2144a3c2fc50a3db6fd5ed451f6cddf1a?s=96&d=mm&r=g","contentUrl":"https:\/\/secure.gravatar.com\/avatar\/9cfd402c745b7a685f13eed0ea6e59d2144a3c2fc50a3db6fd5ed451f6cddf1a?s=96&d=mm&r=g","caption":"Mohamed Hedi Touati"},"url":"https:\/\/www.webdo.tn\/fr\/actualite\/author\/mohamed-hedi-touati\/"}]}},"_links":{"self":[{"href":"https:\/\/www.webdo.tn\/fr\/wp-json\/wp\/v2\/posts\/378066","targetHints":{"allow":["GET"]}}],"collection":[{"href":"https:\/\/www.webdo.tn\/fr\/wp-json\/wp\/v2\/posts"}],"about":[{"href":"https:\/\/www.webdo.tn\/fr\/wp-json\/wp\/v2\/types\/post"}],"author":[{"embeddable":true,"href":"https:\/\/www.webdo.tn\/fr\/wp-json\/wp\/v2\/users\/3191"}],"replies":[{"embeddable":true,"href":"https:\/\/www.webdo.tn\/fr\/wp-json\/wp\/v2\/comments?post=378066"}],"version-history":[{"count":0,"href":"https:\/\/www.webdo.tn\/fr\/wp-json\/wp\/v2\/posts\/378066\/revisions"}],"wp:featuredmedia":[{"embeddable":true,"href":"https:\/\/www.webdo.tn\/fr\/wp-json\/wp\/v2\/media\/378067"}],"wp:attachment":[{"href":"https:\/\/www.webdo.tn\/fr\/wp-json\/wp\/v2\/media?parent=378066"}],"wp:term":[{"taxonomy":"category","embeddable":true,"href":"https:\/\/www.webdo.tn\/fr\/wp-json\/wp\/v2\/categories?post=378066"},{"taxonomy":"post_tag","embeddable":true,"href":"https:\/\/www.webdo.tn\/fr\/wp-json\/wp\/v2\/tags?post=378066"}],"curies":[{"name":"wp","href":"https:\/\/api.w.org\/{rel}","templated":true}]}}