{"id":378063,"date":"2025-06-21T10:02:35","date_gmt":"2025-06-21T09:02:35","guid":{"rendered":"https:\/\/www.webdo.tn\/fr\/?p=378063"},"modified":"2025-06-23T09:31:22","modified_gmt":"2025-06-23T08:31:22","slug":"nouvelle-escalade-entre-liran-et-israel-frappes-mutuelles-et-tensions-regionales-en-hausse","status":"publish","type":"post","link":"https:\/\/www.webdo.tn\/fr\/actualite\/international\/nouvelle-escalade-entre-liran-et-israel-frappes-mutuelles-et-tensions-regionales-en-hausse\/378063\/","title":{"rendered":"Nouvelle escalade entre l\u2019Iran et Isra\u00ebl : Frappes mutuelles et tensions r\u00e9gionales en hausse"},"content":{"rendered":"\n<p>Un nouvel \u00e9pisode de tensions militaires s\u2019est d\u00e9roul\u00e9 \u00e0 l\u2019aube du samedi 21 juin entre l\u2019Iran et Isra\u00ebl. Les deux pays ont \u00e9chang\u00e9 des frappes, quelques heures apr\u00e8s que T\u00e9h\u00e9ran a r\u00e9affirm\u00e9 son refus de toute n\u00e9gociation \u00ab\u00a0sous la menace\u00a0\u00bb au sujet de son programme nucl\u00e9aire. Une d\u00e9claration qui intervient alors que les Europ\u00e9ens tentent encore de pr\u00e9server un mince canal diplomatique.<\/p>\n\n\n\n<p>Selon l\u2019agence de presse iranienne Fars, les forces isra\u00e9liennes ont vis\u00e9 un site nucl\u00e9aire \u00e0 Ispahan, au centre du pays. Les autorit\u00e9s iraniennes ont rapidement assur\u00e9 qu\u2019aucune fuite radioactive ou atteinte \u00e0 la s\u00e9curit\u00e9 nucl\u00e9aire n\u2019avait \u00e9t\u00e9 constat\u00e9e. Des m\u00e9dias iraniens ont par ailleurs signal\u00e9 une autre frappe dans la ville sainte de Qom.<\/p>\n\n\n\n<p>Dans un rare aveu, l\u2019arm\u00e9e isra\u00e9lienne a revendiqu\u00e9 plusieurs frappes cibl\u00e9es contre des infrastructures de missiles balistiques et des entrep\u00f4ts d\u2019armement en territoire iranien. Elle a \u00e9galement annonc\u00e9 la mort de deux hauts responsables militaires de la force Al-Qods, l\u2019unit\u00e9 des Gardiens de la R\u00e9volution charg\u00e9e des op\u00e9rations ext\u00e9rieures.<\/p>\n\n\n\n<p>La riposte iranienne n\u2019a pas tard\u00e9. Vers 2h30 du matin (heure locale), une salve de missiles a \u00e9t\u00e9 lanc\u00e9e en direction du territoire isra\u00e9lien, d\u00e9clenchant des sir\u00e8nes d\u2019alerte \u00e0 Tel-Aviv et dans plusieurs zones de Cisjordanie occup\u00e9e. Des explosions ont \u00e9t\u00e9 entendues dans le ciel de la capitale isra\u00e9lienne, o\u00f9 plusieurs missiles ont \u00e9t\u00e9 intercept\u00e9s.<\/p>\n\n\n\n<p>Les autorit\u00e9s isra\u00e9liennes ont affirm\u00e9 que cinq missiles balistiques avaient \u00e9t\u00e9 tir\u00e9s depuis l\u2019Iran, sans faire de victimes. Toutefois, des d\u00e9bris provenant d\u2019un missile intercept\u00e9 ont provoqu\u00e9 un incendie dans un immeuble r\u00e9sidentiel de Tel-Aviv.<\/p>\n\n\n\n<p>Cette nouvelle mont\u00e9e des tensions intervient sur fond de blocage diplomatique autour du dossier nucl\u00e9aire iranien et d\u2019une situation r\u00e9gionale explosive, dans laquelle chaque frappe et contre-frappe accentue le risque d\u2019un conflit ouvert. Pour l\u2019heure, ni l\u2019Iran ni Isra\u00ebl ne montrent de signes d\u2019apaisement, malgr\u00e9 les appels \u00e0 la retenue lanc\u00e9s par plusieurs chancelleries europ\u00e9ennes.<\/p>\n","protected":false},"excerpt":{"rendered":"<p>Un nouvel \u00e9pisode de tensions militaires s\u2019est d\u00e9roul\u00e9 \u00e0 l\u2019aube du samedi 21 juin entre l\u2019Iran et Isra\u00ebl. Les deux pays ont \u00e9chang\u00e9 des frappes, quelques heures apr\u00e8s que T\u00e9h\u00e9ran a r\u00e9affirm\u00e9 son refus de toute n\u00e9gociation \u00ab\u00a0sous la menace\u00a0\u00bb au sujet de son programme nucl\u00e9aire. Une d\u00e9claration qui intervient alors que les Europ\u00e9ens tentent [&hellip;]<\/p>\n","protected":false},"author":3191,"featured_media":378064,"comment_status":"open","ping_status":"open","sticky":false,"template":"","format":"standard","meta":{"footnotes":""},"categories":[2598],"tags":[2600,2912,2636],"class_list":["post-378063","post","type-post","status-publish","format-standard","has-post-thumbnail","hentry","category-international","tag-guerre","tag-iran","tag-israel"],"yoast_head":"<!-- This site is optimized with the Yoast SEO Premium plugin v27.5 (Yoast SEO v27.5) - https:\/\/yoast.com\/product\/yoast-seo-premium-wordpress\/ -->\n<title>Nouvelle escalade entre l\u2019Iran et Isra\u00ebl : Frappes mutuelles et tensions r\u00e9gionales en hausse - webdo<\/title>\n<meta name=\"description\" content=\"Les enjeux du conflit Iran et Isra\u00ebl : tensions militaires, frappes cibl\u00e9es et avenir des n\u00e9gociations sur le nucl\u00e9aire.\" \/>\n<link rel=\"canonical\" href=\"https:\/\/www.webdo.tn\/fr\/actualite\/international\/nouvelle-escalade-entre-liran-et-israel-frappes-mutuelles-et-tensions-regionales-en-hausse\/378063\/\" \/>\n<meta property=\"og:locale\" content=\"fr_FR\" \/>\n<meta property=\"og:type\" content=\"article\" \/>\n<meta property=\"og:title\" content=\"Nouvelle escalade entre l\u2019Iran et Isra\u00ebl : Frappes mutuelles et tensions r\u00e9gionales en hausse\" \/>\n<meta property=\"og:description\" content=\"Les enjeux du conflit Iran et Isra\u00ebl : tensions militaires, frappes cibl\u00e9es et avenir des n\u00e9gociations sur le nucl\u00e9aire.\" \/>\n<meta property=\"og:url\" content=\"https:\/\/www.webdo.tn\/fr\/actualite\/international\/nouvelle-escalade-entre-liran-et-israel-frappes-mutuelles-et-tensions-regionales-en-hausse\/378063\/\" \/>\n<meta property=\"og:site_name\" content=\"webdo\" \/>\n<meta property=\"article:publisher\" content=\"https:\/\/www.facebook.com\/webdotn\" \/>\n<meta property=\"article:published_time\" content=\"2025-06-21T09:02:35+00:00\" \/>\n<meta property=\"article:modified_time\" content=\"2025-06-23T08:31:22+00:00\" \/>\n<meta property=\"og:image\" content=\"https:\/\/www.webdo.tn\/fr\/wp-content\/uploads\/2025\/06\/Iran-Israel.jpeg\" \/>\n\t<meta property=\"og:image:width\" content=\"630\" \/>\n\t<meta property=\"og:image:height\" content=\"420\" \/>\n\t<meta property=\"og:image:type\" content=\"image\/jpeg\" \/>\n<meta name=\"author\" content=\"Mohamed Hedi Touati\" \/>\n<meta name=\"twitter:card\" content=\"summary_large_image\" \/>\n<meta name=\"twitter:creator\" content=\"@webdo_tn\" \/>\n<meta name=\"twitter:site\" content=\"@webdo_tn\" \/>\n<meta name=\"twitter:label1\" content=\"\u00c9crit par\" \/>\n\t<meta name=\"twitter:data1\" content=\"Mohamed Hedi Touati\" \/>\n\t<meta name=\"twitter:label2\" content=\"Dur\u00e9e de lecture estim\u00e9e\" \/>\n\t<meta name=\"twitter:data2\" content=\"2 minutes\" \/>\n<script type=\"application\/ld+json\" class=\"yoast-schema-graph\">{\"@context\":\"https:\\\/\\\/schema.org\",\"@graph\":[{\"@type\":\"NewsArticle\",\"@id\":\"https:\\\/\\\/www.webdo.tn\\\/fr\\\/actualite\\\/international\\\/nouvelle-escalade-entre-liran-et-israel-frappes-mutuelles-et-tensions-regionales-en-hausse\\\/378063\\\/#article\",\"isPartOf\":{\"@id\":\"https:\\\/\\\/www.webdo.tn\\\/fr\\\/actualite\\\/international\\\/nouvelle-escalade-entre-liran-et-israel-frappes-mutuelles-et-tensions-regionales-en-hausse\\\/378063\\\/\"},\"author\":{\"name\":\"Mohamed Hedi Touati\",\"@id\":\"https:\\\/\\\/www.webdo.tn\\\/fr\\\/#\\\/schema\\\/person\\\/c652cd8fc2b1b44412b5ffb48c5a911d\"},\"headline\":\"Nouvelle escalade entre l\u2019Iran et Isra\u00ebl : Frappes mutuelles et tensions r\u00e9gionales en hausse\",\"datePublished\":\"2025-06-21T09:02:35+00:00\",\"dateModified\":\"2025-06-23T08:31:22+00:00\",\"mainEntityOfPage\":{\"@id\":\"https:\\\/\\\/www.webdo.tn\\\/fr\\\/actualite\\\/international\\\/nouvelle-escalade-entre-liran-et-israel-frappes-mutuelles-et-tensions-regionales-en-hausse\\\/378063\\\/\"},\"wordCount\":382,\"commentCount\":0,\"publisher\":{\"@id\":\"https:\\\/\\\/www.webdo.tn\\\/fr\\\/#organization\"},\"image\":{\"@id\":\"https:\\\/\\\/www.webdo.tn\\\/fr\\\/actualite\\\/international\\\/nouvelle-escalade-entre-liran-et-israel-frappes-mutuelles-et-tensions-regionales-en-hausse\\\/378063\\\/#primaryimage\"},\"thumbnailUrl\":\"https:\\\/\\\/www.webdo.tn\\\/fr\\\/wp-content\\\/uploads\\\/2025\\\/06\\\/Iran-Israel.jpeg\",\"keywords\":[\"guerre\",\"Iran\",\"isra\u00ebl\"],\"articleSection\":[\"International\"],\"inLanguage\":\"fr-FR\"},{\"@type\":\"WebPage\",\"@id\":\"https:\\\/\\\/www.webdo.tn\\\/fr\\\/actualite\\\/international\\\/nouvelle-escalade-entre-liran-et-israel-frappes-mutuelles-et-tensions-regionales-en-hausse\\\/378063\\\/\",\"url\":\"https:\\\/\\\/www.webdo.tn\\\/fr\\\/actualite\\\/international\\\/nouvelle-escalade-entre-liran-et-israel-frappes-mutuelles-et-tensions-regionales-en-hausse\\\/378063\\\/\",\"name\":\"Nouvelle escalade entre l\u2019Iran et Isra\u00ebl : Frappes mutuelles et tensions r\u00e9gionales en hausse - webdo\",\"isPartOf\":{\"@id\":\"https:\\\/\\\/www.webdo.tn\\\/fr\\\/#website\"},\"primaryImageOfPage\":{\"@id\":\"https:\\\/\\\/www.webdo.tn\\\/fr\\\/actualite\\\/international\\\/nouvelle-escalade-entre-liran-et-israel-frappes-mutuelles-et-tensions-regionales-en-hausse\\\/378063\\\/#primaryimage\"},\"image\":{\"@id\":\"https:\\\/\\\/www.webdo.tn\\\/fr\\\/actualite\\\/international\\\/nouvelle-escalade-entre-liran-et-israel-frappes-mutuelles-et-tensions-regionales-en-hausse\\\/378063\\\/#primaryimage\"},\"thumbnailUrl\":\"https:\\\/\\\/www.webdo.tn\\\/fr\\\/wp-content\\\/uploads\\\/2025\\\/06\\\/Iran-Israel.jpeg\",\"datePublished\":\"2025-06-21T09:02:35+00:00\",\"dateModified\":\"2025-06-23T08:31:22+00:00\",\"description\":\"Les enjeux du conflit Iran et Isra\u00ebl : tensions militaires, frappes cibl\u00e9es et avenir des n\u00e9gociations sur le nucl\u00e9aire.\",\"breadcrumb\":{\"@id\":\"https:\\\/\\\/www.webdo.tn\\\/fr\\\/actualite\\\/international\\\/nouvelle-escalade-entre-liran-et-israel-frappes-mutuelles-et-tensions-regionales-en-hausse\\\/378063\\\/#breadcrumb\"},\"inLanguage\":\"fr-FR\",\"potentialAction\":[{\"@type\":\"ReadAction\",\"target\":[\"https:\\\/\\\/www.webdo.tn\\\/fr\\\/actualite\\\/international\\\/nouvelle-escalade-entre-liran-et-israel-frappes-mutuelles-et-tensions-regionales-en-hausse\\\/378063\\\/\"]}]},{\"@type\":\"ImageObject\",\"inLanguage\":\"fr-FR\",\"@id\":\"https:\\\/\\\/www.webdo.tn\\\/fr\\\/actualite\\\/international\\\/nouvelle-escalade-entre-liran-et-israel-frappes-mutuelles-et-tensions-regionales-en-hausse\\\/378063\\\/#primaryimage\",\"url\":\"https:\\\/\\\/www.webdo.tn\\\/fr\\\/wp-content\\\/uploads\\\/2025\\\/06\\\/Iran-Israel.jpeg\",\"contentUrl\":\"https:\\\/\\\/www.webdo.tn\\\/fr\\\/wp-content\\\/uploads\\\/2025\\\/06\\\/Iran-Israel.jpeg\",\"width\":630,\"height\":420},{\"@type\":\"BreadcrumbList\",\"@id\":\"https:\\\/\\\/www.webdo.tn\\\/fr\\\/actualite\\\/international\\\/nouvelle-escalade-entre-liran-et-israel-frappes-mutuelles-et-tensions-regionales-en-hausse\\\/378063\\\/#breadcrumb\",\"itemListElement\":[{\"@type\":\"ListItem\",\"position\":1,\"name\":\"Accueil\",\"item\":\"https:\\\/\\\/www.webdo.tn\\\/fr\\\/\"},{\"@type\":\"ListItem\",\"position\":2,\"name\":\"Nouvelle escalade entre l\u2019Iran et Isra\u00ebl : Frappes mutuelles et tensions r\u00e9gionales en hausse\"}]},{\"@type\":\"WebSite\",\"@id\":\"https:\\\/\\\/www.webdo.tn\\\/fr\\\/#website\",\"url\":\"https:\\\/\\\/www.webdo.tn\\\/fr\\\/\",\"name\":\"webdo\",\"description\":\"Tunisie - News en Tunisie et \u00e0 l&#039;international sur Webdo.tn\",\"publisher\":{\"@id\":\"https:\\\/\\\/www.webdo.tn\\\/fr\\\/#organization\"},\"potentialAction\":[{\"@type\":\"SearchAction\",\"target\":{\"@type\":\"EntryPoint\",\"urlTemplate\":\"https:\\\/\\\/www.webdo.tn\\\/fr\\\/?s={search_term_string}\"},\"query-input\":{\"@type\":\"PropertyValueSpecification\",\"valueRequired\":true,\"valueName\":\"search_term_string\"}}],\"inLanguage\":\"fr-FR\"},{\"@type\":\"Organization\",\"@id\":\"https:\\\/\\\/www.webdo.tn\\\/fr\\\/#organization\",\"name\":\"Webdo\",\"alternateName\":\"Webdo.tn\",\"url\":\"https:\\\/\\\/www.webdo.tn\\\/fr\\\/\",\"logo\":{\"@type\":\"ImageObject\",\"inLanguage\":\"fr-FR\",\"@id\":\"https:\\\/\\\/www.webdo.tn\\\/fr\\\/#\\\/schema\\\/logo\\\/image\\\/\",\"url\":\"https:\\\/\\\/www.webdo.tn\\\/fr\\\/wp-content\\\/uploads\\\/2025\\\/06\\\/Webdo-Tunisie_168377.jpg\",\"contentUrl\":\"https:\\\/\\\/www.webdo.tn\\\/fr\\\/wp-content\\\/uploads\\\/2025\\\/06\\\/Webdo-Tunisie_168377.jpg\",\"width\":301,\"height\":301,\"caption\":\"Webdo\"},\"image\":{\"@id\":\"https:\\\/\\\/www.webdo.tn\\\/fr\\\/#\\\/schema\\\/logo\\\/image\\\/\"},\"sameAs\":[\"https:\\\/\\\/www.facebook.com\\\/webdotn\",\"https:\\\/\\\/x.com\\\/webdo_tn\"],\"description\":\"Webdo est un m\u00e9dia num\u00e9rique tunisien fond\u00e9 en 2010, sp\u00e9cialis\u00e9 dans l\u2019actualit\u00e9 nationale et internationale, l\u2019\u00e9conomie, la soci\u00e9t\u00e9 et les analyses politiques. Le site s\u2019adresse \u00e0 un large public francophone et couvre l\u2019information tunisienne en temps r\u00e9el.\",\"email\":\"redac@webdo.tn\",\"legalName\":\"YNJ SARL\",\"foundingDate\":\"2010-09-06\",\"numberOfEmployees\":{\"@type\":\"QuantitativeValue\",\"minValue\":\"11\",\"maxValue\":\"50\"}},{\"@type\":\"Person\",\"@id\":\"https:\\\/\\\/www.webdo.tn\\\/fr\\\/#\\\/schema\\\/person\\\/c652cd8fc2b1b44412b5ffb48c5a911d\",\"name\":\"Mohamed Hedi Touati\",\"image\":{\"@type\":\"ImageObject\",\"inLanguage\":\"fr-FR\",\"@id\":\"https:\\\/\\\/secure.gravatar.com\\\/avatar\\\/9cfd402c745b7a685f13eed0ea6e59d2144a3c2fc50a3db6fd5ed451f6cddf1a?s=96&d=mm&r=g\",\"url\":\"https:\\\/\\\/secure.gravatar.com\\\/avatar\\\/9cfd402c745b7a685f13eed0ea6e59d2144a3c2fc50a3db6fd5ed451f6cddf1a?s=96&d=mm&r=g\",\"contentUrl\":\"https:\\\/\\\/secure.gravatar.com\\\/avatar\\\/9cfd402c745b7a685f13eed0ea6e59d2144a3c2fc50a3db6fd5ed451f6cddf1a?s=96&d=mm&r=g\",\"caption\":\"Mohamed Hedi Touati\"},\"url\":\"https:\\\/\\\/www.webdo.tn\\\/fr\\\/actualite\\\/author\\\/mohamed-hedi-touati\\\/\"}]}<\/script>\n<!-- \/ Yoast SEO Premium plugin. -->","yoast_head_json":{"title":"Nouvelle escalade entre l\u2019Iran et Isra\u00ebl : Frappes mutuelles et tensions r\u00e9gionales en hausse - webdo","description":"Les enjeux du conflit Iran et Isra\u00ebl : tensions militaires, frappes cibl\u00e9es et avenir des n\u00e9gociations sur le nucl\u00e9aire.","canonical":"https:\/\/www.webdo.tn\/fr\/actualite\/international\/nouvelle-escalade-entre-liran-et-israel-frappes-mutuelles-et-tensions-regionales-en-hausse\/378063\/","og_locale":"fr_FR","og_type":"article","og_title":"Nouvelle escalade entre l\u2019Iran et Isra\u00ebl : Frappes mutuelles et tensions r\u00e9gionales en hausse","og_description":"Les enjeux du conflit Iran et Isra\u00ebl : tensions militaires, frappes cibl\u00e9es et avenir des n\u00e9gociations sur le nucl\u00e9aire.","og_url":"https:\/\/www.webdo.tn\/fr\/actualite\/international\/nouvelle-escalade-entre-liran-et-israel-frappes-mutuelles-et-tensions-regionales-en-hausse\/378063\/","og_site_name":"webdo","article_publisher":"https:\/\/www.facebook.com\/webdotn","article_published_time":"2025-06-21T09:02:35+00:00","article_modified_time":"2025-06-23T08:31:22+00:00","og_image":[{"width":630,"height":420,"url":"https:\/\/www.webdo.tn\/fr\/wp-content\/uploads\/2025\/06\/Iran-Israel.jpeg","type":"image\/jpeg"}],"author":"Mohamed Hedi Touati","twitter_card":"summary_large_image","twitter_creator":"@webdo_tn","twitter_site":"@webdo_tn","twitter_misc":{"\u00c9crit par":"Mohamed Hedi Touati","Dur\u00e9e de lecture estim\u00e9e":"2 minutes"},"schema":{"@context":"https:\/\/schema.org","@graph":[{"@type":"NewsArticle","@id":"https:\/\/www.webdo.tn\/fr\/actualite\/international\/nouvelle-escalade-entre-liran-et-israel-frappes-mutuelles-et-tensions-regionales-en-hausse\/378063\/#article","isPartOf":{"@id":"https:\/\/www.webdo.tn\/fr\/actualite\/international\/nouvelle-escalade-entre-liran-et-israel-frappes-mutuelles-et-tensions-regionales-en-hausse\/378063\/"},"author":{"name":"Mohamed Hedi Touati","@id":"https:\/\/www.webdo.tn\/fr\/#\/schema\/person\/c652cd8fc2b1b44412b5ffb48c5a911d"},"headline":"Nouvelle escalade entre l\u2019Iran et Isra\u00ebl : Frappes mutuelles et tensions r\u00e9gionales en hausse","datePublished":"2025-06-21T09:02:35+00:00","dateModified":"2025-06-23T08:31:22+00:00","mainEntityOfPage":{"@id":"https:\/\/www.webdo.tn\/fr\/actualite\/international\/nouvelle-escalade-entre-liran-et-israel-frappes-mutuelles-et-tensions-regionales-en-hausse\/378063\/"},"wordCount":382,"commentCount":0,"publisher":{"@id":"https:\/\/www.webdo.tn\/fr\/#organization"},"image":{"@id":"https:\/\/www.webdo.tn\/fr\/actualite\/international\/nouvelle-escalade-entre-liran-et-israel-frappes-mutuelles-et-tensions-regionales-en-hausse\/378063\/#primaryimage"},"thumbnailUrl":"https:\/\/www.webdo.tn\/fr\/wp-content\/uploads\/2025\/06\/Iran-Israel.jpeg","keywords":["guerre","Iran","isra\u00ebl"],"articleSection":["International"],"inLanguage":"fr-FR"},{"@type":"WebPage","@id":"https:\/\/www.webdo.tn\/fr\/actualite\/international\/nouvelle-escalade-entre-liran-et-israel-frappes-mutuelles-et-tensions-regionales-en-hausse\/378063\/","url":"https:\/\/www.webdo.tn\/fr\/actualite\/international\/nouvelle-escalade-entre-liran-et-israel-frappes-mutuelles-et-tensions-regionales-en-hausse\/378063\/","name":"Nouvelle escalade entre l\u2019Iran et Isra\u00ebl : Frappes mutuelles et tensions r\u00e9gionales en hausse - webdo","isPartOf":{"@id":"https:\/\/www.webdo.tn\/fr\/#website"},"primaryImageOfPage":{"@id":"https:\/\/www.webdo.tn\/fr\/actualite\/international\/nouvelle-escalade-entre-liran-et-israel-frappes-mutuelles-et-tensions-regionales-en-hausse\/378063\/#primaryimage"},"image":{"@id":"https:\/\/www.webdo.tn\/fr\/actualite\/international\/nouvelle-escalade-entre-liran-et-israel-frappes-mutuelles-et-tensions-regionales-en-hausse\/378063\/#primaryimage"},"thumbnailUrl":"https:\/\/www.webdo.tn\/fr\/wp-content\/uploads\/2025\/06\/Iran-Israel.jpeg","datePublished":"2025-06-21T09:02:35+00:00","dateModified":"2025-06-23T08:31:22+00:00","description":"Les enjeux du conflit Iran et Isra\u00ebl : tensions militaires, frappes cibl\u00e9es et avenir des n\u00e9gociations sur le nucl\u00e9aire.","breadcrumb":{"@id":"https:\/\/www.webdo.tn\/fr\/actualite\/international\/nouvelle-escalade-entre-liran-et-israel-frappes-mutuelles-et-tensions-regionales-en-hausse\/378063\/#breadcrumb"},"inLanguage":"fr-FR","potentialAction":[{"@type":"ReadAction","target":["https:\/\/www.webdo.tn\/fr\/actualite\/international\/nouvelle-escalade-entre-liran-et-israel-frappes-mutuelles-et-tensions-regionales-en-hausse\/378063\/"]}]},{"@type":"ImageObject","inLanguage":"fr-FR","@id":"https:\/\/www.webdo.tn\/fr\/actualite\/international\/nouvelle-escalade-entre-liran-et-israel-frappes-mutuelles-et-tensions-regionales-en-hausse\/378063\/#primaryimage","url":"https:\/\/www.webdo.tn\/fr\/wp-content\/uploads\/2025\/06\/Iran-Israel.jpeg","contentUrl":"https:\/\/www.webdo.tn\/fr\/wp-content\/uploads\/2025\/06\/Iran-Israel.jpeg","width":630,"height":420},{"@type":"BreadcrumbList","@id":"https:\/\/www.webdo.tn\/fr\/actualite\/international\/nouvelle-escalade-entre-liran-et-israel-frappes-mutuelles-et-tensions-regionales-en-hausse\/378063\/#breadcrumb","itemListElement":[{"@type":"ListItem","position":1,"name":"Accueil","item":"https:\/\/www.webdo.tn\/fr\/"},{"@type":"ListItem","position":2,"name":"Nouvelle escalade entre l\u2019Iran et Isra\u00ebl : Frappes mutuelles et tensions r\u00e9gionales en hausse"}]},{"@type":"WebSite","@id":"https:\/\/www.webdo.tn\/fr\/#website","url":"https:\/\/www.webdo.tn\/fr\/","name":"webdo","description":"Tunisie - News en Tunisie et \u00e0 l&#039;international sur Webdo.tn","publisher":{"@id":"https:\/\/www.webdo.tn\/fr\/#organization"},"potentialAction":[{"@type":"SearchAction","target":{"@type":"EntryPoint","urlTemplate":"https:\/\/www.webdo.tn\/fr\/?s={search_term_string}"},"query-input":{"@type":"PropertyValueSpecification","valueRequired":true,"valueName":"search_term_string"}}],"inLanguage":"fr-FR"},{"@type":"Organization","@id":"https:\/\/www.webdo.tn\/fr\/#organization","name":"Webdo","alternateName":"Webdo.tn","url":"https:\/\/www.webdo.tn\/fr\/","logo":{"@type":"ImageObject","inLanguage":"fr-FR","@id":"https:\/\/www.webdo.tn\/fr\/#\/schema\/logo\/image\/","url":"https:\/\/www.webdo.tn\/fr\/wp-content\/uploads\/2025\/06\/Webdo-Tunisie_168377.jpg","contentUrl":"https:\/\/www.webdo.tn\/fr\/wp-content\/uploads\/2025\/06\/Webdo-Tunisie_168377.jpg","width":301,"height":301,"caption":"Webdo"},"image":{"@id":"https:\/\/www.webdo.tn\/fr\/#\/schema\/logo\/image\/"},"sameAs":["https:\/\/www.facebook.com\/webdotn","https:\/\/x.com\/webdo_tn"],"description":"Webdo est un m\u00e9dia num\u00e9rique tunisien fond\u00e9 en 2010, sp\u00e9cialis\u00e9 dans l\u2019actualit\u00e9 nationale et internationale, l\u2019\u00e9conomie, la soci\u00e9t\u00e9 et les analyses politiques. Le site s\u2019adresse \u00e0 un large public francophone et couvre l\u2019information tunisienne en temps r\u00e9el.","email":"redac@webdo.tn","legalName":"YNJ SARL","foundingDate":"2010-09-06","numberOfEmployees":{"@type":"QuantitativeValue","minValue":"11","maxValue":"50"}},{"@type":"Person","@id":"https:\/\/www.webdo.tn\/fr\/#\/schema\/person\/c652cd8fc2b1b44412b5ffb48c5a911d","name":"Mohamed Hedi Touati","image":{"@type":"ImageObject","inLanguage":"fr-FR","@id":"https:\/\/secure.gravatar.com\/avatar\/9cfd402c745b7a685f13eed0ea6e59d2144a3c2fc50a3db6fd5ed451f6cddf1a?s=96&d=mm&r=g","url":"https:\/\/secure.gravatar.com\/avatar\/9cfd402c745b7a685f13eed0ea6e59d2144a3c2fc50a3db6fd5ed451f6cddf1a?s=96&d=mm&r=g","contentUrl":"https:\/\/secure.gravatar.com\/avatar\/9cfd402c745b7a685f13eed0ea6e59d2144a3c2fc50a3db6fd5ed451f6cddf1a?s=96&d=mm&r=g","caption":"Mohamed Hedi Touati"},"url":"https:\/\/www.webdo.tn\/fr\/actualite\/author\/mohamed-hedi-touati\/"}]}},"_links":{"self":[{"href":"https:\/\/www.webdo.tn\/fr\/wp-json\/wp\/v2\/posts\/378063","targetHints":{"allow":["GET"]}}],"collection":[{"href":"https:\/\/www.webdo.tn\/fr\/wp-json\/wp\/v2\/posts"}],"about":[{"href":"https:\/\/www.webdo.tn\/fr\/wp-json\/wp\/v2\/types\/post"}],"author":[{"embeddable":true,"href":"https:\/\/www.webdo.tn\/fr\/wp-json\/wp\/v2\/users\/3191"}],"replies":[{"embeddable":true,"href":"https:\/\/www.webdo.tn\/fr\/wp-json\/wp\/v2\/comments?post=378063"}],"version-history":[{"count":0,"href":"https:\/\/www.webdo.tn\/fr\/wp-json\/wp\/v2\/posts\/378063\/revisions"}],"wp:featuredmedia":[{"embeddable":true,"href":"https:\/\/www.webdo.tn\/fr\/wp-json\/wp\/v2\/media\/378064"}],"wp:attachment":[{"href":"https:\/\/www.webdo.tn\/fr\/wp-json\/wp\/v2\/media?parent=378063"}],"wp:term":[{"taxonomy":"category","embeddable":true,"href":"https:\/\/www.webdo.tn\/fr\/wp-json\/wp\/v2\/categories?post=378063"},{"taxonomy":"post_tag","embeddable":true,"href":"https:\/\/www.webdo.tn\/fr\/wp-json\/wp\/v2\/tags?post=378063"}],"curies":[{"name":"wp","href":"https:\/\/api.w.org\/{rel}","templated":true}]}}