{"id":378035,"date":"2025-06-20T15:15:44","date_gmt":"2025-06-20T14:15:44","guid":{"rendered":"https:\/\/www.webdo.tn\/fr\/?p=378035"},"modified":"2025-06-21T08:50:08","modified_gmt":"2025-06-21T07:50:08","slug":"conflit-iran-israel-frappes-croisees-et-escalade-au-huitieme-jour-de-guerre","status":"publish","type":"post","link":"https:\/\/www.webdo.tn\/fr\/actualite\/international\/conflit-iran-israel-frappes-croisees-et-escalade-au-huitieme-jour-de-guerre\/378035\/","title":{"rendered":"Conflit Iran &#8211; Isra\u00ebl : Frappes crois\u00e9es et escalade au huiti\u00e8me jour de guerre"},"content":{"rendered":"\n<p><strong>L\u2019Iran a lanc\u00e9 une nouvelle salve de missiles contre Isra\u00ebl ce vendredi, tandis que l\u2019arm\u00e9e isra\u00e9lienne a cibl\u00e9 plus de 35 installations militaires en Iran. La guerre continue de s\u2019intensifier, huit jours apr\u00e8s son d\u00e9clenchement.<\/strong><\/p>\n\n\n\n<p>Le bras de fer militaire entre l\u2019Iran et Isra\u00ebl a franchi un nouveau seuil ce vendredi, avec un \u00e9change massif de frappes a\u00e9riennes et de missiles, dans ce qui est d\u00e9sormais l\u2019un des \u00e9pisodes les plus violents de leur confrontation historique.<\/p>\n\n\n\n<p>Dans l\u2019apr\u00e8s-midi, la t\u00e9l\u00e9vision d\u2019\u00c9tat iranienne a annonc\u00e9 le tir d\u2019une nouvelle salve de missiles contre plusieurs r\u00e9gions d\u2019Isra\u00ebl. \u00ab Vous voyez en direct des images du ciel au-dessus des territoires occup\u00e9s \u00bb, a d\u00e9clar\u00e9 un pr\u00e9sentateur, tandis que des vid\u00e9os montraient les impacts, accompagn\u00e9s d\u2019un chant militaire patriotique.<\/p>\n\n\n\n<p>Selon les m\u00e9dias isra\u00e9liens, trois missiles se sont abattus sur les r\u00e9gions de Gush Dan, J\u00e9rusalem et Ha\u00effa, blessant au moins dix personnes, dont certaines gri\u00e8vement.<\/p>\n\n\n\n<p>Le Corps des Gardiens de la r\u00e9volution islamique (CGRI) a revendiqu\u00e9 cette attaque, la qualifiant de 17e vague de l\u2019op\u00e9ration \u00ab Promesse v\u00e9ridique 3 \u00bb. Elle aurait mobilis\u00e9 des missiles \u00e0 longue port\u00e9e et \u00e0 forte charge explosive.<\/p>\n\n\n\n<p>Peu apr\u00e8s cette offensive, le guide supr\u00eame iranien, Ali Khamenei, a salu\u00e9 l&rsquo;op\u00e9ration sur son compte X : \u00ab L\u2019ennemi sioniste re\u00e7oit son ch\u00e2timent, il subit sa punition \u00e0 pr\u00e9sent. \u00bb<\/p>\n\n\n\n<p>Dans la nuit l\u2019arm\u00e9e sioniste a men\u00e9 une vaste offensive a\u00e9rienne. Dans un communiqu\u00e9 diffus\u00e9 vendredi matin, l\u2019arm\u00e9e isra\u00e9lienne a affirm\u00e9 avoir d\u00e9truit plus de 35 installations de stockage et de lancement de missiles dans les provinces iraniennes de Tabriz et Kermanshah.<\/p>\n\n\n\n<p>Selon le m\u00eame communiqu\u00e9, plus de 50 avions de combat ont pris part \u00e0 des frappes nocturnes ciblant \u00e9galement des sites \u00e0 T\u00e9h\u00e9ran. L\u2019arm\u00e9e isra\u00e9lienne affirme \u00e9galement avoir \u00e9limin\u00e9 un haut commandant iranien qui s\u2019appr\u00eatait \u00e0 superviser de nouveaux tirs de missiles, et d\u00e9truit trois lanceurs op\u00e9rationnels.<\/p>\n\n\n\n<p>Alors que les hostilit\u00e9s se poursuivent, les perspectives d\u2019une d\u00e9sescalade imm\u00e9diate s\u2019amenuisent. La communaut\u00e9 internationale multiplie les appels au cessez-le-feu, sans succ\u00e8s pour l\u2019instant.<\/p>\n","protected":false},"excerpt":{"rendered":"<p>L\u2019Iran a lanc\u00e9 une nouvelle salve de missiles contre Isra\u00ebl ce vendredi, tandis que l\u2019arm\u00e9e isra\u00e9lienne a cibl\u00e9 plus de 35 installations militaires en Iran. La guerre continue de s\u2019intensifier, huit jours apr\u00e8s son d\u00e9clenchement. Le bras de fer militaire entre l\u2019Iran et Isra\u00ebl a franchi un nouveau seuil ce vendredi, avec un \u00e9change massif [&hellip;]<\/p>\n","protected":false},"author":3191,"featured_media":378036,"comment_status":"open","ping_status":"open","sticky":false,"template":"","format":"standard","meta":{"footnotes":""},"categories":[2598],"tags":[],"class_list":["post-378035","post","type-post","status-publish","format-standard","has-post-thumbnail","hentry","category-international"],"yoast_head":"<!-- This site is optimized with the Yoast SEO Premium plugin v27.5 (Yoast SEO v27.5) - https:\/\/yoast.com\/product\/yoast-seo-premium-wordpress\/ -->\n<title>Conflit Iran - Isra\u00ebl : Frappes crois\u00e9es et escalade au huiti\u00e8me jour de guerre - webdo<\/title>\n<meta name=\"description\" content=\"Le conflit Iran - Isra\u00ebl entre dans une phase critique, avec des \u00e9changes de missiles et des frappes a\u00e9riennes enflamm\u00e9es.\" \/>\n<link rel=\"canonical\" href=\"https:\/\/www.webdo.tn\/fr\/actualite\/international\/conflit-iran-israel-frappes-croisees-et-escalade-au-huitieme-jour-de-guerre\/378035\/\" \/>\n<meta property=\"og:locale\" content=\"fr_FR\" \/>\n<meta property=\"og:type\" content=\"article\" \/>\n<meta property=\"og:title\" content=\"Conflit Iran - Isra\u00ebl : Frappes crois\u00e9es et escalade au huiti\u00e8me jour de guerre\" \/>\n<meta property=\"og:description\" content=\"Le conflit Iran - Isra\u00ebl entre dans une phase critique, avec des \u00e9changes de missiles et des frappes a\u00e9riennes enflamm\u00e9es.\" \/>\n<meta property=\"og:url\" content=\"https:\/\/www.webdo.tn\/fr\/actualite\/international\/conflit-iran-israel-frappes-croisees-et-escalade-au-huitieme-jour-de-guerre\/378035\/\" \/>\n<meta property=\"og:site_name\" content=\"webdo\" \/>\n<meta property=\"article:publisher\" content=\"https:\/\/www.facebook.com\/webdotn\" \/>\n<meta property=\"article:published_time\" content=\"2025-06-20T14:15:44+00:00\" \/>\n<meta property=\"article:modified_time\" content=\"2025-06-21T07:50:08+00:00\" \/>\n<meta property=\"og:image\" content=\"https:\/\/www.webdo.tn\/fr\/wp-content\/uploads\/2025\/06\/israel.jpg\" \/>\n\t<meta property=\"og:image:width\" content=\"836\" \/>\n\t<meta property=\"og:image:height\" content=\"557\" \/>\n\t<meta property=\"og:image:type\" content=\"image\/jpeg\" \/>\n<meta name=\"author\" content=\"Mohamed Hedi Touati\" \/>\n<meta name=\"twitter:card\" content=\"summary_large_image\" \/>\n<meta name=\"twitter:creator\" content=\"@webdo_tn\" \/>\n<meta name=\"twitter:site\" content=\"@webdo_tn\" \/>\n<meta name=\"twitter:label1\" content=\"\u00c9crit par\" \/>\n\t<meta name=\"twitter:data1\" content=\"Mohamed Hedi Touati\" \/>\n\t<meta name=\"twitter:label2\" content=\"Dur\u00e9e de lecture estim\u00e9e\" \/>\n\t<meta name=\"twitter:data2\" content=\"2 minutes\" \/>\n<script type=\"application\/ld+json\" class=\"yoast-schema-graph\">{\"@context\":\"https:\\\/\\\/schema.org\",\"@graph\":[{\"@type\":\"NewsArticle\",\"@id\":\"https:\\\/\\\/www.webdo.tn\\\/fr\\\/actualite\\\/international\\\/conflit-iran-israel-frappes-croisees-et-escalade-au-huitieme-jour-de-guerre\\\/378035\\\/#article\",\"isPartOf\":{\"@id\":\"https:\\\/\\\/www.webdo.tn\\\/fr\\\/actualite\\\/international\\\/conflit-iran-israel-frappes-croisees-et-escalade-au-huitieme-jour-de-guerre\\\/378035\\\/\"},\"author\":{\"name\":\"Mohamed Hedi Touati\",\"@id\":\"https:\\\/\\\/www.webdo.tn\\\/fr\\\/#\\\/schema\\\/person\\\/c652cd8fc2b1b44412b5ffb48c5a911d\"},\"headline\":\"Conflit Iran &#8211; Isra\u00ebl : Frappes crois\u00e9es et escalade au huiti\u00e8me jour de guerre\",\"datePublished\":\"2025-06-20T14:15:44+00:00\",\"dateModified\":\"2025-06-21T07:50:08+00:00\",\"mainEntityOfPage\":{\"@id\":\"https:\\\/\\\/www.webdo.tn\\\/fr\\\/actualite\\\/international\\\/conflit-iran-israel-frappes-croisees-et-escalade-au-huitieme-jour-de-guerre\\\/378035\\\/\"},\"wordCount\":403,\"commentCount\":0,\"publisher\":{\"@id\":\"https:\\\/\\\/www.webdo.tn\\\/fr\\\/#organization\"},\"image\":{\"@id\":\"https:\\\/\\\/www.webdo.tn\\\/fr\\\/actualite\\\/international\\\/conflit-iran-israel-frappes-croisees-et-escalade-au-huitieme-jour-de-guerre\\\/378035\\\/#primaryimage\"},\"thumbnailUrl\":\"https:\\\/\\\/www.webdo.tn\\\/fr\\\/wp-content\\\/uploads\\\/2025\\\/06\\\/israel.jpg\",\"articleSection\":[\"International\"],\"inLanguage\":\"fr-FR\"},{\"@type\":\"WebPage\",\"@id\":\"https:\\\/\\\/www.webdo.tn\\\/fr\\\/actualite\\\/international\\\/conflit-iran-israel-frappes-croisees-et-escalade-au-huitieme-jour-de-guerre\\\/378035\\\/\",\"url\":\"https:\\\/\\\/www.webdo.tn\\\/fr\\\/actualite\\\/international\\\/conflit-iran-israel-frappes-croisees-et-escalade-au-huitieme-jour-de-guerre\\\/378035\\\/\",\"name\":\"Conflit Iran - Isra\u00ebl : Frappes crois\u00e9es et escalade au huiti\u00e8me jour de guerre - webdo\",\"isPartOf\":{\"@id\":\"https:\\\/\\\/www.webdo.tn\\\/fr\\\/#website\"},\"primaryImageOfPage\":{\"@id\":\"https:\\\/\\\/www.webdo.tn\\\/fr\\\/actualite\\\/international\\\/conflit-iran-israel-frappes-croisees-et-escalade-au-huitieme-jour-de-guerre\\\/378035\\\/#primaryimage\"},\"image\":{\"@id\":\"https:\\\/\\\/www.webdo.tn\\\/fr\\\/actualite\\\/international\\\/conflit-iran-israel-frappes-croisees-et-escalade-au-huitieme-jour-de-guerre\\\/378035\\\/#primaryimage\"},\"thumbnailUrl\":\"https:\\\/\\\/www.webdo.tn\\\/fr\\\/wp-content\\\/uploads\\\/2025\\\/06\\\/israel.jpg\",\"datePublished\":\"2025-06-20T14:15:44+00:00\",\"dateModified\":\"2025-06-21T07:50:08+00:00\",\"description\":\"Le conflit Iran - Isra\u00ebl entre dans une phase critique, avec des \u00e9changes de missiles et des frappes a\u00e9riennes enflamm\u00e9es.\",\"breadcrumb\":{\"@id\":\"https:\\\/\\\/www.webdo.tn\\\/fr\\\/actualite\\\/international\\\/conflit-iran-israel-frappes-croisees-et-escalade-au-huitieme-jour-de-guerre\\\/378035\\\/#breadcrumb\"},\"inLanguage\":\"fr-FR\",\"potentialAction\":[{\"@type\":\"ReadAction\",\"target\":[\"https:\\\/\\\/www.webdo.tn\\\/fr\\\/actualite\\\/international\\\/conflit-iran-israel-frappes-croisees-et-escalade-au-huitieme-jour-de-guerre\\\/378035\\\/\"]}]},{\"@type\":\"ImageObject\",\"inLanguage\":\"fr-FR\",\"@id\":\"https:\\\/\\\/www.webdo.tn\\\/fr\\\/actualite\\\/international\\\/conflit-iran-israel-frappes-croisees-et-escalade-au-huitieme-jour-de-guerre\\\/378035\\\/#primaryimage\",\"url\":\"https:\\\/\\\/www.webdo.tn\\\/fr\\\/wp-content\\\/uploads\\\/2025\\\/06\\\/israel.jpg\",\"contentUrl\":\"https:\\\/\\\/www.webdo.tn\\\/fr\\\/wp-content\\\/uploads\\\/2025\\\/06\\\/israel.jpg\",\"width\":836,\"height\":557,\"caption\":\"Des missiles balistiques iraniens ont frapp\u00e9, Beer Sheva, dans le sud d\u2019Isra\u00ebl, vendredi 20 juin 2025 (EPA\\\/Maxppp)\"},{\"@type\":\"BreadcrumbList\",\"@id\":\"https:\\\/\\\/www.webdo.tn\\\/fr\\\/actualite\\\/international\\\/conflit-iran-israel-frappes-croisees-et-escalade-au-huitieme-jour-de-guerre\\\/378035\\\/#breadcrumb\",\"itemListElement\":[{\"@type\":\"ListItem\",\"position\":1,\"name\":\"Accueil\",\"item\":\"https:\\\/\\\/www.webdo.tn\\\/fr\\\/\"},{\"@type\":\"ListItem\",\"position\":2,\"name\":\"Conflit Iran &#8211; Isra\u00ebl : Frappes crois\u00e9es et escalade au huiti\u00e8me jour de guerre\"}]},{\"@type\":\"WebSite\",\"@id\":\"https:\\\/\\\/www.webdo.tn\\\/fr\\\/#website\",\"url\":\"https:\\\/\\\/www.webdo.tn\\\/fr\\\/\",\"name\":\"webdo\",\"description\":\"Tunisie - News en Tunisie et \u00e0 l&#039;international sur Webdo.tn\",\"publisher\":{\"@id\":\"https:\\\/\\\/www.webdo.tn\\\/fr\\\/#organization\"},\"potentialAction\":[{\"@type\":\"SearchAction\",\"target\":{\"@type\":\"EntryPoint\",\"urlTemplate\":\"https:\\\/\\\/www.webdo.tn\\\/fr\\\/?s={search_term_string}\"},\"query-input\":{\"@type\":\"PropertyValueSpecification\",\"valueRequired\":true,\"valueName\":\"search_term_string\"}}],\"inLanguage\":\"fr-FR\"},{\"@type\":\"Organization\",\"@id\":\"https:\\\/\\\/www.webdo.tn\\\/fr\\\/#organization\",\"name\":\"Webdo\",\"alternateName\":\"Webdo.tn\",\"url\":\"https:\\\/\\\/www.webdo.tn\\\/fr\\\/\",\"logo\":{\"@type\":\"ImageObject\",\"inLanguage\":\"fr-FR\",\"@id\":\"https:\\\/\\\/www.webdo.tn\\\/fr\\\/#\\\/schema\\\/logo\\\/image\\\/\",\"url\":\"https:\\\/\\\/www.webdo.tn\\\/fr\\\/wp-content\\\/uploads\\\/2025\\\/06\\\/Webdo-Tunisie_168377.jpg\",\"contentUrl\":\"https:\\\/\\\/www.webdo.tn\\\/fr\\\/wp-content\\\/uploads\\\/2025\\\/06\\\/Webdo-Tunisie_168377.jpg\",\"width\":301,\"height\":301,\"caption\":\"Webdo\"},\"image\":{\"@id\":\"https:\\\/\\\/www.webdo.tn\\\/fr\\\/#\\\/schema\\\/logo\\\/image\\\/\"},\"sameAs\":[\"https:\\\/\\\/www.facebook.com\\\/webdotn\",\"https:\\\/\\\/x.com\\\/webdo_tn\"],\"description\":\"Webdo est un m\u00e9dia num\u00e9rique tunisien fond\u00e9 en 2010, sp\u00e9cialis\u00e9 dans l\u2019actualit\u00e9 nationale et internationale, l\u2019\u00e9conomie, la soci\u00e9t\u00e9 et les analyses politiques. Le site s\u2019adresse \u00e0 un large public francophone et couvre l\u2019information tunisienne en temps r\u00e9el.\",\"email\":\"redac@webdo.tn\",\"legalName\":\"YNJ SARL\",\"foundingDate\":\"2010-09-06\",\"numberOfEmployees\":{\"@type\":\"QuantitativeValue\",\"minValue\":\"11\",\"maxValue\":\"50\"}},{\"@type\":\"Person\",\"@id\":\"https:\\\/\\\/www.webdo.tn\\\/fr\\\/#\\\/schema\\\/person\\\/c652cd8fc2b1b44412b5ffb48c5a911d\",\"name\":\"Mohamed Hedi Touati\",\"image\":{\"@type\":\"ImageObject\",\"inLanguage\":\"fr-FR\",\"@id\":\"https:\\\/\\\/secure.gravatar.com\\\/avatar\\\/9cfd402c745b7a685f13eed0ea6e59d2144a3c2fc50a3db6fd5ed451f6cddf1a?s=96&d=mm&r=g\",\"url\":\"https:\\\/\\\/secure.gravatar.com\\\/avatar\\\/9cfd402c745b7a685f13eed0ea6e59d2144a3c2fc50a3db6fd5ed451f6cddf1a?s=96&d=mm&r=g\",\"contentUrl\":\"https:\\\/\\\/secure.gravatar.com\\\/avatar\\\/9cfd402c745b7a685f13eed0ea6e59d2144a3c2fc50a3db6fd5ed451f6cddf1a?s=96&d=mm&r=g\",\"caption\":\"Mohamed Hedi Touati\"},\"url\":\"https:\\\/\\\/www.webdo.tn\\\/fr\\\/actualite\\\/author\\\/mohamed-hedi-touati\\\/\"}]}<\/script>\n<!-- \/ Yoast SEO Premium plugin. -->","yoast_head_json":{"title":"Conflit Iran - Isra\u00ebl : Frappes crois\u00e9es et escalade au huiti\u00e8me jour de guerre - webdo","description":"Le conflit Iran - Isra\u00ebl entre dans une phase critique, avec des \u00e9changes de missiles et des frappes a\u00e9riennes enflamm\u00e9es.","canonical":"https:\/\/www.webdo.tn\/fr\/actualite\/international\/conflit-iran-israel-frappes-croisees-et-escalade-au-huitieme-jour-de-guerre\/378035\/","og_locale":"fr_FR","og_type":"article","og_title":"Conflit Iran - Isra\u00ebl : Frappes crois\u00e9es et escalade au huiti\u00e8me jour de guerre","og_description":"Le conflit Iran - Isra\u00ebl entre dans une phase critique, avec des \u00e9changes de missiles et des frappes a\u00e9riennes enflamm\u00e9es.","og_url":"https:\/\/www.webdo.tn\/fr\/actualite\/international\/conflit-iran-israel-frappes-croisees-et-escalade-au-huitieme-jour-de-guerre\/378035\/","og_site_name":"webdo","article_publisher":"https:\/\/www.facebook.com\/webdotn","article_published_time":"2025-06-20T14:15:44+00:00","article_modified_time":"2025-06-21T07:50:08+00:00","og_image":[{"width":836,"height":557,"url":"https:\/\/www.webdo.tn\/fr\/wp-content\/uploads\/2025\/06\/israel.jpg","type":"image\/jpeg"}],"author":"Mohamed Hedi Touati","twitter_card":"summary_large_image","twitter_creator":"@webdo_tn","twitter_site":"@webdo_tn","twitter_misc":{"\u00c9crit par":"Mohamed Hedi Touati","Dur\u00e9e de lecture estim\u00e9e":"2 minutes"},"schema":{"@context":"https:\/\/schema.org","@graph":[{"@type":"NewsArticle","@id":"https:\/\/www.webdo.tn\/fr\/actualite\/international\/conflit-iran-israel-frappes-croisees-et-escalade-au-huitieme-jour-de-guerre\/378035\/#article","isPartOf":{"@id":"https:\/\/www.webdo.tn\/fr\/actualite\/international\/conflit-iran-israel-frappes-croisees-et-escalade-au-huitieme-jour-de-guerre\/378035\/"},"author":{"name":"Mohamed Hedi Touati","@id":"https:\/\/www.webdo.tn\/fr\/#\/schema\/person\/c652cd8fc2b1b44412b5ffb48c5a911d"},"headline":"Conflit Iran &#8211; Isra\u00ebl : Frappes crois\u00e9es et escalade au huiti\u00e8me jour de guerre","datePublished":"2025-06-20T14:15:44+00:00","dateModified":"2025-06-21T07:50:08+00:00","mainEntityOfPage":{"@id":"https:\/\/www.webdo.tn\/fr\/actualite\/international\/conflit-iran-israel-frappes-croisees-et-escalade-au-huitieme-jour-de-guerre\/378035\/"},"wordCount":403,"commentCount":0,"publisher":{"@id":"https:\/\/www.webdo.tn\/fr\/#organization"},"image":{"@id":"https:\/\/www.webdo.tn\/fr\/actualite\/international\/conflit-iran-israel-frappes-croisees-et-escalade-au-huitieme-jour-de-guerre\/378035\/#primaryimage"},"thumbnailUrl":"https:\/\/www.webdo.tn\/fr\/wp-content\/uploads\/2025\/06\/israel.jpg","articleSection":["International"],"inLanguage":"fr-FR"},{"@type":"WebPage","@id":"https:\/\/www.webdo.tn\/fr\/actualite\/international\/conflit-iran-israel-frappes-croisees-et-escalade-au-huitieme-jour-de-guerre\/378035\/","url":"https:\/\/www.webdo.tn\/fr\/actualite\/international\/conflit-iran-israel-frappes-croisees-et-escalade-au-huitieme-jour-de-guerre\/378035\/","name":"Conflit Iran - Isra\u00ebl : Frappes crois\u00e9es et escalade au huiti\u00e8me jour de guerre - webdo","isPartOf":{"@id":"https:\/\/www.webdo.tn\/fr\/#website"},"primaryImageOfPage":{"@id":"https:\/\/www.webdo.tn\/fr\/actualite\/international\/conflit-iran-israel-frappes-croisees-et-escalade-au-huitieme-jour-de-guerre\/378035\/#primaryimage"},"image":{"@id":"https:\/\/www.webdo.tn\/fr\/actualite\/international\/conflit-iran-israel-frappes-croisees-et-escalade-au-huitieme-jour-de-guerre\/378035\/#primaryimage"},"thumbnailUrl":"https:\/\/www.webdo.tn\/fr\/wp-content\/uploads\/2025\/06\/israel.jpg","datePublished":"2025-06-20T14:15:44+00:00","dateModified":"2025-06-21T07:50:08+00:00","description":"Le conflit Iran - Isra\u00ebl entre dans une phase critique, avec des \u00e9changes de missiles et des frappes a\u00e9riennes enflamm\u00e9es.","breadcrumb":{"@id":"https:\/\/www.webdo.tn\/fr\/actualite\/international\/conflit-iran-israel-frappes-croisees-et-escalade-au-huitieme-jour-de-guerre\/378035\/#breadcrumb"},"inLanguage":"fr-FR","potentialAction":[{"@type":"ReadAction","target":["https:\/\/www.webdo.tn\/fr\/actualite\/international\/conflit-iran-israel-frappes-croisees-et-escalade-au-huitieme-jour-de-guerre\/378035\/"]}]},{"@type":"ImageObject","inLanguage":"fr-FR","@id":"https:\/\/www.webdo.tn\/fr\/actualite\/international\/conflit-iran-israel-frappes-croisees-et-escalade-au-huitieme-jour-de-guerre\/378035\/#primaryimage","url":"https:\/\/www.webdo.tn\/fr\/wp-content\/uploads\/2025\/06\/israel.jpg","contentUrl":"https:\/\/www.webdo.tn\/fr\/wp-content\/uploads\/2025\/06\/israel.jpg","width":836,"height":557,"caption":"Des missiles balistiques iraniens ont frapp\u00e9, Beer Sheva, dans le sud d\u2019Isra\u00ebl, vendredi 20 juin 2025 (EPA\/Maxppp)"},{"@type":"BreadcrumbList","@id":"https:\/\/www.webdo.tn\/fr\/actualite\/international\/conflit-iran-israel-frappes-croisees-et-escalade-au-huitieme-jour-de-guerre\/378035\/#breadcrumb","itemListElement":[{"@type":"ListItem","position":1,"name":"Accueil","item":"https:\/\/www.webdo.tn\/fr\/"},{"@type":"ListItem","position":2,"name":"Conflit Iran &#8211; Isra\u00ebl : Frappes crois\u00e9es et escalade au huiti\u00e8me jour de guerre"}]},{"@type":"WebSite","@id":"https:\/\/www.webdo.tn\/fr\/#website","url":"https:\/\/www.webdo.tn\/fr\/","name":"webdo","description":"Tunisie - News en Tunisie et \u00e0 l&#039;international sur Webdo.tn","publisher":{"@id":"https:\/\/www.webdo.tn\/fr\/#organization"},"potentialAction":[{"@type":"SearchAction","target":{"@type":"EntryPoint","urlTemplate":"https:\/\/www.webdo.tn\/fr\/?s={search_term_string}"},"query-input":{"@type":"PropertyValueSpecification","valueRequired":true,"valueName":"search_term_string"}}],"inLanguage":"fr-FR"},{"@type":"Organization","@id":"https:\/\/www.webdo.tn\/fr\/#organization","name":"Webdo","alternateName":"Webdo.tn","url":"https:\/\/www.webdo.tn\/fr\/","logo":{"@type":"ImageObject","inLanguage":"fr-FR","@id":"https:\/\/www.webdo.tn\/fr\/#\/schema\/logo\/image\/","url":"https:\/\/www.webdo.tn\/fr\/wp-content\/uploads\/2025\/06\/Webdo-Tunisie_168377.jpg","contentUrl":"https:\/\/www.webdo.tn\/fr\/wp-content\/uploads\/2025\/06\/Webdo-Tunisie_168377.jpg","width":301,"height":301,"caption":"Webdo"},"image":{"@id":"https:\/\/www.webdo.tn\/fr\/#\/schema\/logo\/image\/"},"sameAs":["https:\/\/www.facebook.com\/webdotn","https:\/\/x.com\/webdo_tn"],"description":"Webdo est un m\u00e9dia num\u00e9rique tunisien fond\u00e9 en 2010, sp\u00e9cialis\u00e9 dans l\u2019actualit\u00e9 nationale et internationale, l\u2019\u00e9conomie, la soci\u00e9t\u00e9 et les analyses politiques. Le site s\u2019adresse \u00e0 un large public francophone et couvre l\u2019information tunisienne en temps r\u00e9el.","email":"redac@webdo.tn","legalName":"YNJ SARL","foundingDate":"2010-09-06","numberOfEmployees":{"@type":"QuantitativeValue","minValue":"11","maxValue":"50"}},{"@type":"Person","@id":"https:\/\/www.webdo.tn\/fr\/#\/schema\/person\/c652cd8fc2b1b44412b5ffb48c5a911d","name":"Mohamed Hedi Touati","image":{"@type":"ImageObject","inLanguage":"fr-FR","@id":"https:\/\/secure.gravatar.com\/avatar\/9cfd402c745b7a685f13eed0ea6e59d2144a3c2fc50a3db6fd5ed451f6cddf1a?s=96&d=mm&r=g","url":"https:\/\/secure.gravatar.com\/avatar\/9cfd402c745b7a685f13eed0ea6e59d2144a3c2fc50a3db6fd5ed451f6cddf1a?s=96&d=mm&r=g","contentUrl":"https:\/\/secure.gravatar.com\/avatar\/9cfd402c745b7a685f13eed0ea6e59d2144a3c2fc50a3db6fd5ed451f6cddf1a?s=96&d=mm&r=g","caption":"Mohamed Hedi Touati"},"url":"https:\/\/www.webdo.tn\/fr\/actualite\/author\/mohamed-hedi-touati\/"}]}},"_links":{"self":[{"href":"https:\/\/www.webdo.tn\/fr\/wp-json\/wp\/v2\/posts\/378035","targetHints":{"allow":["GET"]}}],"collection":[{"href":"https:\/\/www.webdo.tn\/fr\/wp-json\/wp\/v2\/posts"}],"about":[{"href":"https:\/\/www.webdo.tn\/fr\/wp-json\/wp\/v2\/types\/post"}],"author":[{"embeddable":true,"href":"https:\/\/www.webdo.tn\/fr\/wp-json\/wp\/v2\/users\/3191"}],"replies":[{"embeddable":true,"href":"https:\/\/www.webdo.tn\/fr\/wp-json\/wp\/v2\/comments?post=378035"}],"version-history":[{"count":0,"href":"https:\/\/www.webdo.tn\/fr\/wp-json\/wp\/v2\/posts\/378035\/revisions"}],"wp:featuredmedia":[{"embeddable":true,"href":"https:\/\/www.webdo.tn\/fr\/wp-json\/wp\/v2\/media\/378036"}],"wp:attachment":[{"href":"https:\/\/www.webdo.tn\/fr\/wp-json\/wp\/v2\/media?parent=378035"}],"wp:term":[{"taxonomy":"category","embeddable":true,"href":"https:\/\/www.webdo.tn\/fr\/wp-json\/wp\/v2\/categories?post=378035"},{"taxonomy":"post_tag","embeddable":true,"href":"https:\/\/www.webdo.tn\/fr\/wp-json\/wp\/v2\/tags?post=378035"}],"curies":[{"name":"wp","href":"https:\/\/api.w.org\/{rel}","templated":true}]}}