{"id":377979,"date":"2025-06-20T07:47:18","date_gmt":"2025-06-20T06:47:18","guid":{"rendered":"https:\/\/www.webdo.tn\/fr\/?p=377979"},"modified":"2025-06-20T14:17:12","modified_gmt":"2025-06-20T13:17:12","slug":"tunisie-saied-denonce-les-responsables-qui-servent-des-lobbies-pas-letat","status":"publish","type":"post","link":"https:\/\/www.webdo.tn\/fr\/actualite\/national\/tunisie-saied-denonce-les-responsables-qui-servent-des-lobbies-pas-letat\/377979\/","title":{"rendered":"Tunisie: Sa\u00efed d\u00e9nonce les responsables qui \u00ab\u00a0servent des lobbies, pas l&rsquo;\u00c9tat\u00a0\u00bb"},"content":{"rendered":"\n<p>Lors du Conseil des ministres tenu hier au Palais de Carthage, le pr\u00e9sident de la R\u00e9publique, Ka\u00efs Sa\u00efed, a prononc\u00e9 un discours fleuve d\u2019une rare virulence \u00e0 l\u2019encontre de certains hauts responsables de l\u2019administration publique, qu\u2019il accuse de \u00ab\u00a0saboter volontairement\u00a0\u00bb les services de base pour attiser la col\u00e8re sociale.<\/p>\n\n\n\n<p>\u00ab Certains ne se contentent pas de ne pas faire leur devoir, ils bloquent d\u00e9lib\u00e9r\u00e9ment la machine administrative \u00bb, a lanc\u00e9 le pr\u00e9sident en ouverture de la r\u00e9union. Pointant du doigt plusieurs incidents r\u00e9cents, dont des coupures d\u2019eau dans la r\u00e9gion du Kef survenues en pleine f\u00eate de l\u2019A\u00efd, il s\u2019est indign\u00e9 d\u2019avoir d\u00fb intervenir personnellement, \u00e0 des heures indues, pour r\u00e9gler des probl\u00e8mes qui rel\u00e8vent normalement des comp\u00e9tences locales.<\/p>\n\n\n\n<blockquote class=\"wp-block-quote is-layout-flow wp-block-quote-is-layout-flow\">\n<p><em>\u00ab Ce n\u2019est pas au pr\u00e9sident de la R\u00e9publique de se r\u00e9veiller \u00e0 l\u2019aube pour r\u00e9soudre une affaire d\u2019eau ou d\u2019\u00e9lectricit\u00e9. C\u2019est une d\u00e9faillance grave de l\u2019\u00c9tat local \u00bb,<\/em> a-t-il martel\u00e9.<\/p>\n<\/blockquote>\n\n\n\n<h3 class=\"wp-block-heading\" id=\"h-un-diagnostic-sans-concession\">Un diagnostic sans concession<\/h3>\n\n\n\n<p>Dans un ton grave, le chef de l\u2019\u00c9tat a d\u00e9nonc\u00e9 l\u2019inaction et la duplicit\u00e9 de plusieurs agents publics, accus\u00e9s d\u2019entraver sciemment le fonctionnement des services publics, en particulier dans les domaines du transport, de l\u2019\u00e9nergie et de l\u2019approvisionnement.<\/p>\n\n\n\n<blockquote class=\"wp-block-quote is-layout-flow wp-block-quote-is-layout-flow\">\n<p><em>\u00ab Certains responsables ne servent pas l\u2019\u00c9tat, ils servent des int\u00e9r\u00eats particuliers, voire des lobbies \u00e9conomiques. Ces gens-l\u00e0 n\u2019ont plus leur place dans l\u2019administration \u00bb,<\/em> a-t-il affirm\u00e9.<\/p>\n<\/blockquote>\n\n\n\n<p>\u00c9voquant les coupures \u00e9lectriques r\u00e9currentes, les pratiques frauduleuses dans la facturation de l\u2019eau ou encore la d\u00e9sorganisation des march\u00e9s de gros, le pr\u00e9sident a appel\u00e9 \u00e0 \u00ab\u00a0une nouvelle approche\u00a0\u00bb, rompant avec ce qu\u2019il consid\u00e8re comme l\u2019\u00e9chec des politiques ant\u00e9rieures.<\/p>\n\n\n\n<h3 class=\"wp-block-heading\" id=\"h-la-triple-revolution-legislative-administrative-culturelle\">La triple r\u00e9volution : l\u00e9gislative, administrative, culturelle<\/h3>\n\n\n\n<p>Sa\u00efed a d\u00e9velopp\u00e9 une vision qu\u2019il qualifie de transformation structurelle : une <strong>r\u00e9volution l\u00e9gislative<\/strong>, d\u00e9j\u00e0 amorc\u00e9e selon lui, accompagn\u00e9e d\u2019une <strong>r\u00e9forme administrative profonde<\/strong> et d\u2019un <strong>renouveau culturel<\/strong>. Ces mutations visent \u00e0 restaurer la confiance des citoyens dans l\u2019\u00c9tat et \u00e0 r\u00e9pondre aux attentes en mati\u00e8re de justice sociale, d\u2019emploi, de dignit\u00e9 et d\u2019\u00e9galit\u00e9 territoriale.<\/p>\n\n\n\n<blockquote class=\"wp-block-quote is-layout-flow wp-block-quote-is-layout-flow\">\n<p><em>\u00ab Il faut raccourcir les distances de l\u2019Histoire. Nous devons travailler bien au-del\u00e0 de ce que certains exigent \u00bb,<\/em> a-t-il d\u00e9clar\u00e9, exhortant \u00e0 la mobilisation collective.<\/p>\n<\/blockquote>\n\n\n\n<h3 class=\"wp-block-heading\" id=\"h-souverainete-nationale-et-rejet-des-ingerences\">Souverainet\u00e9 nationale et rejet des ing\u00e9rences<\/h3>\n\n\n\n<p>Le chef de l\u2019\u00c9tat a \u00e9galement profit\u00e9 de cette adresse pour r\u00e9affirmer, \u00e0 plusieurs reprises, la souverainet\u00e9 de la Tunisie face \u00e0 toute tentative d\u2019ing\u00e9rence ext\u00e9rieure. Dans une charge particuli\u00e8rement dure contre certains acteurs politiques et m\u00e9diatiques, il a d\u00e9nonc\u00e9 ceux qui \u00ab se prosternent devant les ambassades \u00bb ou qui \u00ab vendent leur conscience \u00e0 l\u2019\u00e9tranger \u00bb.<\/p>\n\n\n\n<blockquote class=\"wp-block-quote is-layout-flow wp-block-quote-is-layout-flow\">\n<p><em>\u00ab La Tunisie est un \u00c9tat ind\u00e9pendant. La souverainet\u00e9 appartient au peuple. Nous ne sommes pas \u00e0 vendre \u00bb,<\/em> a-t-il tonn\u00e9.<\/p>\n<\/blockquote>\n\n\n\n<p>Il a en outre mis en garde contre le r\u00f4le de certaines \u00e9lites et anciens responsables qu\u2019il accuse d\u2019avoir pill\u00e9 les ressources nationales, citant des fortunes tunisiennes gel\u00e9es \u00e0 l\u2019\u00e9tranger, et appelant \u00e0 leur restitution dans un cadre international.<\/p>\n\n\n\n<h3 class=\"wp-block-heading\" id=\"h-un-etat-fort-une-justice-sociale-active\">Un \u00c9tat fort, une justice sociale active<\/h3>\n\n\n\n<p>Le discours pr\u00e9sidentiel, centr\u00e9 sur la lutte contre la corruption, la r\u00e9cup\u00e9ration des fonds d\u00e9tourn\u00e9s, et le renforcement de la justice sociale, s\u2019inscrit dans une logique de restauration d\u2019un <strong>\u00c9tat fort<\/strong>, garant de l\u2019\u00e9galit\u00e9 r\u00e9elle et de l\u2019acc\u00e8s \u00e9quitable aux services publics.<\/p>\n\n\n\n<blockquote class=\"wp-block-quote is-layout-flow wp-block-quote-is-layout-flow\">\n<p><em>\u00ab Il n\u2019y a pas de libert\u00e9 r\u00e9elle sans transport pour tous. Il n\u2019y a pas de droit \u00e0 l\u2019\u00e9ducation si les moyens manquent. Les droits politiques doivent aller de pair avec les droits \u00e9conomiques et sociaux \u00bb,<\/em> a insist\u00e9 Sa\u00efed.<\/p>\n<\/blockquote>\n\n\n\n<p>Enfin, le pr\u00e9sident a promis que les r\u00e9seaux qui continuent \u00e0 \u00ab\u00a0br\u00fbler en silence\u00a0\u00bb l\u2019administration et les institutions seront d\u00e9mantel\u00e9s, et que la Tunisie poursuivra, avec \u00ab\u00a0fermet\u00e9 et foi\u00a0\u00bb, son \u00ab\u00a0passage historique\u00a0\u00bb vers un nouveau mod\u00e8le politique et social.<\/p>\n","protected":false},"excerpt":{"rendered":"<p>Lors du Conseil des ministres tenu hier au Palais de Carthage, le pr\u00e9sident de la R\u00e9publique, Ka\u00efs Sa\u00efed, a prononc\u00e9 un discours fleuve d\u2019une rare virulence \u00e0 l\u2019encontre de certains hauts responsables de l\u2019administration publique, qu\u2019il accuse de \u00ab\u00a0saboter volontairement\u00a0\u00bb les services de base pour attiser la col\u00e8re sociale. \u00ab Certains ne se contentent pas [&hellip;]<\/p>\n","protected":false},"author":4779,"featured_media":377981,"comment_status":"open","ping_status":"open","sticky":false,"template":"","format":"standard","meta":{"footnotes":""},"categories":[44],"tags":[2614,2608],"class_list":["post-377979","post","type-post","status-publish","format-standard","has-post-thumbnail","hentry","category-national","tag-kais-saied","tag-tunisie"],"yoast_head":"<!-- This site is optimized with the Yoast SEO Premium plugin v27.5 (Yoast SEO v27.5) - https:\/\/yoast.com\/product\/yoast-seo-premium-wordpress\/ -->\n<title>Tunisie: Sa\u00efed d\u00e9nonce les responsables qui &quot;servent des lobbies, pas l&#039;\u00c9tat&quot; - webdo<\/title>\n<meta name=\"description\" content=\"Ka\u00efs Sa\u00efed d\u00e9clare que personne n&#039;est au-dessus de la loi lors du Conseil des ministres. D\u00e9couvrez ses accusations contre l&#039;administration.\" \/>\n<link rel=\"canonical\" href=\"https:\/\/www.webdo.tn\/fr\/actualite\/national\/tunisie-saied-denonce-les-responsables-qui-servent-des-lobbies-pas-letat\/377979\/\" \/>\n<meta property=\"og:locale\" content=\"fr_FR\" \/>\n<meta property=\"og:type\" content=\"article\" \/>\n<meta property=\"og:title\" content=\"Tunisie: Sa\u00efed d\u00e9nonce les responsables qui &quot;servent des lobbies, pas l&#039;\u00c9tat&quot;\" \/>\n<meta property=\"og:description\" content=\"Ka\u00efs Sa\u00efed d\u00e9clare que personne n&#039;est au-dessus de la loi lors du Conseil des ministres. D\u00e9couvrez ses accusations contre l&#039;administration.\" \/>\n<meta property=\"og:url\" content=\"https:\/\/www.webdo.tn\/fr\/actualite\/national\/tunisie-saied-denonce-les-responsables-qui-servent-des-lobbies-pas-letat\/377979\/\" \/>\n<meta property=\"og:site_name\" content=\"webdo\" \/>\n<meta property=\"article:publisher\" content=\"https:\/\/www.facebook.com\/webdotn\" \/>\n<meta property=\"article:published_time\" content=\"2025-06-20T06:47:18+00:00\" \/>\n<meta property=\"article:modified_time\" content=\"2025-06-20T13:17:12+00:00\" \/>\n<meta property=\"og:image\" content=\"https:\/\/www.webdo.tn\/fr\/wp-content\/uploads\/2025\/06\/kais-saied-reunion-19-juin.jpg\" \/>\n\t<meta property=\"og:image:width\" content=\"2048\" \/>\n\t<meta property=\"og:image:height\" content=\"1031\" \/>\n\t<meta property=\"og:image:type\" content=\"image\/jpeg\" \/>\n<meta name=\"author\" content=\"Firas Ben Abdeltif\" \/>\n<meta name=\"twitter:card\" content=\"summary_large_image\" \/>\n<meta name=\"twitter:creator\" content=\"@webdo_tn\" \/>\n<meta name=\"twitter:site\" content=\"@webdo_tn\" \/>\n<meta name=\"twitter:label1\" content=\"\u00c9crit par\" \/>\n\t<meta name=\"twitter:data1\" content=\"Firas Ben Abdeltif\" \/>\n\t<meta name=\"twitter:label2\" content=\"Dur\u00e9e de lecture estim\u00e9e\" \/>\n\t<meta name=\"twitter:data2\" content=\"3 minutes\" \/>\n<script type=\"application\/ld+json\" class=\"yoast-schema-graph\">{\"@context\":\"https:\\\/\\\/schema.org\",\"@graph\":[{\"@type\":\"NewsArticle\",\"@id\":\"https:\\\/\\\/www.webdo.tn\\\/fr\\\/actualite\\\/national\\\/tunisie-saied-denonce-les-responsables-qui-servent-des-lobbies-pas-letat\\\/377979\\\/#article\",\"isPartOf\":{\"@id\":\"https:\\\/\\\/www.webdo.tn\\\/fr\\\/actualite\\\/national\\\/tunisie-saied-denonce-les-responsables-qui-servent-des-lobbies-pas-letat\\\/377979\\\/\"},\"author\":{\"name\":\"Firas Ben Abdeltif\",\"@id\":\"https:\\\/\\\/www.webdo.tn\\\/fr\\\/#\\\/schema\\\/person\\\/19664196c9bfdcda126f3c27709f7d11\"},\"headline\":\"Tunisie: Sa\u00efed d\u00e9nonce les responsables qui \u00ab\u00a0servent des lobbies, pas l&rsquo;\u00c9tat\u00a0\u00bb\",\"datePublished\":\"2025-06-20T06:47:18+00:00\",\"dateModified\":\"2025-06-20T13:17:12+00:00\",\"mainEntityOfPage\":{\"@id\":\"https:\\\/\\\/www.webdo.tn\\\/fr\\\/actualite\\\/national\\\/tunisie-saied-denonce-les-responsables-qui-servent-des-lobbies-pas-letat\\\/377979\\\/\"},\"wordCount\":696,\"commentCount\":0,\"publisher\":{\"@id\":\"https:\\\/\\\/www.webdo.tn\\\/fr\\\/#organization\"},\"image\":{\"@id\":\"https:\\\/\\\/www.webdo.tn\\\/fr\\\/actualite\\\/national\\\/tunisie-saied-denonce-les-responsables-qui-servent-des-lobbies-pas-letat\\\/377979\\\/#primaryimage\"},\"thumbnailUrl\":\"https:\\\/\\\/www.webdo.tn\\\/fr\\\/wp-content\\\/uploads\\\/2025\\\/06\\\/kais-saied-reunion-19-juin.jpg\",\"keywords\":[\"Kais Saied\",\"Tunisie\"],\"articleSection\":[\"National\"],\"inLanguage\":\"fr-FR\"},{\"@type\":\"WebPage\",\"@id\":\"https:\\\/\\\/www.webdo.tn\\\/fr\\\/actualite\\\/national\\\/tunisie-saied-denonce-les-responsables-qui-servent-des-lobbies-pas-letat\\\/377979\\\/\",\"url\":\"https:\\\/\\\/www.webdo.tn\\\/fr\\\/actualite\\\/national\\\/tunisie-saied-denonce-les-responsables-qui-servent-des-lobbies-pas-letat\\\/377979\\\/\",\"name\":\"Tunisie: Sa\u00efed d\u00e9nonce les responsables qui \\\"servent des lobbies, pas l'\u00c9tat\\\" - webdo\",\"isPartOf\":{\"@id\":\"https:\\\/\\\/www.webdo.tn\\\/fr\\\/#website\"},\"primaryImageOfPage\":{\"@id\":\"https:\\\/\\\/www.webdo.tn\\\/fr\\\/actualite\\\/national\\\/tunisie-saied-denonce-les-responsables-qui-servent-des-lobbies-pas-letat\\\/377979\\\/#primaryimage\"},\"image\":{\"@id\":\"https:\\\/\\\/www.webdo.tn\\\/fr\\\/actualite\\\/national\\\/tunisie-saied-denonce-les-responsables-qui-servent-des-lobbies-pas-letat\\\/377979\\\/#primaryimage\"},\"thumbnailUrl\":\"https:\\\/\\\/www.webdo.tn\\\/fr\\\/wp-content\\\/uploads\\\/2025\\\/06\\\/kais-saied-reunion-19-juin.jpg\",\"datePublished\":\"2025-06-20T06:47:18+00:00\",\"dateModified\":\"2025-06-20T13:17:12+00:00\",\"description\":\"Ka\u00efs Sa\u00efed d\u00e9clare que personne n'est au-dessus de la loi lors du Conseil des ministres. D\u00e9couvrez ses accusations contre l'administration.\",\"breadcrumb\":{\"@id\":\"https:\\\/\\\/www.webdo.tn\\\/fr\\\/actualite\\\/national\\\/tunisie-saied-denonce-les-responsables-qui-servent-des-lobbies-pas-letat\\\/377979\\\/#breadcrumb\"},\"inLanguage\":\"fr-FR\",\"potentialAction\":[{\"@type\":\"ReadAction\",\"target\":[\"https:\\\/\\\/www.webdo.tn\\\/fr\\\/actualite\\\/national\\\/tunisie-saied-denonce-les-responsables-qui-servent-des-lobbies-pas-letat\\\/377979\\\/\"]}]},{\"@type\":\"ImageObject\",\"inLanguage\":\"fr-FR\",\"@id\":\"https:\\\/\\\/www.webdo.tn\\\/fr\\\/actualite\\\/national\\\/tunisie-saied-denonce-les-responsables-qui-servent-des-lobbies-pas-letat\\\/377979\\\/#primaryimage\",\"url\":\"https:\\\/\\\/www.webdo.tn\\\/fr\\\/wp-content\\\/uploads\\\/2025\\\/06\\\/kais-saied-reunion-19-juin.jpg\",\"contentUrl\":\"https:\\\/\\\/www.webdo.tn\\\/fr\\\/wp-content\\\/uploads\\\/2025\\\/06\\\/kais-saied-reunion-19-juin.jpg\",\"width\":2048,\"height\":1031,\"caption\":\"Ka\u00efs Sa\u00efed, lors du Conseil des ministres du 19 juin 2025 \u00e0 Carthage, d\u00e9nonce les blocages administratifs et r\u00e9affirme que \\\"personne n\u2019est au-dessus de la loi\\\".\"},{\"@type\":\"BreadcrumbList\",\"@id\":\"https:\\\/\\\/www.webdo.tn\\\/fr\\\/actualite\\\/national\\\/tunisie-saied-denonce-les-responsables-qui-servent-des-lobbies-pas-letat\\\/377979\\\/#breadcrumb\",\"itemListElement\":[{\"@type\":\"ListItem\",\"position\":1,\"name\":\"Accueil\",\"item\":\"https:\\\/\\\/www.webdo.tn\\\/fr\\\/\"},{\"@type\":\"ListItem\",\"position\":2,\"name\":\"Tunisie: Sa\u00efed d\u00e9nonce les responsables qui \u00ab\u00a0servent des lobbies, pas l&rsquo;\u00c9tat\u00a0\u00bb\"}]},{\"@type\":\"WebSite\",\"@id\":\"https:\\\/\\\/www.webdo.tn\\\/fr\\\/#website\",\"url\":\"https:\\\/\\\/www.webdo.tn\\\/fr\\\/\",\"name\":\"webdo\",\"description\":\"Tunisie - News en Tunisie et \u00e0 l&#039;international sur Webdo.tn\",\"publisher\":{\"@id\":\"https:\\\/\\\/www.webdo.tn\\\/fr\\\/#organization\"},\"potentialAction\":[{\"@type\":\"SearchAction\",\"target\":{\"@type\":\"EntryPoint\",\"urlTemplate\":\"https:\\\/\\\/www.webdo.tn\\\/fr\\\/?s={search_term_string}\"},\"query-input\":{\"@type\":\"PropertyValueSpecification\",\"valueRequired\":true,\"valueName\":\"search_term_string\"}}],\"inLanguage\":\"fr-FR\"},{\"@type\":\"Organization\",\"@id\":\"https:\\\/\\\/www.webdo.tn\\\/fr\\\/#organization\",\"name\":\"Webdo\",\"alternateName\":\"Webdo.tn\",\"url\":\"https:\\\/\\\/www.webdo.tn\\\/fr\\\/\",\"logo\":{\"@type\":\"ImageObject\",\"inLanguage\":\"fr-FR\",\"@id\":\"https:\\\/\\\/www.webdo.tn\\\/fr\\\/#\\\/schema\\\/logo\\\/image\\\/\",\"url\":\"https:\\\/\\\/www.webdo.tn\\\/fr\\\/wp-content\\\/uploads\\\/2025\\\/06\\\/Webdo-Tunisie_168377.jpg\",\"contentUrl\":\"https:\\\/\\\/www.webdo.tn\\\/fr\\\/wp-content\\\/uploads\\\/2025\\\/06\\\/Webdo-Tunisie_168377.jpg\",\"width\":301,\"height\":301,\"caption\":\"Webdo\"},\"image\":{\"@id\":\"https:\\\/\\\/www.webdo.tn\\\/fr\\\/#\\\/schema\\\/logo\\\/image\\\/\"},\"sameAs\":[\"https:\\\/\\\/www.facebook.com\\\/webdotn\",\"https:\\\/\\\/x.com\\\/webdo_tn\"],\"description\":\"Webdo est un m\u00e9dia num\u00e9rique tunisien fond\u00e9 en 2010, sp\u00e9cialis\u00e9 dans l\u2019actualit\u00e9 nationale et internationale, l\u2019\u00e9conomie, la soci\u00e9t\u00e9 et les analyses politiques. Le site s\u2019adresse \u00e0 un large public francophone et couvre l\u2019information tunisienne en temps r\u00e9el.\",\"email\":\"redac@webdo.tn\",\"legalName\":\"YNJ SARL\",\"foundingDate\":\"2010-09-06\",\"numberOfEmployees\":{\"@type\":\"QuantitativeValue\",\"minValue\":\"11\",\"maxValue\":\"50\"}},{\"@type\":\"Person\",\"@id\":\"https:\\\/\\\/www.webdo.tn\\\/fr\\\/#\\\/schema\\\/person\\\/19664196c9bfdcda126f3c27709f7d11\",\"name\":\"Firas Ben Abdeltif\",\"image\":{\"@type\":\"ImageObject\",\"inLanguage\":\"fr-FR\",\"@id\":\"https:\\\/\\\/secure.gravatar.com\\\/avatar\\\/161a347d40df098a084778c52ed133dbd85f14df003867067c5948081241ec55?s=96&d=mm&r=g\",\"url\":\"https:\\\/\\\/secure.gravatar.com\\\/avatar\\\/161a347d40df098a084778c52ed133dbd85f14df003867067c5948081241ec55?s=96&d=mm&r=g\",\"contentUrl\":\"https:\\\/\\\/secure.gravatar.com\\\/avatar\\\/161a347d40df098a084778c52ed133dbd85f14df003867067c5948081241ec55?s=96&d=mm&r=g\",\"caption\":\"Firas Ben Abdeltif\"},\"url\":\"https:\\\/\\\/www.webdo.tn\\\/fr\\\/actualite\\\/author\\\/firas-ben-abdeltif\\\/\"}]}<\/script>\n<!-- \/ Yoast SEO Premium plugin. -->","yoast_head_json":{"title":"Tunisie: Sa\u00efed d\u00e9nonce les responsables qui \"servent des lobbies, pas l'\u00c9tat\" - webdo","description":"Ka\u00efs Sa\u00efed d\u00e9clare que personne n'est au-dessus de la loi lors du Conseil des ministres. D\u00e9couvrez ses accusations contre l'administration.","canonical":"https:\/\/www.webdo.tn\/fr\/actualite\/national\/tunisie-saied-denonce-les-responsables-qui-servent-des-lobbies-pas-letat\/377979\/","og_locale":"fr_FR","og_type":"article","og_title":"Tunisie: Sa\u00efed d\u00e9nonce les responsables qui \"servent des lobbies, pas l'\u00c9tat\"","og_description":"Ka\u00efs Sa\u00efed d\u00e9clare que personne n'est au-dessus de la loi lors du Conseil des ministres. D\u00e9couvrez ses accusations contre l'administration.","og_url":"https:\/\/www.webdo.tn\/fr\/actualite\/national\/tunisie-saied-denonce-les-responsables-qui-servent-des-lobbies-pas-letat\/377979\/","og_site_name":"webdo","article_publisher":"https:\/\/www.facebook.com\/webdotn","article_published_time":"2025-06-20T06:47:18+00:00","article_modified_time":"2025-06-20T13:17:12+00:00","og_image":[{"width":2048,"height":1031,"url":"https:\/\/www.webdo.tn\/fr\/wp-content\/uploads\/2025\/06\/kais-saied-reunion-19-juin.jpg","type":"image\/jpeg"}],"author":"Firas Ben Abdeltif","twitter_card":"summary_large_image","twitter_creator":"@webdo_tn","twitter_site":"@webdo_tn","twitter_misc":{"\u00c9crit par":"Firas Ben Abdeltif","Dur\u00e9e de lecture estim\u00e9e":"3 minutes"},"schema":{"@context":"https:\/\/schema.org","@graph":[{"@type":"NewsArticle","@id":"https:\/\/www.webdo.tn\/fr\/actualite\/national\/tunisie-saied-denonce-les-responsables-qui-servent-des-lobbies-pas-letat\/377979\/#article","isPartOf":{"@id":"https:\/\/www.webdo.tn\/fr\/actualite\/national\/tunisie-saied-denonce-les-responsables-qui-servent-des-lobbies-pas-letat\/377979\/"},"author":{"name":"Firas Ben Abdeltif","@id":"https:\/\/www.webdo.tn\/fr\/#\/schema\/person\/19664196c9bfdcda126f3c27709f7d11"},"headline":"Tunisie: Sa\u00efed d\u00e9nonce les responsables qui \u00ab\u00a0servent des lobbies, pas l&rsquo;\u00c9tat\u00a0\u00bb","datePublished":"2025-06-20T06:47:18+00:00","dateModified":"2025-06-20T13:17:12+00:00","mainEntityOfPage":{"@id":"https:\/\/www.webdo.tn\/fr\/actualite\/national\/tunisie-saied-denonce-les-responsables-qui-servent-des-lobbies-pas-letat\/377979\/"},"wordCount":696,"commentCount":0,"publisher":{"@id":"https:\/\/www.webdo.tn\/fr\/#organization"},"image":{"@id":"https:\/\/www.webdo.tn\/fr\/actualite\/national\/tunisie-saied-denonce-les-responsables-qui-servent-des-lobbies-pas-letat\/377979\/#primaryimage"},"thumbnailUrl":"https:\/\/www.webdo.tn\/fr\/wp-content\/uploads\/2025\/06\/kais-saied-reunion-19-juin.jpg","keywords":["Kais Saied","Tunisie"],"articleSection":["National"],"inLanguage":"fr-FR"},{"@type":"WebPage","@id":"https:\/\/www.webdo.tn\/fr\/actualite\/national\/tunisie-saied-denonce-les-responsables-qui-servent-des-lobbies-pas-letat\/377979\/","url":"https:\/\/www.webdo.tn\/fr\/actualite\/national\/tunisie-saied-denonce-les-responsables-qui-servent-des-lobbies-pas-letat\/377979\/","name":"Tunisie: Sa\u00efed d\u00e9nonce les responsables qui \"servent des lobbies, pas l'\u00c9tat\" - webdo","isPartOf":{"@id":"https:\/\/www.webdo.tn\/fr\/#website"},"primaryImageOfPage":{"@id":"https:\/\/www.webdo.tn\/fr\/actualite\/national\/tunisie-saied-denonce-les-responsables-qui-servent-des-lobbies-pas-letat\/377979\/#primaryimage"},"image":{"@id":"https:\/\/www.webdo.tn\/fr\/actualite\/national\/tunisie-saied-denonce-les-responsables-qui-servent-des-lobbies-pas-letat\/377979\/#primaryimage"},"thumbnailUrl":"https:\/\/www.webdo.tn\/fr\/wp-content\/uploads\/2025\/06\/kais-saied-reunion-19-juin.jpg","datePublished":"2025-06-20T06:47:18+00:00","dateModified":"2025-06-20T13:17:12+00:00","description":"Ka\u00efs Sa\u00efed d\u00e9clare que personne n'est au-dessus de la loi lors du Conseil des ministres. D\u00e9couvrez ses accusations contre l'administration.","breadcrumb":{"@id":"https:\/\/www.webdo.tn\/fr\/actualite\/national\/tunisie-saied-denonce-les-responsables-qui-servent-des-lobbies-pas-letat\/377979\/#breadcrumb"},"inLanguage":"fr-FR","potentialAction":[{"@type":"ReadAction","target":["https:\/\/www.webdo.tn\/fr\/actualite\/national\/tunisie-saied-denonce-les-responsables-qui-servent-des-lobbies-pas-letat\/377979\/"]}]},{"@type":"ImageObject","inLanguage":"fr-FR","@id":"https:\/\/www.webdo.tn\/fr\/actualite\/national\/tunisie-saied-denonce-les-responsables-qui-servent-des-lobbies-pas-letat\/377979\/#primaryimage","url":"https:\/\/www.webdo.tn\/fr\/wp-content\/uploads\/2025\/06\/kais-saied-reunion-19-juin.jpg","contentUrl":"https:\/\/www.webdo.tn\/fr\/wp-content\/uploads\/2025\/06\/kais-saied-reunion-19-juin.jpg","width":2048,"height":1031,"caption":"Ka\u00efs Sa\u00efed, lors du Conseil des ministres du 19 juin 2025 \u00e0 Carthage, d\u00e9nonce les blocages administratifs et r\u00e9affirme que \"personne n\u2019est au-dessus de la loi\"."},{"@type":"BreadcrumbList","@id":"https:\/\/www.webdo.tn\/fr\/actualite\/national\/tunisie-saied-denonce-les-responsables-qui-servent-des-lobbies-pas-letat\/377979\/#breadcrumb","itemListElement":[{"@type":"ListItem","position":1,"name":"Accueil","item":"https:\/\/www.webdo.tn\/fr\/"},{"@type":"ListItem","position":2,"name":"Tunisie: Sa\u00efed d\u00e9nonce les responsables qui \u00ab\u00a0servent des lobbies, pas l&rsquo;\u00c9tat\u00a0\u00bb"}]},{"@type":"WebSite","@id":"https:\/\/www.webdo.tn\/fr\/#website","url":"https:\/\/www.webdo.tn\/fr\/","name":"webdo","description":"Tunisie - News en Tunisie et \u00e0 l&#039;international sur Webdo.tn","publisher":{"@id":"https:\/\/www.webdo.tn\/fr\/#organization"},"potentialAction":[{"@type":"SearchAction","target":{"@type":"EntryPoint","urlTemplate":"https:\/\/www.webdo.tn\/fr\/?s={search_term_string}"},"query-input":{"@type":"PropertyValueSpecification","valueRequired":true,"valueName":"search_term_string"}}],"inLanguage":"fr-FR"},{"@type":"Organization","@id":"https:\/\/www.webdo.tn\/fr\/#organization","name":"Webdo","alternateName":"Webdo.tn","url":"https:\/\/www.webdo.tn\/fr\/","logo":{"@type":"ImageObject","inLanguage":"fr-FR","@id":"https:\/\/www.webdo.tn\/fr\/#\/schema\/logo\/image\/","url":"https:\/\/www.webdo.tn\/fr\/wp-content\/uploads\/2025\/06\/Webdo-Tunisie_168377.jpg","contentUrl":"https:\/\/www.webdo.tn\/fr\/wp-content\/uploads\/2025\/06\/Webdo-Tunisie_168377.jpg","width":301,"height":301,"caption":"Webdo"},"image":{"@id":"https:\/\/www.webdo.tn\/fr\/#\/schema\/logo\/image\/"},"sameAs":["https:\/\/www.facebook.com\/webdotn","https:\/\/x.com\/webdo_tn"],"description":"Webdo est un m\u00e9dia num\u00e9rique tunisien fond\u00e9 en 2010, sp\u00e9cialis\u00e9 dans l\u2019actualit\u00e9 nationale et internationale, l\u2019\u00e9conomie, la soci\u00e9t\u00e9 et les analyses politiques. Le site s\u2019adresse \u00e0 un large public francophone et couvre l\u2019information tunisienne en temps r\u00e9el.","email":"redac@webdo.tn","legalName":"YNJ SARL","foundingDate":"2010-09-06","numberOfEmployees":{"@type":"QuantitativeValue","minValue":"11","maxValue":"50"}},{"@type":"Person","@id":"https:\/\/www.webdo.tn\/fr\/#\/schema\/person\/19664196c9bfdcda126f3c27709f7d11","name":"Firas Ben Abdeltif","image":{"@type":"ImageObject","inLanguage":"fr-FR","@id":"https:\/\/secure.gravatar.com\/avatar\/161a347d40df098a084778c52ed133dbd85f14df003867067c5948081241ec55?s=96&d=mm&r=g","url":"https:\/\/secure.gravatar.com\/avatar\/161a347d40df098a084778c52ed133dbd85f14df003867067c5948081241ec55?s=96&d=mm&r=g","contentUrl":"https:\/\/secure.gravatar.com\/avatar\/161a347d40df098a084778c52ed133dbd85f14df003867067c5948081241ec55?s=96&d=mm&r=g","caption":"Firas Ben Abdeltif"},"url":"https:\/\/www.webdo.tn\/fr\/actualite\/author\/firas-ben-abdeltif\/"}]}},"_links":{"self":[{"href":"https:\/\/www.webdo.tn\/fr\/wp-json\/wp\/v2\/posts\/377979","targetHints":{"allow":["GET"]}}],"collection":[{"href":"https:\/\/www.webdo.tn\/fr\/wp-json\/wp\/v2\/posts"}],"about":[{"href":"https:\/\/www.webdo.tn\/fr\/wp-json\/wp\/v2\/types\/post"}],"author":[{"embeddable":true,"href":"https:\/\/www.webdo.tn\/fr\/wp-json\/wp\/v2\/users\/4779"}],"replies":[{"embeddable":true,"href":"https:\/\/www.webdo.tn\/fr\/wp-json\/wp\/v2\/comments?post=377979"}],"version-history":[{"count":0,"href":"https:\/\/www.webdo.tn\/fr\/wp-json\/wp\/v2\/posts\/377979\/revisions"}],"wp:featuredmedia":[{"embeddable":true,"href":"https:\/\/www.webdo.tn\/fr\/wp-json\/wp\/v2\/media\/377981"}],"wp:attachment":[{"href":"https:\/\/www.webdo.tn\/fr\/wp-json\/wp\/v2\/media?parent=377979"}],"wp:term":[{"taxonomy":"category","embeddable":true,"href":"https:\/\/www.webdo.tn\/fr\/wp-json\/wp\/v2\/categories?post=377979"},{"taxonomy":"post_tag","embeddable":true,"href":"https:\/\/www.webdo.tn\/fr\/wp-json\/wp\/v2\/tags?post=377979"}],"curies":[{"name":"wp","href":"https:\/\/api.w.org\/{rel}","templated":true}]}}