{"id":377973,"date":"2025-06-19T20:32:08","date_gmt":"2025-06-19T19:32:08","guid":{"rendered":"https:\/\/www.webdo.tn\/fr\/?p=377973"},"modified":"2025-06-20T09:16:49","modified_gmt":"2025-06-20T08:16:49","slug":"vers-un-soumoud-2-la-solidarite-avec-gaza-sorganise-malgre-les-entraves","status":"publish","type":"post","link":"https:\/\/www.webdo.tn\/fr\/actualite\/national\/vers-un-soumoud-2-la-solidarite-avec-gaza-sorganise-malgre-les-entraves\/377973\/","title":{"rendered":"Vers un \u00ab\u00a0Soumoud 2\u00a0\u00bb : La solidarit\u00e9 avec Gaza s\u2019organise malgr\u00e9 les entraves"},"content":{"rendered":"\n<p>Apr\u00e8s l\u2019\u00e9chec partiel de sa premi\u00e8re tentative d\u2019atteindre Gaza, la caravane \u00ab\u202fSoumoud\u202f\u00bb ne baisse pas les bras. Depuis Sfax, Wael Nawar, porte-parole de la coordination de l\u2019action commune pour la Palestine, a annonc\u00e9 ce jeudi la pr\u00e9paration de nouvelles \u00e9ditions : \u00ab\u202fSoumoud 2\u202f\u00bb, puis \u00ab\u202fSoumoud 3\u202f\u00bb, autant qu\u2019il le faudra, a-t-il affirm\u00e9, \u00ab\u202fjusqu\u2019\u00e0 la lev\u00e9e totale du blocus impos\u00e9 \u00e0 Gaza\u202f\u00bb.<\/p>\n\n\n\n<p>\u00ab\u202fCe que nous avons accompli avec la premi\u00e8re caravane est une avanc\u00e9e, mais ce n\u2019est qu\u2019un d\u00e9but. Briser le blocus est une mission collective pour tous les peuples libres\u202f\u00bb, a-t-il d\u00e9clar\u00e9 devant une foule rassembl\u00e9e sur la place des 100 m\u00e8tres, au centre-ville de Sfax.<\/p>\n\n\n\n<p>Un bilan global de \u00ab\u202fSoumoud 1\u202f\u00bb est en cours afin d\u2019identifier les points faibles et d\u2019ajuster la strat\u00e9gie pour les prochaines caravanes. L\u2019organisation pr\u00e9voit un renforcement de la coordination internationale, une meilleure anticipation diplomatique, et l\u2019exploration d\u2019itin\u00e9raires alternatifs, y compris par voie maritime.<\/p>\n\n\n\n<p>Partie de Tunis le 9 juin, la caravane a travers\u00e9 plusieurs villes tunisiennes, avant de recevoir un accueil chaleureux dans l\u2019ouest libyen. Mais arriv\u00e9e \u00e0 Syrte, elle a \u00e9t\u00e9 stopp\u00e9e par les autorit\u00e9s de l\u2019Est libyen, en raison du refus de l\u2019\u00c9gypte d\u2019autoriser son passage vers Gaza.<\/p>\n\n\n\n<p>Malgr\u00e9 des n\u00e9gociations, les membres du convoi ont \u00e9t\u00e9 encercl\u00e9s et contraints de rebrousser chemin sous la menace des armes. Une tentative de passage par voie maritime depuis Misrata s\u2019est \u00e9galement sold\u00e9e par un \u00e9chec.<\/p>\n\n\n\n<p>Durant cet \u00e9pisode tendu, 15 participants originaires de Tunisie, d\u2019Alg\u00e9rie, de Libye et du Soudan ont \u00e9t\u00e9 bri\u00e8vement arr\u00eat\u00e9s, avant d\u2019\u00eatre rel\u00e2ch\u00e9s apr\u00e8s trois jours.<\/p>\n\n\n\n<p>Malgr\u00e9 les obstacles, les organisateurs restent d\u00e9termin\u00e9s. \u00ab\u202fNous avons pay\u00e9 le prix de l\u2019audace, mais nous avons aussi sem\u00e9 les graines d\u2019une solidarit\u00e9 plus vaste. Le combat continue\u202f\u00bb, a affirm\u00e9 Nawar, appelant \u00e0 une mobilisation plus large pour les prochaines initiatives.<\/p>\n\n\n\n<p>L\u2019accueil populaire \u00e0 Sfax a r\u00e9uni de nombreuses composantes de la soci\u00e9t\u00e9 civile, dont la section locale de la SNJT, l\u2019UGTT, l\u2019Association tunisienne des femmes d\u00e9mocrates, la Ligue des droits de l\u2019Homme et la Coordination pour la Palestine.<\/p>\n","protected":false},"excerpt":{"rendered":"<p>Apr\u00e8s l\u2019\u00e9chec partiel de sa premi\u00e8re tentative d\u2019atteindre Gaza, la caravane \u00ab\u202fSoumoud\u202f\u00bb ne baisse pas les bras. Depuis Sfax, Wael Nawar, porte-parole de la coordination de l\u2019action commune pour la Palestine, a annonc\u00e9 ce jeudi la pr\u00e9paration de nouvelles \u00e9ditions : \u00ab\u202fSoumoud 2\u202f\u00bb, puis \u00ab\u202fSoumoud 3\u202f\u00bb, autant qu\u2019il le faudra, a-t-il affirm\u00e9, \u00ab\u202fjusqu\u2019\u00e0 la lev\u00e9e [&hellip;]<\/p>\n","protected":false},"author":3191,"featured_media":377974,"comment_status":"open","ping_status":"open","sticky":false,"template":"","format":"standard","meta":{"footnotes":""},"categories":[44],"tags":[2689,11913,2608],"class_list":["post-377973","post","type-post","status-publish","format-standard","has-post-thumbnail","hentry","category-national","tag-gaza","tag-soumoud","tag-tunisie"],"yoast_head":"<!-- This site is optimized with the Yoast SEO Premium plugin v27.5 (Yoast SEO v27.5) - https:\/\/yoast.com\/product\/yoast-seo-premium-wordpress\/ -->\n<title>Vers un &quot;Soumoud 2&quot; : La solidarit\u00e9 avec Gaza s\u2019organise malgr\u00e9 les entraves - webdo<\/title>\n<meta name=\"description\" content=\"Lisez les derni\u00e8res nouvelles sur la caravane \u00ab Soumoud \u00bb et son engagement pour la solidarit\u00e9 avec Gaza et la libert\u00e9.\" \/>\n<link rel=\"canonical\" href=\"https:\/\/www.webdo.tn\/fr\/actualite\/national\/vers-un-soumoud-2-la-solidarite-avec-gaza-sorganise-malgre-les-entraves\/377973\/\" \/>\n<meta property=\"og:locale\" content=\"fr_FR\" \/>\n<meta property=\"og:type\" content=\"article\" \/>\n<meta property=\"og:title\" content=\"Vers un &quot;Soumoud 2&quot; : La solidarit\u00e9 avec Gaza s\u2019organise malgr\u00e9 les entraves\" \/>\n<meta property=\"og:description\" content=\"Lisez les derni\u00e8res nouvelles sur la caravane \u00ab Soumoud \u00bb et son engagement pour la solidarit\u00e9 avec Gaza et la libert\u00e9.\" \/>\n<meta property=\"og:url\" content=\"https:\/\/www.webdo.tn\/fr\/actualite\/national\/vers-un-soumoud-2-la-solidarite-avec-gaza-sorganise-malgre-les-entraves\/377973\/\" \/>\n<meta property=\"og:site_name\" content=\"webdo\" \/>\n<meta property=\"article:publisher\" content=\"https:\/\/www.facebook.com\/webdotn\" \/>\n<meta property=\"article:published_time\" content=\"2025-06-19T19:32:08+00:00\" \/>\n<meta property=\"article:modified_time\" content=\"2025-06-20T08:16:49+00:00\" \/>\n<meta property=\"og:image\" content=\"https:\/\/www.webdo.tn\/fr\/wp-content\/uploads\/2025\/06\/soumoud-1.jpg\" \/>\n\t<meta property=\"og:image:width\" content=\"630\" \/>\n\t<meta property=\"og:image:height\" content=\"350\" \/>\n\t<meta property=\"og:image:type\" content=\"image\/jpeg\" \/>\n<meta name=\"author\" content=\"Mohamed Hedi Touati\" \/>\n<meta name=\"twitter:card\" content=\"summary_large_image\" \/>\n<meta name=\"twitter:creator\" content=\"@webdo_tn\" \/>\n<meta name=\"twitter:site\" content=\"@webdo_tn\" \/>\n<meta name=\"twitter:label1\" content=\"\u00c9crit par\" \/>\n\t<meta name=\"twitter:data1\" content=\"Mohamed Hedi Touati\" \/>\n\t<meta name=\"twitter:label2\" content=\"Dur\u00e9e de lecture estim\u00e9e\" \/>\n\t<meta name=\"twitter:data2\" content=\"2 minutes\" \/>\n<script type=\"application\/ld+json\" class=\"yoast-schema-graph\">{\"@context\":\"https:\\\/\\\/schema.org\",\"@graph\":[{\"@type\":\"NewsArticle\",\"@id\":\"https:\\\/\\\/www.webdo.tn\\\/fr\\\/actualite\\\/national\\\/vers-un-soumoud-2-la-solidarite-avec-gaza-sorganise-malgre-les-entraves\\\/377973\\\/#article\",\"isPartOf\":{\"@id\":\"https:\\\/\\\/www.webdo.tn\\\/fr\\\/actualite\\\/national\\\/vers-un-soumoud-2-la-solidarite-avec-gaza-sorganise-malgre-les-entraves\\\/377973\\\/\"},\"author\":{\"name\":\"Mohamed Hedi Touati\",\"@id\":\"https:\\\/\\\/www.webdo.tn\\\/fr\\\/#\\\/schema\\\/person\\\/c652cd8fc2b1b44412b5ffb48c5a911d\"},\"headline\":\"Vers un \u00ab\u00a0Soumoud 2\u00a0\u00bb : La solidarit\u00e9 avec Gaza s\u2019organise malgr\u00e9 les entraves\",\"datePublished\":\"2025-06-19T19:32:08+00:00\",\"dateModified\":\"2025-06-20T08:16:49+00:00\",\"mainEntityOfPage\":{\"@id\":\"https:\\\/\\\/www.webdo.tn\\\/fr\\\/actualite\\\/national\\\/vers-un-soumoud-2-la-solidarite-avec-gaza-sorganise-malgre-les-entraves\\\/377973\\\/\"},\"wordCount\":391,\"commentCount\":0,\"publisher\":{\"@id\":\"https:\\\/\\\/www.webdo.tn\\\/fr\\\/#organization\"},\"image\":{\"@id\":\"https:\\\/\\\/www.webdo.tn\\\/fr\\\/actualite\\\/national\\\/vers-un-soumoud-2-la-solidarite-avec-gaza-sorganise-malgre-les-entraves\\\/377973\\\/#primaryimage\"},\"thumbnailUrl\":\"https:\\\/\\\/www.webdo.tn\\\/fr\\\/wp-content\\\/uploads\\\/2025\\\/06\\\/soumoud-1.jpg\",\"keywords\":[\"Gaza\",\"soumoud\",\"Tunisie\"],\"articleSection\":[\"National\"],\"inLanguage\":\"fr-FR\"},{\"@type\":\"WebPage\",\"@id\":\"https:\\\/\\\/www.webdo.tn\\\/fr\\\/actualite\\\/national\\\/vers-un-soumoud-2-la-solidarite-avec-gaza-sorganise-malgre-les-entraves\\\/377973\\\/\",\"url\":\"https:\\\/\\\/www.webdo.tn\\\/fr\\\/actualite\\\/national\\\/vers-un-soumoud-2-la-solidarite-avec-gaza-sorganise-malgre-les-entraves\\\/377973\\\/\",\"name\":\"Vers un \\\"Soumoud 2\\\" : La solidarit\u00e9 avec Gaza s\u2019organise malgr\u00e9 les entraves - webdo\",\"isPartOf\":{\"@id\":\"https:\\\/\\\/www.webdo.tn\\\/fr\\\/#website\"},\"primaryImageOfPage\":{\"@id\":\"https:\\\/\\\/www.webdo.tn\\\/fr\\\/actualite\\\/national\\\/vers-un-soumoud-2-la-solidarite-avec-gaza-sorganise-malgre-les-entraves\\\/377973\\\/#primaryimage\"},\"image\":{\"@id\":\"https:\\\/\\\/www.webdo.tn\\\/fr\\\/actualite\\\/national\\\/vers-un-soumoud-2-la-solidarite-avec-gaza-sorganise-malgre-les-entraves\\\/377973\\\/#primaryimage\"},\"thumbnailUrl\":\"https:\\\/\\\/www.webdo.tn\\\/fr\\\/wp-content\\\/uploads\\\/2025\\\/06\\\/soumoud-1.jpg\",\"datePublished\":\"2025-06-19T19:32:08+00:00\",\"dateModified\":\"2025-06-20T08:16:49+00:00\",\"description\":\"Lisez les derni\u00e8res nouvelles sur la caravane \u00ab Soumoud \u00bb et son engagement pour la solidarit\u00e9 avec Gaza et la libert\u00e9.\",\"breadcrumb\":{\"@id\":\"https:\\\/\\\/www.webdo.tn\\\/fr\\\/actualite\\\/national\\\/vers-un-soumoud-2-la-solidarite-avec-gaza-sorganise-malgre-les-entraves\\\/377973\\\/#breadcrumb\"},\"inLanguage\":\"fr-FR\",\"potentialAction\":[{\"@type\":\"ReadAction\",\"target\":[\"https:\\\/\\\/www.webdo.tn\\\/fr\\\/actualite\\\/national\\\/vers-un-soumoud-2-la-solidarite-avec-gaza-sorganise-malgre-les-entraves\\\/377973\\\/\"]}]},{\"@type\":\"ImageObject\",\"inLanguage\":\"fr-FR\",\"@id\":\"https:\\\/\\\/www.webdo.tn\\\/fr\\\/actualite\\\/national\\\/vers-un-soumoud-2-la-solidarite-avec-gaza-sorganise-malgre-les-entraves\\\/377973\\\/#primaryimage\",\"url\":\"https:\\\/\\\/www.webdo.tn\\\/fr\\\/wp-content\\\/uploads\\\/2025\\\/06\\\/soumoud-1.jpg\",\"contentUrl\":\"https:\\\/\\\/www.webdo.tn\\\/fr\\\/wp-content\\\/uploads\\\/2025\\\/06\\\/soumoud-1.jpg\",\"width\":630,\"height\":350},{\"@type\":\"BreadcrumbList\",\"@id\":\"https:\\\/\\\/www.webdo.tn\\\/fr\\\/actualite\\\/national\\\/vers-un-soumoud-2-la-solidarite-avec-gaza-sorganise-malgre-les-entraves\\\/377973\\\/#breadcrumb\",\"itemListElement\":[{\"@type\":\"ListItem\",\"position\":1,\"name\":\"Accueil\",\"item\":\"https:\\\/\\\/www.webdo.tn\\\/fr\\\/\"},{\"@type\":\"ListItem\",\"position\":2,\"name\":\"Vers un \u00ab\u00a0Soumoud 2\u00a0\u00bb : La solidarit\u00e9 avec Gaza s\u2019organise malgr\u00e9 les entraves\"}]},{\"@type\":\"WebSite\",\"@id\":\"https:\\\/\\\/www.webdo.tn\\\/fr\\\/#website\",\"url\":\"https:\\\/\\\/www.webdo.tn\\\/fr\\\/\",\"name\":\"webdo\",\"description\":\"Tunisie - News en Tunisie et \u00e0 l&#039;international sur Webdo.tn\",\"publisher\":{\"@id\":\"https:\\\/\\\/www.webdo.tn\\\/fr\\\/#organization\"},\"potentialAction\":[{\"@type\":\"SearchAction\",\"target\":{\"@type\":\"EntryPoint\",\"urlTemplate\":\"https:\\\/\\\/www.webdo.tn\\\/fr\\\/?s={search_term_string}\"},\"query-input\":{\"@type\":\"PropertyValueSpecification\",\"valueRequired\":true,\"valueName\":\"search_term_string\"}}],\"inLanguage\":\"fr-FR\"},{\"@type\":\"Organization\",\"@id\":\"https:\\\/\\\/www.webdo.tn\\\/fr\\\/#organization\",\"name\":\"Webdo\",\"alternateName\":\"Webdo.tn\",\"url\":\"https:\\\/\\\/www.webdo.tn\\\/fr\\\/\",\"logo\":{\"@type\":\"ImageObject\",\"inLanguage\":\"fr-FR\",\"@id\":\"https:\\\/\\\/www.webdo.tn\\\/fr\\\/#\\\/schema\\\/logo\\\/image\\\/\",\"url\":\"https:\\\/\\\/www.webdo.tn\\\/fr\\\/wp-content\\\/uploads\\\/2025\\\/06\\\/Webdo-Tunisie_168377.jpg\",\"contentUrl\":\"https:\\\/\\\/www.webdo.tn\\\/fr\\\/wp-content\\\/uploads\\\/2025\\\/06\\\/Webdo-Tunisie_168377.jpg\",\"width\":301,\"height\":301,\"caption\":\"Webdo\"},\"image\":{\"@id\":\"https:\\\/\\\/www.webdo.tn\\\/fr\\\/#\\\/schema\\\/logo\\\/image\\\/\"},\"sameAs\":[\"https:\\\/\\\/www.facebook.com\\\/webdotn\",\"https:\\\/\\\/x.com\\\/webdo_tn\"],\"description\":\"Webdo est un m\u00e9dia num\u00e9rique tunisien fond\u00e9 en 2010, sp\u00e9cialis\u00e9 dans l\u2019actualit\u00e9 nationale et internationale, l\u2019\u00e9conomie, la soci\u00e9t\u00e9 et les analyses politiques. Le site s\u2019adresse \u00e0 un large public francophone et couvre l\u2019information tunisienne en temps r\u00e9el.\",\"email\":\"redac@webdo.tn\",\"legalName\":\"YNJ SARL\",\"foundingDate\":\"2010-09-06\",\"numberOfEmployees\":{\"@type\":\"QuantitativeValue\",\"minValue\":\"11\",\"maxValue\":\"50\"}},{\"@type\":\"Person\",\"@id\":\"https:\\\/\\\/www.webdo.tn\\\/fr\\\/#\\\/schema\\\/person\\\/c652cd8fc2b1b44412b5ffb48c5a911d\",\"name\":\"Mohamed Hedi Touati\",\"image\":{\"@type\":\"ImageObject\",\"inLanguage\":\"fr-FR\",\"@id\":\"https:\\\/\\\/secure.gravatar.com\\\/avatar\\\/9cfd402c745b7a685f13eed0ea6e59d2144a3c2fc50a3db6fd5ed451f6cddf1a?s=96&d=mm&r=g\",\"url\":\"https:\\\/\\\/secure.gravatar.com\\\/avatar\\\/9cfd402c745b7a685f13eed0ea6e59d2144a3c2fc50a3db6fd5ed451f6cddf1a?s=96&d=mm&r=g\",\"contentUrl\":\"https:\\\/\\\/secure.gravatar.com\\\/avatar\\\/9cfd402c745b7a685f13eed0ea6e59d2144a3c2fc50a3db6fd5ed451f6cddf1a?s=96&d=mm&r=g\",\"caption\":\"Mohamed Hedi Touati\"},\"url\":\"https:\\\/\\\/www.webdo.tn\\\/fr\\\/actualite\\\/author\\\/mohamed-hedi-touati\\\/\"}]}<\/script>\n<!-- \/ Yoast SEO Premium plugin. -->","yoast_head_json":{"title":"Vers un \"Soumoud 2\" : La solidarit\u00e9 avec Gaza s\u2019organise malgr\u00e9 les entraves - webdo","description":"Lisez les derni\u00e8res nouvelles sur la caravane \u00ab Soumoud \u00bb et son engagement pour la solidarit\u00e9 avec Gaza et la libert\u00e9.","canonical":"https:\/\/www.webdo.tn\/fr\/actualite\/national\/vers-un-soumoud-2-la-solidarite-avec-gaza-sorganise-malgre-les-entraves\/377973\/","og_locale":"fr_FR","og_type":"article","og_title":"Vers un \"Soumoud 2\" : La solidarit\u00e9 avec Gaza s\u2019organise malgr\u00e9 les entraves","og_description":"Lisez les derni\u00e8res nouvelles sur la caravane \u00ab Soumoud \u00bb et son engagement pour la solidarit\u00e9 avec Gaza et la libert\u00e9.","og_url":"https:\/\/www.webdo.tn\/fr\/actualite\/national\/vers-un-soumoud-2-la-solidarite-avec-gaza-sorganise-malgre-les-entraves\/377973\/","og_site_name":"webdo","article_publisher":"https:\/\/www.facebook.com\/webdotn","article_published_time":"2025-06-19T19:32:08+00:00","article_modified_time":"2025-06-20T08:16:49+00:00","og_image":[{"width":630,"height":350,"url":"https:\/\/www.webdo.tn\/fr\/wp-content\/uploads\/2025\/06\/soumoud-1.jpg","type":"image\/jpeg"}],"author":"Mohamed Hedi Touati","twitter_card":"summary_large_image","twitter_creator":"@webdo_tn","twitter_site":"@webdo_tn","twitter_misc":{"\u00c9crit par":"Mohamed Hedi Touati","Dur\u00e9e de lecture estim\u00e9e":"2 minutes"},"schema":{"@context":"https:\/\/schema.org","@graph":[{"@type":"NewsArticle","@id":"https:\/\/www.webdo.tn\/fr\/actualite\/national\/vers-un-soumoud-2-la-solidarite-avec-gaza-sorganise-malgre-les-entraves\/377973\/#article","isPartOf":{"@id":"https:\/\/www.webdo.tn\/fr\/actualite\/national\/vers-un-soumoud-2-la-solidarite-avec-gaza-sorganise-malgre-les-entraves\/377973\/"},"author":{"name":"Mohamed Hedi Touati","@id":"https:\/\/www.webdo.tn\/fr\/#\/schema\/person\/c652cd8fc2b1b44412b5ffb48c5a911d"},"headline":"Vers un \u00ab\u00a0Soumoud 2\u00a0\u00bb : La solidarit\u00e9 avec Gaza s\u2019organise malgr\u00e9 les entraves","datePublished":"2025-06-19T19:32:08+00:00","dateModified":"2025-06-20T08:16:49+00:00","mainEntityOfPage":{"@id":"https:\/\/www.webdo.tn\/fr\/actualite\/national\/vers-un-soumoud-2-la-solidarite-avec-gaza-sorganise-malgre-les-entraves\/377973\/"},"wordCount":391,"commentCount":0,"publisher":{"@id":"https:\/\/www.webdo.tn\/fr\/#organization"},"image":{"@id":"https:\/\/www.webdo.tn\/fr\/actualite\/national\/vers-un-soumoud-2-la-solidarite-avec-gaza-sorganise-malgre-les-entraves\/377973\/#primaryimage"},"thumbnailUrl":"https:\/\/www.webdo.tn\/fr\/wp-content\/uploads\/2025\/06\/soumoud-1.jpg","keywords":["Gaza","soumoud","Tunisie"],"articleSection":["National"],"inLanguage":"fr-FR"},{"@type":"WebPage","@id":"https:\/\/www.webdo.tn\/fr\/actualite\/national\/vers-un-soumoud-2-la-solidarite-avec-gaza-sorganise-malgre-les-entraves\/377973\/","url":"https:\/\/www.webdo.tn\/fr\/actualite\/national\/vers-un-soumoud-2-la-solidarite-avec-gaza-sorganise-malgre-les-entraves\/377973\/","name":"Vers un \"Soumoud 2\" : La solidarit\u00e9 avec Gaza s\u2019organise malgr\u00e9 les entraves - webdo","isPartOf":{"@id":"https:\/\/www.webdo.tn\/fr\/#website"},"primaryImageOfPage":{"@id":"https:\/\/www.webdo.tn\/fr\/actualite\/national\/vers-un-soumoud-2-la-solidarite-avec-gaza-sorganise-malgre-les-entraves\/377973\/#primaryimage"},"image":{"@id":"https:\/\/www.webdo.tn\/fr\/actualite\/national\/vers-un-soumoud-2-la-solidarite-avec-gaza-sorganise-malgre-les-entraves\/377973\/#primaryimage"},"thumbnailUrl":"https:\/\/www.webdo.tn\/fr\/wp-content\/uploads\/2025\/06\/soumoud-1.jpg","datePublished":"2025-06-19T19:32:08+00:00","dateModified":"2025-06-20T08:16:49+00:00","description":"Lisez les derni\u00e8res nouvelles sur la caravane \u00ab Soumoud \u00bb et son engagement pour la solidarit\u00e9 avec Gaza et la libert\u00e9.","breadcrumb":{"@id":"https:\/\/www.webdo.tn\/fr\/actualite\/national\/vers-un-soumoud-2-la-solidarite-avec-gaza-sorganise-malgre-les-entraves\/377973\/#breadcrumb"},"inLanguage":"fr-FR","potentialAction":[{"@type":"ReadAction","target":["https:\/\/www.webdo.tn\/fr\/actualite\/national\/vers-un-soumoud-2-la-solidarite-avec-gaza-sorganise-malgre-les-entraves\/377973\/"]}]},{"@type":"ImageObject","inLanguage":"fr-FR","@id":"https:\/\/www.webdo.tn\/fr\/actualite\/national\/vers-un-soumoud-2-la-solidarite-avec-gaza-sorganise-malgre-les-entraves\/377973\/#primaryimage","url":"https:\/\/www.webdo.tn\/fr\/wp-content\/uploads\/2025\/06\/soumoud-1.jpg","contentUrl":"https:\/\/www.webdo.tn\/fr\/wp-content\/uploads\/2025\/06\/soumoud-1.jpg","width":630,"height":350},{"@type":"BreadcrumbList","@id":"https:\/\/www.webdo.tn\/fr\/actualite\/national\/vers-un-soumoud-2-la-solidarite-avec-gaza-sorganise-malgre-les-entraves\/377973\/#breadcrumb","itemListElement":[{"@type":"ListItem","position":1,"name":"Accueil","item":"https:\/\/www.webdo.tn\/fr\/"},{"@type":"ListItem","position":2,"name":"Vers un \u00ab\u00a0Soumoud 2\u00a0\u00bb : La solidarit\u00e9 avec Gaza s\u2019organise malgr\u00e9 les entraves"}]},{"@type":"WebSite","@id":"https:\/\/www.webdo.tn\/fr\/#website","url":"https:\/\/www.webdo.tn\/fr\/","name":"webdo","description":"Tunisie - News en Tunisie et \u00e0 l&#039;international sur Webdo.tn","publisher":{"@id":"https:\/\/www.webdo.tn\/fr\/#organization"},"potentialAction":[{"@type":"SearchAction","target":{"@type":"EntryPoint","urlTemplate":"https:\/\/www.webdo.tn\/fr\/?s={search_term_string}"},"query-input":{"@type":"PropertyValueSpecification","valueRequired":true,"valueName":"search_term_string"}}],"inLanguage":"fr-FR"},{"@type":"Organization","@id":"https:\/\/www.webdo.tn\/fr\/#organization","name":"Webdo","alternateName":"Webdo.tn","url":"https:\/\/www.webdo.tn\/fr\/","logo":{"@type":"ImageObject","inLanguage":"fr-FR","@id":"https:\/\/www.webdo.tn\/fr\/#\/schema\/logo\/image\/","url":"https:\/\/www.webdo.tn\/fr\/wp-content\/uploads\/2025\/06\/Webdo-Tunisie_168377.jpg","contentUrl":"https:\/\/www.webdo.tn\/fr\/wp-content\/uploads\/2025\/06\/Webdo-Tunisie_168377.jpg","width":301,"height":301,"caption":"Webdo"},"image":{"@id":"https:\/\/www.webdo.tn\/fr\/#\/schema\/logo\/image\/"},"sameAs":["https:\/\/www.facebook.com\/webdotn","https:\/\/x.com\/webdo_tn"],"description":"Webdo est un m\u00e9dia num\u00e9rique tunisien fond\u00e9 en 2010, sp\u00e9cialis\u00e9 dans l\u2019actualit\u00e9 nationale et internationale, l\u2019\u00e9conomie, la soci\u00e9t\u00e9 et les analyses politiques. Le site s\u2019adresse \u00e0 un large public francophone et couvre l\u2019information tunisienne en temps r\u00e9el.","email":"redac@webdo.tn","legalName":"YNJ SARL","foundingDate":"2010-09-06","numberOfEmployees":{"@type":"QuantitativeValue","minValue":"11","maxValue":"50"}},{"@type":"Person","@id":"https:\/\/www.webdo.tn\/fr\/#\/schema\/person\/c652cd8fc2b1b44412b5ffb48c5a911d","name":"Mohamed Hedi Touati","image":{"@type":"ImageObject","inLanguage":"fr-FR","@id":"https:\/\/secure.gravatar.com\/avatar\/9cfd402c745b7a685f13eed0ea6e59d2144a3c2fc50a3db6fd5ed451f6cddf1a?s=96&d=mm&r=g","url":"https:\/\/secure.gravatar.com\/avatar\/9cfd402c745b7a685f13eed0ea6e59d2144a3c2fc50a3db6fd5ed451f6cddf1a?s=96&d=mm&r=g","contentUrl":"https:\/\/secure.gravatar.com\/avatar\/9cfd402c745b7a685f13eed0ea6e59d2144a3c2fc50a3db6fd5ed451f6cddf1a?s=96&d=mm&r=g","caption":"Mohamed Hedi Touati"},"url":"https:\/\/www.webdo.tn\/fr\/actualite\/author\/mohamed-hedi-touati\/"}]}},"_links":{"self":[{"href":"https:\/\/www.webdo.tn\/fr\/wp-json\/wp\/v2\/posts\/377973","targetHints":{"allow":["GET"]}}],"collection":[{"href":"https:\/\/www.webdo.tn\/fr\/wp-json\/wp\/v2\/posts"}],"about":[{"href":"https:\/\/www.webdo.tn\/fr\/wp-json\/wp\/v2\/types\/post"}],"author":[{"embeddable":true,"href":"https:\/\/www.webdo.tn\/fr\/wp-json\/wp\/v2\/users\/3191"}],"replies":[{"embeddable":true,"href":"https:\/\/www.webdo.tn\/fr\/wp-json\/wp\/v2\/comments?post=377973"}],"version-history":[{"count":0,"href":"https:\/\/www.webdo.tn\/fr\/wp-json\/wp\/v2\/posts\/377973\/revisions"}],"wp:featuredmedia":[{"embeddable":true,"href":"https:\/\/www.webdo.tn\/fr\/wp-json\/wp\/v2\/media\/377974"}],"wp:attachment":[{"href":"https:\/\/www.webdo.tn\/fr\/wp-json\/wp\/v2\/media?parent=377973"}],"wp:term":[{"taxonomy":"category","embeddable":true,"href":"https:\/\/www.webdo.tn\/fr\/wp-json\/wp\/v2\/categories?post=377973"},{"taxonomy":"post_tag","embeddable":true,"href":"https:\/\/www.webdo.tn\/fr\/wp-json\/wp\/v2\/tags?post=377973"}],"curies":[{"name":"wp","href":"https:\/\/api.w.org\/{rel}","templated":true}]}}