{"id":377953,"date":"2025-06-19T15:07:27","date_gmt":"2025-06-19T14:07:27","guid":{"rendered":"https:\/\/www.webdo.tn\/fr\/?p=377953"},"modified":"2025-06-19T15:07:28","modified_gmt":"2025-06-19T14:07:28","slug":"impossible-de-permettre-a-layatollah-ali-khamenei-de-rester-au-pouvoir-selon-israel-katz","status":"publish","type":"post","link":"https:\/\/www.webdo.tn\/fr\/actualite\/international\/impossible-de-permettre-a-layatollah-ali-khamenei-de-rester-au-pouvoir-selon-israel-katz\/377953\/","title":{"rendered":"\u00ab\u00a0Impossible de permettre \u00e0 l\u2019ayatollah Ali Khamenei, de rester au pouvoir\u00a0\u00bb, selon Isra\u00ebl Katz"},"content":{"rendered":"\n<p><strong>Le ministre isra\u00e9lien de la D\u00e9fense, Isra\u00ebl Katz, a d\u00e9clar\u00e9 jeudi qu\u2019il \u00e9tait \u00ab\u00a0impossible de permettre au guide supr\u00eame iranien, l\u2019ayatollah Ali Khamenei, de rester au pouvoir\u00a0\u00bb, apr\u00e8s qu\u2019une attaque de missiles iraniens a vis\u00e9 un h\u00f4pital dans le sud d\u2019Isra\u00ebl. <\/strong><\/p>\n\n\n\n<p>Cette d\u00e9claration survient alors que la Russie met en garde les \u00c9tats-Unis contre toute intervention militaire contre l\u2019Iran, dans un contexte de sp\u00e9culations croissantes sur une possible implication de Washington dans le conflit.<\/p>\n\n\n\n<p>Dans le m\u00eame temps, le Premier ministre isra\u00e9lien, Benyamin Netanyahou, a promis d\u2019\u00e9radiquer la menace nucl\u00e9aire et balistique iranienne. \u00ab\u00a0Notre objectif est double : \u00e9liminer la menace nucl\u00e9aire ainsi que celle des missiles balistiques\u00a0\u00bb, a-t-il affirm\u00e9 lors d\u2019un point de presse devant l\u2019h\u00f4pital Soroka \u00e0 Be\u2019er Sheva, endommag\u00e9 par l\u2019attaque iranienne.<\/p>\n\n\n\n<p>\u00ab\u00a0Nous sommes dans les phases finales de l\u2019\u00e9limination de cette menace\u00a0\u00bb, a-t-il ajout\u00e9. \u00ab\u00a0Nous sommes totalement d\u00e9termin\u00e9s \u00e0 faire dispara\u00eetre la menace nucl\u00e9aire.\u00a0\u00bb<\/p>\n\n\n\n<p>Ces d\u00e9clarations marquent une escalade verbale majeure dans un contexte r\u00e9gional d\u00e9j\u00e0 explosif, alors que les tensions entre Isra\u00ebl et l\u2019Iran atteignent un nouveau sommet.<\/p>\n\n\n\n<p><\/p>\n","protected":false},"excerpt":{"rendered":"<p>Le ministre isra\u00e9lien de la D\u00e9fense, Isra\u00ebl Katz, a d\u00e9clar\u00e9 jeudi qu\u2019il \u00e9tait \u00ab\u00a0impossible de permettre au guide supr\u00eame iranien, l\u2019ayatollah Ali Khamenei, de rester au pouvoir\u00a0\u00bb, apr\u00e8s qu\u2019une attaque de missiles iraniens a vis\u00e9 un h\u00f4pital dans le sud d\u2019Isra\u00ebl. Cette d\u00e9claration survient alors que la Russie met en garde les \u00c9tats-Unis contre toute [&hellip;]<\/p>\n","protected":false},"author":3184,"featured_media":377954,"comment_status":"open","ping_status":"open","sticky":false,"template":"","format":"standard","meta":{"footnotes":""},"categories":[2598],"tags":[2912,11916],"class_list":["post-377953","post","type-post","status-publish","format-standard","has-post-thumbnail","hentry","category-international","tag-iran","tag-israel-2"],"yoast_head":"<!-- This site is optimized with the Yoast SEO Premium plugin v27.5 (Yoast SEO v27.5) - https:\/\/yoast.com\/product\/yoast-seo-premium-wordpress\/ -->\n<title>&quot;Impossible de permettre \u00e0 l\u2019ayatollah Ali Khamenei, de rester au pouvoir&quot;, selon Isra\u00ebl Katz - webdo<\/title>\n<meta name=\"description\" content=\"D\u00e9couvrez les inqui\u00e9tudes d&#039;Isra\u00ebl concernant le r\u00e9gime de Khamebei apr\u00e8s une attaque de missiles sur un h\u00f4pital.\" \/>\n<link rel=\"canonical\" href=\"https:\/\/www.webdo.tn\/fr\/actualite\/international\/impossible-de-permettre-a-layatollah-ali-khamenei-de-rester-au-pouvoir-selon-israel-katz\/377953\/\" \/>\n<meta property=\"og:locale\" content=\"fr_FR\" \/>\n<meta property=\"og:type\" content=\"article\" \/>\n<meta property=\"og:title\" content=\"&quot;Impossible de permettre \u00e0 l\u2019ayatollah Ali Khamenei, de rester au pouvoir&quot;, selon Isra\u00ebl Katz\" \/>\n<meta property=\"og:description\" content=\"D\u00e9couvrez les inqui\u00e9tudes d&#039;Isra\u00ebl concernant le r\u00e9gime de Khamebei apr\u00e8s une attaque de missiles sur un h\u00f4pital.\" \/>\n<meta property=\"og:url\" content=\"https:\/\/www.webdo.tn\/fr\/actualite\/international\/impossible-de-permettre-a-layatollah-ali-khamenei-de-rester-au-pouvoir-selon-israel-katz\/377953\/\" \/>\n<meta property=\"og:site_name\" content=\"webdo\" \/>\n<meta property=\"article:publisher\" content=\"https:\/\/www.facebook.com\/webdotn\" \/>\n<meta property=\"article:published_time\" content=\"2025-06-19T14:07:27+00:00\" \/>\n<meta property=\"article:modified_time\" content=\"2025-06-19T14:07:28+00:00\" \/>\n<meta property=\"og:image\" content=\"https:\/\/www.webdo.tn\/fr\/wp-content\/uploads\/2025\/06\/afp2025032137ea49ev1highresiranpoliticsnowruz.jpg\" \/>\n\t<meta property=\"og:image:width\" content=\"1919\" \/>\n\t<meta property=\"og:image:height\" content=\"1280\" \/>\n\t<meta property=\"og:image:type\" content=\"image\/jpeg\" \/>\n<meta name=\"author\" content=\"Wided Belhaj\" \/>\n<meta name=\"twitter:card\" content=\"summary_large_image\" \/>\n<meta name=\"twitter:creator\" content=\"@webdo_tn\" \/>\n<meta name=\"twitter:site\" content=\"@webdo_tn\" \/>\n<meta name=\"twitter:label1\" content=\"\u00c9crit par\" \/>\n\t<meta name=\"twitter:data1\" content=\"Wided Belhaj\" \/>\n\t<meta name=\"twitter:label2\" content=\"Dur\u00e9e de lecture estim\u00e9e\" \/>\n\t<meta name=\"twitter:data2\" content=\"2 minutes\" \/>\n<script type=\"application\/ld+json\" class=\"yoast-schema-graph\">{\"@context\":\"https:\\\/\\\/schema.org\",\"@graph\":[{\"@type\":\"NewsArticle\",\"@id\":\"https:\\\/\\\/www.webdo.tn\\\/fr\\\/actualite\\\/international\\\/impossible-de-permettre-a-layatollah-ali-khamenei-de-rester-au-pouvoir-selon-israel-katz\\\/377953\\\/#article\",\"isPartOf\":{\"@id\":\"https:\\\/\\\/www.webdo.tn\\\/fr\\\/actualite\\\/international\\\/impossible-de-permettre-a-layatollah-ali-khamenei-de-rester-au-pouvoir-selon-israel-katz\\\/377953\\\/\"},\"author\":{\"name\":\"Wided Belhaj\",\"@id\":\"https:\\\/\\\/www.webdo.tn\\\/fr\\\/#\\\/schema\\\/person\\\/b9ecde7a5574cb4fcf4b496ea5fadb15\"},\"headline\":\"\u00ab\u00a0Impossible de permettre \u00e0 l\u2019ayatollah Ali Khamenei, de rester au pouvoir\u00a0\u00bb, selon Isra\u00ebl Katz\",\"datePublished\":\"2025-06-19T14:07:27+00:00\",\"dateModified\":\"2025-06-19T14:07:28+00:00\",\"mainEntityOfPage\":{\"@id\":\"https:\\\/\\\/www.webdo.tn\\\/fr\\\/actualite\\\/international\\\/impossible-de-permettre-a-layatollah-ali-khamenei-de-rester-au-pouvoir-selon-israel-katz\\\/377953\\\/\"},\"wordCount\":220,\"commentCount\":0,\"publisher\":{\"@id\":\"https:\\\/\\\/www.webdo.tn\\\/fr\\\/#organization\"},\"image\":{\"@id\":\"https:\\\/\\\/www.webdo.tn\\\/fr\\\/actualite\\\/international\\\/impossible-de-permettre-a-layatollah-ali-khamenei-de-rester-au-pouvoir-selon-israel-katz\\\/377953\\\/#primaryimage\"},\"thumbnailUrl\":\"https:\\\/\\\/www.webdo.tn\\\/fr\\\/wp-content\\\/uploads\\\/2025\\\/06\\\/afp2025032137ea49ev1highresiranpoliticsnowruz.jpg\",\"keywords\":[\"Iran\",\"Israel\"],\"articleSection\":[\"International\"],\"inLanguage\":\"fr-FR\"},{\"@type\":\"WebPage\",\"@id\":\"https:\\\/\\\/www.webdo.tn\\\/fr\\\/actualite\\\/international\\\/impossible-de-permettre-a-layatollah-ali-khamenei-de-rester-au-pouvoir-selon-israel-katz\\\/377953\\\/\",\"url\":\"https:\\\/\\\/www.webdo.tn\\\/fr\\\/actualite\\\/international\\\/impossible-de-permettre-a-layatollah-ali-khamenei-de-rester-au-pouvoir-selon-israel-katz\\\/377953\\\/\",\"name\":\"\\\"Impossible de permettre \u00e0 l\u2019ayatollah Ali Khamenei, de rester au pouvoir\\\", selon Isra\u00ebl Katz - webdo\",\"isPartOf\":{\"@id\":\"https:\\\/\\\/www.webdo.tn\\\/fr\\\/#website\"},\"primaryImageOfPage\":{\"@id\":\"https:\\\/\\\/www.webdo.tn\\\/fr\\\/actualite\\\/international\\\/impossible-de-permettre-a-layatollah-ali-khamenei-de-rester-au-pouvoir-selon-israel-katz\\\/377953\\\/#primaryimage\"},\"image\":{\"@id\":\"https:\\\/\\\/www.webdo.tn\\\/fr\\\/actualite\\\/international\\\/impossible-de-permettre-a-layatollah-ali-khamenei-de-rester-au-pouvoir-selon-israel-katz\\\/377953\\\/#primaryimage\"},\"thumbnailUrl\":\"https:\\\/\\\/www.webdo.tn\\\/fr\\\/wp-content\\\/uploads\\\/2025\\\/06\\\/afp2025032137ea49ev1highresiranpoliticsnowruz.jpg\",\"datePublished\":\"2025-06-19T14:07:27+00:00\",\"dateModified\":\"2025-06-19T14:07:28+00:00\",\"description\":\"D\u00e9couvrez les inqui\u00e9tudes d'Isra\u00ebl concernant le r\u00e9gime de Khamebei apr\u00e8s une attaque de missiles sur un h\u00f4pital.\",\"breadcrumb\":{\"@id\":\"https:\\\/\\\/www.webdo.tn\\\/fr\\\/actualite\\\/international\\\/impossible-de-permettre-a-layatollah-ali-khamenei-de-rester-au-pouvoir-selon-israel-katz\\\/377953\\\/#breadcrumb\"},\"inLanguage\":\"fr-FR\",\"potentialAction\":[{\"@type\":\"ReadAction\",\"target\":[\"https:\\\/\\\/www.webdo.tn\\\/fr\\\/actualite\\\/international\\\/impossible-de-permettre-a-layatollah-ali-khamenei-de-rester-au-pouvoir-selon-israel-katz\\\/377953\\\/\"]}]},{\"@type\":\"ImageObject\",\"inLanguage\":\"fr-FR\",\"@id\":\"https:\\\/\\\/www.webdo.tn\\\/fr\\\/actualite\\\/international\\\/impossible-de-permettre-a-layatollah-ali-khamenei-de-rester-au-pouvoir-selon-israel-katz\\\/377953\\\/#primaryimage\",\"url\":\"https:\\\/\\\/www.webdo.tn\\\/fr\\\/wp-content\\\/uploads\\\/2025\\\/06\\\/afp2025032137ea49ev1highresiranpoliticsnowruz.jpg\",\"contentUrl\":\"https:\\\/\\\/www.webdo.tn\\\/fr\\\/wp-content\\\/uploads\\\/2025\\\/06\\\/afp2025032137ea49ev1highresiranpoliticsnowruz.jpg\",\"width\":1919,\"height\":1280},{\"@type\":\"BreadcrumbList\",\"@id\":\"https:\\\/\\\/www.webdo.tn\\\/fr\\\/actualite\\\/international\\\/impossible-de-permettre-a-layatollah-ali-khamenei-de-rester-au-pouvoir-selon-israel-katz\\\/377953\\\/#breadcrumb\",\"itemListElement\":[{\"@type\":\"ListItem\",\"position\":1,\"name\":\"Accueil\",\"item\":\"https:\\\/\\\/www.webdo.tn\\\/fr\\\/\"},{\"@type\":\"ListItem\",\"position\":2,\"name\":\"\u00ab\u00a0Impossible de permettre \u00e0 l\u2019ayatollah Ali Khamenei, de rester au pouvoir\u00a0\u00bb, selon Isra\u00ebl Katz\"}]},{\"@type\":\"WebSite\",\"@id\":\"https:\\\/\\\/www.webdo.tn\\\/fr\\\/#website\",\"url\":\"https:\\\/\\\/www.webdo.tn\\\/fr\\\/\",\"name\":\"webdo\",\"description\":\"Tunisie - News en Tunisie et \u00e0 l&#039;international sur Webdo.tn\",\"publisher\":{\"@id\":\"https:\\\/\\\/www.webdo.tn\\\/fr\\\/#organization\"},\"potentialAction\":[{\"@type\":\"SearchAction\",\"target\":{\"@type\":\"EntryPoint\",\"urlTemplate\":\"https:\\\/\\\/www.webdo.tn\\\/fr\\\/?s={search_term_string}\"},\"query-input\":{\"@type\":\"PropertyValueSpecification\",\"valueRequired\":true,\"valueName\":\"search_term_string\"}}],\"inLanguage\":\"fr-FR\"},{\"@type\":\"Organization\",\"@id\":\"https:\\\/\\\/www.webdo.tn\\\/fr\\\/#organization\",\"name\":\"Webdo\",\"alternateName\":\"Webdo.tn\",\"url\":\"https:\\\/\\\/www.webdo.tn\\\/fr\\\/\",\"logo\":{\"@type\":\"ImageObject\",\"inLanguage\":\"fr-FR\",\"@id\":\"https:\\\/\\\/www.webdo.tn\\\/fr\\\/#\\\/schema\\\/logo\\\/image\\\/\",\"url\":\"https:\\\/\\\/www.webdo.tn\\\/fr\\\/wp-content\\\/uploads\\\/2025\\\/06\\\/Webdo-Tunisie_168377.jpg\",\"contentUrl\":\"https:\\\/\\\/www.webdo.tn\\\/fr\\\/wp-content\\\/uploads\\\/2025\\\/06\\\/Webdo-Tunisie_168377.jpg\",\"width\":301,\"height\":301,\"caption\":\"Webdo\"},\"image\":{\"@id\":\"https:\\\/\\\/www.webdo.tn\\\/fr\\\/#\\\/schema\\\/logo\\\/image\\\/\"},\"sameAs\":[\"https:\\\/\\\/www.facebook.com\\\/webdotn\",\"https:\\\/\\\/x.com\\\/webdo_tn\"],\"description\":\"Webdo est un m\u00e9dia num\u00e9rique tunisien fond\u00e9 en 2010, sp\u00e9cialis\u00e9 dans l\u2019actualit\u00e9 nationale et internationale, l\u2019\u00e9conomie, la soci\u00e9t\u00e9 et les analyses politiques. Le site s\u2019adresse \u00e0 un large public francophone et couvre l\u2019information tunisienne en temps r\u00e9el.\",\"email\":\"redac@webdo.tn\",\"legalName\":\"YNJ SARL\",\"foundingDate\":\"2010-09-06\",\"numberOfEmployees\":{\"@type\":\"QuantitativeValue\",\"minValue\":\"11\",\"maxValue\":\"50\"}},{\"@type\":\"Person\",\"@id\":\"https:\\\/\\\/www.webdo.tn\\\/fr\\\/#\\\/schema\\\/person\\\/b9ecde7a5574cb4fcf4b496ea5fadb15\",\"name\":\"Wided Belhaj\",\"image\":{\"@type\":\"ImageObject\",\"inLanguage\":\"fr-FR\",\"@id\":\"https:\\\/\\\/www.webdo.tn\\\/fr\\\/wp-content\\\/uploads\\\/2026\\\/04\\\/wided-belhaj_avatar-96x96.jpg\",\"url\":\"https:\\\/\\\/www.webdo.tn\\\/fr\\\/wp-content\\\/uploads\\\/2026\\\/04\\\/wided-belhaj_avatar-96x96.jpg\",\"contentUrl\":\"https:\\\/\\\/www.webdo.tn\\\/fr\\\/wp-content\\\/uploads\\\/2026\\\/04\\\/wided-belhaj_avatar-96x96.jpg\",\"caption\":\"Wided Belhaj\"},\"description\":\"Wided Belhaj est le pseudonyme \u00e9ditorial utilis\u00e9 par Khalil Jelassi, journaliste, ma\u00eetre-assistant \u00e0 l\u2019Institut de presse et des sciences de l\u2019information (IPSI) et chercheur en sciences de l\u2019information et de la communication. Cette signature est d\u00e9di\u00e9e \u00e0 l\u2019analyse des m\u00e9dias, des pratiques journalistiques et des mutations de l\u2019information \u00e0 l\u2019\u00e8re digitale. \u00c0 travers ses contributions, Wided Belhaj propose une lecture analytique de l\u2019actualit\u00e9, en croisant regard critique et expertise acad\u00e9mique.\",\"knowsAbout\":[\"m\u00e9dias\",\"journalisme\",\"communication\",\"information\",\"transformation num\u00e9rique\",\"analyse des m\u00e9dias\"],\"knowsLanguage\":[\"Fran\u00e7ais\",\"Arabe\"],\"jobTitle\":\"Webdo.tn\",\"worksFor\":\"Journaliste \u2013 Analyse des m\u00e9dias\",\"url\":\"https:\\\/\\\/www.webdo.tn\\\/fr\\\/actualite\\\/author\\\/wided-belhaj\\\/\"}]}<\/script>\n<!-- \/ Yoast SEO Premium plugin. -->","yoast_head_json":{"title":"\"Impossible de permettre \u00e0 l\u2019ayatollah Ali Khamenei, de rester au pouvoir\", selon Isra\u00ebl Katz - webdo","description":"D\u00e9couvrez les inqui\u00e9tudes d'Isra\u00ebl concernant le r\u00e9gime de Khamebei apr\u00e8s une attaque de missiles sur un h\u00f4pital.","canonical":"https:\/\/www.webdo.tn\/fr\/actualite\/international\/impossible-de-permettre-a-layatollah-ali-khamenei-de-rester-au-pouvoir-selon-israel-katz\/377953\/","og_locale":"fr_FR","og_type":"article","og_title":"\"Impossible de permettre \u00e0 l\u2019ayatollah Ali Khamenei, de rester au pouvoir\", selon Isra\u00ebl Katz","og_description":"D\u00e9couvrez les inqui\u00e9tudes d'Isra\u00ebl concernant le r\u00e9gime de Khamebei apr\u00e8s une attaque de missiles sur un h\u00f4pital.","og_url":"https:\/\/www.webdo.tn\/fr\/actualite\/international\/impossible-de-permettre-a-layatollah-ali-khamenei-de-rester-au-pouvoir-selon-israel-katz\/377953\/","og_site_name":"webdo","article_publisher":"https:\/\/www.facebook.com\/webdotn","article_published_time":"2025-06-19T14:07:27+00:00","article_modified_time":"2025-06-19T14:07:28+00:00","og_image":[{"width":1919,"height":1280,"url":"https:\/\/www.webdo.tn\/fr\/wp-content\/uploads\/2025\/06\/afp2025032137ea49ev1highresiranpoliticsnowruz.jpg","type":"image\/jpeg"}],"author":"Wided Belhaj","twitter_card":"summary_large_image","twitter_creator":"@webdo_tn","twitter_site":"@webdo_tn","twitter_misc":{"\u00c9crit par":"Wided Belhaj","Dur\u00e9e de lecture estim\u00e9e":"2 minutes"},"schema":{"@context":"https:\/\/schema.org","@graph":[{"@type":"NewsArticle","@id":"https:\/\/www.webdo.tn\/fr\/actualite\/international\/impossible-de-permettre-a-layatollah-ali-khamenei-de-rester-au-pouvoir-selon-israel-katz\/377953\/#article","isPartOf":{"@id":"https:\/\/www.webdo.tn\/fr\/actualite\/international\/impossible-de-permettre-a-layatollah-ali-khamenei-de-rester-au-pouvoir-selon-israel-katz\/377953\/"},"author":{"name":"Wided Belhaj","@id":"https:\/\/www.webdo.tn\/fr\/#\/schema\/person\/b9ecde7a5574cb4fcf4b496ea5fadb15"},"headline":"\u00ab\u00a0Impossible de permettre \u00e0 l\u2019ayatollah Ali Khamenei, de rester au pouvoir\u00a0\u00bb, selon Isra\u00ebl Katz","datePublished":"2025-06-19T14:07:27+00:00","dateModified":"2025-06-19T14:07:28+00:00","mainEntityOfPage":{"@id":"https:\/\/www.webdo.tn\/fr\/actualite\/international\/impossible-de-permettre-a-layatollah-ali-khamenei-de-rester-au-pouvoir-selon-israel-katz\/377953\/"},"wordCount":220,"commentCount":0,"publisher":{"@id":"https:\/\/www.webdo.tn\/fr\/#organization"},"image":{"@id":"https:\/\/www.webdo.tn\/fr\/actualite\/international\/impossible-de-permettre-a-layatollah-ali-khamenei-de-rester-au-pouvoir-selon-israel-katz\/377953\/#primaryimage"},"thumbnailUrl":"https:\/\/www.webdo.tn\/fr\/wp-content\/uploads\/2025\/06\/afp2025032137ea49ev1highresiranpoliticsnowruz.jpg","keywords":["Iran","Israel"],"articleSection":["International"],"inLanguage":"fr-FR"},{"@type":"WebPage","@id":"https:\/\/www.webdo.tn\/fr\/actualite\/international\/impossible-de-permettre-a-layatollah-ali-khamenei-de-rester-au-pouvoir-selon-israel-katz\/377953\/","url":"https:\/\/www.webdo.tn\/fr\/actualite\/international\/impossible-de-permettre-a-layatollah-ali-khamenei-de-rester-au-pouvoir-selon-israel-katz\/377953\/","name":"\"Impossible de permettre \u00e0 l\u2019ayatollah Ali Khamenei, de rester au pouvoir\", selon Isra\u00ebl Katz - webdo","isPartOf":{"@id":"https:\/\/www.webdo.tn\/fr\/#website"},"primaryImageOfPage":{"@id":"https:\/\/www.webdo.tn\/fr\/actualite\/international\/impossible-de-permettre-a-layatollah-ali-khamenei-de-rester-au-pouvoir-selon-israel-katz\/377953\/#primaryimage"},"image":{"@id":"https:\/\/www.webdo.tn\/fr\/actualite\/international\/impossible-de-permettre-a-layatollah-ali-khamenei-de-rester-au-pouvoir-selon-israel-katz\/377953\/#primaryimage"},"thumbnailUrl":"https:\/\/www.webdo.tn\/fr\/wp-content\/uploads\/2025\/06\/afp2025032137ea49ev1highresiranpoliticsnowruz.jpg","datePublished":"2025-06-19T14:07:27+00:00","dateModified":"2025-06-19T14:07:28+00:00","description":"D\u00e9couvrez les inqui\u00e9tudes d'Isra\u00ebl concernant le r\u00e9gime de Khamebei apr\u00e8s une attaque de missiles sur un h\u00f4pital.","breadcrumb":{"@id":"https:\/\/www.webdo.tn\/fr\/actualite\/international\/impossible-de-permettre-a-layatollah-ali-khamenei-de-rester-au-pouvoir-selon-israel-katz\/377953\/#breadcrumb"},"inLanguage":"fr-FR","potentialAction":[{"@type":"ReadAction","target":["https:\/\/www.webdo.tn\/fr\/actualite\/international\/impossible-de-permettre-a-layatollah-ali-khamenei-de-rester-au-pouvoir-selon-israel-katz\/377953\/"]}]},{"@type":"ImageObject","inLanguage":"fr-FR","@id":"https:\/\/www.webdo.tn\/fr\/actualite\/international\/impossible-de-permettre-a-layatollah-ali-khamenei-de-rester-au-pouvoir-selon-israel-katz\/377953\/#primaryimage","url":"https:\/\/www.webdo.tn\/fr\/wp-content\/uploads\/2025\/06\/afp2025032137ea49ev1highresiranpoliticsnowruz.jpg","contentUrl":"https:\/\/www.webdo.tn\/fr\/wp-content\/uploads\/2025\/06\/afp2025032137ea49ev1highresiranpoliticsnowruz.jpg","width":1919,"height":1280},{"@type":"BreadcrumbList","@id":"https:\/\/www.webdo.tn\/fr\/actualite\/international\/impossible-de-permettre-a-layatollah-ali-khamenei-de-rester-au-pouvoir-selon-israel-katz\/377953\/#breadcrumb","itemListElement":[{"@type":"ListItem","position":1,"name":"Accueil","item":"https:\/\/www.webdo.tn\/fr\/"},{"@type":"ListItem","position":2,"name":"\u00ab\u00a0Impossible de permettre \u00e0 l\u2019ayatollah Ali Khamenei, de rester au pouvoir\u00a0\u00bb, selon Isra\u00ebl Katz"}]},{"@type":"WebSite","@id":"https:\/\/www.webdo.tn\/fr\/#website","url":"https:\/\/www.webdo.tn\/fr\/","name":"webdo","description":"Tunisie - News en Tunisie et \u00e0 l&#039;international sur Webdo.tn","publisher":{"@id":"https:\/\/www.webdo.tn\/fr\/#organization"},"potentialAction":[{"@type":"SearchAction","target":{"@type":"EntryPoint","urlTemplate":"https:\/\/www.webdo.tn\/fr\/?s={search_term_string}"},"query-input":{"@type":"PropertyValueSpecification","valueRequired":true,"valueName":"search_term_string"}}],"inLanguage":"fr-FR"},{"@type":"Organization","@id":"https:\/\/www.webdo.tn\/fr\/#organization","name":"Webdo","alternateName":"Webdo.tn","url":"https:\/\/www.webdo.tn\/fr\/","logo":{"@type":"ImageObject","inLanguage":"fr-FR","@id":"https:\/\/www.webdo.tn\/fr\/#\/schema\/logo\/image\/","url":"https:\/\/www.webdo.tn\/fr\/wp-content\/uploads\/2025\/06\/Webdo-Tunisie_168377.jpg","contentUrl":"https:\/\/www.webdo.tn\/fr\/wp-content\/uploads\/2025\/06\/Webdo-Tunisie_168377.jpg","width":301,"height":301,"caption":"Webdo"},"image":{"@id":"https:\/\/www.webdo.tn\/fr\/#\/schema\/logo\/image\/"},"sameAs":["https:\/\/www.facebook.com\/webdotn","https:\/\/x.com\/webdo_tn"],"description":"Webdo est un m\u00e9dia num\u00e9rique tunisien fond\u00e9 en 2010, sp\u00e9cialis\u00e9 dans l\u2019actualit\u00e9 nationale et internationale, l\u2019\u00e9conomie, la soci\u00e9t\u00e9 et les analyses politiques. Le site s\u2019adresse \u00e0 un large public francophone et couvre l\u2019information tunisienne en temps r\u00e9el.","email":"redac@webdo.tn","legalName":"YNJ SARL","foundingDate":"2010-09-06","numberOfEmployees":{"@type":"QuantitativeValue","minValue":"11","maxValue":"50"}},{"@type":"Person","@id":"https:\/\/www.webdo.tn\/fr\/#\/schema\/person\/b9ecde7a5574cb4fcf4b496ea5fadb15","name":"Wided Belhaj","image":{"@type":"ImageObject","inLanguage":"fr-FR","@id":"https:\/\/www.webdo.tn\/fr\/wp-content\/uploads\/2026\/04\/wided-belhaj_avatar-96x96.jpg","url":"https:\/\/www.webdo.tn\/fr\/wp-content\/uploads\/2026\/04\/wided-belhaj_avatar-96x96.jpg","contentUrl":"https:\/\/www.webdo.tn\/fr\/wp-content\/uploads\/2026\/04\/wided-belhaj_avatar-96x96.jpg","caption":"Wided Belhaj"},"description":"Wided Belhaj est le pseudonyme \u00e9ditorial utilis\u00e9 par Khalil Jelassi, journaliste, ma\u00eetre-assistant \u00e0 l\u2019Institut de presse et des sciences de l\u2019information (IPSI) et chercheur en sciences de l\u2019information et de la communication. Cette signature est d\u00e9di\u00e9e \u00e0 l\u2019analyse des m\u00e9dias, des pratiques journalistiques et des mutations de l\u2019information \u00e0 l\u2019\u00e8re digitale. \u00c0 travers ses contributions, Wided Belhaj propose une lecture analytique de l\u2019actualit\u00e9, en croisant regard critique et expertise acad\u00e9mique.","knowsAbout":["m\u00e9dias","journalisme","communication","information","transformation num\u00e9rique","analyse des m\u00e9dias"],"knowsLanguage":["Fran\u00e7ais","Arabe"],"jobTitle":"Webdo.tn","worksFor":"Journaliste \u2013 Analyse des m\u00e9dias","url":"https:\/\/www.webdo.tn\/fr\/actualite\/author\/wided-belhaj\/"}]}},"_links":{"self":[{"href":"https:\/\/www.webdo.tn\/fr\/wp-json\/wp\/v2\/posts\/377953","targetHints":{"allow":["GET"]}}],"collection":[{"href":"https:\/\/www.webdo.tn\/fr\/wp-json\/wp\/v2\/posts"}],"about":[{"href":"https:\/\/www.webdo.tn\/fr\/wp-json\/wp\/v2\/types\/post"}],"author":[{"embeddable":true,"href":"https:\/\/www.webdo.tn\/fr\/wp-json\/wp\/v2\/users\/3184"}],"replies":[{"embeddable":true,"href":"https:\/\/www.webdo.tn\/fr\/wp-json\/wp\/v2\/comments?post=377953"}],"version-history":[{"count":0,"href":"https:\/\/www.webdo.tn\/fr\/wp-json\/wp\/v2\/posts\/377953\/revisions"}],"wp:featuredmedia":[{"embeddable":true,"href":"https:\/\/www.webdo.tn\/fr\/wp-json\/wp\/v2\/media\/377954"}],"wp:attachment":[{"href":"https:\/\/www.webdo.tn\/fr\/wp-json\/wp\/v2\/media?parent=377953"}],"wp:term":[{"taxonomy":"category","embeddable":true,"href":"https:\/\/www.webdo.tn\/fr\/wp-json\/wp\/v2\/categories?post=377953"},{"taxonomy":"post_tag","embeddable":true,"href":"https:\/\/www.webdo.tn\/fr\/wp-json\/wp\/v2\/tags?post=377953"}],"curies":[{"name":"wp","href":"https:\/\/api.w.org\/{rel}","templated":true}]}}