{"id":377950,"date":"2025-06-19T13:44:41","date_gmt":"2025-06-19T12:44:41","guid":{"rendered":"https:\/\/www.webdo.tn\/fr\/?p=377950"},"modified":"2025-06-20T08:33:33","modified_gmt":"2025-06-20T07:33:33","slug":"tunis-carthage-des-cartes-prepayees-pour-acceder-aux-parkings","status":"publish","type":"post","link":"https:\/\/www.webdo.tn\/fr\/actualite\/national\/tunis-carthage-des-cartes-prepayees-pour-acceder-aux-parkings\/377950\/","title":{"rendered":"Tunis-Carthage : Des cartes pr\u00e9pay\u00e9es pour acc\u00e9der aux parkings"},"content":{"rendered":"\n<p><strong>\u00c0 partir du dimanche 22 juin 2025, des cartes \u00e9lectroniques pr\u00e9pay\u00e9es pour acc\u00e9der aux parkings de l&rsquo;a\u00e9roport Tunis-Carthage<\/strong>. <\/p>\n\n\n\n<p>Le bureau de l\u2019aviation civile et des a\u00e9roports (OACA) mettra \u00e0 disposition, \u00e0 partir du dimanche 22 juin 2025, des cartes \u00e9lectroniques pr\u00e9pay\u00e9es pour faciliter l&rsquo;acc\u00e8s aux trois parkings de l\u2019a\u00e9roport international de Tunis-Carthage.<\/p>\n\n\n\n<p>Intervenant ce jeudi 19 juin 2025 sur les ondes de la Radio nationale, Ali Tabbassi, ing\u00e9nieur g\u00e9n\u00e9ral \u00e0 l\u2019OACA et directeur de la gestion des parkings, a indiqu\u00e9 que cette initiative vise \u00e0 fluidifier les op\u00e9rations d\u2019entr\u00e9e et de sortie, notamment \u00e0 l\u2019approche de la p\u00e9riode de forte affluence estivale.<\/p>\n\n\n\n<p>Selon lui, cette carte permettra aux usagers de gagner du temps en \u00e9vitant le passage par les bornes de paiement classiques.<\/p>\n\n\n\n<p>Tabbassi a pr\u00e9cis\u00e9 que la vente de ces cartes d\u00e9butera officiellement dimanche dans le parking principal ainsi que dans le hall de l\u2019a\u00e9rogare. La carte co\u00fbtera 15 dinars, avec un montant minimum de recharge \u00e9galement fix\u00e9 \u00e0 15 dinars. Elle sera valable dans les trois parkings de l&rsquo;a\u00e9roport Tunis-Carthage.<\/p>\n\n\n\n<p>Le responsable a enfin soulign\u00e9 que cette exp\u00e9rience devrait \u00eatre \u00e9tendue prochainement aux a\u00e9roports de Sfax et de Djerba-Zarzis.<\/p>\n\n\n\n<p><\/p>\n","protected":false},"excerpt":{"rendered":"<p>\u00c0 partir du dimanche 22 juin 2025, des cartes \u00e9lectroniques pr\u00e9pay\u00e9es pour acc\u00e9der aux parkings de l&rsquo;a\u00e9roport Tunis-Carthage. Le bureau de l\u2019aviation civile et des a\u00e9roports (OACA) mettra \u00e0 disposition, \u00e0 partir du dimanche 22 juin 2025, des cartes \u00e9lectroniques pr\u00e9pay\u00e9es pour faciliter l&rsquo;acc\u00e8s aux trois parkings de l\u2019a\u00e9roport international de Tunis-Carthage. Intervenant ce jeudi [&hellip;]<\/p>\n","protected":false},"author":3184,"featured_media":377951,"comment_status":"open","ping_status":"open","sticky":false,"template":"","format":"standard","meta":{"footnotes":""},"categories":[44],"tags":[3974,4092,7310,8872,2608],"class_list":["post-377950","post","type-post","status-publish","format-standard","has-post-thumbnail","hentry","category-national","tag-aeroport","tag-aeroport-tunis-carthage","tag-carte","tag-parking","tag-tunisie"],"yoast_head":"<!-- This site is optimized with the Yoast SEO Premium plugin v27.5 (Yoast SEO v27.5) - https:\/\/yoast.com\/product\/yoast-seo-premium-wordpress\/ -->\n<title>Tunis-Carthage : Des cartes pr\u00e9pay\u00e9es pour acc\u00e9der aux parkings - webdo<\/title>\n<meta name=\"description\" content=\"\u00c0 partir du 22 juin 2025, acc\u00e9dez facilement aux parkings de l&#039;a\u00e9roport Tunis-Carthage avec des cartes \u00e9lectroniques pr\u00e9pay\u00e9es.\" \/>\n<link rel=\"canonical\" href=\"https:\/\/www.webdo.tn\/fr\/actualite\/national\/tunis-carthage-des-cartes-prepayees-pour-acceder-aux-parkings\/377950\/\" \/>\n<meta property=\"og:locale\" content=\"fr_FR\" \/>\n<meta property=\"og:type\" content=\"article\" \/>\n<meta property=\"og:title\" content=\"Tunis-Carthage : Des cartes pr\u00e9pay\u00e9es pour acc\u00e9der aux parkings\" \/>\n<meta property=\"og:description\" content=\"\u00c0 partir du 22 juin 2025, acc\u00e9dez facilement aux parkings de l&#039;a\u00e9roport Tunis-Carthage avec des cartes \u00e9lectroniques pr\u00e9pay\u00e9es.\" \/>\n<meta property=\"og:url\" content=\"https:\/\/www.webdo.tn\/fr\/actualite\/national\/tunis-carthage-des-cartes-prepayees-pour-acceder-aux-parkings\/377950\/\" \/>\n<meta property=\"og:site_name\" content=\"webdo\" \/>\n<meta property=\"article:publisher\" content=\"https:\/\/www.facebook.com\/webdotn\" \/>\n<meta property=\"article:published_time\" content=\"2025-06-19T12:44:41+00:00\" \/>\n<meta property=\"article:modified_time\" content=\"2025-06-20T07:33:33+00:00\" \/>\n<meta property=\"og:image\" content=\"https:\/\/www.webdo.tn\/fr\/wp-content\/uploads\/2025\/06\/aeroport-tunis-carthage-e1705062303118.jpg\" \/>\n\t<meta property=\"og:image:width\" content=\"900\" \/>\n\t<meta property=\"og:image:height\" content=\"675\" \/>\n\t<meta property=\"og:image:type\" content=\"image\/jpeg\" \/>\n<meta name=\"author\" content=\"Wided Belhaj\" \/>\n<meta name=\"twitter:card\" content=\"summary_large_image\" \/>\n<meta name=\"twitter:creator\" content=\"@webdo_tn\" \/>\n<meta name=\"twitter:site\" content=\"@webdo_tn\" \/>\n<meta name=\"twitter:label1\" content=\"\u00c9crit par\" \/>\n\t<meta name=\"twitter:data1\" content=\"Wided Belhaj\" \/>\n\t<meta name=\"twitter:label2\" content=\"Dur\u00e9e de lecture estim\u00e9e\" \/>\n\t<meta name=\"twitter:data2\" content=\"2 minutes\" \/>\n<script type=\"application\/ld+json\" class=\"yoast-schema-graph\">{\"@context\":\"https:\\\/\\\/schema.org\",\"@graph\":[{\"@type\":\"NewsArticle\",\"@id\":\"https:\\\/\\\/www.webdo.tn\\\/fr\\\/actualite\\\/national\\\/tunis-carthage-des-cartes-prepayees-pour-acceder-aux-parkings\\\/377950\\\/#article\",\"isPartOf\":{\"@id\":\"https:\\\/\\\/www.webdo.tn\\\/fr\\\/actualite\\\/national\\\/tunis-carthage-des-cartes-prepayees-pour-acceder-aux-parkings\\\/377950\\\/\"},\"author\":{\"name\":\"Wided Belhaj\",\"@id\":\"https:\\\/\\\/www.webdo.tn\\\/fr\\\/#\\\/schema\\\/person\\\/b9ecde7a5574cb4fcf4b496ea5fadb15\"},\"headline\":\"Tunis-Carthage : Des cartes pr\u00e9pay\u00e9es pour acc\u00e9der aux parkings\",\"datePublished\":\"2025-06-19T12:44:41+00:00\",\"dateModified\":\"2025-06-20T07:33:33+00:00\",\"mainEntityOfPage\":{\"@id\":\"https:\\\/\\\/www.webdo.tn\\\/fr\\\/actualite\\\/national\\\/tunis-carthage-des-cartes-prepayees-pour-acceder-aux-parkings\\\/377950\\\/\"},\"wordCount\":218,\"commentCount\":0,\"publisher\":{\"@id\":\"https:\\\/\\\/www.webdo.tn\\\/fr\\\/#organization\"},\"image\":{\"@id\":\"https:\\\/\\\/www.webdo.tn\\\/fr\\\/actualite\\\/national\\\/tunis-carthage-des-cartes-prepayees-pour-acceder-aux-parkings\\\/377950\\\/#primaryimage\"},\"thumbnailUrl\":\"https:\\\/\\\/www.webdo.tn\\\/fr\\\/wp-content\\\/uploads\\\/2025\\\/06\\\/aeroport-tunis-carthage-e1705062303118.jpg\",\"keywords\":[\"a\u00e9roport\",\"A\u00e9roport Tunis-Carthage\",\"carte\",\"parking\",\"Tunisie\"],\"articleSection\":[\"National\"],\"inLanguage\":\"fr-FR\"},{\"@type\":\"WebPage\",\"@id\":\"https:\\\/\\\/www.webdo.tn\\\/fr\\\/actualite\\\/national\\\/tunis-carthage-des-cartes-prepayees-pour-acceder-aux-parkings\\\/377950\\\/\",\"url\":\"https:\\\/\\\/www.webdo.tn\\\/fr\\\/actualite\\\/national\\\/tunis-carthage-des-cartes-prepayees-pour-acceder-aux-parkings\\\/377950\\\/\",\"name\":\"Tunis-Carthage : Des cartes pr\u00e9pay\u00e9es pour acc\u00e9der aux parkings - webdo\",\"isPartOf\":{\"@id\":\"https:\\\/\\\/www.webdo.tn\\\/fr\\\/#website\"},\"primaryImageOfPage\":{\"@id\":\"https:\\\/\\\/www.webdo.tn\\\/fr\\\/actualite\\\/national\\\/tunis-carthage-des-cartes-prepayees-pour-acceder-aux-parkings\\\/377950\\\/#primaryimage\"},\"image\":{\"@id\":\"https:\\\/\\\/www.webdo.tn\\\/fr\\\/actualite\\\/national\\\/tunis-carthage-des-cartes-prepayees-pour-acceder-aux-parkings\\\/377950\\\/#primaryimage\"},\"thumbnailUrl\":\"https:\\\/\\\/www.webdo.tn\\\/fr\\\/wp-content\\\/uploads\\\/2025\\\/06\\\/aeroport-tunis-carthage-e1705062303118.jpg\",\"datePublished\":\"2025-06-19T12:44:41+00:00\",\"dateModified\":\"2025-06-20T07:33:33+00:00\",\"description\":\"\u00c0 partir du 22 juin 2025, acc\u00e9dez facilement aux parkings de l'a\u00e9roport Tunis-Carthage avec des cartes \u00e9lectroniques pr\u00e9pay\u00e9es.\",\"breadcrumb\":{\"@id\":\"https:\\\/\\\/www.webdo.tn\\\/fr\\\/actualite\\\/national\\\/tunis-carthage-des-cartes-prepayees-pour-acceder-aux-parkings\\\/377950\\\/#breadcrumb\"},\"inLanguage\":\"fr-FR\",\"potentialAction\":[{\"@type\":\"ReadAction\",\"target\":[\"https:\\\/\\\/www.webdo.tn\\\/fr\\\/actualite\\\/national\\\/tunis-carthage-des-cartes-prepayees-pour-acceder-aux-parkings\\\/377950\\\/\"]}]},{\"@type\":\"ImageObject\",\"inLanguage\":\"fr-FR\",\"@id\":\"https:\\\/\\\/www.webdo.tn\\\/fr\\\/actualite\\\/national\\\/tunis-carthage-des-cartes-prepayees-pour-acceder-aux-parkings\\\/377950\\\/#primaryimage\",\"url\":\"https:\\\/\\\/www.webdo.tn\\\/fr\\\/wp-content\\\/uploads\\\/2025\\\/06\\\/aeroport-tunis-carthage-e1705062303118.jpg\",\"contentUrl\":\"https:\\\/\\\/www.webdo.tn\\\/fr\\\/wp-content\\\/uploads\\\/2025\\\/06\\\/aeroport-tunis-carthage-e1705062303118.jpg\",\"width\":900,\"height\":675},{\"@type\":\"BreadcrumbList\",\"@id\":\"https:\\\/\\\/www.webdo.tn\\\/fr\\\/actualite\\\/national\\\/tunis-carthage-des-cartes-prepayees-pour-acceder-aux-parkings\\\/377950\\\/#breadcrumb\",\"itemListElement\":[{\"@type\":\"ListItem\",\"position\":1,\"name\":\"Accueil\",\"item\":\"https:\\\/\\\/www.webdo.tn\\\/fr\\\/\"},{\"@type\":\"ListItem\",\"position\":2,\"name\":\"Tunis-Carthage : Des cartes pr\u00e9pay\u00e9es pour acc\u00e9der aux parkings\"}]},{\"@type\":\"WebSite\",\"@id\":\"https:\\\/\\\/www.webdo.tn\\\/fr\\\/#website\",\"url\":\"https:\\\/\\\/www.webdo.tn\\\/fr\\\/\",\"name\":\"webdo\",\"description\":\"Tunisie - News en Tunisie et \u00e0 l&#039;international sur Webdo.tn\",\"publisher\":{\"@id\":\"https:\\\/\\\/www.webdo.tn\\\/fr\\\/#organization\"},\"potentialAction\":[{\"@type\":\"SearchAction\",\"target\":{\"@type\":\"EntryPoint\",\"urlTemplate\":\"https:\\\/\\\/www.webdo.tn\\\/fr\\\/?s={search_term_string}\"},\"query-input\":{\"@type\":\"PropertyValueSpecification\",\"valueRequired\":true,\"valueName\":\"search_term_string\"}}],\"inLanguage\":\"fr-FR\"},{\"@type\":\"Organization\",\"@id\":\"https:\\\/\\\/www.webdo.tn\\\/fr\\\/#organization\",\"name\":\"Webdo\",\"alternateName\":\"Webdo.tn\",\"url\":\"https:\\\/\\\/www.webdo.tn\\\/fr\\\/\",\"logo\":{\"@type\":\"ImageObject\",\"inLanguage\":\"fr-FR\",\"@id\":\"https:\\\/\\\/www.webdo.tn\\\/fr\\\/#\\\/schema\\\/logo\\\/image\\\/\",\"url\":\"https:\\\/\\\/www.webdo.tn\\\/fr\\\/wp-content\\\/uploads\\\/2025\\\/06\\\/Webdo-Tunisie_168377.jpg\",\"contentUrl\":\"https:\\\/\\\/www.webdo.tn\\\/fr\\\/wp-content\\\/uploads\\\/2025\\\/06\\\/Webdo-Tunisie_168377.jpg\",\"width\":301,\"height\":301,\"caption\":\"Webdo\"},\"image\":{\"@id\":\"https:\\\/\\\/www.webdo.tn\\\/fr\\\/#\\\/schema\\\/logo\\\/image\\\/\"},\"sameAs\":[\"https:\\\/\\\/www.facebook.com\\\/webdotn\",\"https:\\\/\\\/x.com\\\/webdo_tn\"],\"description\":\"Webdo est un m\u00e9dia num\u00e9rique tunisien fond\u00e9 en 2010, sp\u00e9cialis\u00e9 dans l\u2019actualit\u00e9 nationale et internationale, l\u2019\u00e9conomie, la soci\u00e9t\u00e9 et les analyses politiques. Le site s\u2019adresse \u00e0 un large public francophone et couvre l\u2019information tunisienne en temps r\u00e9el.\",\"email\":\"redac@webdo.tn\",\"legalName\":\"YNJ SARL\",\"foundingDate\":\"2010-09-06\",\"numberOfEmployees\":{\"@type\":\"QuantitativeValue\",\"minValue\":\"11\",\"maxValue\":\"50\"}},{\"@type\":\"Person\",\"@id\":\"https:\\\/\\\/www.webdo.tn\\\/fr\\\/#\\\/schema\\\/person\\\/b9ecde7a5574cb4fcf4b496ea5fadb15\",\"name\":\"Wided Belhaj\",\"image\":{\"@type\":\"ImageObject\",\"inLanguage\":\"fr-FR\",\"@id\":\"https:\\\/\\\/www.webdo.tn\\\/fr\\\/wp-content\\\/uploads\\\/2026\\\/04\\\/wided-belhaj_avatar-96x96.jpg\",\"url\":\"https:\\\/\\\/www.webdo.tn\\\/fr\\\/wp-content\\\/uploads\\\/2026\\\/04\\\/wided-belhaj_avatar-96x96.jpg\",\"contentUrl\":\"https:\\\/\\\/www.webdo.tn\\\/fr\\\/wp-content\\\/uploads\\\/2026\\\/04\\\/wided-belhaj_avatar-96x96.jpg\",\"caption\":\"Wided Belhaj\"},\"description\":\"Wided Belhaj est le pseudonyme \u00e9ditorial utilis\u00e9 par Khalil Jelassi, journaliste, ma\u00eetre-assistant \u00e0 l\u2019Institut de presse et des sciences de l\u2019information (IPSI) et chercheur en sciences de l\u2019information et de la communication. Cette signature est d\u00e9di\u00e9e \u00e0 l\u2019analyse des m\u00e9dias, des pratiques journalistiques et des mutations de l\u2019information \u00e0 l\u2019\u00e8re digitale. \u00c0 travers ses contributions, Wided Belhaj propose une lecture analytique de l\u2019actualit\u00e9, en croisant regard critique et expertise acad\u00e9mique.\",\"knowsAbout\":[\"m\u00e9dias\",\"journalisme\",\"communication\",\"information\",\"transformation num\u00e9rique\",\"analyse des m\u00e9dias\"],\"knowsLanguage\":[\"Fran\u00e7ais\",\"Arabe\"],\"jobTitle\":\"Webdo.tn\",\"worksFor\":\"Journaliste \u2013 Analyse des m\u00e9dias\",\"url\":\"https:\\\/\\\/www.webdo.tn\\\/fr\\\/actualite\\\/author\\\/wided-belhaj\\\/\"}]}<\/script>\n<!-- \/ Yoast SEO Premium plugin. -->","yoast_head_json":{"title":"Tunis-Carthage : Des cartes pr\u00e9pay\u00e9es pour acc\u00e9der aux parkings - webdo","description":"\u00c0 partir du 22 juin 2025, acc\u00e9dez facilement aux parkings de l'a\u00e9roport Tunis-Carthage avec des cartes \u00e9lectroniques pr\u00e9pay\u00e9es.","canonical":"https:\/\/www.webdo.tn\/fr\/actualite\/national\/tunis-carthage-des-cartes-prepayees-pour-acceder-aux-parkings\/377950\/","og_locale":"fr_FR","og_type":"article","og_title":"Tunis-Carthage : Des cartes pr\u00e9pay\u00e9es pour acc\u00e9der aux parkings","og_description":"\u00c0 partir du 22 juin 2025, acc\u00e9dez facilement aux parkings de l'a\u00e9roport Tunis-Carthage avec des cartes \u00e9lectroniques pr\u00e9pay\u00e9es.","og_url":"https:\/\/www.webdo.tn\/fr\/actualite\/national\/tunis-carthage-des-cartes-prepayees-pour-acceder-aux-parkings\/377950\/","og_site_name":"webdo","article_publisher":"https:\/\/www.facebook.com\/webdotn","article_published_time":"2025-06-19T12:44:41+00:00","article_modified_time":"2025-06-20T07:33:33+00:00","og_image":[{"width":900,"height":675,"url":"https:\/\/www.webdo.tn\/fr\/wp-content\/uploads\/2025\/06\/aeroport-tunis-carthage-e1705062303118.jpg","type":"image\/jpeg"}],"author":"Wided Belhaj","twitter_card":"summary_large_image","twitter_creator":"@webdo_tn","twitter_site":"@webdo_tn","twitter_misc":{"\u00c9crit par":"Wided Belhaj","Dur\u00e9e de lecture estim\u00e9e":"2 minutes"},"schema":{"@context":"https:\/\/schema.org","@graph":[{"@type":"NewsArticle","@id":"https:\/\/www.webdo.tn\/fr\/actualite\/national\/tunis-carthage-des-cartes-prepayees-pour-acceder-aux-parkings\/377950\/#article","isPartOf":{"@id":"https:\/\/www.webdo.tn\/fr\/actualite\/national\/tunis-carthage-des-cartes-prepayees-pour-acceder-aux-parkings\/377950\/"},"author":{"name":"Wided Belhaj","@id":"https:\/\/www.webdo.tn\/fr\/#\/schema\/person\/b9ecde7a5574cb4fcf4b496ea5fadb15"},"headline":"Tunis-Carthage : Des cartes pr\u00e9pay\u00e9es pour acc\u00e9der aux parkings","datePublished":"2025-06-19T12:44:41+00:00","dateModified":"2025-06-20T07:33:33+00:00","mainEntityOfPage":{"@id":"https:\/\/www.webdo.tn\/fr\/actualite\/national\/tunis-carthage-des-cartes-prepayees-pour-acceder-aux-parkings\/377950\/"},"wordCount":218,"commentCount":0,"publisher":{"@id":"https:\/\/www.webdo.tn\/fr\/#organization"},"image":{"@id":"https:\/\/www.webdo.tn\/fr\/actualite\/national\/tunis-carthage-des-cartes-prepayees-pour-acceder-aux-parkings\/377950\/#primaryimage"},"thumbnailUrl":"https:\/\/www.webdo.tn\/fr\/wp-content\/uploads\/2025\/06\/aeroport-tunis-carthage-e1705062303118.jpg","keywords":["a\u00e9roport","A\u00e9roport Tunis-Carthage","carte","parking","Tunisie"],"articleSection":["National"],"inLanguage":"fr-FR"},{"@type":"WebPage","@id":"https:\/\/www.webdo.tn\/fr\/actualite\/national\/tunis-carthage-des-cartes-prepayees-pour-acceder-aux-parkings\/377950\/","url":"https:\/\/www.webdo.tn\/fr\/actualite\/national\/tunis-carthage-des-cartes-prepayees-pour-acceder-aux-parkings\/377950\/","name":"Tunis-Carthage : Des cartes pr\u00e9pay\u00e9es pour acc\u00e9der aux parkings - webdo","isPartOf":{"@id":"https:\/\/www.webdo.tn\/fr\/#website"},"primaryImageOfPage":{"@id":"https:\/\/www.webdo.tn\/fr\/actualite\/national\/tunis-carthage-des-cartes-prepayees-pour-acceder-aux-parkings\/377950\/#primaryimage"},"image":{"@id":"https:\/\/www.webdo.tn\/fr\/actualite\/national\/tunis-carthage-des-cartes-prepayees-pour-acceder-aux-parkings\/377950\/#primaryimage"},"thumbnailUrl":"https:\/\/www.webdo.tn\/fr\/wp-content\/uploads\/2025\/06\/aeroport-tunis-carthage-e1705062303118.jpg","datePublished":"2025-06-19T12:44:41+00:00","dateModified":"2025-06-20T07:33:33+00:00","description":"\u00c0 partir du 22 juin 2025, acc\u00e9dez facilement aux parkings de l'a\u00e9roport Tunis-Carthage avec des cartes \u00e9lectroniques pr\u00e9pay\u00e9es.","breadcrumb":{"@id":"https:\/\/www.webdo.tn\/fr\/actualite\/national\/tunis-carthage-des-cartes-prepayees-pour-acceder-aux-parkings\/377950\/#breadcrumb"},"inLanguage":"fr-FR","potentialAction":[{"@type":"ReadAction","target":["https:\/\/www.webdo.tn\/fr\/actualite\/national\/tunis-carthage-des-cartes-prepayees-pour-acceder-aux-parkings\/377950\/"]}]},{"@type":"ImageObject","inLanguage":"fr-FR","@id":"https:\/\/www.webdo.tn\/fr\/actualite\/national\/tunis-carthage-des-cartes-prepayees-pour-acceder-aux-parkings\/377950\/#primaryimage","url":"https:\/\/www.webdo.tn\/fr\/wp-content\/uploads\/2025\/06\/aeroport-tunis-carthage-e1705062303118.jpg","contentUrl":"https:\/\/www.webdo.tn\/fr\/wp-content\/uploads\/2025\/06\/aeroport-tunis-carthage-e1705062303118.jpg","width":900,"height":675},{"@type":"BreadcrumbList","@id":"https:\/\/www.webdo.tn\/fr\/actualite\/national\/tunis-carthage-des-cartes-prepayees-pour-acceder-aux-parkings\/377950\/#breadcrumb","itemListElement":[{"@type":"ListItem","position":1,"name":"Accueil","item":"https:\/\/www.webdo.tn\/fr\/"},{"@type":"ListItem","position":2,"name":"Tunis-Carthage : Des cartes pr\u00e9pay\u00e9es pour acc\u00e9der aux parkings"}]},{"@type":"WebSite","@id":"https:\/\/www.webdo.tn\/fr\/#website","url":"https:\/\/www.webdo.tn\/fr\/","name":"webdo","description":"Tunisie - News en Tunisie et \u00e0 l&#039;international sur Webdo.tn","publisher":{"@id":"https:\/\/www.webdo.tn\/fr\/#organization"},"potentialAction":[{"@type":"SearchAction","target":{"@type":"EntryPoint","urlTemplate":"https:\/\/www.webdo.tn\/fr\/?s={search_term_string}"},"query-input":{"@type":"PropertyValueSpecification","valueRequired":true,"valueName":"search_term_string"}}],"inLanguage":"fr-FR"},{"@type":"Organization","@id":"https:\/\/www.webdo.tn\/fr\/#organization","name":"Webdo","alternateName":"Webdo.tn","url":"https:\/\/www.webdo.tn\/fr\/","logo":{"@type":"ImageObject","inLanguage":"fr-FR","@id":"https:\/\/www.webdo.tn\/fr\/#\/schema\/logo\/image\/","url":"https:\/\/www.webdo.tn\/fr\/wp-content\/uploads\/2025\/06\/Webdo-Tunisie_168377.jpg","contentUrl":"https:\/\/www.webdo.tn\/fr\/wp-content\/uploads\/2025\/06\/Webdo-Tunisie_168377.jpg","width":301,"height":301,"caption":"Webdo"},"image":{"@id":"https:\/\/www.webdo.tn\/fr\/#\/schema\/logo\/image\/"},"sameAs":["https:\/\/www.facebook.com\/webdotn","https:\/\/x.com\/webdo_tn"],"description":"Webdo est un m\u00e9dia num\u00e9rique tunisien fond\u00e9 en 2010, sp\u00e9cialis\u00e9 dans l\u2019actualit\u00e9 nationale et internationale, l\u2019\u00e9conomie, la soci\u00e9t\u00e9 et les analyses politiques. Le site s\u2019adresse \u00e0 un large public francophone et couvre l\u2019information tunisienne en temps r\u00e9el.","email":"redac@webdo.tn","legalName":"YNJ SARL","foundingDate":"2010-09-06","numberOfEmployees":{"@type":"QuantitativeValue","minValue":"11","maxValue":"50"}},{"@type":"Person","@id":"https:\/\/www.webdo.tn\/fr\/#\/schema\/person\/b9ecde7a5574cb4fcf4b496ea5fadb15","name":"Wided Belhaj","image":{"@type":"ImageObject","inLanguage":"fr-FR","@id":"https:\/\/www.webdo.tn\/fr\/wp-content\/uploads\/2026\/04\/wided-belhaj_avatar-96x96.jpg","url":"https:\/\/www.webdo.tn\/fr\/wp-content\/uploads\/2026\/04\/wided-belhaj_avatar-96x96.jpg","contentUrl":"https:\/\/www.webdo.tn\/fr\/wp-content\/uploads\/2026\/04\/wided-belhaj_avatar-96x96.jpg","caption":"Wided Belhaj"},"description":"Wided Belhaj est le pseudonyme \u00e9ditorial utilis\u00e9 par Khalil Jelassi, journaliste, ma\u00eetre-assistant \u00e0 l\u2019Institut de presse et des sciences de l\u2019information (IPSI) et chercheur en sciences de l\u2019information et de la communication. Cette signature est d\u00e9di\u00e9e \u00e0 l\u2019analyse des m\u00e9dias, des pratiques journalistiques et des mutations de l\u2019information \u00e0 l\u2019\u00e8re digitale. \u00c0 travers ses contributions, Wided Belhaj propose une lecture analytique de l\u2019actualit\u00e9, en croisant regard critique et expertise acad\u00e9mique.","knowsAbout":["m\u00e9dias","journalisme","communication","information","transformation num\u00e9rique","analyse des m\u00e9dias"],"knowsLanguage":["Fran\u00e7ais","Arabe"],"jobTitle":"Webdo.tn","worksFor":"Journaliste \u2013 Analyse des m\u00e9dias","url":"https:\/\/www.webdo.tn\/fr\/actualite\/author\/wided-belhaj\/"}]}},"_links":{"self":[{"href":"https:\/\/www.webdo.tn\/fr\/wp-json\/wp\/v2\/posts\/377950","targetHints":{"allow":["GET"]}}],"collection":[{"href":"https:\/\/www.webdo.tn\/fr\/wp-json\/wp\/v2\/posts"}],"about":[{"href":"https:\/\/www.webdo.tn\/fr\/wp-json\/wp\/v2\/types\/post"}],"author":[{"embeddable":true,"href":"https:\/\/www.webdo.tn\/fr\/wp-json\/wp\/v2\/users\/3184"}],"replies":[{"embeddable":true,"href":"https:\/\/www.webdo.tn\/fr\/wp-json\/wp\/v2\/comments?post=377950"}],"version-history":[{"count":0,"href":"https:\/\/www.webdo.tn\/fr\/wp-json\/wp\/v2\/posts\/377950\/revisions"}],"wp:featuredmedia":[{"embeddable":true,"href":"https:\/\/www.webdo.tn\/fr\/wp-json\/wp\/v2\/media\/377951"}],"wp:attachment":[{"href":"https:\/\/www.webdo.tn\/fr\/wp-json\/wp\/v2\/media?parent=377950"}],"wp:term":[{"taxonomy":"category","embeddable":true,"href":"https:\/\/www.webdo.tn\/fr\/wp-json\/wp\/v2\/categories?post=377950"},{"taxonomy":"post_tag","embeddable":true,"href":"https:\/\/www.webdo.tn\/fr\/wp-json\/wp\/v2\/tags?post=377950"}],"curies":[{"name":"wp","href":"https:\/\/api.w.org\/{rel}","templated":true}]}}