{"id":377901,"date":"2025-06-19T10:59:24","date_gmt":"2025-06-19T09:59:24","guid":{"rendered":"https:\/\/www.webdo.tn\/fr\/?p=377901"},"modified":"2025-06-19T11:02:56","modified_gmt":"2025-06-19T10:02:56","slug":"caf-les-dates-des-competitions-interclubs-pour-la-saison-2025-2026-officiellement-devoilees","status":"publish","type":"post","link":"https:\/\/www.webdo.tn\/fr\/actualite\/sport\/caf-les-dates-des-competitions-interclubs-pour-la-saison-2025-2026-officiellement-devoilees\/377901\/","title":{"rendered":"CAF : Les dates des comp\u00e9titions interclubs pour la saison 2025-2026 officiellement d\u00e9voil\u00e9es"},"content":{"rendered":"\n<p>La Conf\u00e9d\u00e9ration africaine de football (CAF) a communiqu\u00e9 ce jeudi le calendrier officiel des comp\u00e9titions interclubs pour la saison 2025-2026, comprenant la Ligue des champions et la Coupe de la Conf\u00e9d\u00e9ration. Cette nouvelle saison d\u00e9butera d\u00e8s septembre prochain avec les tours pr\u00e9liminaires.<\/p>\n\n\n\n<p>La CAF a \u00e9galement annonc\u00e9 une prolongation exceptionnelle du d\u00e9lai d\u2019engagement des clubs, repouss\u00e9 au 31 juillet 2025, au lieu du 30 juin initialement pr\u00e9vu. Cette d\u00e9cision tient compte du d\u00e9marrage tardif des comp\u00e9titions, pr\u00e9vu pour le mois de septembre.<\/p>\n\n\n\n<p><strong>Calendrier d\u00e9taill\u00e9 des comp\u00e9titions interclubs CAF 2025-2026<\/strong><\/p>\n\n\n\n<p><strong>Tours pr\u00e9liminaires :<\/strong><\/p>\n\n\n\n<ul class=\"wp-block-list\">\n<li>1er tour : Aller du 19 au 21 septembre, retour du 26 au 28 septembre<\/li>\n\n\n\n<li>2e tour : Aller du 17 au 19 octobre, retour du 24 au 26 octobre<\/li>\n<\/ul>\n\n\n\n<p><strong>Phase de groupes :<\/strong><\/p>\n\n\n\n<ul class=\"wp-block-list\">\n<li>1re journ\u00e9e : du 21 au 23 novembre<\/li>\n\n\n\n<li>2e journ\u00e9e : du 28 au 30 novembre<\/li>\n\n\n\n<li>3e journ\u00e9e : du 23 au 25 d\u00e9cembre<\/li>\n\n\n\n<li>4e journ\u00e9e : du 31 janvier au 1er f\u00e9vrier 2026<\/li>\n\n\n\n<li>5e journ\u00e9e : du 6 au 8 f\u00e9vrier<\/li>\n\n\n\n<li>6e journ\u00e9e : du 13 au 15 f\u00e9vrier<\/li>\n<\/ul>\n\n\n\n<p><strong>Phase \u00e0 \u00e9limination directe :<\/strong><\/p>\n\n\n\n<ul class=\"wp-block-list\">\n<li>Quarts de finale : Aller du 13 au 15 mars, retour du 20 au 22 mars<\/li>\n\n\n\n<li>Demi-finales : Aller du 10 au 12 avril, retour du 17 au 19 avril<\/li>\n\n\n\n<li>Finale : entre le 8 et le 24 mai 2026 (dates pr\u00e9cises \u00e0 d\u00e9terminer)<\/li>\n<\/ul>\n","protected":false},"excerpt":{"rendered":"<p>La Conf\u00e9d\u00e9ration africaine de football (CAF) a communiqu\u00e9 ce jeudi le calendrier officiel des comp\u00e9titions interclubs pour la saison 2025-2026, comprenant la Ligue des champions et la Coupe de la Conf\u00e9d\u00e9ration. Cette nouvelle saison d\u00e9butera d\u00e8s septembre prochain avec les tours pr\u00e9liminaires. La CAF a \u00e9galement annonc\u00e9 une prolongation exceptionnelle du d\u00e9lai d\u2019engagement des clubs, [&hellip;]<\/p>\n","protected":false},"author":3191,"featured_media":377902,"comment_status":"open","ping_status":"open","sticky":false,"template":"","format":"standard","meta":{"footnotes":""},"categories":[2593],"tags":[3135,4507,7095,11557,2622],"class_list":["post-377901","post","type-post","status-publish","format-standard","has-post-thumbnail","hentry","category-sport","tag-caf","tag-calendrier","tag-competitions-sportives","tag-confederation-africaine-de-handball","tag-football"],"yoast_head":"<!-- This site is optimized with the Yoast SEO Premium plugin v27.4 (Yoast SEO v27.5) - https:\/\/yoast.com\/product\/yoast-seo-premium-wordpress\/ -->\n<title>CAF : Les dates des comp\u00e9titions interclubs pour la saison 2025-2026 officiellement d\u00e9voil\u00e9es - webdo<\/title>\n<meta name=\"description\" content=\"D\u00e9couvrez le calendrier des comp\u00e9titions interclubs pour la saison 2025-2026, incluant la Ligue des champions et la Coupe de la Conf\u00e9d\u00e9ration.\" \/>\n<link rel=\"canonical\" href=\"https:\/\/www.webdo.tn\/fr\/actualite\/sport\/caf-les-dates-des-competitions-interclubs-pour-la-saison-2025-2026-officiellement-devoilees\/377901\/\" \/>\n<meta property=\"og:locale\" content=\"fr_FR\" \/>\n<meta property=\"og:type\" content=\"article\" \/>\n<meta property=\"og:title\" content=\"CAF : Les dates des comp\u00e9titions interclubs pour la saison 2025-2026 officiellement d\u00e9voil\u00e9es\" \/>\n<meta property=\"og:description\" content=\"D\u00e9couvrez le calendrier des comp\u00e9titions interclubs pour la saison 2025-2026, incluant la Ligue des champions et la Coupe de la Conf\u00e9d\u00e9ration.\" \/>\n<meta property=\"og:url\" content=\"https:\/\/www.webdo.tn\/fr\/actualite\/sport\/caf-les-dates-des-competitions-interclubs-pour-la-saison-2025-2026-officiellement-devoilees\/377901\/\" \/>\n<meta property=\"og:site_name\" content=\"webdo\" \/>\n<meta property=\"article:publisher\" content=\"https:\/\/www.facebook.com\/webdotn\" \/>\n<meta property=\"article:published_time\" content=\"2025-06-19T09:59:24+00:00\" \/>\n<meta property=\"article:modified_time\" content=\"2025-06-19T10:02:56+00:00\" \/>\n<meta property=\"og:image\" content=\"https:\/\/www.webdo.tn\/fr\/wp-content\/uploads\/2025\/06\/trophee-caf-2025.jpg\" \/>\n\t<meta property=\"og:image:width\" content=\"818\" \/>\n\t<meta property=\"og:image:height\" content=\"380\" \/>\n\t<meta property=\"og:image:type\" content=\"image\/jpeg\" \/>\n<meta name=\"author\" content=\"Mohamed Hedi Touati\" \/>\n<meta name=\"twitter:card\" content=\"summary_large_image\" \/>\n<meta name=\"twitter:creator\" content=\"@webdo_tn\" \/>\n<meta name=\"twitter:site\" content=\"@webdo_tn\" \/>\n<meta name=\"twitter:label1\" content=\"\u00c9crit par\" \/>\n\t<meta name=\"twitter:data1\" content=\"Mohamed Hedi Touati\" \/>\n\t<meta name=\"twitter:label2\" content=\"Dur\u00e9e de lecture estim\u00e9e\" \/>\n\t<meta name=\"twitter:data2\" content=\"2 minutes\" \/>\n<script type=\"application\/ld+json\" class=\"yoast-schema-graph\">{\"@context\":\"https:\\\/\\\/schema.org\",\"@graph\":[{\"@type\":\"NewsArticle\",\"@id\":\"https:\\\/\\\/www.webdo.tn\\\/fr\\\/actualite\\\/sport\\\/caf-les-dates-des-competitions-interclubs-pour-la-saison-2025-2026-officiellement-devoilees\\\/377901\\\/#article\",\"isPartOf\":{\"@id\":\"https:\\\/\\\/www.webdo.tn\\\/fr\\\/actualite\\\/sport\\\/caf-les-dates-des-competitions-interclubs-pour-la-saison-2025-2026-officiellement-devoilees\\\/377901\\\/\"},\"author\":{\"name\":\"Mohamed Hedi Touati\",\"@id\":\"https:\\\/\\\/www.webdo.tn\\\/fr\\\/#\\\/schema\\\/person\\\/c652cd8fc2b1b44412b5ffb48c5a911d\"},\"headline\":\"CAF : Les dates des comp\u00e9titions interclubs pour la saison 2025-2026 officiellement d\u00e9voil\u00e9es\",\"datePublished\":\"2025-06-19T09:59:24+00:00\",\"dateModified\":\"2025-06-19T10:02:56+00:00\",\"mainEntityOfPage\":{\"@id\":\"https:\\\/\\\/www.webdo.tn\\\/fr\\\/actualite\\\/sport\\\/caf-les-dates-des-competitions-interclubs-pour-la-saison-2025-2026-officiellement-devoilees\\\/377901\\\/\"},\"wordCount\":220,\"commentCount\":0,\"publisher\":{\"@id\":\"https:\\\/\\\/www.webdo.tn\\\/fr\\\/#organization\"},\"image\":{\"@id\":\"https:\\\/\\\/www.webdo.tn\\\/fr\\\/actualite\\\/sport\\\/caf-les-dates-des-competitions-interclubs-pour-la-saison-2025-2026-officiellement-devoilees\\\/377901\\\/#primaryimage\"},\"thumbnailUrl\":\"https:\\\/\\\/www.webdo.tn\\\/fr\\\/wp-content\\\/uploads\\\/2025\\\/06\\\/trophee-caf-2025.jpg\",\"keywords\":[\"CAF\",\"calendrier\",\"comp\u00e9titions sportives\",\"Conf\u00e9d\u00e9ration Africaine de Handball\",\"football\"],\"articleSection\":[\"Sport\"],\"inLanguage\":\"fr-FR\"},{\"@type\":\"WebPage\",\"@id\":\"https:\\\/\\\/www.webdo.tn\\\/fr\\\/actualite\\\/sport\\\/caf-les-dates-des-competitions-interclubs-pour-la-saison-2025-2026-officiellement-devoilees\\\/377901\\\/\",\"url\":\"https:\\\/\\\/www.webdo.tn\\\/fr\\\/actualite\\\/sport\\\/caf-les-dates-des-competitions-interclubs-pour-la-saison-2025-2026-officiellement-devoilees\\\/377901\\\/\",\"name\":\"CAF : Les dates des comp\u00e9titions interclubs pour la saison 2025-2026 officiellement d\u00e9voil\u00e9es - webdo\",\"isPartOf\":{\"@id\":\"https:\\\/\\\/www.webdo.tn\\\/fr\\\/#website\"},\"primaryImageOfPage\":{\"@id\":\"https:\\\/\\\/www.webdo.tn\\\/fr\\\/actualite\\\/sport\\\/caf-les-dates-des-competitions-interclubs-pour-la-saison-2025-2026-officiellement-devoilees\\\/377901\\\/#primaryimage\"},\"image\":{\"@id\":\"https:\\\/\\\/www.webdo.tn\\\/fr\\\/actualite\\\/sport\\\/caf-les-dates-des-competitions-interclubs-pour-la-saison-2025-2026-officiellement-devoilees\\\/377901\\\/#primaryimage\"},\"thumbnailUrl\":\"https:\\\/\\\/www.webdo.tn\\\/fr\\\/wp-content\\\/uploads\\\/2025\\\/06\\\/trophee-caf-2025.jpg\",\"datePublished\":\"2025-06-19T09:59:24+00:00\",\"dateModified\":\"2025-06-19T10:02:56+00:00\",\"description\":\"D\u00e9couvrez le calendrier des comp\u00e9titions interclubs pour la saison 2025-2026, incluant la Ligue des champions et la Coupe de la Conf\u00e9d\u00e9ration.\",\"breadcrumb\":{\"@id\":\"https:\\\/\\\/www.webdo.tn\\\/fr\\\/actualite\\\/sport\\\/caf-les-dates-des-competitions-interclubs-pour-la-saison-2025-2026-officiellement-devoilees\\\/377901\\\/#breadcrumb\"},\"inLanguage\":\"fr-FR\",\"potentialAction\":[{\"@type\":\"ReadAction\",\"target\":[\"https:\\\/\\\/www.webdo.tn\\\/fr\\\/actualite\\\/sport\\\/caf-les-dates-des-competitions-interclubs-pour-la-saison-2025-2026-officiellement-devoilees\\\/377901\\\/\"]}]},{\"@type\":\"ImageObject\",\"inLanguage\":\"fr-FR\",\"@id\":\"https:\\\/\\\/www.webdo.tn\\\/fr\\\/actualite\\\/sport\\\/caf-les-dates-des-competitions-interclubs-pour-la-saison-2025-2026-officiellement-devoilees\\\/377901\\\/#primaryimage\",\"url\":\"https:\\\/\\\/www.webdo.tn\\\/fr\\\/wp-content\\\/uploads\\\/2025\\\/06\\\/trophee-caf-2025.jpg\",\"contentUrl\":\"https:\\\/\\\/www.webdo.tn\\\/fr\\\/wp-content\\\/uploads\\\/2025\\\/06\\\/trophee-caf-2025.jpg\",\"width\":818,\"height\":380},{\"@type\":\"BreadcrumbList\",\"@id\":\"https:\\\/\\\/www.webdo.tn\\\/fr\\\/actualite\\\/sport\\\/caf-les-dates-des-competitions-interclubs-pour-la-saison-2025-2026-officiellement-devoilees\\\/377901\\\/#breadcrumb\",\"itemListElement\":[{\"@type\":\"ListItem\",\"position\":1,\"name\":\"Accueil\",\"item\":\"https:\\\/\\\/www.webdo.tn\\\/fr\\\/\"},{\"@type\":\"ListItem\",\"position\":2,\"name\":\"CAF : Les dates des comp\u00e9titions interclubs pour la saison 2025-2026 officiellement d\u00e9voil\u00e9es\"}]},{\"@type\":\"WebSite\",\"@id\":\"https:\\\/\\\/www.webdo.tn\\\/fr\\\/#website\",\"url\":\"https:\\\/\\\/www.webdo.tn\\\/fr\\\/\",\"name\":\"webdo\",\"description\":\"Tunisie - News en Tunisie et \u00e0 l&#039;international sur Webdo.tn\",\"publisher\":{\"@id\":\"https:\\\/\\\/www.webdo.tn\\\/fr\\\/#organization\"},\"potentialAction\":[{\"@type\":\"SearchAction\",\"target\":{\"@type\":\"EntryPoint\",\"urlTemplate\":\"https:\\\/\\\/www.webdo.tn\\\/fr\\\/?s={search_term_string}\"},\"query-input\":{\"@type\":\"PropertyValueSpecification\",\"valueRequired\":true,\"valueName\":\"search_term_string\"}}],\"inLanguage\":\"fr-FR\"},{\"@type\":\"Organization\",\"@id\":\"https:\\\/\\\/www.webdo.tn\\\/fr\\\/#organization\",\"name\":\"Webdo\",\"alternateName\":\"Webdo.tn\",\"url\":\"https:\\\/\\\/www.webdo.tn\\\/fr\\\/\",\"logo\":{\"@type\":\"ImageObject\",\"inLanguage\":\"fr-FR\",\"@id\":\"https:\\\/\\\/www.webdo.tn\\\/fr\\\/#\\\/schema\\\/logo\\\/image\\\/\",\"url\":\"https:\\\/\\\/www.webdo.tn\\\/fr\\\/wp-content\\\/uploads\\\/2025\\\/06\\\/Webdo-Tunisie_168377.jpg\",\"contentUrl\":\"https:\\\/\\\/www.webdo.tn\\\/fr\\\/wp-content\\\/uploads\\\/2025\\\/06\\\/Webdo-Tunisie_168377.jpg\",\"width\":301,\"height\":301,\"caption\":\"Webdo\"},\"image\":{\"@id\":\"https:\\\/\\\/www.webdo.tn\\\/fr\\\/#\\\/schema\\\/logo\\\/image\\\/\"},\"sameAs\":[\"https:\\\/\\\/www.facebook.com\\\/webdotn\",\"https:\\\/\\\/x.com\\\/webdo_tn\"],\"description\":\"Webdo est un m\u00e9dia num\u00e9rique tunisien fond\u00e9 en 2010, sp\u00e9cialis\u00e9 dans l\u2019actualit\u00e9 nationale et internationale, l\u2019\u00e9conomie, la soci\u00e9t\u00e9 et les analyses politiques. Le site s\u2019adresse \u00e0 un large public francophone et couvre l\u2019information tunisienne en temps r\u00e9el.\",\"email\":\"redac@webdo.tn\",\"legalName\":\"YNJ SARL\",\"foundingDate\":\"2010-09-06\",\"numberOfEmployees\":{\"@type\":\"QuantitativeValue\",\"minValue\":\"11\",\"maxValue\":\"50\"}},{\"@type\":\"Person\",\"@id\":\"https:\\\/\\\/www.webdo.tn\\\/fr\\\/#\\\/schema\\\/person\\\/c652cd8fc2b1b44412b5ffb48c5a911d\",\"name\":\"Mohamed Hedi Touati\",\"image\":{\"@type\":\"ImageObject\",\"inLanguage\":\"fr-FR\",\"@id\":\"https:\\\/\\\/secure.gravatar.com\\\/avatar\\\/9cfd402c745b7a685f13eed0ea6e59d2144a3c2fc50a3db6fd5ed451f6cddf1a?s=96&d=mm&r=g\",\"url\":\"https:\\\/\\\/secure.gravatar.com\\\/avatar\\\/9cfd402c745b7a685f13eed0ea6e59d2144a3c2fc50a3db6fd5ed451f6cddf1a?s=96&d=mm&r=g\",\"contentUrl\":\"https:\\\/\\\/secure.gravatar.com\\\/avatar\\\/9cfd402c745b7a685f13eed0ea6e59d2144a3c2fc50a3db6fd5ed451f6cddf1a?s=96&d=mm&r=g\",\"caption\":\"Mohamed Hedi Touati\"},\"url\":\"https:\\\/\\\/www.webdo.tn\\\/fr\\\/actualite\\\/author\\\/mohamed-hedi-touati\\\/\"}]}<\/script>\n<!-- \/ Yoast SEO Premium plugin. -->","yoast_head_json":{"title":"CAF : Les dates des comp\u00e9titions interclubs pour la saison 2025-2026 officiellement d\u00e9voil\u00e9es - webdo","description":"D\u00e9couvrez le calendrier des comp\u00e9titions interclubs pour la saison 2025-2026, incluant la Ligue des champions et la Coupe de la Conf\u00e9d\u00e9ration.","canonical":"https:\/\/www.webdo.tn\/fr\/actualite\/sport\/caf-les-dates-des-competitions-interclubs-pour-la-saison-2025-2026-officiellement-devoilees\/377901\/","og_locale":"fr_FR","og_type":"article","og_title":"CAF : Les dates des comp\u00e9titions interclubs pour la saison 2025-2026 officiellement d\u00e9voil\u00e9es","og_description":"D\u00e9couvrez le calendrier des comp\u00e9titions interclubs pour la saison 2025-2026, incluant la Ligue des champions et la Coupe de la Conf\u00e9d\u00e9ration.","og_url":"https:\/\/www.webdo.tn\/fr\/actualite\/sport\/caf-les-dates-des-competitions-interclubs-pour-la-saison-2025-2026-officiellement-devoilees\/377901\/","og_site_name":"webdo","article_publisher":"https:\/\/www.facebook.com\/webdotn","article_published_time":"2025-06-19T09:59:24+00:00","article_modified_time":"2025-06-19T10:02:56+00:00","og_image":[{"width":818,"height":380,"url":"https:\/\/www.webdo.tn\/fr\/wp-content\/uploads\/2025\/06\/trophee-caf-2025.jpg","type":"image\/jpeg"}],"author":"Mohamed Hedi Touati","twitter_card":"summary_large_image","twitter_creator":"@webdo_tn","twitter_site":"@webdo_tn","twitter_misc":{"\u00c9crit par":"Mohamed Hedi Touati","Dur\u00e9e de lecture estim\u00e9e":"2 minutes"},"schema":{"@context":"https:\/\/schema.org","@graph":[{"@type":"NewsArticle","@id":"https:\/\/www.webdo.tn\/fr\/actualite\/sport\/caf-les-dates-des-competitions-interclubs-pour-la-saison-2025-2026-officiellement-devoilees\/377901\/#article","isPartOf":{"@id":"https:\/\/www.webdo.tn\/fr\/actualite\/sport\/caf-les-dates-des-competitions-interclubs-pour-la-saison-2025-2026-officiellement-devoilees\/377901\/"},"author":{"name":"Mohamed Hedi Touati","@id":"https:\/\/www.webdo.tn\/fr\/#\/schema\/person\/c652cd8fc2b1b44412b5ffb48c5a911d"},"headline":"CAF : Les dates des comp\u00e9titions interclubs pour la saison 2025-2026 officiellement d\u00e9voil\u00e9es","datePublished":"2025-06-19T09:59:24+00:00","dateModified":"2025-06-19T10:02:56+00:00","mainEntityOfPage":{"@id":"https:\/\/www.webdo.tn\/fr\/actualite\/sport\/caf-les-dates-des-competitions-interclubs-pour-la-saison-2025-2026-officiellement-devoilees\/377901\/"},"wordCount":220,"commentCount":0,"publisher":{"@id":"https:\/\/www.webdo.tn\/fr\/#organization"},"image":{"@id":"https:\/\/www.webdo.tn\/fr\/actualite\/sport\/caf-les-dates-des-competitions-interclubs-pour-la-saison-2025-2026-officiellement-devoilees\/377901\/#primaryimage"},"thumbnailUrl":"https:\/\/www.webdo.tn\/fr\/wp-content\/uploads\/2025\/06\/trophee-caf-2025.jpg","keywords":["CAF","calendrier","comp\u00e9titions sportives","Conf\u00e9d\u00e9ration Africaine de Handball","football"],"articleSection":["Sport"],"inLanguage":"fr-FR"},{"@type":"WebPage","@id":"https:\/\/www.webdo.tn\/fr\/actualite\/sport\/caf-les-dates-des-competitions-interclubs-pour-la-saison-2025-2026-officiellement-devoilees\/377901\/","url":"https:\/\/www.webdo.tn\/fr\/actualite\/sport\/caf-les-dates-des-competitions-interclubs-pour-la-saison-2025-2026-officiellement-devoilees\/377901\/","name":"CAF : Les dates des comp\u00e9titions interclubs pour la saison 2025-2026 officiellement d\u00e9voil\u00e9es - webdo","isPartOf":{"@id":"https:\/\/www.webdo.tn\/fr\/#website"},"primaryImageOfPage":{"@id":"https:\/\/www.webdo.tn\/fr\/actualite\/sport\/caf-les-dates-des-competitions-interclubs-pour-la-saison-2025-2026-officiellement-devoilees\/377901\/#primaryimage"},"image":{"@id":"https:\/\/www.webdo.tn\/fr\/actualite\/sport\/caf-les-dates-des-competitions-interclubs-pour-la-saison-2025-2026-officiellement-devoilees\/377901\/#primaryimage"},"thumbnailUrl":"https:\/\/www.webdo.tn\/fr\/wp-content\/uploads\/2025\/06\/trophee-caf-2025.jpg","datePublished":"2025-06-19T09:59:24+00:00","dateModified":"2025-06-19T10:02:56+00:00","description":"D\u00e9couvrez le calendrier des comp\u00e9titions interclubs pour la saison 2025-2026, incluant la Ligue des champions et la Coupe de la Conf\u00e9d\u00e9ration.","breadcrumb":{"@id":"https:\/\/www.webdo.tn\/fr\/actualite\/sport\/caf-les-dates-des-competitions-interclubs-pour-la-saison-2025-2026-officiellement-devoilees\/377901\/#breadcrumb"},"inLanguage":"fr-FR","potentialAction":[{"@type":"ReadAction","target":["https:\/\/www.webdo.tn\/fr\/actualite\/sport\/caf-les-dates-des-competitions-interclubs-pour-la-saison-2025-2026-officiellement-devoilees\/377901\/"]}]},{"@type":"ImageObject","inLanguage":"fr-FR","@id":"https:\/\/www.webdo.tn\/fr\/actualite\/sport\/caf-les-dates-des-competitions-interclubs-pour-la-saison-2025-2026-officiellement-devoilees\/377901\/#primaryimage","url":"https:\/\/www.webdo.tn\/fr\/wp-content\/uploads\/2025\/06\/trophee-caf-2025.jpg","contentUrl":"https:\/\/www.webdo.tn\/fr\/wp-content\/uploads\/2025\/06\/trophee-caf-2025.jpg","width":818,"height":380},{"@type":"BreadcrumbList","@id":"https:\/\/www.webdo.tn\/fr\/actualite\/sport\/caf-les-dates-des-competitions-interclubs-pour-la-saison-2025-2026-officiellement-devoilees\/377901\/#breadcrumb","itemListElement":[{"@type":"ListItem","position":1,"name":"Accueil","item":"https:\/\/www.webdo.tn\/fr\/"},{"@type":"ListItem","position":2,"name":"CAF : Les dates des comp\u00e9titions interclubs pour la saison 2025-2026 officiellement d\u00e9voil\u00e9es"}]},{"@type":"WebSite","@id":"https:\/\/www.webdo.tn\/fr\/#website","url":"https:\/\/www.webdo.tn\/fr\/","name":"webdo","description":"Tunisie - News en Tunisie et \u00e0 l&#039;international sur Webdo.tn","publisher":{"@id":"https:\/\/www.webdo.tn\/fr\/#organization"},"potentialAction":[{"@type":"SearchAction","target":{"@type":"EntryPoint","urlTemplate":"https:\/\/www.webdo.tn\/fr\/?s={search_term_string}"},"query-input":{"@type":"PropertyValueSpecification","valueRequired":true,"valueName":"search_term_string"}}],"inLanguage":"fr-FR"},{"@type":"Organization","@id":"https:\/\/www.webdo.tn\/fr\/#organization","name":"Webdo","alternateName":"Webdo.tn","url":"https:\/\/www.webdo.tn\/fr\/","logo":{"@type":"ImageObject","inLanguage":"fr-FR","@id":"https:\/\/www.webdo.tn\/fr\/#\/schema\/logo\/image\/","url":"https:\/\/www.webdo.tn\/fr\/wp-content\/uploads\/2025\/06\/Webdo-Tunisie_168377.jpg","contentUrl":"https:\/\/www.webdo.tn\/fr\/wp-content\/uploads\/2025\/06\/Webdo-Tunisie_168377.jpg","width":301,"height":301,"caption":"Webdo"},"image":{"@id":"https:\/\/www.webdo.tn\/fr\/#\/schema\/logo\/image\/"},"sameAs":["https:\/\/www.facebook.com\/webdotn","https:\/\/x.com\/webdo_tn"],"description":"Webdo est un m\u00e9dia num\u00e9rique tunisien fond\u00e9 en 2010, sp\u00e9cialis\u00e9 dans l\u2019actualit\u00e9 nationale et internationale, l\u2019\u00e9conomie, la soci\u00e9t\u00e9 et les analyses politiques. Le site s\u2019adresse \u00e0 un large public francophone et couvre l\u2019information tunisienne en temps r\u00e9el.","email":"redac@webdo.tn","legalName":"YNJ SARL","foundingDate":"2010-09-06","numberOfEmployees":{"@type":"QuantitativeValue","minValue":"11","maxValue":"50"}},{"@type":"Person","@id":"https:\/\/www.webdo.tn\/fr\/#\/schema\/person\/c652cd8fc2b1b44412b5ffb48c5a911d","name":"Mohamed Hedi Touati","image":{"@type":"ImageObject","inLanguage":"fr-FR","@id":"https:\/\/secure.gravatar.com\/avatar\/9cfd402c745b7a685f13eed0ea6e59d2144a3c2fc50a3db6fd5ed451f6cddf1a?s=96&d=mm&r=g","url":"https:\/\/secure.gravatar.com\/avatar\/9cfd402c745b7a685f13eed0ea6e59d2144a3c2fc50a3db6fd5ed451f6cddf1a?s=96&d=mm&r=g","contentUrl":"https:\/\/secure.gravatar.com\/avatar\/9cfd402c745b7a685f13eed0ea6e59d2144a3c2fc50a3db6fd5ed451f6cddf1a?s=96&d=mm&r=g","caption":"Mohamed Hedi Touati"},"url":"https:\/\/www.webdo.tn\/fr\/actualite\/author\/mohamed-hedi-touati\/"}]}},"_links":{"self":[{"href":"https:\/\/www.webdo.tn\/fr\/wp-json\/wp\/v2\/posts\/377901","targetHints":{"allow":["GET"]}}],"collection":[{"href":"https:\/\/www.webdo.tn\/fr\/wp-json\/wp\/v2\/posts"}],"about":[{"href":"https:\/\/www.webdo.tn\/fr\/wp-json\/wp\/v2\/types\/post"}],"author":[{"embeddable":true,"href":"https:\/\/www.webdo.tn\/fr\/wp-json\/wp\/v2\/users\/3191"}],"replies":[{"embeddable":true,"href":"https:\/\/www.webdo.tn\/fr\/wp-json\/wp\/v2\/comments?post=377901"}],"version-history":[{"count":0,"href":"https:\/\/www.webdo.tn\/fr\/wp-json\/wp\/v2\/posts\/377901\/revisions"}],"wp:featuredmedia":[{"embeddable":true,"href":"https:\/\/www.webdo.tn\/fr\/wp-json\/wp\/v2\/media\/377902"}],"wp:attachment":[{"href":"https:\/\/www.webdo.tn\/fr\/wp-json\/wp\/v2\/media?parent=377901"}],"wp:term":[{"taxonomy":"category","embeddable":true,"href":"https:\/\/www.webdo.tn\/fr\/wp-json\/wp\/v2\/categories?post=377901"},{"taxonomy":"post_tag","embeddable":true,"href":"https:\/\/www.webdo.tn\/fr\/wp-json\/wp\/v2\/tags?post=377901"}],"curies":[{"name":"wp","href":"https:\/\/api.w.org\/{rel}","templated":true}]}}