{"id":377891,"date":"2025-06-19T12:09:19","date_gmt":"2025-06-19T11:09:19","guid":{"rendered":"https:\/\/www.webdo.tn\/fr\/?p=377891"},"modified":"2025-10-27T13:16:55","modified_gmt":"2025-10-27T12:16:55","slug":"en-temps-de-guerre-cnn-prefere-voler-nos-salades","status":"publish","type":"post","link":"https:\/\/www.webdo.tn\/fr\/actualite\/national\/en-temps-de-guerre-cnn-prefere-voler-nos-salades\/377891\/","title":{"rendered":"En temps de guerre, CNN pr\u00e9f\u00e8re voler nos salades !"},"content":{"rendered":"\n<p>Missiles au-dessus de T\u00e9h\u00e9ran, silence \u00e0 Gaza, tension \u00e0 Washington\u2026 et tomates \u00e0 Tel Aviv. Ce 18 juin, pendant que les gros titres annoncent une possible intervention militaire am\u00e9ricaine apr\u00e8s les frappes isra\u00e9liennes sur l\u2019Iran, CNN publie, <a href=\"https:\/\/edition.cnn.com\/\">juste en dessous de sa rubrique \u201cBreaking News\u201d<\/a>, un article frais, croquant, et bien assaisonn\u00e9 : \u201c<a href=\"https:\/\/edition.cnn.com\/travel\/worlds-best-salads\">Les 24 meilleures salades du monde<\/a>\u201d.<\/p>\n\n\n\n<p>Et au c\u0153ur du top 5 de ce palmar\u00e8s plan\u00e9taire, entre une panzanella toscane et une salade tha\u00efe : la fameuse \u201csalade isra\u00e9lienne\u201d. Ou devrions-nous dire\u2026 notre salade tunisienne, version simplifi\u00e9e, sans thon ni \u0153uf.<\/p>\n\n\n\n<p><strong>Une salade rebaptis\u00e9e, une m\u00e9moire confisqu\u00e9e<br><\/strong>Tomates. Concombres. Persil. Jus de citron. Huile d\u2019olive. Sel. Rien de plus, rien de moins. Une recette plus vieille que les fronti\u00e8res, connue sous mille noms dans tout le monde arabe \u2014 salata baladi en \u00c9gypte, salade m\u00e9chouia en Tunisie, salade arabe en Palestine. Chez nous, on l\u2019appelle \u201cslata\u201d, tout simplement.<\/p>\n\n\n\n<p>Mais dans l\u2019univers de CNN, cette salade devient \u00ab\u00a0isra\u00e9lienne\u00a0\u00bb. Plus fort encore : Michael Solomonov, chef isra\u00e9lo-am\u00e9ricain cit\u00e9 dans l\u2019article, reconna\u00eet sans g\u00eane ses \u201corigines arabes\u201d. Et pourtant, CNN classe la salade sous la banni\u00e8re bleue et blanche. L\u2019aveu est l\u00e0. Le rebranding, aussi.<\/p>\n\n\n\n<p><strong>Mention sp\u00e9ciale \u00e0 tout le monde\u2026 sauf \u00e0 nous<br><\/strong>Dans ce classement, le Liban est cit\u00e9 pour son taboul\u00e9, l\u2019Iran pour sa salade Shirazi. Cette derni\u00e8re est m\u00eame compar\u00e9e \u00e0 la salade isra\u00e9lienne \u2014 ce qui revient \u00e0 dire que l\u2019original ressemble \u00e0 sa propre copie. On fr\u00f4le la caricature.<\/p>\n\n\n\n<p>Mais la Tunisie, elle, brille par son absence, malgr\u00e9 la richesse de ses salades : m\u00e9chouia, houria, slata tounsia\u2026 Rien, pas m\u00eame une note de bas de page. On est pourtant au c\u0153ur de cette tradition culinaire partag\u00e9e, o\u00f9 la tomate et le concombre se mangent crus, cuits, \u00e9cras\u00e9s, fum\u00e9s, marin\u00e9s. Mais visiblement, le go\u00fbt des origines s\u2019arr\u00eate l\u00e0 o\u00f9 commence la g\u00e9ographie du pouvoir.<\/p>\n\n\n\n<p><strong>Soft power dans l\u2019assiette : la guerre culturelle continue<br><\/strong>Ce n\u2019est pas une simple salade. C\u2019est une strat\u00e9gie. Celle de l\u2019effacement, du maquillage, du renommage. Falafel, houmous, keffieh \u2014 tous sont devenus \u201cproduits d\u2019exportation\u201d isra\u00e9liens aux yeux d\u2019un certain storytelling occidental.<\/p>\n\n\n\n<p><strong>Et maintenant, la salade.<br><\/strong>Publier cet article au moment m\u00eame o\u00f9 Isra\u00ebl bombarde l\u2019Iran et o\u00f9 les \u00c9tats-Unis menacent d\u2019entrer en guerre, ce n\u2019est pas un hasard. C\u2019est une forme de dissonance strat\u00e9gique. Tandis que les bombes tombent, les concombres racontent une autre histoire. Plus douce. Plus digeste.<\/p>\n\n\n\n<p><\/p>\n","protected":false},"excerpt":{"rendered":"<p>Missiles au-dessus de T\u00e9h\u00e9ran, silence \u00e0 Gaza, tension \u00e0 Washington\u2026 et tomates \u00e0 Tel Aviv. Ce 18 juin, pendant que les gros titres annoncent une possible intervention militaire am\u00e9ricaine apr\u00e8s les frappes isra\u00e9liennes sur l\u2019Iran, CNN publie, juste en dessous de sa rubrique \u201cBreaking News\u201d, un article frais, croquant, et bien assaisonn\u00e9 : \u201cLes 24 [&hellip;]<\/p>\n","protected":false},"author":3203,"featured_media":377900,"comment_status":"open","ping_status":"open","sticky":false,"template":"","format":"standard","meta":{"footnotes":""},"categories":[2839,44],"tags":[],"class_list":["post-377891","post","type-post","status-publish","format-standard","has-post-thumbnail","hentry","category-divers","category-national"],"yoast_head":"<!-- This site is optimized with the Yoast SEO Premium plugin v27.5 (Yoast SEO v27.5) - https:\/\/yoast.com\/product\/yoast-seo-premium-wordpress\/ -->\n<title>En temps de guerre, CNN pr\u00e9f\u00e8re voler nos salades ! - webdo<\/title>\n<link rel=\"canonical\" href=\"https:\/\/www.webdo.tn\/fr\/actualite\/national\/en-temps-de-guerre-cnn-prefere-voler-nos-salades\/377891\/\" \/>\n<meta property=\"og:locale\" content=\"fr_FR\" \/>\n<meta property=\"og:type\" content=\"article\" \/>\n<meta property=\"og:title\" content=\"En temps de guerre, CNN pr\u00e9f\u00e8re voler nos salades !\" \/>\n<meta property=\"og:description\" content=\"Missiles au-dessus de T\u00e9h\u00e9ran, silence \u00e0 Gaza, tension \u00e0 Washington\u2026 et tomates \u00e0 Tel Aviv. Ce 18 juin, pendant que les gros titres annoncent une possible intervention militaire am\u00e9ricaine apr\u00e8s les frappes isra\u00e9liennes sur l\u2019Iran, CNN publie, juste en dessous de sa rubrique \u201cBreaking News\u201d, un article frais, croquant, et bien assaisonn\u00e9 : \u201cLes 24 [&hellip;]\" \/>\n<meta property=\"og:url\" content=\"https:\/\/www.webdo.tn\/fr\/actualite\/national\/en-temps-de-guerre-cnn-prefere-voler-nos-salades\/377891\/\" \/>\n<meta property=\"og:site_name\" content=\"webdo\" \/>\n<meta property=\"article:publisher\" content=\"https:\/\/www.facebook.com\/webdotn\" \/>\n<meta property=\"article:published_time\" content=\"2025-06-19T11:09:19+00:00\" \/>\n<meta property=\"article:modified_time\" content=\"2025-10-27T12:16:55+00:00\" \/>\n<meta property=\"og:image\" content=\"https:\/\/www.webdo.tn\/fr\/wp-content\/uploads\/2025\/06\/salade-israeilienne.webp\" \/>\n\t<meta property=\"og:image:width\" content=\"1160\" \/>\n\t<meta property=\"og:image:height\" content=\"770\" \/>\n\t<meta property=\"og:image:type\" content=\"image\/webp\" \/>\n<meta name=\"author\" content=\"Ramzi Haddad\" \/>\n<meta name=\"twitter:card\" content=\"summary_large_image\" \/>\n<meta name=\"twitter:creator\" content=\"@webdo_tn\" \/>\n<meta name=\"twitter:site\" content=\"@webdo_tn\" \/>\n<meta name=\"twitter:label1\" content=\"\u00c9crit par\" \/>\n\t<meta name=\"twitter:data1\" content=\"Ramzi Haddad\" \/>\n\t<meta name=\"twitter:label2\" content=\"Dur\u00e9e de lecture estim\u00e9e\" \/>\n\t<meta name=\"twitter:data2\" content=\"3 minutes\" \/>\n<script type=\"application\/ld+json\" class=\"yoast-schema-graph\">{\"@context\":\"https:\\\/\\\/schema.org\",\"@graph\":[{\"@type\":\"NewsArticle\",\"@id\":\"https:\\\/\\\/www.webdo.tn\\\/fr\\\/actualite\\\/national\\\/en-temps-de-guerre-cnn-prefere-voler-nos-salades\\\/377891\\\/#article\",\"isPartOf\":{\"@id\":\"https:\\\/\\\/www.webdo.tn\\\/fr\\\/actualite\\\/national\\\/en-temps-de-guerre-cnn-prefere-voler-nos-salades\\\/377891\\\/\"},\"author\":{\"name\":\"Ramzi Haddad\",\"@id\":\"https:\\\/\\\/www.webdo.tn\\\/fr\\\/#\\\/schema\\\/person\\\/5663044c25eb36d8f88ba5b653f12f8c\"},\"headline\":\"En temps de guerre, CNN pr\u00e9f\u00e8re voler nos salades !\",\"datePublished\":\"2025-06-19T11:09:19+00:00\",\"dateModified\":\"2025-10-27T12:16:55+00:00\",\"mainEntityOfPage\":{\"@id\":\"https:\\\/\\\/www.webdo.tn\\\/fr\\\/actualite\\\/national\\\/en-temps-de-guerre-cnn-prefere-voler-nos-salades\\\/377891\\\/\"},\"wordCount\":453,\"commentCount\":0,\"publisher\":{\"@id\":\"https:\\\/\\\/www.webdo.tn\\\/fr\\\/#organization\"},\"image\":{\"@id\":\"https:\\\/\\\/www.webdo.tn\\\/fr\\\/actualite\\\/national\\\/en-temps-de-guerre-cnn-prefere-voler-nos-salades\\\/377891\\\/#primaryimage\"},\"thumbnailUrl\":\"https:\\\/\\\/www.webdo.tn\\\/fr\\\/wp-content\\\/uploads\\\/2025\\\/06\\\/salade-israeilienne.webp\",\"articleSection\":[\"Divers\",\"National\"],\"inLanguage\":\"fr-FR\"},{\"@type\":\"WebPage\",\"@id\":\"https:\\\/\\\/www.webdo.tn\\\/fr\\\/actualite\\\/national\\\/en-temps-de-guerre-cnn-prefere-voler-nos-salades\\\/377891\\\/\",\"url\":\"https:\\\/\\\/www.webdo.tn\\\/fr\\\/actualite\\\/national\\\/en-temps-de-guerre-cnn-prefere-voler-nos-salades\\\/377891\\\/\",\"name\":\"En temps de guerre, CNN pr\u00e9f\u00e8re voler nos salades ! - webdo\",\"isPartOf\":{\"@id\":\"https:\\\/\\\/www.webdo.tn\\\/fr\\\/#website\"},\"primaryImageOfPage\":{\"@id\":\"https:\\\/\\\/www.webdo.tn\\\/fr\\\/actualite\\\/national\\\/en-temps-de-guerre-cnn-prefere-voler-nos-salades\\\/377891\\\/#primaryimage\"},\"image\":{\"@id\":\"https:\\\/\\\/www.webdo.tn\\\/fr\\\/actualite\\\/national\\\/en-temps-de-guerre-cnn-prefere-voler-nos-salades\\\/377891\\\/#primaryimage\"},\"thumbnailUrl\":\"https:\\\/\\\/www.webdo.tn\\\/fr\\\/wp-content\\\/uploads\\\/2025\\\/06\\\/salade-israeilienne.webp\",\"datePublished\":\"2025-06-19T11:09:19+00:00\",\"dateModified\":\"2025-10-27T12:16:55+00:00\",\"breadcrumb\":{\"@id\":\"https:\\\/\\\/www.webdo.tn\\\/fr\\\/actualite\\\/national\\\/en-temps-de-guerre-cnn-prefere-voler-nos-salades\\\/377891\\\/#breadcrumb\"},\"inLanguage\":\"fr-FR\",\"potentialAction\":[{\"@type\":\"ReadAction\",\"target\":[\"https:\\\/\\\/www.webdo.tn\\\/fr\\\/actualite\\\/national\\\/en-temps-de-guerre-cnn-prefere-voler-nos-salades\\\/377891\\\/\"]}]},{\"@type\":\"ImageObject\",\"inLanguage\":\"fr-FR\",\"@id\":\"https:\\\/\\\/www.webdo.tn\\\/fr\\\/actualite\\\/national\\\/en-temps-de-guerre-cnn-prefere-voler-nos-salades\\\/377891\\\/#primaryimage\",\"url\":\"https:\\\/\\\/www.webdo.tn\\\/fr\\\/wp-content\\\/uploads\\\/2025\\\/06\\\/salade-israeilienne.webp\",\"contentUrl\":\"https:\\\/\\\/www.webdo.tn\\\/fr\\\/wp-content\\\/uploads\\\/2025\\\/06\\\/salade-israeilienne.webp\",\"width\":1160,\"height\":770,\"caption\":\"Cette \u00ab salade isra\u00e9lienne \u00bb \u00e0 base de tomates et concombres ressemble \u00e9trangement \u00e0 notre slata tunisienne\u2026 Photo: CNN\"},{\"@type\":\"BreadcrumbList\",\"@id\":\"https:\\\/\\\/www.webdo.tn\\\/fr\\\/actualite\\\/national\\\/en-temps-de-guerre-cnn-prefere-voler-nos-salades\\\/377891\\\/#breadcrumb\",\"itemListElement\":[{\"@type\":\"ListItem\",\"position\":1,\"name\":\"Accueil\",\"item\":\"https:\\\/\\\/www.webdo.tn\\\/fr\\\/\"},{\"@type\":\"ListItem\",\"position\":2,\"name\":\"En temps de guerre, CNN pr\u00e9f\u00e8re voler nos salades !\"}]},{\"@type\":\"WebSite\",\"@id\":\"https:\\\/\\\/www.webdo.tn\\\/fr\\\/#website\",\"url\":\"https:\\\/\\\/www.webdo.tn\\\/fr\\\/\",\"name\":\"webdo\",\"description\":\"Tunisie - News en Tunisie et \u00e0 l&#039;international sur Webdo.tn\",\"publisher\":{\"@id\":\"https:\\\/\\\/www.webdo.tn\\\/fr\\\/#organization\"},\"potentialAction\":[{\"@type\":\"SearchAction\",\"target\":{\"@type\":\"EntryPoint\",\"urlTemplate\":\"https:\\\/\\\/www.webdo.tn\\\/fr\\\/?s={search_term_string}\"},\"query-input\":{\"@type\":\"PropertyValueSpecification\",\"valueRequired\":true,\"valueName\":\"search_term_string\"}}],\"inLanguage\":\"fr-FR\"},{\"@type\":\"Organization\",\"@id\":\"https:\\\/\\\/www.webdo.tn\\\/fr\\\/#organization\",\"name\":\"Webdo\",\"alternateName\":\"Webdo.tn\",\"url\":\"https:\\\/\\\/www.webdo.tn\\\/fr\\\/\",\"logo\":{\"@type\":\"ImageObject\",\"inLanguage\":\"fr-FR\",\"@id\":\"https:\\\/\\\/www.webdo.tn\\\/fr\\\/#\\\/schema\\\/logo\\\/image\\\/\",\"url\":\"https:\\\/\\\/www.webdo.tn\\\/fr\\\/wp-content\\\/uploads\\\/2025\\\/06\\\/Webdo-Tunisie_168377.jpg\",\"contentUrl\":\"https:\\\/\\\/www.webdo.tn\\\/fr\\\/wp-content\\\/uploads\\\/2025\\\/06\\\/Webdo-Tunisie_168377.jpg\",\"width\":301,\"height\":301,\"caption\":\"Webdo\"},\"image\":{\"@id\":\"https:\\\/\\\/www.webdo.tn\\\/fr\\\/#\\\/schema\\\/logo\\\/image\\\/\"},\"sameAs\":[\"https:\\\/\\\/www.facebook.com\\\/webdotn\",\"https:\\\/\\\/x.com\\\/webdo_tn\"],\"description\":\"Webdo est un m\u00e9dia num\u00e9rique tunisien fond\u00e9 en 2010, sp\u00e9cialis\u00e9 dans l\u2019actualit\u00e9 nationale et internationale, l\u2019\u00e9conomie, la soci\u00e9t\u00e9 et les analyses politiques. Le site s\u2019adresse \u00e0 un large public francophone et couvre l\u2019information tunisienne en temps r\u00e9el.\",\"email\":\"redac@webdo.tn\",\"legalName\":\"YNJ SARL\",\"foundingDate\":\"2010-09-06\",\"numberOfEmployees\":{\"@type\":\"QuantitativeValue\",\"minValue\":\"11\",\"maxValue\":\"50\"}},{\"@type\":\"Person\",\"@id\":\"https:\\\/\\\/www.webdo.tn\\\/fr\\\/#\\\/schema\\\/person\\\/5663044c25eb36d8f88ba5b653f12f8c\",\"name\":\"Ramzi Haddad\",\"image\":{\"@type\":\"ImageObject\",\"inLanguage\":\"fr-FR\",\"@id\":\"https:\\\/\\\/www.webdo.tn\\\/fr\\\/wp-content\\\/uploads\\\/2026\\\/04\\\/ramzi-haddad_avatar-96x96.jpg\",\"url\":\"https:\\\/\\\/www.webdo.tn\\\/fr\\\/wp-content\\\/uploads\\\/2026\\\/04\\\/ramzi-haddad_avatar-96x96.jpg\",\"contentUrl\":\"https:\\\/\\\/www.webdo.tn\\\/fr\\\/wp-content\\\/uploads\\\/2026\\\/04\\\/ramzi-haddad_avatar-96x96.jpg\",\"caption\":\"Ramzi Haddad\"},\"description\":\"Signature \u00e9ditoriale de Walid Ben Youssef Ramzi Haddad est le pseudonyme \u00e9ditorial de Walid Ben Youssef, fondateur et g\u00e9rant de Webdo.tn. Cette signature est d\u00e9di\u00e9e \u00e0 la couverture de l'actualit\u00e9 nationale et internationale, ainsi qu'aux analyses des dynamiques num\u00e9riques. Ce profil b\u00e9n\u00e9ficie de l'expertise de Walid Ben Youssef, pionnier du web en Tunisie depuis 2000 et dipl\u00f4m\u00e9 en Math\u00e9matiques pures de l'Universit\u00e9 d'Oregon. \u00c0 travers cette signature, la r\u00e9daction de Webdo garantit une information structur\u00e9e et v\u00e9rifi\u00e9e, fid\u00e8le aux standards journalistiques du m\u00e9dia.\",\"url\":\"https:\\\/\\\/www.webdo.tn\\\/fr\\\/actualite\\\/author\\\/ramzi-haddad\\\/\"}]}<\/script>\n<!-- \/ Yoast SEO Premium plugin. -->","yoast_head_json":{"title":"En temps de guerre, CNN pr\u00e9f\u00e8re voler nos salades ! - webdo","canonical":"https:\/\/www.webdo.tn\/fr\/actualite\/national\/en-temps-de-guerre-cnn-prefere-voler-nos-salades\/377891\/","og_locale":"fr_FR","og_type":"article","og_title":"En temps de guerre, CNN pr\u00e9f\u00e8re voler nos salades !","og_description":"Missiles au-dessus de T\u00e9h\u00e9ran, silence \u00e0 Gaza, tension \u00e0 Washington\u2026 et tomates \u00e0 Tel Aviv. Ce 18 juin, pendant que les gros titres annoncent une possible intervention militaire am\u00e9ricaine apr\u00e8s les frappes isra\u00e9liennes sur l\u2019Iran, CNN publie, juste en dessous de sa rubrique \u201cBreaking News\u201d, un article frais, croquant, et bien assaisonn\u00e9 : \u201cLes 24 [&hellip;]","og_url":"https:\/\/www.webdo.tn\/fr\/actualite\/national\/en-temps-de-guerre-cnn-prefere-voler-nos-salades\/377891\/","og_site_name":"webdo","article_publisher":"https:\/\/www.facebook.com\/webdotn","article_published_time":"2025-06-19T11:09:19+00:00","article_modified_time":"2025-10-27T12:16:55+00:00","og_image":[{"width":1160,"height":770,"url":"https:\/\/www.webdo.tn\/fr\/wp-content\/uploads\/2025\/06\/salade-israeilienne.webp","type":"image\/webp"}],"author":"Ramzi Haddad","twitter_card":"summary_large_image","twitter_creator":"@webdo_tn","twitter_site":"@webdo_tn","twitter_misc":{"\u00c9crit par":"Ramzi Haddad","Dur\u00e9e de lecture estim\u00e9e":"3 minutes"},"schema":{"@context":"https:\/\/schema.org","@graph":[{"@type":"NewsArticle","@id":"https:\/\/www.webdo.tn\/fr\/actualite\/national\/en-temps-de-guerre-cnn-prefere-voler-nos-salades\/377891\/#article","isPartOf":{"@id":"https:\/\/www.webdo.tn\/fr\/actualite\/national\/en-temps-de-guerre-cnn-prefere-voler-nos-salades\/377891\/"},"author":{"name":"Ramzi Haddad","@id":"https:\/\/www.webdo.tn\/fr\/#\/schema\/person\/5663044c25eb36d8f88ba5b653f12f8c"},"headline":"En temps de guerre, CNN pr\u00e9f\u00e8re voler nos salades !","datePublished":"2025-06-19T11:09:19+00:00","dateModified":"2025-10-27T12:16:55+00:00","mainEntityOfPage":{"@id":"https:\/\/www.webdo.tn\/fr\/actualite\/national\/en-temps-de-guerre-cnn-prefere-voler-nos-salades\/377891\/"},"wordCount":453,"commentCount":0,"publisher":{"@id":"https:\/\/www.webdo.tn\/fr\/#organization"},"image":{"@id":"https:\/\/www.webdo.tn\/fr\/actualite\/national\/en-temps-de-guerre-cnn-prefere-voler-nos-salades\/377891\/#primaryimage"},"thumbnailUrl":"https:\/\/www.webdo.tn\/fr\/wp-content\/uploads\/2025\/06\/salade-israeilienne.webp","articleSection":["Divers","National"],"inLanguage":"fr-FR"},{"@type":"WebPage","@id":"https:\/\/www.webdo.tn\/fr\/actualite\/national\/en-temps-de-guerre-cnn-prefere-voler-nos-salades\/377891\/","url":"https:\/\/www.webdo.tn\/fr\/actualite\/national\/en-temps-de-guerre-cnn-prefere-voler-nos-salades\/377891\/","name":"En temps de guerre, CNN pr\u00e9f\u00e8re voler nos salades ! - webdo","isPartOf":{"@id":"https:\/\/www.webdo.tn\/fr\/#website"},"primaryImageOfPage":{"@id":"https:\/\/www.webdo.tn\/fr\/actualite\/national\/en-temps-de-guerre-cnn-prefere-voler-nos-salades\/377891\/#primaryimage"},"image":{"@id":"https:\/\/www.webdo.tn\/fr\/actualite\/national\/en-temps-de-guerre-cnn-prefere-voler-nos-salades\/377891\/#primaryimage"},"thumbnailUrl":"https:\/\/www.webdo.tn\/fr\/wp-content\/uploads\/2025\/06\/salade-israeilienne.webp","datePublished":"2025-06-19T11:09:19+00:00","dateModified":"2025-10-27T12:16:55+00:00","breadcrumb":{"@id":"https:\/\/www.webdo.tn\/fr\/actualite\/national\/en-temps-de-guerre-cnn-prefere-voler-nos-salades\/377891\/#breadcrumb"},"inLanguage":"fr-FR","potentialAction":[{"@type":"ReadAction","target":["https:\/\/www.webdo.tn\/fr\/actualite\/national\/en-temps-de-guerre-cnn-prefere-voler-nos-salades\/377891\/"]}]},{"@type":"ImageObject","inLanguage":"fr-FR","@id":"https:\/\/www.webdo.tn\/fr\/actualite\/national\/en-temps-de-guerre-cnn-prefere-voler-nos-salades\/377891\/#primaryimage","url":"https:\/\/www.webdo.tn\/fr\/wp-content\/uploads\/2025\/06\/salade-israeilienne.webp","contentUrl":"https:\/\/www.webdo.tn\/fr\/wp-content\/uploads\/2025\/06\/salade-israeilienne.webp","width":1160,"height":770,"caption":"Cette \u00ab salade isra\u00e9lienne \u00bb \u00e0 base de tomates et concombres ressemble \u00e9trangement \u00e0 notre slata tunisienne\u2026 Photo: CNN"},{"@type":"BreadcrumbList","@id":"https:\/\/www.webdo.tn\/fr\/actualite\/national\/en-temps-de-guerre-cnn-prefere-voler-nos-salades\/377891\/#breadcrumb","itemListElement":[{"@type":"ListItem","position":1,"name":"Accueil","item":"https:\/\/www.webdo.tn\/fr\/"},{"@type":"ListItem","position":2,"name":"En temps de guerre, CNN pr\u00e9f\u00e8re voler nos salades !"}]},{"@type":"WebSite","@id":"https:\/\/www.webdo.tn\/fr\/#website","url":"https:\/\/www.webdo.tn\/fr\/","name":"webdo","description":"Tunisie - News en Tunisie et \u00e0 l&#039;international sur Webdo.tn","publisher":{"@id":"https:\/\/www.webdo.tn\/fr\/#organization"},"potentialAction":[{"@type":"SearchAction","target":{"@type":"EntryPoint","urlTemplate":"https:\/\/www.webdo.tn\/fr\/?s={search_term_string}"},"query-input":{"@type":"PropertyValueSpecification","valueRequired":true,"valueName":"search_term_string"}}],"inLanguage":"fr-FR"},{"@type":"Organization","@id":"https:\/\/www.webdo.tn\/fr\/#organization","name":"Webdo","alternateName":"Webdo.tn","url":"https:\/\/www.webdo.tn\/fr\/","logo":{"@type":"ImageObject","inLanguage":"fr-FR","@id":"https:\/\/www.webdo.tn\/fr\/#\/schema\/logo\/image\/","url":"https:\/\/www.webdo.tn\/fr\/wp-content\/uploads\/2025\/06\/Webdo-Tunisie_168377.jpg","contentUrl":"https:\/\/www.webdo.tn\/fr\/wp-content\/uploads\/2025\/06\/Webdo-Tunisie_168377.jpg","width":301,"height":301,"caption":"Webdo"},"image":{"@id":"https:\/\/www.webdo.tn\/fr\/#\/schema\/logo\/image\/"},"sameAs":["https:\/\/www.facebook.com\/webdotn","https:\/\/x.com\/webdo_tn"],"description":"Webdo est un m\u00e9dia num\u00e9rique tunisien fond\u00e9 en 2010, sp\u00e9cialis\u00e9 dans l\u2019actualit\u00e9 nationale et internationale, l\u2019\u00e9conomie, la soci\u00e9t\u00e9 et les analyses politiques. Le site s\u2019adresse \u00e0 un large public francophone et couvre l\u2019information tunisienne en temps r\u00e9el.","email":"redac@webdo.tn","legalName":"YNJ SARL","foundingDate":"2010-09-06","numberOfEmployees":{"@type":"QuantitativeValue","minValue":"11","maxValue":"50"}},{"@type":"Person","@id":"https:\/\/www.webdo.tn\/fr\/#\/schema\/person\/5663044c25eb36d8f88ba5b653f12f8c","name":"Ramzi Haddad","image":{"@type":"ImageObject","inLanguage":"fr-FR","@id":"https:\/\/www.webdo.tn\/fr\/wp-content\/uploads\/2026\/04\/ramzi-haddad_avatar-96x96.jpg","url":"https:\/\/www.webdo.tn\/fr\/wp-content\/uploads\/2026\/04\/ramzi-haddad_avatar-96x96.jpg","contentUrl":"https:\/\/www.webdo.tn\/fr\/wp-content\/uploads\/2026\/04\/ramzi-haddad_avatar-96x96.jpg","caption":"Ramzi Haddad"},"description":"Signature \u00e9ditoriale de Walid Ben Youssef Ramzi Haddad est le pseudonyme \u00e9ditorial de Walid Ben Youssef, fondateur et g\u00e9rant de Webdo.tn. Cette signature est d\u00e9di\u00e9e \u00e0 la couverture de l'actualit\u00e9 nationale et internationale, ainsi qu'aux analyses des dynamiques num\u00e9riques. Ce profil b\u00e9n\u00e9ficie de l'expertise de Walid Ben Youssef, pionnier du web en Tunisie depuis 2000 et dipl\u00f4m\u00e9 en Math\u00e9matiques pures de l'Universit\u00e9 d'Oregon. \u00c0 travers cette signature, la r\u00e9daction de Webdo garantit une information structur\u00e9e et v\u00e9rifi\u00e9e, fid\u00e8le aux standards journalistiques du m\u00e9dia.","url":"https:\/\/www.webdo.tn\/fr\/actualite\/author\/ramzi-haddad\/"}]}},"_links":{"self":[{"href":"https:\/\/www.webdo.tn\/fr\/wp-json\/wp\/v2\/posts\/377891","targetHints":{"allow":["GET"]}}],"collection":[{"href":"https:\/\/www.webdo.tn\/fr\/wp-json\/wp\/v2\/posts"}],"about":[{"href":"https:\/\/www.webdo.tn\/fr\/wp-json\/wp\/v2\/types\/post"}],"author":[{"embeddable":true,"href":"https:\/\/www.webdo.tn\/fr\/wp-json\/wp\/v2\/users\/3203"}],"replies":[{"embeddable":true,"href":"https:\/\/www.webdo.tn\/fr\/wp-json\/wp\/v2\/comments?post=377891"}],"version-history":[{"count":0,"href":"https:\/\/www.webdo.tn\/fr\/wp-json\/wp\/v2\/posts\/377891\/revisions"}],"wp:featuredmedia":[{"embeddable":true,"href":"https:\/\/www.webdo.tn\/fr\/wp-json\/wp\/v2\/media\/377900"}],"wp:attachment":[{"href":"https:\/\/www.webdo.tn\/fr\/wp-json\/wp\/v2\/media?parent=377891"}],"wp:term":[{"taxonomy":"category","embeddable":true,"href":"https:\/\/www.webdo.tn\/fr\/wp-json\/wp\/v2\/categories?post=377891"},{"taxonomy":"post_tag","embeddable":true,"href":"https:\/\/www.webdo.tn\/fr\/wp-json\/wp\/v2\/tags?post=377891"}],"curies":[{"name":"wp","href":"https:\/\/api.w.org\/{rel}","templated":true}]}}