{"id":377888,"date":"2025-06-19T10:28:47","date_gmt":"2025-06-19T09:28:47","guid":{"rendered":"https:\/\/www.webdo.tn\/fr\/?p=377888"},"modified":"2025-06-19T10:28:49","modified_gmt":"2025-06-19T09:28:49","slug":"tunisie-debut-des-examens-de-la-neuvieme-pour-33-489-eleves","status":"publish","type":"post","link":"https:\/\/www.webdo.tn\/fr\/actualite\/national\/tunisie-debut-des-examens-de-la-neuvieme-pour-33-489-eleves\/377888\/","title":{"rendered":"Tunisie : D\u00e9but des examens de la \u00ab\u00a0neuvi\u00e8me\u00a0\u00bb pour 33.489 \u00e9l\u00e8ves"},"content":{"rendered":"\n<p>Ce jeudi 19 juin 2025 marque le coup d\u2019envoi de l\u2019examen national de fin d\u2019\u00e9tudes de l\u2019enseignement de base, commun\u00e9ment appel\u00e9 \u00ab la neuvi\u00e8me \u00bb, dans les diff\u00e9rents gouvernorats de Tunisie.<\/p>\n\n\n\n<p>Selon les donn\u00e9es communiqu\u00e9es pr\u00e9c\u00e9demment par le minist\u00e8re de l\u2019\u00c9ducation, 33.489 \u00e9l\u00e8ves sont appel\u00e9s \u00e0 passer ces \u00e9preuves, qui se d\u00e9rouleront sur trois jours, du 19 au 21 juin. Parmi eux, 33.180 sont issus de la neuvi\u00e8me ann\u00e9e de l\u2019enseignement de base g\u00e9n\u00e9ral, tandis que 309 \u00e9l\u00e8ves rel\u00e8vent de la fili\u00e8re technique.<\/p>\n\n\n\n<p>Au-del\u00e0 de la validation du parcours scolaire, cet examen rev\u00eat une importance particuli\u00e8re pour les \u00e9l\u00e8ves souhaitant int\u00e9grer un lyc\u00e9e pilote. Ils seront en lice pour l\u2019une des 3750 places disponibles dans ces \u00e9tablissements d\u2019\u00e9lite \u00e0 travers le pays, selon une d\u00e9cision minist\u00e9rielle dat\u00e9e du 12 mai 2025 fixant les capacit\u00e9s d\u2019accueil pour la rentr\u00e9e 2025-2026.<\/p>\n\n\n\n<p>Le minist\u00e8re de l\u2019\u00c9ducation a assur\u00e9 que toutes les conditions logistiques, s\u00e9curitaires et organisationnelles sont r\u00e9unies afin de garantir le bon d\u00e9roulement des \u00e9preuves dans un climat \u00e9quitable et serein. Des centaines d\u2019enseignants seront mobilis\u00e9s pour la correction, et les r\u00e9sultats sont attendus pour le mardi 7 juillet 2025.<\/p>\n\n\n\n<p>Pour m\u00e9moire, en 2024, 32.911 candidats avaient pass\u00e9 cet examen national, avec un nombre de places dans les lyc\u00e9es pilotes \u00e9quivalent \u00e0 celui de cette ann\u00e9e.<\/p>\n","protected":false},"excerpt":{"rendered":"<p>Ce jeudi 19 juin 2025 marque le coup d\u2019envoi de l\u2019examen national de fin d\u2019\u00e9tudes de l\u2019enseignement de base, commun\u00e9ment appel\u00e9 \u00ab la neuvi\u00e8me \u00bb, dans les diff\u00e9rents gouvernorats de Tunisie. Selon les donn\u00e9es communiqu\u00e9es pr\u00e9c\u00e9demment par le minist\u00e8re de l\u2019\u00c9ducation, 33.489 \u00e9l\u00e8ves sont appel\u00e9s \u00e0 passer ces \u00e9preuves, qui se d\u00e9rouleront sur trois jours, [&hellip;]<\/p>\n","protected":false},"author":3191,"featured_media":377889,"comment_status":"open","ping_status":"open","sticky":false,"template":"","format":"standard","meta":{"footnotes":""},"categories":[44],"tags":[11969,9524,6182,2608],"class_list":["post-377888","post","type-post","status-publish","format-standard","has-post-thumbnail","hentry","category-national","tag-concours-9e","tag-lycee-pilote","tag-neuvieme","tag-tunisie"],"yoast_head":"<!-- This site is optimized with the Yoast SEO Premium plugin v27.4 (Yoast SEO v27.5) - https:\/\/yoast.com\/product\/yoast-seo-premium-wordpress\/ -->\n<title>Tunisie : D\u00e9but des examens de la &quot;neuvi\u00e8me&quot; pour 33.489 \u00e9l\u00e8ves - webdo<\/title>\n<meta name=\"description\" content=\"La neuvi\u00e8me commence le 19 juin 2025, un moment crucial pour 33.489 \u00e9l\u00e8ves en qu\u00eate de r\u00e9ussite scolaire.\" \/>\n<link rel=\"canonical\" href=\"https:\/\/www.webdo.tn\/fr\/actualite\/national\/tunisie-debut-des-examens-de-la-neuvieme-pour-33-489-eleves\/377888\/\" \/>\n<meta property=\"og:locale\" content=\"fr_FR\" \/>\n<meta property=\"og:type\" content=\"article\" \/>\n<meta property=\"og:title\" content=\"Tunisie : D\u00e9but des examens de la &quot;neuvi\u00e8me&quot; pour 33.489 \u00e9l\u00e8ves\" \/>\n<meta property=\"og:description\" content=\"La neuvi\u00e8me commence le 19 juin 2025, un moment crucial pour 33.489 \u00e9l\u00e8ves en qu\u00eate de r\u00e9ussite scolaire.\" \/>\n<meta property=\"og:url\" content=\"https:\/\/www.webdo.tn\/fr\/actualite\/national\/tunisie-debut-des-examens-de-la-neuvieme-pour-33-489-eleves\/377888\/\" \/>\n<meta property=\"og:site_name\" content=\"webdo\" \/>\n<meta property=\"article:publisher\" content=\"https:\/\/www.facebook.com\/webdotn\" \/>\n<meta property=\"article:published_time\" content=\"2025-06-19T09:28:47+00:00\" \/>\n<meta property=\"article:modified_time\" content=\"2025-06-19T09:28:49+00:00\" \/>\n<meta property=\"og:image\" content=\"https:\/\/www.webdo.tn\/fr\/wp-content\/uploads\/2025\/06\/concours-9e.jpg\" \/>\n\t<meta property=\"og:image:width\" content=\"710\" \/>\n\t<meta property=\"og:image:height\" content=\"447\" \/>\n\t<meta property=\"og:image:type\" content=\"image\/jpeg\" \/>\n<meta name=\"author\" content=\"Mohamed Hedi Touati\" \/>\n<meta name=\"twitter:card\" content=\"summary_large_image\" \/>\n<meta name=\"twitter:creator\" content=\"@webdo_tn\" \/>\n<meta name=\"twitter:site\" content=\"@webdo_tn\" \/>\n<meta name=\"twitter:label1\" content=\"\u00c9crit par\" \/>\n\t<meta name=\"twitter:data1\" content=\"Mohamed Hedi Touati\" \/>\n\t<meta name=\"twitter:label2\" content=\"Dur\u00e9e de lecture estim\u00e9e\" \/>\n\t<meta name=\"twitter:data2\" content=\"2 minutes\" \/>\n<script type=\"application\/ld+json\" class=\"yoast-schema-graph\">{\"@context\":\"https:\\\/\\\/schema.org\",\"@graph\":[{\"@type\":\"NewsArticle\",\"@id\":\"https:\\\/\\\/www.webdo.tn\\\/fr\\\/actualite\\\/national\\\/tunisie-debut-des-examens-de-la-neuvieme-pour-33-489-eleves\\\/377888\\\/#article\",\"isPartOf\":{\"@id\":\"https:\\\/\\\/www.webdo.tn\\\/fr\\\/actualite\\\/national\\\/tunisie-debut-des-examens-de-la-neuvieme-pour-33-489-eleves\\\/377888\\\/\"},\"author\":{\"name\":\"Mohamed Hedi Touati\",\"@id\":\"https:\\\/\\\/www.webdo.tn\\\/fr\\\/#\\\/schema\\\/person\\\/c652cd8fc2b1b44412b5ffb48c5a911d\"},\"headline\":\"Tunisie : D\u00e9but des examens de la \u00ab\u00a0neuvi\u00e8me\u00a0\u00bb pour 33.489 \u00e9l\u00e8ves\",\"datePublished\":\"2025-06-19T09:28:47+00:00\",\"dateModified\":\"2025-06-19T09:28:49+00:00\",\"mainEntityOfPage\":{\"@id\":\"https:\\\/\\\/www.webdo.tn\\\/fr\\\/actualite\\\/national\\\/tunisie-debut-des-examens-de-la-neuvieme-pour-33-489-eleves\\\/377888\\\/\"},\"wordCount\":255,\"commentCount\":0,\"publisher\":{\"@id\":\"https:\\\/\\\/www.webdo.tn\\\/fr\\\/#organization\"},\"image\":{\"@id\":\"https:\\\/\\\/www.webdo.tn\\\/fr\\\/actualite\\\/national\\\/tunisie-debut-des-examens-de-la-neuvieme-pour-33-489-eleves\\\/377888\\\/#primaryimage\"},\"thumbnailUrl\":\"https:\\\/\\\/www.webdo.tn\\\/fr\\\/wp-content\\\/uploads\\\/2025\\\/06\\\/concours-9e.jpg\",\"keywords\":[\"concours 9e\",\"Lyc\u00e9e pilote\",\"Neuvi\u00e8me\",\"Tunisie\"],\"articleSection\":[\"National\"],\"inLanguage\":\"fr-FR\"},{\"@type\":\"WebPage\",\"@id\":\"https:\\\/\\\/www.webdo.tn\\\/fr\\\/actualite\\\/national\\\/tunisie-debut-des-examens-de-la-neuvieme-pour-33-489-eleves\\\/377888\\\/\",\"url\":\"https:\\\/\\\/www.webdo.tn\\\/fr\\\/actualite\\\/national\\\/tunisie-debut-des-examens-de-la-neuvieme-pour-33-489-eleves\\\/377888\\\/\",\"name\":\"Tunisie : D\u00e9but des examens de la \\\"neuvi\u00e8me\\\" pour 33.489 \u00e9l\u00e8ves - webdo\",\"isPartOf\":{\"@id\":\"https:\\\/\\\/www.webdo.tn\\\/fr\\\/#website\"},\"primaryImageOfPage\":{\"@id\":\"https:\\\/\\\/www.webdo.tn\\\/fr\\\/actualite\\\/national\\\/tunisie-debut-des-examens-de-la-neuvieme-pour-33-489-eleves\\\/377888\\\/#primaryimage\"},\"image\":{\"@id\":\"https:\\\/\\\/www.webdo.tn\\\/fr\\\/actualite\\\/national\\\/tunisie-debut-des-examens-de-la-neuvieme-pour-33-489-eleves\\\/377888\\\/#primaryimage\"},\"thumbnailUrl\":\"https:\\\/\\\/www.webdo.tn\\\/fr\\\/wp-content\\\/uploads\\\/2025\\\/06\\\/concours-9e.jpg\",\"datePublished\":\"2025-06-19T09:28:47+00:00\",\"dateModified\":\"2025-06-19T09:28:49+00:00\",\"description\":\"La neuvi\u00e8me commence le 19 juin 2025, un moment crucial pour 33.489 \u00e9l\u00e8ves en qu\u00eate de r\u00e9ussite scolaire.\",\"breadcrumb\":{\"@id\":\"https:\\\/\\\/www.webdo.tn\\\/fr\\\/actualite\\\/national\\\/tunisie-debut-des-examens-de-la-neuvieme-pour-33-489-eleves\\\/377888\\\/#breadcrumb\"},\"inLanguage\":\"fr-FR\",\"potentialAction\":[{\"@type\":\"ReadAction\",\"target\":[\"https:\\\/\\\/www.webdo.tn\\\/fr\\\/actualite\\\/national\\\/tunisie-debut-des-examens-de-la-neuvieme-pour-33-489-eleves\\\/377888\\\/\"]}]},{\"@type\":\"ImageObject\",\"inLanguage\":\"fr-FR\",\"@id\":\"https:\\\/\\\/www.webdo.tn\\\/fr\\\/actualite\\\/national\\\/tunisie-debut-des-examens-de-la-neuvieme-pour-33-489-eleves\\\/377888\\\/#primaryimage\",\"url\":\"https:\\\/\\\/www.webdo.tn\\\/fr\\\/wp-content\\\/uploads\\\/2025\\\/06\\\/concours-9e.jpg\",\"contentUrl\":\"https:\\\/\\\/www.webdo.tn\\\/fr\\\/wp-content\\\/uploads\\\/2025\\\/06\\\/concours-9e.jpg\",\"width\":710,\"height\":447},{\"@type\":\"BreadcrumbList\",\"@id\":\"https:\\\/\\\/www.webdo.tn\\\/fr\\\/actualite\\\/national\\\/tunisie-debut-des-examens-de-la-neuvieme-pour-33-489-eleves\\\/377888\\\/#breadcrumb\",\"itemListElement\":[{\"@type\":\"ListItem\",\"position\":1,\"name\":\"Accueil\",\"item\":\"https:\\\/\\\/www.webdo.tn\\\/fr\\\/\"},{\"@type\":\"ListItem\",\"position\":2,\"name\":\"Tunisie : D\u00e9but des examens de la \u00ab\u00a0neuvi\u00e8me\u00a0\u00bb pour 33.489 \u00e9l\u00e8ves\"}]},{\"@type\":\"WebSite\",\"@id\":\"https:\\\/\\\/www.webdo.tn\\\/fr\\\/#website\",\"url\":\"https:\\\/\\\/www.webdo.tn\\\/fr\\\/\",\"name\":\"webdo\",\"description\":\"Tunisie - News en Tunisie et \u00e0 l&#039;international sur Webdo.tn\",\"publisher\":{\"@id\":\"https:\\\/\\\/www.webdo.tn\\\/fr\\\/#organization\"},\"potentialAction\":[{\"@type\":\"SearchAction\",\"target\":{\"@type\":\"EntryPoint\",\"urlTemplate\":\"https:\\\/\\\/www.webdo.tn\\\/fr\\\/?s={search_term_string}\"},\"query-input\":{\"@type\":\"PropertyValueSpecification\",\"valueRequired\":true,\"valueName\":\"search_term_string\"}}],\"inLanguage\":\"fr-FR\"},{\"@type\":\"Organization\",\"@id\":\"https:\\\/\\\/www.webdo.tn\\\/fr\\\/#organization\",\"name\":\"Webdo\",\"alternateName\":\"Webdo.tn\",\"url\":\"https:\\\/\\\/www.webdo.tn\\\/fr\\\/\",\"logo\":{\"@type\":\"ImageObject\",\"inLanguage\":\"fr-FR\",\"@id\":\"https:\\\/\\\/www.webdo.tn\\\/fr\\\/#\\\/schema\\\/logo\\\/image\\\/\",\"url\":\"https:\\\/\\\/www.webdo.tn\\\/fr\\\/wp-content\\\/uploads\\\/2025\\\/06\\\/Webdo-Tunisie_168377.jpg\",\"contentUrl\":\"https:\\\/\\\/www.webdo.tn\\\/fr\\\/wp-content\\\/uploads\\\/2025\\\/06\\\/Webdo-Tunisie_168377.jpg\",\"width\":301,\"height\":301,\"caption\":\"Webdo\"},\"image\":{\"@id\":\"https:\\\/\\\/www.webdo.tn\\\/fr\\\/#\\\/schema\\\/logo\\\/image\\\/\"},\"sameAs\":[\"https:\\\/\\\/www.facebook.com\\\/webdotn\",\"https:\\\/\\\/x.com\\\/webdo_tn\"],\"description\":\"Webdo est un m\u00e9dia num\u00e9rique tunisien fond\u00e9 en 2010, sp\u00e9cialis\u00e9 dans l\u2019actualit\u00e9 nationale et internationale, l\u2019\u00e9conomie, la soci\u00e9t\u00e9 et les analyses politiques. Le site s\u2019adresse \u00e0 un large public francophone et couvre l\u2019information tunisienne en temps r\u00e9el.\",\"email\":\"redac@webdo.tn\",\"legalName\":\"YNJ SARL\",\"foundingDate\":\"2010-09-06\",\"numberOfEmployees\":{\"@type\":\"QuantitativeValue\",\"minValue\":\"11\",\"maxValue\":\"50\"}},{\"@type\":\"Person\",\"@id\":\"https:\\\/\\\/www.webdo.tn\\\/fr\\\/#\\\/schema\\\/person\\\/c652cd8fc2b1b44412b5ffb48c5a911d\",\"name\":\"Mohamed Hedi Touati\",\"image\":{\"@type\":\"ImageObject\",\"inLanguage\":\"fr-FR\",\"@id\":\"https:\\\/\\\/secure.gravatar.com\\\/avatar\\\/9cfd402c745b7a685f13eed0ea6e59d2144a3c2fc50a3db6fd5ed451f6cddf1a?s=96&d=mm&r=g\",\"url\":\"https:\\\/\\\/secure.gravatar.com\\\/avatar\\\/9cfd402c745b7a685f13eed0ea6e59d2144a3c2fc50a3db6fd5ed451f6cddf1a?s=96&d=mm&r=g\",\"contentUrl\":\"https:\\\/\\\/secure.gravatar.com\\\/avatar\\\/9cfd402c745b7a685f13eed0ea6e59d2144a3c2fc50a3db6fd5ed451f6cddf1a?s=96&d=mm&r=g\",\"caption\":\"Mohamed Hedi Touati\"},\"url\":\"https:\\\/\\\/www.webdo.tn\\\/fr\\\/actualite\\\/author\\\/mohamed-hedi-touati\\\/\"}]}<\/script>\n<!-- \/ Yoast SEO Premium plugin. -->","yoast_head_json":{"title":"Tunisie : D\u00e9but des examens de la \"neuvi\u00e8me\" pour 33.489 \u00e9l\u00e8ves - webdo","description":"La neuvi\u00e8me commence le 19 juin 2025, un moment crucial pour 33.489 \u00e9l\u00e8ves en qu\u00eate de r\u00e9ussite scolaire.","canonical":"https:\/\/www.webdo.tn\/fr\/actualite\/national\/tunisie-debut-des-examens-de-la-neuvieme-pour-33-489-eleves\/377888\/","og_locale":"fr_FR","og_type":"article","og_title":"Tunisie : D\u00e9but des examens de la \"neuvi\u00e8me\" pour 33.489 \u00e9l\u00e8ves","og_description":"La neuvi\u00e8me commence le 19 juin 2025, un moment crucial pour 33.489 \u00e9l\u00e8ves en qu\u00eate de r\u00e9ussite scolaire.","og_url":"https:\/\/www.webdo.tn\/fr\/actualite\/national\/tunisie-debut-des-examens-de-la-neuvieme-pour-33-489-eleves\/377888\/","og_site_name":"webdo","article_publisher":"https:\/\/www.facebook.com\/webdotn","article_published_time":"2025-06-19T09:28:47+00:00","article_modified_time":"2025-06-19T09:28:49+00:00","og_image":[{"width":710,"height":447,"url":"https:\/\/www.webdo.tn\/fr\/wp-content\/uploads\/2025\/06\/concours-9e.jpg","type":"image\/jpeg"}],"author":"Mohamed Hedi Touati","twitter_card":"summary_large_image","twitter_creator":"@webdo_tn","twitter_site":"@webdo_tn","twitter_misc":{"\u00c9crit par":"Mohamed Hedi Touati","Dur\u00e9e de lecture estim\u00e9e":"2 minutes"},"schema":{"@context":"https:\/\/schema.org","@graph":[{"@type":"NewsArticle","@id":"https:\/\/www.webdo.tn\/fr\/actualite\/national\/tunisie-debut-des-examens-de-la-neuvieme-pour-33-489-eleves\/377888\/#article","isPartOf":{"@id":"https:\/\/www.webdo.tn\/fr\/actualite\/national\/tunisie-debut-des-examens-de-la-neuvieme-pour-33-489-eleves\/377888\/"},"author":{"name":"Mohamed Hedi Touati","@id":"https:\/\/www.webdo.tn\/fr\/#\/schema\/person\/c652cd8fc2b1b44412b5ffb48c5a911d"},"headline":"Tunisie : D\u00e9but des examens de la \u00ab\u00a0neuvi\u00e8me\u00a0\u00bb pour 33.489 \u00e9l\u00e8ves","datePublished":"2025-06-19T09:28:47+00:00","dateModified":"2025-06-19T09:28:49+00:00","mainEntityOfPage":{"@id":"https:\/\/www.webdo.tn\/fr\/actualite\/national\/tunisie-debut-des-examens-de-la-neuvieme-pour-33-489-eleves\/377888\/"},"wordCount":255,"commentCount":0,"publisher":{"@id":"https:\/\/www.webdo.tn\/fr\/#organization"},"image":{"@id":"https:\/\/www.webdo.tn\/fr\/actualite\/national\/tunisie-debut-des-examens-de-la-neuvieme-pour-33-489-eleves\/377888\/#primaryimage"},"thumbnailUrl":"https:\/\/www.webdo.tn\/fr\/wp-content\/uploads\/2025\/06\/concours-9e.jpg","keywords":["concours 9e","Lyc\u00e9e pilote","Neuvi\u00e8me","Tunisie"],"articleSection":["National"],"inLanguage":"fr-FR"},{"@type":"WebPage","@id":"https:\/\/www.webdo.tn\/fr\/actualite\/national\/tunisie-debut-des-examens-de-la-neuvieme-pour-33-489-eleves\/377888\/","url":"https:\/\/www.webdo.tn\/fr\/actualite\/national\/tunisie-debut-des-examens-de-la-neuvieme-pour-33-489-eleves\/377888\/","name":"Tunisie : D\u00e9but des examens de la \"neuvi\u00e8me\" pour 33.489 \u00e9l\u00e8ves - webdo","isPartOf":{"@id":"https:\/\/www.webdo.tn\/fr\/#website"},"primaryImageOfPage":{"@id":"https:\/\/www.webdo.tn\/fr\/actualite\/national\/tunisie-debut-des-examens-de-la-neuvieme-pour-33-489-eleves\/377888\/#primaryimage"},"image":{"@id":"https:\/\/www.webdo.tn\/fr\/actualite\/national\/tunisie-debut-des-examens-de-la-neuvieme-pour-33-489-eleves\/377888\/#primaryimage"},"thumbnailUrl":"https:\/\/www.webdo.tn\/fr\/wp-content\/uploads\/2025\/06\/concours-9e.jpg","datePublished":"2025-06-19T09:28:47+00:00","dateModified":"2025-06-19T09:28:49+00:00","description":"La neuvi\u00e8me commence le 19 juin 2025, un moment crucial pour 33.489 \u00e9l\u00e8ves en qu\u00eate de r\u00e9ussite scolaire.","breadcrumb":{"@id":"https:\/\/www.webdo.tn\/fr\/actualite\/national\/tunisie-debut-des-examens-de-la-neuvieme-pour-33-489-eleves\/377888\/#breadcrumb"},"inLanguage":"fr-FR","potentialAction":[{"@type":"ReadAction","target":["https:\/\/www.webdo.tn\/fr\/actualite\/national\/tunisie-debut-des-examens-de-la-neuvieme-pour-33-489-eleves\/377888\/"]}]},{"@type":"ImageObject","inLanguage":"fr-FR","@id":"https:\/\/www.webdo.tn\/fr\/actualite\/national\/tunisie-debut-des-examens-de-la-neuvieme-pour-33-489-eleves\/377888\/#primaryimage","url":"https:\/\/www.webdo.tn\/fr\/wp-content\/uploads\/2025\/06\/concours-9e.jpg","contentUrl":"https:\/\/www.webdo.tn\/fr\/wp-content\/uploads\/2025\/06\/concours-9e.jpg","width":710,"height":447},{"@type":"BreadcrumbList","@id":"https:\/\/www.webdo.tn\/fr\/actualite\/national\/tunisie-debut-des-examens-de-la-neuvieme-pour-33-489-eleves\/377888\/#breadcrumb","itemListElement":[{"@type":"ListItem","position":1,"name":"Accueil","item":"https:\/\/www.webdo.tn\/fr\/"},{"@type":"ListItem","position":2,"name":"Tunisie : D\u00e9but des examens de la \u00ab\u00a0neuvi\u00e8me\u00a0\u00bb pour 33.489 \u00e9l\u00e8ves"}]},{"@type":"WebSite","@id":"https:\/\/www.webdo.tn\/fr\/#website","url":"https:\/\/www.webdo.tn\/fr\/","name":"webdo","description":"Tunisie - News en Tunisie et \u00e0 l&#039;international sur Webdo.tn","publisher":{"@id":"https:\/\/www.webdo.tn\/fr\/#organization"},"potentialAction":[{"@type":"SearchAction","target":{"@type":"EntryPoint","urlTemplate":"https:\/\/www.webdo.tn\/fr\/?s={search_term_string}"},"query-input":{"@type":"PropertyValueSpecification","valueRequired":true,"valueName":"search_term_string"}}],"inLanguage":"fr-FR"},{"@type":"Organization","@id":"https:\/\/www.webdo.tn\/fr\/#organization","name":"Webdo","alternateName":"Webdo.tn","url":"https:\/\/www.webdo.tn\/fr\/","logo":{"@type":"ImageObject","inLanguage":"fr-FR","@id":"https:\/\/www.webdo.tn\/fr\/#\/schema\/logo\/image\/","url":"https:\/\/www.webdo.tn\/fr\/wp-content\/uploads\/2025\/06\/Webdo-Tunisie_168377.jpg","contentUrl":"https:\/\/www.webdo.tn\/fr\/wp-content\/uploads\/2025\/06\/Webdo-Tunisie_168377.jpg","width":301,"height":301,"caption":"Webdo"},"image":{"@id":"https:\/\/www.webdo.tn\/fr\/#\/schema\/logo\/image\/"},"sameAs":["https:\/\/www.facebook.com\/webdotn","https:\/\/x.com\/webdo_tn"],"description":"Webdo est un m\u00e9dia num\u00e9rique tunisien fond\u00e9 en 2010, sp\u00e9cialis\u00e9 dans l\u2019actualit\u00e9 nationale et internationale, l\u2019\u00e9conomie, la soci\u00e9t\u00e9 et les analyses politiques. Le site s\u2019adresse \u00e0 un large public francophone et couvre l\u2019information tunisienne en temps r\u00e9el.","email":"redac@webdo.tn","legalName":"YNJ SARL","foundingDate":"2010-09-06","numberOfEmployees":{"@type":"QuantitativeValue","minValue":"11","maxValue":"50"}},{"@type":"Person","@id":"https:\/\/www.webdo.tn\/fr\/#\/schema\/person\/c652cd8fc2b1b44412b5ffb48c5a911d","name":"Mohamed Hedi Touati","image":{"@type":"ImageObject","inLanguage":"fr-FR","@id":"https:\/\/secure.gravatar.com\/avatar\/9cfd402c745b7a685f13eed0ea6e59d2144a3c2fc50a3db6fd5ed451f6cddf1a?s=96&d=mm&r=g","url":"https:\/\/secure.gravatar.com\/avatar\/9cfd402c745b7a685f13eed0ea6e59d2144a3c2fc50a3db6fd5ed451f6cddf1a?s=96&d=mm&r=g","contentUrl":"https:\/\/secure.gravatar.com\/avatar\/9cfd402c745b7a685f13eed0ea6e59d2144a3c2fc50a3db6fd5ed451f6cddf1a?s=96&d=mm&r=g","caption":"Mohamed Hedi Touati"},"url":"https:\/\/www.webdo.tn\/fr\/actualite\/author\/mohamed-hedi-touati\/"}]}},"_links":{"self":[{"href":"https:\/\/www.webdo.tn\/fr\/wp-json\/wp\/v2\/posts\/377888","targetHints":{"allow":["GET"]}}],"collection":[{"href":"https:\/\/www.webdo.tn\/fr\/wp-json\/wp\/v2\/posts"}],"about":[{"href":"https:\/\/www.webdo.tn\/fr\/wp-json\/wp\/v2\/types\/post"}],"author":[{"embeddable":true,"href":"https:\/\/www.webdo.tn\/fr\/wp-json\/wp\/v2\/users\/3191"}],"replies":[{"embeddable":true,"href":"https:\/\/www.webdo.tn\/fr\/wp-json\/wp\/v2\/comments?post=377888"}],"version-history":[{"count":0,"href":"https:\/\/www.webdo.tn\/fr\/wp-json\/wp\/v2\/posts\/377888\/revisions"}],"wp:featuredmedia":[{"embeddable":true,"href":"https:\/\/www.webdo.tn\/fr\/wp-json\/wp\/v2\/media\/377889"}],"wp:attachment":[{"href":"https:\/\/www.webdo.tn\/fr\/wp-json\/wp\/v2\/media?parent=377888"}],"wp:term":[{"taxonomy":"category","embeddable":true,"href":"https:\/\/www.webdo.tn\/fr\/wp-json\/wp\/v2\/categories?post=377888"},{"taxonomy":"post_tag","embeddable":true,"href":"https:\/\/www.webdo.tn\/fr\/wp-json\/wp\/v2\/tags?post=377888"}],"curies":[{"name":"wp","href":"https:\/\/api.w.org\/{rel}","templated":true}]}}