{"id":377858,"date":"2025-06-19T07:59:33","date_gmt":"2025-06-19T06:59:33","guid":{"rendered":"https:\/\/www.webdo.tn\/fr\/?p=377858"},"modified":"2025-06-19T17:46:11","modified_gmt":"2025-06-19T16:46:11","slug":"salve-inedite-de-missiles-iraniens-tel-aviv-plongee-dans-un-paysage-de-guerre","status":"publish","type":"post","link":"https:\/\/www.webdo.tn\/fr\/actualite\/international\/salve-inedite-de-missiles-iraniens-tel-aviv-plongee-dans-un-paysage-de-guerre\/377858\/","title":{"rendered":"Salve in\u00e9dite de missiles iraniens : Tel-Aviv plong\u00e9e dans un paysage de guerre"},"content":{"rendered":"\n<p><strong>Le conflit entre l&rsquo;Iran et Isra\u00ebl a franchi un nouveau seuil ce jeudi 19 juin, avec une salve de missiles iraniens ayant vis\u00e9 plusieurs villes isra\u00e9liennes, dont Tel-Aviv. L\u2019escalade militaire, \u00e0 son septi\u00e8me jour, a fait craindre une extension plus large du front.<\/strong><\/p>\n\n\n\n<p>D\u00e8s l\u2019aube, des sir\u00e8nes d\u2019alerte ont retenti dans de nombreuses r\u00e9gions du pays, d\u00e9clenchant un mouvement de panique dans les zones urbaines. \u00c0 Tel-Aviv, plusieurs impacts ont \u00e9t\u00e9 signal\u00e9s par les autorit\u00e9s, notamment dans le centre-ville et les quartiers sud. L\u2019un des missiles a touch\u00e9 un h\u00f4pital dans le sud d\u2019Isra\u00ebl, selon les premiers bilans.<\/p>\n\n\n\n<p>Des journalistes sur place ont rapport\u00e9 des sc\u00e8nes de chaos. A Tel-Aviv, \u00ab de puissantes d\u00e9tonations, sourdes et r\u00e9p\u00e9t\u00e9es \u00bb, ont \u00e9t\u00e9 entendues durant de longues minutes, confirmant une intensit\u00e9 in\u00e9dite des frappes.<\/p>\n\n\n\n<p>L&rsquo;agence iranienne Fars a \u00e9voqu\u00e9 des missiles de \u00ab haute pr\u00e9cision \u00bb en train de \u00ab vrombir au-dessus de Tel-Aviv \u00bb, sugg\u00e9rant une attaque coordonn\u00e9e de grande ampleur. L\u2019arm\u00e9e isra\u00e9lienne, de son c\u00f4t\u00e9, a aussit\u00f4t appel\u00e9 les populations concern\u00e9es \u00e0 se r\u00e9fugier dans les abris les plus proches, par crainte de nouvelles vagues de tirs.<\/p>\n\n\n\n<p>Suite \u00e0 cette nouvelle vague de missiles, Le Premier ministre isra\u00e9lien Benjamin Netanyahou a averti que l\u2019Iran \u00ab paiera un lourd tribut \u00bb apr\u00e8s que son attaque au missile a endommag\u00e9 l\u2019h\u00f4pital Soroka \u00e0 Beer Sheva.<\/p>\n\n\n\n<p>Ce nouvel \u00e9pisode de violences marque un tournant dangereux dans l&rsquo;affrontement entre les deux puissances r\u00e9gionales, avec des frappes directes et des cibles civiles touch\u00e9es, faisant craindre une spirale incontr\u00f4lable.<\/p>\n\n\n\n<p><\/p>\n","protected":false},"excerpt":{"rendered":"<p>Un batiment d\u00e9truit \u00e0 Tel Aviv<\/p>\n","protected":false},"author":3184,"featured_media":377859,"comment_status":"open","ping_status":"open","sticky":false,"template":"","format":"standard","meta":{"footnotes":""},"categories":[2598],"tags":[2912,2636,5610],"class_list":["post-377858","post","type-post","status-publish","format-standard","has-post-thumbnail","hentry","category-international","tag-iran","tag-israel","tag-missile"],"yoast_head":"<!-- This site is optimized with the Yoast SEO Premium plugin v27.5 (Yoast SEO v27.5) - https:\/\/yoast.com\/product\/yoast-seo-premium-wordpress\/ -->\n<title>Salve in\u00e9dite de missiles iraniens : Tel-Aviv plong\u00e9e dans un paysage de guerre - webdo<\/title>\n<meta name=\"description\" content=\"D\u00e9couvrez comment le conflit entre l&#039;Iran et Isra\u00ebl a touch\u00e9 Tel Aviv avec une salve de missiles ce jeudi 19 juin.\" \/>\n<link rel=\"canonical\" href=\"https:\/\/www.webdo.tn\/fr\/actualite\/international\/salve-inedite-de-missiles-iraniens-tel-aviv-plongee-dans-un-paysage-de-guerre\/377858\/\" \/>\n<meta property=\"og:locale\" content=\"fr_FR\" \/>\n<meta property=\"og:type\" content=\"article\" \/>\n<meta property=\"og:title\" content=\"Salve in\u00e9dite de missiles iraniens : Tel-Aviv plong\u00e9e dans un paysage de guerre\" \/>\n<meta property=\"og:description\" content=\"D\u00e9couvrez comment le conflit entre l&#039;Iran et Isra\u00ebl a touch\u00e9 Tel Aviv avec une salve de missiles ce jeudi 19 juin.\" \/>\n<meta property=\"og:url\" content=\"https:\/\/www.webdo.tn\/fr\/actualite\/international\/salve-inedite-de-missiles-iraniens-tel-aviv-plongee-dans-un-paysage-de-guerre\/377858\/\" \/>\n<meta property=\"og:site_name\" content=\"webdo\" \/>\n<meta property=\"article:publisher\" content=\"https:\/\/www.facebook.com\/webdotn\" \/>\n<meta property=\"article:published_time\" content=\"2025-06-19T06:59:33+00:00\" \/>\n<meta property=\"article:modified_time\" content=\"2025-06-19T16:46:11+00:00\" \/>\n<meta property=\"og:image\" content=\"https:\/\/www.webdo.tn\/fr\/wp-content\/uploads\/2025\/06\/509289953_685818380948051_2515047471563579185_n.jpg\" \/>\n\t<meta property=\"og:image:width\" content=\"960\" \/>\n\t<meta property=\"og:image:height\" content=\"720\" \/>\n\t<meta property=\"og:image:type\" content=\"image\/jpeg\" \/>\n<meta name=\"author\" content=\"Wided Belhaj\" \/>\n<meta name=\"twitter:card\" content=\"summary_large_image\" \/>\n<meta name=\"twitter:creator\" content=\"@webdo_tn\" \/>\n<meta name=\"twitter:site\" content=\"@webdo_tn\" \/>\n<meta name=\"twitter:label1\" content=\"\u00c9crit par\" \/>\n\t<meta name=\"twitter:data1\" content=\"Wided Belhaj\" \/>\n\t<meta name=\"twitter:label2\" content=\"Dur\u00e9e de lecture estim\u00e9e\" \/>\n\t<meta name=\"twitter:data2\" content=\"2 minutes\" \/>\n<script type=\"application\/ld+json\" class=\"yoast-schema-graph\">{\"@context\":\"https:\\\/\\\/schema.org\",\"@graph\":[{\"@type\":\"NewsArticle\",\"@id\":\"https:\\\/\\\/www.webdo.tn\\\/fr\\\/actualite\\\/international\\\/salve-inedite-de-missiles-iraniens-tel-aviv-plongee-dans-un-paysage-de-guerre\\\/377858\\\/#article\",\"isPartOf\":{\"@id\":\"https:\\\/\\\/www.webdo.tn\\\/fr\\\/actualite\\\/international\\\/salve-inedite-de-missiles-iraniens-tel-aviv-plongee-dans-un-paysage-de-guerre\\\/377858\\\/\"},\"author\":{\"name\":\"Wided Belhaj\",\"@id\":\"https:\\\/\\\/www.webdo.tn\\\/fr\\\/#\\\/schema\\\/person\\\/b9ecde7a5574cb4fcf4b496ea5fadb15\"},\"headline\":\"Salve in\u00e9dite de missiles iraniens : Tel-Aviv plong\u00e9e dans un paysage de guerre\",\"datePublished\":\"2025-06-19T06:59:33+00:00\",\"dateModified\":\"2025-06-19T16:46:11+00:00\",\"mainEntityOfPage\":{\"@id\":\"https:\\\/\\\/www.webdo.tn\\\/fr\\\/actualite\\\/international\\\/salve-inedite-de-missiles-iraniens-tel-aviv-plongee-dans-un-paysage-de-guerre\\\/377858\\\/\"},\"wordCount\":295,\"commentCount\":0,\"publisher\":{\"@id\":\"https:\\\/\\\/www.webdo.tn\\\/fr\\\/#organization\"},\"image\":{\"@id\":\"https:\\\/\\\/www.webdo.tn\\\/fr\\\/actualite\\\/international\\\/salve-inedite-de-missiles-iraniens-tel-aviv-plongee-dans-un-paysage-de-guerre\\\/377858\\\/#primaryimage\"},\"thumbnailUrl\":\"https:\\\/\\\/www.webdo.tn\\\/fr\\\/wp-content\\\/uploads\\\/2025\\\/06\\\/509289953_685818380948051_2515047471563579185_n.jpg\",\"keywords\":[\"Iran\",\"isra\u00ebl\",\"missile\"],\"articleSection\":[\"International\"],\"inLanguage\":\"fr-FR\"},{\"@type\":\"WebPage\",\"@id\":\"https:\\\/\\\/www.webdo.tn\\\/fr\\\/actualite\\\/international\\\/salve-inedite-de-missiles-iraniens-tel-aviv-plongee-dans-un-paysage-de-guerre\\\/377858\\\/\",\"url\":\"https:\\\/\\\/www.webdo.tn\\\/fr\\\/actualite\\\/international\\\/salve-inedite-de-missiles-iraniens-tel-aviv-plongee-dans-un-paysage-de-guerre\\\/377858\\\/\",\"name\":\"Salve in\u00e9dite de missiles iraniens : Tel-Aviv plong\u00e9e dans un paysage de guerre - webdo\",\"isPartOf\":{\"@id\":\"https:\\\/\\\/www.webdo.tn\\\/fr\\\/#website\"},\"primaryImageOfPage\":{\"@id\":\"https:\\\/\\\/www.webdo.tn\\\/fr\\\/actualite\\\/international\\\/salve-inedite-de-missiles-iraniens-tel-aviv-plongee-dans-un-paysage-de-guerre\\\/377858\\\/#primaryimage\"},\"image\":{\"@id\":\"https:\\\/\\\/www.webdo.tn\\\/fr\\\/actualite\\\/international\\\/salve-inedite-de-missiles-iraniens-tel-aviv-plongee-dans-un-paysage-de-guerre\\\/377858\\\/#primaryimage\"},\"thumbnailUrl\":\"https:\\\/\\\/www.webdo.tn\\\/fr\\\/wp-content\\\/uploads\\\/2025\\\/06\\\/509289953_685818380948051_2515047471563579185_n.jpg\",\"datePublished\":\"2025-06-19T06:59:33+00:00\",\"dateModified\":\"2025-06-19T16:46:11+00:00\",\"description\":\"D\u00e9couvrez comment le conflit entre l'Iran et Isra\u00ebl a touch\u00e9 Tel Aviv avec une salve de missiles ce jeudi 19 juin.\",\"breadcrumb\":{\"@id\":\"https:\\\/\\\/www.webdo.tn\\\/fr\\\/actualite\\\/international\\\/salve-inedite-de-missiles-iraniens-tel-aviv-plongee-dans-un-paysage-de-guerre\\\/377858\\\/#breadcrumb\"},\"inLanguage\":\"fr-FR\",\"potentialAction\":[{\"@type\":\"ReadAction\",\"target\":[\"https:\\\/\\\/www.webdo.tn\\\/fr\\\/actualite\\\/international\\\/salve-inedite-de-missiles-iraniens-tel-aviv-plongee-dans-un-paysage-de-guerre\\\/377858\\\/\"]}]},{\"@type\":\"ImageObject\",\"inLanguage\":\"fr-FR\",\"@id\":\"https:\\\/\\\/www.webdo.tn\\\/fr\\\/actualite\\\/international\\\/salve-inedite-de-missiles-iraniens-tel-aviv-plongee-dans-un-paysage-de-guerre\\\/377858\\\/#primaryimage\",\"url\":\"https:\\\/\\\/www.webdo.tn\\\/fr\\\/wp-content\\\/uploads\\\/2025\\\/06\\\/509289953_685818380948051_2515047471563579185_n.jpg\",\"contentUrl\":\"https:\\\/\\\/www.webdo.tn\\\/fr\\\/wp-content\\\/uploads\\\/2025\\\/06\\\/509289953_685818380948051_2515047471563579185_n.jpg\",\"width\":960,\"height\":720},{\"@type\":\"BreadcrumbList\",\"@id\":\"https:\\\/\\\/www.webdo.tn\\\/fr\\\/actualite\\\/international\\\/salve-inedite-de-missiles-iraniens-tel-aviv-plongee-dans-un-paysage-de-guerre\\\/377858\\\/#breadcrumb\",\"itemListElement\":[{\"@type\":\"ListItem\",\"position\":1,\"name\":\"Accueil\",\"item\":\"https:\\\/\\\/www.webdo.tn\\\/fr\\\/\"},{\"@type\":\"ListItem\",\"position\":2,\"name\":\"Salve in\u00e9dite de missiles iraniens : Tel-Aviv plong\u00e9e dans un paysage de guerre\"}]},{\"@type\":\"WebSite\",\"@id\":\"https:\\\/\\\/www.webdo.tn\\\/fr\\\/#website\",\"url\":\"https:\\\/\\\/www.webdo.tn\\\/fr\\\/\",\"name\":\"webdo\",\"description\":\"Tunisie - News en Tunisie et \u00e0 l&#039;international sur Webdo.tn\",\"publisher\":{\"@id\":\"https:\\\/\\\/www.webdo.tn\\\/fr\\\/#organization\"},\"potentialAction\":[{\"@type\":\"SearchAction\",\"target\":{\"@type\":\"EntryPoint\",\"urlTemplate\":\"https:\\\/\\\/www.webdo.tn\\\/fr\\\/?s={search_term_string}\"},\"query-input\":{\"@type\":\"PropertyValueSpecification\",\"valueRequired\":true,\"valueName\":\"search_term_string\"}}],\"inLanguage\":\"fr-FR\"},{\"@type\":\"Organization\",\"@id\":\"https:\\\/\\\/www.webdo.tn\\\/fr\\\/#organization\",\"name\":\"Webdo\",\"alternateName\":\"Webdo.tn\",\"url\":\"https:\\\/\\\/www.webdo.tn\\\/fr\\\/\",\"logo\":{\"@type\":\"ImageObject\",\"inLanguage\":\"fr-FR\",\"@id\":\"https:\\\/\\\/www.webdo.tn\\\/fr\\\/#\\\/schema\\\/logo\\\/image\\\/\",\"url\":\"https:\\\/\\\/www.webdo.tn\\\/fr\\\/wp-content\\\/uploads\\\/2025\\\/06\\\/Webdo-Tunisie_168377.jpg\",\"contentUrl\":\"https:\\\/\\\/www.webdo.tn\\\/fr\\\/wp-content\\\/uploads\\\/2025\\\/06\\\/Webdo-Tunisie_168377.jpg\",\"width\":301,\"height\":301,\"caption\":\"Webdo\"},\"image\":{\"@id\":\"https:\\\/\\\/www.webdo.tn\\\/fr\\\/#\\\/schema\\\/logo\\\/image\\\/\"},\"sameAs\":[\"https:\\\/\\\/www.facebook.com\\\/webdotn\",\"https:\\\/\\\/x.com\\\/webdo_tn\"],\"description\":\"Webdo est un m\u00e9dia num\u00e9rique tunisien fond\u00e9 en 2010, sp\u00e9cialis\u00e9 dans l\u2019actualit\u00e9 nationale et internationale, l\u2019\u00e9conomie, la soci\u00e9t\u00e9 et les analyses politiques. Le site s\u2019adresse \u00e0 un large public francophone et couvre l\u2019information tunisienne en temps r\u00e9el.\",\"email\":\"redac@webdo.tn\",\"legalName\":\"YNJ SARL\",\"foundingDate\":\"2010-09-06\",\"numberOfEmployees\":{\"@type\":\"QuantitativeValue\",\"minValue\":\"11\",\"maxValue\":\"50\"}},{\"@type\":\"Person\",\"@id\":\"https:\\\/\\\/www.webdo.tn\\\/fr\\\/#\\\/schema\\\/person\\\/b9ecde7a5574cb4fcf4b496ea5fadb15\",\"name\":\"Wided Belhaj\",\"image\":{\"@type\":\"ImageObject\",\"inLanguage\":\"fr-FR\",\"@id\":\"https:\\\/\\\/www.webdo.tn\\\/fr\\\/wp-content\\\/uploads\\\/2026\\\/04\\\/wided-belhaj_avatar-96x96.jpg\",\"url\":\"https:\\\/\\\/www.webdo.tn\\\/fr\\\/wp-content\\\/uploads\\\/2026\\\/04\\\/wided-belhaj_avatar-96x96.jpg\",\"contentUrl\":\"https:\\\/\\\/www.webdo.tn\\\/fr\\\/wp-content\\\/uploads\\\/2026\\\/04\\\/wided-belhaj_avatar-96x96.jpg\",\"caption\":\"Wided Belhaj\"},\"description\":\"Wided Belhaj est le pseudonyme \u00e9ditorial utilis\u00e9 par Khalil Jelassi, journaliste, ma\u00eetre-assistant \u00e0 l\u2019Institut de presse et des sciences de l\u2019information (IPSI) et chercheur en sciences de l\u2019information et de la communication. Cette signature est d\u00e9di\u00e9e \u00e0 l\u2019analyse des m\u00e9dias, des pratiques journalistiques et des mutations de l\u2019information \u00e0 l\u2019\u00e8re digitale. \u00c0 travers ses contributions, Wided Belhaj propose une lecture analytique de l\u2019actualit\u00e9, en croisant regard critique et expertise acad\u00e9mique.\",\"knowsAbout\":[\"m\u00e9dias\",\"journalisme\",\"communication\",\"information\",\"transformation num\u00e9rique\",\"analyse des m\u00e9dias\"],\"knowsLanguage\":[\"Fran\u00e7ais\",\"Arabe\"],\"jobTitle\":\"Webdo.tn\",\"worksFor\":\"Journaliste \u2013 Analyse des m\u00e9dias\",\"url\":\"https:\\\/\\\/www.webdo.tn\\\/fr\\\/actualite\\\/author\\\/wided-belhaj\\\/\"}]}<\/script>\n<!-- \/ Yoast SEO Premium plugin. -->","yoast_head_json":{"title":"Salve in\u00e9dite de missiles iraniens : Tel-Aviv plong\u00e9e dans un paysage de guerre - webdo","description":"D\u00e9couvrez comment le conflit entre l'Iran et Isra\u00ebl a touch\u00e9 Tel Aviv avec une salve de missiles ce jeudi 19 juin.","canonical":"https:\/\/www.webdo.tn\/fr\/actualite\/international\/salve-inedite-de-missiles-iraniens-tel-aviv-plongee-dans-un-paysage-de-guerre\/377858\/","og_locale":"fr_FR","og_type":"article","og_title":"Salve in\u00e9dite de missiles iraniens : Tel-Aviv plong\u00e9e dans un paysage de guerre","og_description":"D\u00e9couvrez comment le conflit entre l'Iran et Isra\u00ebl a touch\u00e9 Tel Aviv avec une salve de missiles ce jeudi 19 juin.","og_url":"https:\/\/www.webdo.tn\/fr\/actualite\/international\/salve-inedite-de-missiles-iraniens-tel-aviv-plongee-dans-un-paysage-de-guerre\/377858\/","og_site_name":"webdo","article_publisher":"https:\/\/www.facebook.com\/webdotn","article_published_time":"2025-06-19T06:59:33+00:00","article_modified_time":"2025-06-19T16:46:11+00:00","og_image":[{"width":960,"height":720,"url":"https:\/\/www.webdo.tn\/fr\/wp-content\/uploads\/2025\/06\/509289953_685818380948051_2515047471563579185_n.jpg","type":"image\/jpeg"}],"author":"Wided Belhaj","twitter_card":"summary_large_image","twitter_creator":"@webdo_tn","twitter_site":"@webdo_tn","twitter_misc":{"\u00c9crit par":"Wided Belhaj","Dur\u00e9e de lecture estim\u00e9e":"2 minutes"},"schema":{"@context":"https:\/\/schema.org","@graph":[{"@type":"NewsArticle","@id":"https:\/\/www.webdo.tn\/fr\/actualite\/international\/salve-inedite-de-missiles-iraniens-tel-aviv-plongee-dans-un-paysage-de-guerre\/377858\/#article","isPartOf":{"@id":"https:\/\/www.webdo.tn\/fr\/actualite\/international\/salve-inedite-de-missiles-iraniens-tel-aviv-plongee-dans-un-paysage-de-guerre\/377858\/"},"author":{"name":"Wided Belhaj","@id":"https:\/\/www.webdo.tn\/fr\/#\/schema\/person\/b9ecde7a5574cb4fcf4b496ea5fadb15"},"headline":"Salve in\u00e9dite de missiles iraniens : Tel-Aviv plong\u00e9e dans un paysage de guerre","datePublished":"2025-06-19T06:59:33+00:00","dateModified":"2025-06-19T16:46:11+00:00","mainEntityOfPage":{"@id":"https:\/\/www.webdo.tn\/fr\/actualite\/international\/salve-inedite-de-missiles-iraniens-tel-aviv-plongee-dans-un-paysage-de-guerre\/377858\/"},"wordCount":295,"commentCount":0,"publisher":{"@id":"https:\/\/www.webdo.tn\/fr\/#organization"},"image":{"@id":"https:\/\/www.webdo.tn\/fr\/actualite\/international\/salve-inedite-de-missiles-iraniens-tel-aviv-plongee-dans-un-paysage-de-guerre\/377858\/#primaryimage"},"thumbnailUrl":"https:\/\/www.webdo.tn\/fr\/wp-content\/uploads\/2025\/06\/509289953_685818380948051_2515047471563579185_n.jpg","keywords":["Iran","isra\u00ebl","missile"],"articleSection":["International"],"inLanguage":"fr-FR"},{"@type":"WebPage","@id":"https:\/\/www.webdo.tn\/fr\/actualite\/international\/salve-inedite-de-missiles-iraniens-tel-aviv-plongee-dans-un-paysage-de-guerre\/377858\/","url":"https:\/\/www.webdo.tn\/fr\/actualite\/international\/salve-inedite-de-missiles-iraniens-tel-aviv-plongee-dans-un-paysage-de-guerre\/377858\/","name":"Salve in\u00e9dite de missiles iraniens : Tel-Aviv plong\u00e9e dans un paysage de guerre - webdo","isPartOf":{"@id":"https:\/\/www.webdo.tn\/fr\/#website"},"primaryImageOfPage":{"@id":"https:\/\/www.webdo.tn\/fr\/actualite\/international\/salve-inedite-de-missiles-iraniens-tel-aviv-plongee-dans-un-paysage-de-guerre\/377858\/#primaryimage"},"image":{"@id":"https:\/\/www.webdo.tn\/fr\/actualite\/international\/salve-inedite-de-missiles-iraniens-tel-aviv-plongee-dans-un-paysage-de-guerre\/377858\/#primaryimage"},"thumbnailUrl":"https:\/\/www.webdo.tn\/fr\/wp-content\/uploads\/2025\/06\/509289953_685818380948051_2515047471563579185_n.jpg","datePublished":"2025-06-19T06:59:33+00:00","dateModified":"2025-06-19T16:46:11+00:00","description":"D\u00e9couvrez comment le conflit entre l'Iran et Isra\u00ebl a touch\u00e9 Tel Aviv avec une salve de missiles ce jeudi 19 juin.","breadcrumb":{"@id":"https:\/\/www.webdo.tn\/fr\/actualite\/international\/salve-inedite-de-missiles-iraniens-tel-aviv-plongee-dans-un-paysage-de-guerre\/377858\/#breadcrumb"},"inLanguage":"fr-FR","potentialAction":[{"@type":"ReadAction","target":["https:\/\/www.webdo.tn\/fr\/actualite\/international\/salve-inedite-de-missiles-iraniens-tel-aviv-plongee-dans-un-paysage-de-guerre\/377858\/"]}]},{"@type":"ImageObject","inLanguage":"fr-FR","@id":"https:\/\/www.webdo.tn\/fr\/actualite\/international\/salve-inedite-de-missiles-iraniens-tel-aviv-plongee-dans-un-paysage-de-guerre\/377858\/#primaryimage","url":"https:\/\/www.webdo.tn\/fr\/wp-content\/uploads\/2025\/06\/509289953_685818380948051_2515047471563579185_n.jpg","contentUrl":"https:\/\/www.webdo.tn\/fr\/wp-content\/uploads\/2025\/06\/509289953_685818380948051_2515047471563579185_n.jpg","width":960,"height":720},{"@type":"BreadcrumbList","@id":"https:\/\/www.webdo.tn\/fr\/actualite\/international\/salve-inedite-de-missiles-iraniens-tel-aviv-plongee-dans-un-paysage-de-guerre\/377858\/#breadcrumb","itemListElement":[{"@type":"ListItem","position":1,"name":"Accueil","item":"https:\/\/www.webdo.tn\/fr\/"},{"@type":"ListItem","position":2,"name":"Salve in\u00e9dite de missiles iraniens : Tel-Aviv plong\u00e9e dans un paysage de guerre"}]},{"@type":"WebSite","@id":"https:\/\/www.webdo.tn\/fr\/#website","url":"https:\/\/www.webdo.tn\/fr\/","name":"webdo","description":"Tunisie - News en Tunisie et \u00e0 l&#039;international sur Webdo.tn","publisher":{"@id":"https:\/\/www.webdo.tn\/fr\/#organization"},"potentialAction":[{"@type":"SearchAction","target":{"@type":"EntryPoint","urlTemplate":"https:\/\/www.webdo.tn\/fr\/?s={search_term_string}"},"query-input":{"@type":"PropertyValueSpecification","valueRequired":true,"valueName":"search_term_string"}}],"inLanguage":"fr-FR"},{"@type":"Organization","@id":"https:\/\/www.webdo.tn\/fr\/#organization","name":"Webdo","alternateName":"Webdo.tn","url":"https:\/\/www.webdo.tn\/fr\/","logo":{"@type":"ImageObject","inLanguage":"fr-FR","@id":"https:\/\/www.webdo.tn\/fr\/#\/schema\/logo\/image\/","url":"https:\/\/www.webdo.tn\/fr\/wp-content\/uploads\/2025\/06\/Webdo-Tunisie_168377.jpg","contentUrl":"https:\/\/www.webdo.tn\/fr\/wp-content\/uploads\/2025\/06\/Webdo-Tunisie_168377.jpg","width":301,"height":301,"caption":"Webdo"},"image":{"@id":"https:\/\/www.webdo.tn\/fr\/#\/schema\/logo\/image\/"},"sameAs":["https:\/\/www.facebook.com\/webdotn","https:\/\/x.com\/webdo_tn"],"description":"Webdo est un m\u00e9dia num\u00e9rique tunisien fond\u00e9 en 2010, sp\u00e9cialis\u00e9 dans l\u2019actualit\u00e9 nationale et internationale, l\u2019\u00e9conomie, la soci\u00e9t\u00e9 et les analyses politiques. Le site s\u2019adresse \u00e0 un large public francophone et couvre l\u2019information tunisienne en temps r\u00e9el.","email":"redac@webdo.tn","legalName":"YNJ SARL","foundingDate":"2010-09-06","numberOfEmployees":{"@type":"QuantitativeValue","minValue":"11","maxValue":"50"}},{"@type":"Person","@id":"https:\/\/www.webdo.tn\/fr\/#\/schema\/person\/b9ecde7a5574cb4fcf4b496ea5fadb15","name":"Wided Belhaj","image":{"@type":"ImageObject","inLanguage":"fr-FR","@id":"https:\/\/www.webdo.tn\/fr\/wp-content\/uploads\/2026\/04\/wided-belhaj_avatar-96x96.jpg","url":"https:\/\/www.webdo.tn\/fr\/wp-content\/uploads\/2026\/04\/wided-belhaj_avatar-96x96.jpg","contentUrl":"https:\/\/www.webdo.tn\/fr\/wp-content\/uploads\/2026\/04\/wided-belhaj_avatar-96x96.jpg","caption":"Wided Belhaj"},"description":"Wided Belhaj est le pseudonyme \u00e9ditorial utilis\u00e9 par Khalil Jelassi, journaliste, ma\u00eetre-assistant \u00e0 l\u2019Institut de presse et des sciences de l\u2019information (IPSI) et chercheur en sciences de l\u2019information et de la communication. Cette signature est d\u00e9di\u00e9e \u00e0 l\u2019analyse des m\u00e9dias, des pratiques journalistiques et des mutations de l\u2019information \u00e0 l\u2019\u00e8re digitale. \u00c0 travers ses contributions, Wided Belhaj propose une lecture analytique de l\u2019actualit\u00e9, en croisant regard critique et expertise acad\u00e9mique.","knowsAbout":["m\u00e9dias","journalisme","communication","information","transformation num\u00e9rique","analyse des m\u00e9dias"],"knowsLanguage":["Fran\u00e7ais","Arabe"],"jobTitle":"Webdo.tn","worksFor":"Journaliste \u2013 Analyse des m\u00e9dias","url":"https:\/\/www.webdo.tn\/fr\/actualite\/author\/wided-belhaj\/"}]}},"_links":{"self":[{"href":"https:\/\/www.webdo.tn\/fr\/wp-json\/wp\/v2\/posts\/377858","targetHints":{"allow":["GET"]}}],"collection":[{"href":"https:\/\/www.webdo.tn\/fr\/wp-json\/wp\/v2\/posts"}],"about":[{"href":"https:\/\/www.webdo.tn\/fr\/wp-json\/wp\/v2\/types\/post"}],"author":[{"embeddable":true,"href":"https:\/\/www.webdo.tn\/fr\/wp-json\/wp\/v2\/users\/3184"}],"replies":[{"embeddable":true,"href":"https:\/\/www.webdo.tn\/fr\/wp-json\/wp\/v2\/comments?post=377858"}],"version-history":[{"count":0,"href":"https:\/\/www.webdo.tn\/fr\/wp-json\/wp\/v2\/posts\/377858\/revisions"}],"wp:featuredmedia":[{"embeddable":true,"href":"https:\/\/www.webdo.tn\/fr\/wp-json\/wp\/v2\/media\/377859"}],"wp:attachment":[{"href":"https:\/\/www.webdo.tn\/fr\/wp-json\/wp\/v2\/media?parent=377858"}],"wp:term":[{"taxonomy":"category","embeddable":true,"href":"https:\/\/www.webdo.tn\/fr\/wp-json\/wp\/v2\/categories?post=377858"},{"taxonomy":"post_tag","embeddable":true,"href":"https:\/\/www.webdo.tn\/fr\/wp-json\/wp\/v2\/tags?post=377858"}],"curies":[{"name":"wp","href":"https:\/\/api.w.org\/{rel}","templated":true}]}}