{"id":377851,"date":"2025-06-18T19:14:48","date_gmt":"2025-06-18T18:14:48","guid":{"rendered":"https:\/\/www.webdo.tn\/fr\/?p=377851"},"modified":"2025-06-19T11:16:34","modified_gmt":"2025-06-19T10:16:34","slug":"face-a-israel-liran-deploie-le-redoutable-sejjil","status":"publish","type":"post","link":"https:\/\/www.webdo.tn\/fr\/actualite\/international\/face-a-israel-liran-deploie-le-redoutable-sejjil\/377851\/","title":{"rendered":"Face \u00e0 Isra\u00ebl, l\u2019Iran d\u00e9ploie le redoutable \u00ab\u00a0Sejjil\u00a0\u00bb"},"content":{"rendered":"\n<p><strong>Alors que la confrontation militaire entre l\u2019Iran et Isra\u00ebl a franchi un nouveau cap, T\u00e9h\u00e9ran a annonc\u00e9 avoir mobilis\u00e9 son missile balistique Sejjil dans le cadre de sa riposte. Ce nom revient d\u00e9sormais au c\u0153ur des tensions r\u00e9gionales. Mais de quoi s\u2019agit-il exactement ? <\/strong><\/p>\n\n\n\n<p><br>Le Sejjil (ou Sajjil) est un missile balistique sol-sol \u00e0 moyenne port\u00e9e, pouvant frapper des cibles jusqu\u2019\u00e0 2 500 kilom\u00e8tres de distance. D\u00e9velopp\u00e9 par l\u2019Iran depuis le d\u00e9but des ann\u00e9es 2000, il se distingue de ses pr\u00e9d\u00e9cesseurs, comme le Shahab, par l\u2019usage d\u2019un carburant solide. Cette technologie permet un lancement rapide, sans pr\u00e9paration visible prolong\u00e9e, rendant son interception plus difficile.<\/p>\n\n\n\n<p><br>Le d\u00e9ploiement du Sejjil dans la guerre contre Isra\u00ebl n\u2019est pas anodin. Ce missile permet \u00e0 l\u2019Iran de toucher le c\u0153ur du territoire isra\u00e9lien depuis son propre sol, sans avoir besoin de relais ou de bases interm\u00e9diaires. Il s\u2019inscrit dans la strat\u00e9gie de dissuasion asym\u00e9trique que T\u00e9h\u00e9ran brandit face \u00e0 ses adversaires dot\u00e9s d\u2019une sup\u00e9riorit\u00e9 technologique ou nucl\u00e9aire.<\/p>\n\n\n\n<p><br>Outre ses capacit\u00e9s destructrices, le Sejjil joue aussi un r\u00f4le symbolique et psychologique. En exhibant ce missile, l\u2019Iran cherche \u00e0 imposer un rapport de force, montrer qu\u2019il dispose de capacit\u00e9s d\u2019attaque directe longue port\u00e9e et qu\u2019il est pr\u00eat \u00e0 les utiliser. Cela constitue un message direct non seulement \u00e0 Isra\u00ebl, mais aussi aux \u00c9tats-Unis. <\/p>\n\n\n\n<p><\/p>\n\n\n\n<p><\/p>\n\n\n\n<figure class=\"wp-block-embed is-type-video is-provider-youtube wp-block-embed-youtube wp-embed-aspect-16-9 wp-has-aspect-ratio\"><div class=\"wp-block-embed__wrapper\">\n<div class=\"jeg_video_container jeg_video_content\"><iframe title=\"&quot;Sejjil Missile Explained: Iran&#039;s Powerful Solid-Fuel Ballistic Missile&quot;\" width=\"500\" height=\"281\" src=\"https:\/\/www.youtube.com\/embed\/j5I_A7WDVto?feature=oembed\" frameborder=\"0\" allow=\"accelerometer; autoplay; clipboard-write; encrypted-media; gyroscope; picture-in-picture; web-share\" referrerpolicy=\"strict-origin-when-cross-origin\" allowfullscreen><\/iframe><\/div>\n<\/div><\/figure>\n","protected":false},"excerpt":{"rendered":"<p>Alors que la confrontation militaire entre l\u2019Iran et Isra\u00ebl a franchi un nouveau cap, T\u00e9h\u00e9ran a annonc\u00e9 avoir mobilis\u00e9 son missile balistique Sejjil dans le cadre de sa riposte. Ce nom revient d\u00e9sormais au c\u0153ur des tensions r\u00e9gionales. Mais de quoi s\u2019agit-il exactement ? Le Sejjil (ou Sajjil) est un missile balistique sol-sol \u00e0 moyenne [&hellip;]<\/p>\n","protected":false},"author":3184,"featured_media":377852,"comment_status":"open","ping_status":"open","sticky":false,"template":"","format":"standard","meta":{"footnotes":""},"categories":[2598],"tags":[2912,11954],"class_list":["post-377851","post","type-post","status-publish","format-standard","has-post-thumbnail","hentry","category-international","tag-iran","tag-sejil"],"yoast_head":"<!-- This site is optimized with the Yoast SEO Premium plugin v27.5 (Yoast SEO v27.5) - https:\/\/yoast.com\/product\/yoast-seo-premium-wordpress\/ -->\n<title>Face \u00e0 Isra\u00ebl, l\u2019Iran d\u00e9ploie le redoutable &quot;Sejjil&quot; - webdo<\/title>\n<meta name=\"description\" content=\"D\u00e9couvrez le Sejil Iran, un missile balistique de moyen port\u00e9e capable d&#039;atteindre des cibles \u00e0 2 500 kilom\u00e8tres.\" \/>\n<link rel=\"canonical\" href=\"https:\/\/www.webdo.tn\/fr\/actualite\/international\/face-a-israel-liran-deploie-le-redoutable-sejjil\/377851\/\" \/>\n<meta property=\"og:locale\" content=\"fr_FR\" \/>\n<meta property=\"og:type\" content=\"article\" \/>\n<meta property=\"og:title\" content=\"Face \u00e0 Isra\u00ebl, l\u2019Iran d\u00e9ploie le redoutable &quot;Sejjil&quot;\" \/>\n<meta property=\"og:description\" content=\"D\u00e9couvrez le Sejil Iran, un missile balistique de moyen port\u00e9e capable d&#039;atteindre des cibles \u00e0 2 500 kilom\u00e8tres.\" \/>\n<meta property=\"og:url\" content=\"https:\/\/www.webdo.tn\/fr\/actualite\/international\/face-a-israel-liran-deploie-le-redoutable-sejjil\/377851\/\" \/>\n<meta property=\"og:site_name\" content=\"webdo\" \/>\n<meta property=\"article:publisher\" content=\"https:\/\/www.facebook.com\/webdotn\" \/>\n<meta property=\"article:published_time\" content=\"2025-06-18T18:14:48+00:00\" \/>\n<meta property=\"article:modified_time\" content=\"2025-06-19T10:16:34+00:00\" \/>\n<meta property=\"og:image\" content=\"https:\/\/www.webdo.tn\/fr\/wp-content\/uploads\/2025\/06\/iranmissile01-c42b8e8ecf2e1b06d954ede1b368e931513b8f91.jpg\" \/>\n\t<meta property=\"og:image:width\" content=\"1000\" \/>\n\t<meta property=\"og:image:height\" content=\"750\" \/>\n\t<meta property=\"og:image:type\" content=\"image\/jpeg\" \/>\n<meta name=\"author\" content=\"Wided Belhaj\" \/>\n<meta name=\"twitter:card\" content=\"summary_large_image\" \/>\n<meta name=\"twitter:creator\" content=\"@webdo_tn\" \/>\n<meta name=\"twitter:site\" content=\"@webdo_tn\" \/>\n<meta name=\"twitter:label1\" content=\"\u00c9crit par\" \/>\n\t<meta name=\"twitter:data1\" content=\"Wided Belhaj\" \/>\n\t<meta name=\"twitter:label2\" content=\"Dur\u00e9e de lecture estim\u00e9e\" \/>\n\t<meta name=\"twitter:data2\" content=\"2 minutes\" \/>\n<script type=\"application\/ld+json\" class=\"yoast-schema-graph\">{\"@context\":\"https:\\\/\\\/schema.org\",\"@graph\":[{\"@type\":\"NewsArticle\",\"@id\":\"https:\\\/\\\/www.webdo.tn\\\/fr\\\/actualite\\\/international\\\/face-a-israel-liran-deploie-le-redoutable-sejjil\\\/377851\\\/#article\",\"isPartOf\":{\"@id\":\"https:\\\/\\\/www.webdo.tn\\\/fr\\\/actualite\\\/international\\\/face-a-israel-liran-deploie-le-redoutable-sejjil\\\/377851\\\/\"},\"author\":{\"name\":\"Wided Belhaj\",\"@id\":\"https:\\\/\\\/www.webdo.tn\\\/fr\\\/#\\\/schema\\\/person\\\/b9ecde7a5574cb4fcf4b496ea5fadb15\"},\"headline\":\"Face \u00e0 Isra\u00ebl, l\u2019Iran d\u00e9ploie le redoutable \u00ab\u00a0Sejjil\u00a0\u00bb\",\"datePublished\":\"2025-06-18T18:14:48+00:00\",\"dateModified\":\"2025-06-19T10:16:34+00:00\",\"mainEntityOfPage\":{\"@id\":\"https:\\\/\\\/www.webdo.tn\\\/fr\\\/actualite\\\/international\\\/face-a-israel-liran-deploie-le-redoutable-sejjil\\\/377851\\\/\"},\"wordCount\":272,\"commentCount\":0,\"publisher\":{\"@id\":\"https:\\\/\\\/www.webdo.tn\\\/fr\\\/#organization\"},\"image\":{\"@id\":\"https:\\\/\\\/www.webdo.tn\\\/fr\\\/actualite\\\/international\\\/face-a-israel-liran-deploie-le-redoutable-sejjil\\\/377851\\\/#primaryimage\"},\"thumbnailUrl\":\"https:\\\/\\\/www.webdo.tn\\\/fr\\\/wp-content\\\/uploads\\\/2025\\\/06\\\/iranmissile01-c42b8e8ecf2e1b06d954ede1b368e931513b8f91.jpg\",\"keywords\":[\"Iran\",\"Sejil\"],\"articleSection\":[\"International\"],\"inLanguage\":\"fr-FR\"},{\"@type\":\"WebPage\",\"@id\":\"https:\\\/\\\/www.webdo.tn\\\/fr\\\/actualite\\\/international\\\/face-a-israel-liran-deploie-le-redoutable-sejjil\\\/377851\\\/\",\"url\":\"https:\\\/\\\/www.webdo.tn\\\/fr\\\/actualite\\\/international\\\/face-a-israel-liran-deploie-le-redoutable-sejjil\\\/377851\\\/\",\"name\":\"Face \u00e0 Isra\u00ebl, l\u2019Iran d\u00e9ploie le redoutable \\\"Sejjil\\\" - webdo\",\"isPartOf\":{\"@id\":\"https:\\\/\\\/www.webdo.tn\\\/fr\\\/#website\"},\"primaryImageOfPage\":{\"@id\":\"https:\\\/\\\/www.webdo.tn\\\/fr\\\/actualite\\\/international\\\/face-a-israel-liran-deploie-le-redoutable-sejjil\\\/377851\\\/#primaryimage\"},\"image\":{\"@id\":\"https:\\\/\\\/www.webdo.tn\\\/fr\\\/actualite\\\/international\\\/face-a-israel-liran-deploie-le-redoutable-sejjil\\\/377851\\\/#primaryimage\"},\"thumbnailUrl\":\"https:\\\/\\\/www.webdo.tn\\\/fr\\\/wp-content\\\/uploads\\\/2025\\\/06\\\/iranmissile01-c42b8e8ecf2e1b06d954ede1b368e931513b8f91.jpg\",\"datePublished\":\"2025-06-18T18:14:48+00:00\",\"dateModified\":\"2025-06-19T10:16:34+00:00\",\"description\":\"D\u00e9couvrez le Sejil Iran, un missile balistique de moyen port\u00e9e capable d'atteindre des cibles \u00e0 2 500 kilom\u00e8tres.\",\"breadcrumb\":{\"@id\":\"https:\\\/\\\/www.webdo.tn\\\/fr\\\/actualite\\\/international\\\/face-a-israel-liran-deploie-le-redoutable-sejjil\\\/377851\\\/#breadcrumb\"},\"inLanguage\":\"fr-FR\",\"potentialAction\":[{\"@type\":\"ReadAction\",\"target\":[\"https:\\\/\\\/www.webdo.tn\\\/fr\\\/actualite\\\/international\\\/face-a-israel-liran-deploie-le-redoutable-sejjil\\\/377851\\\/\"]}]},{\"@type\":\"ImageObject\",\"inLanguage\":\"fr-FR\",\"@id\":\"https:\\\/\\\/www.webdo.tn\\\/fr\\\/actualite\\\/international\\\/face-a-israel-liran-deploie-le-redoutable-sejjil\\\/377851\\\/#primaryimage\",\"url\":\"https:\\\/\\\/www.webdo.tn\\\/fr\\\/wp-content\\\/uploads\\\/2025\\\/06\\\/iranmissile01-c42b8e8ecf2e1b06d954ede1b368e931513b8f91.jpg\",\"contentUrl\":\"https:\\\/\\\/www.webdo.tn\\\/fr\\\/wp-content\\\/uploads\\\/2025\\\/06\\\/iranmissile01-c42b8e8ecf2e1b06d954ede1b368e931513b8f91.jpg\",\"width\":1000,\"height\":750},{\"@type\":\"BreadcrumbList\",\"@id\":\"https:\\\/\\\/www.webdo.tn\\\/fr\\\/actualite\\\/international\\\/face-a-israel-liran-deploie-le-redoutable-sejjil\\\/377851\\\/#breadcrumb\",\"itemListElement\":[{\"@type\":\"ListItem\",\"position\":1,\"name\":\"Accueil\",\"item\":\"https:\\\/\\\/www.webdo.tn\\\/fr\\\/\"},{\"@type\":\"ListItem\",\"position\":2,\"name\":\"Face \u00e0 Isra\u00ebl, l\u2019Iran d\u00e9ploie le redoutable \u00ab\u00a0Sejjil\u00a0\u00bb\"}]},{\"@type\":\"WebSite\",\"@id\":\"https:\\\/\\\/www.webdo.tn\\\/fr\\\/#website\",\"url\":\"https:\\\/\\\/www.webdo.tn\\\/fr\\\/\",\"name\":\"webdo\",\"description\":\"Tunisie - News en Tunisie et \u00e0 l&#039;international sur Webdo.tn\",\"publisher\":{\"@id\":\"https:\\\/\\\/www.webdo.tn\\\/fr\\\/#organization\"},\"potentialAction\":[{\"@type\":\"SearchAction\",\"target\":{\"@type\":\"EntryPoint\",\"urlTemplate\":\"https:\\\/\\\/www.webdo.tn\\\/fr\\\/?s={search_term_string}\"},\"query-input\":{\"@type\":\"PropertyValueSpecification\",\"valueRequired\":true,\"valueName\":\"search_term_string\"}}],\"inLanguage\":\"fr-FR\"},{\"@type\":\"Organization\",\"@id\":\"https:\\\/\\\/www.webdo.tn\\\/fr\\\/#organization\",\"name\":\"Webdo\",\"alternateName\":\"Webdo.tn\",\"url\":\"https:\\\/\\\/www.webdo.tn\\\/fr\\\/\",\"logo\":{\"@type\":\"ImageObject\",\"inLanguage\":\"fr-FR\",\"@id\":\"https:\\\/\\\/www.webdo.tn\\\/fr\\\/#\\\/schema\\\/logo\\\/image\\\/\",\"url\":\"https:\\\/\\\/www.webdo.tn\\\/fr\\\/wp-content\\\/uploads\\\/2025\\\/06\\\/Webdo-Tunisie_168377.jpg\",\"contentUrl\":\"https:\\\/\\\/www.webdo.tn\\\/fr\\\/wp-content\\\/uploads\\\/2025\\\/06\\\/Webdo-Tunisie_168377.jpg\",\"width\":301,\"height\":301,\"caption\":\"Webdo\"},\"image\":{\"@id\":\"https:\\\/\\\/www.webdo.tn\\\/fr\\\/#\\\/schema\\\/logo\\\/image\\\/\"},\"sameAs\":[\"https:\\\/\\\/www.facebook.com\\\/webdotn\",\"https:\\\/\\\/x.com\\\/webdo_tn\"],\"description\":\"Webdo est un m\u00e9dia num\u00e9rique tunisien fond\u00e9 en 2010, sp\u00e9cialis\u00e9 dans l\u2019actualit\u00e9 nationale et internationale, l\u2019\u00e9conomie, la soci\u00e9t\u00e9 et les analyses politiques. Le site s\u2019adresse \u00e0 un large public francophone et couvre l\u2019information tunisienne en temps r\u00e9el.\",\"email\":\"redac@webdo.tn\",\"legalName\":\"YNJ SARL\",\"foundingDate\":\"2010-09-06\",\"numberOfEmployees\":{\"@type\":\"QuantitativeValue\",\"minValue\":\"11\",\"maxValue\":\"50\"}},{\"@type\":\"Person\",\"@id\":\"https:\\\/\\\/www.webdo.tn\\\/fr\\\/#\\\/schema\\\/person\\\/b9ecde7a5574cb4fcf4b496ea5fadb15\",\"name\":\"Wided Belhaj\",\"image\":{\"@type\":\"ImageObject\",\"inLanguage\":\"fr-FR\",\"@id\":\"https:\\\/\\\/www.webdo.tn\\\/fr\\\/wp-content\\\/uploads\\\/2026\\\/04\\\/wided-belhaj_avatar-96x96.jpg\",\"url\":\"https:\\\/\\\/www.webdo.tn\\\/fr\\\/wp-content\\\/uploads\\\/2026\\\/04\\\/wided-belhaj_avatar-96x96.jpg\",\"contentUrl\":\"https:\\\/\\\/www.webdo.tn\\\/fr\\\/wp-content\\\/uploads\\\/2026\\\/04\\\/wided-belhaj_avatar-96x96.jpg\",\"caption\":\"Wided Belhaj\"},\"description\":\"Wided Belhaj est le pseudonyme \u00e9ditorial utilis\u00e9 par Khalil Jelassi, journaliste, ma\u00eetre-assistant \u00e0 l\u2019Institut de presse et des sciences de l\u2019information (IPSI) et chercheur en sciences de l\u2019information et de la communication. Cette signature est d\u00e9di\u00e9e \u00e0 l\u2019analyse des m\u00e9dias, des pratiques journalistiques et des mutations de l\u2019information \u00e0 l\u2019\u00e8re digitale. \u00c0 travers ses contributions, Wided Belhaj propose une lecture analytique de l\u2019actualit\u00e9, en croisant regard critique et expertise acad\u00e9mique.\",\"knowsAbout\":[\"m\u00e9dias\",\"journalisme\",\"communication\",\"information\",\"transformation num\u00e9rique\",\"analyse des m\u00e9dias\"],\"knowsLanguage\":[\"Fran\u00e7ais\",\"Arabe\"],\"jobTitle\":\"Webdo.tn\",\"worksFor\":\"Journaliste \u2013 Analyse des m\u00e9dias\",\"url\":\"https:\\\/\\\/www.webdo.tn\\\/fr\\\/actualite\\\/author\\\/wided-belhaj\\\/\"}]}<\/script>\n<!-- \/ Yoast SEO Premium plugin. -->","yoast_head_json":{"title":"Face \u00e0 Isra\u00ebl, l\u2019Iran d\u00e9ploie le redoutable \"Sejjil\" - webdo","description":"D\u00e9couvrez le Sejil Iran, un missile balistique de moyen port\u00e9e capable d'atteindre des cibles \u00e0 2 500 kilom\u00e8tres.","canonical":"https:\/\/www.webdo.tn\/fr\/actualite\/international\/face-a-israel-liran-deploie-le-redoutable-sejjil\/377851\/","og_locale":"fr_FR","og_type":"article","og_title":"Face \u00e0 Isra\u00ebl, l\u2019Iran d\u00e9ploie le redoutable \"Sejjil\"","og_description":"D\u00e9couvrez le Sejil Iran, un missile balistique de moyen port\u00e9e capable d'atteindre des cibles \u00e0 2 500 kilom\u00e8tres.","og_url":"https:\/\/www.webdo.tn\/fr\/actualite\/international\/face-a-israel-liran-deploie-le-redoutable-sejjil\/377851\/","og_site_name":"webdo","article_publisher":"https:\/\/www.facebook.com\/webdotn","article_published_time":"2025-06-18T18:14:48+00:00","article_modified_time":"2025-06-19T10:16:34+00:00","og_image":[{"width":1000,"height":750,"url":"https:\/\/www.webdo.tn\/fr\/wp-content\/uploads\/2025\/06\/iranmissile01-c42b8e8ecf2e1b06d954ede1b368e931513b8f91.jpg","type":"image\/jpeg"}],"author":"Wided Belhaj","twitter_card":"summary_large_image","twitter_creator":"@webdo_tn","twitter_site":"@webdo_tn","twitter_misc":{"\u00c9crit par":"Wided Belhaj","Dur\u00e9e de lecture estim\u00e9e":"2 minutes"},"schema":{"@context":"https:\/\/schema.org","@graph":[{"@type":"NewsArticle","@id":"https:\/\/www.webdo.tn\/fr\/actualite\/international\/face-a-israel-liran-deploie-le-redoutable-sejjil\/377851\/#article","isPartOf":{"@id":"https:\/\/www.webdo.tn\/fr\/actualite\/international\/face-a-israel-liran-deploie-le-redoutable-sejjil\/377851\/"},"author":{"name":"Wided Belhaj","@id":"https:\/\/www.webdo.tn\/fr\/#\/schema\/person\/b9ecde7a5574cb4fcf4b496ea5fadb15"},"headline":"Face \u00e0 Isra\u00ebl, l\u2019Iran d\u00e9ploie le redoutable \u00ab\u00a0Sejjil\u00a0\u00bb","datePublished":"2025-06-18T18:14:48+00:00","dateModified":"2025-06-19T10:16:34+00:00","mainEntityOfPage":{"@id":"https:\/\/www.webdo.tn\/fr\/actualite\/international\/face-a-israel-liran-deploie-le-redoutable-sejjil\/377851\/"},"wordCount":272,"commentCount":0,"publisher":{"@id":"https:\/\/www.webdo.tn\/fr\/#organization"},"image":{"@id":"https:\/\/www.webdo.tn\/fr\/actualite\/international\/face-a-israel-liran-deploie-le-redoutable-sejjil\/377851\/#primaryimage"},"thumbnailUrl":"https:\/\/www.webdo.tn\/fr\/wp-content\/uploads\/2025\/06\/iranmissile01-c42b8e8ecf2e1b06d954ede1b368e931513b8f91.jpg","keywords":["Iran","Sejil"],"articleSection":["International"],"inLanguage":"fr-FR"},{"@type":"WebPage","@id":"https:\/\/www.webdo.tn\/fr\/actualite\/international\/face-a-israel-liran-deploie-le-redoutable-sejjil\/377851\/","url":"https:\/\/www.webdo.tn\/fr\/actualite\/international\/face-a-israel-liran-deploie-le-redoutable-sejjil\/377851\/","name":"Face \u00e0 Isra\u00ebl, l\u2019Iran d\u00e9ploie le redoutable \"Sejjil\" - webdo","isPartOf":{"@id":"https:\/\/www.webdo.tn\/fr\/#website"},"primaryImageOfPage":{"@id":"https:\/\/www.webdo.tn\/fr\/actualite\/international\/face-a-israel-liran-deploie-le-redoutable-sejjil\/377851\/#primaryimage"},"image":{"@id":"https:\/\/www.webdo.tn\/fr\/actualite\/international\/face-a-israel-liran-deploie-le-redoutable-sejjil\/377851\/#primaryimage"},"thumbnailUrl":"https:\/\/www.webdo.tn\/fr\/wp-content\/uploads\/2025\/06\/iranmissile01-c42b8e8ecf2e1b06d954ede1b368e931513b8f91.jpg","datePublished":"2025-06-18T18:14:48+00:00","dateModified":"2025-06-19T10:16:34+00:00","description":"D\u00e9couvrez le Sejil Iran, un missile balistique de moyen port\u00e9e capable d'atteindre des cibles \u00e0 2 500 kilom\u00e8tres.","breadcrumb":{"@id":"https:\/\/www.webdo.tn\/fr\/actualite\/international\/face-a-israel-liran-deploie-le-redoutable-sejjil\/377851\/#breadcrumb"},"inLanguage":"fr-FR","potentialAction":[{"@type":"ReadAction","target":["https:\/\/www.webdo.tn\/fr\/actualite\/international\/face-a-israel-liran-deploie-le-redoutable-sejjil\/377851\/"]}]},{"@type":"ImageObject","inLanguage":"fr-FR","@id":"https:\/\/www.webdo.tn\/fr\/actualite\/international\/face-a-israel-liran-deploie-le-redoutable-sejjil\/377851\/#primaryimage","url":"https:\/\/www.webdo.tn\/fr\/wp-content\/uploads\/2025\/06\/iranmissile01-c42b8e8ecf2e1b06d954ede1b368e931513b8f91.jpg","contentUrl":"https:\/\/www.webdo.tn\/fr\/wp-content\/uploads\/2025\/06\/iranmissile01-c42b8e8ecf2e1b06d954ede1b368e931513b8f91.jpg","width":1000,"height":750},{"@type":"BreadcrumbList","@id":"https:\/\/www.webdo.tn\/fr\/actualite\/international\/face-a-israel-liran-deploie-le-redoutable-sejjil\/377851\/#breadcrumb","itemListElement":[{"@type":"ListItem","position":1,"name":"Accueil","item":"https:\/\/www.webdo.tn\/fr\/"},{"@type":"ListItem","position":2,"name":"Face \u00e0 Isra\u00ebl, l\u2019Iran d\u00e9ploie le redoutable \u00ab\u00a0Sejjil\u00a0\u00bb"}]},{"@type":"WebSite","@id":"https:\/\/www.webdo.tn\/fr\/#website","url":"https:\/\/www.webdo.tn\/fr\/","name":"webdo","description":"Tunisie - News en Tunisie et \u00e0 l&#039;international sur Webdo.tn","publisher":{"@id":"https:\/\/www.webdo.tn\/fr\/#organization"},"potentialAction":[{"@type":"SearchAction","target":{"@type":"EntryPoint","urlTemplate":"https:\/\/www.webdo.tn\/fr\/?s={search_term_string}"},"query-input":{"@type":"PropertyValueSpecification","valueRequired":true,"valueName":"search_term_string"}}],"inLanguage":"fr-FR"},{"@type":"Organization","@id":"https:\/\/www.webdo.tn\/fr\/#organization","name":"Webdo","alternateName":"Webdo.tn","url":"https:\/\/www.webdo.tn\/fr\/","logo":{"@type":"ImageObject","inLanguage":"fr-FR","@id":"https:\/\/www.webdo.tn\/fr\/#\/schema\/logo\/image\/","url":"https:\/\/www.webdo.tn\/fr\/wp-content\/uploads\/2025\/06\/Webdo-Tunisie_168377.jpg","contentUrl":"https:\/\/www.webdo.tn\/fr\/wp-content\/uploads\/2025\/06\/Webdo-Tunisie_168377.jpg","width":301,"height":301,"caption":"Webdo"},"image":{"@id":"https:\/\/www.webdo.tn\/fr\/#\/schema\/logo\/image\/"},"sameAs":["https:\/\/www.facebook.com\/webdotn","https:\/\/x.com\/webdo_tn"],"description":"Webdo est un m\u00e9dia num\u00e9rique tunisien fond\u00e9 en 2010, sp\u00e9cialis\u00e9 dans l\u2019actualit\u00e9 nationale et internationale, l\u2019\u00e9conomie, la soci\u00e9t\u00e9 et les analyses politiques. Le site s\u2019adresse \u00e0 un large public francophone et couvre l\u2019information tunisienne en temps r\u00e9el.","email":"redac@webdo.tn","legalName":"YNJ SARL","foundingDate":"2010-09-06","numberOfEmployees":{"@type":"QuantitativeValue","minValue":"11","maxValue":"50"}},{"@type":"Person","@id":"https:\/\/www.webdo.tn\/fr\/#\/schema\/person\/b9ecde7a5574cb4fcf4b496ea5fadb15","name":"Wided Belhaj","image":{"@type":"ImageObject","inLanguage":"fr-FR","@id":"https:\/\/www.webdo.tn\/fr\/wp-content\/uploads\/2026\/04\/wided-belhaj_avatar-96x96.jpg","url":"https:\/\/www.webdo.tn\/fr\/wp-content\/uploads\/2026\/04\/wided-belhaj_avatar-96x96.jpg","contentUrl":"https:\/\/www.webdo.tn\/fr\/wp-content\/uploads\/2026\/04\/wided-belhaj_avatar-96x96.jpg","caption":"Wided Belhaj"},"description":"Wided Belhaj est le pseudonyme \u00e9ditorial utilis\u00e9 par Khalil Jelassi, journaliste, ma\u00eetre-assistant \u00e0 l\u2019Institut de presse et des sciences de l\u2019information (IPSI) et chercheur en sciences de l\u2019information et de la communication. Cette signature est d\u00e9di\u00e9e \u00e0 l\u2019analyse des m\u00e9dias, des pratiques journalistiques et des mutations de l\u2019information \u00e0 l\u2019\u00e8re digitale. \u00c0 travers ses contributions, Wided Belhaj propose une lecture analytique de l\u2019actualit\u00e9, en croisant regard critique et expertise acad\u00e9mique.","knowsAbout":["m\u00e9dias","journalisme","communication","information","transformation num\u00e9rique","analyse des m\u00e9dias"],"knowsLanguage":["Fran\u00e7ais","Arabe"],"jobTitle":"Webdo.tn","worksFor":"Journaliste \u2013 Analyse des m\u00e9dias","url":"https:\/\/www.webdo.tn\/fr\/actualite\/author\/wided-belhaj\/"}]}},"_links":{"self":[{"href":"https:\/\/www.webdo.tn\/fr\/wp-json\/wp\/v2\/posts\/377851","targetHints":{"allow":["GET"]}}],"collection":[{"href":"https:\/\/www.webdo.tn\/fr\/wp-json\/wp\/v2\/posts"}],"about":[{"href":"https:\/\/www.webdo.tn\/fr\/wp-json\/wp\/v2\/types\/post"}],"author":[{"embeddable":true,"href":"https:\/\/www.webdo.tn\/fr\/wp-json\/wp\/v2\/users\/3184"}],"replies":[{"embeddable":true,"href":"https:\/\/www.webdo.tn\/fr\/wp-json\/wp\/v2\/comments?post=377851"}],"version-history":[{"count":0,"href":"https:\/\/www.webdo.tn\/fr\/wp-json\/wp\/v2\/posts\/377851\/revisions"}],"wp:featuredmedia":[{"embeddable":true,"href":"https:\/\/www.webdo.tn\/fr\/wp-json\/wp\/v2\/media\/377852"}],"wp:attachment":[{"href":"https:\/\/www.webdo.tn\/fr\/wp-json\/wp\/v2\/media?parent=377851"}],"wp:term":[{"taxonomy":"category","embeddable":true,"href":"https:\/\/www.webdo.tn\/fr\/wp-json\/wp\/v2\/categories?post=377851"},{"taxonomy":"post_tag","embeddable":true,"href":"https:\/\/www.webdo.tn\/fr\/wp-json\/wp\/v2\/tags?post=377851"}],"curies":[{"name":"wp","href":"https:\/\/api.w.org\/{rel}","templated":true}]}}