{"id":377836,"date":"2025-06-18T16:13:25","date_gmt":"2025-06-18T15:13:25","guid":{"rendered":"https:\/\/www.webdo.tn\/fr\/?p=377836"},"modified":"2025-06-18T16:13:26","modified_gmt":"2025-06-18T15:13:26","slug":"trump-a-poutine-occupe-toi-dabord-de-la-russie","status":"publish","type":"post","link":"https:\/\/www.webdo.tn\/fr\/actualite\/international\/trump-a-poutine-occupe-toi-dabord-de-la-russie\/377836\/","title":{"rendered":"Trump \u00e0 Poutine : \u00ab\u00a0Occupe-toi d\u2019abord de la Russie\u00a0\u00bb"},"content":{"rendered":"\n<p>Alors que les tensions entre Isra\u00ebl et l\u2019Iran entrent dans leur deuxi\u00e8me semaine, Donald Trump multiplie les d\u00e9clarations tonitruantes. Mardi soir, depuis les jardins de la Maison Blanche, le pr\u00e9sident am\u00e9ricain a balay\u00e9 d\u2019un revers de main l\u2019offre de m\u00e9diation russe dans le conflit en cours. <\/p>\n\n\n\n<p><strong>\u00ab Je lui ai dit : Fais-moi une faveur \u2014 commence par t\u2019occuper de tes propres affaires. R\u00e9glons d\u2019abord les probl\u00e8mes de la Russie, d\u2019accord ? Vladimir, occupons-nous d\u2019abord de la Russie, tu te soucieras du reste plus tard. \u00bb,<\/strong> a-t-il lanc\u00e9 en r\u00e9ponse \u00e0 l\u2019initiative de Vladimir Poutine, qui avait propos\u00e9 plus t\u00f4t dans la journ\u00e9e d\u2019aider \u00e0 d\u00e9samorcer l\u2019escalade militaire entre T\u00e9h\u00e9ran et Tel-Aviv.<\/p>\n\n\n\n<p>\u201cI said do me a favor &#8211; mediate your own. Let\u2019s mediate Russia first, OK? I said, \u2018Vladimir, let\u2019s mediate Russia first, you can worry about this later\u2019\u201d.<\/p>\n\n\n\n<p>Ce rejet, formul\u00e9 avec une ironie glaciale, en dit long sur la posture actuelle de Washington : aucune place pour une m\u00e9diation ext\u00e9rieure, surtout venue d\u2019un Kremlin que Trump cherche d\u00e9sormais \u00e0 marginaliser sur la sc\u00e8ne internationale.<\/p>\n\n\n\n<h3 class=\"wp-block-heading\" id=\"h-menace-nucleaire-implicite\">Menace nucl\u00e9aire implicite<\/h3>\n\n\n\n<p>Dans la m\u00eame intervention, Trump a hauss\u00e9 le ton contre l\u2019Iran, affirmant sans apporter de preuve que \u00ab le pays n\u2019a aucune d\u00e9fense a\u00e9rienne \u00bb, le qualifiant m\u00eame de \u00ab totalement sans d\u00e9fense \u00bb. Il a ensuite \u00e9voqu\u00e9 une hypoth\u00e9tique \u00ab reddition inconditionnelle \u00bb de T\u00e9h\u00e9ran. <\/p>\n\n\n\n<p>\u00ab Ensuite, on va faire exploser tout ce qui est nucl\u00e9aire l\u00e0-bas \u00bb, a-t-il lanc\u00e9, en r\u00e9f\u00e9rence aux sites atomiques de la R\u00e9publique islamique. Une menace \u00e0 peine voil\u00e9e de frappes pr\u00e9ventives, que de nombreux analystes interpr\u00e8tent comme un retour \u00e0 la doctrine de \u00ab dissuasion extr\u00eame \u00bb ch\u00e8re aux faucons de Washington.<\/p>\n\n\n\n<h3 class=\"wp-block-heading\" id=\"h-des-negociations-trop-tard\">Des n\u00e9gociations\u2026 trop tard ?<\/h3>\n\n\n\n<p>Trump a par ailleurs affirm\u00e9 qu\u2019il avait \u00e9t\u00e9 approch\u00e9 par des responsables iraniens pour entamer un dialogue. Il leur aurait r\u00e9pondu qu\u2019\u00ab il \u00e9tait tr\u00e8s tard pour parler \u00bb. Tout en se gardant d\u2019annoncer clairement une intervention militaire, il a sem\u00e9 le doute : \u00ab Je vais peut-\u00eatre le faire, peut-\u00eatre pas. Personne ne sait. \u00bb Une ambigu\u00eft\u00e9 strat\u00e9gique assum\u00e9e, qui vise autant \u00e0 d\u00e9stabiliser l\u2019adversaire qu\u2019\u00e0 garder la main sur le tempo diplomatique.<\/p>\n\n\n\n<h3 class=\"wp-block-heading\" id=\"h-une-semaine-tres-importante\">Une semaine \u00ab tr\u00e8s importante \u00bb<\/h3>\n\n\n\n<p>Malgr\u00e9 ces menaces, Trump n\u2019a pas exclu la possibilit\u00e9 d\u2019un d\u00e9nouement rapide : \u00ab La semaine prochaine sera tr\u00e8s importante, peut-\u00eatre m\u00eame avant. \u00bb Il a toutefois reconnu que \u00ab rien n\u2019est encore gagn\u00e9 \u00bb et que \u00ab la guerre, c\u2019est compliqu\u00e9, beaucoup de choses peuvent tourner mal \u00bb.<\/p>\n\n\n\n<p>Ces propos arrivent alors que les \u00c9tats-Unis poursuivent leur soutien d\u00e9fensif \u00e0 Isra\u00ebl depuis le d\u00e9but des affrontements avec l\u2019Iran. Mais en usant du \u00ab nous \u00bb pour parler d\u2019\u00e9ventuelles frappes, Trump continue de brouiller la ligne entre aide indirecte et entr\u00e9e en guerre ouverte.<\/p>\n\n\n\n<h3 class=\"wp-block-heading\" id=\"h-entre-menace-et-confusion\">Entre menace et confusion<\/h3>\n\n\n\n<p>\u00c0 travers ce m\u00e9lange de bravades, de fausses ouvertures diplomatiques et d\u2019impr\u00e9cisions strat\u00e9giques, Donald Trump entretient une ambigu\u00eft\u00e9 dangereuse. D\u2019un c\u00f4t\u00e9, il souffle la possibilit\u00e9 d\u2019un apaisement ; de l\u2019autre, il attise les braises d\u2019un embrasement r\u00e9gional. Cette posture confuse, marqu\u00e9e par un m\u00e9pris affich\u00e9 pour l\u2019ordre diplomatique multilat\u00e9ral et les institutions internationales, fait redouter le pire.<\/p>\n\n\n\n<p>Alors que les missiles continuent de tomber au Proche-Orient, le monde retient son souffle. Et les prochaines heures pourraient bien \u00eatre d\u00e9cisives.<\/p>\n","protected":false},"excerpt":{"rendered":"<p>Alors que les tensions entre Isra\u00ebl et l\u2019Iran entrent dans leur deuxi\u00e8me semaine, Donald Trump multiplie les d\u00e9clarations tonitruantes. Mardi soir, depuis les jardins de la Maison Blanche, le pr\u00e9sident am\u00e9ricain a balay\u00e9 d\u2019un revers de main l\u2019offre de m\u00e9diation russe dans le conflit en cours. \u00ab Je lui ai dit : Fais-moi une faveur [&hellip;]<\/p>\n","protected":false},"author":3203,"featured_media":377843,"comment_status":"open","ping_status":"open","sticky":false,"template":"","format":"standard","meta":{"footnotes":""},"categories":[2598],"tags":[2600,2912,11916,3309],"class_list":["post-377836","post","type-post","status-publish","format-standard","has-post-thumbnail","hentry","category-international","tag-guerre","tag-iran","tag-israel-2","tag-trump"],"yoast_head":"<!-- This site is optimized with the Yoast SEO Premium plugin v27.5 (Yoast SEO v27.5) - https:\/\/yoast.com\/product\/yoast-seo-premium-wordpress\/ -->\n<title>Trump \u00e0 Poutine : &quot;Occupe-toi d\u2019abord de la Russie&quot; - webdo<\/title>\n<meta name=\"description\" content=\"Trump r\u00e9pond \u00e0 Poutine sur la m\u00e9diation en Iran - Isra\u00ebl. D\u00e9couvrez les tensions et postures politiques actuelles.\" \/>\n<link rel=\"canonical\" href=\"https:\/\/www.webdo.tn\/fr\/actualite\/international\/trump-a-poutine-occupe-toi-dabord-de-la-russie\/377836\/\" \/>\n<meta property=\"og:locale\" content=\"fr_FR\" \/>\n<meta property=\"og:type\" content=\"article\" \/>\n<meta property=\"og:title\" content=\"Trump \u00e0 Poutine : &quot;Occupe-toi d\u2019abord de la Russie&quot;\" \/>\n<meta property=\"og:description\" content=\"Trump r\u00e9pond \u00e0 Poutine sur la m\u00e9diation en Iran - Isra\u00ebl. D\u00e9couvrez les tensions et postures politiques actuelles.\" \/>\n<meta property=\"og:url\" content=\"https:\/\/www.webdo.tn\/fr\/actualite\/international\/trump-a-poutine-occupe-toi-dabord-de-la-russie\/377836\/\" \/>\n<meta property=\"og:site_name\" content=\"webdo\" \/>\n<meta property=\"article:publisher\" content=\"https:\/\/www.facebook.com\/webdotn\" \/>\n<meta property=\"article:published_time\" content=\"2025-06-18T15:13:25+00:00\" \/>\n<meta property=\"article:modified_time\" content=\"2025-06-18T15:13:26+00:00\" \/>\n<meta property=\"og:image\" content=\"https:\/\/www.webdo.tn\/fr\/wp-content\/uploads\/2025\/06\/Trump-white-house.jpg\" \/>\n\t<meta property=\"og:image:width\" content=\"1078\" \/>\n\t<meta property=\"og:image:height\" content=\"631\" \/>\n\t<meta property=\"og:image:type\" content=\"image\/jpeg\" \/>\n<meta name=\"author\" content=\"Ramzi Haddad\" \/>\n<meta name=\"twitter:card\" content=\"summary_large_image\" \/>\n<meta name=\"twitter:creator\" content=\"@webdo_tn\" \/>\n<meta name=\"twitter:site\" content=\"@webdo_tn\" \/>\n<meta name=\"twitter:label1\" content=\"\u00c9crit par\" \/>\n\t<meta name=\"twitter:data1\" content=\"Ramzi Haddad\" \/>\n\t<meta name=\"twitter:label2\" content=\"Dur\u00e9e de lecture estim\u00e9e\" \/>\n\t<meta name=\"twitter:data2\" content=\"3 minutes\" \/>\n<script type=\"application\/ld+json\" class=\"yoast-schema-graph\">{\"@context\":\"https:\\\/\\\/schema.org\",\"@graph\":[{\"@type\":\"NewsArticle\",\"@id\":\"https:\\\/\\\/www.webdo.tn\\\/fr\\\/actualite\\\/international\\\/trump-a-poutine-occupe-toi-dabord-de-la-russie\\\/377836\\\/#article\",\"isPartOf\":{\"@id\":\"https:\\\/\\\/www.webdo.tn\\\/fr\\\/actualite\\\/international\\\/trump-a-poutine-occupe-toi-dabord-de-la-russie\\\/377836\\\/\"},\"author\":{\"name\":\"Ramzi Haddad\",\"@id\":\"https:\\\/\\\/www.webdo.tn\\\/fr\\\/#\\\/schema\\\/person\\\/5663044c25eb36d8f88ba5b653f12f8c\"},\"headline\":\"Trump \u00e0 Poutine : \u00ab\u00a0Occupe-toi d\u2019abord de la Russie\u00a0\u00bb\",\"datePublished\":\"2025-06-18T15:13:25+00:00\",\"dateModified\":\"2025-06-18T15:13:26+00:00\",\"mainEntityOfPage\":{\"@id\":\"https:\\\/\\\/www.webdo.tn\\\/fr\\\/actualite\\\/international\\\/trump-a-poutine-occupe-toi-dabord-de-la-russie\\\/377836\\\/\"},\"wordCount\":603,\"commentCount\":0,\"publisher\":{\"@id\":\"https:\\\/\\\/www.webdo.tn\\\/fr\\\/#organization\"},\"image\":{\"@id\":\"https:\\\/\\\/www.webdo.tn\\\/fr\\\/actualite\\\/international\\\/trump-a-poutine-occupe-toi-dabord-de-la-russie\\\/377836\\\/#primaryimage\"},\"thumbnailUrl\":\"https:\\\/\\\/www.webdo.tn\\\/fr\\\/wp-content\\\/uploads\\\/2025\\\/06\\\/Trump-white-house.jpg\",\"keywords\":[\"guerre\",\"Iran\",\"Israel\",\"trump\"],\"articleSection\":[\"International\"],\"inLanguage\":\"fr-FR\"},{\"@type\":\"WebPage\",\"@id\":\"https:\\\/\\\/www.webdo.tn\\\/fr\\\/actualite\\\/international\\\/trump-a-poutine-occupe-toi-dabord-de-la-russie\\\/377836\\\/\",\"url\":\"https:\\\/\\\/www.webdo.tn\\\/fr\\\/actualite\\\/international\\\/trump-a-poutine-occupe-toi-dabord-de-la-russie\\\/377836\\\/\",\"name\":\"Trump \u00e0 Poutine : \\\"Occupe-toi d\u2019abord de la Russie\\\" - webdo\",\"isPartOf\":{\"@id\":\"https:\\\/\\\/www.webdo.tn\\\/fr\\\/#website\"},\"primaryImageOfPage\":{\"@id\":\"https:\\\/\\\/www.webdo.tn\\\/fr\\\/actualite\\\/international\\\/trump-a-poutine-occupe-toi-dabord-de-la-russie\\\/377836\\\/#primaryimage\"},\"image\":{\"@id\":\"https:\\\/\\\/www.webdo.tn\\\/fr\\\/actualite\\\/international\\\/trump-a-poutine-occupe-toi-dabord-de-la-russie\\\/377836\\\/#primaryimage\"},\"thumbnailUrl\":\"https:\\\/\\\/www.webdo.tn\\\/fr\\\/wp-content\\\/uploads\\\/2025\\\/06\\\/Trump-white-house.jpg\",\"datePublished\":\"2025-06-18T15:13:25+00:00\",\"dateModified\":\"2025-06-18T15:13:26+00:00\",\"description\":\"Trump r\u00e9pond \u00e0 Poutine sur la m\u00e9diation en Iran - Isra\u00ebl. D\u00e9couvrez les tensions et postures politiques actuelles.\",\"breadcrumb\":{\"@id\":\"https:\\\/\\\/www.webdo.tn\\\/fr\\\/actualite\\\/international\\\/trump-a-poutine-occupe-toi-dabord-de-la-russie\\\/377836\\\/#breadcrumb\"},\"inLanguage\":\"fr-FR\",\"potentialAction\":[{\"@type\":\"ReadAction\",\"target\":[\"https:\\\/\\\/www.webdo.tn\\\/fr\\\/actualite\\\/international\\\/trump-a-poutine-occupe-toi-dabord-de-la-russie\\\/377836\\\/\"]}]},{\"@type\":\"ImageObject\",\"inLanguage\":\"fr-FR\",\"@id\":\"https:\\\/\\\/www.webdo.tn\\\/fr\\\/actualite\\\/international\\\/trump-a-poutine-occupe-toi-dabord-de-la-russie\\\/377836\\\/#primaryimage\",\"url\":\"https:\\\/\\\/www.webdo.tn\\\/fr\\\/wp-content\\\/uploads\\\/2025\\\/06\\\/Trump-white-house.jpg\",\"contentUrl\":\"https:\\\/\\\/www.webdo.tn\\\/fr\\\/wp-content\\\/uploads\\\/2025\\\/06\\\/Trump-white-house.jpg\",\"width\":1078,\"height\":631,\"caption\":\"Trump s\u2019adresse aux journalistes lors de l\u2019installation d\u2019un nouveau m\u00e2t sur la pelouse sud de la Maison Blanche, \u00e0 Washington, ce mardi 18 juin.\"},{\"@type\":\"BreadcrumbList\",\"@id\":\"https:\\\/\\\/www.webdo.tn\\\/fr\\\/actualite\\\/international\\\/trump-a-poutine-occupe-toi-dabord-de-la-russie\\\/377836\\\/#breadcrumb\",\"itemListElement\":[{\"@type\":\"ListItem\",\"position\":1,\"name\":\"Accueil\",\"item\":\"https:\\\/\\\/www.webdo.tn\\\/fr\\\/\"},{\"@type\":\"ListItem\",\"position\":2,\"name\":\"Trump \u00e0 Poutine : \u00ab\u00a0Occupe-toi d\u2019abord de la Russie\u00a0\u00bb\"}]},{\"@type\":\"WebSite\",\"@id\":\"https:\\\/\\\/www.webdo.tn\\\/fr\\\/#website\",\"url\":\"https:\\\/\\\/www.webdo.tn\\\/fr\\\/\",\"name\":\"webdo\",\"description\":\"Tunisie - News en Tunisie et \u00e0 l&#039;international sur Webdo.tn\",\"publisher\":{\"@id\":\"https:\\\/\\\/www.webdo.tn\\\/fr\\\/#organization\"},\"potentialAction\":[{\"@type\":\"SearchAction\",\"target\":{\"@type\":\"EntryPoint\",\"urlTemplate\":\"https:\\\/\\\/www.webdo.tn\\\/fr\\\/?s={search_term_string}\"},\"query-input\":{\"@type\":\"PropertyValueSpecification\",\"valueRequired\":true,\"valueName\":\"search_term_string\"}}],\"inLanguage\":\"fr-FR\"},{\"@type\":\"Organization\",\"@id\":\"https:\\\/\\\/www.webdo.tn\\\/fr\\\/#organization\",\"name\":\"Webdo\",\"alternateName\":\"Webdo.tn\",\"url\":\"https:\\\/\\\/www.webdo.tn\\\/fr\\\/\",\"logo\":{\"@type\":\"ImageObject\",\"inLanguage\":\"fr-FR\",\"@id\":\"https:\\\/\\\/www.webdo.tn\\\/fr\\\/#\\\/schema\\\/logo\\\/image\\\/\",\"url\":\"https:\\\/\\\/www.webdo.tn\\\/fr\\\/wp-content\\\/uploads\\\/2025\\\/06\\\/Webdo-Tunisie_168377.jpg\",\"contentUrl\":\"https:\\\/\\\/www.webdo.tn\\\/fr\\\/wp-content\\\/uploads\\\/2025\\\/06\\\/Webdo-Tunisie_168377.jpg\",\"width\":301,\"height\":301,\"caption\":\"Webdo\"},\"image\":{\"@id\":\"https:\\\/\\\/www.webdo.tn\\\/fr\\\/#\\\/schema\\\/logo\\\/image\\\/\"},\"sameAs\":[\"https:\\\/\\\/www.facebook.com\\\/webdotn\",\"https:\\\/\\\/x.com\\\/webdo_tn\"],\"description\":\"Webdo est un m\u00e9dia num\u00e9rique tunisien fond\u00e9 en 2010, sp\u00e9cialis\u00e9 dans l\u2019actualit\u00e9 nationale et internationale, l\u2019\u00e9conomie, la soci\u00e9t\u00e9 et les analyses politiques. Le site s\u2019adresse \u00e0 un large public francophone et couvre l\u2019information tunisienne en temps r\u00e9el.\",\"email\":\"redac@webdo.tn\",\"legalName\":\"YNJ SARL\",\"foundingDate\":\"2010-09-06\",\"numberOfEmployees\":{\"@type\":\"QuantitativeValue\",\"minValue\":\"11\",\"maxValue\":\"50\"}},{\"@type\":\"Person\",\"@id\":\"https:\\\/\\\/www.webdo.tn\\\/fr\\\/#\\\/schema\\\/person\\\/5663044c25eb36d8f88ba5b653f12f8c\",\"name\":\"Ramzi Haddad\",\"image\":{\"@type\":\"ImageObject\",\"inLanguage\":\"fr-FR\",\"@id\":\"https:\\\/\\\/www.webdo.tn\\\/fr\\\/wp-content\\\/uploads\\\/2026\\\/04\\\/ramzi-haddad_avatar-96x96.jpg\",\"url\":\"https:\\\/\\\/www.webdo.tn\\\/fr\\\/wp-content\\\/uploads\\\/2026\\\/04\\\/ramzi-haddad_avatar-96x96.jpg\",\"contentUrl\":\"https:\\\/\\\/www.webdo.tn\\\/fr\\\/wp-content\\\/uploads\\\/2026\\\/04\\\/ramzi-haddad_avatar-96x96.jpg\",\"caption\":\"Ramzi Haddad\"},\"description\":\"Signature \u00e9ditoriale de Walid Ben Youssef Ramzi Haddad est le pseudonyme \u00e9ditorial de Walid Ben Youssef, fondateur et g\u00e9rant de Webdo.tn. Cette signature est d\u00e9di\u00e9e \u00e0 la couverture de l'actualit\u00e9 nationale et internationale, ainsi qu'aux analyses des dynamiques num\u00e9riques. Ce profil b\u00e9n\u00e9ficie de l'expertise de Walid Ben Youssef, pionnier du web en Tunisie depuis 2000 et dipl\u00f4m\u00e9 en Math\u00e9matiques pures de l'Universit\u00e9 d'Oregon. \u00c0 travers cette signature, la r\u00e9daction de Webdo garantit une information structur\u00e9e et v\u00e9rifi\u00e9e, fid\u00e8le aux standards journalistiques du m\u00e9dia.\",\"url\":\"https:\\\/\\\/www.webdo.tn\\\/fr\\\/actualite\\\/author\\\/ramzi-haddad\\\/\"}]}<\/script>\n<!-- \/ Yoast SEO Premium plugin. -->","yoast_head_json":{"title":"Trump \u00e0 Poutine : \"Occupe-toi d\u2019abord de la Russie\" - webdo","description":"Trump r\u00e9pond \u00e0 Poutine sur la m\u00e9diation en Iran - Isra\u00ebl. D\u00e9couvrez les tensions et postures politiques actuelles.","canonical":"https:\/\/www.webdo.tn\/fr\/actualite\/international\/trump-a-poutine-occupe-toi-dabord-de-la-russie\/377836\/","og_locale":"fr_FR","og_type":"article","og_title":"Trump \u00e0 Poutine : \"Occupe-toi d\u2019abord de la Russie\"","og_description":"Trump r\u00e9pond \u00e0 Poutine sur la m\u00e9diation en Iran - Isra\u00ebl. D\u00e9couvrez les tensions et postures politiques actuelles.","og_url":"https:\/\/www.webdo.tn\/fr\/actualite\/international\/trump-a-poutine-occupe-toi-dabord-de-la-russie\/377836\/","og_site_name":"webdo","article_publisher":"https:\/\/www.facebook.com\/webdotn","article_published_time":"2025-06-18T15:13:25+00:00","article_modified_time":"2025-06-18T15:13:26+00:00","og_image":[{"width":1078,"height":631,"url":"https:\/\/www.webdo.tn\/fr\/wp-content\/uploads\/2025\/06\/Trump-white-house.jpg","type":"image\/jpeg"}],"author":"Ramzi Haddad","twitter_card":"summary_large_image","twitter_creator":"@webdo_tn","twitter_site":"@webdo_tn","twitter_misc":{"\u00c9crit par":"Ramzi Haddad","Dur\u00e9e de lecture estim\u00e9e":"3 minutes"},"schema":{"@context":"https:\/\/schema.org","@graph":[{"@type":"NewsArticle","@id":"https:\/\/www.webdo.tn\/fr\/actualite\/international\/trump-a-poutine-occupe-toi-dabord-de-la-russie\/377836\/#article","isPartOf":{"@id":"https:\/\/www.webdo.tn\/fr\/actualite\/international\/trump-a-poutine-occupe-toi-dabord-de-la-russie\/377836\/"},"author":{"name":"Ramzi Haddad","@id":"https:\/\/www.webdo.tn\/fr\/#\/schema\/person\/5663044c25eb36d8f88ba5b653f12f8c"},"headline":"Trump \u00e0 Poutine : \u00ab\u00a0Occupe-toi d\u2019abord de la Russie\u00a0\u00bb","datePublished":"2025-06-18T15:13:25+00:00","dateModified":"2025-06-18T15:13:26+00:00","mainEntityOfPage":{"@id":"https:\/\/www.webdo.tn\/fr\/actualite\/international\/trump-a-poutine-occupe-toi-dabord-de-la-russie\/377836\/"},"wordCount":603,"commentCount":0,"publisher":{"@id":"https:\/\/www.webdo.tn\/fr\/#organization"},"image":{"@id":"https:\/\/www.webdo.tn\/fr\/actualite\/international\/trump-a-poutine-occupe-toi-dabord-de-la-russie\/377836\/#primaryimage"},"thumbnailUrl":"https:\/\/www.webdo.tn\/fr\/wp-content\/uploads\/2025\/06\/Trump-white-house.jpg","keywords":["guerre","Iran","Israel","trump"],"articleSection":["International"],"inLanguage":"fr-FR"},{"@type":"WebPage","@id":"https:\/\/www.webdo.tn\/fr\/actualite\/international\/trump-a-poutine-occupe-toi-dabord-de-la-russie\/377836\/","url":"https:\/\/www.webdo.tn\/fr\/actualite\/international\/trump-a-poutine-occupe-toi-dabord-de-la-russie\/377836\/","name":"Trump \u00e0 Poutine : \"Occupe-toi d\u2019abord de la Russie\" - webdo","isPartOf":{"@id":"https:\/\/www.webdo.tn\/fr\/#website"},"primaryImageOfPage":{"@id":"https:\/\/www.webdo.tn\/fr\/actualite\/international\/trump-a-poutine-occupe-toi-dabord-de-la-russie\/377836\/#primaryimage"},"image":{"@id":"https:\/\/www.webdo.tn\/fr\/actualite\/international\/trump-a-poutine-occupe-toi-dabord-de-la-russie\/377836\/#primaryimage"},"thumbnailUrl":"https:\/\/www.webdo.tn\/fr\/wp-content\/uploads\/2025\/06\/Trump-white-house.jpg","datePublished":"2025-06-18T15:13:25+00:00","dateModified":"2025-06-18T15:13:26+00:00","description":"Trump r\u00e9pond \u00e0 Poutine sur la m\u00e9diation en Iran - Isra\u00ebl. D\u00e9couvrez les tensions et postures politiques actuelles.","breadcrumb":{"@id":"https:\/\/www.webdo.tn\/fr\/actualite\/international\/trump-a-poutine-occupe-toi-dabord-de-la-russie\/377836\/#breadcrumb"},"inLanguage":"fr-FR","potentialAction":[{"@type":"ReadAction","target":["https:\/\/www.webdo.tn\/fr\/actualite\/international\/trump-a-poutine-occupe-toi-dabord-de-la-russie\/377836\/"]}]},{"@type":"ImageObject","inLanguage":"fr-FR","@id":"https:\/\/www.webdo.tn\/fr\/actualite\/international\/trump-a-poutine-occupe-toi-dabord-de-la-russie\/377836\/#primaryimage","url":"https:\/\/www.webdo.tn\/fr\/wp-content\/uploads\/2025\/06\/Trump-white-house.jpg","contentUrl":"https:\/\/www.webdo.tn\/fr\/wp-content\/uploads\/2025\/06\/Trump-white-house.jpg","width":1078,"height":631,"caption":"Trump s\u2019adresse aux journalistes lors de l\u2019installation d\u2019un nouveau m\u00e2t sur la pelouse sud de la Maison Blanche, \u00e0 Washington, ce mardi 18 juin."},{"@type":"BreadcrumbList","@id":"https:\/\/www.webdo.tn\/fr\/actualite\/international\/trump-a-poutine-occupe-toi-dabord-de-la-russie\/377836\/#breadcrumb","itemListElement":[{"@type":"ListItem","position":1,"name":"Accueil","item":"https:\/\/www.webdo.tn\/fr\/"},{"@type":"ListItem","position":2,"name":"Trump \u00e0 Poutine : \u00ab\u00a0Occupe-toi d\u2019abord de la Russie\u00a0\u00bb"}]},{"@type":"WebSite","@id":"https:\/\/www.webdo.tn\/fr\/#website","url":"https:\/\/www.webdo.tn\/fr\/","name":"webdo","description":"Tunisie - News en Tunisie et \u00e0 l&#039;international sur Webdo.tn","publisher":{"@id":"https:\/\/www.webdo.tn\/fr\/#organization"},"potentialAction":[{"@type":"SearchAction","target":{"@type":"EntryPoint","urlTemplate":"https:\/\/www.webdo.tn\/fr\/?s={search_term_string}"},"query-input":{"@type":"PropertyValueSpecification","valueRequired":true,"valueName":"search_term_string"}}],"inLanguage":"fr-FR"},{"@type":"Organization","@id":"https:\/\/www.webdo.tn\/fr\/#organization","name":"Webdo","alternateName":"Webdo.tn","url":"https:\/\/www.webdo.tn\/fr\/","logo":{"@type":"ImageObject","inLanguage":"fr-FR","@id":"https:\/\/www.webdo.tn\/fr\/#\/schema\/logo\/image\/","url":"https:\/\/www.webdo.tn\/fr\/wp-content\/uploads\/2025\/06\/Webdo-Tunisie_168377.jpg","contentUrl":"https:\/\/www.webdo.tn\/fr\/wp-content\/uploads\/2025\/06\/Webdo-Tunisie_168377.jpg","width":301,"height":301,"caption":"Webdo"},"image":{"@id":"https:\/\/www.webdo.tn\/fr\/#\/schema\/logo\/image\/"},"sameAs":["https:\/\/www.facebook.com\/webdotn","https:\/\/x.com\/webdo_tn"],"description":"Webdo est un m\u00e9dia num\u00e9rique tunisien fond\u00e9 en 2010, sp\u00e9cialis\u00e9 dans l\u2019actualit\u00e9 nationale et internationale, l\u2019\u00e9conomie, la soci\u00e9t\u00e9 et les analyses politiques. Le site s\u2019adresse \u00e0 un large public francophone et couvre l\u2019information tunisienne en temps r\u00e9el.","email":"redac@webdo.tn","legalName":"YNJ SARL","foundingDate":"2010-09-06","numberOfEmployees":{"@type":"QuantitativeValue","minValue":"11","maxValue":"50"}},{"@type":"Person","@id":"https:\/\/www.webdo.tn\/fr\/#\/schema\/person\/5663044c25eb36d8f88ba5b653f12f8c","name":"Ramzi Haddad","image":{"@type":"ImageObject","inLanguage":"fr-FR","@id":"https:\/\/www.webdo.tn\/fr\/wp-content\/uploads\/2026\/04\/ramzi-haddad_avatar-96x96.jpg","url":"https:\/\/www.webdo.tn\/fr\/wp-content\/uploads\/2026\/04\/ramzi-haddad_avatar-96x96.jpg","contentUrl":"https:\/\/www.webdo.tn\/fr\/wp-content\/uploads\/2026\/04\/ramzi-haddad_avatar-96x96.jpg","caption":"Ramzi Haddad"},"description":"Signature \u00e9ditoriale de Walid Ben Youssef Ramzi Haddad est le pseudonyme \u00e9ditorial de Walid Ben Youssef, fondateur et g\u00e9rant de Webdo.tn. Cette signature est d\u00e9di\u00e9e \u00e0 la couverture de l'actualit\u00e9 nationale et internationale, ainsi qu'aux analyses des dynamiques num\u00e9riques. Ce profil b\u00e9n\u00e9ficie de l'expertise de Walid Ben Youssef, pionnier du web en Tunisie depuis 2000 et dipl\u00f4m\u00e9 en Math\u00e9matiques pures de l'Universit\u00e9 d'Oregon. \u00c0 travers cette signature, la r\u00e9daction de Webdo garantit une information structur\u00e9e et v\u00e9rifi\u00e9e, fid\u00e8le aux standards journalistiques du m\u00e9dia.","url":"https:\/\/www.webdo.tn\/fr\/actualite\/author\/ramzi-haddad\/"}]}},"_links":{"self":[{"href":"https:\/\/www.webdo.tn\/fr\/wp-json\/wp\/v2\/posts\/377836","targetHints":{"allow":["GET"]}}],"collection":[{"href":"https:\/\/www.webdo.tn\/fr\/wp-json\/wp\/v2\/posts"}],"about":[{"href":"https:\/\/www.webdo.tn\/fr\/wp-json\/wp\/v2\/types\/post"}],"author":[{"embeddable":true,"href":"https:\/\/www.webdo.tn\/fr\/wp-json\/wp\/v2\/users\/3203"}],"replies":[{"embeddable":true,"href":"https:\/\/www.webdo.tn\/fr\/wp-json\/wp\/v2\/comments?post=377836"}],"version-history":[{"count":0,"href":"https:\/\/www.webdo.tn\/fr\/wp-json\/wp\/v2\/posts\/377836\/revisions"}],"wp:featuredmedia":[{"embeddable":true,"href":"https:\/\/www.webdo.tn\/fr\/wp-json\/wp\/v2\/media\/377843"}],"wp:attachment":[{"href":"https:\/\/www.webdo.tn\/fr\/wp-json\/wp\/v2\/media?parent=377836"}],"wp:term":[{"taxonomy":"category","embeddable":true,"href":"https:\/\/www.webdo.tn\/fr\/wp-json\/wp\/v2\/categories?post=377836"},{"taxonomy":"post_tag","embeddable":true,"href":"https:\/\/www.webdo.tn\/fr\/wp-json\/wp\/v2\/tags?post=377836"}],"curies":[{"name":"wp","href":"https:\/\/api.w.org\/{rel}","templated":true}]}}