{"id":377796,"date":"2025-06-18T11:53:57","date_gmt":"2025-06-18T10:53:57","guid":{"rendered":"https:\/\/www.webdo.tn\/fr\/?p=377796"},"modified":"2025-06-19T08:36:49","modified_gmt":"2025-06-19T07:36:49","slug":"tunisie-le-deficit-de-la-balance-commerciale-energetique-recule-de-8","status":"publish","type":"post","link":"https:\/\/www.webdo.tn\/fr\/actualite\/national\/tunisie-le-deficit-de-la-balance-commerciale-energetique-recule-de-8\/377796\/","title":{"rendered":"Tunisie : Le d\u00e9ficit de la balance commerciale \u00e9nerg\u00e9tique recule de 8%"},"content":{"rendered":"\n<p><strong>La balance commerciale \u00e9nerg\u00e9tique de la Tunisie s\u2019est l\u00e9g\u00e8rement redress\u00e9e au premier trimestre 2025, gr\u00e2ce \u00e0 une baisse conjointe des prix du p\u00e9trole et des importations. Le d\u00e9ficit a recul\u00e9 de 8% sur un an, selon le dernier rapport de l\u2019Observatoire national de l\u2019\u00e9nergie et des mines.<\/strong><\/p>\n\n\n\n<p>\u00c0 fin avril 2025, le d\u00e9ficit de la balance commerciale \u00e9nerg\u00e9tique s\u2019est \u00e9tabli \u00e0 3557 millions de dinars (MD), contre 3850 MD \u00e0 la m\u00eame p\u00e9riode en 2024, soit une baisse de 8%, selon les donn\u00e9es publi\u00e9es par l\u2019Observatoire national de l\u2019\u00e9nergie et des mines.<\/p>\n\n\n\n<p>Cette am\u00e9lioration a \u00e9t\u00e9 enregistr\u00e9e en tenant compte de la redevance du gaz alg\u00e9rien export\u00e9e, un facteur structurel important dans les \u00e9quilibres \u00e9nerg\u00e9tiques de la Tunisie.<\/p>\n\n\n\n<p><strong>Recul des exportations et des importations \u00e9nerg\u00e9tiques<\/strong><\/p>\n\n\n\n<p>Les exportations de produits \u00e9nerg\u00e9tiques ont connu une chute notable de 28% en valeur, tandis que les importations ont \u00e9galement diminu\u00e9, mais de mani\u00e8re plus mod\u00e9r\u00e9e (-12%). Ces variations sont en grande partie li\u00e9es \u00e0 l&rsquo;\u00e9volution des prix internationaux et des volumes \u00e9chang\u00e9s.<\/p>\n\n\n\n<p>Trois principaux \u00e9l\u00e9ments influencent les \u00e9changes commerciaux dans le secteur de l\u2019\u00e9nergie&nbsp;: les quantit\u00e9s import\u00e9es et export\u00e9es, le taux de change dinar\/dollar et le prix du Brent, r\u00e9f\u00e9rence pour le p\u00e9trole brut<\/p>\n\n\n\n<p>En avril 2025, le cours du Brent a chut\u00e9 de 22 dollars par baril par rapport \u00e0 avril 2024, all\u00e9geant d\u2019autant la facture \u00e9nerg\u00e9tique du pays. Par ailleurs, le dinar tunisien s\u2019est l\u00e9g\u00e8rement renforc\u00e9 face au dollar am\u00e9ricain, avec une appr\u00e9ciation de 0,2 % sur un an, limitant l\u2019impact inflationniste des importations.<\/p>\n","protected":false},"excerpt":{"rendered":"<p>La balance commerciale \u00e9nerg\u00e9tique de la Tunisie s\u2019est l\u00e9g\u00e8rement redress\u00e9e au premier trimestre 2025, gr\u00e2ce \u00e0 une baisse conjointe des prix du p\u00e9trole et des importations. Le d\u00e9ficit a recul\u00e9 de 8% sur un an, selon le dernier rapport de l\u2019Observatoire national de l\u2019\u00e9nergie et des mines. \u00c0 fin avril 2025, le d\u00e9ficit de la [&hellip;]<\/p>\n","protected":false},"author":3191,"featured_media":377798,"comment_status":"open","ping_status":"open","sticky":false,"template":"","format":"standard","meta":{"footnotes":""},"categories":[44],"tags":[3576,3020,3360,2608],"class_list":["post-377796","post","type-post","status-publish","format-standard","has-post-thumbnail","hentry","category-national","tag-balance-commerciale-energetique","tag-exportations","tag-importations","tag-tunisie"],"yoast_head":"<!-- This site is optimized with the Yoast SEO Premium plugin v27.4 (Yoast SEO v27.4) - https:\/\/yoast.com\/product\/yoast-seo-premium-wordpress\/ -->\n<title>Tunisie : Le d\u00e9ficit de la balance commerciale \u00e9nerg\u00e9tique recule de 8% - webdo<\/title>\n<meta name=\"description\" content=\"La balance commerciale \u00e9nerg\u00e9tique en Tunisie affiche un d\u00e9ficit r\u00e9duit de 8% en 2025. Apprenez-en plus sur cette \u00e9volution.\" \/>\n<link rel=\"canonical\" href=\"https:\/\/www.webdo.tn\/fr\/actualite\/national\/tunisie-le-deficit-de-la-balance-commerciale-energetique-recule-de-8\/377796\/\" \/>\n<meta property=\"og:locale\" content=\"fr_FR\" \/>\n<meta property=\"og:type\" content=\"article\" \/>\n<meta property=\"og:title\" content=\"Tunisie : Le d\u00e9ficit de la balance commerciale \u00e9nerg\u00e9tique recule de 8%\" \/>\n<meta property=\"og:description\" content=\"La balance commerciale \u00e9nerg\u00e9tique en Tunisie affiche un d\u00e9ficit r\u00e9duit de 8% en 2025. Apprenez-en plus sur cette \u00e9volution.\" \/>\n<meta property=\"og:url\" content=\"https:\/\/www.webdo.tn\/fr\/actualite\/national\/tunisie-le-deficit-de-la-balance-commerciale-energetique-recule-de-8\/377796\/\" \/>\n<meta property=\"og:site_name\" content=\"webdo\" \/>\n<meta property=\"article:publisher\" content=\"https:\/\/www.facebook.com\/webdotn\" \/>\n<meta property=\"article:published_time\" content=\"2025-06-18T10:53:57+00:00\" \/>\n<meta property=\"article:modified_time\" content=\"2025-06-19T07:36:49+00:00\" \/>\n<meta property=\"og:image\" content=\"https:\/\/www.webdo.tn\/fr\/wp-content\/uploads\/2025\/06\/deficitenergitique-850x491-1.jpg\" \/>\n\t<meta property=\"og:image:width\" content=\"850\" \/>\n\t<meta property=\"og:image:height\" content=\"491\" \/>\n\t<meta property=\"og:image:type\" content=\"image\/jpeg\" \/>\n<meta name=\"author\" content=\"Mohamed Hedi Touati\" \/>\n<meta name=\"twitter:card\" content=\"summary_large_image\" \/>\n<meta name=\"twitter:creator\" content=\"@webdo_tn\" \/>\n<meta name=\"twitter:site\" content=\"@webdo_tn\" \/>\n<meta name=\"twitter:label1\" content=\"\u00c9crit par\" \/>\n\t<meta name=\"twitter:data1\" content=\"Mohamed Hedi Touati\" \/>\n\t<meta name=\"twitter:label2\" content=\"Dur\u00e9e de lecture estim\u00e9e\" \/>\n\t<meta name=\"twitter:data2\" content=\"2 minutes\" \/>\n<script type=\"application\/ld+json\" class=\"yoast-schema-graph\">{\"@context\":\"https:\\\/\\\/schema.org\",\"@graph\":[{\"@type\":\"NewsArticle\",\"@id\":\"https:\\\/\\\/www.webdo.tn\\\/fr\\\/actualite\\\/national\\\/tunisie-le-deficit-de-la-balance-commerciale-energetique-recule-de-8\\\/377796\\\/#article\",\"isPartOf\":{\"@id\":\"https:\\\/\\\/www.webdo.tn\\\/fr\\\/actualite\\\/national\\\/tunisie-le-deficit-de-la-balance-commerciale-energetique-recule-de-8\\\/377796\\\/\"},\"author\":{\"name\":\"Mohamed Hedi Touati\",\"@id\":\"https:\\\/\\\/www.webdo.tn\\\/fr\\\/#\\\/schema\\\/person\\\/c652cd8fc2b1b44412b5ffb48c5a911d\"},\"headline\":\"Tunisie : Le d\u00e9ficit de la balance commerciale \u00e9nerg\u00e9tique recule de 8%\",\"datePublished\":\"2025-06-18T10:53:57+00:00\",\"dateModified\":\"2025-06-19T07:36:49+00:00\",\"mainEntityOfPage\":{\"@id\":\"https:\\\/\\\/www.webdo.tn\\\/fr\\\/actualite\\\/national\\\/tunisie-le-deficit-de-la-balance-commerciale-energetique-recule-de-8\\\/377796\\\/\"},\"wordCount\":296,\"commentCount\":0,\"publisher\":{\"@id\":\"https:\\\/\\\/www.webdo.tn\\\/fr\\\/#organization\"},\"image\":{\"@id\":\"https:\\\/\\\/www.webdo.tn\\\/fr\\\/actualite\\\/national\\\/tunisie-le-deficit-de-la-balance-commerciale-energetique-recule-de-8\\\/377796\\\/#primaryimage\"},\"thumbnailUrl\":\"https:\\\/\\\/www.webdo.tn\\\/fr\\\/wp-content\\\/uploads\\\/2025\\\/06\\\/deficitenergitique-850x491-1.jpg\",\"keywords\":[\"balance commerciale \u00e9nerg\u00e9tique\",\"exportations\",\"importations\",\"Tunisie\"],\"articleSection\":[\"National\"],\"inLanguage\":\"fr-FR\"},{\"@type\":\"WebPage\",\"@id\":\"https:\\\/\\\/www.webdo.tn\\\/fr\\\/actualite\\\/national\\\/tunisie-le-deficit-de-la-balance-commerciale-energetique-recule-de-8\\\/377796\\\/\",\"url\":\"https:\\\/\\\/www.webdo.tn\\\/fr\\\/actualite\\\/national\\\/tunisie-le-deficit-de-la-balance-commerciale-energetique-recule-de-8\\\/377796\\\/\",\"name\":\"Tunisie : Le d\u00e9ficit de la balance commerciale \u00e9nerg\u00e9tique recule de 8% - webdo\",\"isPartOf\":{\"@id\":\"https:\\\/\\\/www.webdo.tn\\\/fr\\\/#website\"},\"primaryImageOfPage\":{\"@id\":\"https:\\\/\\\/www.webdo.tn\\\/fr\\\/actualite\\\/national\\\/tunisie-le-deficit-de-la-balance-commerciale-energetique-recule-de-8\\\/377796\\\/#primaryimage\"},\"image\":{\"@id\":\"https:\\\/\\\/www.webdo.tn\\\/fr\\\/actualite\\\/national\\\/tunisie-le-deficit-de-la-balance-commerciale-energetique-recule-de-8\\\/377796\\\/#primaryimage\"},\"thumbnailUrl\":\"https:\\\/\\\/www.webdo.tn\\\/fr\\\/wp-content\\\/uploads\\\/2025\\\/06\\\/deficitenergitique-850x491-1.jpg\",\"datePublished\":\"2025-06-18T10:53:57+00:00\",\"dateModified\":\"2025-06-19T07:36:49+00:00\",\"description\":\"La balance commerciale \u00e9nerg\u00e9tique en Tunisie affiche un d\u00e9ficit r\u00e9duit de 8% en 2025. Apprenez-en plus sur cette \u00e9volution.\",\"breadcrumb\":{\"@id\":\"https:\\\/\\\/www.webdo.tn\\\/fr\\\/actualite\\\/national\\\/tunisie-le-deficit-de-la-balance-commerciale-energetique-recule-de-8\\\/377796\\\/#breadcrumb\"},\"inLanguage\":\"fr-FR\",\"potentialAction\":[{\"@type\":\"ReadAction\",\"target\":[\"https:\\\/\\\/www.webdo.tn\\\/fr\\\/actualite\\\/national\\\/tunisie-le-deficit-de-la-balance-commerciale-energetique-recule-de-8\\\/377796\\\/\"]}]},{\"@type\":\"ImageObject\",\"inLanguage\":\"fr-FR\",\"@id\":\"https:\\\/\\\/www.webdo.tn\\\/fr\\\/actualite\\\/national\\\/tunisie-le-deficit-de-la-balance-commerciale-energetique-recule-de-8\\\/377796\\\/#primaryimage\",\"url\":\"https:\\\/\\\/www.webdo.tn\\\/fr\\\/wp-content\\\/uploads\\\/2025\\\/06\\\/deficitenergitique-850x491-1.jpg\",\"contentUrl\":\"https:\\\/\\\/www.webdo.tn\\\/fr\\\/wp-content\\\/uploads\\\/2025\\\/06\\\/deficitenergitique-850x491-1.jpg\",\"width\":850,\"height\":491},{\"@type\":\"BreadcrumbList\",\"@id\":\"https:\\\/\\\/www.webdo.tn\\\/fr\\\/actualite\\\/national\\\/tunisie-le-deficit-de-la-balance-commerciale-energetique-recule-de-8\\\/377796\\\/#breadcrumb\",\"itemListElement\":[{\"@type\":\"ListItem\",\"position\":1,\"name\":\"Accueil\",\"item\":\"https:\\\/\\\/www.webdo.tn\\\/fr\\\/\"},{\"@type\":\"ListItem\",\"position\":2,\"name\":\"Tunisie : Le d\u00e9ficit de la balance commerciale \u00e9nerg\u00e9tique recule de 8%\"}]},{\"@type\":\"WebSite\",\"@id\":\"https:\\\/\\\/www.webdo.tn\\\/fr\\\/#website\",\"url\":\"https:\\\/\\\/www.webdo.tn\\\/fr\\\/\",\"name\":\"webdo\",\"description\":\"Tunisie - News en Tunisie et \u00e0 l&#039;international sur Webdo.tn\",\"publisher\":{\"@id\":\"https:\\\/\\\/www.webdo.tn\\\/fr\\\/#organization\"},\"potentialAction\":[{\"@type\":\"SearchAction\",\"target\":{\"@type\":\"EntryPoint\",\"urlTemplate\":\"https:\\\/\\\/www.webdo.tn\\\/fr\\\/?s={search_term_string}\"},\"query-input\":{\"@type\":\"PropertyValueSpecification\",\"valueRequired\":true,\"valueName\":\"search_term_string\"}}],\"inLanguage\":\"fr-FR\"},{\"@type\":\"Organization\",\"@id\":\"https:\\\/\\\/www.webdo.tn\\\/fr\\\/#organization\",\"name\":\"Webdo\",\"alternateName\":\"Webdo.tn\",\"url\":\"https:\\\/\\\/www.webdo.tn\\\/fr\\\/\",\"logo\":{\"@type\":\"ImageObject\",\"inLanguage\":\"fr-FR\",\"@id\":\"https:\\\/\\\/www.webdo.tn\\\/fr\\\/#\\\/schema\\\/logo\\\/image\\\/\",\"url\":\"https:\\\/\\\/www.webdo.tn\\\/fr\\\/wp-content\\\/uploads\\\/2025\\\/06\\\/Webdo-Tunisie_168377.jpg\",\"contentUrl\":\"https:\\\/\\\/www.webdo.tn\\\/fr\\\/wp-content\\\/uploads\\\/2025\\\/06\\\/Webdo-Tunisie_168377.jpg\",\"width\":301,\"height\":301,\"caption\":\"Webdo\"},\"image\":{\"@id\":\"https:\\\/\\\/www.webdo.tn\\\/fr\\\/#\\\/schema\\\/logo\\\/image\\\/\"},\"sameAs\":[\"https:\\\/\\\/www.facebook.com\\\/webdotn\",\"https:\\\/\\\/x.com\\\/webdo_tn\"],\"description\":\"Webdo est un m\u00e9dia num\u00e9rique tunisien fond\u00e9 en 2010, sp\u00e9cialis\u00e9 dans l\u2019actualit\u00e9 nationale et internationale, l\u2019\u00e9conomie, la soci\u00e9t\u00e9 et les analyses politiques. Le site s\u2019adresse \u00e0 un large public francophone et couvre l\u2019information tunisienne en temps r\u00e9el.\",\"email\":\"redac@webdo.tn\",\"legalName\":\"YNJ SARL\",\"foundingDate\":\"2010-09-06\",\"numberOfEmployees\":{\"@type\":\"QuantitativeValue\",\"minValue\":\"11\",\"maxValue\":\"50\"}},{\"@type\":\"Person\",\"@id\":\"https:\\\/\\\/www.webdo.tn\\\/fr\\\/#\\\/schema\\\/person\\\/c652cd8fc2b1b44412b5ffb48c5a911d\",\"name\":\"Mohamed Hedi Touati\",\"image\":{\"@type\":\"ImageObject\",\"inLanguage\":\"fr-FR\",\"@id\":\"https:\\\/\\\/secure.gravatar.com\\\/avatar\\\/9cfd402c745b7a685f13eed0ea6e59d2144a3c2fc50a3db6fd5ed451f6cddf1a?s=96&d=mm&r=g\",\"url\":\"https:\\\/\\\/secure.gravatar.com\\\/avatar\\\/9cfd402c745b7a685f13eed0ea6e59d2144a3c2fc50a3db6fd5ed451f6cddf1a?s=96&d=mm&r=g\",\"contentUrl\":\"https:\\\/\\\/secure.gravatar.com\\\/avatar\\\/9cfd402c745b7a685f13eed0ea6e59d2144a3c2fc50a3db6fd5ed451f6cddf1a?s=96&d=mm&r=g\",\"caption\":\"Mohamed Hedi Touati\"},\"url\":\"https:\\\/\\\/www.webdo.tn\\\/fr\\\/actualite\\\/author\\\/mohamed-hedi-touati\\\/\"}]}<\/script>\n<!-- \/ Yoast SEO Premium plugin. -->","yoast_head_json":{"title":"Tunisie : Le d\u00e9ficit de la balance commerciale \u00e9nerg\u00e9tique recule de 8% - webdo","description":"La balance commerciale \u00e9nerg\u00e9tique en Tunisie affiche un d\u00e9ficit r\u00e9duit de 8% en 2025. Apprenez-en plus sur cette \u00e9volution.","canonical":"https:\/\/www.webdo.tn\/fr\/actualite\/national\/tunisie-le-deficit-de-la-balance-commerciale-energetique-recule-de-8\/377796\/","og_locale":"fr_FR","og_type":"article","og_title":"Tunisie : Le d\u00e9ficit de la balance commerciale \u00e9nerg\u00e9tique recule de 8%","og_description":"La balance commerciale \u00e9nerg\u00e9tique en Tunisie affiche un d\u00e9ficit r\u00e9duit de 8% en 2025. Apprenez-en plus sur cette \u00e9volution.","og_url":"https:\/\/www.webdo.tn\/fr\/actualite\/national\/tunisie-le-deficit-de-la-balance-commerciale-energetique-recule-de-8\/377796\/","og_site_name":"webdo","article_publisher":"https:\/\/www.facebook.com\/webdotn","article_published_time":"2025-06-18T10:53:57+00:00","article_modified_time":"2025-06-19T07:36:49+00:00","og_image":[{"width":850,"height":491,"url":"https:\/\/www.webdo.tn\/fr\/wp-content\/uploads\/2025\/06\/deficitenergitique-850x491-1.jpg","type":"image\/jpeg"}],"author":"Mohamed Hedi Touati","twitter_card":"summary_large_image","twitter_creator":"@webdo_tn","twitter_site":"@webdo_tn","twitter_misc":{"\u00c9crit par":"Mohamed Hedi Touati","Dur\u00e9e de lecture estim\u00e9e":"2 minutes"},"schema":{"@context":"https:\/\/schema.org","@graph":[{"@type":"NewsArticle","@id":"https:\/\/www.webdo.tn\/fr\/actualite\/national\/tunisie-le-deficit-de-la-balance-commerciale-energetique-recule-de-8\/377796\/#article","isPartOf":{"@id":"https:\/\/www.webdo.tn\/fr\/actualite\/national\/tunisie-le-deficit-de-la-balance-commerciale-energetique-recule-de-8\/377796\/"},"author":{"name":"Mohamed Hedi Touati","@id":"https:\/\/www.webdo.tn\/fr\/#\/schema\/person\/c652cd8fc2b1b44412b5ffb48c5a911d"},"headline":"Tunisie : Le d\u00e9ficit de la balance commerciale \u00e9nerg\u00e9tique recule de 8%","datePublished":"2025-06-18T10:53:57+00:00","dateModified":"2025-06-19T07:36:49+00:00","mainEntityOfPage":{"@id":"https:\/\/www.webdo.tn\/fr\/actualite\/national\/tunisie-le-deficit-de-la-balance-commerciale-energetique-recule-de-8\/377796\/"},"wordCount":296,"commentCount":0,"publisher":{"@id":"https:\/\/www.webdo.tn\/fr\/#organization"},"image":{"@id":"https:\/\/www.webdo.tn\/fr\/actualite\/national\/tunisie-le-deficit-de-la-balance-commerciale-energetique-recule-de-8\/377796\/#primaryimage"},"thumbnailUrl":"https:\/\/www.webdo.tn\/fr\/wp-content\/uploads\/2025\/06\/deficitenergitique-850x491-1.jpg","keywords":["balance commerciale \u00e9nerg\u00e9tique","exportations","importations","Tunisie"],"articleSection":["National"],"inLanguage":"fr-FR"},{"@type":"WebPage","@id":"https:\/\/www.webdo.tn\/fr\/actualite\/national\/tunisie-le-deficit-de-la-balance-commerciale-energetique-recule-de-8\/377796\/","url":"https:\/\/www.webdo.tn\/fr\/actualite\/national\/tunisie-le-deficit-de-la-balance-commerciale-energetique-recule-de-8\/377796\/","name":"Tunisie : Le d\u00e9ficit de la balance commerciale \u00e9nerg\u00e9tique recule de 8% - webdo","isPartOf":{"@id":"https:\/\/www.webdo.tn\/fr\/#website"},"primaryImageOfPage":{"@id":"https:\/\/www.webdo.tn\/fr\/actualite\/national\/tunisie-le-deficit-de-la-balance-commerciale-energetique-recule-de-8\/377796\/#primaryimage"},"image":{"@id":"https:\/\/www.webdo.tn\/fr\/actualite\/national\/tunisie-le-deficit-de-la-balance-commerciale-energetique-recule-de-8\/377796\/#primaryimage"},"thumbnailUrl":"https:\/\/www.webdo.tn\/fr\/wp-content\/uploads\/2025\/06\/deficitenergitique-850x491-1.jpg","datePublished":"2025-06-18T10:53:57+00:00","dateModified":"2025-06-19T07:36:49+00:00","description":"La balance commerciale \u00e9nerg\u00e9tique en Tunisie affiche un d\u00e9ficit r\u00e9duit de 8% en 2025. Apprenez-en plus sur cette \u00e9volution.","breadcrumb":{"@id":"https:\/\/www.webdo.tn\/fr\/actualite\/national\/tunisie-le-deficit-de-la-balance-commerciale-energetique-recule-de-8\/377796\/#breadcrumb"},"inLanguage":"fr-FR","potentialAction":[{"@type":"ReadAction","target":["https:\/\/www.webdo.tn\/fr\/actualite\/national\/tunisie-le-deficit-de-la-balance-commerciale-energetique-recule-de-8\/377796\/"]}]},{"@type":"ImageObject","inLanguage":"fr-FR","@id":"https:\/\/www.webdo.tn\/fr\/actualite\/national\/tunisie-le-deficit-de-la-balance-commerciale-energetique-recule-de-8\/377796\/#primaryimage","url":"https:\/\/www.webdo.tn\/fr\/wp-content\/uploads\/2025\/06\/deficitenergitique-850x491-1.jpg","contentUrl":"https:\/\/www.webdo.tn\/fr\/wp-content\/uploads\/2025\/06\/deficitenergitique-850x491-1.jpg","width":850,"height":491},{"@type":"BreadcrumbList","@id":"https:\/\/www.webdo.tn\/fr\/actualite\/national\/tunisie-le-deficit-de-la-balance-commerciale-energetique-recule-de-8\/377796\/#breadcrumb","itemListElement":[{"@type":"ListItem","position":1,"name":"Accueil","item":"https:\/\/www.webdo.tn\/fr\/"},{"@type":"ListItem","position":2,"name":"Tunisie : Le d\u00e9ficit de la balance commerciale \u00e9nerg\u00e9tique recule de 8%"}]},{"@type":"WebSite","@id":"https:\/\/www.webdo.tn\/fr\/#website","url":"https:\/\/www.webdo.tn\/fr\/","name":"webdo","description":"Tunisie - News en Tunisie et \u00e0 l&#039;international sur Webdo.tn","publisher":{"@id":"https:\/\/www.webdo.tn\/fr\/#organization"},"potentialAction":[{"@type":"SearchAction","target":{"@type":"EntryPoint","urlTemplate":"https:\/\/www.webdo.tn\/fr\/?s={search_term_string}"},"query-input":{"@type":"PropertyValueSpecification","valueRequired":true,"valueName":"search_term_string"}}],"inLanguage":"fr-FR"},{"@type":"Organization","@id":"https:\/\/www.webdo.tn\/fr\/#organization","name":"Webdo","alternateName":"Webdo.tn","url":"https:\/\/www.webdo.tn\/fr\/","logo":{"@type":"ImageObject","inLanguage":"fr-FR","@id":"https:\/\/www.webdo.tn\/fr\/#\/schema\/logo\/image\/","url":"https:\/\/www.webdo.tn\/fr\/wp-content\/uploads\/2025\/06\/Webdo-Tunisie_168377.jpg","contentUrl":"https:\/\/www.webdo.tn\/fr\/wp-content\/uploads\/2025\/06\/Webdo-Tunisie_168377.jpg","width":301,"height":301,"caption":"Webdo"},"image":{"@id":"https:\/\/www.webdo.tn\/fr\/#\/schema\/logo\/image\/"},"sameAs":["https:\/\/www.facebook.com\/webdotn","https:\/\/x.com\/webdo_tn"],"description":"Webdo est un m\u00e9dia num\u00e9rique tunisien fond\u00e9 en 2010, sp\u00e9cialis\u00e9 dans l\u2019actualit\u00e9 nationale et internationale, l\u2019\u00e9conomie, la soci\u00e9t\u00e9 et les analyses politiques. Le site s\u2019adresse \u00e0 un large public francophone et couvre l\u2019information tunisienne en temps r\u00e9el.","email":"redac@webdo.tn","legalName":"YNJ SARL","foundingDate":"2010-09-06","numberOfEmployees":{"@type":"QuantitativeValue","minValue":"11","maxValue":"50"}},{"@type":"Person","@id":"https:\/\/www.webdo.tn\/fr\/#\/schema\/person\/c652cd8fc2b1b44412b5ffb48c5a911d","name":"Mohamed Hedi Touati","image":{"@type":"ImageObject","inLanguage":"fr-FR","@id":"https:\/\/secure.gravatar.com\/avatar\/9cfd402c745b7a685f13eed0ea6e59d2144a3c2fc50a3db6fd5ed451f6cddf1a?s=96&d=mm&r=g","url":"https:\/\/secure.gravatar.com\/avatar\/9cfd402c745b7a685f13eed0ea6e59d2144a3c2fc50a3db6fd5ed451f6cddf1a?s=96&d=mm&r=g","contentUrl":"https:\/\/secure.gravatar.com\/avatar\/9cfd402c745b7a685f13eed0ea6e59d2144a3c2fc50a3db6fd5ed451f6cddf1a?s=96&d=mm&r=g","caption":"Mohamed Hedi Touati"},"url":"https:\/\/www.webdo.tn\/fr\/actualite\/author\/mohamed-hedi-touati\/"}]}},"_links":{"self":[{"href":"https:\/\/www.webdo.tn\/fr\/wp-json\/wp\/v2\/posts\/377796","targetHints":{"allow":["GET"]}}],"collection":[{"href":"https:\/\/www.webdo.tn\/fr\/wp-json\/wp\/v2\/posts"}],"about":[{"href":"https:\/\/www.webdo.tn\/fr\/wp-json\/wp\/v2\/types\/post"}],"author":[{"embeddable":true,"href":"https:\/\/www.webdo.tn\/fr\/wp-json\/wp\/v2\/users\/3191"}],"replies":[{"embeddable":true,"href":"https:\/\/www.webdo.tn\/fr\/wp-json\/wp\/v2\/comments?post=377796"}],"version-history":[{"count":0,"href":"https:\/\/www.webdo.tn\/fr\/wp-json\/wp\/v2\/posts\/377796\/revisions"}],"wp:featuredmedia":[{"embeddable":true,"href":"https:\/\/www.webdo.tn\/fr\/wp-json\/wp\/v2\/media\/377798"}],"wp:attachment":[{"href":"https:\/\/www.webdo.tn\/fr\/wp-json\/wp\/v2\/media?parent=377796"}],"wp:term":[{"taxonomy":"category","embeddable":true,"href":"https:\/\/www.webdo.tn\/fr\/wp-json\/wp\/v2\/categories?post=377796"},{"taxonomy":"post_tag","embeddable":true,"href":"https:\/\/www.webdo.tn\/fr\/wp-json\/wp\/v2\/tags?post=377796"}],"curies":[{"name":"wp","href":"https:\/\/api.w.org\/{rel}","templated":true}]}}