{"id":377765,"date":"2025-06-18T09:40:48","date_gmt":"2025-06-18T08:40:48","guid":{"rendered":"https:\/\/www.webdo.tn\/fr\/?p=377765"},"modified":"2025-06-18T12:00:18","modified_gmt":"2025-06-18T11:00:18","slug":"trump-exige-la-reddition-de-liran","status":"publish","type":"post","link":"https:\/\/www.webdo.tn\/fr\/actualite\/international\/trump-exige-la-reddition-de-liran\/377765\/","title":{"rendered":"Trump exige la reddition de l\u2019Iran"},"content":{"rendered":"\n<p><strong>Alors que la guerre entre Isra\u00ebl et l\u2019Iran entre dans son sixi\u00e8me jour, Donald Trump change de ton. Le pr\u00e9sident am\u00e9ricain a exig\u00e9 mardi soir la \u201creddition inconditionnelle\u201d de T\u00e9h\u00e9ran, affirmant que les \u00c9tats-Unis \u201ccontr\u00f4lent totalement le ciel iranien\u201d. Cette inflexion majeure survient alors que les bombardements isra\u00e9liens sur T\u00e9h\u00e9ran s\u2019intensifient et que les frappes iraniennes se poursuivent sur le territoire isra\u00e9lien.<\/strong><\/p>\n\n\n\n<h3 class=\"wp-block-heading\" id=\"h-la-patience-americaine-touche-a-sa-fin\">\u201cLa patience am\u00e9ricaine touche \u00e0 sa fin\u201d<\/h3>\n\n\n\n<p>Dans un message publi\u00e9 sur Truth Social, Donald Trump a directement vis\u00e9 l\u2019ayatollah Ali Khamenei, qu\u2019il a qualifi\u00e9 de \u201ccible facile\u201d. \u201cLa patience des \u00c9tats-Unis touche \u00e0 sa fin\u201d, a-t-il \u00e9crit, avant de r\u00e9clamer une \u201creddition inconditionnelle\u201d de l\u2019Iran.<\/p>\n\n\n\n<p>Quelques heures plus t\u00f4t, le pr\u00e9sident am\u00e9ricain s\u2019\u00e9tait r\u00e9uni pendant plus d\u2019une heure et vingt minutes dans la Situation Room avec ses principaux ministres, chefs militaires et le pr\u00e9sident des chefs d\u2019\u00e9tat-major interarm\u00e9es. Selon plusieurs sources relay\u00e9es par CNN, Trump se montre de plus en plus favorable \u00e0 des frappes am\u00e9ricaines contre les infrastructures nucl\u00e9aires iraniennes, m\u00eame s\u2019il n\u2019\u00e9carte pas une sortie diplomatique \u2014 \u00e0 condition que T\u00e9h\u00e9ran c\u00e8de sans conditions.<\/p>\n\n\n\n<h3 class=\"wp-block-heading\" id=\"h-coordination-avec-israel-vers-une-posture-commune\">Coordination avec Isra\u00ebl, vers une posture commune<\/h3>\n\n\n\n<p>Dans la soir\u00e9e de mardi, Trump s\u2019est \u00e9galement entretenu par t\u00e9l\u00e9phone avec le Premier ministre isra\u00e9lien Benyamin Netanyahou. Aucun communiqu\u00e9 officiel n\u2019a \u00e9t\u00e9 publi\u00e9, mais cet \u00e9change, tenu au plus fort des frappes isra\u00e9liennes sur T\u00e9h\u00e9ran, laisse peu de doutes sur l\u2019objectif commun : neutraliser la capacit\u00e9 militaire strat\u00e9gique de l\u2019Iran.<\/p>\n\n\n\n<p>Washington affirme d\u00e9sormais exercer un \u201ccontr\u00f4le total\u201d de l\u2019espace a\u00e9rien iranien. Ce message vise autant \u00e0 dissuader une riposte de T\u00e9h\u00e9ran qu\u2019\u00e0 signaler aux alli\u00e9s r\u00e9gionaux que la doctrine de \u201cpression maximale\u201d est pleinement r\u00e9activ\u00e9e.<\/p>\n\n\n\n<h3 class=\"wp-block-heading\" id=\"h-teheran-sous-les-bombes\">T\u00e9h\u00e9ran sous les bombes<\/h3>\n\n\n\n<p>T\u00f4t ce mercredi matin, plusieurs explosions ont secou\u00e9 la capitale iranienne. L\u2019arm\u00e9e isra\u00e9lienne a confirm\u00e9 avoir men\u00e9 des frappes a\u00e9riennes visant des sites militaires et nucl\u00e9aires \u00e0 T\u00e9h\u00e9ran et ses environs, notamment des centres de production d\u2019armes et des centrifugeuses \u00e0 Natanz.<\/p>\n\n\n\n<p>Les d\u00e9fenses a\u00e9riennes iraniennes ont tent\u00e9 d\u2019intercepter les missiles, mais des images partag\u00e9es sur les r\u00e9seaux sociaux montrent des panaches de fum\u00e9e noire s\u2019\u00e9levant au-dessus de plusieurs quartiers r\u00e9sidentiels. Les autorit\u00e9s iraniennes restent avares en d\u00e9tails, et le bilan humain exact demeure incertain.<\/p>\n\n\n\n<h3 class=\"wp-block-heading\" id=\"h-riposte-iranienne-et-black-out-israelien\">Riposte iranienne et black-out isra\u00e9lien<\/h3>\n\n\n\n<p>En r\u00e9ponse, l\u2019Iran a lanc\u00e9 dans la nuit une salve de missiles, dont certains de type hypersonique \u201cFattah\u201d, vers le centre et le nord d\u2019Isra\u00ebl. Des explosions ont \u00e9t\u00e9 entendues \u00e0 Tel-Aviv, et 94 bless\u00e9s ont \u00e9t\u00e9 recens\u00e9s par le minist\u00e8re isra\u00e9lien de la Sant\u00e9, principalement en raison d\u2019\u00e9clats li\u00e9s aux interceptions.<\/p>\n\n\n\n<p>L\u2019arm\u00e9e isra\u00e9lienne maintient une stricte censure sur les cibles touch\u00e9es et l\u2019\u00e9tendue des d\u00e9g\u00e2ts. La presse locale \u00e9voque n\u00e9anmoins plusieurs incendies d\u00e9clench\u00e9s par les frappes.<\/p>\n\n\n\n<h3 class=\"wp-block-heading\" id=\"h-un-bilan-desequilibre\">Un bilan d\u00e9s\u00e9quilibr\u00e9<\/h3>\n\n\n\n<p>Depuis le d\u00e9but des hostilit\u00e9s, les frappes isra\u00e9liennes sur l\u2019Iran ont fait <strong>plus de 240 morts<\/strong>, dont <strong>au moins 70 femmes et enfants<\/strong>, selon des sources hospitali\u00e8res. C\u00f4t\u00e9 isra\u00e9lien, <strong>24 personnes<\/strong> ont \u00e9t\u00e9 tu\u00e9es par les attaques iraniennes.<\/p>\n\n\n\n<h3 class=\"wp-block-heading\" id=\"h-gaza-en-ruines\">Gaza en ruines<\/h3>\n\n\n\n<p>Parall\u00e8lement, la guerre \u00e0 Gaza se poursuit dans l\u2019indiff\u00e9rence diplomatique. Ce mercredi, les forces isra\u00e9liennes ont tu\u00e9 <strong>89 Palestiniens<\/strong> \u00e0 Khan Youn\u00e8s, dont une majorit\u00e9 se trouvait dans une file d\u2019attente pour l\u2019aide alimentaire. Le minist\u00e8re de la Sant\u00e9 local affirme que <strong>le nombre total de morts d\u00e9passe 55 000<\/strong>, avec <strong>plus de 128 000 bless\u00e9s<\/strong>.<\/p>\n\n\n\n<h3 class=\"wp-block-heading\" id=\"h-vers-un-affrontement-direct\">Vers un affrontement direct ?<\/h3>\n\n\n\n<p>L\u2019exigence am\u00e9ricaine de capitulation marque un tournant strat\u00e9gique. La ligne rouge semble franchie. Face \u00e0 une posture de guerre totale port\u00e9e par Trump, T\u00e9h\u00e9ran devra choisir entre l\u2019escalade ou une difficile n\u00e9gociation en position de faiblesse. Aucun canal diplomatique cr\u00e9dible n\u2019est, \u00e0 cette heure, activ\u00e9.<\/p>\n","protected":false},"excerpt":{"rendered":"<p>Alors que la guerre entre Isra\u00ebl et l\u2019Iran entre dans son sixi\u00e8me jour, Donald Trump change de ton. Le pr\u00e9sident am\u00e9ricain a exig\u00e9 mardi soir la \u201creddition inconditionnelle\u201d de T\u00e9h\u00e9ran, affirmant que les \u00c9tats-Unis \u201ccontr\u00f4lent totalement le ciel iranien\u201d. Cette inflexion majeure survient alors que les bombardements isra\u00e9liens sur T\u00e9h\u00e9ran s\u2019intensifient et que les frappes [&hellip;]<\/p>\n","protected":false},"author":3203,"featured_media":377767,"comment_status":"open","ping_status":"open","sticky":false,"template":"","format":"standard","meta":{"footnotes":""},"categories":[2598],"tags":[2689,2600,2912,2636,3309],"class_list":["post-377765","post","type-post","status-publish","format-standard","has-post-thumbnail","hentry","category-international","tag-gaza","tag-guerre","tag-iran","tag-israel","tag-trump"],"yoast_head":"<!-- This site is optimized with the Yoast SEO Premium plugin v27.5 (Yoast SEO v27.5) - https:\/\/yoast.com\/product\/yoast-seo-premium-wordpress\/ -->\n<title>Trump exige la reddition de l\u2019Iran - webdo<\/title>\n<meta name=\"description\" content=\"Donald Trump exige la reddition de l\u2019Iran dans un contexte de tensions intensifi\u00e9es entre Isra\u00ebl et T\u00e9h\u00e9ran.\" \/>\n<link rel=\"canonical\" href=\"https:\/\/www.webdo.tn\/fr\/actualite\/international\/trump-exige-la-reddition-de-liran\/377765\/\" \/>\n<meta property=\"og:locale\" content=\"fr_FR\" \/>\n<meta property=\"og:type\" content=\"article\" \/>\n<meta property=\"og:title\" content=\"Trump exige la reddition de l\u2019Iran\" \/>\n<meta property=\"og:description\" content=\"Donald Trump exige la reddition de l\u2019Iran dans un contexte de tensions intensifi\u00e9es entre Isra\u00ebl et T\u00e9h\u00e9ran.\" \/>\n<meta property=\"og:url\" content=\"https:\/\/www.webdo.tn\/fr\/actualite\/international\/trump-exige-la-reddition-de-liran\/377765\/\" \/>\n<meta property=\"og:site_name\" content=\"webdo\" \/>\n<meta property=\"article:publisher\" content=\"https:\/\/www.facebook.com\/webdotn\" \/>\n<meta property=\"article:published_time\" content=\"2025-06-18T08:40:48+00:00\" \/>\n<meta property=\"article:modified_time\" content=\"2025-06-18T11:00:18+00:00\" \/>\n<meta name=\"author\" content=\"Ramzi Haddad\" \/>\n<meta name=\"twitter:card\" content=\"summary_large_image\" \/>\n<meta name=\"twitter:creator\" content=\"@webdo_tn\" \/>\n<meta name=\"twitter:site\" content=\"@webdo_tn\" \/>\n<meta name=\"twitter:label1\" content=\"\u00c9crit par\" \/>\n\t<meta name=\"twitter:data1\" content=\"Ramzi Haddad\" \/>\n\t<meta name=\"twitter:label2\" content=\"Dur\u00e9e de lecture estim\u00e9e\" \/>\n\t<meta name=\"twitter:data2\" content=\"4 minutes\" \/>\n<script type=\"application\/ld+json\" class=\"yoast-schema-graph\">{\"@context\":\"https:\\\/\\\/schema.org\",\"@graph\":[{\"@type\":\"NewsArticle\",\"@id\":\"https:\\\/\\\/www.webdo.tn\\\/fr\\\/actualite\\\/international\\\/trump-exige-la-reddition-de-liran\\\/377765\\\/#article\",\"isPartOf\":{\"@id\":\"https:\\\/\\\/www.webdo.tn\\\/fr\\\/actualite\\\/international\\\/trump-exige-la-reddition-de-liran\\\/377765\\\/\"},\"author\":{\"name\":\"Ramzi Haddad\",\"@id\":\"https:\\\/\\\/www.webdo.tn\\\/fr\\\/#\\\/schema\\\/person\\\/5663044c25eb36d8f88ba5b653f12f8c\"},\"headline\":\"Trump exige la reddition de l\u2019Iran\",\"datePublished\":\"2025-06-18T08:40:48+00:00\",\"dateModified\":\"2025-06-18T11:00:18+00:00\",\"mainEntityOfPage\":{\"@id\":\"https:\\\/\\\/www.webdo.tn\\\/fr\\\/actualite\\\/international\\\/trump-exige-la-reddition-de-liran\\\/377765\\\/\"},\"wordCount\":707,\"commentCount\":0,\"publisher\":{\"@id\":\"https:\\\/\\\/www.webdo.tn\\\/fr\\\/#organization\"},\"image\":{\"@id\":\"https:\\\/\\\/www.webdo.tn\\\/fr\\\/actualite\\\/international\\\/trump-exige-la-reddition-de-liran\\\/377765\\\/#primaryimage\"},\"thumbnailUrl\":\"https:\\\/\\\/www.webdo.tn\\\/fr\\\/wp-content\\\/uploads\\\/2025\\\/06\\\/Iran-TV.avif\",\"keywords\":[\"Gaza\",\"guerre\",\"Iran\",\"isra\u00ebl\",\"trump\"],\"articleSection\":[\"International\"],\"inLanguage\":\"fr-FR\"},{\"@type\":\"WebPage\",\"@id\":\"https:\\\/\\\/www.webdo.tn\\\/fr\\\/actualite\\\/international\\\/trump-exige-la-reddition-de-liran\\\/377765\\\/\",\"url\":\"https:\\\/\\\/www.webdo.tn\\\/fr\\\/actualite\\\/international\\\/trump-exige-la-reddition-de-liran\\\/377765\\\/\",\"name\":\"Trump exige la reddition de l\u2019Iran - webdo\",\"isPartOf\":{\"@id\":\"https:\\\/\\\/www.webdo.tn\\\/fr\\\/#website\"},\"primaryImageOfPage\":{\"@id\":\"https:\\\/\\\/www.webdo.tn\\\/fr\\\/actualite\\\/international\\\/trump-exige-la-reddition-de-liran\\\/377765\\\/#primaryimage\"},\"image\":{\"@id\":\"https:\\\/\\\/www.webdo.tn\\\/fr\\\/actualite\\\/international\\\/trump-exige-la-reddition-de-liran\\\/377765\\\/#primaryimage\"},\"thumbnailUrl\":\"https:\\\/\\\/www.webdo.tn\\\/fr\\\/wp-content\\\/uploads\\\/2025\\\/06\\\/Iran-TV.avif\",\"datePublished\":\"2025-06-18T08:40:48+00:00\",\"dateModified\":\"2025-06-18T11:00:18+00:00\",\"description\":\"Donald Trump exige la reddition de l\u2019Iran dans un contexte de tensions intensifi\u00e9es entre Isra\u00ebl et T\u00e9h\u00e9ran.\",\"breadcrumb\":{\"@id\":\"https:\\\/\\\/www.webdo.tn\\\/fr\\\/actualite\\\/international\\\/trump-exige-la-reddition-de-liran\\\/377765\\\/#breadcrumb\"},\"inLanguage\":\"fr-FR\",\"potentialAction\":[{\"@type\":\"ReadAction\",\"target\":[\"https:\\\/\\\/www.webdo.tn\\\/fr\\\/actualite\\\/international\\\/trump-exige-la-reddition-de-liran\\\/377765\\\/\"]}]},{\"@type\":\"ImageObject\",\"inLanguage\":\"fr-FR\",\"@id\":\"https:\\\/\\\/www.webdo.tn\\\/fr\\\/actualite\\\/international\\\/trump-exige-la-reddition-de-liran\\\/377765\\\/#primaryimage\",\"url\":\"https:\\\/\\\/www.webdo.tn\\\/fr\\\/wp-content\\\/uploads\\\/2025\\\/06\\\/Iran-TV.avif\",\"contentUrl\":\"https:\\\/\\\/www.webdo.tn\\\/fr\\\/wp-content\\\/uploads\\\/2025\\\/06\\\/Iran-TV.avif\",\"width\":1080,\"height\":720,\"caption\":\"De la fum\u00e9e s\u2019\u00e9l\u00e8ve apr\u00e8s une frappe isra\u00e9lienne visant le si\u00e8ge de l\u2019IRIB, la radiot\u00e9l\u00e9vision publique iranienne, \u00e0 T\u00e9h\u00e9ran, le 16 juin 2025.\"},{\"@type\":\"BreadcrumbList\",\"@id\":\"https:\\\/\\\/www.webdo.tn\\\/fr\\\/actualite\\\/international\\\/trump-exige-la-reddition-de-liran\\\/377765\\\/#breadcrumb\",\"itemListElement\":[{\"@type\":\"ListItem\",\"position\":1,\"name\":\"Accueil\",\"item\":\"https:\\\/\\\/www.webdo.tn\\\/fr\\\/\"},{\"@type\":\"ListItem\",\"position\":2,\"name\":\"Trump exige la reddition de l\u2019Iran\"}]},{\"@type\":\"WebSite\",\"@id\":\"https:\\\/\\\/www.webdo.tn\\\/fr\\\/#website\",\"url\":\"https:\\\/\\\/www.webdo.tn\\\/fr\\\/\",\"name\":\"webdo\",\"description\":\"Tunisie - News en Tunisie et \u00e0 l&#039;international sur Webdo.tn\",\"publisher\":{\"@id\":\"https:\\\/\\\/www.webdo.tn\\\/fr\\\/#organization\"},\"potentialAction\":[{\"@type\":\"SearchAction\",\"target\":{\"@type\":\"EntryPoint\",\"urlTemplate\":\"https:\\\/\\\/www.webdo.tn\\\/fr\\\/?s={search_term_string}\"},\"query-input\":{\"@type\":\"PropertyValueSpecification\",\"valueRequired\":true,\"valueName\":\"search_term_string\"}}],\"inLanguage\":\"fr-FR\"},{\"@type\":\"Organization\",\"@id\":\"https:\\\/\\\/www.webdo.tn\\\/fr\\\/#organization\",\"name\":\"Webdo\",\"alternateName\":\"Webdo.tn\",\"url\":\"https:\\\/\\\/www.webdo.tn\\\/fr\\\/\",\"logo\":{\"@type\":\"ImageObject\",\"inLanguage\":\"fr-FR\",\"@id\":\"https:\\\/\\\/www.webdo.tn\\\/fr\\\/#\\\/schema\\\/logo\\\/image\\\/\",\"url\":\"https:\\\/\\\/www.webdo.tn\\\/fr\\\/wp-content\\\/uploads\\\/2025\\\/06\\\/Webdo-Tunisie_168377.jpg\",\"contentUrl\":\"https:\\\/\\\/www.webdo.tn\\\/fr\\\/wp-content\\\/uploads\\\/2025\\\/06\\\/Webdo-Tunisie_168377.jpg\",\"width\":301,\"height\":301,\"caption\":\"Webdo\"},\"image\":{\"@id\":\"https:\\\/\\\/www.webdo.tn\\\/fr\\\/#\\\/schema\\\/logo\\\/image\\\/\"},\"sameAs\":[\"https:\\\/\\\/www.facebook.com\\\/webdotn\",\"https:\\\/\\\/x.com\\\/webdo_tn\"],\"description\":\"Webdo est un m\u00e9dia num\u00e9rique tunisien fond\u00e9 en 2010, sp\u00e9cialis\u00e9 dans l\u2019actualit\u00e9 nationale et internationale, l\u2019\u00e9conomie, la soci\u00e9t\u00e9 et les analyses politiques. Le site s\u2019adresse \u00e0 un large public francophone et couvre l\u2019information tunisienne en temps r\u00e9el.\",\"email\":\"redac@webdo.tn\",\"legalName\":\"YNJ SARL\",\"foundingDate\":\"2010-09-06\",\"numberOfEmployees\":{\"@type\":\"QuantitativeValue\",\"minValue\":\"11\",\"maxValue\":\"50\"}},{\"@type\":\"Person\",\"@id\":\"https:\\\/\\\/www.webdo.tn\\\/fr\\\/#\\\/schema\\\/person\\\/5663044c25eb36d8f88ba5b653f12f8c\",\"name\":\"Ramzi Haddad\",\"image\":{\"@type\":\"ImageObject\",\"inLanguage\":\"fr-FR\",\"@id\":\"https:\\\/\\\/www.webdo.tn\\\/fr\\\/wp-content\\\/uploads\\\/2026\\\/04\\\/ramzi-haddad_avatar-96x96.jpg\",\"url\":\"https:\\\/\\\/www.webdo.tn\\\/fr\\\/wp-content\\\/uploads\\\/2026\\\/04\\\/ramzi-haddad_avatar-96x96.jpg\",\"contentUrl\":\"https:\\\/\\\/www.webdo.tn\\\/fr\\\/wp-content\\\/uploads\\\/2026\\\/04\\\/ramzi-haddad_avatar-96x96.jpg\",\"caption\":\"Ramzi Haddad\"},\"description\":\"Signature \u00e9ditoriale de Walid Ben Youssef Ramzi Haddad est le pseudonyme \u00e9ditorial de Walid Ben Youssef, fondateur et g\u00e9rant de Webdo.tn. Cette signature est d\u00e9di\u00e9e \u00e0 la couverture de l'actualit\u00e9 nationale et internationale, ainsi qu'aux analyses des dynamiques num\u00e9riques. Ce profil b\u00e9n\u00e9ficie de l'expertise de Walid Ben Youssef, pionnier du web en Tunisie depuis 2000 et dipl\u00f4m\u00e9 en Math\u00e9matiques pures de l'Universit\u00e9 d'Oregon. \u00c0 travers cette signature, la r\u00e9daction de Webdo garantit une information structur\u00e9e et v\u00e9rifi\u00e9e, fid\u00e8le aux standards journalistiques du m\u00e9dia.\",\"url\":\"https:\\\/\\\/www.webdo.tn\\\/fr\\\/actualite\\\/author\\\/ramzi-haddad\\\/\"}]}<\/script>\n<!-- \/ Yoast SEO Premium plugin. -->","yoast_head_json":{"title":"Trump exige la reddition de l\u2019Iran - webdo","description":"Donald Trump exige la reddition de l\u2019Iran dans un contexte de tensions intensifi\u00e9es entre Isra\u00ebl et T\u00e9h\u00e9ran.","canonical":"https:\/\/www.webdo.tn\/fr\/actualite\/international\/trump-exige-la-reddition-de-liran\/377765\/","og_locale":"fr_FR","og_type":"article","og_title":"Trump exige la reddition de l\u2019Iran","og_description":"Donald Trump exige la reddition de l\u2019Iran dans un contexte de tensions intensifi\u00e9es entre Isra\u00ebl et T\u00e9h\u00e9ran.","og_url":"https:\/\/www.webdo.tn\/fr\/actualite\/international\/trump-exige-la-reddition-de-liran\/377765\/","og_site_name":"webdo","article_publisher":"https:\/\/www.facebook.com\/webdotn","article_published_time":"2025-06-18T08:40:48+00:00","article_modified_time":"2025-06-18T11:00:18+00:00","author":"Ramzi Haddad","twitter_card":"summary_large_image","twitter_creator":"@webdo_tn","twitter_site":"@webdo_tn","twitter_misc":{"\u00c9crit par":"Ramzi Haddad","Dur\u00e9e de lecture estim\u00e9e":"4 minutes"},"schema":{"@context":"https:\/\/schema.org","@graph":[{"@type":"NewsArticle","@id":"https:\/\/www.webdo.tn\/fr\/actualite\/international\/trump-exige-la-reddition-de-liran\/377765\/#article","isPartOf":{"@id":"https:\/\/www.webdo.tn\/fr\/actualite\/international\/trump-exige-la-reddition-de-liran\/377765\/"},"author":{"name":"Ramzi Haddad","@id":"https:\/\/www.webdo.tn\/fr\/#\/schema\/person\/5663044c25eb36d8f88ba5b653f12f8c"},"headline":"Trump exige la reddition de l\u2019Iran","datePublished":"2025-06-18T08:40:48+00:00","dateModified":"2025-06-18T11:00:18+00:00","mainEntityOfPage":{"@id":"https:\/\/www.webdo.tn\/fr\/actualite\/international\/trump-exige-la-reddition-de-liran\/377765\/"},"wordCount":707,"commentCount":0,"publisher":{"@id":"https:\/\/www.webdo.tn\/fr\/#organization"},"image":{"@id":"https:\/\/www.webdo.tn\/fr\/actualite\/international\/trump-exige-la-reddition-de-liran\/377765\/#primaryimage"},"thumbnailUrl":"https:\/\/www.webdo.tn\/fr\/wp-content\/uploads\/2025\/06\/Iran-TV.avif","keywords":["Gaza","guerre","Iran","isra\u00ebl","trump"],"articleSection":["International"],"inLanguage":"fr-FR"},{"@type":"WebPage","@id":"https:\/\/www.webdo.tn\/fr\/actualite\/international\/trump-exige-la-reddition-de-liran\/377765\/","url":"https:\/\/www.webdo.tn\/fr\/actualite\/international\/trump-exige-la-reddition-de-liran\/377765\/","name":"Trump exige la reddition de l\u2019Iran - webdo","isPartOf":{"@id":"https:\/\/www.webdo.tn\/fr\/#website"},"primaryImageOfPage":{"@id":"https:\/\/www.webdo.tn\/fr\/actualite\/international\/trump-exige-la-reddition-de-liran\/377765\/#primaryimage"},"image":{"@id":"https:\/\/www.webdo.tn\/fr\/actualite\/international\/trump-exige-la-reddition-de-liran\/377765\/#primaryimage"},"thumbnailUrl":"https:\/\/www.webdo.tn\/fr\/wp-content\/uploads\/2025\/06\/Iran-TV.avif","datePublished":"2025-06-18T08:40:48+00:00","dateModified":"2025-06-18T11:00:18+00:00","description":"Donald Trump exige la reddition de l\u2019Iran dans un contexte de tensions intensifi\u00e9es entre Isra\u00ebl et T\u00e9h\u00e9ran.","breadcrumb":{"@id":"https:\/\/www.webdo.tn\/fr\/actualite\/international\/trump-exige-la-reddition-de-liran\/377765\/#breadcrumb"},"inLanguage":"fr-FR","potentialAction":[{"@type":"ReadAction","target":["https:\/\/www.webdo.tn\/fr\/actualite\/international\/trump-exige-la-reddition-de-liran\/377765\/"]}]},{"@type":"ImageObject","inLanguage":"fr-FR","@id":"https:\/\/www.webdo.tn\/fr\/actualite\/international\/trump-exige-la-reddition-de-liran\/377765\/#primaryimage","url":"https:\/\/www.webdo.tn\/fr\/wp-content\/uploads\/2025\/06\/Iran-TV.avif","contentUrl":"https:\/\/www.webdo.tn\/fr\/wp-content\/uploads\/2025\/06\/Iran-TV.avif","width":1080,"height":720,"caption":"De la fum\u00e9e s\u2019\u00e9l\u00e8ve apr\u00e8s une frappe isra\u00e9lienne visant le si\u00e8ge de l\u2019IRIB, la radiot\u00e9l\u00e9vision publique iranienne, \u00e0 T\u00e9h\u00e9ran, le 16 juin 2025."},{"@type":"BreadcrumbList","@id":"https:\/\/www.webdo.tn\/fr\/actualite\/international\/trump-exige-la-reddition-de-liran\/377765\/#breadcrumb","itemListElement":[{"@type":"ListItem","position":1,"name":"Accueil","item":"https:\/\/www.webdo.tn\/fr\/"},{"@type":"ListItem","position":2,"name":"Trump exige la reddition de l\u2019Iran"}]},{"@type":"WebSite","@id":"https:\/\/www.webdo.tn\/fr\/#website","url":"https:\/\/www.webdo.tn\/fr\/","name":"webdo","description":"Tunisie - News en Tunisie et \u00e0 l&#039;international sur Webdo.tn","publisher":{"@id":"https:\/\/www.webdo.tn\/fr\/#organization"},"potentialAction":[{"@type":"SearchAction","target":{"@type":"EntryPoint","urlTemplate":"https:\/\/www.webdo.tn\/fr\/?s={search_term_string}"},"query-input":{"@type":"PropertyValueSpecification","valueRequired":true,"valueName":"search_term_string"}}],"inLanguage":"fr-FR"},{"@type":"Organization","@id":"https:\/\/www.webdo.tn\/fr\/#organization","name":"Webdo","alternateName":"Webdo.tn","url":"https:\/\/www.webdo.tn\/fr\/","logo":{"@type":"ImageObject","inLanguage":"fr-FR","@id":"https:\/\/www.webdo.tn\/fr\/#\/schema\/logo\/image\/","url":"https:\/\/www.webdo.tn\/fr\/wp-content\/uploads\/2025\/06\/Webdo-Tunisie_168377.jpg","contentUrl":"https:\/\/www.webdo.tn\/fr\/wp-content\/uploads\/2025\/06\/Webdo-Tunisie_168377.jpg","width":301,"height":301,"caption":"Webdo"},"image":{"@id":"https:\/\/www.webdo.tn\/fr\/#\/schema\/logo\/image\/"},"sameAs":["https:\/\/www.facebook.com\/webdotn","https:\/\/x.com\/webdo_tn"],"description":"Webdo est un m\u00e9dia num\u00e9rique tunisien fond\u00e9 en 2010, sp\u00e9cialis\u00e9 dans l\u2019actualit\u00e9 nationale et internationale, l\u2019\u00e9conomie, la soci\u00e9t\u00e9 et les analyses politiques. Le site s\u2019adresse \u00e0 un large public francophone et couvre l\u2019information tunisienne en temps r\u00e9el.","email":"redac@webdo.tn","legalName":"YNJ SARL","foundingDate":"2010-09-06","numberOfEmployees":{"@type":"QuantitativeValue","minValue":"11","maxValue":"50"}},{"@type":"Person","@id":"https:\/\/www.webdo.tn\/fr\/#\/schema\/person\/5663044c25eb36d8f88ba5b653f12f8c","name":"Ramzi Haddad","image":{"@type":"ImageObject","inLanguage":"fr-FR","@id":"https:\/\/www.webdo.tn\/fr\/wp-content\/uploads\/2026\/04\/ramzi-haddad_avatar-96x96.jpg","url":"https:\/\/www.webdo.tn\/fr\/wp-content\/uploads\/2026\/04\/ramzi-haddad_avatar-96x96.jpg","contentUrl":"https:\/\/www.webdo.tn\/fr\/wp-content\/uploads\/2026\/04\/ramzi-haddad_avatar-96x96.jpg","caption":"Ramzi Haddad"},"description":"Signature \u00e9ditoriale de Walid Ben Youssef Ramzi Haddad est le pseudonyme \u00e9ditorial de Walid Ben Youssef, fondateur et g\u00e9rant de Webdo.tn. Cette signature est d\u00e9di\u00e9e \u00e0 la couverture de l'actualit\u00e9 nationale et internationale, ainsi qu'aux analyses des dynamiques num\u00e9riques. Ce profil b\u00e9n\u00e9ficie de l'expertise de Walid Ben Youssef, pionnier du web en Tunisie depuis 2000 et dipl\u00f4m\u00e9 en Math\u00e9matiques pures de l'Universit\u00e9 d'Oregon. \u00c0 travers cette signature, la r\u00e9daction de Webdo garantit une information structur\u00e9e et v\u00e9rifi\u00e9e, fid\u00e8le aux standards journalistiques du m\u00e9dia.","url":"https:\/\/www.webdo.tn\/fr\/actualite\/author\/ramzi-haddad\/"}]}},"_links":{"self":[{"href":"https:\/\/www.webdo.tn\/fr\/wp-json\/wp\/v2\/posts\/377765","targetHints":{"allow":["GET"]}}],"collection":[{"href":"https:\/\/www.webdo.tn\/fr\/wp-json\/wp\/v2\/posts"}],"about":[{"href":"https:\/\/www.webdo.tn\/fr\/wp-json\/wp\/v2\/types\/post"}],"author":[{"embeddable":true,"href":"https:\/\/www.webdo.tn\/fr\/wp-json\/wp\/v2\/users\/3203"}],"replies":[{"embeddable":true,"href":"https:\/\/www.webdo.tn\/fr\/wp-json\/wp\/v2\/comments?post=377765"}],"version-history":[{"count":0,"href":"https:\/\/www.webdo.tn\/fr\/wp-json\/wp\/v2\/posts\/377765\/revisions"}],"wp:featuredmedia":[{"embeddable":true,"href":"https:\/\/www.webdo.tn\/fr\/wp-json\/wp\/v2\/media\/377767"}],"wp:attachment":[{"href":"https:\/\/www.webdo.tn\/fr\/wp-json\/wp\/v2\/media?parent=377765"}],"wp:term":[{"taxonomy":"category","embeddable":true,"href":"https:\/\/www.webdo.tn\/fr\/wp-json\/wp\/v2\/categories?post=377765"},{"taxonomy":"post_tag","embeddable":true,"href":"https:\/\/www.webdo.tn\/fr\/wp-json\/wp\/v2\/tags?post=377765"}],"curies":[{"name":"wp","href":"https:\/\/api.w.org\/{rel}","templated":true}]}}