{"id":377725,"date":"2025-06-17T19:07:16","date_gmt":"2025-06-17T18:07:16","guid":{"rendered":"https:\/\/www.webdo.tn\/fr\/?p=377725"},"modified":"2025-06-17T19:07:21","modified_gmt":"2025-06-17T18:07:21","slug":"tunisie-reunion-africaine-sur-linterdiction-des-armes-chimiques","status":"publish","type":"post","link":"https:\/\/www.webdo.tn\/fr\/actualite\/national\/tunisie-reunion-africaine-sur-linterdiction-des-armes-chimiques\/377725\/","title":{"rendered":"Tunisie : R\u00e9union africaine sur l\u2019interdiction des armes chimiques"},"content":{"rendered":"\n<p><strong>La Tunisie accueille, du 17 au 19 juin 2025, la vingt-troisi\u00e8me r\u00e9union r\u00e9gionale africaine sur l\u2019interdiction des armes chimiques. Cet \u00e9v\u00e9nement rassemble les autorit\u00e9s nationales des pays africains parties \u00e0 la Convention sur ce sujet crucial. La c\u00e9r\u00e9monie d\u2019ouverture, pr\u00e9sid\u00e9e ce  mardi par le ministre des Affaires \u00e9trang\u00e8res Mohamed Ali Nafti, marque le lancement de ces trois jours de d\u00e9bats et d\u2019\u00e9changes.<\/strong><\/p>\n\n\n\n<hr class=\"wp-block-separator has-alpha-channel-opacity\" \/>\n\n\n\n<p>Tout d\u2019abord, dans son discours, le ministre a rappel\u00e9 la fiert\u00e9 tunisienne li\u00e9e \u00e0 son identit\u00e9 africaine. Ensuite, il a soulign\u00e9 que les solutions aux d\u00e9fis du continent doivent venir d\u2019Afrique elle-m\u00eame. Par ailleurs, il a insist\u00e9 sur l\u2019importance de l\u2019Agenda 2063 de l\u2019Union africaine, notamment dans les domaines de la paix et de la s\u00e9curit\u00e9.<\/p>\n\n\n\n<p>De plus, M. Nafti a affirm\u00e9 que la Tunisie soutient toutes les initiatives r\u00e9gionales et internationales. En effet, l\u2019objectif est de renforcer la coop\u00e9ration entre les pays africains. \u00c0 cet \u00e9gard, il a cit\u00e9 l\u2019initiative \u00ab Faire taire les armes \u00e0 l\u2019horizon 2030 \u00bb comme un exemple concret \u00e0 suivre.<\/p>\n\n\n\n<p>Cette r\u00e9union constitue une \u00e9tape cl\u00e9 pour les \u00c9tats participants. En effet, elle favorise l\u2019harmonisation des politiques nationales avec les objectifs de la Convention. Par cons\u00e9quent, les participants \u00e9changent sur les meilleures pratiques pour interdire les armes chimiques. Ils d\u00e9finissent \u00e9galement des priorit\u00e9s communes afin de consolider la s\u00e9curit\u00e9 r\u00e9gionale.<\/p>\n\n\n\n<p>Au total, 49 repr\u00e9sentants venus de 45 pays africains participent \u00e0 cette rencontre. Ils repr\u00e9sentent leurs autorit\u00e9s nationales respectives. Par ailleurs, des experts de l\u2019Organisation pour l\u2019interdiction des armes chimiques sont \u00e9galement pr\u00e9sents. De plus, des membres du Comit\u00e9 national tunisien pour l\u2019interdiction des armes chimiques prennent part aux d\u00e9bats.<\/p>\n\n\n\n<p>Enfin, cet \u00e9v\u00e9nement encourage aussi l\u2019usage pacifique des sciences et technologies chimiques. Ainsi, il vise \u00e0 soutenir le d\u00e9veloppement, mais aussi la stabilit\u00e9 du continent africain.<\/p>\n","protected":false},"excerpt":{"rendered":"<p>La Tunisie accueille, du 17 au 19 juin 2025, la vingt-troisi\u00e8me r\u00e9union r\u00e9gionale africaine sur l\u2019interdiction des armes chimiques. Cet \u00e9v\u00e9nement rassemble les autorit\u00e9s nationales des pays africains parties \u00e0 la Convention sur ce sujet crucial. La c\u00e9r\u00e9monie d\u2019ouverture, pr\u00e9sid\u00e9e ce mardi par le ministre des Affaires \u00e9trang\u00e8res Mohamed Ali Nafti, marque le lancement de [&hellip;]<\/p>\n","protected":false},"author":4782,"featured_media":377726,"comment_status":"open","ping_status":"open","sticky":false,"template":"","format":"standard","meta":{"footnotes":""},"categories":[44],"tags":[10653,3046,8612,2608],"class_list":["post-377725","post","type-post","status-publish","format-standard","has-post-thumbnail","hentry","category-national","tag-produits-chimiques","tag-afrique","tag-arme","tag-tunisie"],"yoast_head":"<!-- This site is optimized with the Yoast SEO Premium plugin v27.4 (Yoast SEO v27.5) - https:\/\/yoast.com\/product\/yoast-seo-premium-wordpress\/ -->\n<title>Tunisie : R\u00e9union africaine sur l\u2019interdiction des armes chimiques - webdo<\/title>\n<meta name=\"description\" content=\"La Tunisie accueille la 23\u1d49 r\u00e9union africaine sur l\u2019interdiction des armes chimiques, un pas vers la paix et la s\u00e9curit\u00e9.\" \/>\n<link rel=\"canonical\" href=\"https:\/\/www.webdo.tn\/fr\/actualite\/national\/tunisie-reunion-africaine-sur-linterdiction-des-armes-chimiques\/377725\/\" \/>\n<meta property=\"og:locale\" content=\"fr_FR\" \/>\n<meta property=\"og:type\" content=\"article\" \/>\n<meta property=\"og:title\" content=\"Tunisie : R\u00e9union africaine sur l\u2019interdiction des armes chimiques\" \/>\n<meta property=\"og:description\" content=\"La Tunisie accueille la 23\u1d49 r\u00e9union africaine sur l\u2019interdiction des armes chimiques, un pas vers la paix et la s\u00e9curit\u00e9.\" \/>\n<meta property=\"og:url\" content=\"https:\/\/www.webdo.tn\/fr\/actualite\/national\/tunisie-reunion-africaine-sur-linterdiction-des-armes-chimiques\/377725\/\" \/>\n<meta property=\"og:site_name\" content=\"webdo\" \/>\n<meta property=\"article:publisher\" content=\"https:\/\/www.facebook.com\/webdotn\" \/>\n<meta property=\"article:published_time\" content=\"2025-06-17T18:07:16+00:00\" \/>\n<meta property=\"article:modified_time\" content=\"2025-06-17T18:07:21+00:00\" \/>\n<meta property=\"og:image\" content=\"https:\/\/www.webdo.tn\/fr\/wp-content\/uploads\/2025\/06\/505724478_1149344530569500_4219618176534578069_n.jpg\" \/>\n\t<meta property=\"og:image:width\" content=\"1280\" \/>\n\t<meta property=\"og:image:height\" content=\"798\" \/>\n\t<meta property=\"og:image:type\" content=\"image\/jpeg\" \/>\n<meta name=\"author\" content=\"Mohamed Fethi\" \/>\n<meta name=\"twitter:card\" content=\"summary_large_image\" \/>\n<meta name=\"twitter:creator\" content=\"@webdo_tn\" \/>\n<meta name=\"twitter:site\" content=\"@webdo_tn\" \/>\n<meta name=\"twitter:label1\" content=\"\u00c9crit par\" \/>\n\t<meta name=\"twitter:data1\" content=\"Mohamed Fethi\" \/>\n\t<meta name=\"twitter:label2\" content=\"Dur\u00e9e de lecture estim\u00e9e\" \/>\n\t<meta name=\"twitter:data2\" content=\"2 minutes\" \/>\n<script type=\"application\/ld+json\" class=\"yoast-schema-graph\">{\"@context\":\"https:\\\/\\\/schema.org\",\"@graph\":[{\"@type\":\"NewsArticle\",\"@id\":\"https:\\\/\\\/www.webdo.tn\\\/fr\\\/actualite\\\/national\\\/tunisie-reunion-africaine-sur-linterdiction-des-armes-chimiques\\\/377725\\\/#article\",\"isPartOf\":{\"@id\":\"https:\\\/\\\/www.webdo.tn\\\/fr\\\/actualite\\\/national\\\/tunisie-reunion-africaine-sur-linterdiction-des-armes-chimiques\\\/377725\\\/\"},\"author\":{\"name\":\"Mohamed Fethi\",\"@id\":\"https:\\\/\\\/www.webdo.tn\\\/fr\\\/#\\\/schema\\\/person\\\/16a4857e77dfc0b610c4c2cadffc9ac4\"},\"headline\":\"Tunisie : R\u00e9union africaine sur l\u2019interdiction des armes chimiques\",\"datePublished\":\"2025-06-17T18:07:16+00:00\",\"dateModified\":\"2025-06-17T18:07:21+00:00\",\"mainEntityOfPage\":{\"@id\":\"https:\\\/\\\/www.webdo.tn\\\/fr\\\/actualite\\\/national\\\/tunisie-reunion-africaine-sur-linterdiction-des-armes-chimiques\\\/377725\\\/\"},\"wordCount\":334,\"commentCount\":0,\"publisher\":{\"@id\":\"https:\\\/\\\/www.webdo.tn\\\/fr\\\/#organization\"},\"image\":{\"@id\":\"https:\\\/\\\/www.webdo.tn\\\/fr\\\/actualite\\\/national\\\/tunisie-reunion-africaine-sur-linterdiction-des-armes-chimiques\\\/377725\\\/#primaryimage\"},\"thumbnailUrl\":\"https:\\\/\\\/www.webdo.tn\\\/fr\\\/wp-content\\\/uploads\\\/2025\\\/06\\\/505724478_1149344530569500_4219618176534578069_n.jpg\",\"keywords\":[\"'produits chimiques']\",\"Afrique\",\"arme\",\"Tunisie\"],\"articleSection\":[\"National\"],\"inLanguage\":\"fr-FR\"},{\"@type\":\"WebPage\",\"@id\":\"https:\\\/\\\/www.webdo.tn\\\/fr\\\/actualite\\\/national\\\/tunisie-reunion-africaine-sur-linterdiction-des-armes-chimiques\\\/377725\\\/\",\"url\":\"https:\\\/\\\/www.webdo.tn\\\/fr\\\/actualite\\\/national\\\/tunisie-reunion-africaine-sur-linterdiction-des-armes-chimiques\\\/377725\\\/\",\"name\":\"Tunisie : R\u00e9union africaine sur l\u2019interdiction des armes chimiques - webdo\",\"isPartOf\":{\"@id\":\"https:\\\/\\\/www.webdo.tn\\\/fr\\\/#website\"},\"primaryImageOfPage\":{\"@id\":\"https:\\\/\\\/www.webdo.tn\\\/fr\\\/actualite\\\/national\\\/tunisie-reunion-africaine-sur-linterdiction-des-armes-chimiques\\\/377725\\\/#primaryimage\"},\"image\":{\"@id\":\"https:\\\/\\\/www.webdo.tn\\\/fr\\\/actualite\\\/national\\\/tunisie-reunion-africaine-sur-linterdiction-des-armes-chimiques\\\/377725\\\/#primaryimage\"},\"thumbnailUrl\":\"https:\\\/\\\/www.webdo.tn\\\/fr\\\/wp-content\\\/uploads\\\/2025\\\/06\\\/505724478_1149344530569500_4219618176534578069_n.jpg\",\"datePublished\":\"2025-06-17T18:07:16+00:00\",\"dateModified\":\"2025-06-17T18:07:21+00:00\",\"description\":\"La Tunisie accueille la 23\u1d49 r\u00e9union africaine sur l\u2019interdiction des armes chimiques, un pas vers la paix et la s\u00e9curit\u00e9.\",\"breadcrumb\":{\"@id\":\"https:\\\/\\\/www.webdo.tn\\\/fr\\\/actualite\\\/national\\\/tunisie-reunion-africaine-sur-linterdiction-des-armes-chimiques\\\/377725\\\/#breadcrumb\"},\"inLanguage\":\"fr-FR\",\"potentialAction\":[{\"@type\":\"ReadAction\",\"target\":[\"https:\\\/\\\/www.webdo.tn\\\/fr\\\/actualite\\\/national\\\/tunisie-reunion-africaine-sur-linterdiction-des-armes-chimiques\\\/377725\\\/\"]}]},{\"@type\":\"ImageObject\",\"inLanguage\":\"fr-FR\",\"@id\":\"https:\\\/\\\/www.webdo.tn\\\/fr\\\/actualite\\\/national\\\/tunisie-reunion-africaine-sur-linterdiction-des-armes-chimiques\\\/377725\\\/#primaryimage\",\"url\":\"https:\\\/\\\/www.webdo.tn\\\/fr\\\/wp-content\\\/uploads\\\/2025\\\/06\\\/505724478_1149344530569500_4219618176534578069_n.jpg\",\"contentUrl\":\"https:\\\/\\\/www.webdo.tn\\\/fr\\\/wp-content\\\/uploads\\\/2025\\\/06\\\/505724478_1149344530569500_4219618176534578069_n.jpg\",\"width\":1280,\"height\":798},{\"@type\":\"BreadcrumbList\",\"@id\":\"https:\\\/\\\/www.webdo.tn\\\/fr\\\/actualite\\\/national\\\/tunisie-reunion-africaine-sur-linterdiction-des-armes-chimiques\\\/377725\\\/#breadcrumb\",\"itemListElement\":[{\"@type\":\"ListItem\",\"position\":1,\"name\":\"Accueil\",\"item\":\"https:\\\/\\\/www.webdo.tn\\\/fr\\\/\"},{\"@type\":\"ListItem\",\"position\":2,\"name\":\"Tunisie : R\u00e9union africaine sur l\u2019interdiction des armes chimiques\"}]},{\"@type\":\"WebSite\",\"@id\":\"https:\\\/\\\/www.webdo.tn\\\/fr\\\/#website\",\"url\":\"https:\\\/\\\/www.webdo.tn\\\/fr\\\/\",\"name\":\"webdo\",\"description\":\"Tunisie - News en Tunisie et \u00e0 l&#039;international sur Webdo.tn\",\"publisher\":{\"@id\":\"https:\\\/\\\/www.webdo.tn\\\/fr\\\/#organization\"},\"potentialAction\":[{\"@type\":\"SearchAction\",\"target\":{\"@type\":\"EntryPoint\",\"urlTemplate\":\"https:\\\/\\\/www.webdo.tn\\\/fr\\\/?s={search_term_string}\"},\"query-input\":{\"@type\":\"PropertyValueSpecification\",\"valueRequired\":true,\"valueName\":\"search_term_string\"}}],\"inLanguage\":\"fr-FR\"},{\"@type\":\"Organization\",\"@id\":\"https:\\\/\\\/www.webdo.tn\\\/fr\\\/#organization\",\"name\":\"Webdo\",\"alternateName\":\"Webdo.tn\",\"url\":\"https:\\\/\\\/www.webdo.tn\\\/fr\\\/\",\"logo\":{\"@type\":\"ImageObject\",\"inLanguage\":\"fr-FR\",\"@id\":\"https:\\\/\\\/www.webdo.tn\\\/fr\\\/#\\\/schema\\\/logo\\\/image\\\/\",\"url\":\"https:\\\/\\\/www.webdo.tn\\\/fr\\\/wp-content\\\/uploads\\\/2025\\\/06\\\/Webdo-Tunisie_168377.jpg\",\"contentUrl\":\"https:\\\/\\\/www.webdo.tn\\\/fr\\\/wp-content\\\/uploads\\\/2025\\\/06\\\/Webdo-Tunisie_168377.jpg\",\"width\":301,\"height\":301,\"caption\":\"Webdo\"},\"image\":{\"@id\":\"https:\\\/\\\/www.webdo.tn\\\/fr\\\/#\\\/schema\\\/logo\\\/image\\\/\"},\"sameAs\":[\"https:\\\/\\\/www.facebook.com\\\/webdotn\",\"https:\\\/\\\/x.com\\\/webdo_tn\"],\"description\":\"Webdo est un m\u00e9dia num\u00e9rique tunisien fond\u00e9 en 2010, sp\u00e9cialis\u00e9 dans l\u2019actualit\u00e9 nationale et internationale, l\u2019\u00e9conomie, la soci\u00e9t\u00e9 et les analyses politiques. Le site s\u2019adresse \u00e0 un large public francophone et couvre l\u2019information tunisienne en temps r\u00e9el.\",\"email\":\"redac@webdo.tn\",\"legalName\":\"YNJ SARL\",\"foundingDate\":\"2010-09-06\",\"numberOfEmployees\":{\"@type\":\"QuantitativeValue\",\"minValue\":\"11\",\"maxValue\":\"50\"}},{\"@type\":\"Person\",\"@id\":\"https:\\\/\\\/www.webdo.tn\\\/fr\\\/#\\\/schema\\\/person\\\/16a4857e77dfc0b610c4c2cadffc9ac4\",\"name\":\"Mohamed Fethi\",\"image\":{\"@type\":\"ImageObject\",\"inLanguage\":\"fr-FR\",\"@id\":\"https:\\\/\\\/www.webdo.tn\\\/fr\\\/wp-content\\\/uploads\\\/2026\\\/04\\\/mohamed-fethi_avatar_1-96x96.jpg\",\"url\":\"https:\\\/\\\/www.webdo.tn\\\/fr\\\/wp-content\\\/uploads\\\/2026\\\/04\\\/mohamed-fethi_avatar_1-96x96.jpg\",\"contentUrl\":\"https:\\\/\\\/www.webdo.tn\\\/fr\\\/wp-content\\\/uploads\\\/2026\\\/04\\\/mohamed-fethi_avatar_1-96x96.jpg\",\"caption\":\"Mohamed Fethi\"},\"description\":\"Signature \u00e9ditoriale de Maher Chaabane Mohamed Fethi est le pseudonyme \u00e9ditorial de Maher Chaabane, r\u00e9dacteur en chef de Webdo.tn depuis 2012. Cette signature est d\u00e9di\u00e9e au traitement intensif de l'actualit\u00e9 nationale et internationale en temps r\u00e9el. S'appuyant sur les deux d\u00e9cennies d'expertise journalistique de Maher Chaabane \u2014 d\u00e9but\u00e9e au sein du groupe Tunis Hebdo en 2000 \u2014 Mohamed Fethi assure une veille rigoureuse sur les enjeux politiques, \u00e9conomiques et sportifs. Sa mission est de garantir une information structur\u00e9e, fluide et fid\u00e8le aux standards de la r\u00e9daction. Pour consulter le parcours complet du r\u00e9dacteur en chef, visitez le profil officiel de Maher Chaabane.\",\"knowsAbout\":[\"actualit\u00e9\",\"journalisme\",\"information\",\"politique\",\"sport\",\"m\u00e9dias\",\"actualit\u00e9 internationale\"],\"knowsLanguage\":[\"Fran\u00e7ais\",\"Arabe\"],\"jobTitle\":\"Journaliste \u2013 R\u00e9daction Webdo\",\"worksFor\":\"Webdo.tn\",\"url\":\"https:\\\/\\\/www.webdo.tn\\\/fr\\\/actualite\\\/author\\\/mohamed-fethi\\\/\"}]}<\/script>\n<!-- \/ Yoast SEO Premium plugin. -->","yoast_head_json":{"title":"Tunisie : R\u00e9union africaine sur l\u2019interdiction des armes chimiques - webdo","description":"La Tunisie accueille la 23\u1d49 r\u00e9union africaine sur l\u2019interdiction des armes chimiques, un pas vers la paix et la s\u00e9curit\u00e9.","canonical":"https:\/\/www.webdo.tn\/fr\/actualite\/national\/tunisie-reunion-africaine-sur-linterdiction-des-armes-chimiques\/377725\/","og_locale":"fr_FR","og_type":"article","og_title":"Tunisie : R\u00e9union africaine sur l\u2019interdiction des armes chimiques","og_description":"La Tunisie accueille la 23\u1d49 r\u00e9union africaine sur l\u2019interdiction des armes chimiques, un pas vers la paix et la s\u00e9curit\u00e9.","og_url":"https:\/\/www.webdo.tn\/fr\/actualite\/national\/tunisie-reunion-africaine-sur-linterdiction-des-armes-chimiques\/377725\/","og_site_name":"webdo","article_publisher":"https:\/\/www.facebook.com\/webdotn","article_published_time":"2025-06-17T18:07:16+00:00","article_modified_time":"2025-06-17T18:07:21+00:00","og_image":[{"width":1280,"height":798,"url":"https:\/\/www.webdo.tn\/fr\/wp-content\/uploads\/2025\/06\/505724478_1149344530569500_4219618176534578069_n.jpg","type":"image\/jpeg"}],"author":"Mohamed Fethi","twitter_card":"summary_large_image","twitter_creator":"@webdo_tn","twitter_site":"@webdo_tn","twitter_misc":{"\u00c9crit par":"Mohamed Fethi","Dur\u00e9e de lecture estim\u00e9e":"2 minutes"},"schema":{"@context":"https:\/\/schema.org","@graph":[{"@type":"NewsArticle","@id":"https:\/\/www.webdo.tn\/fr\/actualite\/national\/tunisie-reunion-africaine-sur-linterdiction-des-armes-chimiques\/377725\/#article","isPartOf":{"@id":"https:\/\/www.webdo.tn\/fr\/actualite\/national\/tunisie-reunion-africaine-sur-linterdiction-des-armes-chimiques\/377725\/"},"author":{"name":"Mohamed Fethi","@id":"https:\/\/www.webdo.tn\/fr\/#\/schema\/person\/16a4857e77dfc0b610c4c2cadffc9ac4"},"headline":"Tunisie : R\u00e9union africaine sur l\u2019interdiction des armes chimiques","datePublished":"2025-06-17T18:07:16+00:00","dateModified":"2025-06-17T18:07:21+00:00","mainEntityOfPage":{"@id":"https:\/\/www.webdo.tn\/fr\/actualite\/national\/tunisie-reunion-africaine-sur-linterdiction-des-armes-chimiques\/377725\/"},"wordCount":334,"commentCount":0,"publisher":{"@id":"https:\/\/www.webdo.tn\/fr\/#organization"},"image":{"@id":"https:\/\/www.webdo.tn\/fr\/actualite\/national\/tunisie-reunion-africaine-sur-linterdiction-des-armes-chimiques\/377725\/#primaryimage"},"thumbnailUrl":"https:\/\/www.webdo.tn\/fr\/wp-content\/uploads\/2025\/06\/505724478_1149344530569500_4219618176534578069_n.jpg","keywords":["'produits chimiques']","Afrique","arme","Tunisie"],"articleSection":["National"],"inLanguage":"fr-FR"},{"@type":"WebPage","@id":"https:\/\/www.webdo.tn\/fr\/actualite\/national\/tunisie-reunion-africaine-sur-linterdiction-des-armes-chimiques\/377725\/","url":"https:\/\/www.webdo.tn\/fr\/actualite\/national\/tunisie-reunion-africaine-sur-linterdiction-des-armes-chimiques\/377725\/","name":"Tunisie : R\u00e9union africaine sur l\u2019interdiction des armes chimiques - webdo","isPartOf":{"@id":"https:\/\/www.webdo.tn\/fr\/#website"},"primaryImageOfPage":{"@id":"https:\/\/www.webdo.tn\/fr\/actualite\/national\/tunisie-reunion-africaine-sur-linterdiction-des-armes-chimiques\/377725\/#primaryimage"},"image":{"@id":"https:\/\/www.webdo.tn\/fr\/actualite\/national\/tunisie-reunion-africaine-sur-linterdiction-des-armes-chimiques\/377725\/#primaryimage"},"thumbnailUrl":"https:\/\/www.webdo.tn\/fr\/wp-content\/uploads\/2025\/06\/505724478_1149344530569500_4219618176534578069_n.jpg","datePublished":"2025-06-17T18:07:16+00:00","dateModified":"2025-06-17T18:07:21+00:00","description":"La Tunisie accueille la 23\u1d49 r\u00e9union africaine sur l\u2019interdiction des armes chimiques, un pas vers la paix et la s\u00e9curit\u00e9.","breadcrumb":{"@id":"https:\/\/www.webdo.tn\/fr\/actualite\/national\/tunisie-reunion-africaine-sur-linterdiction-des-armes-chimiques\/377725\/#breadcrumb"},"inLanguage":"fr-FR","potentialAction":[{"@type":"ReadAction","target":["https:\/\/www.webdo.tn\/fr\/actualite\/national\/tunisie-reunion-africaine-sur-linterdiction-des-armes-chimiques\/377725\/"]}]},{"@type":"ImageObject","inLanguage":"fr-FR","@id":"https:\/\/www.webdo.tn\/fr\/actualite\/national\/tunisie-reunion-africaine-sur-linterdiction-des-armes-chimiques\/377725\/#primaryimage","url":"https:\/\/www.webdo.tn\/fr\/wp-content\/uploads\/2025\/06\/505724478_1149344530569500_4219618176534578069_n.jpg","contentUrl":"https:\/\/www.webdo.tn\/fr\/wp-content\/uploads\/2025\/06\/505724478_1149344530569500_4219618176534578069_n.jpg","width":1280,"height":798},{"@type":"BreadcrumbList","@id":"https:\/\/www.webdo.tn\/fr\/actualite\/national\/tunisie-reunion-africaine-sur-linterdiction-des-armes-chimiques\/377725\/#breadcrumb","itemListElement":[{"@type":"ListItem","position":1,"name":"Accueil","item":"https:\/\/www.webdo.tn\/fr\/"},{"@type":"ListItem","position":2,"name":"Tunisie : R\u00e9union africaine sur l\u2019interdiction des armes chimiques"}]},{"@type":"WebSite","@id":"https:\/\/www.webdo.tn\/fr\/#website","url":"https:\/\/www.webdo.tn\/fr\/","name":"webdo","description":"Tunisie - News en Tunisie et \u00e0 l&#039;international sur Webdo.tn","publisher":{"@id":"https:\/\/www.webdo.tn\/fr\/#organization"},"potentialAction":[{"@type":"SearchAction","target":{"@type":"EntryPoint","urlTemplate":"https:\/\/www.webdo.tn\/fr\/?s={search_term_string}"},"query-input":{"@type":"PropertyValueSpecification","valueRequired":true,"valueName":"search_term_string"}}],"inLanguage":"fr-FR"},{"@type":"Organization","@id":"https:\/\/www.webdo.tn\/fr\/#organization","name":"Webdo","alternateName":"Webdo.tn","url":"https:\/\/www.webdo.tn\/fr\/","logo":{"@type":"ImageObject","inLanguage":"fr-FR","@id":"https:\/\/www.webdo.tn\/fr\/#\/schema\/logo\/image\/","url":"https:\/\/www.webdo.tn\/fr\/wp-content\/uploads\/2025\/06\/Webdo-Tunisie_168377.jpg","contentUrl":"https:\/\/www.webdo.tn\/fr\/wp-content\/uploads\/2025\/06\/Webdo-Tunisie_168377.jpg","width":301,"height":301,"caption":"Webdo"},"image":{"@id":"https:\/\/www.webdo.tn\/fr\/#\/schema\/logo\/image\/"},"sameAs":["https:\/\/www.facebook.com\/webdotn","https:\/\/x.com\/webdo_tn"],"description":"Webdo est un m\u00e9dia num\u00e9rique tunisien fond\u00e9 en 2010, sp\u00e9cialis\u00e9 dans l\u2019actualit\u00e9 nationale et internationale, l\u2019\u00e9conomie, la soci\u00e9t\u00e9 et les analyses politiques. Le site s\u2019adresse \u00e0 un large public francophone et couvre l\u2019information tunisienne en temps r\u00e9el.","email":"redac@webdo.tn","legalName":"YNJ SARL","foundingDate":"2010-09-06","numberOfEmployees":{"@type":"QuantitativeValue","minValue":"11","maxValue":"50"}},{"@type":"Person","@id":"https:\/\/www.webdo.tn\/fr\/#\/schema\/person\/16a4857e77dfc0b610c4c2cadffc9ac4","name":"Mohamed Fethi","image":{"@type":"ImageObject","inLanguage":"fr-FR","@id":"https:\/\/www.webdo.tn\/fr\/wp-content\/uploads\/2026\/04\/mohamed-fethi_avatar_1-96x96.jpg","url":"https:\/\/www.webdo.tn\/fr\/wp-content\/uploads\/2026\/04\/mohamed-fethi_avatar_1-96x96.jpg","contentUrl":"https:\/\/www.webdo.tn\/fr\/wp-content\/uploads\/2026\/04\/mohamed-fethi_avatar_1-96x96.jpg","caption":"Mohamed Fethi"},"description":"Signature \u00e9ditoriale de Maher Chaabane Mohamed Fethi est le pseudonyme \u00e9ditorial de Maher Chaabane, r\u00e9dacteur en chef de Webdo.tn depuis 2012. Cette signature est d\u00e9di\u00e9e au traitement intensif de l'actualit\u00e9 nationale et internationale en temps r\u00e9el. S'appuyant sur les deux d\u00e9cennies d'expertise journalistique de Maher Chaabane \u2014 d\u00e9but\u00e9e au sein du groupe Tunis Hebdo en 2000 \u2014 Mohamed Fethi assure une veille rigoureuse sur les enjeux politiques, \u00e9conomiques et sportifs. Sa mission est de garantir une information structur\u00e9e, fluide et fid\u00e8le aux standards de la r\u00e9daction. Pour consulter le parcours complet du r\u00e9dacteur en chef, visitez le profil officiel de Maher Chaabane.","knowsAbout":["actualit\u00e9","journalisme","information","politique","sport","m\u00e9dias","actualit\u00e9 internationale"],"knowsLanguage":["Fran\u00e7ais","Arabe"],"jobTitle":"Journaliste \u2013 R\u00e9daction Webdo","worksFor":"Webdo.tn","url":"https:\/\/www.webdo.tn\/fr\/actualite\/author\/mohamed-fethi\/"}]}},"_links":{"self":[{"href":"https:\/\/www.webdo.tn\/fr\/wp-json\/wp\/v2\/posts\/377725","targetHints":{"allow":["GET"]}}],"collection":[{"href":"https:\/\/www.webdo.tn\/fr\/wp-json\/wp\/v2\/posts"}],"about":[{"href":"https:\/\/www.webdo.tn\/fr\/wp-json\/wp\/v2\/types\/post"}],"author":[{"embeddable":true,"href":"https:\/\/www.webdo.tn\/fr\/wp-json\/wp\/v2\/users\/4782"}],"replies":[{"embeddable":true,"href":"https:\/\/www.webdo.tn\/fr\/wp-json\/wp\/v2\/comments?post=377725"}],"version-history":[{"count":0,"href":"https:\/\/www.webdo.tn\/fr\/wp-json\/wp\/v2\/posts\/377725\/revisions"}],"wp:featuredmedia":[{"embeddable":true,"href":"https:\/\/www.webdo.tn\/fr\/wp-json\/wp\/v2\/media\/377726"}],"wp:attachment":[{"href":"https:\/\/www.webdo.tn\/fr\/wp-json\/wp\/v2\/media?parent=377725"}],"wp:term":[{"taxonomy":"category","embeddable":true,"href":"https:\/\/www.webdo.tn\/fr\/wp-json\/wp\/v2\/categories?post=377725"},{"taxonomy":"post_tag","embeddable":true,"href":"https:\/\/www.webdo.tn\/fr\/wp-json\/wp\/v2\/tags?post=377725"}],"curies":[{"name":"wp","href":"https:\/\/api.w.org\/{rel}","templated":true}]}}