{"id":377708,"date":"2025-06-17T15:53:24","date_gmt":"2025-06-17T14:53:24","guid":{"rendered":"https:\/\/www.webdo.tn\/fr\/?p=377708"},"modified":"2025-06-17T15:53:25","modified_gmt":"2025-06-17T14:53:25","slug":"manouba-mise-en-service-du-deuxieme-troncon-de-la-rocade-x20","status":"publish","type":"post","link":"https:\/\/www.webdo.tn\/fr\/actualite\/regions\/manouba-mise-en-service-du-deuxieme-troncon-de-la-rocade-x20\/377708\/","title":{"rendered":"Manouba : Mise en service du deuxi\u00e8me tron\u00e7on de la rocade X20"},"content":{"rendered":"\n<p>Le deuxi\u00e8me tron\u00e7on de la rocade radiale X20, long d\u2019environ 3 kilom\u00e8tres, a \u00e9t\u00e9 officiellement mis en service ce mardi dans le gouvernorat de La Manouba. Ce segment relie la route r\u00e9gionale n\u00b038 (axe B\u00e9jaoua \u2013 Oued Ellil) \u00e0 l\u2019\u00e9changeur de Douar Hicher (route de Chenoua).<\/p>\n\n\n\n<p>L\u2019entr\u00e9e en exploitation de ce tron\u00e7on marque une nouvelle \u00e9tape dans l\u2019avancement de ce chantier strat\u00e9gique, apr\u00e8s la lev\u00e9e des obstacles techniques et administratifs ayant retard\u00e9 sa finalisation, a pr\u00e9cis\u00e9 le ministre de l\u2019\u00c9quipement et de l\u2019Habitat, Slah Zouari.<\/p>\n\n\n\n<p>Le ministre a indiqu\u00e9 que l\u2019objectif est de finaliser l\u2019ensemble du projet avant fin 2025, en acc\u00e9l\u00e9rant les travaux restants sur un dernier tron\u00e7on de 4 km situ\u00e9 dans le gouvernorat de l\u2019Ariana.<\/p>\n\n\n\n<p>La rocade X20 est pr\u00e9sent\u00e9e comme la deuxi\u00e8me ceinture p\u00e9riph\u00e9rique du Grand Tunis. Elle s\u2019\u00e9tend sur 15,5 kilom\u00e8tres \u00e0 travers les gouvernorats de Tunis, La Manouba et l\u2019Ariana, pour un co\u00fbt global estim\u00e9 \u00e0 140 millions de dinars, sans compter les d\u00e9penses suppl\u00e9mentaires li\u00e9es aux am\u00e9nagements paysagers, aux ouvrages d\u2019art et aux installations techniques.<\/p>\n\n\n\n<p>Avec un taux d\u2019avancement d\u00e9passant les 90 %, ce projet vise \u00e0 fluidifier la circulation dans les zones urbaines dens\u00e9ment peupl\u00e9es, en all\u00e9geant notamment la pression sur les axes principaux.<\/p>\n\n\n\n<p>A ce jour, deux tron\u00e7ons de la rocade X20, situ\u00e9s dans les gouvernorats de Tunis et La Manouba, sont d\u00e9j\u00e0 op\u00e9rationnels, repr\u00e9sentant environ 8 kilom\u00e8tres de voie mise en service.<\/p>\n","protected":false},"excerpt":{"rendered":"<p>Le deuxi\u00e8me tron\u00e7on de la rocade radiale X20, long d\u2019environ 3 kilom\u00e8tres, a \u00e9t\u00e9 officiellement mis en service ce mardi dans le gouvernorat de La Manouba. Ce segment relie la route r\u00e9gionale n\u00b038 (axe B\u00e9jaoua \u2013 Oued Ellil) \u00e0 l\u2019\u00e9changeur de Douar Hicher (route de Chenoua). L\u2019entr\u00e9e en exploitation de ce tron\u00e7on marque une nouvelle [&hellip;]<\/p>\n","protected":false},"author":3191,"featured_media":377709,"comment_status":"open","ping_status":"open","sticky":false,"template":"","format":"standard","meta":{"footnotes":""},"categories":[2595],"tags":[2899,2857,11947,11946],"class_list":["post-377708","post","type-post","status-publish","format-standard","has-post-thumbnail","hentry","category-regions","tag-grand-tunis","tag-manouba","tag-rocade","tag-x20-2"],"yoast_head":"<!-- This site is optimized with the Yoast SEO Premium plugin v27.4 (Yoast SEO v27.5) - https:\/\/yoast.com\/product\/yoast-seo-premium-wordpress\/ -->\n<title>Manouba : Mise en service du deuxi\u00e8me tron\u00e7on de la rocade X20 - webdo<\/title>\n<meta name=\"description\" content=\"Le tron\u00e7on X20 de La Manouba est d\u00e9sormais ouvert. D\u00e9couvrez ses avantages et l&#039;avancement de ce projet strat\u00e9gique.\" \/>\n<link rel=\"canonical\" href=\"https:\/\/www.webdo.tn\/fr\/actualite\/regions\/manouba-mise-en-service-du-deuxieme-troncon-de-la-rocade-x20\/377708\/\" \/>\n<meta property=\"og:locale\" content=\"fr_FR\" \/>\n<meta property=\"og:type\" content=\"article\" \/>\n<meta property=\"og:title\" content=\"Manouba : Mise en service du deuxi\u00e8me tron\u00e7on de la rocade X20\" \/>\n<meta property=\"og:description\" content=\"Le tron\u00e7on X20 de La Manouba est d\u00e9sormais ouvert. D\u00e9couvrez ses avantages et l&#039;avancement de ce projet strat\u00e9gique.\" \/>\n<meta property=\"og:url\" content=\"https:\/\/www.webdo.tn\/fr\/actualite\/regions\/manouba-mise-en-service-du-deuxieme-troncon-de-la-rocade-x20\/377708\/\" \/>\n<meta property=\"og:site_name\" content=\"webdo\" \/>\n<meta property=\"article:publisher\" content=\"https:\/\/www.facebook.com\/webdotn\" \/>\n<meta property=\"article:published_time\" content=\"2025-06-17T14:53:24+00:00\" \/>\n<meta property=\"article:modified_time\" content=\"2025-06-17T14:53:25+00:00\" \/>\n<meta property=\"og:image\" content=\"https:\/\/www.webdo.tn\/fr\/wp-content\/uploads\/2025\/06\/la-manouba-x20-1024x592-1.jpg\" \/>\n\t<meta property=\"og:image:width\" content=\"1024\" \/>\n\t<meta property=\"og:image:height\" content=\"592\" \/>\n\t<meta property=\"og:image:type\" content=\"image\/jpeg\" \/>\n<meta name=\"author\" content=\"Mohamed Hedi Touati\" \/>\n<meta name=\"twitter:card\" content=\"summary_large_image\" \/>\n<meta name=\"twitter:creator\" content=\"@webdo_tn\" \/>\n<meta name=\"twitter:site\" content=\"@webdo_tn\" \/>\n<meta name=\"twitter:label1\" content=\"\u00c9crit par\" \/>\n\t<meta name=\"twitter:data1\" content=\"Mohamed Hedi Touati\" \/>\n\t<meta name=\"twitter:label2\" content=\"Dur\u00e9e de lecture estim\u00e9e\" \/>\n\t<meta name=\"twitter:data2\" content=\"2 minutes\" \/>\n<script type=\"application\/ld+json\" class=\"yoast-schema-graph\">{\"@context\":\"https:\\\/\\\/schema.org\",\"@graph\":[{\"@type\":\"NewsArticle\",\"@id\":\"https:\\\/\\\/www.webdo.tn\\\/fr\\\/actualite\\\/regions\\\/manouba-mise-en-service-du-deuxieme-troncon-de-la-rocade-x20\\\/377708\\\/#article\",\"isPartOf\":{\"@id\":\"https:\\\/\\\/www.webdo.tn\\\/fr\\\/actualite\\\/regions\\\/manouba-mise-en-service-du-deuxieme-troncon-de-la-rocade-x20\\\/377708\\\/\"},\"author\":{\"name\":\"Mohamed Hedi Touati\",\"@id\":\"https:\\\/\\\/www.webdo.tn\\\/fr\\\/#\\\/schema\\\/person\\\/c652cd8fc2b1b44412b5ffb48c5a911d\"},\"headline\":\"Manouba : Mise en service du deuxi\u00e8me tron\u00e7on de la rocade X20\",\"datePublished\":\"2025-06-17T14:53:24+00:00\",\"dateModified\":\"2025-06-17T14:53:25+00:00\",\"mainEntityOfPage\":{\"@id\":\"https:\\\/\\\/www.webdo.tn\\\/fr\\\/actualite\\\/regions\\\/manouba-mise-en-service-du-deuxieme-troncon-de-la-rocade-x20\\\/377708\\\/\"},\"wordCount\":280,\"commentCount\":0,\"publisher\":{\"@id\":\"https:\\\/\\\/www.webdo.tn\\\/fr\\\/#organization\"},\"image\":{\"@id\":\"https:\\\/\\\/www.webdo.tn\\\/fr\\\/actualite\\\/regions\\\/manouba-mise-en-service-du-deuxieme-troncon-de-la-rocade-x20\\\/377708\\\/#primaryimage\"},\"thumbnailUrl\":\"https:\\\/\\\/www.webdo.tn\\\/fr\\\/wp-content\\\/uploads\\\/2025\\\/06\\\/la-manouba-x20-1024x592-1.jpg\",\"keywords\":[\"grand-tunis\",\"Manouba\",\"rocade\",\"x20\"],\"articleSection\":[\"regions\"],\"inLanguage\":\"fr-FR\"},{\"@type\":\"WebPage\",\"@id\":\"https:\\\/\\\/www.webdo.tn\\\/fr\\\/actualite\\\/regions\\\/manouba-mise-en-service-du-deuxieme-troncon-de-la-rocade-x20\\\/377708\\\/\",\"url\":\"https:\\\/\\\/www.webdo.tn\\\/fr\\\/actualite\\\/regions\\\/manouba-mise-en-service-du-deuxieme-troncon-de-la-rocade-x20\\\/377708\\\/\",\"name\":\"Manouba : Mise en service du deuxi\u00e8me tron\u00e7on de la rocade X20 - webdo\",\"isPartOf\":{\"@id\":\"https:\\\/\\\/www.webdo.tn\\\/fr\\\/#website\"},\"primaryImageOfPage\":{\"@id\":\"https:\\\/\\\/www.webdo.tn\\\/fr\\\/actualite\\\/regions\\\/manouba-mise-en-service-du-deuxieme-troncon-de-la-rocade-x20\\\/377708\\\/#primaryimage\"},\"image\":{\"@id\":\"https:\\\/\\\/www.webdo.tn\\\/fr\\\/actualite\\\/regions\\\/manouba-mise-en-service-du-deuxieme-troncon-de-la-rocade-x20\\\/377708\\\/#primaryimage\"},\"thumbnailUrl\":\"https:\\\/\\\/www.webdo.tn\\\/fr\\\/wp-content\\\/uploads\\\/2025\\\/06\\\/la-manouba-x20-1024x592-1.jpg\",\"datePublished\":\"2025-06-17T14:53:24+00:00\",\"dateModified\":\"2025-06-17T14:53:25+00:00\",\"description\":\"Le tron\u00e7on X20 de La Manouba est d\u00e9sormais ouvert. D\u00e9couvrez ses avantages et l'avancement de ce projet strat\u00e9gique.\",\"breadcrumb\":{\"@id\":\"https:\\\/\\\/www.webdo.tn\\\/fr\\\/actualite\\\/regions\\\/manouba-mise-en-service-du-deuxieme-troncon-de-la-rocade-x20\\\/377708\\\/#breadcrumb\"},\"inLanguage\":\"fr-FR\",\"potentialAction\":[{\"@type\":\"ReadAction\",\"target\":[\"https:\\\/\\\/www.webdo.tn\\\/fr\\\/actualite\\\/regions\\\/manouba-mise-en-service-du-deuxieme-troncon-de-la-rocade-x20\\\/377708\\\/\"]}]},{\"@type\":\"ImageObject\",\"inLanguage\":\"fr-FR\",\"@id\":\"https:\\\/\\\/www.webdo.tn\\\/fr\\\/actualite\\\/regions\\\/manouba-mise-en-service-du-deuxieme-troncon-de-la-rocade-x20\\\/377708\\\/#primaryimage\",\"url\":\"https:\\\/\\\/www.webdo.tn\\\/fr\\\/wp-content\\\/uploads\\\/2025\\\/06\\\/la-manouba-x20-1024x592-1.jpg\",\"contentUrl\":\"https:\\\/\\\/www.webdo.tn\\\/fr\\\/wp-content\\\/uploads\\\/2025\\\/06\\\/la-manouba-x20-1024x592-1.jpg\",\"width\":1024,\"height\":592},{\"@type\":\"BreadcrumbList\",\"@id\":\"https:\\\/\\\/www.webdo.tn\\\/fr\\\/actualite\\\/regions\\\/manouba-mise-en-service-du-deuxieme-troncon-de-la-rocade-x20\\\/377708\\\/#breadcrumb\",\"itemListElement\":[{\"@type\":\"ListItem\",\"position\":1,\"name\":\"Accueil\",\"item\":\"https:\\\/\\\/www.webdo.tn\\\/fr\\\/\"},{\"@type\":\"ListItem\",\"position\":2,\"name\":\"Manouba : Mise en service du deuxi\u00e8me tron\u00e7on de la rocade X20\"}]},{\"@type\":\"WebSite\",\"@id\":\"https:\\\/\\\/www.webdo.tn\\\/fr\\\/#website\",\"url\":\"https:\\\/\\\/www.webdo.tn\\\/fr\\\/\",\"name\":\"webdo\",\"description\":\"Tunisie - News en Tunisie et \u00e0 l&#039;international sur Webdo.tn\",\"publisher\":{\"@id\":\"https:\\\/\\\/www.webdo.tn\\\/fr\\\/#organization\"},\"potentialAction\":[{\"@type\":\"SearchAction\",\"target\":{\"@type\":\"EntryPoint\",\"urlTemplate\":\"https:\\\/\\\/www.webdo.tn\\\/fr\\\/?s={search_term_string}\"},\"query-input\":{\"@type\":\"PropertyValueSpecification\",\"valueRequired\":true,\"valueName\":\"search_term_string\"}}],\"inLanguage\":\"fr-FR\"},{\"@type\":\"Organization\",\"@id\":\"https:\\\/\\\/www.webdo.tn\\\/fr\\\/#organization\",\"name\":\"Webdo\",\"alternateName\":\"Webdo.tn\",\"url\":\"https:\\\/\\\/www.webdo.tn\\\/fr\\\/\",\"logo\":{\"@type\":\"ImageObject\",\"inLanguage\":\"fr-FR\",\"@id\":\"https:\\\/\\\/www.webdo.tn\\\/fr\\\/#\\\/schema\\\/logo\\\/image\\\/\",\"url\":\"https:\\\/\\\/www.webdo.tn\\\/fr\\\/wp-content\\\/uploads\\\/2025\\\/06\\\/Webdo-Tunisie_168377.jpg\",\"contentUrl\":\"https:\\\/\\\/www.webdo.tn\\\/fr\\\/wp-content\\\/uploads\\\/2025\\\/06\\\/Webdo-Tunisie_168377.jpg\",\"width\":301,\"height\":301,\"caption\":\"Webdo\"},\"image\":{\"@id\":\"https:\\\/\\\/www.webdo.tn\\\/fr\\\/#\\\/schema\\\/logo\\\/image\\\/\"},\"sameAs\":[\"https:\\\/\\\/www.facebook.com\\\/webdotn\",\"https:\\\/\\\/x.com\\\/webdo_tn\"],\"description\":\"Webdo est un m\u00e9dia num\u00e9rique tunisien fond\u00e9 en 2010, sp\u00e9cialis\u00e9 dans l\u2019actualit\u00e9 nationale et internationale, l\u2019\u00e9conomie, la soci\u00e9t\u00e9 et les analyses politiques. Le site s\u2019adresse \u00e0 un large public francophone et couvre l\u2019information tunisienne en temps r\u00e9el.\",\"email\":\"redac@webdo.tn\",\"legalName\":\"YNJ SARL\",\"foundingDate\":\"2010-09-06\",\"numberOfEmployees\":{\"@type\":\"QuantitativeValue\",\"minValue\":\"11\",\"maxValue\":\"50\"}},{\"@type\":\"Person\",\"@id\":\"https:\\\/\\\/www.webdo.tn\\\/fr\\\/#\\\/schema\\\/person\\\/c652cd8fc2b1b44412b5ffb48c5a911d\",\"name\":\"Mohamed Hedi Touati\",\"image\":{\"@type\":\"ImageObject\",\"inLanguage\":\"fr-FR\",\"@id\":\"https:\\\/\\\/secure.gravatar.com\\\/avatar\\\/9cfd402c745b7a685f13eed0ea6e59d2144a3c2fc50a3db6fd5ed451f6cddf1a?s=96&d=mm&r=g\",\"url\":\"https:\\\/\\\/secure.gravatar.com\\\/avatar\\\/9cfd402c745b7a685f13eed0ea6e59d2144a3c2fc50a3db6fd5ed451f6cddf1a?s=96&d=mm&r=g\",\"contentUrl\":\"https:\\\/\\\/secure.gravatar.com\\\/avatar\\\/9cfd402c745b7a685f13eed0ea6e59d2144a3c2fc50a3db6fd5ed451f6cddf1a?s=96&d=mm&r=g\",\"caption\":\"Mohamed Hedi Touati\"},\"url\":\"https:\\\/\\\/www.webdo.tn\\\/fr\\\/actualite\\\/author\\\/mohamed-hedi-touati\\\/\"}]}<\/script>\n<!-- \/ Yoast SEO Premium plugin. -->","yoast_head_json":{"title":"Manouba : Mise en service du deuxi\u00e8me tron\u00e7on de la rocade X20 - webdo","description":"Le tron\u00e7on X20 de La Manouba est d\u00e9sormais ouvert. D\u00e9couvrez ses avantages et l'avancement de ce projet strat\u00e9gique.","canonical":"https:\/\/www.webdo.tn\/fr\/actualite\/regions\/manouba-mise-en-service-du-deuxieme-troncon-de-la-rocade-x20\/377708\/","og_locale":"fr_FR","og_type":"article","og_title":"Manouba : Mise en service du deuxi\u00e8me tron\u00e7on de la rocade X20","og_description":"Le tron\u00e7on X20 de La Manouba est d\u00e9sormais ouvert. D\u00e9couvrez ses avantages et l'avancement de ce projet strat\u00e9gique.","og_url":"https:\/\/www.webdo.tn\/fr\/actualite\/regions\/manouba-mise-en-service-du-deuxieme-troncon-de-la-rocade-x20\/377708\/","og_site_name":"webdo","article_publisher":"https:\/\/www.facebook.com\/webdotn","article_published_time":"2025-06-17T14:53:24+00:00","article_modified_time":"2025-06-17T14:53:25+00:00","og_image":[{"width":1024,"height":592,"url":"https:\/\/www.webdo.tn\/fr\/wp-content\/uploads\/2025\/06\/la-manouba-x20-1024x592-1.jpg","type":"image\/jpeg"}],"author":"Mohamed Hedi Touati","twitter_card":"summary_large_image","twitter_creator":"@webdo_tn","twitter_site":"@webdo_tn","twitter_misc":{"\u00c9crit par":"Mohamed Hedi Touati","Dur\u00e9e de lecture estim\u00e9e":"2 minutes"},"schema":{"@context":"https:\/\/schema.org","@graph":[{"@type":"NewsArticle","@id":"https:\/\/www.webdo.tn\/fr\/actualite\/regions\/manouba-mise-en-service-du-deuxieme-troncon-de-la-rocade-x20\/377708\/#article","isPartOf":{"@id":"https:\/\/www.webdo.tn\/fr\/actualite\/regions\/manouba-mise-en-service-du-deuxieme-troncon-de-la-rocade-x20\/377708\/"},"author":{"name":"Mohamed Hedi Touati","@id":"https:\/\/www.webdo.tn\/fr\/#\/schema\/person\/c652cd8fc2b1b44412b5ffb48c5a911d"},"headline":"Manouba : Mise en service du deuxi\u00e8me tron\u00e7on de la rocade X20","datePublished":"2025-06-17T14:53:24+00:00","dateModified":"2025-06-17T14:53:25+00:00","mainEntityOfPage":{"@id":"https:\/\/www.webdo.tn\/fr\/actualite\/regions\/manouba-mise-en-service-du-deuxieme-troncon-de-la-rocade-x20\/377708\/"},"wordCount":280,"commentCount":0,"publisher":{"@id":"https:\/\/www.webdo.tn\/fr\/#organization"},"image":{"@id":"https:\/\/www.webdo.tn\/fr\/actualite\/regions\/manouba-mise-en-service-du-deuxieme-troncon-de-la-rocade-x20\/377708\/#primaryimage"},"thumbnailUrl":"https:\/\/www.webdo.tn\/fr\/wp-content\/uploads\/2025\/06\/la-manouba-x20-1024x592-1.jpg","keywords":["grand-tunis","Manouba","rocade","x20"],"articleSection":["regions"],"inLanguage":"fr-FR"},{"@type":"WebPage","@id":"https:\/\/www.webdo.tn\/fr\/actualite\/regions\/manouba-mise-en-service-du-deuxieme-troncon-de-la-rocade-x20\/377708\/","url":"https:\/\/www.webdo.tn\/fr\/actualite\/regions\/manouba-mise-en-service-du-deuxieme-troncon-de-la-rocade-x20\/377708\/","name":"Manouba : Mise en service du deuxi\u00e8me tron\u00e7on de la rocade X20 - webdo","isPartOf":{"@id":"https:\/\/www.webdo.tn\/fr\/#website"},"primaryImageOfPage":{"@id":"https:\/\/www.webdo.tn\/fr\/actualite\/regions\/manouba-mise-en-service-du-deuxieme-troncon-de-la-rocade-x20\/377708\/#primaryimage"},"image":{"@id":"https:\/\/www.webdo.tn\/fr\/actualite\/regions\/manouba-mise-en-service-du-deuxieme-troncon-de-la-rocade-x20\/377708\/#primaryimage"},"thumbnailUrl":"https:\/\/www.webdo.tn\/fr\/wp-content\/uploads\/2025\/06\/la-manouba-x20-1024x592-1.jpg","datePublished":"2025-06-17T14:53:24+00:00","dateModified":"2025-06-17T14:53:25+00:00","description":"Le tron\u00e7on X20 de La Manouba est d\u00e9sormais ouvert. D\u00e9couvrez ses avantages et l'avancement de ce projet strat\u00e9gique.","breadcrumb":{"@id":"https:\/\/www.webdo.tn\/fr\/actualite\/regions\/manouba-mise-en-service-du-deuxieme-troncon-de-la-rocade-x20\/377708\/#breadcrumb"},"inLanguage":"fr-FR","potentialAction":[{"@type":"ReadAction","target":["https:\/\/www.webdo.tn\/fr\/actualite\/regions\/manouba-mise-en-service-du-deuxieme-troncon-de-la-rocade-x20\/377708\/"]}]},{"@type":"ImageObject","inLanguage":"fr-FR","@id":"https:\/\/www.webdo.tn\/fr\/actualite\/regions\/manouba-mise-en-service-du-deuxieme-troncon-de-la-rocade-x20\/377708\/#primaryimage","url":"https:\/\/www.webdo.tn\/fr\/wp-content\/uploads\/2025\/06\/la-manouba-x20-1024x592-1.jpg","contentUrl":"https:\/\/www.webdo.tn\/fr\/wp-content\/uploads\/2025\/06\/la-manouba-x20-1024x592-1.jpg","width":1024,"height":592},{"@type":"BreadcrumbList","@id":"https:\/\/www.webdo.tn\/fr\/actualite\/regions\/manouba-mise-en-service-du-deuxieme-troncon-de-la-rocade-x20\/377708\/#breadcrumb","itemListElement":[{"@type":"ListItem","position":1,"name":"Accueil","item":"https:\/\/www.webdo.tn\/fr\/"},{"@type":"ListItem","position":2,"name":"Manouba : Mise en service du deuxi\u00e8me tron\u00e7on de la rocade X20"}]},{"@type":"WebSite","@id":"https:\/\/www.webdo.tn\/fr\/#website","url":"https:\/\/www.webdo.tn\/fr\/","name":"webdo","description":"Tunisie - News en Tunisie et \u00e0 l&#039;international sur Webdo.tn","publisher":{"@id":"https:\/\/www.webdo.tn\/fr\/#organization"},"potentialAction":[{"@type":"SearchAction","target":{"@type":"EntryPoint","urlTemplate":"https:\/\/www.webdo.tn\/fr\/?s={search_term_string}"},"query-input":{"@type":"PropertyValueSpecification","valueRequired":true,"valueName":"search_term_string"}}],"inLanguage":"fr-FR"},{"@type":"Organization","@id":"https:\/\/www.webdo.tn\/fr\/#organization","name":"Webdo","alternateName":"Webdo.tn","url":"https:\/\/www.webdo.tn\/fr\/","logo":{"@type":"ImageObject","inLanguage":"fr-FR","@id":"https:\/\/www.webdo.tn\/fr\/#\/schema\/logo\/image\/","url":"https:\/\/www.webdo.tn\/fr\/wp-content\/uploads\/2025\/06\/Webdo-Tunisie_168377.jpg","contentUrl":"https:\/\/www.webdo.tn\/fr\/wp-content\/uploads\/2025\/06\/Webdo-Tunisie_168377.jpg","width":301,"height":301,"caption":"Webdo"},"image":{"@id":"https:\/\/www.webdo.tn\/fr\/#\/schema\/logo\/image\/"},"sameAs":["https:\/\/www.facebook.com\/webdotn","https:\/\/x.com\/webdo_tn"],"description":"Webdo est un m\u00e9dia num\u00e9rique tunisien fond\u00e9 en 2010, sp\u00e9cialis\u00e9 dans l\u2019actualit\u00e9 nationale et internationale, l\u2019\u00e9conomie, la soci\u00e9t\u00e9 et les analyses politiques. Le site s\u2019adresse \u00e0 un large public francophone et couvre l\u2019information tunisienne en temps r\u00e9el.","email":"redac@webdo.tn","legalName":"YNJ SARL","foundingDate":"2010-09-06","numberOfEmployees":{"@type":"QuantitativeValue","minValue":"11","maxValue":"50"}},{"@type":"Person","@id":"https:\/\/www.webdo.tn\/fr\/#\/schema\/person\/c652cd8fc2b1b44412b5ffb48c5a911d","name":"Mohamed Hedi Touati","image":{"@type":"ImageObject","inLanguage":"fr-FR","@id":"https:\/\/secure.gravatar.com\/avatar\/9cfd402c745b7a685f13eed0ea6e59d2144a3c2fc50a3db6fd5ed451f6cddf1a?s=96&d=mm&r=g","url":"https:\/\/secure.gravatar.com\/avatar\/9cfd402c745b7a685f13eed0ea6e59d2144a3c2fc50a3db6fd5ed451f6cddf1a?s=96&d=mm&r=g","contentUrl":"https:\/\/secure.gravatar.com\/avatar\/9cfd402c745b7a685f13eed0ea6e59d2144a3c2fc50a3db6fd5ed451f6cddf1a?s=96&d=mm&r=g","caption":"Mohamed Hedi Touati"},"url":"https:\/\/www.webdo.tn\/fr\/actualite\/author\/mohamed-hedi-touati\/"}]}},"_links":{"self":[{"href":"https:\/\/www.webdo.tn\/fr\/wp-json\/wp\/v2\/posts\/377708","targetHints":{"allow":["GET"]}}],"collection":[{"href":"https:\/\/www.webdo.tn\/fr\/wp-json\/wp\/v2\/posts"}],"about":[{"href":"https:\/\/www.webdo.tn\/fr\/wp-json\/wp\/v2\/types\/post"}],"author":[{"embeddable":true,"href":"https:\/\/www.webdo.tn\/fr\/wp-json\/wp\/v2\/users\/3191"}],"replies":[{"embeddable":true,"href":"https:\/\/www.webdo.tn\/fr\/wp-json\/wp\/v2\/comments?post=377708"}],"version-history":[{"count":0,"href":"https:\/\/www.webdo.tn\/fr\/wp-json\/wp\/v2\/posts\/377708\/revisions"}],"wp:featuredmedia":[{"embeddable":true,"href":"https:\/\/www.webdo.tn\/fr\/wp-json\/wp\/v2\/media\/377709"}],"wp:attachment":[{"href":"https:\/\/www.webdo.tn\/fr\/wp-json\/wp\/v2\/media?parent=377708"}],"wp:term":[{"taxonomy":"category","embeddable":true,"href":"https:\/\/www.webdo.tn\/fr\/wp-json\/wp\/v2\/categories?post=377708"},{"taxonomy":"post_tag","embeddable":true,"href":"https:\/\/www.webdo.tn\/fr\/wp-json\/wp\/v2\/tags?post=377708"}],"curies":[{"name":"wp","href":"https:\/\/api.w.org\/{rel}","templated":true}]}}