{"id":377682,"date":"2025-06-17T09:54:51","date_gmt":"2025-06-17T08:54:51","guid":{"rendered":"https:\/\/www.webdo.tn\/fr\/?p=377682"},"modified":"2025-06-18T08:31:04","modified_gmt":"2025-06-18T07:31:04","slug":"kais-saied-nul-nest-au-dessus-de-la-loi","status":"publish","type":"post","link":"https:\/\/www.webdo.tn\/fr\/actualite\/national\/kais-saied-nul-nest-au-dessus-de-la-loi\/377682\/","title":{"rendered":"Kais Saied : \u00ab\u00a0Nul n&rsquo;est au-dessus de la loi\u00a0\u00bb"},"content":{"rendered":"\n<p>Le pr\u00e9sident de la R\u00e9publique Kais Saied a soulign\u00e9 lundi, lors de sa rencontre avec la cheffe du gouvernement Sarra Zaafrani Zenzri que l&rsquo;Etat tunisien est gouvern\u00e9 par ses institutions et ses lois affirmant que nul n&rsquo;est au-dessus de celle-ci.<\/p>\n\n\n\n<p>Le pr\u00e9sident a appel\u00e9 \u00e0 ne pas h\u00e9siter \u00e0 \u00e9loigner ceux qui ne servent pas les int\u00e9r\u00eats du peuple, insistant sur l&rsquo;imp\u00e9ratif d&rsquo;\u0153uvrer \u00e0 la r\u00e9alisation des aspirations des Tunisiens dans les plus brefs d\u00e9lais.<\/p>\n\n\n\n<p>Cit\u00e9 dans un communiqu\u00e9 de la pr\u00e9sidence de la R\u00e9publique, Kais Saied a relev\u00e9 que l&rsquo;Etat se d\u00e9ploie pour concilier croissance \u00e9conomique et justice sociale. Il a, dans ce contexte, soulign\u00e9 le besoin de nouvelles visions pour rompre avec les politiques injustes qui ont conduit des milliers de Tunisiens et de Tunisiennes \u00e0 la pauvret\u00e9 et \u00e0 l&rsquo;exclusion, en plus de poursuivre la lutte contre la corruption.<\/p>\n\n\n\n<p>Il a par ailleurs pr\u00e9cis\u00e9 que les forces r\u00e9trogrades ont trouv\u00e9 des serviteurs \u00e0 l&rsquo;int\u00e9rieur des services administratifs. Il a soulign\u00e9 la n\u00e9cessit\u00e9 de demander des comptes \u00e0 ces forces et leurs soutiens qui agissent contre les int\u00e9r\u00eats des citoyens et cherchent \u00e0 attiser les tensions dans le pays.<\/p>\n\n\n\n<p>La r\u00e9union a, \u00e9galement, permis de passer en revue une s\u00e9rie projets de loi et de d\u00e9crets qui seront bient\u00f4t soumis au Conseil des ministres.<\/p>\n","protected":false},"excerpt":{"rendered":"<p>Le pr\u00e9sident de la R\u00e9publique Kais Saied a soulign\u00e9 lundi, lors de sa rencontre avec la cheffe du gouvernement Sarra Zaafrani Zenzri que l&rsquo;Etat tunisien est gouvern\u00e9 par ses institutions et ses lois affirmant que nul n&rsquo;est au-dessus de celle-ci. Le pr\u00e9sident a appel\u00e9 \u00e0 ne pas h\u00e9siter \u00e0 \u00e9loigner ceux qui ne servent pas [&hellip;]<\/p>\n","protected":false},"author":3191,"featured_media":377683,"comment_status":"open","ping_status":"open","sticky":false,"template":"","format":"standard","meta":{"footnotes":""},"categories":[44],"tags":[2614,3556,2608],"class_list":["post-377682","post","type-post","status-publish","format-standard","has-post-thumbnail","hentry","category-national","tag-kais-saied","tag-sarra-zaafrani-zenzri","tag-tunisie"],"yoast_head":"<!-- This site is optimized with the Yoast SEO Premium plugin v27.5 (Yoast SEO v27.5) - https:\/\/yoast.com\/product\/yoast-seo-premium-wordpress\/ -->\n<title>Kais Saied : &quot;Nul n&#039;est au-dessus de la loi&quot; - webdo<\/title>\n<meta name=\"description\" content=\"Lors de sa rencontre avec Sarra Zaafrani Zenzri, Kais Saied a soulign\u00e9 l&#039;importance de la justice sociale et de la lutte contre la corruption.\" \/>\n<link rel=\"canonical\" href=\"https:\/\/www.webdo.tn\/fr\/actualite\/national\/kais-saied-nul-nest-au-dessus-de-la-loi\/377682\/\" \/>\n<meta property=\"og:locale\" content=\"fr_FR\" \/>\n<meta property=\"og:type\" content=\"article\" \/>\n<meta property=\"og:title\" content=\"Kais Saied : &quot;Nul n&#039;est au-dessus de la loi&quot;\" \/>\n<meta property=\"og:description\" content=\"Lors de sa rencontre avec Sarra Zaafrani Zenzri, Kais Saied a soulign\u00e9 l&#039;importance de la justice sociale et de la lutte contre la corruption.\" \/>\n<meta property=\"og:url\" content=\"https:\/\/www.webdo.tn\/fr\/actualite\/national\/kais-saied-nul-nest-au-dessus-de-la-loi\/377682\/\" \/>\n<meta property=\"og:site_name\" content=\"webdo\" \/>\n<meta property=\"article:publisher\" content=\"https:\/\/www.facebook.com\/webdotn\" \/>\n<meta property=\"article:published_time\" content=\"2025-06-17T08:54:51+00:00\" \/>\n<meta property=\"article:modified_time\" content=\"2025-06-18T07:31:04+00:00\" \/>\n<meta property=\"og:image\" content=\"https:\/\/www.webdo.tn\/fr\/wp-content\/uploads\/2025\/06\/Kais-Saied-Zenzri.jpg\" \/>\n\t<meta property=\"og:image:width\" content=\"2048\" \/>\n\t<meta property=\"og:image:height\" content=\"1207\" \/>\n\t<meta property=\"og:image:type\" content=\"image\/jpeg\" \/>\n<meta name=\"author\" content=\"Mohamed Hedi Touati\" \/>\n<meta name=\"twitter:card\" content=\"summary_large_image\" \/>\n<meta name=\"twitter:creator\" content=\"@webdo_tn\" \/>\n<meta name=\"twitter:site\" content=\"@webdo_tn\" \/>\n<meta name=\"twitter:label1\" content=\"\u00c9crit par\" \/>\n\t<meta name=\"twitter:data1\" content=\"Mohamed Hedi Touati\" \/>\n\t<meta name=\"twitter:label2\" content=\"Dur\u00e9e de lecture estim\u00e9e\" \/>\n\t<meta name=\"twitter:data2\" content=\"2 minutes\" \/>\n<script type=\"application\/ld+json\" class=\"yoast-schema-graph\">{\"@context\":\"https:\\\/\\\/schema.org\",\"@graph\":[{\"@type\":\"NewsArticle\",\"@id\":\"https:\\\/\\\/www.webdo.tn\\\/fr\\\/actualite\\\/national\\\/kais-saied-nul-nest-au-dessus-de-la-loi\\\/377682\\\/#article\",\"isPartOf\":{\"@id\":\"https:\\\/\\\/www.webdo.tn\\\/fr\\\/actualite\\\/national\\\/kais-saied-nul-nest-au-dessus-de-la-loi\\\/377682\\\/\"},\"author\":{\"name\":\"Mohamed Hedi Touati\",\"@id\":\"https:\\\/\\\/www.webdo.tn\\\/fr\\\/#\\\/schema\\\/person\\\/c652cd8fc2b1b44412b5ffb48c5a911d\"},\"headline\":\"Kais Saied : \u00ab\u00a0Nul n&rsquo;est au-dessus de la loi\u00a0\u00bb\",\"datePublished\":\"2025-06-17T08:54:51+00:00\",\"dateModified\":\"2025-06-18T07:31:04+00:00\",\"mainEntityOfPage\":{\"@id\":\"https:\\\/\\\/www.webdo.tn\\\/fr\\\/actualite\\\/national\\\/kais-saied-nul-nest-au-dessus-de-la-loi\\\/377682\\\/\"},\"wordCount\":246,\"commentCount\":0,\"publisher\":{\"@id\":\"https:\\\/\\\/www.webdo.tn\\\/fr\\\/#organization\"},\"image\":{\"@id\":\"https:\\\/\\\/www.webdo.tn\\\/fr\\\/actualite\\\/national\\\/kais-saied-nul-nest-au-dessus-de-la-loi\\\/377682\\\/#primaryimage\"},\"thumbnailUrl\":\"https:\\\/\\\/www.webdo.tn\\\/fr\\\/wp-content\\\/uploads\\\/2025\\\/06\\\/Kais-Saied-Zenzri.jpg\",\"keywords\":[\"Kais Saied\",\"Sarra Za\u00e2frani Zenzri\",\"Tunisie\"],\"articleSection\":[\"National\"],\"inLanguage\":\"fr-FR\"},{\"@type\":\"WebPage\",\"@id\":\"https:\\\/\\\/www.webdo.tn\\\/fr\\\/actualite\\\/national\\\/kais-saied-nul-nest-au-dessus-de-la-loi\\\/377682\\\/\",\"url\":\"https:\\\/\\\/www.webdo.tn\\\/fr\\\/actualite\\\/national\\\/kais-saied-nul-nest-au-dessus-de-la-loi\\\/377682\\\/\",\"name\":\"Kais Saied : \\\"Nul n'est au-dessus de la loi\\\" - webdo\",\"isPartOf\":{\"@id\":\"https:\\\/\\\/www.webdo.tn\\\/fr\\\/#website\"},\"primaryImageOfPage\":{\"@id\":\"https:\\\/\\\/www.webdo.tn\\\/fr\\\/actualite\\\/national\\\/kais-saied-nul-nest-au-dessus-de-la-loi\\\/377682\\\/#primaryimage\"},\"image\":{\"@id\":\"https:\\\/\\\/www.webdo.tn\\\/fr\\\/actualite\\\/national\\\/kais-saied-nul-nest-au-dessus-de-la-loi\\\/377682\\\/#primaryimage\"},\"thumbnailUrl\":\"https:\\\/\\\/www.webdo.tn\\\/fr\\\/wp-content\\\/uploads\\\/2025\\\/06\\\/Kais-Saied-Zenzri.jpg\",\"datePublished\":\"2025-06-17T08:54:51+00:00\",\"dateModified\":\"2025-06-18T07:31:04+00:00\",\"description\":\"Lors de sa rencontre avec Sarra Zaafrani Zenzri, Kais Saied a soulign\u00e9 l'importance de la justice sociale et de la lutte contre la corruption.\",\"breadcrumb\":{\"@id\":\"https:\\\/\\\/www.webdo.tn\\\/fr\\\/actualite\\\/national\\\/kais-saied-nul-nest-au-dessus-de-la-loi\\\/377682\\\/#breadcrumb\"},\"inLanguage\":\"fr-FR\",\"potentialAction\":[{\"@type\":\"ReadAction\",\"target\":[\"https:\\\/\\\/www.webdo.tn\\\/fr\\\/actualite\\\/national\\\/kais-saied-nul-nest-au-dessus-de-la-loi\\\/377682\\\/\"]}]},{\"@type\":\"ImageObject\",\"inLanguage\":\"fr-FR\",\"@id\":\"https:\\\/\\\/www.webdo.tn\\\/fr\\\/actualite\\\/national\\\/kais-saied-nul-nest-au-dessus-de-la-loi\\\/377682\\\/#primaryimage\",\"url\":\"https:\\\/\\\/www.webdo.tn\\\/fr\\\/wp-content\\\/uploads\\\/2025\\\/06\\\/Kais-Saied-Zenzri.jpg\",\"contentUrl\":\"https:\\\/\\\/www.webdo.tn\\\/fr\\\/wp-content\\\/uploads\\\/2025\\\/06\\\/Kais-Saied-Zenzri.jpg\",\"width\":2048,\"height\":1207},{\"@type\":\"BreadcrumbList\",\"@id\":\"https:\\\/\\\/www.webdo.tn\\\/fr\\\/actualite\\\/national\\\/kais-saied-nul-nest-au-dessus-de-la-loi\\\/377682\\\/#breadcrumb\",\"itemListElement\":[{\"@type\":\"ListItem\",\"position\":1,\"name\":\"Accueil\",\"item\":\"https:\\\/\\\/www.webdo.tn\\\/fr\\\/\"},{\"@type\":\"ListItem\",\"position\":2,\"name\":\"Kais Saied : \u00ab\u00a0Nul n&rsquo;est au-dessus de la loi\u00a0\u00bb\"}]},{\"@type\":\"WebSite\",\"@id\":\"https:\\\/\\\/www.webdo.tn\\\/fr\\\/#website\",\"url\":\"https:\\\/\\\/www.webdo.tn\\\/fr\\\/\",\"name\":\"webdo\",\"description\":\"Tunisie - News en Tunisie et \u00e0 l&#039;international sur Webdo.tn\",\"publisher\":{\"@id\":\"https:\\\/\\\/www.webdo.tn\\\/fr\\\/#organization\"},\"potentialAction\":[{\"@type\":\"SearchAction\",\"target\":{\"@type\":\"EntryPoint\",\"urlTemplate\":\"https:\\\/\\\/www.webdo.tn\\\/fr\\\/?s={search_term_string}\"},\"query-input\":{\"@type\":\"PropertyValueSpecification\",\"valueRequired\":true,\"valueName\":\"search_term_string\"}}],\"inLanguage\":\"fr-FR\"},{\"@type\":\"Organization\",\"@id\":\"https:\\\/\\\/www.webdo.tn\\\/fr\\\/#organization\",\"name\":\"Webdo\",\"alternateName\":\"Webdo.tn\",\"url\":\"https:\\\/\\\/www.webdo.tn\\\/fr\\\/\",\"logo\":{\"@type\":\"ImageObject\",\"inLanguage\":\"fr-FR\",\"@id\":\"https:\\\/\\\/www.webdo.tn\\\/fr\\\/#\\\/schema\\\/logo\\\/image\\\/\",\"url\":\"https:\\\/\\\/www.webdo.tn\\\/fr\\\/wp-content\\\/uploads\\\/2025\\\/06\\\/Webdo-Tunisie_168377.jpg\",\"contentUrl\":\"https:\\\/\\\/www.webdo.tn\\\/fr\\\/wp-content\\\/uploads\\\/2025\\\/06\\\/Webdo-Tunisie_168377.jpg\",\"width\":301,\"height\":301,\"caption\":\"Webdo\"},\"image\":{\"@id\":\"https:\\\/\\\/www.webdo.tn\\\/fr\\\/#\\\/schema\\\/logo\\\/image\\\/\"},\"sameAs\":[\"https:\\\/\\\/www.facebook.com\\\/webdotn\",\"https:\\\/\\\/x.com\\\/webdo_tn\"],\"description\":\"Webdo est un m\u00e9dia num\u00e9rique tunisien fond\u00e9 en 2010, sp\u00e9cialis\u00e9 dans l\u2019actualit\u00e9 nationale et internationale, l\u2019\u00e9conomie, la soci\u00e9t\u00e9 et les analyses politiques. Le site s\u2019adresse \u00e0 un large public francophone et couvre l\u2019information tunisienne en temps r\u00e9el.\",\"email\":\"redac@webdo.tn\",\"legalName\":\"YNJ SARL\",\"foundingDate\":\"2010-09-06\",\"numberOfEmployees\":{\"@type\":\"QuantitativeValue\",\"minValue\":\"11\",\"maxValue\":\"50\"}},{\"@type\":\"Person\",\"@id\":\"https:\\\/\\\/www.webdo.tn\\\/fr\\\/#\\\/schema\\\/person\\\/c652cd8fc2b1b44412b5ffb48c5a911d\",\"name\":\"Mohamed Hedi Touati\",\"image\":{\"@type\":\"ImageObject\",\"inLanguage\":\"fr-FR\",\"@id\":\"https:\\\/\\\/secure.gravatar.com\\\/avatar\\\/9cfd402c745b7a685f13eed0ea6e59d2144a3c2fc50a3db6fd5ed451f6cddf1a?s=96&d=mm&r=g\",\"url\":\"https:\\\/\\\/secure.gravatar.com\\\/avatar\\\/9cfd402c745b7a685f13eed0ea6e59d2144a3c2fc50a3db6fd5ed451f6cddf1a?s=96&d=mm&r=g\",\"contentUrl\":\"https:\\\/\\\/secure.gravatar.com\\\/avatar\\\/9cfd402c745b7a685f13eed0ea6e59d2144a3c2fc50a3db6fd5ed451f6cddf1a?s=96&d=mm&r=g\",\"caption\":\"Mohamed Hedi Touati\"},\"url\":\"https:\\\/\\\/www.webdo.tn\\\/fr\\\/actualite\\\/author\\\/mohamed-hedi-touati\\\/\"}]}<\/script>\n<!-- \/ Yoast SEO Premium plugin. -->","yoast_head_json":{"title":"Kais Saied : \"Nul n'est au-dessus de la loi\" - webdo","description":"Lors de sa rencontre avec Sarra Zaafrani Zenzri, Kais Saied a soulign\u00e9 l'importance de la justice sociale et de la lutte contre la corruption.","canonical":"https:\/\/www.webdo.tn\/fr\/actualite\/national\/kais-saied-nul-nest-au-dessus-de-la-loi\/377682\/","og_locale":"fr_FR","og_type":"article","og_title":"Kais Saied : \"Nul n'est au-dessus de la loi\"","og_description":"Lors de sa rencontre avec Sarra Zaafrani Zenzri, Kais Saied a soulign\u00e9 l'importance de la justice sociale et de la lutte contre la corruption.","og_url":"https:\/\/www.webdo.tn\/fr\/actualite\/national\/kais-saied-nul-nest-au-dessus-de-la-loi\/377682\/","og_site_name":"webdo","article_publisher":"https:\/\/www.facebook.com\/webdotn","article_published_time":"2025-06-17T08:54:51+00:00","article_modified_time":"2025-06-18T07:31:04+00:00","og_image":[{"width":2048,"height":1207,"url":"https:\/\/www.webdo.tn\/fr\/wp-content\/uploads\/2025\/06\/Kais-Saied-Zenzri.jpg","type":"image\/jpeg"}],"author":"Mohamed Hedi Touati","twitter_card":"summary_large_image","twitter_creator":"@webdo_tn","twitter_site":"@webdo_tn","twitter_misc":{"\u00c9crit par":"Mohamed Hedi Touati","Dur\u00e9e de lecture estim\u00e9e":"2 minutes"},"schema":{"@context":"https:\/\/schema.org","@graph":[{"@type":"NewsArticle","@id":"https:\/\/www.webdo.tn\/fr\/actualite\/national\/kais-saied-nul-nest-au-dessus-de-la-loi\/377682\/#article","isPartOf":{"@id":"https:\/\/www.webdo.tn\/fr\/actualite\/national\/kais-saied-nul-nest-au-dessus-de-la-loi\/377682\/"},"author":{"name":"Mohamed Hedi Touati","@id":"https:\/\/www.webdo.tn\/fr\/#\/schema\/person\/c652cd8fc2b1b44412b5ffb48c5a911d"},"headline":"Kais Saied : \u00ab\u00a0Nul n&rsquo;est au-dessus de la loi\u00a0\u00bb","datePublished":"2025-06-17T08:54:51+00:00","dateModified":"2025-06-18T07:31:04+00:00","mainEntityOfPage":{"@id":"https:\/\/www.webdo.tn\/fr\/actualite\/national\/kais-saied-nul-nest-au-dessus-de-la-loi\/377682\/"},"wordCount":246,"commentCount":0,"publisher":{"@id":"https:\/\/www.webdo.tn\/fr\/#organization"},"image":{"@id":"https:\/\/www.webdo.tn\/fr\/actualite\/national\/kais-saied-nul-nest-au-dessus-de-la-loi\/377682\/#primaryimage"},"thumbnailUrl":"https:\/\/www.webdo.tn\/fr\/wp-content\/uploads\/2025\/06\/Kais-Saied-Zenzri.jpg","keywords":["Kais Saied","Sarra Za\u00e2frani Zenzri","Tunisie"],"articleSection":["National"],"inLanguage":"fr-FR"},{"@type":"WebPage","@id":"https:\/\/www.webdo.tn\/fr\/actualite\/national\/kais-saied-nul-nest-au-dessus-de-la-loi\/377682\/","url":"https:\/\/www.webdo.tn\/fr\/actualite\/national\/kais-saied-nul-nest-au-dessus-de-la-loi\/377682\/","name":"Kais Saied : \"Nul n'est au-dessus de la loi\" - webdo","isPartOf":{"@id":"https:\/\/www.webdo.tn\/fr\/#website"},"primaryImageOfPage":{"@id":"https:\/\/www.webdo.tn\/fr\/actualite\/national\/kais-saied-nul-nest-au-dessus-de-la-loi\/377682\/#primaryimage"},"image":{"@id":"https:\/\/www.webdo.tn\/fr\/actualite\/national\/kais-saied-nul-nest-au-dessus-de-la-loi\/377682\/#primaryimage"},"thumbnailUrl":"https:\/\/www.webdo.tn\/fr\/wp-content\/uploads\/2025\/06\/Kais-Saied-Zenzri.jpg","datePublished":"2025-06-17T08:54:51+00:00","dateModified":"2025-06-18T07:31:04+00:00","description":"Lors de sa rencontre avec Sarra Zaafrani Zenzri, Kais Saied a soulign\u00e9 l'importance de la justice sociale et de la lutte contre la corruption.","breadcrumb":{"@id":"https:\/\/www.webdo.tn\/fr\/actualite\/national\/kais-saied-nul-nest-au-dessus-de-la-loi\/377682\/#breadcrumb"},"inLanguage":"fr-FR","potentialAction":[{"@type":"ReadAction","target":["https:\/\/www.webdo.tn\/fr\/actualite\/national\/kais-saied-nul-nest-au-dessus-de-la-loi\/377682\/"]}]},{"@type":"ImageObject","inLanguage":"fr-FR","@id":"https:\/\/www.webdo.tn\/fr\/actualite\/national\/kais-saied-nul-nest-au-dessus-de-la-loi\/377682\/#primaryimage","url":"https:\/\/www.webdo.tn\/fr\/wp-content\/uploads\/2025\/06\/Kais-Saied-Zenzri.jpg","contentUrl":"https:\/\/www.webdo.tn\/fr\/wp-content\/uploads\/2025\/06\/Kais-Saied-Zenzri.jpg","width":2048,"height":1207},{"@type":"BreadcrumbList","@id":"https:\/\/www.webdo.tn\/fr\/actualite\/national\/kais-saied-nul-nest-au-dessus-de-la-loi\/377682\/#breadcrumb","itemListElement":[{"@type":"ListItem","position":1,"name":"Accueil","item":"https:\/\/www.webdo.tn\/fr\/"},{"@type":"ListItem","position":2,"name":"Kais Saied : \u00ab\u00a0Nul n&rsquo;est au-dessus de la loi\u00a0\u00bb"}]},{"@type":"WebSite","@id":"https:\/\/www.webdo.tn\/fr\/#website","url":"https:\/\/www.webdo.tn\/fr\/","name":"webdo","description":"Tunisie - News en Tunisie et \u00e0 l&#039;international sur Webdo.tn","publisher":{"@id":"https:\/\/www.webdo.tn\/fr\/#organization"},"potentialAction":[{"@type":"SearchAction","target":{"@type":"EntryPoint","urlTemplate":"https:\/\/www.webdo.tn\/fr\/?s={search_term_string}"},"query-input":{"@type":"PropertyValueSpecification","valueRequired":true,"valueName":"search_term_string"}}],"inLanguage":"fr-FR"},{"@type":"Organization","@id":"https:\/\/www.webdo.tn\/fr\/#organization","name":"Webdo","alternateName":"Webdo.tn","url":"https:\/\/www.webdo.tn\/fr\/","logo":{"@type":"ImageObject","inLanguage":"fr-FR","@id":"https:\/\/www.webdo.tn\/fr\/#\/schema\/logo\/image\/","url":"https:\/\/www.webdo.tn\/fr\/wp-content\/uploads\/2025\/06\/Webdo-Tunisie_168377.jpg","contentUrl":"https:\/\/www.webdo.tn\/fr\/wp-content\/uploads\/2025\/06\/Webdo-Tunisie_168377.jpg","width":301,"height":301,"caption":"Webdo"},"image":{"@id":"https:\/\/www.webdo.tn\/fr\/#\/schema\/logo\/image\/"},"sameAs":["https:\/\/www.facebook.com\/webdotn","https:\/\/x.com\/webdo_tn"],"description":"Webdo est un m\u00e9dia num\u00e9rique tunisien fond\u00e9 en 2010, sp\u00e9cialis\u00e9 dans l\u2019actualit\u00e9 nationale et internationale, l\u2019\u00e9conomie, la soci\u00e9t\u00e9 et les analyses politiques. Le site s\u2019adresse \u00e0 un large public francophone et couvre l\u2019information tunisienne en temps r\u00e9el.","email":"redac@webdo.tn","legalName":"YNJ SARL","foundingDate":"2010-09-06","numberOfEmployees":{"@type":"QuantitativeValue","minValue":"11","maxValue":"50"}},{"@type":"Person","@id":"https:\/\/www.webdo.tn\/fr\/#\/schema\/person\/c652cd8fc2b1b44412b5ffb48c5a911d","name":"Mohamed Hedi Touati","image":{"@type":"ImageObject","inLanguage":"fr-FR","@id":"https:\/\/secure.gravatar.com\/avatar\/9cfd402c745b7a685f13eed0ea6e59d2144a3c2fc50a3db6fd5ed451f6cddf1a?s=96&d=mm&r=g","url":"https:\/\/secure.gravatar.com\/avatar\/9cfd402c745b7a685f13eed0ea6e59d2144a3c2fc50a3db6fd5ed451f6cddf1a?s=96&d=mm&r=g","contentUrl":"https:\/\/secure.gravatar.com\/avatar\/9cfd402c745b7a685f13eed0ea6e59d2144a3c2fc50a3db6fd5ed451f6cddf1a?s=96&d=mm&r=g","caption":"Mohamed Hedi Touati"},"url":"https:\/\/www.webdo.tn\/fr\/actualite\/author\/mohamed-hedi-touati\/"}]}},"_links":{"self":[{"href":"https:\/\/www.webdo.tn\/fr\/wp-json\/wp\/v2\/posts\/377682","targetHints":{"allow":["GET"]}}],"collection":[{"href":"https:\/\/www.webdo.tn\/fr\/wp-json\/wp\/v2\/posts"}],"about":[{"href":"https:\/\/www.webdo.tn\/fr\/wp-json\/wp\/v2\/types\/post"}],"author":[{"embeddable":true,"href":"https:\/\/www.webdo.tn\/fr\/wp-json\/wp\/v2\/users\/3191"}],"replies":[{"embeddable":true,"href":"https:\/\/www.webdo.tn\/fr\/wp-json\/wp\/v2\/comments?post=377682"}],"version-history":[{"count":0,"href":"https:\/\/www.webdo.tn\/fr\/wp-json\/wp\/v2\/posts\/377682\/revisions"}],"wp:featuredmedia":[{"embeddable":true,"href":"https:\/\/www.webdo.tn\/fr\/wp-json\/wp\/v2\/media\/377683"}],"wp:attachment":[{"href":"https:\/\/www.webdo.tn\/fr\/wp-json\/wp\/v2\/media?parent=377682"}],"wp:term":[{"taxonomy":"category","embeddable":true,"href":"https:\/\/www.webdo.tn\/fr\/wp-json\/wp\/v2\/categories?post=377682"},{"taxonomy":"post_tag","embeddable":true,"href":"https:\/\/www.webdo.tn\/fr\/wp-json\/wp\/v2\/tags?post=377682"}],"curies":[{"name":"wp","href":"https:\/\/api.w.org\/{rel}","templated":true}]}}