{"id":377679,"date":"2025-06-17T09:23:33","date_gmt":"2025-06-17T08:23:33","guid":{"rendered":"https:\/\/www.webdo.tn\/fr\/?p=377679"},"modified":"2025-06-17T09:23:35","modified_gmt":"2025-06-17T08:23:35","slug":"tunisie-kais-saied-insiste-sur-linterdiction-de-la-sous-traitance","status":"publish","type":"post","link":"https:\/\/www.webdo.tn\/fr\/actualite\/national\/tunisie-kais-saied-insiste-sur-linterdiction-de-la-sous-traitance\/377679\/","title":{"rendered":"Tunisie\u00a0: Kais Saied insiste sur l\u2019interdiction de la sous-traitance"},"content":{"rendered":"\n<p><strong>Le pr\u00e9sident de la R\u00e9publique, Kais Saied, a re\u00e7u, hier, au palais de Carthage, le ministre des Affaires sociales, Issam Lahmar, et le ministre des Technologies de la communication, Sofiane Hmissi.<\/strong><\/p>\n\n\n\n<p>Cette rencontre a port\u00e9 principalement sur un projet de d\u00e9cret visant \u00e0 interdire le recours \u00e0 la sous-traitance dans le secteur public. Elle a \u00e9galement abord\u00e9 la dissolution de la soci\u00e9t\u00e9 publique Itissalia Services \u00ab Itissalia Khadamat \u00bb, sp\u00e9cialis\u00e9e dans les services li\u00e9s aux t\u00e9l\u00e9communications, selon un communiqu\u00e9 de la Pr\u00e9sidence de la R\u00e9publique.<\/p>\n\n\n\n<p>Selon un communiqu\u00e9 de la pr\u00e9sidence, ce texte s\u2019inscrit dans le prolongement de la r\u00e9forme du Code du travail, qui a d\u00e9j\u00e0 interdit et criminalis\u00e9 la sous-traitance dans le secteur priv\u00e9. Pour le chef de l\u2019\u00c9tat, garantir aux employ\u00e9s la stabilit\u00e9 professionnelle et un sentiment d\u2019appartenance \u00e0 l\u2019institution publique est essentiel pour am\u00e9liorer la productivit\u00e9 et renforcer l\u2019engagement.<\/p>\n\n\n\n<p>Kais Saied a d\u00e9nonc\u00e9 les formes de pr\u00e9carit\u00e9 d\u00e9guis\u00e9e, instaur\u00e9es, selon lui, par des cadres juridiques sur mesure, destin\u00e9s \u00e0 servir des int\u00e9r\u00eats particuliers. \u00ab\u00a0Il n\u2019y aura plus d\u2019esclavage ni de subordination sous couvert d\u2019une fausse l\u00e9gitimit\u00e9\u00a0\u00bb, a-t-il affirm\u00e9.<\/p>\n\n\n\n<p>Le pr\u00e9sident a \u00e9galement r\u00e9it\u00e9r\u00e9 sa vision d\u2019un \u00c9tat social ancr\u00e9 dans la r\u00e9alit\u00e9. \u00ab\u00a0Ce n\u2019est pas un simple slogan, mais une orientation politique concr\u00e8te qui se traduira sur le terrain, dans tous les secteurs et dans toutes les r\u00e9gions. C\u2019est une r\u00e9volution de lib\u00e9ration nationale qui se poursuivra jusqu\u2019\u00e0 la victoire\u00a0\u00bb, a-t-il d\u00e9clar\u00e9.<\/p>\n\n\n\n<p>Rappelons, dans ce contexte, que le pr\u00e9sident de la R\u00e9publique, avait pr\u00e9sid\u00e9 le 29 mai une r\u00e9union du Conseil des ministres au Palais de Carthage, au cours de laquelle il avait d\u00e9j\u00e0 insist\u00e9 sur la clart\u00e9 et la port\u00e9e du projet de d\u00e9cret interdisant le recours \u00e0 la sous-traitance dans le secteur public, \u00e9voquant au passage la dissolution de la soci\u00e9t\u00e9 Itissalia Services.<\/p>\n\n\n\n<p>Le 3 juin dernier, lors d\u2019une r\u00e9union avec le ministre des Affaires sociales, et celui des Technologies de la communication, Kais Saied avait annonc\u00e9 une s\u00e9rie de d\u00e9cisions visant \u00e0 interdire d\u00e9finitivement le recours \u00e0 la sous-traitance dans le secteur public, qualifi\u00e9e par le chef de l\u2019\u00c9tat d\u2019\u00ab esclavage d\u00e9guis\u00e9 \u00bb.<\/p>\n\n\n\n<p>Le pr\u00e9sident avait alors confirm\u00e9 que le projet de d\u00e9cret en pr\u00e9paration inclura la dissolution de la soci\u00e9t\u00e9 des services de t\u00e9l\u00e9communications et la r\u00e9affectation de ses employ\u00e9s dans leurs lieux actuels de travail, selon les r\u00e8gles en vigueur et les derni\u00e8res dispositions du Code du travail.<\/p>\n","protected":false},"excerpt":{"rendered":"<p>Le pr\u00e9sident de la R\u00e9publique, Kais Saied, a re\u00e7u, hier, au palais de Carthage, le ministre des Affaires sociales, Issam Lahmar, et le ministre des Technologies de la communication, Sofiane Hmissi. Cette rencontre a port\u00e9 principalement sur un projet de d\u00e9cret visant \u00e0 interdire le recours \u00e0 la sous-traitance dans le secteur public. Elle a [&hellip;]<\/p>\n","protected":false},"author":3191,"featured_media":377680,"comment_status":"open","ping_status":"open","sticky":false,"template":"","format":"standard","meta":{"footnotes":""},"categories":[44],"tags":[2614,3034,2608],"class_list":["post-377679","post","type-post","status-publish","format-standard","has-post-thumbnail","hentry","category-national","tag-kais-saied","tag-sous-traitance","tag-tunisie"],"yoast_head":"<!-- This site is optimized with the Yoast SEO Premium plugin v27.5 (Yoast SEO v27.5) - https:\/\/yoast.com\/product\/yoast-seo-premium-wordpress\/ -->\n<title>Tunisie\u00a0: Kais Saied insiste sur l\u2019interdiction de la sous-traitance - webdo<\/title>\n<meta name=\"description\" content=\"L\u2019importance de l\u2019interdiction de la sous-traitance est au c\u0153ur d&#039;une r\u00e9union au palais de Carthage avec le pr\u00e9sident saoudien.\" \/>\n<link rel=\"canonical\" href=\"https:\/\/www.webdo.tn\/fr\/actualite\/national\/tunisie-kais-saied-insiste-sur-linterdiction-de-la-sous-traitance\/377679\/\" \/>\n<meta property=\"og:locale\" content=\"fr_FR\" \/>\n<meta property=\"og:type\" content=\"article\" \/>\n<meta property=\"og:title\" content=\"Tunisie\u00a0: Kais Saied insiste sur l\u2019interdiction de la sous-traitance\" \/>\n<meta property=\"og:description\" content=\"L\u2019importance de l\u2019interdiction de la sous-traitance est au c\u0153ur d&#039;une r\u00e9union au palais de Carthage avec le pr\u00e9sident saoudien.\" \/>\n<meta property=\"og:url\" content=\"https:\/\/www.webdo.tn\/fr\/actualite\/national\/tunisie-kais-saied-insiste-sur-linterdiction-de-la-sous-traitance\/377679\/\" \/>\n<meta property=\"og:site_name\" content=\"webdo\" \/>\n<meta property=\"article:publisher\" content=\"https:\/\/www.facebook.com\/webdotn\" \/>\n<meta property=\"article:published_time\" content=\"2025-06-17T08:23:33+00:00\" \/>\n<meta property=\"article:modified_time\" content=\"2025-06-17T08:23:35+00:00\" \/>\n<meta property=\"og:image\" content=\"https:\/\/www.webdo.tn\/fr\/wp-content\/uploads\/2025\/06\/508838088_1129383982553534_929374001483219433_n.jpg\" \/>\n\t<meta property=\"og:image:width\" content=\"2048\" \/>\n\t<meta property=\"og:image:height\" content=\"1241\" \/>\n\t<meta property=\"og:image:type\" content=\"image\/jpeg\" \/>\n<meta name=\"author\" content=\"Mohamed Hedi Touati\" \/>\n<meta name=\"twitter:card\" content=\"summary_large_image\" \/>\n<meta name=\"twitter:creator\" content=\"@webdo_tn\" \/>\n<meta name=\"twitter:site\" content=\"@webdo_tn\" \/>\n<meta name=\"twitter:label1\" content=\"\u00c9crit par\" \/>\n\t<meta name=\"twitter:data1\" content=\"Mohamed Hedi Touati\" \/>\n\t<meta name=\"twitter:label2\" content=\"Dur\u00e9e de lecture estim\u00e9e\" \/>\n\t<meta name=\"twitter:data2\" content=\"3 minutes\" \/>\n<script type=\"application\/ld+json\" class=\"yoast-schema-graph\">{\"@context\":\"https:\\\/\\\/schema.org\",\"@graph\":[{\"@type\":\"NewsArticle\",\"@id\":\"https:\\\/\\\/www.webdo.tn\\\/fr\\\/actualite\\\/national\\\/tunisie-kais-saied-insiste-sur-linterdiction-de-la-sous-traitance\\\/377679\\\/#article\",\"isPartOf\":{\"@id\":\"https:\\\/\\\/www.webdo.tn\\\/fr\\\/actualite\\\/national\\\/tunisie-kais-saied-insiste-sur-linterdiction-de-la-sous-traitance\\\/377679\\\/\"},\"author\":{\"name\":\"Mohamed Hedi Touati\",\"@id\":\"https:\\\/\\\/www.webdo.tn\\\/fr\\\/#\\\/schema\\\/person\\\/c652cd8fc2b1b44412b5ffb48c5a911d\"},\"headline\":\"Tunisie\u00a0: Kais Saied insiste sur l\u2019interdiction de la sous-traitance\",\"datePublished\":\"2025-06-17T08:23:33+00:00\",\"dateModified\":\"2025-06-17T08:23:35+00:00\",\"mainEntityOfPage\":{\"@id\":\"https:\\\/\\\/www.webdo.tn\\\/fr\\\/actualite\\\/national\\\/tunisie-kais-saied-insiste-sur-linterdiction-de-la-sous-traitance\\\/377679\\\/\"},\"wordCount\":467,\"commentCount\":0,\"publisher\":{\"@id\":\"https:\\\/\\\/www.webdo.tn\\\/fr\\\/#organization\"},\"image\":{\"@id\":\"https:\\\/\\\/www.webdo.tn\\\/fr\\\/actualite\\\/national\\\/tunisie-kais-saied-insiste-sur-linterdiction-de-la-sous-traitance\\\/377679\\\/#primaryimage\"},\"thumbnailUrl\":\"https:\\\/\\\/www.webdo.tn\\\/fr\\\/wp-content\\\/uploads\\\/2025\\\/06\\\/508838088_1129383982553534_929374001483219433_n.jpg\",\"keywords\":[\"Kais Saied\",\"Sous-traitance\",\"Tunisie\"],\"articleSection\":[\"National\"],\"inLanguage\":\"fr-FR\"},{\"@type\":\"WebPage\",\"@id\":\"https:\\\/\\\/www.webdo.tn\\\/fr\\\/actualite\\\/national\\\/tunisie-kais-saied-insiste-sur-linterdiction-de-la-sous-traitance\\\/377679\\\/\",\"url\":\"https:\\\/\\\/www.webdo.tn\\\/fr\\\/actualite\\\/national\\\/tunisie-kais-saied-insiste-sur-linterdiction-de-la-sous-traitance\\\/377679\\\/\",\"name\":\"Tunisie\u00a0: Kais Saied insiste sur l\u2019interdiction de la sous-traitance - webdo\",\"isPartOf\":{\"@id\":\"https:\\\/\\\/www.webdo.tn\\\/fr\\\/#website\"},\"primaryImageOfPage\":{\"@id\":\"https:\\\/\\\/www.webdo.tn\\\/fr\\\/actualite\\\/national\\\/tunisie-kais-saied-insiste-sur-linterdiction-de-la-sous-traitance\\\/377679\\\/#primaryimage\"},\"image\":{\"@id\":\"https:\\\/\\\/www.webdo.tn\\\/fr\\\/actualite\\\/national\\\/tunisie-kais-saied-insiste-sur-linterdiction-de-la-sous-traitance\\\/377679\\\/#primaryimage\"},\"thumbnailUrl\":\"https:\\\/\\\/www.webdo.tn\\\/fr\\\/wp-content\\\/uploads\\\/2025\\\/06\\\/508838088_1129383982553534_929374001483219433_n.jpg\",\"datePublished\":\"2025-06-17T08:23:33+00:00\",\"dateModified\":\"2025-06-17T08:23:35+00:00\",\"description\":\"L\u2019importance de l\u2019interdiction de la sous-traitance est au c\u0153ur d'une r\u00e9union au palais de Carthage avec le pr\u00e9sident saoudien.\",\"breadcrumb\":{\"@id\":\"https:\\\/\\\/www.webdo.tn\\\/fr\\\/actualite\\\/national\\\/tunisie-kais-saied-insiste-sur-linterdiction-de-la-sous-traitance\\\/377679\\\/#breadcrumb\"},\"inLanguage\":\"fr-FR\",\"potentialAction\":[{\"@type\":\"ReadAction\",\"target\":[\"https:\\\/\\\/www.webdo.tn\\\/fr\\\/actualite\\\/national\\\/tunisie-kais-saied-insiste-sur-linterdiction-de-la-sous-traitance\\\/377679\\\/\"]}]},{\"@type\":\"ImageObject\",\"inLanguage\":\"fr-FR\",\"@id\":\"https:\\\/\\\/www.webdo.tn\\\/fr\\\/actualite\\\/national\\\/tunisie-kais-saied-insiste-sur-linterdiction-de-la-sous-traitance\\\/377679\\\/#primaryimage\",\"url\":\"https:\\\/\\\/www.webdo.tn\\\/fr\\\/wp-content\\\/uploads\\\/2025\\\/06\\\/508838088_1129383982553534_929374001483219433_n.jpg\",\"contentUrl\":\"https:\\\/\\\/www.webdo.tn\\\/fr\\\/wp-content\\\/uploads\\\/2025\\\/06\\\/508838088_1129383982553534_929374001483219433_n.jpg\",\"width\":2048,\"height\":1241},{\"@type\":\"BreadcrumbList\",\"@id\":\"https:\\\/\\\/www.webdo.tn\\\/fr\\\/actualite\\\/national\\\/tunisie-kais-saied-insiste-sur-linterdiction-de-la-sous-traitance\\\/377679\\\/#breadcrumb\",\"itemListElement\":[{\"@type\":\"ListItem\",\"position\":1,\"name\":\"Accueil\",\"item\":\"https:\\\/\\\/www.webdo.tn\\\/fr\\\/\"},{\"@type\":\"ListItem\",\"position\":2,\"name\":\"Tunisie\u00a0: Kais Saied insiste sur l\u2019interdiction de la sous-traitance\"}]},{\"@type\":\"WebSite\",\"@id\":\"https:\\\/\\\/www.webdo.tn\\\/fr\\\/#website\",\"url\":\"https:\\\/\\\/www.webdo.tn\\\/fr\\\/\",\"name\":\"webdo\",\"description\":\"Tunisie - News en Tunisie et \u00e0 l&#039;international sur Webdo.tn\",\"publisher\":{\"@id\":\"https:\\\/\\\/www.webdo.tn\\\/fr\\\/#organization\"},\"potentialAction\":[{\"@type\":\"SearchAction\",\"target\":{\"@type\":\"EntryPoint\",\"urlTemplate\":\"https:\\\/\\\/www.webdo.tn\\\/fr\\\/?s={search_term_string}\"},\"query-input\":{\"@type\":\"PropertyValueSpecification\",\"valueRequired\":true,\"valueName\":\"search_term_string\"}}],\"inLanguage\":\"fr-FR\"},{\"@type\":\"Organization\",\"@id\":\"https:\\\/\\\/www.webdo.tn\\\/fr\\\/#organization\",\"name\":\"Webdo\",\"alternateName\":\"Webdo.tn\",\"url\":\"https:\\\/\\\/www.webdo.tn\\\/fr\\\/\",\"logo\":{\"@type\":\"ImageObject\",\"inLanguage\":\"fr-FR\",\"@id\":\"https:\\\/\\\/www.webdo.tn\\\/fr\\\/#\\\/schema\\\/logo\\\/image\\\/\",\"url\":\"https:\\\/\\\/www.webdo.tn\\\/fr\\\/wp-content\\\/uploads\\\/2025\\\/06\\\/Webdo-Tunisie_168377.jpg\",\"contentUrl\":\"https:\\\/\\\/www.webdo.tn\\\/fr\\\/wp-content\\\/uploads\\\/2025\\\/06\\\/Webdo-Tunisie_168377.jpg\",\"width\":301,\"height\":301,\"caption\":\"Webdo\"},\"image\":{\"@id\":\"https:\\\/\\\/www.webdo.tn\\\/fr\\\/#\\\/schema\\\/logo\\\/image\\\/\"},\"sameAs\":[\"https:\\\/\\\/www.facebook.com\\\/webdotn\",\"https:\\\/\\\/x.com\\\/webdo_tn\"],\"description\":\"Webdo est un m\u00e9dia num\u00e9rique tunisien fond\u00e9 en 2010, sp\u00e9cialis\u00e9 dans l\u2019actualit\u00e9 nationale et internationale, l\u2019\u00e9conomie, la soci\u00e9t\u00e9 et les analyses politiques. Le site s\u2019adresse \u00e0 un large public francophone et couvre l\u2019information tunisienne en temps r\u00e9el.\",\"email\":\"redac@webdo.tn\",\"legalName\":\"YNJ SARL\",\"foundingDate\":\"2010-09-06\",\"numberOfEmployees\":{\"@type\":\"QuantitativeValue\",\"minValue\":\"11\",\"maxValue\":\"50\"}},{\"@type\":\"Person\",\"@id\":\"https:\\\/\\\/www.webdo.tn\\\/fr\\\/#\\\/schema\\\/person\\\/c652cd8fc2b1b44412b5ffb48c5a911d\",\"name\":\"Mohamed Hedi Touati\",\"image\":{\"@type\":\"ImageObject\",\"inLanguage\":\"fr-FR\",\"@id\":\"https:\\\/\\\/secure.gravatar.com\\\/avatar\\\/9cfd402c745b7a685f13eed0ea6e59d2144a3c2fc50a3db6fd5ed451f6cddf1a?s=96&d=mm&r=g\",\"url\":\"https:\\\/\\\/secure.gravatar.com\\\/avatar\\\/9cfd402c745b7a685f13eed0ea6e59d2144a3c2fc50a3db6fd5ed451f6cddf1a?s=96&d=mm&r=g\",\"contentUrl\":\"https:\\\/\\\/secure.gravatar.com\\\/avatar\\\/9cfd402c745b7a685f13eed0ea6e59d2144a3c2fc50a3db6fd5ed451f6cddf1a?s=96&d=mm&r=g\",\"caption\":\"Mohamed Hedi Touati\"},\"url\":\"https:\\\/\\\/www.webdo.tn\\\/fr\\\/actualite\\\/author\\\/mohamed-hedi-touati\\\/\"}]}<\/script>\n<!-- \/ Yoast SEO Premium plugin. -->","yoast_head_json":{"title":"Tunisie\u00a0: Kais Saied insiste sur l\u2019interdiction de la sous-traitance - webdo","description":"L\u2019importance de l\u2019interdiction de la sous-traitance est au c\u0153ur d'une r\u00e9union au palais de Carthage avec le pr\u00e9sident saoudien.","canonical":"https:\/\/www.webdo.tn\/fr\/actualite\/national\/tunisie-kais-saied-insiste-sur-linterdiction-de-la-sous-traitance\/377679\/","og_locale":"fr_FR","og_type":"article","og_title":"Tunisie\u00a0: Kais Saied insiste sur l\u2019interdiction de la sous-traitance","og_description":"L\u2019importance de l\u2019interdiction de la sous-traitance est au c\u0153ur d'une r\u00e9union au palais de Carthage avec le pr\u00e9sident saoudien.","og_url":"https:\/\/www.webdo.tn\/fr\/actualite\/national\/tunisie-kais-saied-insiste-sur-linterdiction-de-la-sous-traitance\/377679\/","og_site_name":"webdo","article_publisher":"https:\/\/www.facebook.com\/webdotn","article_published_time":"2025-06-17T08:23:33+00:00","article_modified_time":"2025-06-17T08:23:35+00:00","og_image":[{"width":2048,"height":1241,"url":"https:\/\/www.webdo.tn\/fr\/wp-content\/uploads\/2025\/06\/508838088_1129383982553534_929374001483219433_n.jpg","type":"image\/jpeg"}],"author":"Mohamed Hedi Touati","twitter_card":"summary_large_image","twitter_creator":"@webdo_tn","twitter_site":"@webdo_tn","twitter_misc":{"\u00c9crit par":"Mohamed Hedi Touati","Dur\u00e9e de lecture estim\u00e9e":"3 minutes"},"schema":{"@context":"https:\/\/schema.org","@graph":[{"@type":"NewsArticle","@id":"https:\/\/www.webdo.tn\/fr\/actualite\/national\/tunisie-kais-saied-insiste-sur-linterdiction-de-la-sous-traitance\/377679\/#article","isPartOf":{"@id":"https:\/\/www.webdo.tn\/fr\/actualite\/national\/tunisie-kais-saied-insiste-sur-linterdiction-de-la-sous-traitance\/377679\/"},"author":{"name":"Mohamed Hedi Touati","@id":"https:\/\/www.webdo.tn\/fr\/#\/schema\/person\/c652cd8fc2b1b44412b5ffb48c5a911d"},"headline":"Tunisie\u00a0: Kais Saied insiste sur l\u2019interdiction de la sous-traitance","datePublished":"2025-06-17T08:23:33+00:00","dateModified":"2025-06-17T08:23:35+00:00","mainEntityOfPage":{"@id":"https:\/\/www.webdo.tn\/fr\/actualite\/national\/tunisie-kais-saied-insiste-sur-linterdiction-de-la-sous-traitance\/377679\/"},"wordCount":467,"commentCount":0,"publisher":{"@id":"https:\/\/www.webdo.tn\/fr\/#organization"},"image":{"@id":"https:\/\/www.webdo.tn\/fr\/actualite\/national\/tunisie-kais-saied-insiste-sur-linterdiction-de-la-sous-traitance\/377679\/#primaryimage"},"thumbnailUrl":"https:\/\/www.webdo.tn\/fr\/wp-content\/uploads\/2025\/06\/508838088_1129383982553534_929374001483219433_n.jpg","keywords":["Kais Saied","Sous-traitance","Tunisie"],"articleSection":["National"],"inLanguage":"fr-FR"},{"@type":"WebPage","@id":"https:\/\/www.webdo.tn\/fr\/actualite\/national\/tunisie-kais-saied-insiste-sur-linterdiction-de-la-sous-traitance\/377679\/","url":"https:\/\/www.webdo.tn\/fr\/actualite\/national\/tunisie-kais-saied-insiste-sur-linterdiction-de-la-sous-traitance\/377679\/","name":"Tunisie\u00a0: Kais Saied insiste sur l\u2019interdiction de la sous-traitance - webdo","isPartOf":{"@id":"https:\/\/www.webdo.tn\/fr\/#website"},"primaryImageOfPage":{"@id":"https:\/\/www.webdo.tn\/fr\/actualite\/national\/tunisie-kais-saied-insiste-sur-linterdiction-de-la-sous-traitance\/377679\/#primaryimage"},"image":{"@id":"https:\/\/www.webdo.tn\/fr\/actualite\/national\/tunisie-kais-saied-insiste-sur-linterdiction-de-la-sous-traitance\/377679\/#primaryimage"},"thumbnailUrl":"https:\/\/www.webdo.tn\/fr\/wp-content\/uploads\/2025\/06\/508838088_1129383982553534_929374001483219433_n.jpg","datePublished":"2025-06-17T08:23:33+00:00","dateModified":"2025-06-17T08:23:35+00:00","description":"L\u2019importance de l\u2019interdiction de la sous-traitance est au c\u0153ur d'une r\u00e9union au palais de Carthage avec le pr\u00e9sident saoudien.","breadcrumb":{"@id":"https:\/\/www.webdo.tn\/fr\/actualite\/national\/tunisie-kais-saied-insiste-sur-linterdiction-de-la-sous-traitance\/377679\/#breadcrumb"},"inLanguage":"fr-FR","potentialAction":[{"@type":"ReadAction","target":["https:\/\/www.webdo.tn\/fr\/actualite\/national\/tunisie-kais-saied-insiste-sur-linterdiction-de-la-sous-traitance\/377679\/"]}]},{"@type":"ImageObject","inLanguage":"fr-FR","@id":"https:\/\/www.webdo.tn\/fr\/actualite\/national\/tunisie-kais-saied-insiste-sur-linterdiction-de-la-sous-traitance\/377679\/#primaryimage","url":"https:\/\/www.webdo.tn\/fr\/wp-content\/uploads\/2025\/06\/508838088_1129383982553534_929374001483219433_n.jpg","contentUrl":"https:\/\/www.webdo.tn\/fr\/wp-content\/uploads\/2025\/06\/508838088_1129383982553534_929374001483219433_n.jpg","width":2048,"height":1241},{"@type":"BreadcrumbList","@id":"https:\/\/www.webdo.tn\/fr\/actualite\/national\/tunisie-kais-saied-insiste-sur-linterdiction-de-la-sous-traitance\/377679\/#breadcrumb","itemListElement":[{"@type":"ListItem","position":1,"name":"Accueil","item":"https:\/\/www.webdo.tn\/fr\/"},{"@type":"ListItem","position":2,"name":"Tunisie\u00a0: Kais Saied insiste sur l\u2019interdiction de la sous-traitance"}]},{"@type":"WebSite","@id":"https:\/\/www.webdo.tn\/fr\/#website","url":"https:\/\/www.webdo.tn\/fr\/","name":"webdo","description":"Tunisie - News en Tunisie et \u00e0 l&#039;international sur Webdo.tn","publisher":{"@id":"https:\/\/www.webdo.tn\/fr\/#organization"},"potentialAction":[{"@type":"SearchAction","target":{"@type":"EntryPoint","urlTemplate":"https:\/\/www.webdo.tn\/fr\/?s={search_term_string}"},"query-input":{"@type":"PropertyValueSpecification","valueRequired":true,"valueName":"search_term_string"}}],"inLanguage":"fr-FR"},{"@type":"Organization","@id":"https:\/\/www.webdo.tn\/fr\/#organization","name":"Webdo","alternateName":"Webdo.tn","url":"https:\/\/www.webdo.tn\/fr\/","logo":{"@type":"ImageObject","inLanguage":"fr-FR","@id":"https:\/\/www.webdo.tn\/fr\/#\/schema\/logo\/image\/","url":"https:\/\/www.webdo.tn\/fr\/wp-content\/uploads\/2025\/06\/Webdo-Tunisie_168377.jpg","contentUrl":"https:\/\/www.webdo.tn\/fr\/wp-content\/uploads\/2025\/06\/Webdo-Tunisie_168377.jpg","width":301,"height":301,"caption":"Webdo"},"image":{"@id":"https:\/\/www.webdo.tn\/fr\/#\/schema\/logo\/image\/"},"sameAs":["https:\/\/www.facebook.com\/webdotn","https:\/\/x.com\/webdo_tn"],"description":"Webdo est un m\u00e9dia num\u00e9rique tunisien fond\u00e9 en 2010, sp\u00e9cialis\u00e9 dans l\u2019actualit\u00e9 nationale et internationale, l\u2019\u00e9conomie, la soci\u00e9t\u00e9 et les analyses politiques. Le site s\u2019adresse \u00e0 un large public francophone et couvre l\u2019information tunisienne en temps r\u00e9el.","email":"redac@webdo.tn","legalName":"YNJ SARL","foundingDate":"2010-09-06","numberOfEmployees":{"@type":"QuantitativeValue","minValue":"11","maxValue":"50"}},{"@type":"Person","@id":"https:\/\/www.webdo.tn\/fr\/#\/schema\/person\/c652cd8fc2b1b44412b5ffb48c5a911d","name":"Mohamed Hedi Touati","image":{"@type":"ImageObject","inLanguage":"fr-FR","@id":"https:\/\/secure.gravatar.com\/avatar\/9cfd402c745b7a685f13eed0ea6e59d2144a3c2fc50a3db6fd5ed451f6cddf1a?s=96&d=mm&r=g","url":"https:\/\/secure.gravatar.com\/avatar\/9cfd402c745b7a685f13eed0ea6e59d2144a3c2fc50a3db6fd5ed451f6cddf1a?s=96&d=mm&r=g","contentUrl":"https:\/\/secure.gravatar.com\/avatar\/9cfd402c745b7a685f13eed0ea6e59d2144a3c2fc50a3db6fd5ed451f6cddf1a?s=96&d=mm&r=g","caption":"Mohamed Hedi Touati"},"url":"https:\/\/www.webdo.tn\/fr\/actualite\/author\/mohamed-hedi-touati\/"}]}},"_links":{"self":[{"href":"https:\/\/www.webdo.tn\/fr\/wp-json\/wp\/v2\/posts\/377679","targetHints":{"allow":["GET"]}}],"collection":[{"href":"https:\/\/www.webdo.tn\/fr\/wp-json\/wp\/v2\/posts"}],"about":[{"href":"https:\/\/www.webdo.tn\/fr\/wp-json\/wp\/v2\/types\/post"}],"author":[{"embeddable":true,"href":"https:\/\/www.webdo.tn\/fr\/wp-json\/wp\/v2\/users\/3191"}],"replies":[{"embeddable":true,"href":"https:\/\/www.webdo.tn\/fr\/wp-json\/wp\/v2\/comments?post=377679"}],"version-history":[{"count":0,"href":"https:\/\/www.webdo.tn\/fr\/wp-json\/wp\/v2\/posts\/377679\/revisions"}],"wp:featuredmedia":[{"embeddable":true,"href":"https:\/\/www.webdo.tn\/fr\/wp-json\/wp\/v2\/media\/377680"}],"wp:attachment":[{"href":"https:\/\/www.webdo.tn\/fr\/wp-json\/wp\/v2\/media?parent=377679"}],"wp:term":[{"taxonomy":"category","embeddable":true,"href":"https:\/\/www.webdo.tn\/fr\/wp-json\/wp\/v2\/categories?post=377679"},{"taxonomy":"post_tag","embeddable":true,"href":"https:\/\/www.webdo.tn\/fr\/wp-json\/wp\/v2\/tags?post=377679"}],"curies":[{"name":"wp","href":"https:\/\/api.w.org\/{rel}","templated":true}]}}