{"id":377640,"date":"2025-06-16T18:59:27","date_gmt":"2025-06-16T17:59:27","guid":{"rendered":"https:\/\/www.webdo.tn\/fr\/?p=377640"},"modified":"2025-06-17T09:58:36","modified_gmt":"2025-06-17T08:58:36","slug":"tunisie-quatre-organisations-unies-pour-la-liberation-des-volontaires-de-la-caravane-soumoud","status":"publish","type":"post","link":"https:\/\/www.webdo.tn\/fr\/actualite\/national\/tunisie-quatre-organisations-unies-pour-la-liberation-des-volontaires-de-la-caravane-soumoud\/377640\/","title":{"rendered":"Tunisie : quatre organisations unies pour la lib\u00e9ration des volontaires de la Caravane Soumoud"},"content":{"rendered":"\n<p>Quatre grandes organisations tunisiennes \u2013 la Ligue tunisienne des droits de l\u2019Homme, l\u2019Union g\u00e9n\u00e9rale tunisienne du travail (UGTT), l\u2019Ordre national des avocats et la F\u00e9d\u00e9ration nationale des journalistes tunisiens \u2013 ont publi\u00e9, ce lundi 16 juin 2025, un communiqu\u00e9 commun appelant les autorit\u00e9s de l\u2019Est libyen \u00e0 lib\u00e9rer sans d\u00e9lai les volontaires de la \u00ab Caravane Soumoud \u00bb d\u00e9tenus en Libye.<\/p>\n\n\n\n<p>Cette caravane solidaire avec Gaza, largement soutenue par les peuples du Maghreb, incarne une action civile et pacifique en faveur de la cause palestinienne.<\/p>\n\n\n\n<p>Cependant, son avanc\u00e9e a \u00e9t\u00e9 interrompue \u00e0 Syrte o\u00f9 plusieurs militants \u2013 trois Tunisiens, trois Alg\u00e9riens, six Libyens et un Soudanais \u2013 ont \u00e9t\u00e9 arr\u00eat\u00e9s.<\/p>\n\n\n\n<p>Les quatre organisations tunisiennes appellent leurs gouvernements \u00e0 engager d\u2019urgence toutes les d\u00e9marches diplomatiques n\u00e9cessaires pour obtenir la lib\u00e9ration de ces volontaires et soutenir la caravane.<\/p>\n\n\n\n<p>Par ailleurs, la \u00ab Coordination Soumoud \u00bb organise une manifestation devant l\u2019ambassade de Libye \u00e0 Tunis, en coordination avec la soci\u00e9t\u00e9 civile et des acteurs politiques, afin de r\u00e9clamer la lib\u00e9ration des d\u00e9tenus et la lev\u00e9e du blocus impos\u00e9 \u00e0 la caravane.<\/p>\n\n\n\n<p>La coalition r\u00e9affirme son soutien total \u00e0 cette initiative pacifique inscrite dans le mouvement mondial de solidarit\u00e9 envers la Palestine.<\/p>\n\n\n\n<p>Enfin, la Coordination de l\u2019action commune pour la Palestine annonce une lib\u00e9ration partielle des d\u00e9tenus, tandis que les n\u00e9gociations se poursuivent pour la remise en libert\u00e9 compl\u00e8te des autres participants.<\/p>\n\n\n\n<p>Cette situation met en lumi\u00e8re la complexit\u00e9 politique en Libye et l\u2019importance d\u2019une mobilisation diplomatique et populaire pour d\u00e9fendre les acteurs civils engag\u00e9s dans des causes justes.<\/p>\n","protected":false},"excerpt":{"rendered":"<p>Quatre grandes organisations tunisiennes \u2013 la Ligue tunisienne des droits de l\u2019Homme, l\u2019Union g\u00e9n\u00e9rale tunisienne du travail (UGTT), l\u2019Ordre national des avocats et la F\u00e9d\u00e9ration nationale des journalistes tunisiens \u2013 ont publi\u00e9, ce lundi 16 juin 2025, un communiqu\u00e9 commun appelant les autorit\u00e9s de l\u2019Est libyen \u00e0 lib\u00e9rer sans d\u00e9lai les volontaires de la \u00ab [&hellip;]<\/p>\n","protected":false},"author":3203,"featured_media":377601,"comment_status":"open","ping_status":"open","sticky":false,"template":"","format":"standard","meta":{"footnotes":""},"categories":[44],"tags":[2689,11913,2608],"class_list":["post-377640","post","type-post","status-publish","format-standard","has-post-thumbnail","hentry","category-national","tag-gaza","tag-soumoud","tag-tunisie"],"yoast_head":"<!-- This site is optimized with the Yoast SEO Premium plugin v27.5 (Yoast SEO v27.5) - https:\/\/yoast.com\/product\/yoast-seo-premium-wordpress\/ -->\n<title>Tunisie : quatre organisations unies pour la lib\u00e9ration des volontaires de la Caravane Soumoud - webdo<\/title>\n<meta name=\"description\" content=\"La Tunisie appelle \u00e0 la lib\u00e9ration des volontaires de la Caravane Soumoud pour soutenir Gaza et d\u00e9fendre les droits de l&#039;Homme.\" \/>\n<link rel=\"canonical\" href=\"https:\/\/www.webdo.tn\/fr\/actualite\/national\/tunisie-quatre-organisations-unies-pour-la-liberation-des-volontaires-de-la-caravane-soumoud\/377640\/\" \/>\n<meta property=\"og:locale\" content=\"fr_FR\" \/>\n<meta property=\"og:type\" content=\"article\" \/>\n<meta property=\"og:title\" content=\"Tunisie : quatre organisations unies pour la lib\u00e9ration des volontaires de la Caravane Soumoud\" \/>\n<meta property=\"og:description\" content=\"La Tunisie appelle \u00e0 la lib\u00e9ration des volontaires de la Caravane Soumoud pour soutenir Gaza et d\u00e9fendre les droits de l&#039;Homme.\" \/>\n<meta property=\"og:url\" content=\"https:\/\/www.webdo.tn\/fr\/actualite\/national\/tunisie-quatre-organisations-unies-pour-la-liberation-des-volontaires-de-la-caravane-soumoud\/377640\/\" \/>\n<meta property=\"og:site_name\" content=\"webdo\" \/>\n<meta property=\"article:publisher\" content=\"https:\/\/www.facebook.com\/webdotn\" \/>\n<meta property=\"article:published_time\" content=\"2025-06-16T17:59:27+00:00\" \/>\n<meta property=\"article:modified_time\" content=\"2025-06-17T08:58:36+00:00\" \/>\n<meta property=\"og:image\" content=\"https:\/\/www.webdo.tn\/fr\/wp-content\/uploads\/2025\/06\/Caravane-Soumoud-1.jpg\" \/>\n\t<meta property=\"og:image:width\" content=\"850\" \/>\n\t<meta property=\"og:image:height\" content=\"491\" \/>\n\t<meta property=\"og:image:type\" content=\"image\/jpeg\" \/>\n<meta name=\"author\" content=\"Ramzi Haddad\" \/>\n<meta name=\"twitter:card\" content=\"summary_large_image\" \/>\n<meta name=\"twitter:creator\" content=\"@webdo_tn\" \/>\n<meta name=\"twitter:site\" content=\"@webdo_tn\" \/>\n<meta name=\"twitter:label1\" content=\"\u00c9crit par\" \/>\n\t<meta name=\"twitter:data1\" content=\"Ramzi Haddad\" \/>\n\t<meta name=\"twitter:label2\" content=\"Dur\u00e9e de lecture estim\u00e9e\" \/>\n\t<meta name=\"twitter:data2\" content=\"2 minutes\" \/>\n<script type=\"application\/ld+json\" class=\"yoast-schema-graph\">{\"@context\":\"https:\\\/\\\/schema.org\",\"@graph\":[{\"@type\":\"NewsArticle\",\"@id\":\"https:\\\/\\\/www.webdo.tn\\\/fr\\\/actualite\\\/national\\\/tunisie-quatre-organisations-unies-pour-la-liberation-des-volontaires-de-la-caravane-soumoud\\\/377640\\\/#article\",\"isPartOf\":{\"@id\":\"https:\\\/\\\/www.webdo.tn\\\/fr\\\/actualite\\\/national\\\/tunisie-quatre-organisations-unies-pour-la-liberation-des-volontaires-de-la-caravane-soumoud\\\/377640\\\/\"},\"author\":{\"name\":\"Ramzi Haddad\",\"@id\":\"https:\\\/\\\/www.webdo.tn\\\/fr\\\/#\\\/schema\\\/person\\\/5663044c25eb36d8f88ba5b653f12f8c\"},\"headline\":\"Tunisie : quatre organisations unies pour la lib\u00e9ration des volontaires de la Caravane Soumoud\",\"datePublished\":\"2025-06-16T17:59:27+00:00\",\"dateModified\":\"2025-06-17T08:58:36+00:00\",\"mainEntityOfPage\":{\"@id\":\"https:\\\/\\\/www.webdo.tn\\\/fr\\\/actualite\\\/national\\\/tunisie-quatre-organisations-unies-pour-la-liberation-des-volontaires-de-la-caravane-soumoud\\\/377640\\\/\"},\"wordCount\":290,\"commentCount\":0,\"publisher\":{\"@id\":\"https:\\\/\\\/www.webdo.tn\\\/fr\\\/#organization\"},\"image\":{\"@id\":\"https:\\\/\\\/www.webdo.tn\\\/fr\\\/actualite\\\/national\\\/tunisie-quatre-organisations-unies-pour-la-liberation-des-volontaires-de-la-caravane-soumoud\\\/377640\\\/#primaryimage\"},\"thumbnailUrl\":\"https:\\\/\\\/www.webdo.tn\\\/fr\\\/wp-content\\\/uploads\\\/2025\\\/06\\\/Caravane-Soumoud-1.jpg\",\"keywords\":[\"Gaza\",\"soumoud\",\"Tunisie\"],\"articleSection\":[\"National\"],\"inLanguage\":\"fr-FR\"},{\"@type\":\"WebPage\",\"@id\":\"https:\\\/\\\/www.webdo.tn\\\/fr\\\/actualite\\\/national\\\/tunisie-quatre-organisations-unies-pour-la-liberation-des-volontaires-de-la-caravane-soumoud\\\/377640\\\/\",\"url\":\"https:\\\/\\\/www.webdo.tn\\\/fr\\\/actualite\\\/national\\\/tunisie-quatre-organisations-unies-pour-la-liberation-des-volontaires-de-la-caravane-soumoud\\\/377640\\\/\",\"name\":\"Tunisie : quatre organisations unies pour la lib\u00e9ration des volontaires de la Caravane Soumoud - webdo\",\"isPartOf\":{\"@id\":\"https:\\\/\\\/www.webdo.tn\\\/fr\\\/#website\"},\"primaryImageOfPage\":{\"@id\":\"https:\\\/\\\/www.webdo.tn\\\/fr\\\/actualite\\\/national\\\/tunisie-quatre-organisations-unies-pour-la-liberation-des-volontaires-de-la-caravane-soumoud\\\/377640\\\/#primaryimage\"},\"image\":{\"@id\":\"https:\\\/\\\/www.webdo.tn\\\/fr\\\/actualite\\\/national\\\/tunisie-quatre-organisations-unies-pour-la-liberation-des-volontaires-de-la-caravane-soumoud\\\/377640\\\/#primaryimage\"},\"thumbnailUrl\":\"https:\\\/\\\/www.webdo.tn\\\/fr\\\/wp-content\\\/uploads\\\/2025\\\/06\\\/Caravane-Soumoud-1.jpg\",\"datePublished\":\"2025-06-16T17:59:27+00:00\",\"dateModified\":\"2025-06-17T08:58:36+00:00\",\"description\":\"La Tunisie appelle \u00e0 la lib\u00e9ration des volontaires de la Caravane Soumoud pour soutenir Gaza et d\u00e9fendre les droits de l'Homme.\",\"breadcrumb\":{\"@id\":\"https:\\\/\\\/www.webdo.tn\\\/fr\\\/actualite\\\/national\\\/tunisie-quatre-organisations-unies-pour-la-liberation-des-volontaires-de-la-caravane-soumoud\\\/377640\\\/#breadcrumb\"},\"inLanguage\":\"fr-FR\",\"potentialAction\":[{\"@type\":\"ReadAction\",\"target\":[\"https:\\\/\\\/www.webdo.tn\\\/fr\\\/actualite\\\/national\\\/tunisie-quatre-organisations-unies-pour-la-liberation-des-volontaires-de-la-caravane-soumoud\\\/377640\\\/\"]}]},{\"@type\":\"ImageObject\",\"inLanguage\":\"fr-FR\",\"@id\":\"https:\\\/\\\/www.webdo.tn\\\/fr\\\/actualite\\\/national\\\/tunisie-quatre-organisations-unies-pour-la-liberation-des-volontaires-de-la-caravane-soumoud\\\/377640\\\/#primaryimage\",\"url\":\"https:\\\/\\\/www.webdo.tn\\\/fr\\\/wp-content\\\/uploads\\\/2025\\\/06\\\/Caravane-Soumoud-1.jpg\",\"contentUrl\":\"https:\\\/\\\/www.webdo.tn\\\/fr\\\/wp-content\\\/uploads\\\/2025\\\/06\\\/Caravane-Soumoud-1.jpg\",\"width\":850,\"height\":491},{\"@type\":\"BreadcrumbList\",\"@id\":\"https:\\\/\\\/www.webdo.tn\\\/fr\\\/actualite\\\/national\\\/tunisie-quatre-organisations-unies-pour-la-liberation-des-volontaires-de-la-caravane-soumoud\\\/377640\\\/#breadcrumb\",\"itemListElement\":[{\"@type\":\"ListItem\",\"position\":1,\"name\":\"Accueil\",\"item\":\"https:\\\/\\\/www.webdo.tn\\\/fr\\\/\"},{\"@type\":\"ListItem\",\"position\":2,\"name\":\"Tunisie : quatre organisations unies pour la lib\u00e9ration des volontaires de la Caravane Soumoud\"}]},{\"@type\":\"WebSite\",\"@id\":\"https:\\\/\\\/www.webdo.tn\\\/fr\\\/#website\",\"url\":\"https:\\\/\\\/www.webdo.tn\\\/fr\\\/\",\"name\":\"webdo\",\"description\":\"Tunisie - News en Tunisie et \u00e0 l&#039;international sur Webdo.tn\",\"publisher\":{\"@id\":\"https:\\\/\\\/www.webdo.tn\\\/fr\\\/#organization\"},\"potentialAction\":[{\"@type\":\"SearchAction\",\"target\":{\"@type\":\"EntryPoint\",\"urlTemplate\":\"https:\\\/\\\/www.webdo.tn\\\/fr\\\/?s={search_term_string}\"},\"query-input\":{\"@type\":\"PropertyValueSpecification\",\"valueRequired\":true,\"valueName\":\"search_term_string\"}}],\"inLanguage\":\"fr-FR\"},{\"@type\":\"Organization\",\"@id\":\"https:\\\/\\\/www.webdo.tn\\\/fr\\\/#organization\",\"name\":\"Webdo\",\"alternateName\":\"Webdo.tn\",\"url\":\"https:\\\/\\\/www.webdo.tn\\\/fr\\\/\",\"logo\":{\"@type\":\"ImageObject\",\"inLanguage\":\"fr-FR\",\"@id\":\"https:\\\/\\\/www.webdo.tn\\\/fr\\\/#\\\/schema\\\/logo\\\/image\\\/\",\"url\":\"https:\\\/\\\/www.webdo.tn\\\/fr\\\/wp-content\\\/uploads\\\/2025\\\/06\\\/Webdo-Tunisie_168377.jpg\",\"contentUrl\":\"https:\\\/\\\/www.webdo.tn\\\/fr\\\/wp-content\\\/uploads\\\/2025\\\/06\\\/Webdo-Tunisie_168377.jpg\",\"width\":301,\"height\":301,\"caption\":\"Webdo\"},\"image\":{\"@id\":\"https:\\\/\\\/www.webdo.tn\\\/fr\\\/#\\\/schema\\\/logo\\\/image\\\/\"},\"sameAs\":[\"https:\\\/\\\/www.facebook.com\\\/webdotn\",\"https:\\\/\\\/x.com\\\/webdo_tn\"],\"description\":\"Webdo est un m\u00e9dia num\u00e9rique tunisien fond\u00e9 en 2010, sp\u00e9cialis\u00e9 dans l\u2019actualit\u00e9 nationale et internationale, l\u2019\u00e9conomie, la soci\u00e9t\u00e9 et les analyses politiques. Le site s\u2019adresse \u00e0 un large public francophone et couvre l\u2019information tunisienne en temps r\u00e9el.\",\"email\":\"redac@webdo.tn\",\"legalName\":\"YNJ SARL\",\"foundingDate\":\"2010-09-06\",\"numberOfEmployees\":{\"@type\":\"QuantitativeValue\",\"minValue\":\"11\",\"maxValue\":\"50\"}},{\"@type\":\"Person\",\"@id\":\"https:\\\/\\\/www.webdo.tn\\\/fr\\\/#\\\/schema\\\/person\\\/5663044c25eb36d8f88ba5b653f12f8c\",\"name\":\"Ramzi Haddad\",\"image\":{\"@type\":\"ImageObject\",\"inLanguage\":\"fr-FR\",\"@id\":\"https:\\\/\\\/www.webdo.tn\\\/fr\\\/wp-content\\\/uploads\\\/2026\\\/04\\\/ramzi-haddad_avatar-96x96.jpg\",\"url\":\"https:\\\/\\\/www.webdo.tn\\\/fr\\\/wp-content\\\/uploads\\\/2026\\\/04\\\/ramzi-haddad_avatar-96x96.jpg\",\"contentUrl\":\"https:\\\/\\\/www.webdo.tn\\\/fr\\\/wp-content\\\/uploads\\\/2026\\\/04\\\/ramzi-haddad_avatar-96x96.jpg\",\"caption\":\"Ramzi Haddad\"},\"description\":\"Signature \u00e9ditoriale de Walid Ben Youssef Ramzi Haddad est le pseudonyme \u00e9ditorial de Walid Ben Youssef, fondateur et g\u00e9rant de Webdo.tn. Cette signature est d\u00e9di\u00e9e \u00e0 la couverture de l'actualit\u00e9 nationale et internationale, ainsi qu'aux analyses des dynamiques num\u00e9riques. Ce profil b\u00e9n\u00e9ficie de l'expertise de Walid Ben Youssef, pionnier du web en Tunisie depuis 2000 et dipl\u00f4m\u00e9 en Math\u00e9matiques pures de l'Universit\u00e9 d'Oregon. \u00c0 travers cette signature, la r\u00e9daction de Webdo garantit une information structur\u00e9e et v\u00e9rifi\u00e9e, fid\u00e8le aux standards journalistiques du m\u00e9dia.\",\"url\":\"https:\\\/\\\/www.webdo.tn\\\/fr\\\/actualite\\\/author\\\/ramzi-haddad\\\/\"}]}<\/script>\n<!-- \/ Yoast SEO Premium plugin. -->","yoast_head_json":{"title":"Tunisie : quatre organisations unies pour la lib\u00e9ration des volontaires de la Caravane Soumoud - webdo","description":"La Tunisie appelle \u00e0 la lib\u00e9ration des volontaires de la Caravane Soumoud pour soutenir Gaza et d\u00e9fendre les droits de l'Homme.","canonical":"https:\/\/www.webdo.tn\/fr\/actualite\/national\/tunisie-quatre-organisations-unies-pour-la-liberation-des-volontaires-de-la-caravane-soumoud\/377640\/","og_locale":"fr_FR","og_type":"article","og_title":"Tunisie : quatre organisations unies pour la lib\u00e9ration des volontaires de la Caravane Soumoud","og_description":"La Tunisie appelle \u00e0 la lib\u00e9ration des volontaires de la Caravane Soumoud pour soutenir Gaza et d\u00e9fendre les droits de l'Homme.","og_url":"https:\/\/www.webdo.tn\/fr\/actualite\/national\/tunisie-quatre-organisations-unies-pour-la-liberation-des-volontaires-de-la-caravane-soumoud\/377640\/","og_site_name":"webdo","article_publisher":"https:\/\/www.facebook.com\/webdotn","article_published_time":"2025-06-16T17:59:27+00:00","article_modified_time":"2025-06-17T08:58:36+00:00","og_image":[{"width":850,"height":491,"url":"https:\/\/www.webdo.tn\/fr\/wp-content\/uploads\/2025\/06\/Caravane-Soumoud-1.jpg","type":"image\/jpeg"}],"author":"Ramzi Haddad","twitter_card":"summary_large_image","twitter_creator":"@webdo_tn","twitter_site":"@webdo_tn","twitter_misc":{"\u00c9crit par":"Ramzi Haddad","Dur\u00e9e de lecture estim\u00e9e":"2 minutes"},"schema":{"@context":"https:\/\/schema.org","@graph":[{"@type":"NewsArticle","@id":"https:\/\/www.webdo.tn\/fr\/actualite\/national\/tunisie-quatre-organisations-unies-pour-la-liberation-des-volontaires-de-la-caravane-soumoud\/377640\/#article","isPartOf":{"@id":"https:\/\/www.webdo.tn\/fr\/actualite\/national\/tunisie-quatre-organisations-unies-pour-la-liberation-des-volontaires-de-la-caravane-soumoud\/377640\/"},"author":{"name":"Ramzi Haddad","@id":"https:\/\/www.webdo.tn\/fr\/#\/schema\/person\/5663044c25eb36d8f88ba5b653f12f8c"},"headline":"Tunisie : quatre organisations unies pour la lib\u00e9ration des volontaires de la Caravane Soumoud","datePublished":"2025-06-16T17:59:27+00:00","dateModified":"2025-06-17T08:58:36+00:00","mainEntityOfPage":{"@id":"https:\/\/www.webdo.tn\/fr\/actualite\/national\/tunisie-quatre-organisations-unies-pour-la-liberation-des-volontaires-de-la-caravane-soumoud\/377640\/"},"wordCount":290,"commentCount":0,"publisher":{"@id":"https:\/\/www.webdo.tn\/fr\/#organization"},"image":{"@id":"https:\/\/www.webdo.tn\/fr\/actualite\/national\/tunisie-quatre-organisations-unies-pour-la-liberation-des-volontaires-de-la-caravane-soumoud\/377640\/#primaryimage"},"thumbnailUrl":"https:\/\/www.webdo.tn\/fr\/wp-content\/uploads\/2025\/06\/Caravane-Soumoud-1.jpg","keywords":["Gaza","soumoud","Tunisie"],"articleSection":["National"],"inLanguage":"fr-FR"},{"@type":"WebPage","@id":"https:\/\/www.webdo.tn\/fr\/actualite\/national\/tunisie-quatre-organisations-unies-pour-la-liberation-des-volontaires-de-la-caravane-soumoud\/377640\/","url":"https:\/\/www.webdo.tn\/fr\/actualite\/national\/tunisie-quatre-organisations-unies-pour-la-liberation-des-volontaires-de-la-caravane-soumoud\/377640\/","name":"Tunisie : quatre organisations unies pour la lib\u00e9ration des volontaires de la Caravane Soumoud - webdo","isPartOf":{"@id":"https:\/\/www.webdo.tn\/fr\/#website"},"primaryImageOfPage":{"@id":"https:\/\/www.webdo.tn\/fr\/actualite\/national\/tunisie-quatre-organisations-unies-pour-la-liberation-des-volontaires-de-la-caravane-soumoud\/377640\/#primaryimage"},"image":{"@id":"https:\/\/www.webdo.tn\/fr\/actualite\/national\/tunisie-quatre-organisations-unies-pour-la-liberation-des-volontaires-de-la-caravane-soumoud\/377640\/#primaryimage"},"thumbnailUrl":"https:\/\/www.webdo.tn\/fr\/wp-content\/uploads\/2025\/06\/Caravane-Soumoud-1.jpg","datePublished":"2025-06-16T17:59:27+00:00","dateModified":"2025-06-17T08:58:36+00:00","description":"La Tunisie appelle \u00e0 la lib\u00e9ration des volontaires de la Caravane Soumoud pour soutenir Gaza et d\u00e9fendre les droits de l'Homme.","breadcrumb":{"@id":"https:\/\/www.webdo.tn\/fr\/actualite\/national\/tunisie-quatre-organisations-unies-pour-la-liberation-des-volontaires-de-la-caravane-soumoud\/377640\/#breadcrumb"},"inLanguage":"fr-FR","potentialAction":[{"@type":"ReadAction","target":["https:\/\/www.webdo.tn\/fr\/actualite\/national\/tunisie-quatre-organisations-unies-pour-la-liberation-des-volontaires-de-la-caravane-soumoud\/377640\/"]}]},{"@type":"ImageObject","inLanguage":"fr-FR","@id":"https:\/\/www.webdo.tn\/fr\/actualite\/national\/tunisie-quatre-organisations-unies-pour-la-liberation-des-volontaires-de-la-caravane-soumoud\/377640\/#primaryimage","url":"https:\/\/www.webdo.tn\/fr\/wp-content\/uploads\/2025\/06\/Caravane-Soumoud-1.jpg","contentUrl":"https:\/\/www.webdo.tn\/fr\/wp-content\/uploads\/2025\/06\/Caravane-Soumoud-1.jpg","width":850,"height":491},{"@type":"BreadcrumbList","@id":"https:\/\/www.webdo.tn\/fr\/actualite\/national\/tunisie-quatre-organisations-unies-pour-la-liberation-des-volontaires-de-la-caravane-soumoud\/377640\/#breadcrumb","itemListElement":[{"@type":"ListItem","position":1,"name":"Accueil","item":"https:\/\/www.webdo.tn\/fr\/"},{"@type":"ListItem","position":2,"name":"Tunisie : quatre organisations unies pour la lib\u00e9ration des volontaires de la Caravane Soumoud"}]},{"@type":"WebSite","@id":"https:\/\/www.webdo.tn\/fr\/#website","url":"https:\/\/www.webdo.tn\/fr\/","name":"webdo","description":"Tunisie - News en Tunisie et \u00e0 l&#039;international sur Webdo.tn","publisher":{"@id":"https:\/\/www.webdo.tn\/fr\/#organization"},"potentialAction":[{"@type":"SearchAction","target":{"@type":"EntryPoint","urlTemplate":"https:\/\/www.webdo.tn\/fr\/?s={search_term_string}"},"query-input":{"@type":"PropertyValueSpecification","valueRequired":true,"valueName":"search_term_string"}}],"inLanguage":"fr-FR"},{"@type":"Organization","@id":"https:\/\/www.webdo.tn\/fr\/#organization","name":"Webdo","alternateName":"Webdo.tn","url":"https:\/\/www.webdo.tn\/fr\/","logo":{"@type":"ImageObject","inLanguage":"fr-FR","@id":"https:\/\/www.webdo.tn\/fr\/#\/schema\/logo\/image\/","url":"https:\/\/www.webdo.tn\/fr\/wp-content\/uploads\/2025\/06\/Webdo-Tunisie_168377.jpg","contentUrl":"https:\/\/www.webdo.tn\/fr\/wp-content\/uploads\/2025\/06\/Webdo-Tunisie_168377.jpg","width":301,"height":301,"caption":"Webdo"},"image":{"@id":"https:\/\/www.webdo.tn\/fr\/#\/schema\/logo\/image\/"},"sameAs":["https:\/\/www.facebook.com\/webdotn","https:\/\/x.com\/webdo_tn"],"description":"Webdo est un m\u00e9dia num\u00e9rique tunisien fond\u00e9 en 2010, sp\u00e9cialis\u00e9 dans l\u2019actualit\u00e9 nationale et internationale, l\u2019\u00e9conomie, la soci\u00e9t\u00e9 et les analyses politiques. Le site s\u2019adresse \u00e0 un large public francophone et couvre l\u2019information tunisienne en temps r\u00e9el.","email":"redac@webdo.tn","legalName":"YNJ SARL","foundingDate":"2010-09-06","numberOfEmployees":{"@type":"QuantitativeValue","minValue":"11","maxValue":"50"}},{"@type":"Person","@id":"https:\/\/www.webdo.tn\/fr\/#\/schema\/person\/5663044c25eb36d8f88ba5b653f12f8c","name":"Ramzi Haddad","image":{"@type":"ImageObject","inLanguage":"fr-FR","@id":"https:\/\/www.webdo.tn\/fr\/wp-content\/uploads\/2026\/04\/ramzi-haddad_avatar-96x96.jpg","url":"https:\/\/www.webdo.tn\/fr\/wp-content\/uploads\/2026\/04\/ramzi-haddad_avatar-96x96.jpg","contentUrl":"https:\/\/www.webdo.tn\/fr\/wp-content\/uploads\/2026\/04\/ramzi-haddad_avatar-96x96.jpg","caption":"Ramzi Haddad"},"description":"Signature \u00e9ditoriale de Walid Ben Youssef Ramzi Haddad est le pseudonyme \u00e9ditorial de Walid Ben Youssef, fondateur et g\u00e9rant de Webdo.tn. Cette signature est d\u00e9di\u00e9e \u00e0 la couverture de l'actualit\u00e9 nationale et internationale, ainsi qu'aux analyses des dynamiques num\u00e9riques. Ce profil b\u00e9n\u00e9ficie de l'expertise de Walid Ben Youssef, pionnier du web en Tunisie depuis 2000 et dipl\u00f4m\u00e9 en Math\u00e9matiques pures de l'Universit\u00e9 d'Oregon. \u00c0 travers cette signature, la r\u00e9daction de Webdo garantit une information structur\u00e9e et v\u00e9rifi\u00e9e, fid\u00e8le aux standards journalistiques du m\u00e9dia.","url":"https:\/\/www.webdo.tn\/fr\/actualite\/author\/ramzi-haddad\/"}]}},"_links":{"self":[{"href":"https:\/\/www.webdo.tn\/fr\/wp-json\/wp\/v2\/posts\/377640","targetHints":{"allow":["GET"]}}],"collection":[{"href":"https:\/\/www.webdo.tn\/fr\/wp-json\/wp\/v2\/posts"}],"about":[{"href":"https:\/\/www.webdo.tn\/fr\/wp-json\/wp\/v2\/types\/post"}],"author":[{"embeddable":true,"href":"https:\/\/www.webdo.tn\/fr\/wp-json\/wp\/v2\/users\/3203"}],"replies":[{"embeddable":true,"href":"https:\/\/www.webdo.tn\/fr\/wp-json\/wp\/v2\/comments?post=377640"}],"version-history":[{"count":0,"href":"https:\/\/www.webdo.tn\/fr\/wp-json\/wp\/v2\/posts\/377640\/revisions"}],"wp:featuredmedia":[{"embeddable":true,"href":"https:\/\/www.webdo.tn\/fr\/wp-json\/wp\/v2\/media\/377601"}],"wp:attachment":[{"href":"https:\/\/www.webdo.tn\/fr\/wp-json\/wp\/v2\/media?parent=377640"}],"wp:term":[{"taxonomy":"category","embeddable":true,"href":"https:\/\/www.webdo.tn\/fr\/wp-json\/wp\/v2\/categories?post=377640"},{"taxonomy":"post_tag","embeddable":true,"href":"https:\/\/www.webdo.tn\/fr\/wp-json\/wp\/v2\/tags?post=377640"}],"curies":[{"name":"wp","href":"https:\/\/api.w.org\/{rel}","templated":true}]}}