{"id":377607,"date":"2025-06-16T15:25:25","date_gmt":"2025-06-16T14:25:25","guid":{"rendered":"https:\/\/www.webdo.tn\/fr\/?p=377607"},"modified":"2025-06-16T15:25:25","modified_gmt":"2025-06-16T14:25:25","slug":"gaza-lonu-denonce-un-systeme-de-distribution-mortel-apres-une-nouvelle-tuerie-a-rafah","status":"publish","type":"post","link":"https:\/\/www.webdo.tn\/fr\/actualite\/international\/gaza-lonu-denonce-un-systeme-de-distribution-mortel-apres-une-nouvelle-tuerie-a-rafah\/377607\/","title":{"rendered":"Gaza : L\u2019ONU d\u00e9nonce un \u00ab\u00a0syst\u00e8me de distribution mortel\u00a0\u00bb apr\u00e8s une nouvelle tuerie \u00e0 Rafah"},"content":{"rendered":"\n<p><strong>Le bilan de l\u2019agression isra\u00e9lienne contre Gaza continue de s\u2019alourdir, atteignant plus de 55.000 morts, majoritairement des femmes et des enfants. Lundi, une nouvelle attaque pr\u00e8s d\u2019un site de distribution d\u2019aide a fait au moins 40 morts. L\u2019ONU d\u00e9nonce un syst\u00e8me humanitaire militaris\u00e9 et exige une enqu\u00eate.<\/strong><\/p>\n\n\n\n<p>Dans la bande de Gaza, le bilan de l&rsquo;agression isra\u00e9lienne depuis le 7 octobre 2023 continue de s\u2019aggraver. Selon les autorit\u00e9s sanitaires palestiniennes, 55.432 personnes ont \u00e9t\u00e9 tu\u00e9es et plus de 128.923 bless\u00e9es, en majorit\u00e9 des femmes et des enfants. Rien que ces derni\u00e8res 24 heures, 68 corps et 182 bless\u00e9s ont \u00e9t\u00e9 recens\u00e9s. De nombreuses victimes restent encore sous les d\u00e9combres.<\/p>\n\n\n\n<p>Alors que les frappes isra\u00e9liennes se poursuivent, au moins 40 Palestiniens sont tomb\u00e9s en martyr lundi, notamment pr\u00e8s d\u2019un centre de distribution de la Fondation humanitaire de Gaza (GHF) \u00e0 Rafah.<\/p>\n\n\n\n<p>D\u2019apr\u00e8s des sources m\u00e9dicales, une vingtaine de personnes ont \u00e9t\u00e9 tu\u00e9es et 200 bless\u00e9es pr\u00e8s de ce site soutenu par les \u00c9tats-Unis. Des sc\u00e8nes de panique ont \u00e9clat\u00e9 alors que des civils affam\u00e9s tentaient d\u2019obtenir de la nourriture.<\/p>\n\n\n\n<p>Le nouveau syst\u00e8me de distribution, mis en place hors cadre onusien, est s\u00e9v\u00e8rement critiqu\u00e9. Philippe Lazzarini, directeur de l\u2019UNRWA, \u00e9voque un \u00ab syst\u00e8me de distribution mortel \u00bb et accuse l\u2019arm\u00e9e isra\u00e9lienne de restreindre l\u2019aide humanitaire malgr\u00e9 son abondance. Isra\u00ebl justifie ces restrictions par la crainte que le Hamas d\u00e9tourne cette aide, ce que le mouvement palestinien d\u00e9ment.<\/p>\n\n\n\n<p>L\u2019ONU d\u00e9nonce la militarisation de l\u2019aide et les violences r\u00e9currentes sur des civils d\u00e9sesp\u00e9r\u00e9s. \u00c0 Gen\u00e8ve, Volker T\u00fcrk, Haut-Commissaire des Nations unies aux droits de l\u2019homme, a appel\u00e9 \u00e0 une enqu\u00eate ind\u00e9pendante sur les tirs isra\u00e9liens, accusant Isra\u00ebl d\u2019imposer des souffrances \u00ab horribles et inadmissibles \u00bb aux Palestiniens.<\/p>\n","protected":false},"excerpt":{"rendered":"<p>Le bilan de l\u2019agression isra\u00e9lienne contre Gaza continue de s\u2019alourdir, atteignant plus de 55.000 morts, majoritairement des femmes et des enfants. Lundi, une nouvelle attaque pr\u00e8s d\u2019un site de distribution d\u2019aide a fait au moins 40 morts. L\u2019ONU d\u00e9nonce un syst\u00e8me humanitaire militaris\u00e9 et exige une enqu\u00eate. Dans la bande de Gaza, le bilan de [&hellip;]<\/p>\n","protected":false},"author":3191,"featured_media":377608,"comment_status":"open","ping_status":"open","sticky":false,"template":"","format":"standard","meta":{"footnotes":""},"categories":[2598],"tags":[2689,2636,3208,3296,2688],"class_list":["post-377607","post","type-post","status-publish","format-standard","has-post-thumbnail","hentry","category-international","tag-gaza","tag-israel","tag-morts","tag-onu","tag-palestine"],"yoast_head":"<!-- This site is optimized with the Yoast SEO Premium plugin v27.4 (Yoast SEO v27.5) - https:\/\/yoast.com\/product\/yoast-seo-premium-wordpress\/ -->\n<title>Gaza : L\u2019ONU d\u00e9nonce un &quot;syst\u00e8me de distribution mortel&quot; apr\u00e8s une nouvelle tuerie \u00e0 Rafah - webdo<\/title>\n<meta name=\"description\" content=\"La nouvelle tuerie \u00e0 Rafah a fait au moins 40 morts. Un bilan tragique dans le contexte de l&#039;agression isra\u00e9lienne sur Gaza.\" \/>\n<link rel=\"canonical\" href=\"https:\/\/www.webdo.tn\/fr\/actualite\/international\/gaza-lonu-denonce-un-systeme-de-distribution-mortel-apres-une-nouvelle-tuerie-a-rafah\/377607\/\" \/>\n<meta property=\"og:locale\" content=\"fr_FR\" \/>\n<meta property=\"og:type\" content=\"article\" \/>\n<meta property=\"og:title\" content=\"Gaza : L\u2019ONU d\u00e9nonce un &quot;syst\u00e8me de distribution mortel&quot; apr\u00e8s une nouvelle tuerie \u00e0 Rafah\" \/>\n<meta property=\"og:description\" content=\"La nouvelle tuerie \u00e0 Rafah a fait au moins 40 morts. Un bilan tragique dans le contexte de l&#039;agression isra\u00e9lienne sur Gaza.\" \/>\n<meta property=\"og:url\" content=\"https:\/\/www.webdo.tn\/fr\/actualite\/international\/gaza-lonu-denonce-un-systeme-de-distribution-mortel-apres-une-nouvelle-tuerie-a-rafah\/377607\/\" \/>\n<meta property=\"og:site_name\" content=\"webdo\" \/>\n<meta property=\"article:publisher\" content=\"https:\/\/www.facebook.com\/webdotn\" \/>\n<meta property=\"article:published_time\" content=\"2025-06-16T14:25:25+00:00\" \/>\n<meta property=\"og:image\" content=\"https:\/\/www.webdo.tn\/fr\/wp-content\/uploads\/2025\/06\/Gaza-1.jpg\" \/>\n\t<meta property=\"og:image:width\" content=\"800\" \/>\n\t<meta property=\"og:image:height\" content=\"532\" \/>\n\t<meta property=\"og:image:type\" content=\"image\/jpeg\" \/>\n<meta name=\"author\" content=\"Mohamed Hedi Touati\" \/>\n<meta name=\"twitter:card\" content=\"summary_large_image\" \/>\n<meta name=\"twitter:creator\" content=\"@webdo_tn\" \/>\n<meta name=\"twitter:site\" content=\"@webdo_tn\" \/>\n<meta name=\"twitter:label1\" content=\"\u00c9crit par\" \/>\n\t<meta name=\"twitter:data1\" content=\"Mohamed Hedi Touati\" \/>\n\t<meta name=\"twitter:label2\" content=\"Dur\u00e9e de lecture estim\u00e9e\" \/>\n\t<meta name=\"twitter:data2\" content=\"2 minutes\" \/>\n<script type=\"application\/ld+json\" class=\"yoast-schema-graph\">{\"@context\":\"https:\\\/\\\/schema.org\",\"@graph\":[{\"@type\":\"NewsArticle\",\"@id\":\"https:\\\/\\\/www.webdo.tn\\\/fr\\\/actualite\\\/international\\\/gaza-lonu-denonce-un-systeme-de-distribution-mortel-apres-une-nouvelle-tuerie-a-rafah\\\/377607\\\/#article\",\"isPartOf\":{\"@id\":\"https:\\\/\\\/www.webdo.tn\\\/fr\\\/actualite\\\/international\\\/gaza-lonu-denonce-un-systeme-de-distribution-mortel-apres-une-nouvelle-tuerie-a-rafah\\\/377607\\\/\"},\"author\":{\"name\":\"Mohamed Hedi Touati\",\"@id\":\"https:\\\/\\\/www.webdo.tn\\\/fr\\\/#\\\/schema\\\/person\\\/c652cd8fc2b1b44412b5ffb48c5a911d\"},\"headline\":\"Gaza : L\u2019ONU d\u00e9nonce un \u00ab\u00a0syst\u00e8me de distribution mortel\u00a0\u00bb apr\u00e8s une nouvelle tuerie \u00e0 Rafah\",\"datePublished\":\"2025-06-16T14:25:25+00:00\",\"mainEntityOfPage\":{\"@id\":\"https:\\\/\\\/www.webdo.tn\\\/fr\\\/actualite\\\/international\\\/gaza-lonu-denonce-un-systeme-de-distribution-mortel-apres-une-nouvelle-tuerie-a-rafah\\\/377607\\\/\"},\"wordCount\":342,\"commentCount\":0,\"publisher\":{\"@id\":\"https:\\\/\\\/www.webdo.tn\\\/fr\\\/#organization\"},\"image\":{\"@id\":\"https:\\\/\\\/www.webdo.tn\\\/fr\\\/actualite\\\/international\\\/gaza-lonu-denonce-un-systeme-de-distribution-mortel-apres-une-nouvelle-tuerie-a-rafah\\\/377607\\\/#primaryimage\"},\"thumbnailUrl\":\"https:\\\/\\\/www.webdo.tn\\\/fr\\\/wp-content\\\/uploads\\\/2025\\\/06\\\/Gaza-1.jpg\",\"keywords\":[\"Gaza\",\"isra\u00ebl\",\"morts\",\"ONU\",\"Palestine\"],\"articleSection\":[\"International\"],\"inLanguage\":\"fr-FR\"},{\"@type\":\"WebPage\",\"@id\":\"https:\\\/\\\/www.webdo.tn\\\/fr\\\/actualite\\\/international\\\/gaza-lonu-denonce-un-systeme-de-distribution-mortel-apres-une-nouvelle-tuerie-a-rafah\\\/377607\\\/\",\"url\":\"https:\\\/\\\/www.webdo.tn\\\/fr\\\/actualite\\\/international\\\/gaza-lonu-denonce-un-systeme-de-distribution-mortel-apres-une-nouvelle-tuerie-a-rafah\\\/377607\\\/\",\"name\":\"Gaza : L\u2019ONU d\u00e9nonce un \\\"syst\u00e8me de distribution mortel\\\" apr\u00e8s une nouvelle tuerie \u00e0 Rafah - webdo\",\"isPartOf\":{\"@id\":\"https:\\\/\\\/www.webdo.tn\\\/fr\\\/#website\"},\"primaryImageOfPage\":{\"@id\":\"https:\\\/\\\/www.webdo.tn\\\/fr\\\/actualite\\\/international\\\/gaza-lonu-denonce-un-systeme-de-distribution-mortel-apres-une-nouvelle-tuerie-a-rafah\\\/377607\\\/#primaryimage\"},\"image\":{\"@id\":\"https:\\\/\\\/www.webdo.tn\\\/fr\\\/actualite\\\/international\\\/gaza-lonu-denonce-un-systeme-de-distribution-mortel-apres-une-nouvelle-tuerie-a-rafah\\\/377607\\\/#primaryimage\"},\"thumbnailUrl\":\"https:\\\/\\\/www.webdo.tn\\\/fr\\\/wp-content\\\/uploads\\\/2025\\\/06\\\/Gaza-1.jpg\",\"datePublished\":\"2025-06-16T14:25:25+00:00\",\"description\":\"La nouvelle tuerie \u00e0 Rafah a fait au moins 40 morts. Un bilan tragique dans le contexte de l'agression isra\u00e9lienne sur Gaza.\",\"breadcrumb\":{\"@id\":\"https:\\\/\\\/www.webdo.tn\\\/fr\\\/actualite\\\/international\\\/gaza-lonu-denonce-un-systeme-de-distribution-mortel-apres-une-nouvelle-tuerie-a-rafah\\\/377607\\\/#breadcrumb\"},\"inLanguage\":\"fr-FR\",\"potentialAction\":[{\"@type\":\"ReadAction\",\"target\":[\"https:\\\/\\\/www.webdo.tn\\\/fr\\\/actualite\\\/international\\\/gaza-lonu-denonce-un-systeme-de-distribution-mortel-apres-une-nouvelle-tuerie-a-rafah\\\/377607\\\/\"]}]},{\"@type\":\"ImageObject\",\"inLanguage\":\"fr-FR\",\"@id\":\"https:\\\/\\\/www.webdo.tn\\\/fr\\\/actualite\\\/international\\\/gaza-lonu-denonce-un-systeme-de-distribution-mortel-apres-une-nouvelle-tuerie-a-rafah\\\/377607\\\/#primaryimage\",\"url\":\"https:\\\/\\\/www.webdo.tn\\\/fr\\\/wp-content\\\/uploads\\\/2025\\\/06\\\/Gaza-1.jpg\",\"contentUrl\":\"https:\\\/\\\/www.webdo.tn\\\/fr\\\/wp-content\\\/uploads\\\/2025\\\/06\\\/Gaza-1.jpg\",\"width\":800,\"height\":532,\"caption\":\"De la fum\u00e9e s'\u00e9l\u00e8ve apr\u00e8s des frappes isra\u00e9liennes \u00e0 Khan Youn\u00e8s, dans le sud de la bande de Gaza. \\\/Photo prise le 16 juin 2025 (Cr\u00e9dit : REUTERS)\"},{\"@type\":\"BreadcrumbList\",\"@id\":\"https:\\\/\\\/www.webdo.tn\\\/fr\\\/actualite\\\/international\\\/gaza-lonu-denonce-un-systeme-de-distribution-mortel-apres-une-nouvelle-tuerie-a-rafah\\\/377607\\\/#breadcrumb\",\"itemListElement\":[{\"@type\":\"ListItem\",\"position\":1,\"name\":\"Accueil\",\"item\":\"https:\\\/\\\/www.webdo.tn\\\/fr\\\/\"},{\"@type\":\"ListItem\",\"position\":2,\"name\":\"Gaza : L\u2019ONU d\u00e9nonce un \u00ab\u00a0syst\u00e8me de distribution mortel\u00a0\u00bb apr\u00e8s une nouvelle tuerie \u00e0 Rafah\"}]},{\"@type\":\"WebSite\",\"@id\":\"https:\\\/\\\/www.webdo.tn\\\/fr\\\/#website\",\"url\":\"https:\\\/\\\/www.webdo.tn\\\/fr\\\/\",\"name\":\"webdo\",\"description\":\"Tunisie - News en Tunisie et \u00e0 l&#039;international sur Webdo.tn\",\"publisher\":{\"@id\":\"https:\\\/\\\/www.webdo.tn\\\/fr\\\/#organization\"},\"potentialAction\":[{\"@type\":\"SearchAction\",\"target\":{\"@type\":\"EntryPoint\",\"urlTemplate\":\"https:\\\/\\\/www.webdo.tn\\\/fr\\\/?s={search_term_string}\"},\"query-input\":{\"@type\":\"PropertyValueSpecification\",\"valueRequired\":true,\"valueName\":\"search_term_string\"}}],\"inLanguage\":\"fr-FR\"},{\"@type\":\"Organization\",\"@id\":\"https:\\\/\\\/www.webdo.tn\\\/fr\\\/#organization\",\"name\":\"Webdo\",\"alternateName\":\"Webdo.tn\",\"url\":\"https:\\\/\\\/www.webdo.tn\\\/fr\\\/\",\"logo\":{\"@type\":\"ImageObject\",\"inLanguage\":\"fr-FR\",\"@id\":\"https:\\\/\\\/www.webdo.tn\\\/fr\\\/#\\\/schema\\\/logo\\\/image\\\/\",\"url\":\"https:\\\/\\\/www.webdo.tn\\\/fr\\\/wp-content\\\/uploads\\\/2025\\\/06\\\/Webdo-Tunisie_168377.jpg\",\"contentUrl\":\"https:\\\/\\\/www.webdo.tn\\\/fr\\\/wp-content\\\/uploads\\\/2025\\\/06\\\/Webdo-Tunisie_168377.jpg\",\"width\":301,\"height\":301,\"caption\":\"Webdo\"},\"image\":{\"@id\":\"https:\\\/\\\/www.webdo.tn\\\/fr\\\/#\\\/schema\\\/logo\\\/image\\\/\"},\"sameAs\":[\"https:\\\/\\\/www.facebook.com\\\/webdotn\",\"https:\\\/\\\/x.com\\\/webdo_tn\"],\"description\":\"Webdo est un m\u00e9dia num\u00e9rique tunisien fond\u00e9 en 2010, sp\u00e9cialis\u00e9 dans l\u2019actualit\u00e9 nationale et internationale, l\u2019\u00e9conomie, la soci\u00e9t\u00e9 et les analyses politiques. Le site s\u2019adresse \u00e0 un large public francophone et couvre l\u2019information tunisienne en temps r\u00e9el.\",\"email\":\"redac@webdo.tn\",\"legalName\":\"YNJ SARL\",\"foundingDate\":\"2010-09-06\",\"numberOfEmployees\":{\"@type\":\"QuantitativeValue\",\"minValue\":\"11\",\"maxValue\":\"50\"}},{\"@type\":\"Person\",\"@id\":\"https:\\\/\\\/www.webdo.tn\\\/fr\\\/#\\\/schema\\\/person\\\/c652cd8fc2b1b44412b5ffb48c5a911d\",\"name\":\"Mohamed Hedi Touati\",\"image\":{\"@type\":\"ImageObject\",\"inLanguage\":\"fr-FR\",\"@id\":\"https:\\\/\\\/secure.gravatar.com\\\/avatar\\\/9cfd402c745b7a685f13eed0ea6e59d2144a3c2fc50a3db6fd5ed451f6cddf1a?s=96&d=mm&r=g\",\"url\":\"https:\\\/\\\/secure.gravatar.com\\\/avatar\\\/9cfd402c745b7a685f13eed0ea6e59d2144a3c2fc50a3db6fd5ed451f6cddf1a?s=96&d=mm&r=g\",\"contentUrl\":\"https:\\\/\\\/secure.gravatar.com\\\/avatar\\\/9cfd402c745b7a685f13eed0ea6e59d2144a3c2fc50a3db6fd5ed451f6cddf1a?s=96&d=mm&r=g\",\"caption\":\"Mohamed Hedi Touati\"},\"url\":\"https:\\\/\\\/www.webdo.tn\\\/fr\\\/actualite\\\/author\\\/mohamed-hedi-touati\\\/\"}]}<\/script>\n<!-- \/ Yoast SEO Premium plugin. -->","yoast_head_json":{"title":"Gaza : L\u2019ONU d\u00e9nonce un \"syst\u00e8me de distribution mortel\" apr\u00e8s une nouvelle tuerie \u00e0 Rafah - webdo","description":"La nouvelle tuerie \u00e0 Rafah a fait au moins 40 morts. Un bilan tragique dans le contexte de l'agression isra\u00e9lienne sur Gaza.","canonical":"https:\/\/www.webdo.tn\/fr\/actualite\/international\/gaza-lonu-denonce-un-systeme-de-distribution-mortel-apres-une-nouvelle-tuerie-a-rafah\/377607\/","og_locale":"fr_FR","og_type":"article","og_title":"Gaza : L\u2019ONU d\u00e9nonce un \"syst\u00e8me de distribution mortel\" apr\u00e8s une nouvelle tuerie \u00e0 Rafah","og_description":"La nouvelle tuerie \u00e0 Rafah a fait au moins 40 morts. Un bilan tragique dans le contexte de l'agression isra\u00e9lienne sur Gaza.","og_url":"https:\/\/www.webdo.tn\/fr\/actualite\/international\/gaza-lonu-denonce-un-systeme-de-distribution-mortel-apres-une-nouvelle-tuerie-a-rafah\/377607\/","og_site_name":"webdo","article_publisher":"https:\/\/www.facebook.com\/webdotn","article_published_time":"2025-06-16T14:25:25+00:00","og_image":[{"width":800,"height":532,"url":"https:\/\/www.webdo.tn\/fr\/wp-content\/uploads\/2025\/06\/Gaza-1.jpg","type":"image\/jpeg"}],"author":"Mohamed Hedi Touati","twitter_card":"summary_large_image","twitter_creator":"@webdo_tn","twitter_site":"@webdo_tn","twitter_misc":{"\u00c9crit par":"Mohamed Hedi Touati","Dur\u00e9e de lecture estim\u00e9e":"2 minutes"},"schema":{"@context":"https:\/\/schema.org","@graph":[{"@type":"NewsArticle","@id":"https:\/\/www.webdo.tn\/fr\/actualite\/international\/gaza-lonu-denonce-un-systeme-de-distribution-mortel-apres-une-nouvelle-tuerie-a-rafah\/377607\/#article","isPartOf":{"@id":"https:\/\/www.webdo.tn\/fr\/actualite\/international\/gaza-lonu-denonce-un-systeme-de-distribution-mortel-apres-une-nouvelle-tuerie-a-rafah\/377607\/"},"author":{"name":"Mohamed Hedi Touati","@id":"https:\/\/www.webdo.tn\/fr\/#\/schema\/person\/c652cd8fc2b1b44412b5ffb48c5a911d"},"headline":"Gaza : L\u2019ONU d\u00e9nonce un \u00ab\u00a0syst\u00e8me de distribution mortel\u00a0\u00bb apr\u00e8s une nouvelle tuerie \u00e0 Rafah","datePublished":"2025-06-16T14:25:25+00:00","mainEntityOfPage":{"@id":"https:\/\/www.webdo.tn\/fr\/actualite\/international\/gaza-lonu-denonce-un-systeme-de-distribution-mortel-apres-une-nouvelle-tuerie-a-rafah\/377607\/"},"wordCount":342,"commentCount":0,"publisher":{"@id":"https:\/\/www.webdo.tn\/fr\/#organization"},"image":{"@id":"https:\/\/www.webdo.tn\/fr\/actualite\/international\/gaza-lonu-denonce-un-systeme-de-distribution-mortel-apres-une-nouvelle-tuerie-a-rafah\/377607\/#primaryimage"},"thumbnailUrl":"https:\/\/www.webdo.tn\/fr\/wp-content\/uploads\/2025\/06\/Gaza-1.jpg","keywords":["Gaza","isra\u00ebl","morts","ONU","Palestine"],"articleSection":["International"],"inLanguage":"fr-FR"},{"@type":"WebPage","@id":"https:\/\/www.webdo.tn\/fr\/actualite\/international\/gaza-lonu-denonce-un-systeme-de-distribution-mortel-apres-une-nouvelle-tuerie-a-rafah\/377607\/","url":"https:\/\/www.webdo.tn\/fr\/actualite\/international\/gaza-lonu-denonce-un-systeme-de-distribution-mortel-apres-une-nouvelle-tuerie-a-rafah\/377607\/","name":"Gaza : L\u2019ONU d\u00e9nonce un \"syst\u00e8me de distribution mortel\" apr\u00e8s une nouvelle tuerie \u00e0 Rafah - webdo","isPartOf":{"@id":"https:\/\/www.webdo.tn\/fr\/#website"},"primaryImageOfPage":{"@id":"https:\/\/www.webdo.tn\/fr\/actualite\/international\/gaza-lonu-denonce-un-systeme-de-distribution-mortel-apres-une-nouvelle-tuerie-a-rafah\/377607\/#primaryimage"},"image":{"@id":"https:\/\/www.webdo.tn\/fr\/actualite\/international\/gaza-lonu-denonce-un-systeme-de-distribution-mortel-apres-une-nouvelle-tuerie-a-rafah\/377607\/#primaryimage"},"thumbnailUrl":"https:\/\/www.webdo.tn\/fr\/wp-content\/uploads\/2025\/06\/Gaza-1.jpg","datePublished":"2025-06-16T14:25:25+00:00","description":"La nouvelle tuerie \u00e0 Rafah a fait au moins 40 morts. Un bilan tragique dans le contexte de l'agression isra\u00e9lienne sur Gaza.","breadcrumb":{"@id":"https:\/\/www.webdo.tn\/fr\/actualite\/international\/gaza-lonu-denonce-un-systeme-de-distribution-mortel-apres-une-nouvelle-tuerie-a-rafah\/377607\/#breadcrumb"},"inLanguage":"fr-FR","potentialAction":[{"@type":"ReadAction","target":["https:\/\/www.webdo.tn\/fr\/actualite\/international\/gaza-lonu-denonce-un-systeme-de-distribution-mortel-apres-une-nouvelle-tuerie-a-rafah\/377607\/"]}]},{"@type":"ImageObject","inLanguage":"fr-FR","@id":"https:\/\/www.webdo.tn\/fr\/actualite\/international\/gaza-lonu-denonce-un-systeme-de-distribution-mortel-apres-une-nouvelle-tuerie-a-rafah\/377607\/#primaryimage","url":"https:\/\/www.webdo.tn\/fr\/wp-content\/uploads\/2025\/06\/Gaza-1.jpg","contentUrl":"https:\/\/www.webdo.tn\/fr\/wp-content\/uploads\/2025\/06\/Gaza-1.jpg","width":800,"height":532,"caption":"De la fum\u00e9e s'\u00e9l\u00e8ve apr\u00e8s des frappes isra\u00e9liennes \u00e0 Khan Youn\u00e8s, dans le sud de la bande de Gaza. \/Photo prise le 16 juin 2025 (Cr\u00e9dit : REUTERS)"},{"@type":"BreadcrumbList","@id":"https:\/\/www.webdo.tn\/fr\/actualite\/international\/gaza-lonu-denonce-un-systeme-de-distribution-mortel-apres-une-nouvelle-tuerie-a-rafah\/377607\/#breadcrumb","itemListElement":[{"@type":"ListItem","position":1,"name":"Accueil","item":"https:\/\/www.webdo.tn\/fr\/"},{"@type":"ListItem","position":2,"name":"Gaza : L\u2019ONU d\u00e9nonce un \u00ab\u00a0syst\u00e8me de distribution mortel\u00a0\u00bb apr\u00e8s une nouvelle tuerie \u00e0 Rafah"}]},{"@type":"WebSite","@id":"https:\/\/www.webdo.tn\/fr\/#website","url":"https:\/\/www.webdo.tn\/fr\/","name":"webdo","description":"Tunisie - News en Tunisie et \u00e0 l&#039;international sur Webdo.tn","publisher":{"@id":"https:\/\/www.webdo.tn\/fr\/#organization"},"potentialAction":[{"@type":"SearchAction","target":{"@type":"EntryPoint","urlTemplate":"https:\/\/www.webdo.tn\/fr\/?s={search_term_string}"},"query-input":{"@type":"PropertyValueSpecification","valueRequired":true,"valueName":"search_term_string"}}],"inLanguage":"fr-FR"},{"@type":"Organization","@id":"https:\/\/www.webdo.tn\/fr\/#organization","name":"Webdo","alternateName":"Webdo.tn","url":"https:\/\/www.webdo.tn\/fr\/","logo":{"@type":"ImageObject","inLanguage":"fr-FR","@id":"https:\/\/www.webdo.tn\/fr\/#\/schema\/logo\/image\/","url":"https:\/\/www.webdo.tn\/fr\/wp-content\/uploads\/2025\/06\/Webdo-Tunisie_168377.jpg","contentUrl":"https:\/\/www.webdo.tn\/fr\/wp-content\/uploads\/2025\/06\/Webdo-Tunisie_168377.jpg","width":301,"height":301,"caption":"Webdo"},"image":{"@id":"https:\/\/www.webdo.tn\/fr\/#\/schema\/logo\/image\/"},"sameAs":["https:\/\/www.facebook.com\/webdotn","https:\/\/x.com\/webdo_tn"],"description":"Webdo est un m\u00e9dia num\u00e9rique tunisien fond\u00e9 en 2010, sp\u00e9cialis\u00e9 dans l\u2019actualit\u00e9 nationale et internationale, l\u2019\u00e9conomie, la soci\u00e9t\u00e9 et les analyses politiques. Le site s\u2019adresse \u00e0 un large public francophone et couvre l\u2019information tunisienne en temps r\u00e9el.","email":"redac@webdo.tn","legalName":"YNJ SARL","foundingDate":"2010-09-06","numberOfEmployees":{"@type":"QuantitativeValue","minValue":"11","maxValue":"50"}},{"@type":"Person","@id":"https:\/\/www.webdo.tn\/fr\/#\/schema\/person\/c652cd8fc2b1b44412b5ffb48c5a911d","name":"Mohamed Hedi Touati","image":{"@type":"ImageObject","inLanguage":"fr-FR","@id":"https:\/\/secure.gravatar.com\/avatar\/9cfd402c745b7a685f13eed0ea6e59d2144a3c2fc50a3db6fd5ed451f6cddf1a?s=96&d=mm&r=g","url":"https:\/\/secure.gravatar.com\/avatar\/9cfd402c745b7a685f13eed0ea6e59d2144a3c2fc50a3db6fd5ed451f6cddf1a?s=96&d=mm&r=g","contentUrl":"https:\/\/secure.gravatar.com\/avatar\/9cfd402c745b7a685f13eed0ea6e59d2144a3c2fc50a3db6fd5ed451f6cddf1a?s=96&d=mm&r=g","caption":"Mohamed Hedi Touati"},"url":"https:\/\/www.webdo.tn\/fr\/actualite\/author\/mohamed-hedi-touati\/"}]}},"_links":{"self":[{"href":"https:\/\/www.webdo.tn\/fr\/wp-json\/wp\/v2\/posts\/377607","targetHints":{"allow":["GET"]}}],"collection":[{"href":"https:\/\/www.webdo.tn\/fr\/wp-json\/wp\/v2\/posts"}],"about":[{"href":"https:\/\/www.webdo.tn\/fr\/wp-json\/wp\/v2\/types\/post"}],"author":[{"embeddable":true,"href":"https:\/\/www.webdo.tn\/fr\/wp-json\/wp\/v2\/users\/3191"}],"replies":[{"embeddable":true,"href":"https:\/\/www.webdo.tn\/fr\/wp-json\/wp\/v2\/comments?post=377607"}],"version-history":[{"count":0,"href":"https:\/\/www.webdo.tn\/fr\/wp-json\/wp\/v2\/posts\/377607\/revisions"}],"wp:featuredmedia":[{"embeddable":true,"href":"https:\/\/www.webdo.tn\/fr\/wp-json\/wp\/v2\/media\/377608"}],"wp:attachment":[{"href":"https:\/\/www.webdo.tn\/fr\/wp-json\/wp\/v2\/media?parent=377607"}],"wp:term":[{"taxonomy":"category","embeddable":true,"href":"https:\/\/www.webdo.tn\/fr\/wp-json\/wp\/v2\/categories?post=377607"},{"taxonomy":"post_tag","embeddable":true,"href":"https:\/\/www.webdo.tn\/fr\/wp-json\/wp\/v2\/tags?post=377607"}],"curies":[{"name":"wp","href":"https:\/\/api.w.org\/{rel}","templated":true}]}}