{"id":377589,"date":"2025-06-16T11:41:33","date_gmt":"2025-06-16T10:41:33","guid":{"rendered":"https:\/\/www.webdo.tn\/fr\/?p=377589"},"modified":"2025-06-16T11:41:34","modified_gmt":"2025-06-16T10:41:34","slug":"salon-du-bourget-des-stands-israeliens-fermes-sur-ordre-des-autorites-francaises","status":"publish","type":"post","link":"https:\/\/www.webdo.tn\/fr\/actualite\/international\/salon-du-bourget-des-stands-israeliens-fermes-sur-ordre-des-autorites-francaises\/377589\/","title":{"rendered":"Salon du Bourget : Des stands isra\u00e9liens ferm\u00e9s sur ordre des autorit\u00e9s fran\u00e7aises"},"content":{"rendered":"\n<p><strong>Sur d\u00e9cision des autorit\u00e9s fran\u00e7aises, les quatre principaux stands isra\u00e9liens du Salon du Bourget ont \u00e9t\u00e9 ferm\u00e9s pour non-respect des r\u00e8gles de s\u00e9curit\u00e9. Une mesure qui suscite des tensions diplomatiques et interpelle sur les conditions d\u2019exposition d\u2019armements.<\/strong><\/p>\n\n\n\n<p>A la demande du gouvernement fran\u00e7ais, les organisateurs du Salon international de l\u2019a\u00e9ronautique et de l\u2019espace du Bourget (Seine-Saint-Denis) ont ferm\u00e9 les quatre principaux stands d\u2019entreprises isra\u00e9liennes, dont Elbit Systems, Rafael, IAI et Uvision.<\/p>\n\n\n\n<p>Selon une source proche du dossier, ces fermetures font suite au non-respect par les exposants isra\u00e9liens d\u2019une consigne de s\u00e9curit\u00e9 leur ordonnant de retirer certains \u00e9quipements offensifs ou \u00e0 \u00e9nergie cin\u00e9tique de leurs stands. Les espaces concern\u00e9s ont \u00e9t\u00e9 cloisonn\u00e9s \u00e0 l\u2019aide de panneaux noirs, les isolant visuellement des autres exposants.<\/p>\n\n\n\n<p>D\u2019autres stands isra\u00e9liens de moindre envergure, ne pr\u00e9sentant pas d\u2019armement, ainsi qu\u2019un stand du minist\u00e8re isra\u00e9lien de la D\u00e9fense, demeuraient ouverts au public.<\/p>\n\n\n\n<p>Dans un communiqu\u00e9, les organisateurs du salon ont pr\u00e9cis\u00e9 avoir simplement appliqu\u00e9 une directive des autorit\u00e9s fran\u00e7aises concernant le retrait de certains mat\u00e9riels expos\u00e9s. Des discussions seraient en cours pour tenter de r\u00e9soudre ce diff\u00e9rend diplomatique et commercial.<\/p>\n","protected":false},"excerpt":{"rendered":"<p>Sur d\u00e9cision des autorit\u00e9s fran\u00e7aises, les quatre principaux stands isra\u00e9liens du Salon du Bourget ont \u00e9t\u00e9 ferm\u00e9s pour non-respect des r\u00e8gles de s\u00e9curit\u00e9. Une mesure qui suscite des tensions diplomatiques et interpelle sur les conditions d\u2019exposition d\u2019armements. A la demande du gouvernement fran\u00e7ais, les organisateurs du Salon international de l\u2019a\u00e9ronautique et de l\u2019espace du Bourget [&hellip;]<\/p>\n","protected":false},"author":3191,"featured_media":377590,"comment_status":"open","ping_status":"open","sticky":false,"template":"","format":"standard","meta":{"footnotes":""},"categories":[2598],"tags":[9344,11940,2998,2636,11939],"class_list":["post-377589","post","type-post","status-publish","format-standard","has-post-thumbnail","hentry","category-international","tag-aeronautique","tag-armement","tag-france","tag-israel","tag-salon-du-bourget"],"yoast_head":"<!-- This site is optimized with the Yoast SEO Premium plugin v27.4 (Yoast SEO v27.5) - https:\/\/yoast.com\/product\/yoast-seo-premium-wordpress\/ -->\n<title>Salon du Bourget : Des stands isra\u00e9liens ferm\u00e9s sur ordre des autorit\u00e9s fran\u00e7aises - webdo<\/title>\n<meta name=\"description\" content=\"Les stands isra\u00e9liens ferm\u00e9s au Salon du Bourget suscitent des tensions. D\u00e9couvrez les raisons de cette d\u00e9cision des autorit\u00e9s.\" \/>\n<link rel=\"canonical\" href=\"https:\/\/www.webdo.tn\/fr\/actualite\/international\/salon-du-bourget-des-stands-israeliens-fermes-sur-ordre-des-autorites-francaises\/377589\/\" \/>\n<meta property=\"og:locale\" content=\"fr_FR\" \/>\n<meta property=\"og:type\" content=\"article\" \/>\n<meta property=\"og:title\" content=\"Salon du Bourget : Des stands isra\u00e9liens ferm\u00e9s sur ordre des autorit\u00e9s fran\u00e7aises\" \/>\n<meta property=\"og:description\" content=\"Les stands isra\u00e9liens ferm\u00e9s au Salon du Bourget suscitent des tensions. D\u00e9couvrez les raisons de cette d\u00e9cision des autorit\u00e9s.\" \/>\n<meta property=\"og:url\" content=\"https:\/\/www.webdo.tn\/fr\/actualite\/international\/salon-du-bourget-des-stands-israeliens-fermes-sur-ordre-des-autorites-francaises\/377589\/\" \/>\n<meta property=\"og:site_name\" content=\"webdo\" \/>\n<meta property=\"article:publisher\" content=\"https:\/\/www.facebook.com\/webdotn\" \/>\n<meta property=\"article:published_time\" content=\"2025-06-16T10:41:33+00:00\" \/>\n<meta property=\"article:modified_time\" content=\"2025-06-16T10:41:34+00:00\" \/>\n<meta property=\"og:image\" content=\"https:\/\/www.webdo.tn\/fr\/wp-content\/uploads\/2025\/06\/stand-israelien.jpg\" \/>\n\t<meta property=\"og:image:width\" content=\"1080\" \/>\n\t<meta property=\"og:image:height\" content=\"642\" \/>\n\t<meta property=\"og:image:type\" content=\"image\/jpeg\" \/>\n<meta name=\"author\" content=\"Mohamed Hedi Touati\" \/>\n<meta name=\"twitter:card\" content=\"summary_large_image\" \/>\n<meta name=\"twitter:creator\" content=\"@webdo_tn\" \/>\n<meta name=\"twitter:site\" content=\"@webdo_tn\" \/>\n<meta name=\"twitter:label1\" content=\"\u00c9crit par\" \/>\n\t<meta name=\"twitter:data1\" content=\"Mohamed Hedi Touati\" \/>\n\t<meta name=\"twitter:label2\" content=\"Dur\u00e9e de lecture estim\u00e9e\" \/>\n\t<meta name=\"twitter:data2\" content=\"2 minutes\" \/>\n<script type=\"application\/ld+json\" class=\"yoast-schema-graph\">{\"@context\":\"https:\\\/\\\/schema.org\",\"@graph\":[{\"@type\":\"NewsArticle\",\"@id\":\"https:\\\/\\\/www.webdo.tn\\\/fr\\\/actualite\\\/international\\\/salon-du-bourget-des-stands-israeliens-fermes-sur-ordre-des-autorites-francaises\\\/377589\\\/#article\",\"isPartOf\":{\"@id\":\"https:\\\/\\\/www.webdo.tn\\\/fr\\\/actualite\\\/international\\\/salon-du-bourget-des-stands-israeliens-fermes-sur-ordre-des-autorites-francaises\\\/377589\\\/\"},\"author\":{\"name\":\"Mohamed Hedi Touati\",\"@id\":\"https:\\\/\\\/www.webdo.tn\\\/fr\\\/#\\\/schema\\\/person\\\/c652cd8fc2b1b44412b5ffb48c5a911d\"},\"headline\":\"Salon du Bourget : Des stands isra\u00e9liens ferm\u00e9s sur ordre des autorit\u00e9s fran\u00e7aises\",\"datePublished\":\"2025-06-16T10:41:33+00:00\",\"dateModified\":\"2025-06-16T10:41:34+00:00\",\"mainEntityOfPage\":{\"@id\":\"https:\\\/\\\/www.webdo.tn\\\/fr\\\/actualite\\\/international\\\/salon-du-bourget-des-stands-israeliens-fermes-sur-ordre-des-autorites-francaises\\\/377589\\\/\"},\"wordCount\":234,\"commentCount\":0,\"publisher\":{\"@id\":\"https:\\\/\\\/www.webdo.tn\\\/fr\\\/#organization\"},\"image\":{\"@id\":\"https:\\\/\\\/www.webdo.tn\\\/fr\\\/actualite\\\/international\\\/salon-du-bourget-des-stands-israeliens-fermes-sur-ordre-des-autorites-francaises\\\/377589\\\/#primaryimage\"},\"thumbnailUrl\":\"https:\\\/\\\/www.webdo.tn\\\/fr\\\/wp-content\\\/uploads\\\/2025\\\/06\\\/stand-israelien.jpg\",\"keywords\":[\"a\u00e9ronautique\",\"armement\",\"france\",\"isra\u00ebl\",\"salon du bourget\"],\"articleSection\":[\"International\"],\"inLanguage\":\"fr-FR\"},{\"@type\":\"WebPage\",\"@id\":\"https:\\\/\\\/www.webdo.tn\\\/fr\\\/actualite\\\/international\\\/salon-du-bourget-des-stands-israeliens-fermes-sur-ordre-des-autorites-francaises\\\/377589\\\/\",\"url\":\"https:\\\/\\\/www.webdo.tn\\\/fr\\\/actualite\\\/international\\\/salon-du-bourget-des-stands-israeliens-fermes-sur-ordre-des-autorites-francaises\\\/377589\\\/\",\"name\":\"Salon du Bourget : Des stands isra\u00e9liens ferm\u00e9s sur ordre des autorit\u00e9s fran\u00e7aises - webdo\",\"isPartOf\":{\"@id\":\"https:\\\/\\\/www.webdo.tn\\\/fr\\\/#website\"},\"primaryImageOfPage\":{\"@id\":\"https:\\\/\\\/www.webdo.tn\\\/fr\\\/actualite\\\/international\\\/salon-du-bourget-des-stands-israeliens-fermes-sur-ordre-des-autorites-francaises\\\/377589\\\/#primaryimage\"},\"image\":{\"@id\":\"https:\\\/\\\/www.webdo.tn\\\/fr\\\/actualite\\\/international\\\/salon-du-bourget-des-stands-israeliens-fermes-sur-ordre-des-autorites-francaises\\\/377589\\\/#primaryimage\"},\"thumbnailUrl\":\"https:\\\/\\\/www.webdo.tn\\\/fr\\\/wp-content\\\/uploads\\\/2025\\\/06\\\/stand-israelien.jpg\",\"datePublished\":\"2025-06-16T10:41:33+00:00\",\"dateModified\":\"2025-06-16T10:41:34+00:00\",\"description\":\"Les stands isra\u00e9liens ferm\u00e9s au Salon du Bourget suscitent des tensions. D\u00e9couvrez les raisons de cette d\u00e9cision des autorit\u00e9s.\",\"breadcrumb\":{\"@id\":\"https:\\\/\\\/www.webdo.tn\\\/fr\\\/actualite\\\/international\\\/salon-du-bourget-des-stands-israeliens-fermes-sur-ordre-des-autorites-francaises\\\/377589\\\/#breadcrumb\"},\"inLanguage\":\"fr-FR\",\"potentialAction\":[{\"@type\":\"ReadAction\",\"target\":[\"https:\\\/\\\/www.webdo.tn\\\/fr\\\/actualite\\\/international\\\/salon-du-bourget-des-stands-israeliens-fermes-sur-ordre-des-autorites-francaises\\\/377589\\\/\"]}]},{\"@type\":\"ImageObject\",\"inLanguage\":\"fr-FR\",\"@id\":\"https:\\\/\\\/www.webdo.tn\\\/fr\\\/actualite\\\/international\\\/salon-du-bourget-des-stands-israeliens-fermes-sur-ordre-des-autorites-francaises\\\/377589\\\/#primaryimage\",\"url\":\"https:\\\/\\\/www.webdo.tn\\\/fr\\\/wp-content\\\/uploads\\\/2025\\\/06\\\/stand-israelien.jpg\",\"contentUrl\":\"https:\\\/\\\/www.webdo.tn\\\/fr\\\/wp-content\\\/uploads\\\/2025\\\/06\\\/stand-israelien.jpg\",\"width\":1080,\"height\":642},{\"@type\":\"BreadcrumbList\",\"@id\":\"https:\\\/\\\/www.webdo.tn\\\/fr\\\/actualite\\\/international\\\/salon-du-bourget-des-stands-israeliens-fermes-sur-ordre-des-autorites-francaises\\\/377589\\\/#breadcrumb\",\"itemListElement\":[{\"@type\":\"ListItem\",\"position\":1,\"name\":\"Accueil\",\"item\":\"https:\\\/\\\/www.webdo.tn\\\/fr\\\/\"},{\"@type\":\"ListItem\",\"position\":2,\"name\":\"Salon du Bourget : Des stands isra\u00e9liens ferm\u00e9s sur ordre des autorit\u00e9s fran\u00e7aises\"}]},{\"@type\":\"WebSite\",\"@id\":\"https:\\\/\\\/www.webdo.tn\\\/fr\\\/#website\",\"url\":\"https:\\\/\\\/www.webdo.tn\\\/fr\\\/\",\"name\":\"webdo\",\"description\":\"Tunisie - News en Tunisie et \u00e0 l&#039;international sur Webdo.tn\",\"publisher\":{\"@id\":\"https:\\\/\\\/www.webdo.tn\\\/fr\\\/#organization\"},\"potentialAction\":[{\"@type\":\"SearchAction\",\"target\":{\"@type\":\"EntryPoint\",\"urlTemplate\":\"https:\\\/\\\/www.webdo.tn\\\/fr\\\/?s={search_term_string}\"},\"query-input\":{\"@type\":\"PropertyValueSpecification\",\"valueRequired\":true,\"valueName\":\"search_term_string\"}}],\"inLanguage\":\"fr-FR\"},{\"@type\":\"Organization\",\"@id\":\"https:\\\/\\\/www.webdo.tn\\\/fr\\\/#organization\",\"name\":\"Webdo\",\"alternateName\":\"Webdo.tn\",\"url\":\"https:\\\/\\\/www.webdo.tn\\\/fr\\\/\",\"logo\":{\"@type\":\"ImageObject\",\"inLanguage\":\"fr-FR\",\"@id\":\"https:\\\/\\\/www.webdo.tn\\\/fr\\\/#\\\/schema\\\/logo\\\/image\\\/\",\"url\":\"https:\\\/\\\/www.webdo.tn\\\/fr\\\/wp-content\\\/uploads\\\/2025\\\/06\\\/Webdo-Tunisie_168377.jpg\",\"contentUrl\":\"https:\\\/\\\/www.webdo.tn\\\/fr\\\/wp-content\\\/uploads\\\/2025\\\/06\\\/Webdo-Tunisie_168377.jpg\",\"width\":301,\"height\":301,\"caption\":\"Webdo\"},\"image\":{\"@id\":\"https:\\\/\\\/www.webdo.tn\\\/fr\\\/#\\\/schema\\\/logo\\\/image\\\/\"},\"sameAs\":[\"https:\\\/\\\/www.facebook.com\\\/webdotn\",\"https:\\\/\\\/x.com\\\/webdo_tn\"],\"description\":\"Webdo est un m\u00e9dia num\u00e9rique tunisien fond\u00e9 en 2010, sp\u00e9cialis\u00e9 dans l\u2019actualit\u00e9 nationale et internationale, l\u2019\u00e9conomie, la soci\u00e9t\u00e9 et les analyses politiques. Le site s\u2019adresse \u00e0 un large public francophone et couvre l\u2019information tunisienne en temps r\u00e9el.\",\"email\":\"redac@webdo.tn\",\"legalName\":\"YNJ SARL\",\"foundingDate\":\"2010-09-06\",\"numberOfEmployees\":{\"@type\":\"QuantitativeValue\",\"minValue\":\"11\",\"maxValue\":\"50\"}},{\"@type\":\"Person\",\"@id\":\"https:\\\/\\\/www.webdo.tn\\\/fr\\\/#\\\/schema\\\/person\\\/c652cd8fc2b1b44412b5ffb48c5a911d\",\"name\":\"Mohamed Hedi Touati\",\"image\":{\"@type\":\"ImageObject\",\"inLanguage\":\"fr-FR\",\"@id\":\"https:\\\/\\\/secure.gravatar.com\\\/avatar\\\/9cfd402c745b7a685f13eed0ea6e59d2144a3c2fc50a3db6fd5ed451f6cddf1a?s=96&d=mm&r=g\",\"url\":\"https:\\\/\\\/secure.gravatar.com\\\/avatar\\\/9cfd402c745b7a685f13eed0ea6e59d2144a3c2fc50a3db6fd5ed451f6cddf1a?s=96&d=mm&r=g\",\"contentUrl\":\"https:\\\/\\\/secure.gravatar.com\\\/avatar\\\/9cfd402c745b7a685f13eed0ea6e59d2144a3c2fc50a3db6fd5ed451f6cddf1a?s=96&d=mm&r=g\",\"caption\":\"Mohamed Hedi Touati\"},\"url\":\"https:\\\/\\\/www.webdo.tn\\\/fr\\\/actualite\\\/author\\\/mohamed-hedi-touati\\\/\"}]}<\/script>\n<!-- \/ Yoast SEO Premium plugin. -->","yoast_head_json":{"title":"Salon du Bourget : Des stands isra\u00e9liens ferm\u00e9s sur ordre des autorit\u00e9s fran\u00e7aises - webdo","description":"Les stands isra\u00e9liens ferm\u00e9s au Salon du Bourget suscitent des tensions. D\u00e9couvrez les raisons de cette d\u00e9cision des autorit\u00e9s.","canonical":"https:\/\/www.webdo.tn\/fr\/actualite\/international\/salon-du-bourget-des-stands-israeliens-fermes-sur-ordre-des-autorites-francaises\/377589\/","og_locale":"fr_FR","og_type":"article","og_title":"Salon du Bourget : Des stands isra\u00e9liens ferm\u00e9s sur ordre des autorit\u00e9s fran\u00e7aises","og_description":"Les stands isra\u00e9liens ferm\u00e9s au Salon du Bourget suscitent des tensions. D\u00e9couvrez les raisons de cette d\u00e9cision des autorit\u00e9s.","og_url":"https:\/\/www.webdo.tn\/fr\/actualite\/international\/salon-du-bourget-des-stands-israeliens-fermes-sur-ordre-des-autorites-francaises\/377589\/","og_site_name":"webdo","article_publisher":"https:\/\/www.facebook.com\/webdotn","article_published_time":"2025-06-16T10:41:33+00:00","article_modified_time":"2025-06-16T10:41:34+00:00","og_image":[{"width":1080,"height":642,"url":"https:\/\/www.webdo.tn\/fr\/wp-content\/uploads\/2025\/06\/stand-israelien.jpg","type":"image\/jpeg"}],"author":"Mohamed Hedi Touati","twitter_card":"summary_large_image","twitter_creator":"@webdo_tn","twitter_site":"@webdo_tn","twitter_misc":{"\u00c9crit par":"Mohamed Hedi Touati","Dur\u00e9e de lecture estim\u00e9e":"2 minutes"},"schema":{"@context":"https:\/\/schema.org","@graph":[{"@type":"NewsArticle","@id":"https:\/\/www.webdo.tn\/fr\/actualite\/international\/salon-du-bourget-des-stands-israeliens-fermes-sur-ordre-des-autorites-francaises\/377589\/#article","isPartOf":{"@id":"https:\/\/www.webdo.tn\/fr\/actualite\/international\/salon-du-bourget-des-stands-israeliens-fermes-sur-ordre-des-autorites-francaises\/377589\/"},"author":{"name":"Mohamed Hedi Touati","@id":"https:\/\/www.webdo.tn\/fr\/#\/schema\/person\/c652cd8fc2b1b44412b5ffb48c5a911d"},"headline":"Salon du Bourget : Des stands isra\u00e9liens ferm\u00e9s sur ordre des autorit\u00e9s fran\u00e7aises","datePublished":"2025-06-16T10:41:33+00:00","dateModified":"2025-06-16T10:41:34+00:00","mainEntityOfPage":{"@id":"https:\/\/www.webdo.tn\/fr\/actualite\/international\/salon-du-bourget-des-stands-israeliens-fermes-sur-ordre-des-autorites-francaises\/377589\/"},"wordCount":234,"commentCount":0,"publisher":{"@id":"https:\/\/www.webdo.tn\/fr\/#organization"},"image":{"@id":"https:\/\/www.webdo.tn\/fr\/actualite\/international\/salon-du-bourget-des-stands-israeliens-fermes-sur-ordre-des-autorites-francaises\/377589\/#primaryimage"},"thumbnailUrl":"https:\/\/www.webdo.tn\/fr\/wp-content\/uploads\/2025\/06\/stand-israelien.jpg","keywords":["a\u00e9ronautique","armement","france","isra\u00ebl","salon du bourget"],"articleSection":["International"],"inLanguage":"fr-FR"},{"@type":"WebPage","@id":"https:\/\/www.webdo.tn\/fr\/actualite\/international\/salon-du-bourget-des-stands-israeliens-fermes-sur-ordre-des-autorites-francaises\/377589\/","url":"https:\/\/www.webdo.tn\/fr\/actualite\/international\/salon-du-bourget-des-stands-israeliens-fermes-sur-ordre-des-autorites-francaises\/377589\/","name":"Salon du Bourget : Des stands isra\u00e9liens ferm\u00e9s sur ordre des autorit\u00e9s fran\u00e7aises - webdo","isPartOf":{"@id":"https:\/\/www.webdo.tn\/fr\/#website"},"primaryImageOfPage":{"@id":"https:\/\/www.webdo.tn\/fr\/actualite\/international\/salon-du-bourget-des-stands-israeliens-fermes-sur-ordre-des-autorites-francaises\/377589\/#primaryimage"},"image":{"@id":"https:\/\/www.webdo.tn\/fr\/actualite\/international\/salon-du-bourget-des-stands-israeliens-fermes-sur-ordre-des-autorites-francaises\/377589\/#primaryimage"},"thumbnailUrl":"https:\/\/www.webdo.tn\/fr\/wp-content\/uploads\/2025\/06\/stand-israelien.jpg","datePublished":"2025-06-16T10:41:33+00:00","dateModified":"2025-06-16T10:41:34+00:00","description":"Les stands isra\u00e9liens ferm\u00e9s au Salon du Bourget suscitent des tensions. D\u00e9couvrez les raisons de cette d\u00e9cision des autorit\u00e9s.","breadcrumb":{"@id":"https:\/\/www.webdo.tn\/fr\/actualite\/international\/salon-du-bourget-des-stands-israeliens-fermes-sur-ordre-des-autorites-francaises\/377589\/#breadcrumb"},"inLanguage":"fr-FR","potentialAction":[{"@type":"ReadAction","target":["https:\/\/www.webdo.tn\/fr\/actualite\/international\/salon-du-bourget-des-stands-israeliens-fermes-sur-ordre-des-autorites-francaises\/377589\/"]}]},{"@type":"ImageObject","inLanguage":"fr-FR","@id":"https:\/\/www.webdo.tn\/fr\/actualite\/international\/salon-du-bourget-des-stands-israeliens-fermes-sur-ordre-des-autorites-francaises\/377589\/#primaryimage","url":"https:\/\/www.webdo.tn\/fr\/wp-content\/uploads\/2025\/06\/stand-israelien.jpg","contentUrl":"https:\/\/www.webdo.tn\/fr\/wp-content\/uploads\/2025\/06\/stand-israelien.jpg","width":1080,"height":642},{"@type":"BreadcrumbList","@id":"https:\/\/www.webdo.tn\/fr\/actualite\/international\/salon-du-bourget-des-stands-israeliens-fermes-sur-ordre-des-autorites-francaises\/377589\/#breadcrumb","itemListElement":[{"@type":"ListItem","position":1,"name":"Accueil","item":"https:\/\/www.webdo.tn\/fr\/"},{"@type":"ListItem","position":2,"name":"Salon du Bourget : Des stands isra\u00e9liens ferm\u00e9s sur ordre des autorit\u00e9s fran\u00e7aises"}]},{"@type":"WebSite","@id":"https:\/\/www.webdo.tn\/fr\/#website","url":"https:\/\/www.webdo.tn\/fr\/","name":"webdo","description":"Tunisie - News en Tunisie et \u00e0 l&#039;international sur Webdo.tn","publisher":{"@id":"https:\/\/www.webdo.tn\/fr\/#organization"},"potentialAction":[{"@type":"SearchAction","target":{"@type":"EntryPoint","urlTemplate":"https:\/\/www.webdo.tn\/fr\/?s={search_term_string}"},"query-input":{"@type":"PropertyValueSpecification","valueRequired":true,"valueName":"search_term_string"}}],"inLanguage":"fr-FR"},{"@type":"Organization","@id":"https:\/\/www.webdo.tn\/fr\/#organization","name":"Webdo","alternateName":"Webdo.tn","url":"https:\/\/www.webdo.tn\/fr\/","logo":{"@type":"ImageObject","inLanguage":"fr-FR","@id":"https:\/\/www.webdo.tn\/fr\/#\/schema\/logo\/image\/","url":"https:\/\/www.webdo.tn\/fr\/wp-content\/uploads\/2025\/06\/Webdo-Tunisie_168377.jpg","contentUrl":"https:\/\/www.webdo.tn\/fr\/wp-content\/uploads\/2025\/06\/Webdo-Tunisie_168377.jpg","width":301,"height":301,"caption":"Webdo"},"image":{"@id":"https:\/\/www.webdo.tn\/fr\/#\/schema\/logo\/image\/"},"sameAs":["https:\/\/www.facebook.com\/webdotn","https:\/\/x.com\/webdo_tn"],"description":"Webdo est un m\u00e9dia num\u00e9rique tunisien fond\u00e9 en 2010, sp\u00e9cialis\u00e9 dans l\u2019actualit\u00e9 nationale et internationale, l\u2019\u00e9conomie, la soci\u00e9t\u00e9 et les analyses politiques. Le site s\u2019adresse \u00e0 un large public francophone et couvre l\u2019information tunisienne en temps r\u00e9el.","email":"redac@webdo.tn","legalName":"YNJ SARL","foundingDate":"2010-09-06","numberOfEmployees":{"@type":"QuantitativeValue","minValue":"11","maxValue":"50"}},{"@type":"Person","@id":"https:\/\/www.webdo.tn\/fr\/#\/schema\/person\/c652cd8fc2b1b44412b5ffb48c5a911d","name":"Mohamed Hedi Touati","image":{"@type":"ImageObject","inLanguage":"fr-FR","@id":"https:\/\/secure.gravatar.com\/avatar\/9cfd402c745b7a685f13eed0ea6e59d2144a3c2fc50a3db6fd5ed451f6cddf1a?s=96&d=mm&r=g","url":"https:\/\/secure.gravatar.com\/avatar\/9cfd402c745b7a685f13eed0ea6e59d2144a3c2fc50a3db6fd5ed451f6cddf1a?s=96&d=mm&r=g","contentUrl":"https:\/\/secure.gravatar.com\/avatar\/9cfd402c745b7a685f13eed0ea6e59d2144a3c2fc50a3db6fd5ed451f6cddf1a?s=96&d=mm&r=g","caption":"Mohamed Hedi Touati"},"url":"https:\/\/www.webdo.tn\/fr\/actualite\/author\/mohamed-hedi-touati\/"}]}},"_links":{"self":[{"href":"https:\/\/www.webdo.tn\/fr\/wp-json\/wp\/v2\/posts\/377589","targetHints":{"allow":["GET"]}}],"collection":[{"href":"https:\/\/www.webdo.tn\/fr\/wp-json\/wp\/v2\/posts"}],"about":[{"href":"https:\/\/www.webdo.tn\/fr\/wp-json\/wp\/v2\/types\/post"}],"author":[{"embeddable":true,"href":"https:\/\/www.webdo.tn\/fr\/wp-json\/wp\/v2\/users\/3191"}],"replies":[{"embeddable":true,"href":"https:\/\/www.webdo.tn\/fr\/wp-json\/wp\/v2\/comments?post=377589"}],"version-history":[{"count":0,"href":"https:\/\/www.webdo.tn\/fr\/wp-json\/wp\/v2\/posts\/377589\/revisions"}],"wp:featuredmedia":[{"embeddable":true,"href":"https:\/\/www.webdo.tn\/fr\/wp-json\/wp\/v2\/media\/377590"}],"wp:attachment":[{"href":"https:\/\/www.webdo.tn\/fr\/wp-json\/wp\/v2\/media?parent=377589"}],"wp:term":[{"taxonomy":"category","embeddable":true,"href":"https:\/\/www.webdo.tn\/fr\/wp-json\/wp\/v2\/categories?post=377589"},{"taxonomy":"post_tag","embeddable":true,"href":"https:\/\/www.webdo.tn\/fr\/wp-json\/wp\/v2\/tags?post=377589"}],"curies":[{"name":"wp","href":"https:\/\/api.w.org\/{rel}","templated":true}]}}