{"id":377586,"date":"2025-06-16T11:00:25","date_gmt":"2025-06-16T10:00:25","guid":{"rendered":"https:\/\/www.webdo.tn\/fr\/?p=377586"},"modified":"2025-06-17T09:07:18","modified_gmt":"2025-06-17T08:07:18","slug":"tunisie-le-proces-de-lavocate-sonia-dahmani-reporte-au-30-juin","status":"publish","type":"post","link":"https:\/\/www.webdo.tn\/fr\/actualite\/national\/tunisie-le-proces-de-lavocate-sonia-dahmani-reporte-au-30-juin\/377586\/","title":{"rendered":"Tunisie\u00a0: Le proc\u00e8s de l\u2019avocate Sonia Dahmani report\u00e9 au 30 juin"},"content":{"rendered":"\n<p><strong>Poursuivie pour usage abusif des r\u00e9seaux num\u00e9riques et diffusion de fausses informations, l\u2019avocate Sonia Dahmani voit son proc\u00e8s report\u00e9 au 30 juin, sur demande de sa d\u00e9fense. La justice annonce qu\u2019il s\u2019agit d\u2019un dernier report.<\/strong><\/p>\n\n\n\n<p>Le proc\u00e8s de l\u2019avocate et chroniqueuse Sonia Dahmani, initialement pr\u00e9vu ce lundi 16 juin 2025, a \u00e9t\u00e9 report\u00e9 au 30 juin. La sixi\u00e8me chambre correctionnelle du tribunal de premi\u00e8re instance de Tunis a acc\u00e9d\u00e9 \u00e0 la demande de la d\u00e9fense, en pr\u00e9cisant qu\u2019il s\u2019agit d\u2019un ajournement final.<\/p>\n\n\n\n<p>Sonia Dahmani est poursuivie pour des accusations en lien avec l\u2019utilisation de r\u00e9seaux et syst\u00e8mes d\u2019information et de communication, la production et la diffusion de fausses rumeurs, ainsi que pour avoir port\u00e9 atteinte \u00e0 autrui \u00e0 travers ces m\u00eames moyens num\u00e9riques.<\/p>\n","protected":false},"excerpt":{"rendered":"<p>Poursuivie pour usage abusif des r\u00e9seaux num\u00e9riques et diffusion de fausses informations, l\u2019avocate Sonia Dahmani voit son proc\u00e8s report\u00e9 au 30 juin, sur demande de sa d\u00e9fense. La justice annonce qu\u2019il s\u2019agit d\u2019un dernier report. Le proc\u00e8s de l\u2019avocate et chroniqueuse Sonia Dahmani, initialement pr\u00e9vu ce lundi 16 juin 2025, a \u00e9t\u00e9 report\u00e9 au 30 [&hellip;]<\/p>\n","protected":false},"author":3191,"featured_media":377587,"comment_status":"open","ping_status":"open","sticky":false,"template":"","format":"standard","meta":{"footnotes":""},"categories":[44],"tags":[2619,3313,2608],"class_list":["post-377586","post","type-post","status-publish","format-standard","has-post-thumbnail","hentry","category-national","tag-justice","tag-sonia-dahmani","tag-tunisie"],"yoast_head":"<!-- This site is optimized with the Yoast SEO Premium plugin v27.5 (Yoast SEO v27.5) - https:\/\/yoast.com\/product\/yoast-seo-premium-wordpress\/ -->\n<title>Tunisie\u00a0: Le proc\u00e8s de l\u2019avocate Sonia Dahmani report\u00e9 au 30 juin - webdo<\/title>\n<meta name=\"description\" content=\"Le proc\u00e8s de Sonia Dahmani, avocate accus\u00e9e de diffusion de fausses informations, est report\u00e9 au 30 juin 2025.\" \/>\n<link rel=\"canonical\" href=\"https:\/\/www.webdo.tn\/fr\/actualite\/national\/tunisie-le-proces-de-lavocate-sonia-dahmani-reporte-au-30-juin\/377586\/\" \/>\n<meta property=\"og:locale\" content=\"fr_FR\" \/>\n<meta property=\"og:type\" content=\"article\" \/>\n<meta property=\"og:title\" content=\"Tunisie\u00a0: Le proc\u00e8s de l\u2019avocate Sonia Dahmani report\u00e9 au 30 juin\" \/>\n<meta property=\"og:description\" content=\"Le proc\u00e8s de Sonia Dahmani, avocate accus\u00e9e de diffusion de fausses informations, est report\u00e9 au 30 juin 2025.\" \/>\n<meta property=\"og:url\" content=\"https:\/\/www.webdo.tn\/fr\/actualite\/national\/tunisie-le-proces-de-lavocate-sonia-dahmani-reporte-au-30-juin\/377586\/\" \/>\n<meta property=\"og:site_name\" content=\"webdo\" \/>\n<meta property=\"article:publisher\" content=\"https:\/\/www.facebook.com\/webdotn\" \/>\n<meta property=\"article:published_time\" content=\"2025-06-16T10:00:25+00:00\" \/>\n<meta property=\"article:modified_time\" content=\"2025-06-17T08:07:18+00:00\" \/>\n<meta property=\"og:image\" content=\"https:\/\/www.webdo.tn\/fr\/wp-content\/uploads\/2025\/06\/sonia-dahmani-1.jpg\" \/>\n\t<meta property=\"og:image:width\" content=\"800\" \/>\n\t<meta property=\"og:image:height\" content=\"400\" \/>\n\t<meta property=\"og:image:type\" content=\"image\/jpeg\" \/>\n<meta name=\"author\" content=\"Mohamed Hedi Touati\" \/>\n<meta name=\"twitter:card\" content=\"summary_large_image\" \/>\n<meta name=\"twitter:creator\" content=\"@webdo_tn\" \/>\n<meta name=\"twitter:site\" content=\"@webdo_tn\" \/>\n<meta name=\"twitter:label1\" content=\"\u00c9crit par\" \/>\n\t<meta name=\"twitter:data1\" content=\"Mohamed Hedi Touati\" \/>\n\t<meta name=\"twitter:label2\" content=\"Dur\u00e9e de lecture estim\u00e9e\" \/>\n\t<meta name=\"twitter:data2\" content=\"1 minute\" \/>\n<script type=\"application\/ld+json\" class=\"yoast-schema-graph\">{\"@context\":\"https:\\\/\\\/schema.org\",\"@graph\":[{\"@type\":\"NewsArticle\",\"@id\":\"https:\\\/\\\/www.webdo.tn\\\/fr\\\/actualite\\\/national\\\/tunisie-le-proces-de-lavocate-sonia-dahmani-reporte-au-30-juin\\\/377586\\\/#article\",\"isPartOf\":{\"@id\":\"https:\\\/\\\/www.webdo.tn\\\/fr\\\/actualite\\\/national\\\/tunisie-le-proces-de-lavocate-sonia-dahmani-reporte-au-30-juin\\\/377586\\\/\"},\"author\":{\"name\":\"Mohamed Hedi Touati\",\"@id\":\"https:\\\/\\\/www.webdo.tn\\\/fr\\\/#\\\/schema\\\/person\\\/c652cd8fc2b1b44412b5ffb48c5a911d\"},\"headline\":\"Tunisie\u00a0: Le proc\u00e8s de l\u2019avocate Sonia Dahmani report\u00e9 au 30 juin\",\"datePublished\":\"2025-06-16T10:00:25+00:00\",\"dateModified\":\"2025-06-17T08:07:18+00:00\",\"mainEntityOfPage\":{\"@id\":\"https:\\\/\\\/www.webdo.tn\\\/fr\\\/actualite\\\/national\\\/tunisie-le-proces-de-lavocate-sonia-dahmani-reporte-au-30-juin\\\/377586\\\/\"},\"wordCount\":153,\"commentCount\":0,\"publisher\":{\"@id\":\"https:\\\/\\\/www.webdo.tn\\\/fr\\\/#organization\"},\"image\":{\"@id\":\"https:\\\/\\\/www.webdo.tn\\\/fr\\\/actualite\\\/national\\\/tunisie-le-proces-de-lavocate-sonia-dahmani-reporte-au-30-juin\\\/377586\\\/#primaryimage\"},\"thumbnailUrl\":\"https:\\\/\\\/www.webdo.tn\\\/fr\\\/wp-content\\\/uploads\\\/2025\\\/06\\\/sonia-dahmani-1.jpg\",\"keywords\":[\"justice\",\"sonia dahmani\",\"Tunisie\"],\"articleSection\":[\"National\"],\"inLanguage\":\"fr-FR\"},{\"@type\":\"WebPage\",\"@id\":\"https:\\\/\\\/www.webdo.tn\\\/fr\\\/actualite\\\/national\\\/tunisie-le-proces-de-lavocate-sonia-dahmani-reporte-au-30-juin\\\/377586\\\/\",\"url\":\"https:\\\/\\\/www.webdo.tn\\\/fr\\\/actualite\\\/national\\\/tunisie-le-proces-de-lavocate-sonia-dahmani-reporte-au-30-juin\\\/377586\\\/\",\"name\":\"Tunisie\u00a0: Le proc\u00e8s de l\u2019avocate Sonia Dahmani report\u00e9 au 30 juin - webdo\",\"isPartOf\":{\"@id\":\"https:\\\/\\\/www.webdo.tn\\\/fr\\\/#website\"},\"primaryImageOfPage\":{\"@id\":\"https:\\\/\\\/www.webdo.tn\\\/fr\\\/actualite\\\/national\\\/tunisie-le-proces-de-lavocate-sonia-dahmani-reporte-au-30-juin\\\/377586\\\/#primaryimage\"},\"image\":{\"@id\":\"https:\\\/\\\/www.webdo.tn\\\/fr\\\/actualite\\\/national\\\/tunisie-le-proces-de-lavocate-sonia-dahmani-reporte-au-30-juin\\\/377586\\\/#primaryimage\"},\"thumbnailUrl\":\"https:\\\/\\\/www.webdo.tn\\\/fr\\\/wp-content\\\/uploads\\\/2025\\\/06\\\/sonia-dahmani-1.jpg\",\"datePublished\":\"2025-06-16T10:00:25+00:00\",\"dateModified\":\"2025-06-17T08:07:18+00:00\",\"description\":\"Le proc\u00e8s de Sonia Dahmani, avocate accus\u00e9e de diffusion de fausses informations, est report\u00e9 au 30 juin 2025.\",\"breadcrumb\":{\"@id\":\"https:\\\/\\\/www.webdo.tn\\\/fr\\\/actualite\\\/national\\\/tunisie-le-proces-de-lavocate-sonia-dahmani-reporte-au-30-juin\\\/377586\\\/#breadcrumb\"},\"inLanguage\":\"fr-FR\",\"potentialAction\":[{\"@type\":\"ReadAction\",\"target\":[\"https:\\\/\\\/www.webdo.tn\\\/fr\\\/actualite\\\/national\\\/tunisie-le-proces-de-lavocate-sonia-dahmani-reporte-au-30-juin\\\/377586\\\/\"]}]},{\"@type\":\"ImageObject\",\"inLanguage\":\"fr-FR\",\"@id\":\"https:\\\/\\\/www.webdo.tn\\\/fr\\\/actualite\\\/national\\\/tunisie-le-proces-de-lavocate-sonia-dahmani-reporte-au-30-juin\\\/377586\\\/#primaryimage\",\"url\":\"https:\\\/\\\/www.webdo.tn\\\/fr\\\/wp-content\\\/uploads\\\/2025\\\/06\\\/sonia-dahmani-1.jpg\",\"contentUrl\":\"https:\\\/\\\/www.webdo.tn\\\/fr\\\/wp-content\\\/uploads\\\/2025\\\/06\\\/sonia-dahmani-1.jpg\",\"width\":800,\"height\":400},{\"@type\":\"BreadcrumbList\",\"@id\":\"https:\\\/\\\/www.webdo.tn\\\/fr\\\/actualite\\\/national\\\/tunisie-le-proces-de-lavocate-sonia-dahmani-reporte-au-30-juin\\\/377586\\\/#breadcrumb\",\"itemListElement\":[{\"@type\":\"ListItem\",\"position\":1,\"name\":\"Accueil\",\"item\":\"https:\\\/\\\/www.webdo.tn\\\/fr\\\/\"},{\"@type\":\"ListItem\",\"position\":2,\"name\":\"Tunisie\u00a0: Le proc\u00e8s de l\u2019avocate Sonia Dahmani report\u00e9 au 30 juin\"}]},{\"@type\":\"WebSite\",\"@id\":\"https:\\\/\\\/www.webdo.tn\\\/fr\\\/#website\",\"url\":\"https:\\\/\\\/www.webdo.tn\\\/fr\\\/\",\"name\":\"webdo\",\"description\":\"Tunisie - News en Tunisie et \u00e0 l&#039;international sur Webdo.tn\",\"publisher\":{\"@id\":\"https:\\\/\\\/www.webdo.tn\\\/fr\\\/#organization\"},\"potentialAction\":[{\"@type\":\"SearchAction\",\"target\":{\"@type\":\"EntryPoint\",\"urlTemplate\":\"https:\\\/\\\/www.webdo.tn\\\/fr\\\/?s={search_term_string}\"},\"query-input\":{\"@type\":\"PropertyValueSpecification\",\"valueRequired\":true,\"valueName\":\"search_term_string\"}}],\"inLanguage\":\"fr-FR\"},{\"@type\":\"Organization\",\"@id\":\"https:\\\/\\\/www.webdo.tn\\\/fr\\\/#organization\",\"name\":\"Webdo\",\"alternateName\":\"Webdo.tn\",\"url\":\"https:\\\/\\\/www.webdo.tn\\\/fr\\\/\",\"logo\":{\"@type\":\"ImageObject\",\"inLanguage\":\"fr-FR\",\"@id\":\"https:\\\/\\\/www.webdo.tn\\\/fr\\\/#\\\/schema\\\/logo\\\/image\\\/\",\"url\":\"https:\\\/\\\/www.webdo.tn\\\/fr\\\/wp-content\\\/uploads\\\/2025\\\/06\\\/Webdo-Tunisie_168377.jpg\",\"contentUrl\":\"https:\\\/\\\/www.webdo.tn\\\/fr\\\/wp-content\\\/uploads\\\/2025\\\/06\\\/Webdo-Tunisie_168377.jpg\",\"width\":301,\"height\":301,\"caption\":\"Webdo\"},\"image\":{\"@id\":\"https:\\\/\\\/www.webdo.tn\\\/fr\\\/#\\\/schema\\\/logo\\\/image\\\/\"},\"sameAs\":[\"https:\\\/\\\/www.facebook.com\\\/webdotn\",\"https:\\\/\\\/x.com\\\/webdo_tn\"],\"description\":\"Webdo est un m\u00e9dia num\u00e9rique tunisien fond\u00e9 en 2010, sp\u00e9cialis\u00e9 dans l\u2019actualit\u00e9 nationale et internationale, l\u2019\u00e9conomie, la soci\u00e9t\u00e9 et les analyses politiques. Le site s\u2019adresse \u00e0 un large public francophone et couvre l\u2019information tunisienne en temps r\u00e9el.\",\"email\":\"redac@webdo.tn\",\"legalName\":\"YNJ SARL\",\"foundingDate\":\"2010-09-06\",\"numberOfEmployees\":{\"@type\":\"QuantitativeValue\",\"minValue\":\"11\",\"maxValue\":\"50\"}},{\"@type\":\"Person\",\"@id\":\"https:\\\/\\\/www.webdo.tn\\\/fr\\\/#\\\/schema\\\/person\\\/c652cd8fc2b1b44412b5ffb48c5a911d\",\"name\":\"Mohamed Hedi Touati\",\"image\":{\"@type\":\"ImageObject\",\"inLanguage\":\"fr-FR\",\"@id\":\"https:\\\/\\\/secure.gravatar.com\\\/avatar\\\/9cfd402c745b7a685f13eed0ea6e59d2144a3c2fc50a3db6fd5ed451f6cddf1a?s=96&d=mm&r=g\",\"url\":\"https:\\\/\\\/secure.gravatar.com\\\/avatar\\\/9cfd402c745b7a685f13eed0ea6e59d2144a3c2fc50a3db6fd5ed451f6cddf1a?s=96&d=mm&r=g\",\"contentUrl\":\"https:\\\/\\\/secure.gravatar.com\\\/avatar\\\/9cfd402c745b7a685f13eed0ea6e59d2144a3c2fc50a3db6fd5ed451f6cddf1a?s=96&d=mm&r=g\",\"caption\":\"Mohamed Hedi Touati\"},\"url\":\"https:\\\/\\\/www.webdo.tn\\\/fr\\\/actualite\\\/author\\\/mohamed-hedi-touati\\\/\"}]}<\/script>\n<!-- \/ Yoast SEO Premium plugin. -->","yoast_head_json":{"title":"Tunisie\u00a0: Le proc\u00e8s de l\u2019avocate Sonia Dahmani report\u00e9 au 30 juin - webdo","description":"Le proc\u00e8s de Sonia Dahmani, avocate accus\u00e9e de diffusion de fausses informations, est report\u00e9 au 30 juin 2025.","canonical":"https:\/\/www.webdo.tn\/fr\/actualite\/national\/tunisie-le-proces-de-lavocate-sonia-dahmani-reporte-au-30-juin\/377586\/","og_locale":"fr_FR","og_type":"article","og_title":"Tunisie\u00a0: Le proc\u00e8s de l\u2019avocate Sonia Dahmani report\u00e9 au 30 juin","og_description":"Le proc\u00e8s de Sonia Dahmani, avocate accus\u00e9e de diffusion de fausses informations, est report\u00e9 au 30 juin 2025.","og_url":"https:\/\/www.webdo.tn\/fr\/actualite\/national\/tunisie-le-proces-de-lavocate-sonia-dahmani-reporte-au-30-juin\/377586\/","og_site_name":"webdo","article_publisher":"https:\/\/www.facebook.com\/webdotn","article_published_time":"2025-06-16T10:00:25+00:00","article_modified_time":"2025-06-17T08:07:18+00:00","og_image":[{"width":800,"height":400,"url":"https:\/\/www.webdo.tn\/fr\/wp-content\/uploads\/2025\/06\/sonia-dahmani-1.jpg","type":"image\/jpeg"}],"author":"Mohamed Hedi Touati","twitter_card":"summary_large_image","twitter_creator":"@webdo_tn","twitter_site":"@webdo_tn","twitter_misc":{"\u00c9crit par":"Mohamed Hedi Touati","Dur\u00e9e de lecture estim\u00e9e":"1 minute"},"schema":{"@context":"https:\/\/schema.org","@graph":[{"@type":"NewsArticle","@id":"https:\/\/www.webdo.tn\/fr\/actualite\/national\/tunisie-le-proces-de-lavocate-sonia-dahmani-reporte-au-30-juin\/377586\/#article","isPartOf":{"@id":"https:\/\/www.webdo.tn\/fr\/actualite\/national\/tunisie-le-proces-de-lavocate-sonia-dahmani-reporte-au-30-juin\/377586\/"},"author":{"name":"Mohamed Hedi Touati","@id":"https:\/\/www.webdo.tn\/fr\/#\/schema\/person\/c652cd8fc2b1b44412b5ffb48c5a911d"},"headline":"Tunisie\u00a0: Le proc\u00e8s de l\u2019avocate Sonia Dahmani report\u00e9 au 30 juin","datePublished":"2025-06-16T10:00:25+00:00","dateModified":"2025-06-17T08:07:18+00:00","mainEntityOfPage":{"@id":"https:\/\/www.webdo.tn\/fr\/actualite\/national\/tunisie-le-proces-de-lavocate-sonia-dahmani-reporte-au-30-juin\/377586\/"},"wordCount":153,"commentCount":0,"publisher":{"@id":"https:\/\/www.webdo.tn\/fr\/#organization"},"image":{"@id":"https:\/\/www.webdo.tn\/fr\/actualite\/national\/tunisie-le-proces-de-lavocate-sonia-dahmani-reporte-au-30-juin\/377586\/#primaryimage"},"thumbnailUrl":"https:\/\/www.webdo.tn\/fr\/wp-content\/uploads\/2025\/06\/sonia-dahmani-1.jpg","keywords":["justice","sonia dahmani","Tunisie"],"articleSection":["National"],"inLanguage":"fr-FR"},{"@type":"WebPage","@id":"https:\/\/www.webdo.tn\/fr\/actualite\/national\/tunisie-le-proces-de-lavocate-sonia-dahmani-reporte-au-30-juin\/377586\/","url":"https:\/\/www.webdo.tn\/fr\/actualite\/national\/tunisie-le-proces-de-lavocate-sonia-dahmani-reporte-au-30-juin\/377586\/","name":"Tunisie\u00a0: Le proc\u00e8s de l\u2019avocate Sonia Dahmani report\u00e9 au 30 juin - webdo","isPartOf":{"@id":"https:\/\/www.webdo.tn\/fr\/#website"},"primaryImageOfPage":{"@id":"https:\/\/www.webdo.tn\/fr\/actualite\/national\/tunisie-le-proces-de-lavocate-sonia-dahmani-reporte-au-30-juin\/377586\/#primaryimage"},"image":{"@id":"https:\/\/www.webdo.tn\/fr\/actualite\/national\/tunisie-le-proces-de-lavocate-sonia-dahmani-reporte-au-30-juin\/377586\/#primaryimage"},"thumbnailUrl":"https:\/\/www.webdo.tn\/fr\/wp-content\/uploads\/2025\/06\/sonia-dahmani-1.jpg","datePublished":"2025-06-16T10:00:25+00:00","dateModified":"2025-06-17T08:07:18+00:00","description":"Le proc\u00e8s de Sonia Dahmani, avocate accus\u00e9e de diffusion de fausses informations, est report\u00e9 au 30 juin 2025.","breadcrumb":{"@id":"https:\/\/www.webdo.tn\/fr\/actualite\/national\/tunisie-le-proces-de-lavocate-sonia-dahmani-reporte-au-30-juin\/377586\/#breadcrumb"},"inLanguage":"fr-FR","potentialAction":[{"@type":"ReadAction","target":["https:\/\/www.webdo.tn\/fr\/actualite\/national\/tunisie-le-proces-de-lavocate-sonia-dahmani-reporte-au-30-juin\/377586\/"]}]},{"@type":"ImageObject","inLanguage":"fr-FR","@id":"https:\/\/www.webdo.tn\/fr\/actualite\/national\/tunisie-le-proces-de-lavocate-sonia-dahmani-reporte-au-30-juin\/377586\/#primaryimage","url":"https:\/\/www.webdo.tn\/fr\/wp-content\/uploads\/2025\/06\/sonia-dahmani-1.jpg","contentUrl":"https:\/\/www.webdo.tn\/fr\/wp-content\/uploads\/2025\/06\/sonia-dahmani-1.jpg","width":800,"height":400},{"@type":"BreadcrumbList","@id":"https:\/\/www.webdo.tn\/fr\/actualite\/national\/tunisie-le-proces-de-lavocate-sonia-dahmani-reporte-au-30-juin\/377586\/#breadcrumb","itemListElement":[{"@type":"ListItem","position":1,"name":"Accueil","item":"https:\/\/www.webdo.tn\/fr\/"},{"@type":"ListItem","position":2,"name":"Tunisie\u00a0: Le proc\u00e8s de l\u2019avocate Sonia Dahmani report\u00e9 au 30 juin"}]},{"@type":"WebSite","@id":"https:\/\/www.webdo.tn\/fr\/#website","url":"https:\/\/www.webdo.tn\/fr\/","name":"webdo","description":"Tunisie - News en Tunisie et \u00e0 l&#039;international sur Webdo.tn","publisher":{"@id":"https:\/\/www.webdo.tn\/fr\/#organization"},"potentialAction":[{"@type":"SearchAction","target":{"@type":"EntryPoint","urlTemplate":"https:\/\/www.webdo.tn\/fr\/?s={search_term_string}"},"query-input":{"@type":"PropertyValueSpecification","valueRequired":true,"valueName":"search_term_string"}}],"inLanguage":"fr-FR"},{"@type":"Organization","@id":"https:\/\/www.webdo.tn\/fr\/#organization","name":"Webdo","alternateName":"Webdo.tn","url":"https:\/\/www.webdo.tn\/fr\/","logo":{"@type":"ImageObject","inLanguage":"fr-FR","@id":"https:\/\/www.webdo.tn\/fr\/#\/schema\/logo\/image\/","url":"https:\/\/www.webdo.tn\/fr\/wp-content\/uploads\/2025\/06\/Webdo-Tunisie_168377.jpg","contentUrl":"https:\/\/www.webdo.tn\/fr\/wp-content\/uploads\/2025\/06\/Webdo-Tunisie_168377.jpg","width":301,"height":301,"caption":"Webdo"},"image":{"@id":"https:\/\/www.webdo.tn\/fr\/#\/schema\/logo\/image\/"},"sameAs":["https:\/\/www.facebook.com\/webdotn","https:\/\/x.com\/webdo_tn"],"description":"Webdo est un m\u00e9dia num\u00e9rique tunisien fond\u00e9 en 2010, sp\u00e9cialis\u00e9 dans l\u2019actualit\u00e9 nationale et internationale, l\u2019\u00e9conomie, la soci\u00e9t\u00e9 et les analyses politiques. Le site s\u2019adresse \u00e0 un large public francophone et couvre l\u2019information tunisienne en temps r\u00e9el.","email":"redac@webdo.tn","legalName":"YNJ SARL","foundingDate":"2010-09-06","numberOfEmployees":{"@type":"QuantitativeValue","minValue":"11","maxValue":"50"}},{"@type":"Person","@id":"https:\/\/www.webdo.tn\/fr\/#\/schema\/person\/c652cd8fc2b1b44412b5ffb48c5a911d","name":"Mohamed Hedi Touati","image":{"@type":"ImageObject","inLanguage":"fr-FR","@id":"https:\/\/secure.gravatar.com\/avatar\/9cfd402c745b7a685f13eed0ea6e59d2144a3c2fc50a3db6fd5ed451f6cddf1a?s=96&d=mm&r=g","url":"https:\/\/secure.gravatar.com\/avatar\/9cfd402c745b7a685f13eed0ea6e59d2144a3c2fc50a3db6fd5ed451f6cddf1a?s=96&d=mm&r=g","contentUrl":"https:\/\/secure.gravatar.com\/avatar\/9cfd402c745b7a685f13eed0ea6e59d2144a3c2fc50a3db6fd5ed451f6cddf1a?s=96&d=mm&r=g","caption":"Mohamed Hedi Touati"},"url":"https:\/\/www.webdo.tn\/fr\/actualite\/author\/mohamed-hedi-touati\/"}]}},"_links":{"self":[{"href":"https:\/\/www.webdo.tn\/fr\/wp-json\/wp\/v2\/posts\/377586","targetHints":{"allow":["GET"]}}],"collection":[{"href":"https:\/\/www.webdo.tn\/fr\/wp-json\/wp\/v2\/posts"}],"about":[{"href":"https:\/\/www.webdo.tn\/fr\/wp-json\/wp\/v2\/types\/post"}],"author":[{"embeddable":true,"href":"https:\/\/www.webdo.tn\/fr\/wp-json\/wp\/v2\/users\/3191"}],"replies":[{"embeddable":true,"href":"https:\/\/www.webdo.tn\/fr\/wp-json\/wp\/v2\/comments?post=377586"}],"version-history":[{"count":0,"href":"https:\/\/www.webdo.tn\/fr\/wp-json\/wp\/v2\/posts\/377586\/revisions"}],"wp:featuredmedia":[{"embeddable":true,"href":"https:\/\/www.webdo.tn\/fr\/wp-json\/wp\/v2\/media\/377587"}],"wp:attachment":[{"href":"https:\/\/www.webdo.tn\/fr\/wp-json\/wp\/v2\/media?parent=377586"}],"wp:term":[{"taxonomy":"category","embeddable":true,"href":"https:\/\/www.webdo.tn\/fr\/wp-json\/wp\/v2\/categories?post=377586"},{"taxonomy":"post_tag","embeddable":true,"href":"https:\/\/www.webdo.tn\/fr\/wp-json\/wp\/v2\/tags?post=377586"}],"curies":[{"name":"wp","href":"https:\/\/api.w.org\/{rel}","templated":true}]}}