{"id":377572,"date":"2025-06-16T09:29:47","date_gmt":"2025-06-16T08:29:47","guid":{"rendered":"https:\/\/www.webdo.tn\/fr\/?p=377572"},"modified":"2025-06-16T09:33:05","modified_gmt":"2025-06-16T08:33:05","slug":"tunisie-retour-des-pluies-et-legere-baisse-des-temperatures-cette-semaine","status":"publish","type":"post","link":"https:\/\/www.webdo.tn\/fr\/actualite\/national\/tunisie-retour-des-pluies-et-legere-baisse-des-temperatures-cette-semaine\/377572\/","title":{"rendered":"Tunisie\u00a0: Retour des pluies et l\u00e9g\u00e8re baisse des temp\u00e9ratures cette semaine"},"content":{"rendered":"\n<p>Apr\u00e8s une p\u00e9riode de chaleur, des signes encourageants d\u2019un changement de temps se profilent \u00e0 l\u2019horizon. Selon Sarhane Rahali, ing\u00e9nieur \u00e0 l\u2019Institut national de la m\u00e9t\u00e9orologie, cette semaine pourrait marquer un tournant, avec l\u2019arriv\u00e9e de conditions plus favorables.<\/p>\n\n\n\n<p>Il a indiqu\u00e9, ce lundi 16 juin sur les ondes de Mosaique fm que les premi\u00e8res am\u00e9liorations seront perceptibles d\u00e8s mardi, avec un basculement des vents vers le secteur nord. Ce changement devrait favoriser un recul des temp\u00e9ratures, notamment sur les hauteurs et dans les r\u00e9gions c\u00f4ti\u00e8res du nord. Des cellules orageuses pourraient \u00e9galement se former dans l\u2019apr\u00e8s-midi.<\/p>\n\n\n\n<p>Mercredi, le ciel sera partiellement couvert avec des averses possibles en fin de journ\u00e9e, accompagn\u00e9es d\u2019une l\u00e9g\u00e8re baisse du mercure. Jeudi, la situation deviendra plus instable : des orages localis\u00e9s sont attendus, avec des pluies et, par endroits, des chutes de gr\u00eale.<\/p>\n\n\n\n<p>Ces \u00e9volutions laissent esp\u00e9rer un r\u00e9pit bienvenu apr\u00e8s plusieurs semaines de chaleur intense, alors que la Tunisie fait face \u00e0 une situation hydrique tendue.<\/p>\n","protected":false},"excerpt":{"rendered":"<p>Apr\u00e8s une p\u00e9riode de chaleur, des signes encourageants d\u2019un changement de temps se profilent \u00e0 l\u2019horizon. Selon Sarhane Rahali, ing\u00e9nieur \u00e0 l\u2019Institut national de la m\u00e9t\u00e9orologie, cette semaine pourrait marquer un tournant, avec l\u2019arriv\u00e9e de conditions plus favorables. Il a indiqu\u00e9, ce lundi 16 juin sur les ondes de Mosaique fm que les premi\u00e8res am\u00e9liorations [&hellip;]<\/p>\n","protected":false},"author":3191,"featured_media":377573,"comment_status":"open","ping_status":"open","sticky":false,"template":"","format":"standard","meta":{"footnotes":""},"categories":[44],"tags":[2670,2671,2608],"class_list":["post-377572","post","type-post","status-publish","format-standard","has-post-thumbnail","hentry","category-national","tag-meteo","tag-pluie","tag-tunisie"],"yoast_head":"<!-- This site is optimized with the Yoast SEO Premium plugin v27.5 (Yoast SEO v27.5) - https:\/\/yoast.com\/product\/yoast-seo-premium-wordpress\/ -->\n<title>Tunisie\u00a0: Retour des pluies et l\u00e9g\u00e8re baisse des temp\u00e9ratures cette semaine - webdo<\/title>\n<meta name=\"description\" content=\"Attendez-vous \u00e0 une baisse des temp\u00e9ratures et des orages cette semaine. Retrouvez toutes les pr\u00e9visions m\u00e9t\u00e9o d\u00e9taill\u00e9es.\" \/>\n<link rel=\"canonical\" href=\"https:\/\/www.webdo.tn\/fr\/actualite\/national\/tunisie-retour-des-pluies-et-legere-baisse-des-temperatures-cette-semaine\/377572\/\" \/>\n<meta property=\"og:locale\" content=\"fr_FR\" \/>\n<meta property=\"og:type\" content=\"article\" \/>\n<meta property=\"og:title\" content=\"Tunisie\u00a0: Retour des pluies et l\u00e9g\u00e8re baisse des temp\u00e9ratures cette semaine\" \/>\n<meta property=\"og:description\" content=\"Attendez-vous \u00e0 une baisse des temp\u00e9ratures et des orages cette semaine. Retrouvez toutes les pr\u00e9visions m\u00e9t\u00e9o d\u00e9taill\u00e9es.\" \/>\n<meta property=\"og:url\" content=\"https:\/\/www.webdo.tn\/fr\/actualite\/national\/tunisie-retour-des-pluies-et-legere-baisse-des-temperatures-cette-semaine\/377572\/\" \/>\n<meta property=\"og:site_name\" content=\"webdo\" \/>\n<meta property=\"article:publisher\" content=\"https:\/\/www.facebook.com\/webdotn\" \/>\n<meta property=\"article:published_time\" content=\"2025-06-16T08:29:47+00:00\" \/>\n<meta property=\"article:modified_time\" content=\"2025-06-16T08:33:05+00:00\" \/>\n<meta property=\"og:image\" content=\"https:\/\/www.webdo.tn\/fr\/wp-content\/uploads\/2025\/06\/nuage-pluie-soleil.jpeg\" \/>\n\t<meta property=\"og:image:width\" content=\"1000\" \/>\n\t<meta property=\"og:image:height\" content=\"666\" \/>\n\t<meta property=\"og:image:type\" content=\"image\/jpeg\" \/>\n<meta name=\"author\" content=\"Mohamed Hedi Touati\" \/>\n<meta name=\"twitter:card\" content=\"summary_large_image\" \/>\n<meta name=\"twitter:creator\" content=\"@webdo_tn\" \/>\n<meta name=\"twitter:site\" content=\"@webdo_tn\" \/>\n<meta name=\"twitter:label1\" content=\"\u00c9crit par\" \/>\n\t<meta name=\"twitter:data1\" content=\"Mohamed Hedi Touati\" \/>\n\t<meta name=\"twitter:label2\" content=\"Dur\u00e9e de lecture estim\u00e9e\" \/>\n\t<meta name=\"twitter:data2\" content=\"2 minutes\" \/>\n<script type=\"application\/ld+json\" class=\"yoast-schema-graph\">{\"@context\":\"https:\\\/\\\/schema.org\",\"@graph\":[{\"@type\":\"NewsArticle\",\"@id\":\"https:\\\/\\\/www.webdo.tn\\\/fr\\\/actualite\\\/national\\\/tunisie-retour-des-pluies-et-legere-baisse-des-temperatures-cette-semaine\\\/377572\\\/#article\",\"isPartOf\":{\"@id\":\"https:\\\/\\\/www.webdo.tn\\\/fr\\\/actualite\\\/national\\\/tunisie-retour-des-pluies-et-legere-baisse-des-temperatures-cette-semaine\\\/377572\\\/\"},\"author\":{\"name\":\"Mohamed Hedi Touati\",\"@id\":\"https:\\\/\\\/www.webdo.tn\\\/fr\\\/#\\\/schema\\\/person\\\/c652cd8fc2b1b44412b5ffb48c5a911d\"},\"headline\":\"Tunisie\u00a0: Retour des pluies et l\u00e9g\u00e8re baisse des temp\u00e9ratures cette semaine\",\"datePublished\":\"2025-06-16T08:29:47+00:00\",\"dateModified\":\"2025-06-16T08:33:05+00:00\",\"mainEntityOfPage\":{\"@id\":\"https:\\\/\\\/www.webdo.tn\\\/fr\\\/actualite\\\/national\\\/tunisie-retour-des-pluies-et-legere-baisse-des-temperatures-cette-semaine\\\/377572\\\/\"},\"wordCount\":200,\"commentCount\":0,\"publisher\":{\"@id\":\"https:\\\/\\\/www.webdo.tn\\\/fr\\\/#organization\"},\"image\":{\"@id\":\"https:\\\/\\\/www.webdo.tn\\\/fr\\\/actualite\\\/national\\\/tunisie-retour-des-pluies-et-legere-baisse-des-temperatures-cette-semaine\\\/377572\\\/#primaryimage\"},\"thumbnailUrl\":\"https:\\\/\\\/www.webdo.tn\\\/fr\\\/wp-content\\\/uploads\\\/2025\\\/06\\\/nuage-pluie-soleil.jpeg\",\"keywords\":[\"m\u00e9t\u00e9o\",\"Pluie\",\"Tunisie\"],\"articleSection\":[\"National\"],\"inLanguage\":\"fr-FR\"},{\"@type\":\"WebPage\",\"@id\":\"https:\\\/\\\/www.webdo.tn\\\/fr\\\/actualite\\\/national\\\/tunisie-retour-des-pluies-et-legere-baisse-des-temperatures-cette-semaine\\\/377572\\\/\",\"url\":\"https:\\\/\\\/www.webdo.tn\\\/fr\\\/actualite\\\/national\\\/tunisie-retour-des-pluies-et-legere-baisse-des-temperatures-cette-semaine\\\/377572\\\/\",\"name\":\"Tunisie\u00a0: Retour des pluies et l\u00e9g\u00e8re baisse des temp\u00e9ratures cette semaine - webdo\",\"isPartOf\":{\"@id\":\"https:\\\/\\\/www.webdo.tn\\\/fr\\\/#website\"},\"primaryImageOfPage\":{\"@id\":\"https:\\\/\\\/www.webdo.tn\\\/fr\\\/actualite\\\/national\\\/tunisie-retour-des-pluies-et-legere-baisse-des-temperatures-cette-semaine\\\/377572\\\/#primaryimage\"},\"image\":{\"@id\":\"https:\\\/\\\/www.webdo.tn\\\/fr\\\/actualite\\\/national\\\/tunisie-retour-des-pluies-et-legere-baisse-des-temperatures-cette-semaine\\\/377572\\\/#primaryimage\"},\"thumbnailUrl\":\"https:\\\/\\\/www.webdo.tn\\\/fr\\\/wp-content\\\/uploads\\\/2025\\\/06\\\/nuage-pluie-soleil.jpeg\",\"datePublished\":\"2025-06-16T08:29:47+00:00\",\"dateModified\":\"2025-06-16T08:33:05+00:00\",\"description\":\"Attendez-vous \u00e0 une baisse des temp\u00e9ratures et des orages cette semaine. Retrouvez toutes les pr\u00e9visions m\u00e9t\u00e9o d\u00e9taill\u00e9es.\",\"breadcrumb\":{\"@id\":\"https:\\\/\\\/www.webdo.tn\\\/fr\\\/actualite\\\/national\\\/tunisie-retour-des-pluies-et-legere-baisse-des-temperatures-cette-semaine\\\/377572\\\/#breadcrumb\"},\"inLanguage\":\"fr-FR\",\"potentialAction\":[{\"@type\":\"ReadAction\",\"target\":[\"https:\\\/\\\/www.webdo.tn\\\/fr\\\/actualite\\\/national\\\/tunisie-retour-des-pluies-et-legere-baisse-des-temperatures-cette-semaine\\\/377572\\\/\"]}]},{\"@type\":\"ImageObject\",\"inLanguage\":\"fr-FR\",\"@id\":\"https:\\\/\\\/www.webdo.tn\\\/fr\\\/actualite\\\/national\\\/tunisie-retour-des-pluies-et-legere-baisse-des-temperatures-cette-semaine\\\/377572\\\/#primaryimage\",\"url\":\"https:\\\/\\\/www.webdo.tn\\\/fr\\\/wp-content\\\/uploads\\\/2025\\\/06\\\/nuage-pluie-soleil.jpeg\",\"contentUrl\":\"https:\\\/\\\/www.webdo.tn\\\/fr\\\/wp-content\\\/uploads\\\/2025\\\/06\\\/nuage-pluie-soleil.jpeg\",\"width\":1000,\"height\":666,\"caption\":\"Tunisie - M\u00e9t\u00e9o : Pluies \u00e9parses attendues dans l\u2019ouest du nord et du centre\"},{\"@type\":\"BreadcrumbList\",\"@id\":\"https:\\\/\\\/www.webdo.tn\\\/fr\\\/actualite\\\/national\\\/tunisie-retour-des-pluies-et-legere-baisse-des-temperatures-cette-semaine\\\/377572\\\/#breadcrumb\",\"itemListElement\":[{\"@type\":\"ListItem\",\"position\":1,\"name\":\"Accueil\",\"item\":\"https:\\\/\\\/www.webdo.tn\\\/fr\\\/\"},{\"@type\":\"ListItem\",\"position\":2,\"name\":\"Tunisie\u00a0: Retour des pluies et l\u00e9g\u00e8re baisse des temp\u00e9ratures cette semaine\"}]},{\"@type\":\"WebSite\",\"@id\":\"https:\\\/\\\/www.webdo.tn\\\/fr\\\/#website\",\"url\":\"https:\\\/\\\/www.webdo.tn\\\/fr\\\/\",\"name\":\"webdo\",\"description\":\"Tunisie - News en Tunisie et \u00e0 l&#039;international sur Webdo.tn\",\"publisher\":{\"@id\":\"https:\\\/\\\/www.webdo.tn\\\/fr\\\/#organization\"},\"potentialAction\":[{\"@type\":\"SearchAction\",\"target\":{\"@type\":\"EntryPoint\",\"urlTemplate\":\"https:\\\/\\\/www.webdo.tn\\\/fr\\\/?s={search_term_string}\"},\"query-input\":{\"@type\":\"PropertyValueSpecification\",\"valueRequired\":true,\"valueName\":\"search_term_string\"}}],\"inLanguage\":\"fr-FR\"},{\"@type\":\"Organization\",\"@id\":\"https:\\\/\\\/www.webdo.tn\\\/fr\\\/#organization\",\"name\":\"Webdo\",\"alternateName\":\"Webdo.tn\",\"url\":\"https:\\\/\\\/www.webdo.tn\\\/fr\\\/\",\"logo\":{\"@type\":\"ImageObject\",\"inLanguage\":\"fr-FR\",\"@id\":\"https:\\\/\\\/www.webdo.tn\\\/fr\\\/#\\\/schema\\\/logo\\\/image\\\/\",\"url\":\"https:\\\/\\\/www.webdo.tn\\\/fr\\\/wp-content\\\/uploads\\\/2025\\\/06\\\/Webdo-Tunisie_168377.jpg\",\"contentUrl\":\"https:\\\/\\\/www.webdo.tn\\\/fr\\\/wp-content\\\/uploads\\\/2025\\\/06\\\/Webdo-Tunisie_168377.jpg\",\"width\":301,\"height\":301,\"caption\":\"Webdo\"},\"image\":{\"@id\":\"https:\\\/\\\/www.webdo.tn\\\/fr\\\/#\\\/schema\\\/logo\\\/image\\\/\"},\"sameAs\":[\"https:\\\/\\\/www.facebook.com\\\/webdotn\",\"https:\\\/\\\/x.com\\\/webdo_tn\"],\"description\":\"Webdo est un m\u00e9dia num\u00e9rique tunisien fond\u00e9 en 2010, sp\u00e9cialis\u00e9 dans l\u2019actualit\u00e9 nationale et internationale, l\u2019\u00e9conomie, la soci\u00e9t\u00e9 et les analyses politiques. Le site s\u2019adresse \u00e0 un large public francophone et couvre l\u2019information tunisienne en temps r\u00e9el.\",\"email\":\"redac@webdo.tn\",\"legalName\":\"YNJ SARL\",\"foundingDate\":\"2010-09-06\",\"numberOfEmployees\":{\"@type\":\"QuantitativeValue\",\"minValue\":\"11\",\"maxValue\":\"50\"}},{\"@type\":\"Person\",\"@id\":\"https:\\\/\\\/www.webdo.tn\\\/fr\\\/#\\\/schema\\\/person\\\/c652cd8fc2b1b44412b5ffb48c5a911d\",\"name\":\"Mohamed Hedi Touati\",\"image\":{\"@type\":\"ImageObject\",\"inLanguage\":\"fr-FR\",\"@id\":\"https:\\\/\\\/secure.gravatar.com\\\/avatar\\\/9cfd402c745b7a685f13eed0ea6e59d2144a3c2fc50a3db6fd5ed451f6cddf1a?s=96&d=mm&r=g\",\"url\":\"https:\\\/\\\/secure.gravatar.com\\\/avatar\\\/9cfd402c745b7a685f13eed0ea6e59d2144a3c2fc50a3db6fd5ed451f6cddf1a?s=96&d=mm&r=g\",\"contentUrl\":\"https:\\\/\\\/secure.gravatar.com\\\/avatar\\\/9cfd402c745b7a685f13eed0ea6e59d2144a3c2fc50a3db6fd5ed451f6cddf1a?s=96&d=mm&r=g\",\"caption\":\"Mohamed Hedi Touati\"},\"url\":\"https:\\\/\\\/www.webdo.tn\\\/fr\\\/actualite\\\/author\\\/mohamed-hedi-touati\\\/\"}]}<\/script>\n<!-- \/ Yoast SEO Premium plugin. -->","yoast_head_json":{"title":"Tunisie\u00a0: Retour des pluies et l\u00e9g\u00e8re baisse des temp\u00e9ratures cette semaine - webdo","description":"Attendez-vous \u00e0 une baisse des temp\u00e9ratures et des orages cette semaine. Retrouvez toutes les pr\u00e9visions m\u00e9t\u00e9o d\u00e9taill\u00e9es.","canonical":"https:\/\/www.webdo.tn\/fr\/actualite\/national\/tunisie-retour-des-pluies-et-legere-baisse-des-temperatures-cette-semaine\/377572\/","og_locale":"fr_FR","og_type":"article","og_title":"Tunisie\u00a0: Retour des pluies et l\u00e9g\u00e8re baisse des temp\u00e9ratures cette semaine","og_description":"Attendez-vous \u00e0 une baisse des temp\u00e9ratures et des orages cette semaine. Retrouvez toutes les pr\u00e9visions m\u00e9t\u00e9o d\u00e9taill\u00e9es.","og_url":"https:\/\/www.webdo.tn\/fr\/actualite\/national\/tunisie-retour-des-pluies-et-legere-baisse-des-temperatures-cette-semaine\/377572\/","og_site_name":"webdo","article_publisher":"https:\/\/www.facebook.com\/webdotn","article_published_time":"2025-06-16T08:29:47+00:00","article_modified_time":"2025-06-16T08:33:05+00:00","og_image":[{"width":1000,"height":666,"url":"https:\/\/www.webdo.tn\/fr\/wp-content\/uploads\/2025\/06\/nuage-pluie-soleil.jpeg","type":"image\/jpeg"}],"author":"Mohamed Hedi Touati","twitter_card":"summary_large_image","twitter_creator":"@webdo_tn","twitter_site":"@webdo_tn","twitter_misc":{"\u00c9crit par":"Mohamed Hedi Touati","Dur\u00e9e de lecture estim\u00e9e":"2 minutes"},"schema":{"@context":"https:\/\/schema.org","@graph":[{"@type":"NewsArticle","@id":"https:\/\/www.webdo.tn\/fr\/actualite\/national\/tunisie-retour-des-pluies-et-legere-baisse-des-temperatures-cette-semaine\/377572\/#article","isPartOf":{"@id":"https:\/\/www.webdo.tn\/fr\/actualite\/national\/tunisie-retour-des-pluies-et-legere-baisse-des-temperatures-cette-semaine\/377572\/"},"author":{"name":"Mohamed Hedi Touati","@id":"https:\/\/www.webdo.tn\/fr\/#\/schema\/person\/c652cd8fc2b1b44412b5ffb48c5a911d"},"headline":"Tunisie\u00a0: Retour des pluies et l\u00e9g\u00e8re baisse des temp\u00e9ratures cette semaine","datePublished":"2025-06-16T08:29:47+00:00","dateModified":"2025-06-16T08:33:05+00:00","mainEntityOfPage":{"@id":"https:\/\/www.webdo.tn\/fr\/actualite\/national\/tunisie-retour-des-pluies-et-legere-baisse-des-temperatures-cette-semaine\/377572\/"},"wordCount":200,"commentCount":0,"publisher":{"@id":"https:\/\/www.webdo.tn\/fr\/#organization"},"image":{"@id":"https:\/\/www.webdo.tn\/fr\/actualite\/national\/tunisie-retour-des-pluies-et-legere-baisse-des-temperatures-cette-semaine\/377572\/#primaryimage"},"thumbnailUrl":"https:\/\/www.webdo.tn\/fr\/wp-content\/uploads\/2025\/06\/nuage-pluie-soleil.jpeg","keywords":["m\u00e9t\u00e9o","Pluie","Tunisie"],"articleSection":["National"],"inLanguage":"fr-FR"},{"@type":"WebPage","@id":"https:\/\/www.webdo.tn\/fr\/actualite\/national\/tunisie-retour-des-pluies-et-legere-baisse-des-temperatures-cette-semaine\/377572\/","url":"https:\/\/www.webdo.tn\/fr\/actualite\/national\/tunisie-retour-des-pluies-et-legere-baisse-des-temperatures-cette-semaine\/377572\/","name":"Tunisie\u00a0: Retour des pluies et l\u00e9g\u00e8re baisse des temp\u00e9ratures cette semaine - webdo","isPartOf":{"@id":"https:\/\/www.webdo.tn\/fr\/#website"},"primaryImageOfPage":{"@id":"https:\/\/www.webdo.tn\/fr\/actualite\/national\/tunisie-retour-des-pluies-et-legere-baisse-des-temperatures-cette-semaine\/377572\/#primaryimage"},"image":{"@id":"https:\/\/www.webdo.tn\/fr\/actualite\/national\/tunisie-retour-des-pluies-et-legere-baisse-des-temperatures-cette-semaine\/377572\/#primaryimage"},"thumbnailUrl":"https:\/\/www.webdo.tn\/fr\/wp-content\/uploads\/2025\/06\/nuage-pluie-soleil.jpeg","datePublished":"2025-06-16T08:29:47+00:00","dateModified":"2025-06-16T08:33:05+00:00","description":"Attendez-vous \u00e0 une baisse des temp\u00e9ratures et des orages cette semaine. Retrouvez toutes les pr\u00e9visions m\u00e9t\u00e9o d\u00e9taill\u00e9es.","breadcrumb":{"@id":"https:\/\/www.webdo.tn\/fr\/actualite\/national\/tunisie-retour-des-pluies-et-legere-baisse-des-temperatures-cette-semaine\/377572\/#breadcrumb"},"inLanguage":"fr-FR","potentialAction":[{"@type":"ReadAction","target":["https:\/\/www.webdo.tn\/fr\/actualite\/national\/tunisie-retour-des-pluies-et-legere-baisse-des-temperatures-cette-semaine\/377572\/"]}]},{"@type":"ImageObject","inLanguage":"fr-FR","@id":"https:\/\/www.webdo.tn\/fr\/actualite\/national\/tunisie-retour-des-pluies-et-legere-baisse-des-temperatures-cette-semaine\/377572\/#primaryimage","url":"https:\/\/www.webdo.tn\/fr\/wp-content\/uploads\/2025\/06\/nuage-pluie-soleil.jpeg","contentUrl":"https:\/\/www.webdo.tn\/fr\/wp-content\/uploads\/2025\/06\/nuage-pluie-soleil.jpeg","width":1000,"height":666,"caption":"Tunisie - M\u00e9t\u00e9o : Pluies \u00e9parses attendues dans l\u2019ouest du nord et du centre"},{"@type":"BreadcrumbList","@id":"https:\/\/www.webdo.tn\/fr\/actualite\/national\/tunisie-retour-des-pluies-et-legere-baisse-des-temperatures-cette-semaine\/377572\/#breadcrumb","itemListElement":[{"@type":"ListItem","position":1,"name":"Accueil","item":"https:\/\/www.webdo.tn\/fr\/"},{"@type":"ListItem","position":2,"name":"Tunisie\u00a0: Retour des pluies et l\u00e9g\u00e8re baisse des temp\u00e9ratures cette semaine"}]},{"@type":"WebSite","@id":"https:\/\/www.webdo.tn\/fr\/#website","url":"https:\/\/www.webdo.tn\/fr\/","name":"webdo","description":"Tunisie - News en Tunisie et \u00e0 l&#039;international sur Webdo.tn","publisher":{"@id":"https:\/\/www.webdo.tn\/fr\/#organization"},"potentialAction":[{"@type":"SearchAction","target":{"@type":"EntryPoint","urlTemplate":"https:\/\/www.webdo.tn\/fr\/?s={search_term_string}"},"query-input":{"@type":"PropertyValueSpecification","valueRequired":true,"valueName":"search_term_string"}}],"inLanguage":"fr-FR"},{"@type":"Organization","@id":"https:\/\/www.webdo.tn\/fr\/#organization","name":"Webdo","alternateName":"Webdo.tn","url":"https:\/\/www.webdo.tn\/fr\/","logo":{"@type":"ImageObject","inLanguage":"fr-FR","@id":"https:\/\/www.webdo.tn\/fr\/#\/schema\/logo\/image\/","url":"https:\/\/www.webdo.tn\/fr\/wp-content\/uploads\/2025\/06\/Webdo-Tunisie_168377.jpg","contentUrl":"https:\/\/www.webdo.tn\/fr\/wp-content\/uploads\/2025\/06\/Webdo-Tunisie_168377.jpg","width":301,"height":301,"caption":"Webdo"},"image":{"@id":"https:\/\/www.webdo.tn\/fr\/#\/schema\/logo\/image\/"},"sameAs":["https:\/\/www.facebook.com\/webdotn","https:\/\/x.com\/webdo_tn"],"description":"Webdo est un m\u00e9dia num\u00e9rique tunisien fond\u00e9 en 2010, sp\u00e9cialis\u00e9 dans l\u2019actualit\u00e9 nationale et internationale, l\u2019\u00e9conomie, la soci\u00e9t\u00e9 et les analyses politiques. Le site s\u2019adresse \u00e0 un large public francophone et couvre l\u2019information tunisienne en temps r\u00e9el.","email":"redac@webdo.tn","legalName":"YNJ SARL","foundingDate":"2010-09-06","numberOfEmployees":{"@type":"QuantitativeValue","minValue":"11","maxValue":"50"}},{"@type":"Person","@id":"https:\/\/www.webdo.tn\/fr\/#\/schema\/person\/c652cd8fc2b1b44412b5ffb48c5a911d","name":"Mohamed Hedi Touati","image":{"@type":"ImageObject","inLanguage":"fr-FR","@id":"https:\/\/secure.gravatar.com\/avatar\/9cfd402c745b7a685f13eed0ea6e59d2144a3c2fc50a3db6fd5ed451f6cddf1a?s=96&d=mm&r=g","url":"https:\/\/secure.gravatar.com\/avatar\/9cfd402c745b7a685f13eed0ea6e59d2144a3c2fc50a3db6fd5ed451f6cddf1a?s=96&d=mm&r=g","contentUrl":"https:\/\/secure.gravatar.com\/avatar\/9cfd402c745b7a685f13eed0ea6e59d2144a3c2fc50a3db6fd5ed451f6cddf1a?s=96&d=mm&r=g","caption":"Mohamed Hedi Touati"},"url":"https:\/\/www.webdo.tn\/fr\/actualite\/author\/mohamed-hedi-touati\/"}]}},"_links":{"self":[{"href":"https:\/\/www.webdo.tn\/fr\/wp-json\/wp\/v2\/posts\/377572","targetHints":{"allow":["GET"]}}],"collection":[{"href":"https:\/\/www.webdo.tn\/fr\/wp-json\/wp\/v2\/posts"}],"about":[{"href":"https:\/\/www.webdo.tn\/fr\/wp-json\/wp\/v2\/types\/post"}],"author":[{"embeddable":true,"href":"https:\/\/www.webdo.tn\/fr\/wp-json\/wp\/v2\/users\/3191"}],"replies":[{"embeddable":true,"href":"https:\/\/www.webdo.tn\/fr\/wp-json\/wp\/v2\/comments?post=377572"}],"version-history":[{"count":0,"href":"https:\/\/www.webdo.tn\/fr\/wp-json\/wp\/v2\/posts\/377572\/revisions"}],"wp:featuredmedia":[{"embeddable":true,"href":"https:\/\/www.webdo.tn\/fr\/wp-json\/wp\/v2\/media\/377573"}],"wp:attachment":[{"href":"https:\/\/www.webdo.tn\/fr\/wp-json\/wp\/v2\/media?parent=377572"}],"wp:term":[{"taxonomy":"category","embeddable":true,"href":"https:\/\/www.webdo.tn\/fr\/wp-json\/wp\/v2\/categories?post=377572"},{"taxonomy":"post_tag","embeddable":true,"href":"https:\/\/www.webdo.tn\/fr\/wp-json\/wp\/v2\/tags?post=377572"}],"curies":[{"name":"wp","href":"https:\/\/api.w.org\/{rel}","templated":true}]}}