{"id":377561,"date":"2025-06-16T06:48:47","date_gmt":"2025-06-16T05:48:47","guid":{"rendered":"https:\/\/www.webdo.tn\/fr\/?p=377561"},"modified":"2025-06-16T14:09:01","modified_gmt":"2025-06-16T13:09:01","slug":"riposte-iranienne-apres-les-frappes-a-teheran-israel-deplore-3-morts","status":"publish","type":"post","link":"https:\/\/www.webdo.tn\/fr\/actualite\/international\/riposte-iranienne-apres-les-frappes-a-teheran-israel-deplore-3-morts\/377561\/","title":{"rendered":"Riposte iranienne apr\u00e8s les frappes \u00e0 T\u00e9h\u00e9ran : au moins 8 morts en Isra\u00ebl"},"content":{"rendered":"\n<p><strong>(Mise \u00e0 jour @9H00) Apr\u00e8s les frappes massives men\u00e9es par Isra\u00ebl contre des cibles iraniennes, y compris la capitale T\u00e9h\u00e9ran, l\u2019Iran a ripost\u00e9 dans la nuit du 15 au 16 juin par une nouvelle salve de missiles. Selon Reuters, ces attaques ont touch\u00e9 Tel\u2011Aviv et Ha\u00effa, causant la mort d\u2019au moins huit personnes et blessant des dizaines d\u2019autres.<br><\/strong><\/p>\n\n\n\n<p>Des vid\u00e9os diffus\u00e9es par les cha\u00eenes isra\u00e9liennes montrent plusieurs b\u00e2timents endommag\u00e9s dans le centre du pays, notamment \u00e0 Tel-Aviv, o\u00f9 l\u2019une des roquettes aurait frapp\u00e9 un immeuble r\u00e9sidentiel. Les secours ont transport\u00e9 en urgence plus de 70 personnes, pour la plupart l\u00e9g\u00e8rement bless\u00e9es.<\/p>\n\n\n\n<p>Ce raid intervient moins de 24 heures apr\u00e8s qu\u2019Isra\u00ebl a men\u00e9 une s\u00e9rie de frappes cibl\u00e9es sur T\u00e9h\u00e9ran. Selon les autorit\u00e9s iraniennes, l\u2019arm\u00e9e isra\u00e9lienne a vis\u00e9 le quartier g\u00e9n\u00e9ral de la force Qods, des sites de missiles sol-sol ainsi que le minist\u00e8re iranien des Affaires \u00e9trang\u00e8res. Plusieurs civils ont \u00e9t\u00e9 bless\u00e9s lors de l\u2019attaque sur ce dernier.<\/p>\n\n\n\n<p>Le bilan humain s\u2019alourdit rapidement c\u00f4t\u00e9 iranien. Depuis le d\u00e9but de cette escalade, vendredi 13 juin, <strong>224 personnes ont \u00e9t\u00e9 tu\u00e9es<\/strong>, dont <strong>au moins 70 femmes et enfants<\/strong>, selon le minist\u00e8re iranien de la Sant\u00e9. Parmi les victimes figurent aussi plusieurs hauts responsables militaires, dont <strong>Mohammad Kazemi<\/strong>, chef du renseignement des Gardiens de la R\u00e9volution, et deux de ses adjoints.<\/p>\n\n\n\n<p>Dans un communiqu\u00e9 relay\u00e9 par l\u2019agence IRNA, les Gardiens de la R\u00e9volution annoncent que des \u00ab op\u00e9rations plus cibl\u00e9es et d\u00e9vastatrices \u00bb contre les infrastructures isra\u00e9liennes \u00ab se poursuivront jusqu\u2019\u00e0 l\u2019an\u00e9antissement du r\u00e9gime sioniste \u00bb.<\/p>\n\n\n\n<p>L\u2019arm\u00e9e isra\u00e9lienne confirme que \u00ab les op\u00e9rations pr\u00e9ventives et de neutralisation des menaces se poursuivent \u00bb. Le porte-parole de Tsahal a \u00e9voqu\u00e9 \u00ab une guerre d\u2019attrition in\u00e9vitable contre un ennemi d\u00e9termin\u00e9 \u00e0 frapper au c\u0153ur \u00bb.<\/p>\n\n\n\n<h3 class=\"wp-block-heading\" id=\"h-trump-tente-d-eviter-l-escalade\"><strong>Trump tente d\u2019\u00e9viter l\u2019escalade<\/strong><\/h3>\n\n\n\n<p>Depuis Washington, le pr\u00e9sident am\u00e9ricain <strong>Donald Trump<\/strong>, s\u2019appr\u00eatant \u00e0 quitter le pays pour le sommet du G7 au Canada, a appel\u00e9 \u00e0 \u00ab une d\u00e9sescalade rapide \u00bb tout en r\u00e9it\u00e9rant son \u00ab soutien in\u00e9branlable \u00e0 la s\u00e9curit\u00e9 d\u2019Isra\u00ebl \u00bb. Selon plusieurs sources, Trump aurait <strong>mis son veto \u00e0 un projet isra\u00e9lien d\u2019assassinat cibl\u00e9 de l\u2019ayatollah Khamenei<\/strong>, jugeant l\u2019op\u00e9ration \u00ab trop risqu\u00e9e \u00bb.<\/p>\n\n\n\n<p>Alors que la guerre ouverte entre Isra\u00ebl et l\u2019Iran se poursuit, l\u2019ampleur des pertes civiles de part et d\u2019autre inqui\u00e8te les chancelleries internationales. Le Proche-Orient s\u2019installe dans un nouveau cycle de feu, \u00e0 haut risque de d\u00e9bordement r\u00e9gional.<\/p>\n","protected":false},"excerpt":{"rendered":"<p>(Mise \u00e0 jour @9H00) Apr\u00e8s les frappes massives men\u00e9es par Isra\u00ebl contre des cibles iraniennes, y compris la capitale T\u00e9h\u00e9ran, l\u2019Iran a ripost\u00e9 dans la nuit du 15 au 16 juin par une nouvelle salve de missiles. Selon Reuters, ces attaques ont touch\u00e9 Tel\u2011Aviv et Ha\u00effa, causant la mort d\u2019au moins huit personnes et blessant [&hellip;]<\/p>\n","protected":false},"author":4779,"featured_media":377563,"comment_status":"open","ping_status":"open","sticky":false,"template":"","format":"standard","meta":{"footnotes":""},"categories":[2598],"tags":[2600,2912,2636,5060],"class_list":["post-377561","post","type-post","status-publish","format-standard","has-post-thumbnail","hentry","category-international","tag-guerre","tag-iran","tag-israel","tag-missiles"],"yoast_head":"<!-- This site is optimized with the Yoast SEO Premium plugin v27.5 (Yoast SEO v27.5) - https:\/\/yoast.com\/product\/yoast-seo-premium-wordpress\/ -->\n<title>Riposte iranienne apr\u00e8s les frappes \u00e0 T\u00e9h\u00e9ran : au moins 8 morts en Isra\u00ebl - webdo<\/title>\n<meta name=\"description\" content=\"Riposte iranienne apr\u00e8s les frappes \u00e0 T\u00e9h\u00e9ran : d\u00e9couvrez les cons\u00e9quences tragiques et les tensions croissantes entre Isra\u00ebl et l&#039;Iran.\" \/>\n<link rel=\"canonical\" href=\"https:\/\/www.webdo.tn\/fr\/actualite\/international\/riposte-iranienne-apres-les-frappes-a-teheran-israel-deplore-3-morts\/377561\/\" \/>\n<meta property=\"og:locale\" content=\"fr_FR\" \/>\n<meta property=\"og:type\" content=\"article\" \/>\n<meta property=\"og:title\" content=\"Riposte iranienne apr\u00e8s les frappes \u00e0 T\u00e9h\u00e9ran : au moins 8 morts en Isra\u00ebl\" \/>\n<meta property=\"og:description\" content=\"Riposte iranienne apr\u00e8s les frappes \u00e0 T\u00e9h\u00e9ran : d\u00e9couvrez les cons\u00e9quences tragiques et les tensions croissantes entre Isra\u00ebl et l&#039;Iran.\" \/>\n<meta property=\"og:url\" content=\"https:\/\/www.webdo.tn\/fr\/actualite\/international\/riposte-iranienne-apres-les-frappes-a-teheran-israel-deplore-3-morts\/377561\/\" \/>\n<meta property=\"og:site_name\" content=\"webdo\" \/>\n<meta property=\"article:publisher\" content=\"https:\/\/www.facebook.com\/webdotn\" \/>\n<meta property=\"article:published_time\" content=\"2025-06-16T05:48:47+00:00\" \/>\n<meta property=\"article:modified_time\" content=\"2025-06-16T13:09:01+00:00\" \/>\n<meta property=\"og:image\" content=\"https:\/\/www.webdo.tn\/fr\/wp-content\/uploads\/2025\/06\/centre-israel.webp\" \/>\n\t<meta property=\"og:image:width\" content=\"770\" \/>\n\t<meta property=\"og:image:height\" content=\"487\" \/>\n\t<meta property=\"og:image:type\" content=\"image\/webp\" \/>\n<meta name=\"author\" content=\"Firas Ben Abdeltif\" \/>\n<meta name=\"twitter:card\" content=\"summary_large_image\" \/>\n<meta name=\"twitter:creator\" content=\"@webdo_tn\" \/>\n<meta name=\"twitter:site\" content=\"@webdo_tn\" \/>\n<meta name=\"twitter:label1\" content=\"\u00c9crit par\" \/>\n\t<meta name=\"twitter:data1\" content=\"Firas Ben Abdeltif\" \/>\n\t<meta name=\"twitter:label2\" content=\"Dur\u00e9e de lecture estim\u00e9e\" \/>\n\t<meta name=\"twitter:data2\" content=\"3 minutes\" \/>\n<script type=\"application\/ld+json\" class=\"yoast-schema-graph\">{\"@context\":\"https:\\\/\\\/schema.org\",\"@graph\":[{\"@type\":\"NewsArticle\",\"@id\":\"https:\\\/\\\/www.webdo.tn\\\/fr\\\/actualite\\\/international\\\/riposte-iranienne-apres-les-frappes-a-teheran-israel-deplore-3-morts\\\/377561\\\/#article\",\"isPartOf\":{\"@id\":\"https:\\\/\\\/www.webdo.tn\\\/fr\\\/actualite\\\/international\\\/riposte-iranienne-apres-les-frappes-a-teheran-israel-deplore-3-morts\\\/377561\\\/\"},\"author\":{\"name\":\"Firas Ben Abdeltif\",\"@id\":\"https:\\\/\\\/www.webdo.tn\\\/fr\\\/#\\\/schema\\\/person\\\/19664196c9bfdcda126f3c27709f7d11\"},\"headline\":\"Riposte iranienne apr\u00e8s les frappes \u00e0 T\u00e9h\u00e9ran : au moins 8 morts en Isra\u00ebl\",\"datePublished\":\"2025-06-16T05:48:47+00:00\",\"dateModified\":\"2025-06-16T13:09:01+00:00\",\"mainEntityOfPage\":{\"@id\":\"https:\\\/\\\/www.webdo.tn\\\/fr\\\/actualite\\\/international\\\/riposte-iranienne-apres-les-frappes-a-teheran-israel-deplore-3-morts\\\/377561\\\/\"},\"wordCount\":468,\"commentCount\":0,\"publisher\":{\"@id\":\"https:\\\/\\\/www.webdo.tn\\\/fr\\\/#organization\"},\"image\":{\"@id\":\"https:\\\/\\\/www.webdo.tn\\\/fr\\\/actualite\\\/international\\\/riposte-iranienne-apres-les-frappes-a-teheran-israel-deplore-3-morts\\\/377561\\\/#primaryimage\"},\"thumbnailUrl\":\"https:\\\/\\\/www.webdo.tn\\\/fr\\\/wp-content\\\/uploads\\\/2025\\\/06\\\/centre-israel.webp\",\"keywords\":[\"guerre\",\"Iran\",\"isra\u00ebl\",\"missiles\"],\"articleSection\":[\"International\"],\"inLanguage\":\"fr-FR\"},{\"@type\":\"WebPage\",\"@id\":\"https:\\\/\\\/www.webdo.tn\\\/fr\\\/actualite\\\/international\\\/riposte-iranienne-apres-les-frappes-a-teheran-israel-deplore-3-morts\\\/377561\\\/\",\"url\":\"https:\\\/\\\/www.webdo.tn\\\/fr\\\/actualite\\\/international\\\/riposte-iranienne-apres-les-frappes-a-teheran-israel-deplore-3-morts\\\/377561\\\/\",\"name\":\"Riposte iranienne apr\u00e8s les frappes \u00e0 T\u00e9h\u00e9ran : au moins 8 morts en Isra\u00ebl - webdo\",\"isPartOf\":{\"@id\":\"https:\\\/\\\/www.webdo.tn\\\/fr\\\/#website\"},\"primaryImageOfPage\":{\"@id\":\"https:\\\/\\\/www.webdo.tn\\\/fr\\\/actualite\\\/international\\\/riposte-iranienne-apres-les-frappes-a-teheran-israel-deplore-3-morts\\\/377561\\\/#primaryimage\"},\"image\":{\"@id\":\"https:\\\/\\\/www.webdo.tn\\\/fr\\\/actualite\\\/international\\\/riposte-iranienne-apres-les-frappes-a-teheran-israel-deplore-3-morts\\\/377561\\\/#primaryimage\"},\"thumbnailUrl\":\"https:\\\/\\\/www.webdo.tn\\\/fr\\\/wp-content\\\/uploads\\\/2025\\\/06\\\/centre-israel.webp\",\"datePublished\":\"2025-06-16T05:48:47+00:00\",\"dateModified\":\"2025-06-16T13:09:01+00:00\",\"description\":\"Riposte iranienne apr\u00e8s les frappes \u00e0 T\u00e9h\u00e9ran : d\u00e9couvrez les cons\u00e9quences tragiques et les tensions croissantes entre Isra\u00ebl et l'Iran.\",\"breadcrumb\":{\"@id\":\"https:\\\/\\\/www.webdo.tn\\\/fr\\\/actualite\\\/international\\\/riposte-iranienne-apres-les-frappes-a-teheran-israel-deplore-3-morts\\\/377561\\\/#breadcrumb\"},\"inLanguage\":\"fr-FR\",\"potentialAction\":[{\"@type\":\"ReadAction\",\"target\":[\"https:\\\/\\\/www.webdo.tn\\\/fr\\\/actualite\\\/international\\\/riposte-iranienne-apres-les-frappes-a-teheran-israel-deplore-3-morts\\\/377561\\\/\"]}]},{\"@type\":\"ImageObject\",\"inLanguage\":\"fr-FR\",\"@id\":\"https:\\\/\\\/www.webdo.tn\\\/fr\\\/actualite\\\/international\\\/riposte-iranienne-apres-les-frappes-a-teheran-israel-deplore-3-morts\\\/377561\\\/#primaryimage\",\"url\":\"https:\\\/\\\/www.webdo.tn\\\/fr\\\/wp-content\\\/uploads\\\/2025\\\/06\\\/centre-israel.webp\",\"contentUrl\":\"https:\\\/\\\/www.webdo.tn\\\/fr\\\/wp-content\\\/uploads\\\/2025\\\/06\\\/centre-israel.webp\",\"width\":770,\"height\":487,\"caption\":\"Secouristes sur un site d\u2019impact au centre de Tel-Aviv apr\u00e8s des missiles lanc\u00e9s depuis l\u2019Iran, le 16 juin 2025.\"},{\"@type\":\"BreadcrumbList\",\"@id\":\"https:\\\/\\\/www.webdo.tn\\\/fr\\\/actualite\\\/international\\\/riposte-iranienne-apres-les-frappes-a-teheran-israel-deplore-3-morts\\\/377561\\\/#breadcrumb\",\"itemListElement\":[{\"@type\":\"ListItem\",\"position\":1,\"name\":\"Accueil\",\"item\":\"https:\\\/\\\/www.webdo.tn\\\/fr\\\/\"},{\"@type\":\"ListItem\",\"position\":2,\"name\":\"Riposte iranienne apr\u00e8s les frappes \u00e0 T\u00e9h\u00e9ran : au moins 8 morts en Isra\u00ebl\"}]},{\"@type\":\"WebSite\",\"@id\":\"https:\\\/\\\/www.webdo.tn\\\/fr\\\/#website\",\"url\":\"https:\\\/\\\/www.webdo.tn\\\/fr\\\/\",\"name\":\"webdo\",\"description\":\"Tunisie - News en Tunisie et \u00e0 l&#039;international sur Webdo.tn\",\"publisher\":{\"@id\":\"https:\\\/\\\/www.webdo.tn\\\/fr\\\/#organization\"},\"potentialAction\":[{\"@type\":\"SearchAction\",\"target\":{\"@type\":\"EntryPoint\",\"urlTemplate\":\"https:\\\/\\\/www.webdo.tn\\\/fr\\\/?s={search_term_string}\"},\"query-input\":{\"@type\":\"PropertyValueSpecification\",\"valueRequired\":true,\"valueName\":\"search_term_string\"}}],\"inLanguage\":\"fr-FR\"},{\"@type\":\"Organization\",\"@id\":\"https:\\\/\\\/www.webdo.tn\\\/fr\\\/#organization\",\"name\":\"Webdo\",\"alternateName\":\"Webdo.tn\",\"url\":\"https:\\\/\\\/www.webdo.tn\\\/fr\\\/\",\"logo\":{\"@type\":\"ImageObject\",\"inLanguage\":\"fr-FR\",\"@id\":\"https:\\\/\\\/www.webdo.tn\\\/fr\\\/#\\\/schema\\\/logo\\\/image\\\/\",\"url\":\"https:\\\/\\\/www.webdo.tn\\\/fr\\\/wp-content\\\/uploads\\\/2025\\\/06\\\/Webdo-Tunisie_168377.jpg\",\"contentUrl\":\"https:\\\/\\\/www.webdo.tn\\\/fr\\\/wp-content\\\/uploads\\\/2025\\\/06\\\/Webdo-Tunisie_168377.jpg\",\"width\":301,\"height\":301,\"caption\":\"Webdo\"},\"image\":{\"@id\":\"https:\\\/\\\/www.webdo.tn\\\/fr\\\/#\\\/schema\\\/logo\\\/image\\\/\"},\"sameAs\":[\"https:\\\/\\\/www.facebook.com\\\/webdotn\",\"https:\\\/\\\/x.com\\\/webdo_tn\"],\"description\":\"Webdo est un m\u00e9dia num\u00e9rique tunisien fond\u00e9 en 2010, sp\u00e9cialis\u00e9 dans l\u2019actualit\u00e9 nationale et internationale, l\u2019\u00e9conomie, la soci\u00e9t\u00e9 et les analyses politiques. Le site s\u2019adresse \u00e0 un large public francophone et couvre l\u2019information tunisienne en temps r\u00e9el.\",\"email\":\"redac@webdo.tn\",\"legalName\":\"YNJ SARL\",\"foundingDate\":\"2010-09-06\",\"numberOfEmployees\":{\"@type\":\"QuantitativeValue\",\"minValue\":\"11\",\"maxValue\":\"50\"}},{\"@type\":\"Person\",\"@id\":\"https:\\\/\\\/www.webdo.tn\\\/fr\\\/#\\\/schema\\\/person\\\/19664196c9bfdcda126f3c27709f7d11\",\"name\":\"Firas Ben Abdeltif\",\"image\":{\"@type\":\"ImageObject\",\"inLanguage\":\"fr-FR\",\"@id\":\"https:\\\/\\\/secure.gravatar.com\\\/avatar\\\/161a347d40df098a084778c52ed133dbd85f14df003867067c5948081241ec55?s=96&d=mm&r=g\",\"url\":\"https:\\\/\\\/secure.gravatar.com\\\/avatar\\\/161a347d40df098a084778c52ed133dbd85f14df003867067c5948081241ec55?s=96&d=mm&r=g\",\"contentUrl\":\"https:\\\/\\\/secure.gravatar.com\\\/avatar\\\/161a347d40df098a084778c52ed133dbd85f14df003867067c5948081241ec55?s=96&d=mm&r=g\",\"caption\":\"Firas Ben Abdeltif\"},\"url\":\"https:\\\/\\\/www.webdo.tn\\\/fr\\\/actualite\\\/author\\\/firas-ben-abdeltif\\\/\"}]}<\/script>\n<!-- \/ Yoast SEO Premium plugin. -->","yoast_head_json":{"title":"Riposte iranienne apr\u00e8s les frappes \u00e0 T\u00e9h\u00e9ran : au moins 8 morts en Isra\u00ebl - webdo","description":"Riposte iranienne apr\u00e8s les frappes \u00e0 T\u00e9h\u00e9ran : d\u00e9couvrez les cons\u00e9quences tragiques et les tensions croissantes entre Isra\u00ebl et l'Iran.","canonical":"https:\/\/www.webdo.tn\/fr\/actualite\/international\/riposte-iranienne-apres-les-frappes-a-teheran-israel-deplore-3-morts\/377561\/","og_locale":"fr_FR","og_type":"article","og_title":"Riposte iranienne apr\u00e8s les frappes \u00e0 T\u00e9h\u00e9ran : au moins 8 morts en Isra\u00ebl","og_description":"Riposte iranienne apr\u00e8s les frappes \u00e0 T\u00e9h\u00e9ran : d\u00e9couvrez les cons\u00e9quences tragiques et les tensions croissantes entre Isra\u00ebl et l'Iran.","og_url":"https:\/\/www.webdo.tn\/fr\/actualite\/international\/riposte-iranienne-apres-les-frappes-a-teheran-israel-deplore-3-morts\/377561\/","og_site_name":"webdo","article_publisher":"https:\/\/www.facebook.com\/webdotn","article_published_time":"2025-06-16T05:48:47+00:00","article_modified_time":"2025-06-16T13:09:01+00:00","og_image":[{"width":770,"height":487,"url":"https:\/\/www.webdo.tn\/fr\/wp-content\/uploads\/2025\/06\/centre-israel.webp","type":"image\/webp"}],"author":"Firas Ben Abdeltif","twitter_card":"summary_large_image","twitter_creator":"@webdo_tn","twitter_site":"@webdo_tn","twitter_misc":{"\u00c9crit par":"Firas Ben Abdeltif","Dur\u00e9e de lecture estim\u00e9e":"3 minutes"},"schema":{"@context":"https:\/\/schema.org","@graph":[{"@type":"NewsArticle","@id":"https:\/\/www.webdo.tn\/fr\/actualite\/international\/riposte-iranienne-apres-les-frappes-a-teheran-israel-deplore-3-morts\/377561\/#article","isPartOf":{"@id":"https:\/\/www.webdo.tn\/fr\/actualite\/international\/riposte-iranienne-apres-les-frappes-a-teheran-israel-deplore-3-morts\/377561\/"},"author":{"name":"Firas Ben Abdeltif","@id":"https:\/\/www.webdo.tn\/fr\/#\/schema\/person\/19664196c9bfdcda126f3c27709f7d11"},"headline":"Riposte iranienne apr\u00e8s les frappes \u00e0 T\u00e9h\u00e9ran : au moins 8 morts en Isra\u00ebl","datePublished":"2025-06-16T05:48:47+00:00","dateModified":"2025-06-16T13:09:01+00:00","mainEntityOfPage":{"@id":"https:\/\/www.webdo.tn\/fr\/actualite\/international\/riposte-iranienne-apres-les-frappes-a-teheran-israel-deplore-3-morts\/377561\/"},"wordCount":468,"commentCount":0,"publisher":{"@id":"https:\/\/www.webdo.tn\/fr\/#organization"},"image":{"@id":"https:\/\/www.webdo.tn\/fr\/actualite\/international\/riposte-iranienne-apres-les-frappes-a-teheran-israel-deplore-3-morts\/377561\/#primaryimage"},"thumbnailUrl":"https:\/\/www.webdo.tn\/fr\/wp-content\/uploads\/2025\/06\/centre-israel.webp","keywords":["guerre","Iran","isra\u00ebl","missiles"],"articleSection":["International"],"inLanguage":"fr-FR"},{"@type":"WebPage","@id":"https:\/\/www.webdo.tn\/fr\/actualite\/international\/riposte-iranienne-apres-les-frappes-a-teheran-israel-deplore-3-morts\/377561\/","url":"https:\/\/www.webdo.tn\/fr\/actualite\/international\/riposte-iranienne-apres-les-frappes-a-teheran-israel-deplore-3-morts\/377561\/","name":"Riposte iranienne apr\u00e8s les frappes \u00e0 T\u00e9h\u00e9ran : au moins 8 morts en Isra\u00ebl - webdo","isPartOf":{"@id":"https:\/\/www.webdo.tn\/fr\/#website"},"primaryImageOfPage":{"@id":"https:\/\/www.webdo.tn\/fr\/actualite\/international\/riposte-iranienne-apres-les-frappes-a-teheran-israel-deplore-3-morts\/377561\/#primaryimage"},"image":{"@id":"https:\/\/www.webdo.tn\/fr\/actualite\/international\/riposte-iranienne-apres-les-frappes-a-teheran-israel-deplore-3-morts\/377561\/#primaryimage"},"thumbnailUrl":"https:\/\/www.webdo.tn\/fr\/wp-content\/uploads\/2025\/06\/centre-israel.webp","datePublished":"2025-06-16T05:48:47+00:00","dateModified":"2025-06-16T13:09:01+00:00","description":"Riposte iranienne apr\u00e8s les frappes \u00e0 T\u00e9h\u00e9ran : d\u00e9couvrez les cons\u00e9quences tragiques et les tensions croissantes entre Isra\u00ebl et l'Iran.","breadcrumb":{"@id":"https:\/\/www.webdo.tn\/fr\/actualite\/international\/riposte-iranienne-apres-les-frappes-a-teheran-israel-deplore-3-morts\/377561\/#breadcrumb"},"inLanguage":"fr-FR","potentialAction":[{"@type":"ReadAction","target":["https:\/\/www.webdo.tn\/fr\/actualite\/international\/riposte-iranienne-apres-les-frappes-a-teheran-israel-deplore-3-morts\/377561\/"]}]},{"@type":"ImageObject","inLanguage":"fr-FR","@id":"https:\/\/www.webdo.tn\/fr\/actualite\/international\/riposte-iranienne-apres-les-frappes-a-teheran-israel-deplore-3-morts\/377561\/#primaryimage","url":"https:\/\/www.webdo.tn\/fr\/wp-content\/uploads\/2025\/06\/centre-israel.webp","contentUrl":"https:\/\/www.webdo.tn\/fr\/wp-content\/uploads\/2025\/06\/centre-israel.webp","width":770,"height":487,"caption":"Secouristes sur un site d\u2019impact au centre de Tel-Aviv apr\u00e8s des missiles lanc\u00e9s depuis l\u2019Iran, le 16 juin 2025."},{"@type":"BreadcrumbList","@id":"https:\/\/www.webdo.tn\/fr\/actualite\/international\/riposte-iranienne-apres-les-frappes-a-teheran-israel-deplore-3-morts\/377561\/#breadcrumb","itemListElement":[{"@type":"ListItem","position":1,"name":"Accueil","item":"https:\/\/www.webdo.tn\/fr\/"},{"@type":"ListItem","position":2,"name":"Riposte iranienne apr\u00e8s les frappes \u00e0 T\u00e9h\u00e9ran : au moins 8 morts en Isra\u00ebl"}]},{"@type":"WebSite","@id":"https:\/\/www.webdo.tn\/fr\/#website","url":"https:\/\/www.webdo.tn\/fr\/","name":"webdo","description":"Tunisie - News en Tunisie et \u00e0 l&#039;international sur Webdo.tn","publisher":{"@id":"https:\/\/www.webdo.tn\/fr\/#organization"},"potentialAction":[{"@type":"SearchAction","target":{"@type":"EntryPoint","urlTemplate":"https:\/\/www.webdo.tn\/fr\/?s={search_term_string}"},"query-input":{"@type":"PropertyValueSpecification","valueRequired":true,"valueName":"search_term_string"}}],"inLanguage":"fr-FR"},{"@type":"Organization","@id":"https:\/\/www.webdo.tn\/fr\/#organization","name":"Webdo","alternateName":"Webdo.tn","url":"https:\/\/www.webdo.tn\/fr\/","logo":{"@type":"ImageObject","inLanguage":"fr-FR","@id":"https:\/\/www.webdo.tn\/fr\/#\/schema\/logo\/image\/","url":"https:\/\/www.webdo.tn\/fr\/wp-content\/uploads\/2025\/06\/Webdo-Tunisie_168377.jpg","contentUrl":"https:\/\/www.webdo.tn\/fr\/wp-content\/uploads\/2025\/06\/Webdo-Tunisie_168377.jpg","width":301,"height":301,"caption":"Webdo"},"image":{"@id":"https:\/\/www.webdo.tn\/fr\/#\/schema\/logo\/image\/"},"sameAs":["https:\/\/www.facebook.com\/webdotn","https:\/\/x.com\/webdo_tn"],"description":"Webdo est un m\u00e9dia num\u00e9rique tunisien fond\u00e9 en 2010, sp\u00e9cialis\u00e9 dans l\u2019actualit\u00e9 nationale et internationale, l\u2019\u00e9conomie, la soci\u00e9t\u00e9 et les analyses politiques. Le site s\u2019adresse \u00e0 un large public francophone et couvre l\u2019information tunisienne en temps r\u00e9el.","email":"redac@webdo.tn","legalName":"YNJ SARL","foundingDate":"2010-09-06","numberOfEmployees":{"@type":"QuantitativeValue","minValue":"11","maxValue":"50"}},{"@type":"Person","@id":"https:\/\/www.webdo.tn\/fr\/#\/schema\/person\/19664196c9bfdcda126f3c27709f7d11","name":"Firas Ben Abdeltif","image":{"@type":"ImageObject","inLanguage":"fr-FR","@id":"https:\/\/secure.gravatar.com\/avatar\/161a347d40df098a084778c52ed133dbd85f14df003867067c5948081241ec55?s=96&d=mm&r=g","url":"https:\/\/secure.gravatar.com\/avatar\/161a347d40df098a084778c52ed133dbd85f14df003867067c5948081241ec55?s=96&d=mm&r=g","contentUrl":"https:\/\/secure.gravatar.com\/avatar\/161a347d40df098a084778c52ed133dbd85f14df003867067c5948081241ec55?s=96&d=mm&r=g","caption":"Firas Ben Abdeltif"},"url":"https:\/\/www.webdo.tn\/fr\/actualite\/author\/firas-ben-abdeltif\/"}]}},"_links":{"self":[{"href":"https:\/\/www.webdo.tn\/fr\/wp-json\/wp\/v2\/posts\/377561","targetHints":{"allow":["GET"]}}],"collection":[{"href":"https:\/\/www.webdo.tn\/fr\/wp-json\/wp\/v2\/posts"}],"about":[{"href":"https:\/\/www.webdo.tn\/fr\/wp-json\/wp\/v2\/types\/post"}],"author":[{"embeddable":true,"href":"https:\/\/www.webdo.tn\/fr\/wp-json\/wp\/v2\/users\/4779"}],"replies":[{"embeddable":true,"href":"https:\/\/www.webdo.tn\/fr\/wp-json\/wp\/v2\/comments?post=377561"}],"version-history":[{"count":0,"href":"https:\/\/www.webdo.tn\/fr\/wp-json\/wp\/v2\/posts\/377561\/revisions"}],"wp:featuredmedia":[{"embeddable":true,"href":"https:\/\/www.webdo.tn\/fr\/wp-json\/wp\/v2\/media\/377563"}],"wp:attachment":[{"href":"https:\/\/www.webdo.tn\/fr\/wp-json\/wp\/v2\/media?parent=377561"}],"wp:term":[{"taxonomy":"category","embeddable":true,"href":"https:\/\/www.webdo.tn\/fr\/wp-json\/wp\/v2\/categories?post=377561"},{"taxonomy":"post_tag","embeddable":true,"href":"https:\/\/www.webdo.tn\/fr\/wp-json\/wp\/v2\/tags?post=377561"}],"curies":[{"name":"wp","href":"https:\/\/api.w.org\/{rel}","templated":true}]}}