{"id":377502,"date":"2025-06-15T09:55:46","date_gmt":"2025-06-15T08:55:46","guid":{"rendered":"https:\/\/www.webdo.tn\/fr\/?p=377502"},"modified":"2025-06-15T09:55:47","modified_gmt":"2025-06-15T08:55:47","slug":"des-tunisiens-de-suisse-offrent-200-bus-pour-renforcer-le-transport-public","status":"publish","type":"post","link":"https:\/\/www.webdo.tn\/fr\/actualite\/national\/des-tunisiens-de-suisse-offrent-200-bus-pour-renforcer-le-transport-public\/377502\/","title":{"rendered":"Des Tunisiens de Suisse offrent 200 bus pour renforcer le transport public"},"content":{"rendered":"\n<p><strong>Le pr\u00e9sident Ka\u00efs Sa\u00efed a re\u00e7u, le 14 juin au palais de Carthage, quatre Tunisiens r\u00e9sidant en Suisse : Lilia Dridi, Chaouki Dar\u00e2aoui, Lass\u00e2ad Limam<\/strong> <strong>et Fadi Betta\u00efeb. Avec d&rsquo;autres b\u00e9n\u00e9voles, ils ont men\u00e9 des d\u00e9marches pour fournir \u00e0 la Tunisie pr\u00e8s de 200 bus en bon \u00e9tat, encore utilis\u00e9s en Suisse, ainsi que des pi\u00e8ces de rechange.<\/strong><\/p>\n\n\n\n<p>Le pr\u00e9sident a salu\u00e9 leurs efforts engag\u00e9s depuis 2023 pour concr\u00e9tiser ce projet, soulignant son importance pour les infrastructures publiques. Il a rappel\u00e9 que la Tunisie ne peut accepter que ce qui respecte sa dignit\u00e9 et celle de son peuple.<\/p>\n\n\n\n<p>L\u2019entretien a aussi port\u00e9 sur le r\u00f4le des Tunisiens de l\u2019\u00e9tranger dans le soutien \u00e0 l\u2019\u00e9conomie nationale et la n\u00e9cessit\u00e9 de simplifier les d\u00e9marches pour faciliter leur contribution. Le pr\u00e9sident a \u00e9voqu\u00e9 les obstacles rencontr\u00e9s par certains \u00e0 l\u2019\u00e9tranger ou \u00e0 leur retour en Tunisie, appelant \u00e0 les supprimer rapidement.<\/p>\n\n\n\n<p>Ka\u00efs Sa\u00efed a \u00e9galement d\u00e9nonc\u00e9 des tentatives de d\u00e9tourner les bus vers un autre pays, avec l&rsquo;appui de certaines parties \u00e0 l\u2019\u00e9tranger et, regrettablement, en Tunisie. Il a affirm\u00e9 que ceux qui nuisent \u00e0 de telles initiatives n\u2019auront plus leur place dans l\u2019administration.<\/p>\n\n\n\n<p>Il a conclu en r\u00e9affirmant sa volont\u00e9 de construire une Tunisie dirig\u00e9e par des responsables patriotes, attach\u00e9s \u00e0 l\u2019int\u00e9r\u00eat g\u00e9n\u00e9ral et \u00e0 la souverainet\u00e9 du pays.<\/p>\n","protected":false},"excerpt":{"rendered":"<p>Le pr\u00e9sident Ka\u00efs Sa\u00efed a re\u00e7u, le 14 juin au palais de Carthage, quatre Tunisiens r\u00e9sidant en Suisse : Lilia Dridi, Chaouki Dar\u00e2aoui, Lass\u00e2ad Limam et Fadi Betta\u00efeb. Avec d&rsquo;autres b\u00e9n\u00e9voles, ils ont men\u00e9 des d\u00e9marches pour fournir \u00e0 la Tunisie pr\u00e8s de 200 bus en bon \u00e9tat, encore utilis\u00e9s en Suisse, ainsi que des [&hellip;]<\/p>\n","protected":false},"author":4782,"featured_media":377506,"comment_status":"open","ping_status":"open","sticky":false,"template":"","format":"standard","meta":{"footnotes":""},"categories":[44],"tags":[2614,2818,2608],"class_list":["post-377502","post","type-post","status-publish","format-standard","has-post-thumbnail","hentry","category-national","tag-kais-saied","tag-transport","tag-tunisie"],"yoast_head":"<!-- This site is optimized with the Yoast SEO Premium plugin v27.4 (Yoast SEO v27.5) - https:\/\/yoast.com\/product\/yoast-seo-premium-wordpress\/ -->\n<title>Des Tunisiens de Suisse offrent 200 bus pour renforcer le transport public - webdo<\/title>\n<meta name=\"description\" content=\"Le pr\u00e9sident Ka\u00efs Sa\u00efed re\u00e7oit des Tunisiens de Suisse qui offrent 200 bus \u00e0 la Tunisie pour un projet ambitieux.\" \/>\n<link rel=\"canonical\" href=\"https:\/\/www.webdo.tn\/fr\/actualite\/national\/des-tunisiens-de-suisse-offrent-200-bus-pour-renforcer-le-transport-public\/377502\/\" \/>\n<meta property=\"og:locale\" content=\"fr_FR\" \/>\n<meta property=\"og:type\" content=\"article\" \/>\n<meta property=\"og:title\" content=\"Des Tunisiens de Suisse offrent 200 bus pour renforcer le transport public\" \/>\n<meta property=\"og:description\" content=\"Le pr\u00e9sident Ka\u00efs Sa\u00efed re\u00e7oit des Tunisiens de Suisse qui offrent 200 bus \u00e0 la Tunisie pour un projet ambitieux.\" \/>\n<meta property=\"og:url\" content=\"https:\/\/www.webdo.tn\/fr\/actualite\/national\/des-tunisiens-de-suisse-offrent-200-bus-pour-renforcer-le-transport-public\/377502\/\" \/>\n<meta property=\"og:site_name\" content=\"webdo\" \/>\n<meta property=\"article:publisher\" content=\"https:\/\/www.facebook.com\/webdotn\" \/>\n<meta property=\"article:published_time\" content=\"2025-06-15T08:55:46+00:00\" \/>\n<meta property=\"article:modified_time\" content=\"2025-06-15T08:55:47+00:00\" \/>\n<meta property=\"og:image\" content=\"https:\/\/www.webdo.tn\/fr\/wp-content\/uploads\/2025\/06\/506842415_1127784659380133_4350335609609401842_n.jpg\" \/>\n\t<meta property=\"og:image:width\" content=\"2048\" \/>\n\t<meta property=\"og:image:height\" content=\"1273\" \/>\n\t<meta property=\"og:image:type\" content=\"image\/jpeg\" \/>\n<meta name=\"author\" content=\"Mohamed Fethi\" \/>\n<meta name=\"twitter:card\" content=\"summary_large_image\" \/>\n<meta name=\"twitter:creator\" content=\"@webdo_tn\" \/>\n<meta name=\"twitter:site\" content=\"@webdo_tn\" \/>\n<meta name=\"twitter:label1\" content=\"\u00c9crit par\" \/>\n\t<meta name=\"twitter:data1\" content=\"Mohamed Fethi\" \/>\n\t<meta name=\"twitter:label2\" content=\"Dur\u00e9e de lecture estim\u00e9e\" \/>\n\t<meta name=\"twitter:data2\" content=\"2 minutes\" \/>\n<script type=\"application\/ld+json\" class=\"yoast-schema-graph\">{\"@context\":\"https:\\\/\\\/schema.org\",\"@graph\":[{\"@type\":\"NewsArticle\",\"@id\":\"https:\\\/\\\/www.webdo.tn\\\/fr\\\/actualite\\\/national\\\/des-tunisiens-de-suisse-offrent-200-bus-pour-renforcer-le-transport-public\\\/377502\\\/#article\",\"isPartOf\":{\"@id\":\"https:\\\/\\\/www.webdo.tn\\\/fr\\\/actualite\\\/national\\\/des-tunisiens-de-suisse-offrent-200-bus-pour-renforcer-le-transport-public\\\/377502\\\/\"},\"author\":{\"name\":\"Mohamed Fethi\",\"@id\":\"https:\\\/\\\/www.webdo.tn\\\/fr\\\/#\\\/schema\\\/person\\\/16a4857e77dfc0b610c4c2cadffc9ac4\"},\"headline\":\"Des Tunisiens de Suisse offrent 200 bus pour renforcer le transport public\",\"datePublished\":\"2025-06-15T08:55:46+00:00\",\"dateModified\":\"2025-06-15T08:55:47+00:00\",\"mainEntityOfPage\":{\"@id\":\"https:\\\/\\\/www.webdo.tn\\\/fr\\\/actualite\\\/national\\\/des-tunisiens-de-suisse-offrent-200-bus-pour-renforcer-le-transport-public\\\/377502\\\/\"},\"wordCount\":258,\"commentCount\":0,\"publisher\":{\"@id\":\"https:\\\/\\\/www.webdo.tn\\\/fr\\\/#organization\"},\"image\":{\"@id\":\"https:\\\/\\\/www.webdo.tn\\\/fr\\\/actualite\\\/national\\\/des-tunisiens-de-suisse-offrent-200-bus-pour-renforcer-le-transport-public\\\/377502\\\/#primaryimage\"},\"thumbnailUrl\":\"https:\\\/\\\/www.webdo.tn\\\/fr\\\/wp-content\\\/uploads\\\/2025\\\/06\\\/506842415_1127784659380133_4350335609609401842_n.jpg\",\"keywords\":[\"Kais Saied\",\"Transport\",\"Tunisie\"],\"articleSection\":[\"National\"],\"inLanguage\":\"fr-FR\"},{\"@type\":\"WebPage\",\"@id\":\"https:\\\/\\\/www.webdo.tn\\\/fr\\\/actualite\\\/national\\\/des-tunisiens-de-suisse-offrent-200-bus-pour-renforcer-le-transport-public\\\/377502\\\/\",\"url\":\"https:\\\/\\\/www.webdo.tn\\\/fr\\\/actualite\\\/national\\\/des-tunisiens-de-suisse-offrent-200-bus-pour-renforcer-le-transport-public\\\/377502\\\/\",\"name\":\"Des Tunisiens de Suisse offrent 200 bus pour renforcer le transport public - webdo\",\"isPartOf\":{\"@id\":\"https:\\\/\\\/www.webdo.tn\\\/fr\\\/#website\"},\"primaryImageOfPage\":{\"@id\":\"https:\\\/\\\/www.webdo.tn\\\/fr\\\/actualite\\\/national\\\/des-tunisiens-de-suisse-offrent-200-bus-pour-renforcer-le-transport-public\\\/377502\\\/#primaryimage\"},\"image\":{\"@id\":\"https:\\\/\\\/www.webdo.tn\\\/fr\\\/actualite\\\/national\\\/des-tunisiens-de-suisse-offrent-200-bus-pour-renforcer-le-transport-public\\\/377502\\\/#primaryimage\"},\"thumbnailUrl\":\"https:\\\/\\\/www.webdo.tn\\\/fr\\\/wp-content\\\/uploads\\\/2025\\\/06\\\/506842415_1127784659380133_4350335609609401842_n.jpg\",\"datePublished\":\"2025-06-15T08:55:46+00:00\",\"dateModified\":\"2025-06-15T08:55:47+00:00\",\"description\":\"Le pr\u00e9sident Ka\u00efs Sa\u00efed re\u00e7oit des Tunisiens de Suisse qui offrent 200 bus \u00e0 la Tunisie pour un projet ambitieux.\",\"breadcrumb\":{\"@id\":\"https:\\\/\\\/www.webdo.tn\\\/fr\\\/actualite\\\/national\\\/des-tunisiens-de-suisse-offrent-200-bus-pour-renforcer-le-transport-public\\\/377502\\\/#breadcrumb\"},\"inLanguage\":\"fr-FR\",\"potentialAction\":[{\"@type\":\"ReadAction\",\"target\":[\"https:\\\/\\\/www.webdo.tn\\\/fr\\\/actualite\\\/national\\\/des-tunisiens-de-suisse-offrent-200-bus-pour-renforcer-le-transport-public\\\/377502\\\/\"]}]},{\"@type\":\"ImageObject\",\"inLanguage\":\"fr-FR\",\"@id\":\"https:\\\/\\\/www.webdo.tn\\\/fr\\\/actualite\\\/national\\\/des-tunisiens-de-suisse-offrent-200-bus-pour-renforcer-le-transport-public\\\/377502\\\/#primaryimage\",\"url\":\"https:\\\/\\\/www.webdo.tn\\\/fr\\\/wp-content\\\/uploads\\\/2025\\\/06\\\/506842415_1127784659380133_4350335609609401842_n.jpg\",\"contentUrl\":\"https:\\\/\\\/www.webdo.tn\\\/fr\\\/wp-content\\\/uploads\\\/2025\\\/06\\\/506842415_1127784659380133_4350335609609401842_n.jpg\",\"width\":2048,\"height\":1273},{\"@type\":\"BreadcrumbList\",\"@id\":\"https:\\\/\\\/www.webdo.tn\\\/fr\\\/actualite\\\/national\\\/des-tunisiens-de-suisse-offrent-200-bus-pour-renforcer-le-transport-public\\\/377502\\\/#breadcrumb\",\"itemListElement\":[{\"@type\":\"ListItem\",\"position\":1,\"name\":\"Accueil\",\"item\":\"https:\\\/\\\/www.webdo.tn\\\/fr\\\/\"},{\"@type\":\"ListItem\",\"position\":2,\"name\":\"Des Tunisiens de Suisse offrent 200 bus pour renforcer le transport public\"}]},{\"@type\":\"WebSite\",\"@id\":\"https:\\\/\\\/www.webdo.tn\\\/fr\\\/#website\",\"url\":\"https:\\\/\\\/www.webdo.tn\\\/fr\\\/\",\"name\":\"webdo\",\"description\":\"Tunisie - News en Tunisie et \u00e0 l&#039;international sur Webdo.tn\",\"publisher\":{\"@id\":\"https:\\\/\\\/www.webdo.tn\\\/fr\\\/#organization\"},\"potentialAction\":[{\"@type\":\"SearchAction\",\"target\":{\"@type\":\"EntryPoint\",\"urlTemplate\":\"https:\\\/\\\/www.webdo.tn\\\/fr\\\/?s={search_term_string}\"},\"query-input\":{\"@type\":\"PropertyValueSpecification\",\"valueRequired\":true,\"valueName\":\"search_term_string\"}}],\"inLanguage\":\"fr-FR\"},{\"@type\":\"Organization\",\"@id\":\"https:\\\/\\\/www.webdo.tn\\\/fr\\\/#organization\",\"name\":\"Webdo\",\"alternateName\":\"Webdo.tn\",\"url\":\"https:\\\/\\\/www.webdo.tn\\\/fr\\\/\",\"logo\":{\"@type\":\"ImageObject\",\"inLanguage\":\"fr-FR\",\"@id\":\"https:\\\/\\\/www.webdo.tn\\\/fr\\\/#\\\/schema\\\/logo\\\/image\\\/\",\"url\":\"https:\\\/\\\/www.webdo.tn\\\/fr\\\/wp-content\\\/uploads\\\/2025\\\/06\\\/Webdo-Tunisie_168377.jpg\",\"contentUrl\":\"https:\\\/\\\/www.webdo.tn\\\/fr\\\/wp-content\\\/uploads\\\/2025\\\/06\\\/Webdo-Tunisie_168377.jpg\",\"width\":301,\"height\":301,\"caption\":\"Webdo\"},\"image\":{\"@id\":\"https:\\\/\\\/www.webdo.tn\\\/fr\\\/#\\\/schema\\\/logo\\\/image\\\/\"},\"sameAs\":[\"https:\\\/\\\/www.facebook.com\\\/webdotn\",\"https:\\\/\\\/x.com\\\/webdo_tn\"],\"description\":\"Webdo est un m\u00e9dia num\u00e9rique tunisien fond\u00e9 en 2010, sp\u00e9cialis\u00e9 dans l\u2019actualit\u00e9 nationale et internationale, l\u2019\u00e9conomie, la soci\u00e9t\u00e9 et les analyses politiques. Le site s\u2019adresse \u00e0 un large public francophone et couvre l\u2019information tunisienne en temps r\u00e9el.\",\"email\":\"redac@webdo.tn\",\"legalName\":\"YNJ SARL\",\"foundingDate\":\"2010-09-06\",\"numberOfEmployees\":{\"@type\":\"QuantitativeValue\",\"minValue\":\"11\",\"maxValue\":\"50\"}},{\"@type\":\"Person\",\"@id\":\"https:\\\/\\\/www.webdo.tn\\\/fr\\\/#\\\/schema\\\/person\\\/16a4857e77dfc0b610c4c2cadffc9ac4\",\"name\":\"Mohamed Fethi\",\"image\":{\"@type\":\"ImageObject\",\"inLanguage\":\"fr-FR\",\"@id\":\"https:\\\/\\\/www.webdo.tn\\\/fr\\\/wp-content\\\/uploads\\\/2026\\\/04\\\/mohamed-fethi_avatar_1-96x96.jpg\",\"url\":\"https:\\\/\\\/www.webdo.tn\\\/fr\\\/wp-content\\\/uploads\\\/2026\\\/04\\\/mohamed-fethi_avatar_1-96x96.jpg\",\"contentUrl\":\"https:\\\/\\\/www.webdo.tn\\\/fr\\\/wp-content\\\/uploads\\\/2026\\\/04\\\/mohamed-fethi_avatar_1-96x96.jpg\",\"caption\":\"Mohamed Fethi\"},\"description\":\"Signature \u00e9ditoriale de Maher Chaabane Mohamed Fethi est le pseudonyme \u00e9ditorial de Maher Chaabane, r\u00e9dacteur en chef de Webdo.tn depuis 2012. Cette signature est d\u00e9di\u00e9e au traitement intensif de l'actualit\u00e9 nationale et internationale en temps r\u00e9el. S'appuyant sur les deux d\u00e9cennies d'expertise journalistique de Maher Chaabane \u2014 d\u00e9but\u00e9e au sein du groupe Tunis Hebdo en 2000 \u2014 Mohamed Fethi assure une veille rigoureuse sur les enjeux politiques, \u00e9conomiques et sportifs. Sa mission est de garantir une information structur\u00e9e, fluide et fid\u00e8le aux standards de la r\u00e9daction. Pour consulter le parcours complet du r\u00e9dacteur en chef, visitez le profil officiel de Maher Chaabane.\",\"knowsAbout\":[\"actualit\u00e9\",\"journalisme\",\"information\",\"politique\",\"sport\",\"m\u00e9dias\",\"actualit\u00e9 internationale\"],\"knowsLanguage\":[\"Fran\u00e7ais\",\"Arabe\"],\"jobTitle\":\"Journaliste \u2013 R\u00e9daction Webdo\",\"worksFor\":\"Webdo.tn\",\"url\":\"https:\\\/\\\/www.webdo.tn\\\/fr\\\/actualite\\\/author\\\/mohamed-fethi\\\/\"}]}<\/script>\n<!-- \/ Yoast SEO Premium plugin. -->","yoast_head_json":{"title":"Des Tunisiens de Suisse offrent 200 bus pour renforcer le transport public - webdo","description":"Le pr\u00e9sident Ka\u00efs Sa\u00efed re\u00e7oit des Tunisiens de Suisse qui offrent 200 bus \u00e0 la Tunisie pour un projet ambitieux.","canonical":"https:\/\/www.webdo.tn\/fr\/actualite\/national\/des-tunisiens-de-suisse-offrent-200-bus-pour-renforcer-le-transport-public\/377502\/","og_locale":"fr_FR","og_type":"article","og_title":"Des Tunisiens de Suisse offrent 200 bus pour renforcer le transport public","og_description":"Le pr\u00e9sident Ka\u00efs Sa\u00efed re\u00e7oit des Tunisiens de Suisse qui offrent 200 bus \u00e0 la Tunisie pour un projet ambitieux.","og_url":"https:\/\/www.webdo.tn\/fr\/actualite\/national\/des-tunisiens-de-suisse-offrent-200-bus-pour-renforcer-le-transport-public\/377502\/","og_site_name":"webdo","article_publisher":"https:\/\/www.facebook.com\/webdotn","article_published_time":"2025-06-15T08:55:46+00:00","article_modified_time":"2025-06-15T08:55:47+00:00","og_image":[{"width":2048,"height":1273,"url":"https:\/\/www.webdo.tn\/fr\/wp-content\/uploads\/2025\/06\/506842415_1127784659380133_4350335609609401842_n.jpg","type":"image\/jpeg"}],"author":"Mohamed Fethi","twitter_card":"summary_large_image","twitter_creator":"@webdo_tn","twitter_site":"@webdo_tn","twitter_misc":{"\u00c9crit par":"Mohamed Fethi","Dur\u00e9e de lecture estim\u00e9e":"2 minutes"},"schema":{"@context":"https:\/\/schema.org","@graph":[{"@type":"NewsArticle","@id":"https:\/\/www.webdo.tn\/fr\/actualite\/national\/des-tunisiens-de-suisse-offrent-200-bus-pour-renforcer-le-transport-public\/377502\/#article","isPartOf":{"@id":"https:\/\/www.webdo.tn\/fr\/actualite\/national\/des-tunisiens-de-suisse-offrent-200-bus-pour-renforcer-le-transport-public\/377502\/"},"author":{"name":"Mohamed Fethi","@id":"https:\/\/www.webdo.tn\/fr\/#\/schema\/person\/16a4857e77dfc0b610c4c2cadffc9ac4"},"headline":"Des Tunisiens de Suisse offrent 200 bus pour renforcer le transport public","datePublished":"2025-06-15T08:55:46+00:00","dateModified":"2025-06-15T08:55:47+00:00","mainEntityOfPage":{"@id":"https:\/\/www.webdo.tn\/fr\/actualite\/national\/des-tunisiens-de-suisse-offrent-200-bus-pour-renforcer-le-transport-public\/377502\/"},"wordCount":258,"commentCount":0,"publisher":{"@id":"https:\/\/www.webdo.tn\/fr\/#organization"},"image":{"@id":"https:\/\/www.webdo.tn\/fr\/actualite\/national\/des-tunisiens-de-suisse-offrent-200-bus-pour-renforcer-le-transport-public\/377502\/#primaryimage"},"thumbnailUrl":"https:\/\/www.webdo.tn\/fr\/wp-content\/uploads\/2025\/06\/506842415_1127784659380133_4350335609609401842_n.jpg","keywords":["Kais Saied","Transport","Tunisie"],"articleSection":["National"],"inLanguage":"fr-FR"},{"@type":"WebPage","@id":"https:\/\/www.webdo.tn\/fr\/actualite\/national\/des-tunisiens-de-suisse-offrent-200-bus-pour-renforcer-le-transport-public\/377502\/","url":"https:\/\/www.webdo.tn\/fr\/actualite\/national\/des-tunisiens-de-suisse-offrent-200-bus-pour-renforcer-le-transport-public\/377502\/","name":"Des Tunisiens de Suisse offrent 200 bus pour renforcer le transport public - webdo","isPartOf":{"@id":"https:\/\/www.webdo.tn\/fr\/#website"},"primaryImageOfPage":{"@id":"https:\/\/www.webdo.tn\/fr\/actualite\/national\/des-tunisiens-de-suisse-offrent-200-bus-pour-renforcer-le-transport-public\/377502\/#primaryimage"},"image":{"@id":"https:\/\/www.webdo.tn\/fr\/actualite\/national\/des-tunisiens-de-suisse-offrent-200-bus-pour-renforcer-le-transport-public\/377502\/#primaryimage"},"thumbnailUrl":"https:\/\/www.webdo.tn\/fr\/wp-content\/uploads\/2025\/06\/506842415_1127784659380133_4350335609609401842_n.jpg","datePublished":"2025-06-15T08:55:46+00:00","dateModified":"2025-06-15T08:55:47+00:00","description":"Le pr\u00e9sident Ka\u00efs Sa\u00efed re\u00e7oit des Tunisiens de Suisse qui offrent 200 bus \u00e0 la Tunisie pour un projet ambitieux.","breadcrumb":{"@id":"https:\/\/www.webdo.tn\/fr\/actualite\/national\/des-tunisiens-de-suisse-offrent-200-bus-pour-renforcer-le-transport-public\/377502\/#breadcrumb"},"inLanguage":"fr-FR","potentialAction":[{"@type":"ReadAction","target":["https:\/\/www.webdo.tn\/fr\/actualite\/national\/des-tunisiens-de-suisse-offrent-200-bus-pour-renforcer-le-transport-public\/377502\/"]}]},{"@type":"ImageObject","inLanguage":"fr-FR","@id":"https:\/\/www.webdo.tn\/fr\/actualite\/national\/des-tunisiens-de-suisse-offrent-200-bus-pour-renforcer-le-transport-public\/377502\/#primaryimage","url":"https:\/\/www.webdo.tn\/fr\/wp-content\/uploads\/2025\/06\/506842415_1127784659380133_4350335609609401842_n.jpg","contentUrl":"https:\/\/www.webdo.tn\/fr\/wp-content\/uploads\/2025\/06\/506842415_1127784659380133_4350335609609401842_n.jpg","width":2048,"height":1273},{"@type":"BreadcrumbList","@id":"https:\/\/www.webdo.tn\/fr\/actualite\/national\/des-tunisiens-de-suisse-offrent-200-bus-pour-renforcer-le-transport-public\/377502\/#breadcrumb","itemListElement":[{"@type":"ListItem","position":1,"name":"Accueil","item":"https:\/\/www.webdo.tn\/fr\/"},{"@type":"ListItem","position":2,"name":"Des Tunisiens de Suisse offrent 200 bus pour renforcer le transport public"}]},{"@type":"WebSite","@id":"https:\/\/www.webdo.tn\/fr\/#website","url":"https:\/\/www.webdo.tn\/fr\/","name":"webdo","description":"Tunisie - News en Tunisie et \u00e0 l&#039;international sur Webdo.tn","publisher":{"@id":"https:\/\/www.webdo.tn\/fr\/#organization"},"potentialAction":[{"@type":"SearchAction","target":{"@type":"EntryPoint","urlTemplate":"https:\/\/www.webdo.tn\/fr\/?s={search_term_string}"},"query-input":{"@type":"PropertyValueSpecification","valueRequired":true,"valueName":"search_term_string"}}],"inLanguage":"fr-FR"},{"@type":"Organization","@id":"https:\/\/www.webdo.tn\/fr\/#organization","name":"Webdo","alternateName":"Webdo.tn","url":"https:\/\/www.webdo.tn\/fr\/","logo":{"@type":"ImageObject","inLanguage":"fr-FR","@id":"https:\/\/www.webdo.tn\/fr\/#\/schema\/logo\/image\/","url":"https:\/\/www.webdo.tn\/fr\/wp-content\/uploads\/2025\/06\/Webdo-Tunisie_168377.jpg","contentUrl":"https:\/\/www.webdo.tn\/fr\/wp-content\/uploads\/2025\/06\/Webdo-Tunisie_168377.jpg","width":301,"height":301,"caption":"Webdo"},"image":{"@id":"https:\/\/www.webdo.tn\/fr\/#\/schema\/logo\/image\/"},"sameAs":["https:\/\/www.facebook.com\/webdotn","https:\/\/x.com\/webdo_tn"],"description":"Webdo est un m\u00e9dia num\u00e9rique tunisien fond\u00e9 en 2010, sp\u00e9cialis\u00e9 dans l\u2019actualit\u00e9 nationale et internationale, l\u2019\u00e9conomie, la soci\u00e9t\u00e9 et les analyses politiques. Le site s\u2019adresse \u00e0 un large public francophone et couvre l\u2019information tunisienne en temps r\u00e9el.","email":"redac@webdo.tn","legalName":"YNJ SARL","foundingDate":"2010-09-06","numberOfEmployees":{"@type":"QuantitativeValue","minValue":"11","maxValue":"50"}},{"@type":"Person","@id":"https:\/\/www.webdo.tn\/fr\/#\/schema\/person\/16a4857e77dfc0b610c4c2cadffc9ac4","name":"Mohamed Fethi","image":{"@type":"ImageObject","inLanguage":"fr-FR","@id":"https:\/\/www.webdo.tn\/fr\/wp-content\/uploads\/2026\/04\/mohamed-fethi_avatar_1-96x96.jpg","url":"https:\/\/www.webdo.tn\/fr\/wp-content\/uploads\/2026\/04\/mohamed-fethi_avatar_1-96x96.jpg","contentUrl":"https:\/\/www.webdo.tn\/fr\/wp-content\/uploads\/2026\/04\/mohamed-fethi_avatar_1-96x96.jpg","caption":"Mohamed Fethi"},"description":"Signature \u00e9ditoriale de Maher Chaabane Mohamed Fethi est le pseudonyme \u00e9ditorial de Maher Chaabane, r\u00e9dacteur en chef de Webdo.tn depuis 2012. Cette signature est d\u00e9di\u00e9e au traitement intensif de l'actualit\u00e9 nationale et internationale en temps r\u00e9el. S'appuyant sur les deux d\u00e9cennies d'expertise journalistique de Maher Chaabane \u2014 d\u00e9but\u00e9e au sein du groupe Tunis Hebdo en 2000 \u2014 Mohamed Fethi assure une veille rigoureuse sur les enjeux politiques, \u00e9conomiques et sportifs. Sa mission est de garantir une information structur\u00e9e, fluide et fid\u00e8le aux standards de la r\u00e9daction. Pour consulter le parcours complet du r\u00e9dacteur en chef, visitez le profil officiel de Maher Chaabane.","knowsAbout":["actualit\u00e9","journalisme","information","politique","sport","m\u00e9dias","actualit\u00e9 internationale"],"knowsLanguage":["Fran\u00e7ais","Arabe"],"jobTitle":"Journaliste \u2013 R\u00e9daction Webdo","worksFor":"Webdo.tn","url":"https:\/\/www.webdo.tn\/fr\/actualite\/author\/mohamed-fethi\/"}]}},"_links":{"self":[{"href":"https:\/\/www.webdo.tn\/fr\/wp-json\/wp\/v2\/posts\/377502","targetHints":{"allow":["GET"]}}],"collection":[{"href":"https:\/\/www.webdo.tn\/fr\/wp-json\/wp\/v2\/posts"}],"about":[{"href":"https:\/\/www.webdo.tn\/fr\/wp-json\/wp\/v2\/types\/post"}],"author":[{"embeddable":true,"href":"https:\/\/www.webdo.tn\/fr\/wp-json\/wp\/v2\/users\/4782"}],"replies":[{"embeddable":true,"href":"https:\/\/www.webdo.tn\/fr\/wp-json\/wp\/v2\/comments?post=377502"}],"version-history":[{"count":0,"href":"https:\/\/www.webdo.tn\/fr\/wp-json\/wp\/v2\/posts\/377502\/revisions"}],"wp:featuredmedia":[{"embeddable":true,"href":"https:\/\/www.webdo.tn\/fr\/wp-json\/wp\/v2\/media\/377506"}],"wp:attachment":[{"href":"https:\/\/www.webdo.tn\/fr\/wp-json\/wp\/v2\/media?parent=377502"}],"wp:term":[{"taxonomy":"category","embeddable":true,"href":"https:\/\/www.webdo.tn\/fr\/wp-json\/wp\/v2\/categories?post=377502"},{"taxonomy":"post_tag","embeddable":true,"href":"https:\/\/www.webdo.tn\/fr\/wp-json\/wp\/v2\/tags?post=377502"}],"curies":[{"name":"wp","href":"https:\/\/api.w.org\/{rel}","templated":true}]}}