{"id":377490,"date":"2025-06-15T08:39:00","date_gmt":"2025-06-15T07:39:00","guid":{"rendered":"https:\/\/www.webdo.tn\/fr\/?p=377490"},"modified":"2025-06-15T08:39:01","modified_gmt":"2025-06-15T07:39:01","slug":"les-houthis-revendiquent-une-frappe-sur-israel-en-coordination-avec-liran","status":"publish","type":"post","link":"https:\/\/www.webdo.tn\/fr\/actualite\/international\/les-houthis-revendiquent-une-frappe-sur-israel-en-coordination-avec-liran\/377490\/","title":{"rendered":"Les Houthis revendiquent une frappe sur Isra\u00ebl en coordination avec l\u2019Iran"},"content":{"rendered":"\n<p>Pour la premi\u00e8re fois, les rebelles Houthis du Y\u00e9men ont revendiqu\u00e9 publiquement une frappe coordonn\u00e9e avec l\u2019Iran contre Isra\u00ebl, survenue dans la nuit du 13 au 14 juin 2025. Des missiles balistiques, dont des hypersoniques de type \u00ab\u202fPalestine 2\u202f\u00bb, ont vis\u00e9 des sites qualifi\u00e9s de \u00ab\u202fsensibles\u202f\u00bb dans la r\u00e9gion de Jaffa, au centre du pays.<\/p>\n\n\n\n<p>Quelques heures plus t\u00f4t, l\u2019arm\u00e9e isra\u00e9lienne avait annonc\u00e9 que plusieurs projectiles tir\u00e9s vers le centre d\u2019Isra\u00ebl provenaient du territoire y\u00e9m\u00e9nite. Cette information a \u00e9t\u00e9 confirm\u00e9e par les Houthis dans un communiqu\u00e9 diffus\u00e9 par la cha\u00eene Al Masirah.<\/p>\n\n\n\n<p>Le porte-parole militaire houthi, Yehya Sarea, a d\u00e9clar\u00e9 que l\u2019op\u00e9ration avait \u00e9t\u00e9 men\u00e9e en coordination avec l\u2019arm\u00e9e iranienne, dans ce qu\u2019il a qualifi\u00e9 d\u2019\u00ab acte de solidarit\u00e9 avec les peuples palestinien et iranien opprim\u00e9s \u00bb.<\/p>\n\n\n\n<p>Le bilan provisoire des frappes s\u2019\u00e9l\u00e8ve \u00e0 <strong>au moins quatre morts et plusieurs dizaines de bless\u00e9s<\/strong> dans le centre d\u2019Isra\u00ebl. Une pr\u00e9c\u00e9dente s\u00e9rie d\u2019attaques sur le nord du pays avait d\u00e9j\u00e0 fait <strong>quatre morts suppl\u00e9mentaires<\/strong>.<\/p>\n\n\n\n<p>Cette annonce marque un tournant : c\u2019est la premi\u00e8re fois qu\u2019un groupe alli\u00e9 \u00e0 l\u2019Iran reconna\u00eet ouvertement une <strong>coop\u00e9ration militaire directe avec T\u00e9h\u00e9ran<\/strong> dans des frappes contre Isra\u00ebl. Un signal fort, tant pour les alli\u00e9s occidentaux que pour la dissuasion isra\u00e9lienne.<\/p>\n\n\n\n<p>L\u2019\u00c9tat h\u00e9breu n\u2019a pas encore officiellement r\u00e9agi \u00e0 cette revendication, mais les m\u00e9dias isra\u00e9liens \u00e9voquent un renforcement imminent de la d\u00e9fense antimissile dans les zones centrales.<\/p>\n","protected":false},"excerpt":{"rendered":"<p>Pour la premi\u00e8re fois, les rebelles Houthis du Y\u00e9men ont revendiqu\u00e9 publiquement une frappe coordonn\u00e9e avec l\u2019Iran contre Isra\u00ebl, survenue dans la nuit du 13 au 14 juin 2025. Des missiles balistiques, dont des hypersoniques de type \u00ab\u202fPalestine 2\u202f\u00bb, ont vis\u00e9 des sites qualifi\u00e9s de \u00ab\u202fsensibles\u202f\u00bb dans la r\u00e9gion de Jaffa, au centre du pays. [&hellip;]<\/p>\n","protected":false},"author":4779,"featured_media":377492,"comment_status":"open","ping_status":"open","sticky":false,"template":"","format":"standard","meta":{"footnotes":""},"categories":[2598],"tags":[2638,2912,11916,5060],"class_list":["post-377490","post","type-post","status-publish","format-standard","has-post-thumbnail","hentry","category-international","tag-houthis","tag-iran","tag-israel-2","tag-missiles"],"yoast_head":"<!-- This site is optimized with the Yoast SEO Premium plugin v27.5 (Yoast SEO v27.5) - https:\/\/yoast.com\/product\/yoast-seo-premium-wordpress\/ -->\n<title>Les Houthis revendiquent une frappe sur Isra\u00ebl en coordination avec l\u2019Iran - webdo<\/title>\n<meta name=\"description\" content=\"Les Houthis du Y\u00e9men annoncent une frappe coordonn\u00e9e avec l&#039;Iran contre Isra\u00ebl. D\u00e9couvrez les d\u00e9tails de cette op\u00e9ration.\" \/>\n<link rel=\"canonical\" href=\"https:\/\/www.webdo.tn\/fr\/actualite\/international\/les-houthis-revendiquent-une-frappe-sur-israel-en-coordination-avec-liran\/377490\/\" \/>\n<meta property=\"og:locale\" content=\"fr_FR\" \/>\n<meta property=\"og:type\" content=\"article\" \/>\n<meta property=\"og:title\" content=\"Les Houthis revendiquent une frappe sur Isra\u00ebl en coordination avec l\u2019Iran\" \/>\n<meta property=\"og:description\" content=\"Les Houthis du Y\u00e9men annoncent une frappe coordonn\u00e9e avec l&#039;Iran contre Isra\u00ebl. D\u00e9couvrez les d\u00e9tails de cette op\u00e9ration.\" \/>\n<meta property=\"og:url\" content=\"https:\/\/www.webdo.tn\/fr\/actualite\/international\/les-houthis-revendiquent-une-frappe-sur-israel-en-coordination-avec-liran\/377490\/\" \/>\n<meta property=\"og:site_name\" content=\"webdo\" \/>\n<meta property=\"article:publisher\" content=\"https:\/\/www.facebook.com\/webdotn\" \/>\n<meta property=\"article:published_time\" content=\"2025-06-15T07:39:00+00:00\" \/>\n<meta property=\"article:modified_time\" content=\"2025-06-15T07:39:01+00:00\" \/>\n<meta property=\"og:image\" content=\"https:\/\/www.webdo.tn\/fr\/wp-content\/uploads\/2025\/06\/immeubles-tel-aviv.webp\" \/>\n\t<meta property=\"og:image:width\" content=\"770\" \/>\n\t<meta property=\"og:image:height\" content=\"513\" \/>\n\t<meta property=\"og:image:type\" content=\"image\/webp\" \/>\n<meta name=\"author\" content=\"Firas Ben Abdeltif\" \/>\n<meta name=\"twitter:card\" content=\"summary_large_image\" \/>\n<meta name=\"twitter:creator\" content=\"@webdo_tn\" \/>\n<meta name=\"twitter:site\" content=\"@webdo_tn\" \/>\n<meta name=\"twitter:label1\" content=\"\u00c9crit par\" \/>\n\t<meta name=\"twitter:data1\" content=\"Firas Ben Abdeltif\" \/>\n\t<meta name=\"twitter:label2\" content=\"Dur\u00e9e de lecture estim\u00e9e\" \/>\n\t<meta name=\"twitter:data2\" content=\"2 minutes\" \/>\n<script type=\"application\/ld+json\" class=\"yoast-schema-graph\">{\"@context\":\"https:\\\/\\\/schema.org\",\"@graph\":[{\"@type\":\"NewsArticle\",\"@id\":\"https:\\\/\\\/www.webdo.tn\\\/fr\\\/actualite\\\/international\\\/les-houthis-revendiquent-une-frappe-sur-israel-en-coordination-avec-liran\\\/377490\\\/#article\",\"isPartOf\":{\"@id\":\"https:\\\/\\\/www.webdo.tn\\\/fr\\\/actualite\\\/international\\\/les-houthis-revendiquent-une-frappe-sur-israel-en-coordination-avec-liran\\\/377490\\\/\"},\"author\":{\"name\":\"Firas Ben Abdeltif\",\"@id\":\"https:\\\/\\\/www.webdo.tn\\\/fr\\\/#\\\/schema\\\/person\\\/19664196c9bfdcda126f3c27709f7d11\"},\"headline\":\"Les Houthis revendiquent une frappe sur Isra\u00ebl en coordination avec l\u2019Iran\",\"datePublished\":\"2025-06-15T07:39:00+00:00\",\"dateModified\":\"2025-06-15T07:39:01+00:00\",\"mainEntityOfPage\":{\"@id\":\"https:\\\/\\\/www.webdo.tn\\\/fr\\\/actualite\\\/international\\\/les-houthis-revendiquent-une-frappe-sur-israel-en-coordination-avec-liran\\\/377490\\\/\"},\"wordCount\":288,\"commentCount\":0,\"publisher\":{\"@id\":\"https:\\\/\\\/www.webdo.tn\\\/fr\\\/#organization\"},\"image\":{\"@id\":\"https:\\\/\\\/www.webdo.tn\\\/fr\\\/actualite\\\/international\\\/les-houthis-revendiquent-une-frappe-sur-israel-en-coordination-avec-liran\\\/377490\\\/#primaryimage\"},\"thumbnailUrl\":\"https:\\\/\\\/www.webdo.tn\\\/fr\\\/wp-content\\\/uploads\\\/2025\\\/06\\\/immeubles-tel-aviv.webp\",\"keywords\":[\"houthis\",\"Iran\",\"Israel\",\"missiles\"],\"articleSection\":[\"International\"],\"inLanguage\":\"fr-FR\"},{\"@type\":\"WebPage\",\"@id\":\"https:\\\/\\\/www.webdo.tn\\\/fr\\\/actualite\\\/international\\\/les-houthis-revendiquent-une-frappe-sur-israel-en-coordination-avec-liran\\\/377490\\\/\",\"url\":\"https:\\\/\\\/www.webdo.tn\\\/fr\\\/actualite\\\/international\\\/les-houthis-revendiquent-une-frappe-sur-israel-en-coordination-avec-liran\\\/377490\\\/\",\"name\":\"Les Houthis revendiquent une frappe sur Isra\u00ebl en coordination avec l\u2019Iran - webdo\",\"isPartOf\":{\"@id\":\"https:\\\/\\\/www.webdo.tn\\\/fr\\\/#website\"},\"primaryImageOfPage\":{\"@id\":\"https:\\\/\\\/www.webdo.tn\\\/fr\\\/actualite\\\/international\\\/les-houthis-revendiquent-une-frappe-sur-israel-en-coordination-avec-liran\\\/377490\\\/#primaryimage\"},\"image\":{\"@id\":\"https:\\\/\\\/www.webdo.tn\\\/fr\\\/actualite\\\/international\\\/les-houthis-revendiquent-une-frappe-sur-israel-en-coordination-avec-liran\\\/377490\\\/#primaryimage\"},\"thumbnailUrl\":\"https:\\\/\\\/www.webdo.tn\\\/fr\\\/wp-content\\\/uploads\\\/2025\\\/06\\\/immeubles-tel-aviv.webp\",\"datePublished\":\"2025-06-15T07:39:00+00:00\",\"dateModified\":\"2025-06-15T07:39:01+00:00\",\"description\":\"Les Houthis du Y\u00e9men annoncent une frappe coordonn\u00e9e avec l'Iran contre Isra\u00ebl. D\u00e9couvrez les d\u00e9tails de cette op\u00e9ration.\",\"breadcrumb\":{\"@id\":\"https:\\\/\\\/www.webdo.tn\\\/fr\\\/actualite\\\/international\\\/les-houthis-revendiquent-une-frappe-sur-israel-en-coordination-avec-liran\\\/377490\\\/#breadcrumb\"},\"inLanguage\":\"fr-FR\",\"potentialAction\":[{\"@type\":\"ReadAction\",\"target\":[\"https:\\\/\\\/www.webdo.tn\\\/fr\\\/actualite\\\/international\\\/les-houthis-revendiquent-une-frappe-sur-israel-en-coordination-avec-liran\\\/377490\\\/\"]}]},{\"@type\":\"ImageObject\",\"inLanguage\":\"fr-FR\",\"@id\":\"https:\\\/\\\/www.webdo.tn\\\/fr\\\/actualite\\\/international\\\/les-houthis-revendiquent-une-frappe-sur-israel-en-coordination-avec-liran\\\/377490\\\/#primaryimage\",\"url\":\"https:\\\/\\\/www.webdo.tn\\\/fr\\\/wp-content\\\/uploads\\\/2025\\\/06\\\/immeubles-tel-aviv.webp\",\"contentUrl\":\"https:\\\/\\\/www.webdo.tn\\\/fr\\\/wp-content\\\/uploads\\\/2025\\\/06\\\/immeubles-tel-aviv.webp\",\"width\":770,\"height\":513,\"caption\":\"Les forces de s\u00e9curit\u00e9 isra\u00e9liennes inspectent des b\u00e2timents d\u00e9truits, touch\u00e9s par un missile pr\u00e8s de Tel-Aviv.\"},{\"@type\":\"BreadcrumbList\",\"@id\":\"https:\\\/\\\/www.webdo.tn\\\/fr\\\/actualite\\\/international\\\/les-houthis-revendiquent-une-frappe-sur-israel-en-coordination-avec-liran\\\/377490\\\/#breadcrumb\",\"itemListElement\":[{\"@type\":\"ListItem\",\"position\":1,\"name\":\"Accueil\",\"item\":\"https:\\\/\\\/www.webdo.tn\\\/fr\\\/\"},{\"@type\":\"ListItem\",\"position\":2,\"name\":\"Les Houthis revendiquent une frappe sur Isra\u00ebl en coordination avec l\u2019Iran\"}]},{\"@type\":\"WebSite\",\"@id\":\"https:\\\/\\\/www.webdo.tn\\\/fr\\\/#website\",\"url\":\"https:\\\/\\\/www.webdo.tn\\\/fr\\\/\",\"name\":\"webdo\",\"description\":\"Tunisie - News en Tunisie et \u00e0 l&#039;international sur Webdo.tn\",\"publisher\":{\"@id\":\"https:\\\/\\\/www.webdo.tn\\\/fr\\\/#organization\"},\"potentialAction\":[{\"@type\":\"SearchAction\",\"target\":{\"@type\":\"EntryPoint\",\"urlTemplate\":\"https:\\\/\\\/www.webdo.tn\\\/fr\\\/?s={search_term_string}\"},\"query-input\":{\"@type\":\"PropertyValueSpecification\",\"valueRequired\":true,\"valueName\":\"search_term_string\"}}],\"inLanguage\":\"fr-FR\"},{\"@type\":\"Organization\",\"@id\":\"https:\\\/\\\/www.webdo.tn\\\/fr\\\/#organization\",\"name\":\"Webdo\",\"alternateName\":\"Webdo.tn\",\"url\":\"https:\\\/\\\/www.webdo.tn\\\/fr\\\/\",\"logo\":{\"@type\":\"ImageObject\",\"inLanguage\":\"fr-FR\",\"@id\":\"https:\\\/\\\/www.webdo.tn\\\/fr\\\/#\\\/schema\\\/logo\\\/image\\\/\",\"url\":\"https:\\\/\\\/www.webdo.tn\\\/fr\\\/wp-content\\\/uploads\\\/2025\\\/06\\\/Webdo-Tunisie_168377.jpg\",\"contentUrl\":\"https:\\\/\\\/www.webdo.tn\\\/fr\\\/wp-content\\\/uploads\\\/2025\\\/06\\\/Webdo-Tunisie_168377.jpg\",\"width\":301,\"height\":301,\"caption\":\"Webdo\"},\"image\":{\"@id\":\"https:\\\/\\\/www.webdo.tn\\\/fr\\\/#\\\/schema\\\/logo\\\/image\\\/\"},\"sameAs\":[\"https:\\\/\\\/www.facebook.com\\\/webdotn\",\"https:\\\/\\\/x.com\\\/webdo_tn\"],\"description\":\"Webdo est un m\u00e9dia num\u00e9rique tunisien fond\u00e9 en 2010, sp\u00e9cialis\u00e9 dans l\u2019actualit\u00e9 nationale et internationale, l\u2019\u00e9conomie, la soci\u00e9t\u00e9 et les analyses politiques. Le site s\u2019adresse \u00e0 un large public francophone et couvre l\u2019information tunisienne en temps r\u00e9el.\",\"email\":\"redac@webdo.tn\",\"legalName\":\"YNJ SARL\",\"foundingDate\":\"2010-09-06\",\"numberOfEmployees\":{\"@type\":\"QuantitativeValue\",\"minValue\":\"11\",\"maxValue\":\"50\"}},{\"@type\":\"Person\",\"@id\":\"https:\\\/\\\/www.webdo.tn\\\/fr\\\/#\\\/schema\\\/person\\\/19664196c9bfdcda126f3c27709f7d11\",\"name\":\"Firas Ben Abdeltif\",\"image\":{\"@type\":\"ImageObject\",\"inLanguage\":\"fr-FR\",\"@id\":\"https:\\\/\\\/secure.gravatar.com\\\/avatar\\\/161a347d40df098a084778c52ed133dbd85f14df003867067c5948081241ec55?s=96&d=mm&r=g\",\"url\":\"https:\\\/\\\/secure.gravatar.com\\\/avatar\\\/161a347d40df098a084778c52ed133dbd85f14df003867067c5948081241ec55?s=96&d=mm&r=g\",\"contentUrl\":\"https:\\\/\\\/secure.gravatar.com\\\/avatar\\\/161a347d40df098a084778c52ed133dbd85f14df003867067c5948081241ec55?s=96&d=mm&r=g\",\"caption\":\"Firas Ben Abdeltif\"},\"url\":\"https:\\\/\\\/www.webdo.tn\\\/fr\\\/actualite\\\/author\\\/firas-ben-abdeltif\\\/\"}]}<\/script>\n<!-- \/ Yoast SEO Premium plugin. -->","yoast_head_json":{"title":"Les Houthis revendiquent une frappe sur Isra\u00ebl en coordination avec l\u2019Iran - webdo","description":"Les Houthis du Y\u00e9men annoncent une frappe coordonn\u00e9e avec l'Iran contre Isra\u00ebl. D\u00e9couvrez les d\u00e9tails de cette op\u00e9ration.","canonical":"https:\/\/www.webdo.tn\/fr\/actualite\/international\/les-houthis-revendiquent-une-frappe-sur-israel-en-coordination-avec-liran\/377490\/","og_locale":"fr_FR","og_type":"article","og_title":"Les Houthis revendiquent une frappe sur Isra\u00ebl en coordination avec l\u2019Iran","og_description":"Les Houthis du Y\u00e9men annoncent une frappe coordonn\u00e9e avec l'Iran contre Isra\u00ebl. D\u00e9couvrez les d\u00e9tails de cette op\u00e9ration.","og_url":"https:\/\/www.webdo.tn\/fr\/actualite\/international\/les-houthis-revendiquent-une-frappe-sur-israel-en-coordination-avec-liran\/377490\/","og_site_name":"webdo","article_publisher":"https:\/\/www.facebook.com\/webdotn","article_published_time":"2025-06-15T07:39:00+00:00","article_modified_time":"2025-06-15T07:39:01+00:00","og_image":[{"width":770,"height":513,"url":"https:\/\/www.webdo.tn\/fr\/wp-content\/uploads\/2025\/06\/immeubles-tel-aviv.webp","type":"image\/webp"}],"author":"Firas Ben Abdeltif","twitter_card":"summary_large_image","twitter_creator":"@webdo_tn","twitter_site":"@webdo_tn","twitter_misc":{"\u00c9crit par":"Firas Ben Abdeltif","Dur\u00e9e de lecture estim\u00e9e":"2 minutes"},"schema":{"@context":"https:\/\/schema.org","@graph":[{"@type":"NewsArticle","@id":"https:\/\/www.webdo.tn\/fr\/actualite\/international\/les-houthis-revendiquent-une-frappe-sur-israel-en-coordination-avec-liran\/377490\/#article","isPartOf":{"@id":"https:\/\/www.webdo.tn\/fr\/actualite\/international\/les-houthis-revendiquent-une-frappe-sur-israel-en-coordination-avec-liran\/377490\/"},"author":{"name":"Firas Ben Abdeltif","@id":"https:\/\/www.webdo.tn\/fr\/#\/schema\/person\/19664196c9bfdcda126f3c27709f7d11"},"headline":"Les Houthis revendiquent une frappe sur Isra\u00ebl en coordination avec l\u2019Iran","datePublished":"2025-06-15T07:39:00+00:00","dateModified":"2025-06-15T07:39:01+00:00","mainEntityOfPage":{"@id":"https:\/\/www.webdo.tn\/fr\/actualite\/international\/les-houthis-revendiquent-une-frappe-sur-israel-en-coordination-avec-liran\/377490\/"},"wordCount":288,"commentCount":0,"publisher":{"@id":"https:\/\/www.webdo.tn\/fr\/#organization"},"image":{"@id":"https:\/\/www.webdo.tn\/fr\/actualite\/international\/les-houthis-revendiquent-une-frappe-sur-israel-en-coordination-avec-liran\/377490\/#primaryimage"},"thumbnailUrl":"https:\/\/www.webdo.tn\/fr\/wp-content\/uploads\/2025\/06\/immeubles-tel-aviv.webp","keywords":["houthis","Iran","Israel","missiles"],"articleSection":["International"],"inLanguage":"fr-FR"},{"@type":"WebPage","@id":"https:\/\/www.webdo.tn\/fr\/actualite\/international\/les-houthis-revendiquent-une-frappe-sur-israel-en-coordination-avec-liran\/377490\/","url":"https:\/\/www.webdo.tn\/fr\/actualite\/international\/les-houthis-revendiquent-une-frappe-sur-israel-en-coordination-avec-liran\/377490\/","name":"Les Houthis revendiquent une frappe sur Isra\u00ebl en coordination avec l\u2019Iran - webdo","isPartOf":{"@id":"https:\/\/www.webdo.tn\/fr\/#website"},"primaryImageOfPage":{"@id":"https:\/\/www.webdo.tn\/fr\/actualite\/international\/les-houthis-revendiquent-une-frappe-sur-israel-en-coordination-avec-liran\/377490\/#primaryimage"},"image":{"@id":"https:\/\/www.webdo.tn\/fr\/actualite\/international\/les-houthis-revendiquent-une-frappe-sur-israel-en-coordination-avec-liran\/377490\/#primaryimage"},"thumbnailUrl":"https:\/\/www.webdo.tn\/fr\/wp-content\/uploads\/2025\/06\/immeubles-tel-aviv.webp","datePublished":"2025-06-15T07:39:00+00:00","dateModified":"2025-06-15T07:39:01+00:00","description":"Les Houthis du Y\u00e9men annoncent une frappe coordonn\u00e9e avec l'Iran contre Isra\u00ebl. D\u00e9couvrez les d\u00e9tails de cette op\u00e9ration.","breadcrumb":{"@id":"https:\/\/www.webdo.tn\/fr\/actualite\/international\/les-houthis-revendiquent-une-frappe-sur-israel-en-coordination-avec-liran\/377490\/#breadcrumb"},"inLanguage":"fr-FR","potentialAction":[{"@type":"ReadAction","target":["https:\/\/www.webdo.tn\/fr\/actualite\/international\/les-houthis-revendiquent-une-frappe-sur-israel-en-coordination-avec-liran\/377490\/"]}]},{"@type":"ImageObject","inLanguage":"fr-FR","@id":"https:\/\/www.webdo.tn\/fr\/actualite\/international\/les-houthis-revendiquent-une-frappe-sur-israel-en-coordination-avec-liran\/377490\/#primaryimage","url":"https:\/\/www.webdo.tn\/fr\/wp-content\/uploads\/2025\/06\/immeubles-tel-aviv.webp","contentUrl":"https:\/\/www.webdo.tn\/fr\/wp-content\/uploads\/2025\/06\/immeubles-tel-aviv.webp","width":770,"height":513,"caption":"Les forces de s\u00e9curit\u00e9 isra\u00e9liennes inspectent des b\u00e2timents d\u00e9truits, touch\u00e9s par un missile pr\u00e8s de Tel-Aviv."},{"@type":"BreadcrumbList","@id":"https:\/\/www.webdo.tn\/fr\/actualite\/international\/les-houthis-revendiquent-une-frappe-sur-israel-en-coordination-avec-liran\/377490\/#breadcrumb","itemListElement":[{"@type":"ListItem","position":1,"name":"Accueil","item":"https:\/\/www.webdo.tn\/fr\/"},{"@type":"ListItem","position":2,"name":"Les Houthis revendiquent une frappe sur Isra\u00ebl en coordination avec l\u2019Iran"}]},{"@type":"WebSite","@id":"https:\/\/www.webdo.tn\/fr\/#website","url":"https:\/\/www.webdo.tn\/fr\/","name":"webdo","description":"Tunisie - News en Tunisie et \u00e0 l&#039;international sur Webdo.tn","publisher":{"@id":"https:\/\/www.webdo.tn\/fr\/#organization"},"potentialAction":[{"@type":"SearchAction","target":{"@type":"EntryPoint","urlTemplate":"https:\/\/www.webdo.tn\/fr\/?s={search_term_string}"},"query-input":{"@type":"PropertyValueSpecification","valueRequired":true,"valueName":"search_term_string"}}],"inLanguage":"fr-FR"},{"@type":"Organization","@id":"https:\/\/www.webdo.tn\/fr\/#organization","name":"Webdo","alternateName":"Webdo.tn","url":"https:\/\/www.webdo.tn\/fr\/","logo":{"@type":"ImageObject","inLanguage":"fr-FR","@id":"https:\/\/www.webdo.tn\/fr\/#\/schema\/logo\/image\/","url":"https:\/\/www.webdo.tn\/fr\/wp-content\/uploads\/2025\/06\/Webdo-Tunisie_168377.jpg","contentUrl":"https:\/\/www.webdo.tn\/fr\/wp-content\/uploads\/2025\/06\/Webdo-Tunisie_168377.jpg","width":301,"height":301,"caption":"Webdo"},"image":{"@id":"https:\/\/www.webdo.tn\/fr\/#\/schema\/logo\/image\/"},"sameAs":["https:\/\/www.facebook.com\/webdotn","https:\/\/x.com\/webdo_tn"],"description":"Webdo est un m\u00e9dia num\u00e9rique tunisien fond\u00e9 en 2010, sp\u00e9cialis\u00e9 dans l\u2019actualit\u00e9 nationale et internationale, l\u2019\u00e9conomie, la soci\u00e9t\u00e9 et les analyses politiques. Le site s\u2019adresse \u00e0 un large public francophone et couvre l\u2019information tunisienne en temps r\u00e9el.","email":"redac@webdo.tn","legalName":"YNJ SARL","foundingDate":"2010-09-06","numberOfEmployees":{"@type":"QuantitativeValue","minValue":"11","maxValue":"50"}},{"@type":"Person","@id":"https:\/\/www.webdo.tn\/fr\/#\/schema\/person\/19664196c9bfdcda126f3c27709f7d11","name":"Firas Ben Abdeltif","image":{"@type":"ImageObject","inLanguage":"fr-FR","@id":"https:\/\/secure.gravatar.com\/avatar\/161a347d40df098a084778c52ed133dbd85f14df003867067c5948081241ec55?s=96&d=mm&r=g","url":"https:\/\/secure.gravatar.com\/avatar\/161a347d40df098a084778c52ed133dbd85f14df003867067c5948081241ec55?s=96&d=mm&r=g","contentUrl":"https:\/\/secure.gravatar.com\/avatar\/161a347d40df098a084778c52ed133dbd85f14df003867067c5948081241ec55?s=96&d=mm&r=g","caption":"Firas Ben Abdeltif"},"url":"https:\/\/www.webdo.tn\/fr\/actualite\/author\/firas-ben-abdeltif\/"}]}},"_links":{"self":[{"href":"https:\/\/www.webdo.tn\/fr\/wp-json\/wp\/v2\/posts\/377490","targetHints":{"allow":["GET"]}}],"collection":[{"href":"https:\/\/www.webdo.tn\/fr\/wp-json\/wp\/v2\/posts"}],"about":[{"href":"https:\/\/www.webdo.tn\/fr\/wp-json\/wp\/v2\/types\/post"}],"author":[{"embeddable":true,"href":"https:\/\/www.webdo.tn\/fr\/wp-json\/wp\/v2\/users\/4779"}],"replies":[{"embeddable":true,"href":"https:\/\/www.webdo.tn\/fr\/wp-json\/wp\/v2\/comments?post=377490"}],"version-history":[{"count":0,"href":"https:\/\/www.webdo.tn\/fr\/wp-json\/wp\/v2\/posts\/377490\/revisions"}],"wp:featuredmedia":[{"embeddable":true,"href":"https:\/\/www.webdo.tn\/fr\/wp-json\/wp\/v2\/media\/377492"}],"wp:attachment":[{"href":"https:\/\/www.webdo.tn\/fr\/wp-json\/wp\/v2\/media?parent=377490"}],"wp:term":[{"taxonomy":"category","embeddable":true,"href":"https:\/\/www.webdo.tn\/fr\/wp-json\/wp\/v2\/categories?post=377490"},{"taxonomy":"post_tag","embeddable":true,"href":"https:\/\/www.webdo.tn\/fr\/wp-json\/wp\/v2\/tags?post=377490"}],"curies":[{"name":"wp","href":"https:\/\/api.w.org\/{rel}","templated":true}]}}