{"id":377486,"date":"2025-06-15T08:06:54","date_gmt":"2025-06-15T07:06:54","guid":{"rendered":"https:\/\/www.webdo.tn\/fr\/?p=377486"},"modified":"2025-06-16T08:25:34","modified_gmt":"2025-06-16T07:25:34","slug":"frappe-iranienne-au-moins-10-morts-des-zones-proches-de-tel-aviv-atteintes","status":"publish","type":"post","link":"https:\/\/www.webdo.tn\/fr\/actualite\/international\/frappe-iranienne-au-moins-10-morts-des-zones-proches-de-tel-aviv-atteintes\/377486\/","title":{"rendered":"Frappe iranienne : au moins 10 morts, des zones proches de Tel-Aviv atteintes"},"content":{"rendered":"\n<p>L\u2019escalade entre T\u00e9h\u00e9ran et Tel-Aviv a franchi un nouveau seuil ce matin, 15 juin. En repr\u00e9sailles \u00e0 une s\u00e9rie de frappes isra\u00e9liennes ayant cibl\u00e9 des infrastructures civiles et \u00e9nerg\u00e9tiques en Iran, dont le site p\u00e9trolier de Shahran \u00e0 T\u00e9h\u00e9ran, les forces iraniennes ont lanc\u00e9 plusieurs missiles sur le territoire isra\u00e9lien, provoquant la mort d\u2019au moins dix personnes selon des sources m\u00e9dicales cit\u00e9es par plusieurs m\u00e9dias locaux.<\/p>\n\n\n\n<p>Des missiles ont touch\u00e9 plusieurs r\u00e9gions, notamment les abords de Ha\u00effa et de Tel-Aviv. \u00c0 Bat Yam, au sud de la m\u00e9tropole isra\u00e9lienne, six morts ont \u00e9t\u00e9 confirm\u00e9s, et des dizaines de disparus sont toujours recherch\u00e9s sous les d\u00e9combres.<\/p>\n\n\n\n<p>Le pr\u00e9sident isra\u00e9lien Isaac Herzog a qualifi\u00e9 cette journ\u00e9e de \u00ab terrible \u00bb, d\u00e9non\u00e7ant des \u00ab attaques criminelles de l\u2019Iran \u00bb et appelant \u00e0 l\u2019unit\u00e9 nationale. Il a \u00e9voqu\u00e9 un bilan encore provisoire : au moins huit morts et des dizaines de bless\u00e9s.<\/p>\n\n\n\n<p>C\u00f4t\u00e9 iranien, les chiffres sont bien plus lourds. Selon les m\u00e9dias officiels, les bombardements isra\u00e9liens de ces deux derniers jours auraient fait au moins 80 morts, dont 20 enfants, et pr\u00e8s de 800 bless\u00e9s.<\/p>\n\n\n\n<p>Dans ce climat d\u2019embrasement r\u00e9gional, le pr\u00e9sident am\u00e9ricain Donald Trump a annonc\u00e9 un accord avec son homologue russe Vladimir Poutine pour \u0153uvrer \u00e0 une d\u00e9sescalade. Mais ces appels \u00e0 la retenue peinent \u00e0 convaincre.<\/p>\n\n\n\n<p>En signe de rupture, l\u2019Iran a annonc\u00e9 l\u2019annulation de la sixi\u00e8me session des pourparlers nucl\u00e9aires avec les \u00c9tats-Unis, d\u00e9non\u00e7ant l\u2019\u00ab hypocrisie \u00bb des puissances occidentales face \u00e0 l\u2019agression isra\u00e9lienne.<\/p>\n\n\n\n<p><\/p>\n","protected":false},"excerpt":{"rendered":"<p>L\u2019escalade entre T\u00e9h\u00e9ran et Tel-Aviv a franchi un nouveau seuil ce matin, 15 juin. En repr\u00e9sailles \u00e0 une s\u00e9rie de frappes isra\u00e9liennes ayant cibl\u00e9 des infrastructures civiles et \u00e9nerg\u00e9tiques en Iran, dont le site p\u00e9trolier de Shahran \u00e0 T\u00e9h\u00e9ran, les forces iraniennes ont lanc\u00e9 plusieurs missiles sur le territoire isra\u00e9lien, provoquant la mort d\u2019au moins [&hellip;]<\/p>\n","protected":false},"author":4779,"featured_media":377488,"comment_status":"open","ping_status":"open","sticky":false,"template":"","format":"standard","meta":{"footnotes":""},"categories":[2598],"tags":[2600,2912,2636,5060],"class_list":["post-377486","post","type-post","status-publish","format-standard","has-post-thumbnail","hentry","category-international","tag-guerre","tag-iran","tag-israel","tag-missiles"],"yoast_head":"<!-- This site is optimized with the Yoast SEO Premium plugin v27.5 (Yoast SEO v27.5) - https:\/\/yoast.com\/product\/yoast-seo-premium-wordpress\/ -->\n<title>Frappe iranienne : au moins 10 morts, des zones proches de Tel-Aviv atteintes - webdo<\/title>\n<meta name=\"description\" content=\"D\u00e9couvrez les \u00e9v\u00e9nements tragiques entre T\u00e9h\u00e9ran et Tel-Aviv et Bat Yam, marqu\u00e9s par des frappes isra\u00e9liennes et des missiles iraniens.\" \/>\n<link rel=\"canonical\" href=\"https:\/\/www.webdo.tn\/fr\/actualite\/international\/frappe-iranienne-au-moins-10-morts-des-zones-proches-de-tel-aviv-atteintes\/377486\/\" \/>\n<meta property=\"og:locale\" content=\"fr_FR\" \/>\n<meta property=\"og:type\" content=\"article\" \/>\n<meta property=\"og:title\" content=\"Frappe iranienne : au moins 10 morts, des zones proches de Tel-Aviv atteintes\" \/>\n<meta property=\"og:description\" content=\"D\u00e9couvrez les \u00e9v\u00e9nements tragiques entre T\u00e9h\u00e9ran et Tel-Aviv et Bat Yam, marqu\u00e9s par des frappes isra\u00e9liennes et des missiles iraniens.\" \/>\n<meta property=\"og:url\" content=\"https:\/\/www.webdo.tn\/fr\/actualite\/international\/frappe-iranienne-au-moins-10-morts-des-zones-proches-de-tel-aviv-atteintes\/377486\/\" \/>\n<meta property=\"og:site_name\" content=\"webdo\" \/>\n<meta property=\"article:publisher\" content=\"https:\/\/www.facebook.com\/webdotn\" \/>\n<meta property=\"article:published_time\" content=\"2025-06-15T07:06:54+00:00\" \/>\n<meta property=\"article:modified_time\" content=\"2025-06-16T07:25:34+00:00\" \/>\n<meta property=\"og:image\" content=\"https:\/\/www.webdo.tn\/fr\/wp-content\/uploads\/2025\/06\/Bat-Yam.webp\" \/>\n\t<meta property=\"og:image:width\" content=\"770\" \/>\n\t<meta property=\"og:image:height\" content=\"513\" \/>\n\t<meta property=\"og:image:type\" content=\"image\/webp\" \/>\n<meta name=\"author\" content=\"Firas Ben Abdeltif\" \/>\n<meta name=\"twitter:card\" content=\"summary_large_image\" \/>\n<meta name=\"twitter:creator\" content=\"@webdo_tn\" \/>\n<meta name=\"twitter:site\" content=\"@webdo_tn\" \/>\n<meta name=\"twitter:label1\" content=\"\u00c9crit par\" \/>\n\t<meta name=\"twitter:data1\" content=\"Firas Ben Abdeltif\" \/>\n\t<meta name=\"twitter:label2\" content=\"Dur\u00e9e de lecture estim\u00e9e\" \/>\n\t<meta name=\"twitter:data2\" content=\"2 minutes\" \/>\n<script type=\"application\/ld+json\" class=\"yoast-schema-graph\">{\"@context\":\"https:\\\/\\\/schema.org\",\"@graph\":[{\"@type\":\"NewsArticle\",\"@id\":\"https:\\\/\\\/www.webdo.tn\\\/fr\\\/actualite\\\/international\\\/frappe-iranienne-au-moins-10-morts-des-zones-proches-de-tel-aviv-atteintes\\\/377486\\\/#article\",\"isPartOf\":{\"@id\":\"https:\\\/\\\/www.webdo.tn\\\/fr\\\/actualite\\\/international\\\/frappe-iranienne-au-moins-10-morts-des-zones-proches-de-tel-aviv-atteintes\\\/377486\\\/\"},\"author\":{\"name\":\"Firas Ben Abdeltif\",\"@id\":\"https:\\\/\\\/www.webdo.tn\\\/fr\\\/#\\\/schema\\\/person\\\/19664196c9bfdcda126f3c27709f7d11\"},\"headline\":\"Frappe iranienne : au moins 10 morts, des zones proches de Tel-Aviv atteintes\",\"datePublished\":\"2025-06-15T07:06:54+00:00\",\"dateModified\":\"2025-06-16T07:25:34+00:00\",\"mainEntityOfPage\":{\"@id\":\"https:\\\/\\\/www.webdo.tn\\\/fr\\\/actualite\\\/international\\\/frappe-iranienne-au-moins-10-morts-des-zones-proches-de-tel-aviv-atteintes\\\/377486\\\/\"},\"wordCount\":286,\"commentCount\":0,\"publisher\":{\"@id\":\"https:\\\/\\\/www.webdo.tn\\\/fr\\\/#organization\"},\"image\":{\"@id\":\"https:\\\/\\\/www.webdo.tn\\\/fr\\\/actualite\\\/international\\\/frappe-iranienne-au-moins-10-morts-des-zones-proches-de-tel-aviv-atteintes\\\/377486\\\/#primaryimage\"},\"thumbnailUrl\":\"https:\\\/\\\/www.webdo.tn\\\/fr\\\/wp-content\\\/uploads\\\/2025\\\/06\\\/Bat-Yam.webp\",\"keywords\":[\"guerre\",\"Iran\",\"isra\u00ebl\",\"missiles\"],\"articleSection\":[\"International\"],\"inLanguage\":\"fr-FR\"},{\"@type\":\"WebPage\",\"@id\":\"https:\\\/\\\/www.webdo.tn\\\/fr\\\/actualite\\\/international\\\/frappe-iranienne-au-moins-10-morts-des-zones-proches-de-tel-aviv-atteintes\\\/377486\\\/\",\"url\":\"https:\\\/\\\/www.webdo.tn\\\/fr\\\/actualite\\\/international\\\/frappe-iranienne-au-moins-10-morts-des-zones-proches-de-tel-aviv-atteintes\\\/377486\\\/\",\"name\":\"Frappe iranienne : au moins 10 morts, des zones proches de Tel-Aviv atteintes - webdo\",\"isPartOf\":{\"@id\":\"https:\\\/\\\/www.webdo.tn\\\/fr\\\/#website\"},\"primaryImageOfPage\":{\"@id\":\"https:\\\/\\\/www.webdo.tn\\\/fr\\\/actualite\\\/international\\\/frappe-iranienne-au-moins-10-morts-des-zones-proches-de-tel-aviv-atteintes\\\/377486\\\/#primaryimage\"},\"image\":{\"@id\":\"https:\\\/\\\/www.webdo.tn\\\/fr\\\/actualite\\\/international\\\/frappe-iranienne-au-moins-10-morts-des-zones-proches-de-tel-aviv-atteintes\\\/377486\\\/#primaryimage\"},\"thumbnailUrl\":\"https:\\\/\\\/www.webdo.tn\\\/fr\\\/wp-content\\\/uploads\\\/2025\\\/06\\\/Bat-Yam.webp\",\"datePublished\":\"2025-06-15T07:06:54+00:00\",\"dateModified\":\"2025-06-16T07:25:34+00:00\",\"description\":\"D\u00e9couvrez les \u00e9v\u00e9nements tragiques entre T\u00e9h\u00e9ran et Tel-Aviv et Bat Yam, marqu\u00e9s par des frappes isra\u00e9liennes et des missiles iraniens.\",\"breadcrumb\":{\"@id\":\"https:\\\/\\\/www.webdo.tn\\\/fr\\\/actualite\\\/international\\\/frappe-iranienne-au-moins-10-morts-des-zones-proches-de-tel-aviv-atteintes\\\/377486\\\/#breadcrumb\"},\"inLanguage\":\"fr-FR\",\"potentialAction\":[{\"@type\":\"ReadAction\",\"target\":[\"https:\\\/\\\/www.webdo.tn\\\/fr\\\/actualite\\\/international\\\/frappe-iranienne-au-moins-10-morts-des-zones-proches-de-tel-aviv-atteintes\\\/377486\\\/\"]}]},{\"@type\":\"ImageObject\",\"inLanguage\":\"fr-FR\",\"@id\":\"https:\\\/\\\/www.webdo.tn\\\/fr\\\/actualite\\\/international\\\/frappe-iranienne-au-moins-10-morts-des-zones-proches-de-tel-aviv-atteintes\\\/377486\\\/#primaryimage\",\"url\":\"https:\\\/\\\/www.webdo.tn\\\/fr\\\/wp-content\\\/uploads\\\/2025\\\/06\\\/Bat-Yam.webp\",\"contentUrl\":\"https:\\\/\\\/www.webdo.tn\\\/fr\\\/wp-content\\\/uploads\\\/2025\\\/06\\\/Bat-Yam.webp\",\"width\":770,\"height\":513,\"caption\":\"Des personnes sont port\u00e9es disparues apr\u00e8s une frappe ayant touch\u00e9 la ville de Bat Yam, au sud de Tel-Aviv.\"},{\"@type\":\"BreadcrumbList\",\"@id\":\"https:\\\/\\\/www.webdo.tn\\\/fr\\\/actualite\\\/international\\\/frappe-iranienne-au-moins-10-morts-des-zones-proches-de-tel-aviv-atteintes\\\/377486\\\/#breadcrumb\",\"itemListElement\":[{\"@type\":\"ListItem\",\"position\":1,\"name\":\"Accueil\",\"item\":\"https:\\\/\\\/www.webdo.tn\\\/fr\\\/\"},{\"@type\":\"ListItem\",\"position\":2,\"name\":\"Frappe iranienne : au moins 10 morts, des zones proches de Tel-Aviv atteintes\"}]},{\"@type\":\"WebSite\",\"@id\":\"https:\\\/\\\/www.webdo.tn\\\/fr\\\/#website\",\"url\":\"https:\\\/\\\/www.webdo.tn\\\/fr\\\/\",\"name\":\"webdo\",\"description\":\"Tunisie - News en Tunisie et \u00e0 l&#039;international sur Webdo.tn\",\"publisher\":{\"@id\":\"https:\\\/\\\/www.webdo.tn\\\/fr\\\/#organization\"},\"potentialAction\":[{\"@type\":\"SearchAction\",\"target\":{\"@type\":\"EntryPoint\",\"urlTemplate\":\"https:\\\/\\\/www.webdo.tn\\\/fr\\\/?s={search_term_string}\"},\"query-input\":{\"@type\":\"PropertyValueSpecification\",\"valueRequired\":true,\"valueName\":\"search_term_string\"}}],\"inLanguage\":\"fr-FR\"},{\"@type\":\"Organization\",\"@id\":\"https:\\\/\\\/www.webdo.tn\\\/fr\\\/#organization\",\"name\":\"Webdo\",\"alternateName\":\"Webdo.tn\",\"url\":\"https:\\\/\\\/www.webdo.tn\\\/fr\\\/\",\"logo\":{\"@type\":\"ImageObject\",\"inLanguage\":\"fr-FR\",\"@id\":\"https:\\\/\\\/www.webdo.tn\\\/fr\\\/#\\\/schema\\\/logo\\\/image\\\/\",\"url\":\"https:\\\/\\\/www.webdo.tn\\\/fr\\\/wp-content\\\/uploads\\\/2025\\\/06\\\/Webdo-Tunisie_168377.jpg\",\"contentUrl\":\"https:\\\/\\\/www.webdo.tn\\\/fr\\\/wp-content\\\/uploads\\\/2025\\\/06\\\/Webdo-Tunisie_168377.jpg\",\"width\":301,\"height\":301,\"caption\":\"Webdo\"},\"image\":{\"@id\":\"https:\\\/\\\/www.webdo.tn\\\/fr\\\/#\\\/schema\\\/logo\\\/image\\\/\"},\"sameAs\":[\"https:\\\/\\\/www.facebook.com\\\/webdotn\",\"https:\\\/\\\/x.com\\\/webdo_tn\"],\"description\":\"Webdo est un m\u00e9dia num\u00e9rique tunisien fond\u00e9 en 2010, sp\u00e9cialis\u00e9 dans l\u2019actualit\u00e9 nationale et internationale, l\u2019\u00e9conomie, la soci\u00e9t\u00e9 et les analyses politiques. Le site s\u2019adresse \u00e0 un large public francophone et couvre l\u2019information tunisienne en temps r\u00e9el.\",\"email\":\"redac@webdo.tn\",\"legalName\":\"YNJ SARL\",\"foundingDate\":\"2010-09-06\",\"numberOfEmployees\":{\"@type\":\"QuantitativeValue\",\"minValue\":\"11\",\"maxValue\":\"50\"}},{\"@type\":\"Person\",\"@id\":\"https:\\\/\\\/www.webdo.tn\\\/fr\\\/#\\\/schema\\\/person\\\/19664196c9bfdcda126f3c27709f7d11\",\"name\":\"Firas Ben Abdeltif\",\"image\":{\"@type\":\"ImageObject\",\"inLanguage\":\"fr-FR\",\"@id\":\"https:\\\/\\\/secure.gravatar.com\\\/avatar\\\/161a347d40df098a084778c52ed133dbd85f14df003867067c5948081241ec55?s=96&d=mm&r=g\",\"url\":\"https:\\\/\\\/secure.gravatar.com\\\/avatar\\\/161a347d40df098a084778c52ed133dbd85f14df003867067c5948081241ec55?s=96&d=mm&r=g\",\"contentUrl\":\"https:\\\/\\\/secure.gravatar.com\\\/avatar\\\/161a347d40df098a084778c52ed133dbd85f14df003867067c5948081241ec55?s=96&d=mm&r=g\",\"caption\":\"Firas Ben Abdeltif\"},\"url\":\"https:\\\/\\\/www.webdo.tn\\\/fr\\\/actualite\\\/author\\\/firas-ben-abdeltif\\\/\"}]}<\/script>\n<!-- \/ Yoast SEO Premium plugin. -->","yoast_head_json":{"title":"Frappe iranienne : au moins 10 morts, des zones proches de Tel-Aviv atteintes - webdo","description":"D\u00e9couvrez les \u00e9v\u00e9nements tragiques entre T\u00e9h\u00e9ran et Tel-Aviv et Bat Yam, marqu\u00e9s par des frappes isra\u00e9liennes et des missiles iraniens.","canonical":"https:\/\/www.webdo.tn\/fr\/actualite\/international\/frappe-iranienne-au-moins-10-morts-des-zones-proches-de-tel-aviv-atteintes\/377486\/","og_locale":"fr_FR","og_type":"article","og_title":"Frappe iranienne : au moins 10 morts, des zones proches de Tel-Aviv atteintes","og_description":"D\u00e9couvrez les \u00e9v\u00e9nements tragiques entre T\u00e9h\u00e9ran et Tel-Aviv et Bat Yam, marqu\u00e9s par des frappes isra\u00e9liennes et des missiles iraniens.","og_url":"https:\/\/www.webdo.tn\/fr\/actualite\/international\/frappe-iranienne-au-moins-10-morts-des-zones-proches-de-tel-aviv-atteintes\/377486\/","og_site_name":"webdo","article_publisher":"https:\/\/www.facebook.com\/webdotn","article_published_time":"2025-06-15T07:06:54+00:00","article_modified_time":"2025-06-16T07:25:34+00:00","og_image":[{"width":770,"height":513,"url":"https:\/\/www.webdo.tn\/fr\/wp-content\/uploads\/2025\/06\/Bat-Yam.webp","type":"image\/webp"}],"author":"Firas Ben Abdeltif","twitter_card":"summary_large_image","twitter_creator":"@webdo_tn","twitter_site":"@webdo_tn","twitter_misc":{"\u00c9crit par":"Firas Ben Abdeltif","Dur\u00e9e de lecture estim\u00e9e":"2 minutes"},"schema":{"@context":"https:\/\/schema.org","@graph":[{"@type":"NewsArticle","@id":"https:\/\/www.webdo.tn\/fr\/actualite\/international\/frappe-iranienne-au-moins-10-morts-des-zones-proches-de-tel-aviv-atteintes\/377486\/#article","isPartOf":{"@id":"https:\/\/www.webdo.tn\/fr\/actualite\/international\/frappe-iranienne-au-moins-10-morts-des-zones-proches-de-tel-aviv-atteintes\/377486\/"},"author":{"name":"Firas Ben Abdeltif","@id":"https:\/\/www.webdo.tn\/fr\/#\/schema\/person\/19664196c9bfdcda126f3c27709f7d11"},"headline":"Frappe iranienne : au moins 10 morts, des zones proches de Tel-Aviv atteintes","datePublished":"2025-06-15T07:06:54+00:00","dateModified":"2025-06-16T07:25:34+00:00","mainEntityOfPage":{"@id":"https:\/\/www.webdo.tn\/fr\/actualite\/international\/frappe-iranienne-au-moins-10-morts-des-zones-proches-de-tel-aviv-atteintes\/377486\/"},"wordCount":286,"commentCount":0,"publisher":{"@id":"https:\/\/www.webdo.tn\/fr\/#organization"},"image":{"@id":"https:\/\/www.webdo.tn\/fr\/actualite\/international\/frappe-iranienne-au-moins-10-morts-des-zones-proches-de-tel-aviv-atteintes\/377486\/#primaryimage"},"thumbnailUrl":"https:\/\/www.webdo.tn\/fr\/wp-content\/uploads\/2025\/06\/Bat-Yam.webp","keywords":["guerre","Iran","isra\u00ebl","missiles"],"articleSection":["International"],"inLanguage":"fr-FR"},{"@type":"WebPage","@id":"https:\/\/www.webdo.tn\/fr\/actualite\/international\/frappe-iranienne-au-moins-10-morts-des-zones-proches-de-tel-aviv-atteintes\/377486\/","url":"https:\/\/www.webdo.tn\/fr\/actualite\/international\/frappe-iranienne-au-moins-10-morts-des-zones-proches-de-tel-aviv-atteintes\/377486\/","name":"Frappe iranienne : au moins 10 morts, des zones proches de Tel-Aviv atteintes - webdo","isPartOf":{"@id":"https:\/\/www.webdo.tn\/fr\/#website"},"primaryImageOfPage":{"@id":"https:\/\/www.webdo.tn\/fr\/actualite\/international\/frappe-iranienne-au-moins-10-morts-des-zones-proches-de-tel-aviv-atteintes\/377486\/#primaryimage"},"image":{"@id":"https:\/\/www.webdo.tn\/fr\/actualite\/international\/frappe-iranienne-au-moins-10-morts-des-zones-proches-de-tel-aviv-atteintes\/377486\/#primaryimage"},"thumbnailUrl":"https:\/\/www.webdo.tn\/fr\/wp-content\/uploads\/2025\/06\/Bat-Yam.webp","datePublished":"2025-06-15T07:06:54+00:00","dateModified":"2025-06-16T07:25:34+00:00","description":"D\u00e9couvrez les \u00e9v\u00e9nements tragiques entre T\u00e9h\u00e9ran et Tel-Aviv et Bat Yam, marqu\u00e9s par des frappes isra\u00e9liennes et des missiles iraniens.","breadcrumb":{"@id":"https:\/\/www.webdo.tn\/fr\/actualite\/international\/frappe-iranienne-au-moins-10-morts-des-zones-proches-de-tel-aviv-atteintes\/377486\/#breadcrumb"},"inLanguage":"fr-FR","potentialAction":[{"@type":"ReadAction","target":["https:\/\/www.webdo.tn\/fr\/actualite\/international\/frappe-iranienne-au-moins-10-morts-des-zones-proches-de-tel-aviv-atteintes\/377486\/"]}]},{"@type":"ImageObject","inLanguage":"fr-FR","@id":"https:\/\/www.webdo.tn\/fr\/actualite\/international\/frappe-iranienne-au-moins-10-morts-des-zones-proches-de-tel-aviv-atteintes\/377486\/#primaryimage","url":"https:\/\/www.webdo.tn\/fr\/wp-content\/uploads\/2025\/06\/Bat-Yam.webp","contentUrl":"https:\/\/www.webdo.tn\/fr\/wp-content\/uploads\/2025\/06\/Bat-Yam.webp","width":770,"height":513,"caption":"Des personnes sont port\u00e9es disparues apr\u00e8s une frappe ayant touch\u00e9 la ville de Bat Yam, au sud de Tel-Aviv."},{"@type":"BreadcrumbList","@id":"https:\/\/www.webdo.tn\/fr\/actualite\/international\/frappe-iranienne-au-moins-10-morts-des-zones-proches-de-tel-aviv-atteintes\/377486\/#breadcrumb","itemListElement":[{"@type":"ListItem","position":1,"name":"Accueil","item":"https:\/\/www.webdo.tn\/fr\/"},{"@type":"ListItem","position":2,"name":"Frappe iranienne : au moins 10 morts, des zones proches de Tel-Aviv atteintes"}]},{"@type":"WebSite","@id":"https:\/\/www.webdo.tn\/fr\/#website","url":"https:\/\/www.webdo.tn\/fr\/","name":"webdo","description":"Tunisie - News en Tunisie et \u00e0 l&#039;international sur Webdo.tn","publisher":{"@id":"https:\/\/www.webdo.tn\/fr\/#organization"},"potentialAction":[{"@type":"SearchAction","target":{"@type":"EntryPoint","urlTemplate":"https:\/\/www.webdo.tn\/fr\/?s={search_term_string}"},"query-input":{"@type":"PropertyValueSpecification","valueRequired":true,"valueName":"search_term_string"}}],"inLanguage":"fr-FR"},{"@type":"Organization","@id":"https:\/\/www.webdo.tn\/fr\/#organization","name":"Webdo","alternateName":"Webdo.tn","url":"https:\/\/www.webdo.tn\/fr\/","logo":{"@type":"ImageObject","inLanguage":"fr-FR","@id":"https:\/\/www.webdo.tn\/fr\/#\/schema\/logo\/image\/","url":"https:\/\/www.webdo.tn\/fr\/wp-content\/uploads\/2025\/06\/Webdo-Tunisie_168377.jpg","contentUrl":"https:\/\/www.webdo.tn\/fr\/wp-content\/uploads\/2025\/06\/Webdo-Tunisie_168377.jpg","width":301,"height":301,"caption":"Webdo"},"image":{"@id":"https:\/\/www.webdo.tn\/fr\/#\/schema\/logo\/image\/"},"sameAs":["https:\/\/www.facebook.com\/webdotn","https:\/\/x.com\/webdo_tn"],"description":"Webdo est un m\u00e9dia num\u00e9rique tunisien fond\u00e9 en 2010, sp\u00e9cialis\u00e9 dans l\u2019actualit\u00e9 nationale et internationale, l\u2019\u00e9conomie, la soci\u00e9t\u00e9 et les analyses politiques. Le site s\u2019adresse \u00e0 un large public francophone et couvre l\u2019information tunisienne en temps r\u00e9el.","email":"redac@webdo.tn","legalName":"YNJ SARL","foundingDate":"2010-09-06","numberOfEmployees":{"@type":"QuantitativeValue","minValue":"11","maxValue":"50"}},{"@type":"Person","@id":"https:\/\/www.webdo.tn\/fr\/#\/schema\/person\/19664196c9bfdcda126f3c27709f7d11","name":"Firas Ben Abdeltif","image":{"@type":"ImageObject","inLanguage":"fr-FR","@id":"https:\/\/secure.gravatar.com\/avatar\/161a347d40df098a084778c52ed133dbd85f14df003867067c5948081241ec55?s=96&d=mm&r=g","url":"https:\/\/secure.gravatar.com\/avatar\/161a347d40df098a084778c52ed133dbd85f14df003867067c5948081241ec55?s=96&d=mm&r=g","contentUrl":"https:\/\/secure.gravatar.com\/avatar\/161a347d40df098a084778c52ed133dbd85f14df003867067c5948081241ec55?s=96&d=mm&r=g","caption":"Firas Ben Abdeltif"},"url":"https:\/\/www.webdo.tn\/fr\/actualite\/author\/firas-ben-abdeltif\/"}]}},"_links":{"self":[{"href":"https:\/\/www.webdo.tn\/fr\/wp-json\/wp\/v2\/posts\/377486","targetHints":{"allow":["GET"]}}],"collection":[{"href":"https:\/\/www.webdo.tn\/fr\/wp-json\/wp\/v2\/posts"}],"about":[{"href":"https:\/\/www.webdo.tn\/fr\/wp-json\/wp\/v2\/types\/post"}],"author":[{"embeddable":true,"href":"https:\/\/www.webdo.tn\/fr\/wp-json\/wp\/v2\/users\/4779"}],"replies":[{"embeddable":true,"href":"https:\/\/www.webdo.tn\/fr\/wp-json\/wp\/v2\/comments?post=377486"}],"version-history":[{"count":0,"href":"https:\/\/www.webdo.tn\/fr\/wp-json\/wp\/v2\/posts\/377486\/revisions"}],"wp:featuredmedia":[{"embeddable":true,"href":"https:\/\/www.webdo.tn\/fr\/wp-json\/wp\/v2\/media\/377488"}],"wp:attachment":[{"href":"https:\/\/www.webdo.tn\/fr\/wp-json\/wp\/v2\/media?parent=377486"}],"wp:term":[{"taxonomy":"category","embeddable":true,"href":"https:\/\/www.webdo.tn\/fr\/wp-json\/wp\/v2\/categories?post=377486"},{"taxonomy":"post_tag","embeddable":true,"href":"https:\/\/www.webdo.tn\/fr\/wp-json\/wp\/v2\/tags?post=377486"}],"curies":[{"name":"wp","href":"https:\/\/api.w.org\/{rel}","templated":true}]}}