{"id":377469,"date":"2025-06-14T18:47:31","date_gmt":"2025-06-14T17:47:31","guid":{"rendered":"https:\/\/www.webdo.tn\/fr\/?p=377469"},"modified":"2025-06-16T08:25:14","modified_gmt":"2025-06-16T07:25:14","slug":"la-caravane-soumoud-appels-a-la-fin-du-siege-impose-par-les-autorites-de-lest-libyen","status":"publish","type":"post","link":"https:\/\/www.webdo.tn\/fr\/actualite\/national\/la-caravane-soumoud-appels-a-la-fin-du-siege-impose-par-les-autorites-de-lest-libyen\/377469\/","title":{"rendered":"La caravane Soumoud: appels \u00e0 la fin du si\u00e8ge impos\u00e9 par les autorit\u00e9s de l\u2019Est libyen"},"content":{"rendered":"\n<p>Dans un communiqu\u00e9 publi\u00e9 samedi sur Facebook, la <strong>Caravane Soumoud pour briser le blocus sur Gaza<\/strong> a exhort\u00e9 les autorit\u00e9s de l\u2019Est libyen \u00e0 <strong>cesser le blocus qu\u2019elle qualifie de \u00ab m\u00e9thodique et affameur \u00bb<\/strong>, impos\u00e9 depuis quatre jours contre ses membres stationn\u00e9s pr\u00e8s de Syrte, dans une zone semi-d\u00e9sertique.<\/p>\n\n\n\n<p>La coordination de la caravane d\u00e9nonce une <strong>campagne de harc\u00e8lement<\/strong> : coupure totale des r\u00e9seaux t\u00e9l\u00e9phonique et Internet, <strong>privation d\u2019eau, de nourriture et de soins m\u00e9dicaux<\/strong>, et <strong>arrestation de plusieurs participants<\/strong>, sans assistance juridique ni contact avec leurs proches.<\/p>\n\n\n\n<p>Dans ce message alarmant, la caravane interpelle les <strong>organisations internationales ind\u00e9pendantes<\/strong> et les autorit\u00e9s maghr\u00e9bines, les appelant \u00e0 intervenir sans porter atteinte \u00e0 la souverainet\u00e9 libyenne, pour <strong>garantir la s\u00e9curit\u00e9 des civils et permettre la poursuite du trajet humanitaire<\/strong>.<\/p>\n\n\n\n<p>Elle r\u00e9v\u00e8le que les forces de s\u00e9curit\u00e9 ont <strong>emp\u00each\u00e9 l\u2019acheminement de vivres par des soutiens libyens<\/strong>, ont <strong>bloqu\u00e9 le retour des organisateurs dans le camp<\/strong> et <strong>divis\u00e9 la caravane en trois groupes<\/strong>, isol\u00e9s les uns des autres, parfois \u00e0 des dizaines de kilom\u00e8tres.<\/p>\n\n\n\n<p>La coordination affirme que <strong>quatre blogueurs<\/strong> au moins ont \u00e9t\u00e9 arr\u00eat\u00e9s, accus\u00e9s d\u2019avoir publi\u00e9 des contenus critiques envers les autorit\u00e9s de Benghazi. Des participants disent avoir \u00e9t\u00e9 <strong>menac\u00e9s avec des armes \u00e0 feu<\/strong> pour avoir protest\u00e9 contre ces pratiques.<\/p>\n\n\n\n<p>Alors m\u00eame que des <strong>n\u00e9gociations se poursuivent<\/strong> entre la d\u00e9l\u00e9gation de la caravane et des responsables libyens, en pr\u00e9sence de repr\u00e9sentants de la Tunisie, de l\u2019Alg\u00e9rie et de la Mauritanie, les organisateurs se disent <strong>trahis par la d\u00e9gradation continue de la situation humanitaire<\/strong> dans le camp.<\/p>\n\n\n\n<p>Ils d\u00e9noncent une strat\u00e9gie de pression pour <strong>les forcer \u00e0 accepter des conditions inacceptables impos\u00e9es par les autorit\u00e9s de l\u2019Est libyen et \u00e9gyptien<\/strong>.<\/p>\n\n\n\n<p>Partie de Tunis le 9 juin, la <strong>Caravane Soumoud<\/strong> avait pour objectif de traverser la Libye et l\u2019\u00c9gypte, afin de rejoindre la <strong>bande de Gaza via Rafah<\/strong>, pour d\u00e9noncer le si\u00e8ge impos\u00e9 \u00e0 la population palestinienne et appeler \u00e0 l\u2019arr\u00eat des violences.<\/p>\n","protected":false},"excerpt":{"rendered":"<p>Dans un communiqu\u00e9 publi\u00e9 samedi sur Facebook, la Caravane Soumoud pour briser le blocus sur Gaza a exhort\u00e9 les autorit\u00e9s de l\u2019Est libyen \u00e0 cesser le blocus qu\u2019elle qualifie de \u00ab m\u00e9thodique et affameur \u00bb, impos\u00e9 depuis quatre jours contre ses membres stationn\u00e9s pr\u00e8s de Syrte, dans une zone semi-d\u00e9sertique. La coordination de la caravane [&hellip;]<\/p>\n","protected":false},"author":4779,"featured_media":377471,"comment_status":"open","ping_status":"open","sticky":false,"template":"","format":"standard","meta":{"footnotes":""},"categories":[44],"tags":[2689,3279,11913,2608],"class_list":["post-377469","post","type-post","status-publish","format-standard","has-post-thumbnail","hentry","category-national","tag-gaza","tag-libye","tag-soumoud","tag-tunisie"],"yoast_head":"<!-- This site is optimized with the Yoast SEO Premium plugin v27.5 (Yoast SEO v27.5) - https:\/\/yoast.com\/product\/yoast-seo-premium-wordpress\/ -->\n<title>La caravane Soumoud: appels \u00e0 la fin du si\u00e8ge impos\u00e9 par les autorit\u00e9s de l\u2019Est libyen - webdo<\/title>\n<meta name=\"description\" content=\"La caravane Soumoud appelle \u00e0 mettre fin au blocus impos\u00e9 par les autorit\u00e9s de l&#039;Est libyen pour assurer la s\u00e9curit\u00e9 des civils.\" \/>\n<link rel=\"canonical\" href=\"https:\/\/www.webdo.tn\/fr\/actualite\/national\/la-caravane-soumoud-appels-a-la-fin-du-siege-impose-par-les-autorites-de-lest-libyen\/377469\/\" \/>\n<meta property=\"og:locale\" content=\"fr_FR\" \/>\n<meta property=\"og:type\" content=\"article\" \/>\n<meta property=\"og:title\" content=\"La caravane Soumoud: appels \u00e0 la fin du si\u00e8ge impos\u00e9 par les autorit\u00e9s de l\u2019Est libyen\" \/>\n<meta property=\"og:description\" content=\"La caravane Soumoud appelle \u00e0 mettre fin au blocus impos\u00e9 par les autorit\u00e9s de l&#039;Est libyen pour assurer la s\u00e9curit\u00e9 des civils.\" \/>\n<meta property=\"og:url\" content=\"https:\/\/www.webdo.tn\/fr\/actualite\/national\/la-caravane-soumoud-appels-a-la-fin-du-siege-impose-par-les-autorites-de-lest-libyen\/377469\/\" \/>\n<meta property=\"og:site_name\" content=\"webdo\" \/>\n<meta property=\"article:publisher\" content=\"https:\/\/www.facebook.com\/webdotn\" \/>\n<meta property=\"article:published_time\" content=\"2025-06-14T17:47:31+00:00\" \/>\n<meta property=\"article:modified_time\" content=\"2025-06-16T07:25:14+00:00\" \/>\n<meta property=\"og:image\" content=\"https:\/\/www.webdo.tn\/fr\/wp-content\/uploads\/2025\/06\/caravane-soumoud-libye.png\" \/>\n\t<meta property=\"og:image:width\" content=\"800\" \/>\n\t<meta property=\"og:image:height\" content=\"450\" \/>\n\t<meta property=\"og:image:type\" content=\"image\/png\" \/>\n<meta name=\"author\" content=\"Firas Ben Abdeltif\" \/>\n<meta name=\"twitter:card\" content=\"summary_large_image\" \/>\n<meta name=\"twitter:creator\" content=\"@webdo_tn\" \/>\n<meta name=\"twitter:site\" content=\"@webdo_tn\" \/>\n<meta name=\"twitter:label1\" content=\"\u00c9crit par\" \/>\n\t<meta name=\"twitter:data1\" content=\"Firas Ben Abdeltif\" \/>\n\t<meta name=\"twitter:label2\" content=\"Dur\u00e9e de lecture estim\u00e9e\" \/>\n\t<meta name=\"twitter:data2\" content=\"2 minutes\" \/>\n<script type=\"application\/ld+json\" class=\"yoast-schema-graph\">{\"@context\":\"https:\\\/\\\/schema.org\",\"@graph\":[{\"@type\":\"NewsArticle\",\"@id\":\"https:\\\/\\\/www.webdo.tn\\\/fr\\\/actualite\\\/national\\\/la-caravane-soumoud-appels-a-la-fin-du-siege-impose-par-les-autorites-de-lest-libyen\\\/377469\\\/#article\",\"isPartOf\":{\"@id\":\"https:\\\/\\\/www.webdo.tn\\\/fr\\\/actualite\\\/national\\\/la-caravane-soumoud-appels-a-la-fin-du-siege-impose-par-les-autorites-de-lest-libyen\\\/377469\\\/\"},\"author\":{\"name\":\"Firas Ben Abdeltif\",\"@id\":\"https:\\\/\\\/www.webdo.tn\\\/fr\\\/#\\\/schema\\\/person\\\/19664196c9bfdcda126f3c27709f7d11\"},\"headline\":\"La caravane Soumoud: appels \u00e0 la fin du si\u00e8ge impos\u00e9 par les autorit\u00e9s de l\u2019Est libyen\",\"datePublished\":\"2025-06-14T17:47:31+00:00\",\"dateModified\":\"2025-06-16T07:25:14+00:00\",\"mainEntityOfPage\":{\"@id\":\"https:\\\/\\\/www.webdo.tn\\\/fr\\\/actualite\\\/national\\\/la-caravane-soumoud-appels-a-la-fin-du-siege-impose-par-les-autorites-de-lest-libyen\\\/377469\\\/\"},\"wordCount\":377,\"commentCount\":0,\"publisher\":{\"@id\":\"https:\\\/\\\/www.webdo.tn\\\/fr\\\/#organization\"},\"image\":{\"@id\":\"https:\\\/\\\/www.webdo.tn\\\/fr\\\/actualite\\\/national\\\/la-caravane-soumoud-appels-a-la-fin-du-siege-impose-par-les-autorites-de-lest-libyen\\\/377469\\\/#primaryimage\"},\"thumbnailUrl\":\"https:\\\/\\\/www.webdo.tn\\\/fr\\\/wp-content\\\/uploads\\\/2025\\\/06\\\/caravane-soumoud-libye.png\",\"keywords\":[\"Gaza\",\"Libye\",\"soumoud\",\"Tunisie\"],\"articleSection\":[\"National\"],\"inLanguage\":\"fr-FR\"},{\"@type\":\"WebPage\",\"@id\":\"https:\\\/\\\/www.webdo.tn\\\/fr\\\/actualite\\\/national\\\/la-caravane-soumoud-appels-a-la-fin-du-siege-impose-par-les-autorites-de-lest-libyen\\\/377469\\\/\",\"url\":\"https:\\\/\\\/www.webdo.tn\\\/fr\\\/actualite\\\/national\\\/la-caravane-soumoud-appels-a-la-fin-du-siege-impose-par-les-autorites-de-lest-libyen\\\/377469\\\/\",\"name\":\"La caravane Soumoud: appels \u00e0 la fin du si\u00e8ge impos\u00e9 par les autorit\u00e9s de l\u2019Est libyen - webdo\",\"isPartOf\":{\"@id\":\"https:\\\/\\\/www.webdo.tn\\\/fr\\\/#website\"},\"primaryImageOfPage\":{\"@id\":\"https:\\\/\\\/www.webdo.tn\\\/fr\\\/actualite\\\/national\\\/la-caravane-soumoud-appels-a-la-fin-du-siege-impose-par-les-autorites-de-lest-libyen\\\/377469\\\/#primaryimage\"},\"image\":{\"@id\":\"https:\\\/\\\/www.webdo.tn\\\/fr\\\/actualite\\\/national\\\/la-caravane-soumoud-appels-a-la-fin-du-siege-impose-par-les-autorites-de-lest-libyen\\\/377469\\\/#primaryimage\"},\"thumbnailUrl\":\"https:\\\/\\\/www.webdo.tn\\\/fr\\\/wp-content\\\/uploads\\\/2025\\\/06\\\/caravane-soumoud-libye.png\",\"datePublished\":\"2025-06-14T17:47:31+00:00\",\"dateModified\":\"2025-06-16T07:25:14+00:00\",\"description\":\"La caravane Soumoud appelle \u00e0 mettre fin au blocus impos\u00e9 par les autorit\u00e9s de l'Est libyen pour assurer la s\u00e9curit\u00e9 des civils.\",\"breadcrumb\":{\"@id\":\"https:\\\/\\\/www.webdo.tn\\\/fr\\\/actualite\\\/national\\\/la-caravane-soumoud-appels-a-la-fin-du-siege-impose-par-les-autorites-de-lest-libyen\\\/377469\\\/#breadcrumb\"},\"inLanguage\":\"fr-FR\",\"potentialAction\":[{\"@type\":\"ReadAction\",\"target\":[\"https:\\\/\\\/www.webdo.tn\\\/fr\\\/actualite\\\/national\\\/la-caravane-soumoud-appels-a-la-fin-du-siege-impose-par-les-autorites-de-lest-libyen\\\/377469\\\/\"]}]},{\"@type\":\"ImageObject\",\"inLanguage\":\"fr-FR\",\"@id\":\"https:\\\/\\\/www.webdo.tn\\\/fr\\\/actualite\\\/national\\\/la-caravane-soumoud-appels-a-la-fin-du-siege-impose-par-les-autorites-de-lest-libyen\\\/377469\\\/#primaryimage\",\"url\":\"https:\\\/\\\/www.webdo.tn\\\/fr\\\/wp-content\\\/uploads\\\/2025\\\/06\\\/caravane-soumoud-libye.png\",\"contentUrl\":\"https:\\\/\\\/www.webdo.tn\\\/fr\\\/wp-content\\\/uploads\\\/2025\\\/06\\\/caravane-soumoud-libye.png\",\"width\":800,\"height\":450},{\"@type\":\"BreadcrumbList\",\"@id\":\"https:\\\/\\\/www.webdo.tn\\\/fr\\\/actualite\\\/national\\\/la-caravane-soumoud-appels-a-la-fin-du-siege-impose-par-les-autorites-de-lest-libyen\\\/377469\\\/#breadcrumb\",\"itemListElement\":[{\"@type\":\"ListItem\",\"position\":1,\"name\":\"Accueil\",\"item\":\"https:\\\/\\\/www.webdo.tn\\\/fr\\\/\"},{\"@type\":\"ListItem\",\"position\":2,\"name\":\"La caravane Soumoud: appels \u00e0 la fin du si\u00e8ge impos\u00e9 par les autorit\u00e9s de l\u2019Est libyen\"}]},{\"@type\":\"WebSite\",\"@id\":\"https:\\\/\\\/www.webdo.tn\\\/fr\\\/#website\",\"url\":\"https:\\\/\\\/www.webdo.tn\\\/fr\\\/\",\"name\":\"webdo\",\"description\":\"Tunisie - News en Tunisie et \u00e0 l&#039;international sur Webdo.tn\",\"publisher\":{\"@id\":\"https:\\\/\\\/www.webdo.tn\\\/fr\\\/#organization\"},\"potentialAction\":[{\"@type\":\"SearchAction\",\"target\":{\"@type\":\"EntryPoint\",\"urlTemplate\":\"https:\\\/\\\/www.webdo.tn\\\/fr\\\/?s={search_term_string}\"},\"query-input\":{\"@type\":\"PropertyValueSpecification\",\"valueRequired\":true,\"valueName\":\"search_term_string\"}}],\"inLanguage\":\"fr-FR\"},{\"@type\":\"Organization\",\"@id\":\"https:\\\/\\\/www.webdo.tn\\\/fr\\\/#organization\",\"name\":\"Webdo\",\"alternateName\":\"Webdo.tn\",\"url\":\"https:\\\/\\\/www.webdo.tn\\\/fr\\\/\",\"logo\":{\"@type\":\"ImageObject\",\"inLanguage\":\"fr-FR\",\"@id\":\"https:\\\/\\\/www.webdo.tn\\\/fr\\\/#\\\/schema\\\/logo\\\/image\\\/\",\"url\":\"https:\\\/\\\/www.webdo.tn\\\/fr\\\/wp-content\\\/uploads\\\/2025\\\/06\\\/Webdo-Tunisie_168377.jpg\",\"contentUrl\":\"https:\\\/\\\/www.webdo.tn\\\/fr\\\/wp-content\\\/uploads\\\/2025\\\/06\\\/Webdo-Tunisie_168377.jpg\",\"width\":301,\"height\":301,\"caption\":\"Webdo\"},\"image\":{\"@id\":\"https:\\\/\\\/www.webdo.tn\\\/fr\\\/#\\\/schema\\\/logo\\\/image\\\/\"},\"sameAs\":[\"https:\\\/\\\/www.facebook.com\\\/webdotn\",\"https:\\\/\\\/x.com\\\/webdo_tn\"],\"description\":\"Webdo est un m\u00e9dia num\u00e9rique tunisien fond\u00e9 en 2010, sp\u00e9cialis\u00e9 dans l\u2019actualit\u00e9 nationale et internationale, l\u2019\u00e9conomie, la soci\u00e9t\u00e9 et les analyses politiques. Le site s\u2019adresse \u00e0 un large public francophone et couvre l\u2019information tunisienne en temps r\u00e9el.\",\"email\":\"redac@webdo.tn\",\"legalName\":\"YNJ SARL\",\"foundingDate\":\"2010-09-06\",\"numberOfEmployees\":{\"@type\":\"QuantitativeValue\",\"minValue\":\"11\",\"maxValue\":\"50\"}},{\"@type\":\"Person\",\"@id\":\"https:\\\/\\\/www.webdo.tn\\\/fr\\\/#\\\/schema\\\/person\\\/19664196c9bfdcda126f3c27709f7d11\",\"name\":\"Firas Ben Abdeltif\",\"image\":{\"@type\":\"ImageObject\",\"inLanguage\":\"fr-FR\",\"@id\":\"https:\\\/\\\/secure.gravatar.com\\\/avatar\\\/161a347d40df098a084778c52ed133dbd85f14df003867067c5948081241ec55?s=96&d=mm&r=g\",\"url\":\"https:\\\/\\\/secure.gravatar.com\\\/avatar\\\/161a347d40df098a084778c52ed133dbd85f14df003867067c5948081241ec55?s=96&d=mm&r=g\",\"contentUrl\":\"https:\\\/\\\/secure.gravatar.com\\\/avatar\\\/161a347d40df098a084778c52ed133dbd85f14df003867067c5948081241ec55?s=96&d=mm&r=g\",\"caption\":\"Firas Ben Abdeltif\"},\"url\":\"https:\\\/\\\/www.webdo.tn\\\/fr\\\/actualite\\\/author\\\/firas-ben-abdeltif\\\/\"}]}<\/script>\n<!-- \/ Yoast SEO Premium plugin. -->","yoast_head_json":{"title":"La caravane Soumoud: appels \u00e0 la fin du si\u00e8ge impos\u00e9 par les autorit\u00e9s de l\u2019Est libyen - webdo","description":"La caravane Soumoud appelle \u00e0 mettre fin au blocus impos\u00e9 par les autorit\u00e9s de l'Est libyen pour assurer la s\u00e9curit\u00e9 des civils.","canonical":"https:\/\/www.webdo.tn\/fr\/actualite\/national\/la-caravane-soumoud-appels-a-la-fin-du-siege-impose-par-les-autorites-de-lest-libyen\/377469\/","og_locale":"fr_FR","og_type":"article","og_title":"La caravane Soumoud: appels \u00e0 la fin du si\u00e8ge impos\u00e9 par les autorit\u00e9s de l\u2019Est libyen","og_description":"La caravane Soumoud appelle \u00e0 mettre fin au blocus impos\u00e9 par les autorit\u00e9s de l'Est libyen pour assurer la s\u00e9curit\u00e9 des civils.","og_url":"https:\/\/www.webdo.tn\/fr\/actualite\/national\/la-caravane-soumoud-appels-a-la-fin-du-siege-impose-par-les-autorites-de-lest-libyen\/377469\/","og_site_name":"webdo","article_publisher":"https:\/\/www.facebook.com\/webdotn","article_published_time":"2025-06-14T17:47:31+00:00","article_modified_time":"2025-06-16T07:25:14+00:00","og_image":[{"width":800,"height":450,"url":"https:\/\/www.webdo.tn\/fr\/wp-content\/uploads\/2025\/06\/caravane-soumoud-libye.png","type":"image\/png"}],"author":"Firas Ben Abdeltif","twitter_card":"summary_large_image","twitter_creator":"@webdo_tn","twitter_site":"@webdo_tn","twitter_misc":{"\u00c9crit par":"Firas Ben Abdeltif","Dur\u00e9e de lecture estim\u00e9e":"2 minutes"},"schema":{"@context":"https:\/\/schema.org","@graph":[{"@type":"NewsArticle","@id":"https:\/\/www.webdo.tn\/fr\/actualite\/national\/la-caravane-soumoud-appels-a-la-fin-du-siege-impose-par-les-autorites-de-lest-libyen\/377469\/#article","isPartOf":{"@id":"https:\/\/www.webdo.tn\/fr\/actualite\/national\/la-caravane-soumoud-appels-a-la-fin-du-siege-impose-par-les-autorites-de-lest-libyen\/377469\/"},"author":{"name":"Firas Ben Abdeltif","@id":"https:\/\/www.webdo.tn\/fr\/#\/schema\/person\/19664196c9bfdcda126f3c27709f7d11"},"headline":"La caravane Soumoud: appels \u00e0 la fin du si\u00e8ge impos\u00e9 par les autorit\u00e9s de l\u2019Est libyen","datePublished":"2025-06-14T17:47:31+00:00","dateModified":"2025-06-16T07:25:14+00:00","mainEntityOfPage":{"@id":"https:\/\/www.webdo.tn\/fr\/actualite\/national\/la-caravane-soumoud-appels-a-la-fin-du-siege-impose-par-les-autorites-de-lest-libyen\/377469\/"},"wordCount":377,"commentCount":0,"publisher":{"@id":"https:\/\/www.webdo.tn\/fr\/#organization"},"image":{"@id":"https:\/\/www.webdo.tn\/fr\/actualite\/national\/la-caravane-soumoud-appels-a-la-fin-du-siege-impose-par-les-autorites-de-lest-libyen\/377469\/#primaryimage"},"thumbnailUrl":"https:\/\/www.webdo.tn\/fr\/wp-content\/uploads\/2025\/06\/caravane-soumoud-libye.png","keywords":["Gaza","Libye","soumoud","Tunisie"],"articleSection":["National"],"inLanguage":"fr-FR"},{"@type":"WebPage","@id":"https:\/\/www.webdo.tn\/fr\/actualite\/national\/la-caravane-soumoud-appels-a-la-fin-du-siege-impose-par-les-autorites-de-lest-libyen\/377469\/","url":"https:\/\/www.webdo.tn\/fr\/actualite\/national\/la-caravane-soumoud-appels-a-la-fin-du-siege-impose-par-les-autorites-de-lest-libyen\/377469\/","name":"La caravane Soumoud: appels \u00e0 la fin du si\u00e8ge impos\u00e9 par les autorit\u00e9s de l\u2019Est libyen - webdo","isPartOf":{"@id":"https:\/\/www.webdo.tn\/fr\/#website"},"primaryImageOfPage":{"@id":"https:\/\/www.webdo.tn\/fr\/actualite\/national\/la-caravane-soumoud-appels-a-la-fin-du-siege-impose-par-les-autorites-de-lest-libyen\/377469\/#primaryimage"},"image":{"@id":"https:\/\/www.webdo.tn\/fr\/actualite\/national\/la-caravane-soumoud-appels-a-la-fin-du-siege-impose-par-les-autorites-de-lest-libyen\/377469\/#primaryimage"},"thumbnailUrl":"https:\/\/www.webdo.tn\/fr\/wp-content\/uploads\/2025\/06\/caravane-soumoud-libye.png","datePublished":"2025-06-14T17:47:31+00:00","dateModified":"2025-06-16T07:25:14+00:00","description":"La caravane Soumoud appelle \u00e0 mettre fin au blocus impos\u00e9 par les autorit\u00e9s de l'Est libyen pour assurer la s\u00e9curit\u00e9 des civils.","breadcrumb":{"@id":"https:\/\/www.webdo.tn\/fr\/actualite\/national\/la-caravane-soumoud-appels-a-la-fin-du-siege-impose-par-les-autorites-de-lest-libyen\/377469\/#breadcrumb"},"inLanguage":"fr-FR","potentialAction":[{"@type":"ReadAction","target":["https:\/\/www.webdo.tn\/fr\/actualite\/national\/la-caravane-soumoud-appels-a-la-fin-du-siege-impose-par-les-autorites-de-lest-libyen\/377469\/"]}]},{"@type":"ImageObject","inLanguage":"fr-FR","@id":"https:\/\/www.webdo.tn\/fr\/actualite\/national\/la-caravane-soumoud-appels-a-la-fin-du-siege-impose-par-les-autorites-de-lest-libyen\/377469\/#primaryimage","url":"https:\/\/www.webdo.tn\/fr\/wp-content\/uploads\/2025\/06\/caravane-soumoud-libye.png","contentUrl":"https:\/\/www.webdo.tn\/fr\/wp-content\/uploads\/2025\/06\/caravane-soumoud-libye.png","width":800,"height":450},{"@type":"BreadcrumbList","@id":"https:\/\/www.webdo.tn\/fr\/actualite\/national\/la-caravane-soumoud-appels-a-la-fin-du-siege-impose-par-les-autorites-de-lest-libyen\/377469\/#breadcrumb","itemListElement":[{"@type":"ListItem","position":1,"name":"Accueil","item":"https:\/\/www.webdo.tn\/fr\/"},{"@type":"ListItem","position":2,"name":"La caravane Soumoud: appels \u00e0 la fin du si\u00e8ge impos\u00e9 par les autorit\u00e9s de l\u2019Est libyen"}]},{"@type":"WebSite","@id":"https:\/\/www.webdo.tn\/fr\/#website","url":"https:\/\/www.webdo.tn\/fr\/","name":"webdo","description":"Tunisie - News en Tunisie et \u00e0 l&#039;international sur Webdo.tn","publisher":{"@id":"https:\/\/www.webdo.tn\/fr\/#organization"},"potentialAction":[{"@type":"SearchAction","target":{"@type":"EntryPoint","urlTemplate":"https:\/\/www.webdo.tn\/fr\/?s={search_term_string}"},"query-input":{"@type":"PropertyValueSpecification","valueRequired":true,"valueName":"search_term_string"}}],"inLanguage":"fr-FR"},{"@type":"Organization","@id":"https:\/\/www.webdo.tn\/fr\/#organization","name":"Webdo","alternateName":"Webdo.tn","url":"https:\/\/www.webdo.tn\/fr\/","logo":{"@type":"ImageObject","inLanguage":"fr-FR","@id":"https:\/\/www.webdo.tn\/fr\/#\/schema\/logo\/image\/","url":"https:\/\/www.webdo.tn\/fr\/wp-content\/uploads\/2025\/06\/Webdo-Tunisie_168377.jpg","contentUrl":"https:\/\/www.webdo.tn\/fr\/wp-content\/uploads\/2025\/06\/Webdo-Tunisie_168377.jpg","width":301,"height":301,"caption":"Webdo"},"image":{"@id":"https:\/\/www.webdo.tn\/fr\/#\/schema\/logo\/image\/"},"sameAs":["https:\/\/www.facebook.com\/webdotn","https:\/\/x.com\/webdo_tn"],"description":"Webdo est un m\u00e9dia num\u00e9rique tunisien fond\u00e9 en 2010, sp\u00e9cialis\u00e9 dans l\u2019actualit\u00e9 nationale et internationale, l\u2019\u00e9conomie, la soci\u00e9t\u00e9 et les analyses politiques. Le site s\u2019adresse \u00e0 un large public francophone et couvre l\u2019information tunisienne en temps r\u00e9el.","email":"redac@webdo.tn","legalName":"YNJ SARL","foundingDate":"2010-09-06","numberOfEmployees":{"@type":"QuantitativeValue","minValue":"11","maxValue":"50"}},{"@type":"Person","@id":"https:\/\/www.webdo.tn\/fr\/#\/schema\/person\/19664196c9bfdcda126f3c27709f7d11","name":"Firas Ben Abdeltif","image":{"@type":"ImageObject","inLanguage":"fr-FR","@id":"https:\/\/secure.gravatar.com\/avatar\/161a347d40df098a084778c52ed133dbd85f14df003867067c5948081241ec55?s=96&d=mm&r=g","url":"https:\/\/secure.gravatar.com\/avatar\/161a347d40df098a084778c52ed133dbd85f14df003867067c5948081241ec55?s=96&d=mm&r=g","contentUrl":"https:\/\/secure.gravatar.com\/avatar\/161a347d40df098a084778c52ed133dbd85f14df003867067c5948081241ec55?s=96&d=mm&r=g","caption":"Firas Ben Abdeltif"},"url":"https:\/\/www.webdo.tn\/fr\/actualite\/author\/firas-ben-abdeltif\/"}]}},"_links":{"self":[{"href":"https:\/\/www.webdo.tn\/fr\/wp-json\/wp\/v2\/posts\/377469","targetHints":{"allow":["GET"]}}],"collection":[{"href":"https:\/\/www.webdo.tn\/fr\/wp-json\/wp\/v2\/posts"}],"about":[{"href":"https:\/\/www.webdo.tn\/fr\/wp-json\/wp\/v2\/types\/post"}],"author":[{"embeddable":true,"href":"https:\/\/www.webdo.tn\/fr\/wp-json\/wp\/v2\/users\/4779"}],"replies":[{"embeddable":true,"href":"https:\/\/www.webdo.tn\/fr\/wp-json\/wp\/v2\/comments?post=377469"}],"version-history":[{"count":0,"href":"https:\/\/www.webdo.tn\/fr\/wp-json\/wp\/v2\/posts\/377469\/revisions"}],"wp:featuredmedia":[{"embeddable":true,"href":"https:\/\/www.webdo.tn\/fr\/wp-json\/wp\/v2\/media\/377471"}],"wp:attachment":[{"href":"https:\/\/www.webdo.tn\/fr\/wp-json\/wp\/v2\/media?parent=377469"}],"wp:term":[{"taxonomy":"category","embeddable":true,"href":"https:\/\/www.webdo.tn\/fr\/wp-json\/wp\/v2\/categories?post=377469"},{"taxonomy":"post_tag","embeddable":true,"href":"https:\/\/www.webdo.tn\/fr\/wp-json\/wp\/v2\/tags?post=377469"}],"curies":[{"name":"wp","href":"https:\/\/api.w.org\/{rel}","templated":true}]}}